{"id":1001,"date":"2025-10-27T17:30:43","date_gmt":"2025-10-27T20:30:43","guid":{"rendered":"https:\/\/sudoesteacontece.com.br\/?p=1001"},"modified":"2025-10-27T17:30:44","modified_gmt":"2025-10-27T20:30:44","slug":"expomac-2025-e-lancada-em-macaubas-com-foco-no-empreendedorismo-rural-e-valorizacao-do-campo","status":"publish","type":"post","link":"https:\/\/sudoesteacontece.com.br\/?p=1001","title":{"rendered":"EXPOMAC 2025 \u00e9 Lan\u00e7ada em Maca\u00fabas com Foco no Empreendedorismo Rural e Valoriza\u00e7\u00e3o do Campo"},"content":{"rendered":"\n<figure class=\"wp-block-image size-large\"><img fetchpriority=\"high\" decoding=\"async\" width=\"1024\" height=\"663\" src=\"http:\/\/sudoesteacontece.com.br\/wp-content\/uploads\/2025\/10\/EXPOMAC-2025-e-Lancada-em-Macaubas-com-Foco-no-Empreendedorismo-Rural-e-Valorizacao-do-Campo-sudoeste-acontece-1024x663.jpg\" alt=\"\" class=\"wp-image-1018\" srcset=\"https:\/\/sudoesteacontece.com.br\/wp-content\/uploads\/2025\/10\/EXPOMAC-2025-e-Lancada-em-Macaubas-com-Foco-no-Empreendedorismo-Rural-e-Valorizacao-do-Campo-sudoeste-acontece-1024x663.jpg 1024w, https:\/\/sudoesteacontece.com.br\/wp-content\/uploads\/2025\/10\/EXPOMAC-2025-e-Lancada-em-Macaubas-com-Foco-no-Empreendedorismo-Rural-e-Valorizacao-do-Campo-sudoeste-acontece-300x194.jpg 300w, https:\/\/sudoesteacontece.com.br\/wp-content\/uploads\/2025\/10\/EXPOMAC-2025-e-Lancada-em-Macaubas-com-Foco-no-Empreendedorismo-Rural-e-Valorizacao-do-Campo-sudoeste-acontece-768x497.jpg 768w, https:\/\/sudoesteacontece.com.br\/wp-content\/uploads\/2025\/10\/EXPOMAC-2025-e-Lancada-em-Macaubas-com-Foco-no-Empreendedorismo-Rural-e-Valorizacao-do-Campo-sudoeste-acontece.jpg 1200w\" sizes=\"(max-width: 1024px) 100vw, 1024px\" \/><\/figure>\n\n\n\n<p>A Prefeitura Municipal de Maca\u00fabas, por meio da Secretaria de Agricultura, realizou o lan\u00e7amento oficial da EXPOMAC 2025 na manh\u00e3 desta quarta-feira (22), no Centro Cultural Jos\u00e9 Benedito do Amaral. O evento marcou o in\u00edcio dos preparativos para a maior feira regional de neg\u00f3cios e agricultura familiar, que acontecer\u00e1 em dezembro.<\/p>\n\n\n\n<p>Apesar da import\u00e2ncia do evento, a cerim\u00f4nia teve baixa participa\u00e7\u00e3o do p\u00fablico, com poucas pessoas presentes. No entanto, a organiza\u00e7\u00e3o espera que, nas pr\u00f3ximas etapas, haja um aumento na participa\u00e7\u00e3o da comunidade, produtores e empres\u00e1rios locais.<\/p>\n\n\n\n<p>Durante o lan\u00e7amento, representantes da Secretaria de Agricultura, Secretaria de Administra\u00e7\u00e3o, Sebrae, Banco do Brasil, Banco do Nordeste e Cons\u00f3rcio P\u00fablico da Bacia do Paramirim apresentaram os objetivos da EXPOMAC. A feira busca impulsionar os setores agropecu\u00e1rio e empresarial, al\u00e9m de destacar o turismo e o artesanato da regi\u00e3o.<\/p>\n\n\n\n<p>Roberto J\u00fanior, consultor da feira, enfatizou que a EXPOMAC ser\u00e1 um espa\u00e7o de integra\u00e7\u00e3o, aprendizado e gera\u00e7\u00e3o de neg\u00f3cios. A proposta \u00e9 reunir agricultores familiares, empreendedores e institui\u00e7\u00f5es dedicadas ao desenvolvimento sustent\u00e1vel. O evento se prop\u00f5e tamb\u00e9m a ser uma vitrine para os produtos locais, al\u00e9m de promover capacita\u00e7\u00e3o e inova\u00e7\u00e3o para o campo.<\/p>\n\n\n\n<p>Programa\u00e7\u00e3o da EXPOMAC inclui palestras, minicursos, oficinas e a Feira de Neg\u00f3cios, com foco no fortalecimento da economia local. Atividades culturais e gastron\u00f4micas, que valorizam a culin\u00e1ria e o artesanato de Maca\u00fabas, tamb\u00e9m est\u00e3o previstas.<\/p>\n\n\n\n<p>Embora o lan\u00e7amento tenha contado com uma audi\u00eancia reduzida, a expectativa \u00e9 de que, com mais divulga\u00e7\u00e3o, o evento ganhe maior repercuss\u00e3o e engajamento. A organiza\u00e7\u00e3o refor\u00e7a que a EXPOMAC 2025 representa uma importante oportunidade de neg\u00f3cios e crescimento econ\u00f4mico para o munic\u00edpio e a regi\u00e3o da Bacia do Paramirim.<\/p>\n\n\n\n<p>\u201cA EXPOMAC chega para fortalecer a agricultura familiar e abrir espa\u00e7os para o pequeno empreendedor, o artesanato, o turismo e a inova\u00e7\u00e3o no campo\u201d, afirmou um dos organizadores. O evento vai acontecer 19 a 21 de dezembro, no Curral do Gado, com a previs\u00e3o de atrair produtores rurais, expositores, empres\u00e1rios e institui\u00e7\u00f5es voltadas ao desenvolvimento do interior baiano.<\/p>\n","protected":false},"excerpt":{"rendered":"<p>A Prefeitura Municipal de Maca\u00fabas, por meio da Secretaria de Agricultura, realizou o lan\u00e7amento oficial da EXPOMAC 2025 na manh\u00e3 desta quarta-feira (22), no Centro Cultural Jos\u00e9 Benedito do Amaral. O evento marcou o in\u00edcio dos preparativos para a maior feira regional de neg\u00f3cios e agricultura familiar, que acontecer\u00e1 em dezembro. Apesar da import\u00e2ncia do evento, a cerim\u00f4nia teve baixa participa\u00e7\u00e3o do p\u00fablico, com poucas pessoas presentes. No entanto, a organiza\u00e7\u00e3o espera que, nas pr\u00f3ximas etapas, haja um aumento na participa\u00e7\u00e3o da comunidade, produtores e empres\u00e1rios locais. Durante o lan\u00e7amento, representantes da Secretaria de Agricultura, Secretaria de Administra\u00e7\u00e3o, Sebrae, Banco do Brasil, Banco do Nordeste e Cons\u00f3rcio P\u00fablico da Bacia do Paramirim apresentaram os objetivos da EXPOMAC. A feira busca impulsionar os setores agropecu\u00e1rio e empresarial, al\u00e9m de destacar o turismo e o artesanato da regi\u00e3o. Roberto J\u00fanior, consultor da feira, enfatizou que a EXPOMAC ser\u00e1 um espa\u00e7o de integra\u00e7\u00e3o, aprendizado e gera\u00e7\u00e3o de neg\u00f3cios. A proposta \u00e9 reunir agricultores familiares, empreendedores e institui\u00e7\u00f5es dedicadas ao desenvolvimento sustent\u00e1vel. O evento se prop\u00f5e tamb\u00e9m a ser uma vitrine para os produtos locais, al\u00e9m de promover capacita\u00e7\u00e3o e inova\u00e7\u00e3o para o campo. Programa\u00e7\u00e3o da EXPOMAC inclui palestras, minicursos, oficinas e a Feira de Neg\u00f3cios, com foco no fortalecimento da economia local. Atividades culturais e gastron\u00f4micas, que valorizam a culin\u00e1ria e o artesanato de Maca\u00fabas, tamb\u00e9m est\u00e3o previstas. Embora o lan\u00e7amento tenha contado com uma audi\u00eancia reduzida, a expectativa \u00e9 de que, com mais divulga\u00e7\u00e3o, o evento ganhe maior repercuss\u00e3o e engajamento. A organiza\u00e7\u00e3o refor\u00e7a que a EXPOMAC 2025 representa uma importante oportunidade de neg\u00f3cios e crescimento econ\u00f4mico para o munic\u00edpio e a regi\u00e3o da Bacia do Paramirim. \u201cA EXPOMAC chega para fortalecer a agricultura familiar e abrir espa\u00e7os para o pequeno empreendedor, o artesanato, o turismo e a inova\u00e7\u00e3o no campo\u201d, afirmou um dos organizadores. O evento vai acontecer 19 a 21 de dezembro, no Curral do Gado, com a previs\u00e3o de atrair produtores rurais, expositores, empres\u00e1rios e institui\u00e7\u00f5es voltadas ao desenvolvimento do interior baiano.<\/p>\n","protected":false},"author":2,"featured_media":1018,"comment_status":"open","ping_status":"open","sticky":false,"template":"","format":"standard","meta":{"footnotes":""},"categories":[4,46,6],"tags":[],"class_list":["post-1001","post","type-post","status-publish","format-standard","has-post-thumbnail","hentry","category-cidades","category-macaubas","category-politica"],"yoast_head":"<!-- This site is optimized with the Yoast SEO plugin v26.5 - https:\/\/yoast.com\/wordpress\/plugins\/seo\/ -->\n<title>EXPOMAC 2025 \u00e9 Lan\u00e7ada em Maca\u00fabas com Foco no Empreendedorismo Rural e Valoriza\u00e7\u00e3o do Campo - Sudoesteacontece<\/title>\n<meta name=\"robots\" content=\"index, follow, max-snippet:-1, max-image-preview:large, max-video-preview:-1\" \/>\n<link rel=\"canonical\" href=\"https:\/\/sudoesteacontece.com.br\/?p=1001\" \/>\n<meta property=\"og:locale\" content=\"pt_BR\" \/>\n<meta property=\"og:type\" content=\"article\" \/>\n<meta property=\"og:title\" content=\"EXPOMAC 2025 \u00e9 Lan\u00e7ada em Maca\u00fabas com Foco no Empreendedorismo Rural e Valoriza\u00e7\u00e3o do Campo - Sudoesteacontece\" \/>\n<meta property=\"og:description\" content=\"A Prefeitura Municipal de Maca\u00fabas, por meio da Secretaria de Agricultura, realizou o lan\u00e7amento oficial da EXPOMAC 2025 na manh\u00e3 desta quarta-feira (22), no Centro Cultural Jos\u00e9 Benedito do Amaral. O evento marcou o in\u00edcio dos preparativos para a maior feira regional de neg\u00f3cios e agricultura familiar, que acontecer\u00e1 em dezembro. Apesar da import\u00e2ncia do evento, a cerim\u00f4nia teve baixa participa\u00e7\u00e3o do p\u00fablico, com poucas pessoas presentes. No entanto, a organiza\u00e7\u00e3o espera que, nas pr\u00f3ximas etapas, haja um aumento na participa\u00e7\u00e3o da comunidade, produtores e empres\u00e1rios locais. Durante o lan\u00e7amento, representantes da Secretaria de Agricultura, Secretaria de Administra\u00e7\u00e3o, Sebrae, Banco do Brasil, Banco do Nordeste e Cons\u00f3rcio P\u00fablico da Bacia do Paramirim apresentaram os objetivos da EXPOMAC. A feira busca impulsionar os setores agropecu\u00e1rio e empresarial, al\u00e9m de destacar o turismo e o artesanato da regi\u00e3o. Roberto J\u00fanior, consultor da feira, enfatizou que a EXPOMAC ser\u00e1 um espa\u00e7o de integra\u00e7\u00e3o, aprendizado e gera\u00e7\u00e3o de neg\u00f3cios. A proposta \u00e9 reunir agricultores familiares, empreendedores e institui\u00e7\u00f5es dedicadas ao desenvolvimento sustent\u00e1vel. O evento se prop\u00f5e tamb\u00e9m a ser uma vitrine para os produtos locais, al\u00e9m de promover capacita\u00e7\u00e3o e inova\u00e7\u00e3o para o campo. Programa\u00e7\u00e3o da EXPOMAC inclui palestras, minicursos, oficinas e a Feira de Neg\u00f3cios, com foco no fortalecimento da economia local. Atividades culturais e gastron\u00f4micas, que valorizam a culin\u00e1ria e o artesanato de Maca\u00fabas, tamb\u00e9m est\u00e3o previstas. Embora o lan\u00e7amento tenha contado com uma audi\u00eancia reduzida, a expectativa \u00e9 de que, com mais divulga\u00e7\u00e3o, o evento ganhe maior repercuss\u00e3o e engajamento. A organiza\u00e7\u00e3o refor\u00e7a que a EXPOMAC 2025 representa uma importante oportunidade de neg\u00f3cios e crescimento econ\u00f4mico para o munic\u00edpio e a regi\u00e3o da Bacia do Paramirim. \u201cA EXPOMAC chega para fortalecer a agricultura familiar e abrir espa\u00e7os para o pequeno empreendedor, o artesanato, o turismo e a inova\u00e7\u00e3o no campo\u201d, afirmou um dos organizadores. O evento vai acontecer 19 a 21 de dezembro, no Curral do Gado, com a previs\u00e3o de atrair produtores rurais, expositores, empres\u00e1rios e institui\u00e7\u00f5es voltadas ao desenvolvimento do interior baiano.\" \/>\n<meta property=\"og:url\" content=\"https:\/\/sudoesteacontece.com.br\/?p=1001\" \/>\n<meta property=\"og:site_name\" content=\"Sudoesteacontece\" \/>\n<meta property=\"article:publisher\" content=\"https:\/\/www.facebook.com\/sudoesteacontece\/?locale=pt_BR\" \/>\n<meta property=\"article:published_time\" content=\"2025-10-27T20:30:43+00:00\" \/>\n<meta property=\"article:modified_time\" content=\"2025-10-27T20:30:44+00:00\" \/>\n<meta property=\"og:image\" content=\"https:\/\/sudoesteacontece.com.br\/wp-content\/uploads\/2025\/10\/EXPOMAC-2025-e-Lancada-em-Macaubas-com-Foco-no-Empreendedorismo-Rural-e-Valorizacao-do-Campo-sudoeste-acontece.jpg\" \/>\n\t<meta property=\"og:image:width\" content=\"1200\" \/>\n\t<meta property=\"og:image:height\" content=\"777\" \/>\n\t<meta property=\"og:image:type\" content=\"image\/jpeg\" \/>\n<meta name=\"author\" content=\"Washington Tiago\" \/>\n<meta name=\"twitter:card\" content=\"summary_large_image\" \/>\n<meta name=\"twitter:label1\" content=\"Escrito por\" \/>\n\t<meta name=\"twitter:data1\" content=\"Washington Tiago\" \/>\n\t<meta name=\"twitter:label2\" content=\"Est. tempo de leitura\" \/>\n\t<meta name=\"twitter:data2\" content=\"2 minutos\" \/>\n<script type=\"application\/ld+json\" class=\"yoast-schema-graph\">{\"@context\":\"https:\/\/schema.org\",\"@graph\":[{\"@type\":\"Article\",\"@id\":\"https:\/\/sudoesteacontece.com.br\/?p=1001#article\",\"isPartOf\":{\"@id\":\"https:\/\/sudoesteacontece.com.br\/?p=1001\"},\"author\":{\"name\":\"Washington Tiago\",\"@id\":\"https:\/\/sudoesteacontece.com.br\/#\/schema\/person\/3cf2cf009926a9683ebc29d5379fa79c\"},\"headline\":\"EXPOMAC 2025 \u00e9 Lan\u00e7ada em Maca\u00fabas com Foco no Empreendedorismo Rural e Valoriza\u00e7\u00e3o do Campo\",\"datePublished\":\"2025-10-27T20:30:43+00:00\",\"dateModified\":\"2025-10-27T20:30:44+00:00\",\"mainEntityOfPage\":{\"@id\":\"https:\/\/sudoesteacontece.com.br\/?p=1001\"},\"wordCount\":395,\"commentCount\":0,\"publisher\":{\"@id\":\"https:\/\/sudoesteacontece.com.br\/#organization\"},\"image\":{\"@id\":\"https:\/\/sudoesteacontece.com.br\/?p=1001#primaryimage\"},\"thumbnailUrl\":\"https:\/\/sudoesteacontece.com.br\/wp-content\/uploads\/2025\/10\/EXPOMAC-2025-e-Lancada-em-Macaubas-com-Foco-no-Empreendedorismo-Rural-e-Valorizacao-do-Campo-sudoeste-acontece.jpg\",\"articleSection\":[\"Cidades\",\"Maca\u00fabas\",\"Pol\u00edtica\"],\"inLanguage\":\"pt-BR\",\"potentialAction\":[{\"@type\":\"CommentAction\",\"name\":\"Comment\",\"target\":[\"https:\/\/sudoesteacontece.com.br\/?p=1001#respond\"]}]},{\"@type\":\"WebPage\",\"@id\":\"https:\/\/sudoesteacontece.com.br\/?p=1001\",\"url\":\"https:\/\/sudoesteacontece.com.br\/?p=1001\",\"name\":\"EXPOMAC 2025 \u00e9 Lan\u00e7ada em Maca\u00fabas com Foco no Empreendedorismo Rural e Valoriza\u00e7\u00e3o do Campo - Sudoesteacontece\",\"isPartOf\":{\"@id\":\"https:\/\/sudoesteacontece.com.br\/#website\"},\"primaryImageOfPage\":{\"@id\":\"https:\/\/sudoesteacontece.com.br\/?p=1001#primaryimage\"},\"image\":{\"@id\":\"https:\/\/sudoesteacontece.com.br\/?p=1001#primaryimage\"},\"thumbnailUrl\":\"https:\/\/sudoesteacontece.com.br\/wp-content\/uploads\/2025\/10\/EXPOMAC-2025-e-Lancada-em-Macaubas-com-Foco-no-Empreendedorismo-Rural-e-Valorizacao-do-Campo-sudoeste-acontece.jpg\",\"datePublished\":\"2025-10-27T20:30:43+00:00\",\"dateModified\":\"2025-10-27T20:30:44+00:00\",\"breadcrumb\":{\"@id\":\"https:\/\/sudoesteacontece.com.br\/?p=1001#breadcrumb\"},\"inLanguage\":\"pt-BR\",\"potentialAction\":[{\"@type\":\"ReadAction\",\"target\":[\"https:\/\/sudoesteacontece.com.br\/?p=1001\"]}]},{\"@type\":\"ImageObject\",\"inLanguage\":\"pt-BR\",\"@id\":\"https:\/\/sudoesteacontece.com.br\/?p=1001#primaryimage\",\"url\":\"https:\/\/sudoesteacontece.com.br\/wp-content\/uploads\/2025\/10\/EXPOMAC-2025-e-Lancada-em-Macaubas-com-Foco-no-Empreendedorismo-Rural-e-Valorizacao-do-Campo-sudoeste-acontece.jpg\",\"contentUrl\":\"https:\/\/sudoesteacontece.com.br\/wp-content\/uploads\/2025\/10\/EXPOMAC-2025-e-Lancada-em-Macaubas-com-Foco-no-Empreendedorismo-Rural-e-Valorizacao-do-Campo-sudoeste-acontece.jpg\",\"width\":1200,\"height\":777},{\"@type\":\"BreadcrumbList\",\"@id\":\"https:\/\/sudoesteacontece.com.br\/?p=1001#breadcrumb\",\"itemListElement\":[{\"@type\":\"ListItem\",\"position\":1,\"name\":\"In\u00edcio\",\"item\":\"https:\/\/sudoesteacontece.com.br\/\"},{\"@type\":\"ListItem\",\"position\":2,\"name\":\"EXPOMAC 2025 \u00e9 Lan\u00e7ada em Maca\u00fabas com Foco no Empreendedorismo Rural e Valoriza\u00e7\u00e3o do Campo\"}]},{\"@type\":\"WebSite\",\"@id\":\"https:\/\/sudoesteacontece.com.br\/#website\",\"url\":\"https:\/\/sudoesteacontece.com.br\/\",\"name\":\"Sudoesteacontece\",\"description\":\"\",\"publisher\":{\"@id\":\"https:\/\/sudoesteacontece.com.br\/#organization\"},\"potentialAction\":[{\"@type\":\"SearchAction\",\"target\":{\"@type\":\"EntryPoint\",\"urlTemplate\":\"https:\/\/sudoesteacontece.com.br\/?s={search_term_string}\"},\"query-input\":{\"@type\":\"PropertyValueSpecification\",\"valueRequired\":true,\"valueName\":\"search_term_string\"}}],\"inLanguage\":\"pt-BR\"},{\"@type\":\"Organization\",\"@id\":\"https:\/\/sudoesteacontece.com.br\/#organization\",\"name\":\"Sudoesteacontece\",\"url\":\"https:\/\/sudoesteacontece.com.br\/\",\"logo\":{\"@type\":\"ImageObject\",\"inLanguage\":\"pt-BR\",\"@id\":\"https:\/\/sudoesteacontece.com.br\/#\/schema\/logo\/image\/\",\"url\":\"https:\/\/sudoesteacontece.com.br\/wp-content\/uploads\/2025\/12\/cropped-logo-2-180x180-1.png\",\"contentUrl\":\"https:\/\/sudoesteacontece.com.br\/wp-content\/uploads\/2025\/12\/cropped-logo-2-180x180-1.png\",\"width\":180,\"height\":180,\"caption\":\"Sudoesteacontece\"},\"image\":{\"@id\":\"https:\/\/sudoesteacontece.com.br\/#\/schema\/logo\/image\/\"},\"sameAs\":[\"https:\/\/www.facebook.com\/sudoesteacontece\/?locale=pt_BR\"]},{\"@type\":\"Person\",\"@id\":\"https:\/\/sudoesteacontece.com.br\/#\/schema\/person\/3cf2cf009926a9683ebc29d5379fa79c\",\"name\":\"Washington Tiago\",\"image\":{\"@type\":\"ImageObject\",\"inLanguage\":\"pt-BR\",\"@id\":\"https:\/\/sudoesteacontece.com.br\/#\/schema\/person\/image\/\",\"url\":\"https:\/\/secure.gravatar.com\/avatar\/33c43b8668157e040f9d1fe93c354bf087cbd8ba36270c1163198bd3ddcf2a56?s=96&d=mm&r=g\",\"contentUrl\":\"https:\/\/secure.gravatar.com\/avatar\/33c43b8668157e040f9d1fe93c354bf087cbd8ba36270c1163198bd3ddcf2a56?s=96&d=mm&r=g\",\"caption\":\"Washington Tiago\"},\"url\":\"https:\/\/sudoesteacontece.com.br\/?author=2\"}]}<\/script>\n<!-- \/ Yoast SEO plugin. -->","yoast_head_json":{"title":"EXPOMAC 2025 \u00e9 Lan\u00e7ada em Maca\u00fabas com Foco no Empreendedorismo Rural e Valoriza\u00e7\u00e3o do Campo - Sudoesteacontece","robots":{"index":"index","follow":"follow","max-snippet":"max-snippet:-1","max-image-preview":"max-image-preview:large","max-video-preview":"max-video-preview:-1"},"canonical":"https:\/\/sudoesteacontece.com.br\/?p=1001","og_locale":"pt_BR","og_type":"article","og_title":"EXPOMAC 2025 \u00e9 Lan\u00e7ada em Maca\u00fabas com Foco no Empreendedorismo Rural e Valoriza\u00e7\u00e3o do Campo - Sudoesteacontece","og_description":"A Prefeitura Municipal de Maca\u00fabas, por meio da Secretaria de Agricultura, realizou o lan\u00e7amento oficial da EXPOMAC 2025 na manh\u00e3 desta quarta-feira (22), no Centro Cultural Jos\u00e9 Benedito do Amaral. O evento marcou o in\u00edcio dos preparativos para a maior feira regional de neg\u00f3cios e agricultura familiar, que acontecer\u00e1 em dezembro. Apesar da import\u00e2ncia do evento, a cerim\u00f4nia teve baixa participa\u00e7\u00e3o do p\u00fablico, com poucas pessoas presentes. No entanto, a organiza\u00e7\u00e3o espera que, nas pr\u00f3ximas etapas, haja um aumento na participa\u00e7\u00e3o da comunidade, produtores e empres\u00e1rios locais. Durante o lan\u00e7amento, representantes da Secretaria de Agricultura, Secretaria de Administra\u00e7\u00e3o, Sebrae, Banco do Brasil, Banco do Nordeste e Cons\u00f3rcio P\u00fablico da Bacia do Paramirim apresentaram os objetivos da EXPOMAC. A feira busca impulsionar os setores agropecu\u00e1rio e empresarial, al\u00e9m de destacar o turismo e o artesanato da regi\u00e3o. Roberto J\u00fanior, consultor da feira, enfatizou que a EXPOMAC ser\u00e1 um espa\u00e7o de integra\u00e7\u00e3o, aprendizado e gera\u00e7\u00e3o de neg\u00f3cios. A proposta \u00e9 reunir agricultores familiares, empreendedores e institui\u00e7\u00f5es dedicadas ao desenvolvimento sustent\u00e1vel. O evento se prop\u00f5e tamb\u00e9m a ser uma vitrine para os produtos locais, al\u00e9m de promover capacita\u00e7\u00e3o e inova\u00e7\u00e3o para o campo. Programa\u00e7\u00e3o da EXPOMAC inclui palestras, minicursos, oficinas e a Feira de Neg\u00f3cios, com foco no fortalecimento da economia local. Atividades culturais e gastron\u00f4micas, que valorizam a culin\u00e1ria e o artesanato de Maca\u00fabas, tamb\u00e9m est\u00e3o previstas. Embora o lan\u00e7amento tenha contado com uma audi\u00eancia reduzida, a expectativa \u00e9 de que, com mais divulga\u00e7\u00e3o, o evento ganhe maior repercuss\u00e3o e engajamento. A organiza\u00e7\u00e3o refor\u00e7a que a EXPOMAC 2025 representa uma importante oportunidade de neg\u00f3cios e crescimento econ\u00f4mico para o munic\u00edpio e a regi\u00e3o da Bacia do Paramirim. \u201cA EXPOMAC chega para fortalecer a agricultura familiar e abrir espa\u00e7os para o pequeno empreendedor, o artesanato, o turismo e a inova\u00e7\u00e3o no campo\u201d, afirmou um dos organizadores. O evento vai acontecer 19 a 21 de dezembro, no Curral do Gado, com a previs\u00e3o de atrair produtores rurais, expositores, empres\u00e1rios e institui\u00e7\u00f5es voltadas ao desenvolvimento do interior baiano.","og_url":"https:\/\/sudoesteacontece.com.br\/?p=1001","og_site_name":"Sudoesteacontece","article_publisher":"https:\/\/www.facebook.com\/sudoesteacontece\/?locale=pt_BR","article_published_time":"2025-10-27T20:30:43+00:00","article_modified_time":"2025-10-27T20:30:44+00:00","og_image":[{"width":1200,"height":777,"url":"https:\/\/sudoesteacontece.com.br\/wp-content\/uploads\/2025\/10\/EXPOMAC-2025-e-Lancada-em-Macaubas-com-Foco-no-Empreendedorismo-Rural-e-Valorizacao-do-Campo-sudoeste-acontece.jpg","type":"image\/jpeg"}],"author":"Washington Tiago","twitter_card":"summary_large_image","twitter_misc":{"Escrito por":"Washington Tiago","Est. tempo de leitura":"2 minutos"},"schema":{"@context":"https:\/\/schema.org","@graph":[{"@type":"Article","@id":"https:\/\/sudoesteacontece.com.br\/?p=1001#article","isPartOf":{"@id":"https:\/\/sudoesteacontece.com.br\/?p=1001"},"author":{"name":"Washington Tiago","@id":"https:\/\/sudoesteacontece.com.br\/#\/schema\/person\/3cf2cf009926a9683ebc29d5379fa79c"},"headline":"EXPOMAC 2025 \u00e9 Lan\u00e7ada em Maca\u00fabas com Foco no Empreendedorismo Rural e Valoriza\u00e7\u00e3o do Campo","datePublished":"2025-10-27T20:30:43+00:00","dateModified":"2025-10-27T20:30:44+00:00","mainEntityOfPage":{"@id":"https:\/\/sudoesteacontece.com.br\/?p=1001"},"wordCount":395,"commentCount":0,"publisher":{"@id":"https:\/\/sudoesteacontece.com.br\/#organization"},"image":{"@id":"https:\/\/sudoesteacontece.com.br\/?p=1001#primaryimage"},"thumbnailUrl":"https:\/\/sudoesteacontece.com.br\/wp-content\/uploads\/2025\/10\/EXPOMAC-2025-e-Lancada-em-Macaubas-com-Foco-no-Empreendedorismo-Rural-e-Valorizacao-do-Campo-sudoeste-acontece.jpg","articleSection":["Cidades","Maca\u00fabas","Pol\u00edtica"],"inLanguage":"pt-BR","potentialAction":[{"@type":"CommentAction","name":"Comment","target":["https:\/\/sudoesteacontece.com.br\/?p=1001#respond"]}]},{"@type":"WebPage","@id":"https:\/\/sudoesteacontece.com.br\/?p=1001","url":"https:\/\/sudoesteacontece.com.br\/?p=1001","name":"EXPOMAC 2025 \u00e9 Lan\u00e7ada em Maca\u00fabas com Foco no Empreendedorismo Rural e Valoriza\u00e7\u00e3o do Campo - Sudoesteacontece","isPartOf":{"@id":"https:\/\/sudoesteacontece.com.br\/#website"},"primaryImageOfPage":{"@id":"https:\/\/sudoesteacontece.com.br\/?p=1001#primaryimage"},"image":{"@id":"https:\/\/sudoesteacontece.com.br\/?p=1001#primaryimage"},"thumbnailUrl":"https:\/\/sudoesteacontece.com.br\/wp-content\/uploads\/2025\/10\/EXPOMAC-2025-e-Lancada-em-Macaubas-com-Foco-no-Empreendedorismo-Rural-e-Valorizacao-do-Campo-sudoeste-acontece.jpg","datePublished":"2025-10-27T20:30:43+00:00","dateModified":"2025-10-27T20:30:44+00:00","breadcrumb":{"@id":"https:\/\/sudoesteacontece.com.br\/?p=1001#breadcrumb"},"inLanguage":"pt-BR","potentialAction":[{"@type":"ReadAction","target":["https:\/\/sudoesteacontece.com.br\/?p=1001"]}]},{"@type":"ImageObject","inLanguage":"pt-BR","@id":"https:\/\/sudoesteacontece.com.br\/?p=1001#primaryimage","url":"https:\/\/sudoesteacontece.com.br\/wp-content\/uploads\/2025\/10\/EXPOMAC-2025-e-Lancada-em-Macaubas-com-Foco-no-Empreendedorismo-Rural-e-Valorizacao-do-Campo-sudoeste-acontece.jpg","contentUrl":"https:\/\/sudoesteacontece.com.br\/wp-content\/uploads\/2025\/10\/EXPOMAC-2025-e-Lancada-em-Macaubas-com-Foco-no-Empreendedorismo-Rural-e-Valorizacao-do-Campo-sudoeste-acontece.jpg","width":1200,"height":777},{"@type":"BreadcrumbList","@id":"https:\/\/sudoesteacontece.com.br\/?p=1001#breadcrumb","itemListElement":[{"@type":"ListItem","position":1,"name":"In\u00edcio","item":"https:\/\/sudoesteacontece.com.br\/"},{"@type":"ListItem","position":2,"name":"EXPOMAC 2025 \u00e9 Lan\u00e7ada em Maca\u00fabas com Foco no Empreendedorismo Rural e Valoriza\u00e7\u00e3o do Campo"}]},{"@type":"WebSite","@id":"https:\/\/sudoesteacontece.com.br\/#website","url":"https:\/\/sudoesteacontece.com.br\/","name":"Sudoesteacontece","description":"","publisher":{"@id":"https:\/\/sudoesteacontece.com.br\/#organization"},"potentialAction":[{"@type":"SearchAction","target":{"@type":"EntryPoint","urlTemplate":"https:\/\/sudoesteacontece.com.br\/?s={search_term_string}"},"query-input":{"@type":"PropertyValueSpecification","valueRequired":true,"valueName":"search_term_string"}}],"inLanguage":"pt-BR"},{"@type":"Organization","@id":"https:\/\/sudoesteacontece.com.br\/#organization","name":"Sudoesteacontece","url":"https:\/\/sudoesteacontece.com.br\/","logo":{"@type":"ImageObject","inLanguage":"pt-BR","@id":"https:\/\/sudoesteacontece.com.br\/#\/schema\/logo\/image\/","url":"https:\/\/sudoesteacontece.com.br\/wp-content\/uploads\/2025\/12\/cropped-logo-2-180x180-1.png","contentUrl":"https:\/\/sudoesteacontece.com.br\/wp-content\/uploads\/2025\/12\/cropped-logo-2-180x180-1.png","width":180,"height":180,"caption":"Sudoesteacontece"},"image":{"@id":"https:\/\/sudoesteacontece.com.br\/#\/schema\/logo\/image\/"},"sameAs":["https:\/\/www.facebook.com\/sudoesteacontece\/?locale=pt_BR"]},{"@type":"Person","@id":"https:\/\/sudoesteacontece.com.br\/#\/schema\/person\/3cf2cf009926a9683ebc29d5379fa79c","name":"Washington Tiago","image":{"@type":"ImageObject","inLanguage":"pt-BR","@id":"https:\/\/sudoesteacontece.com.br\/#\/schema\/person\/image\/","url":"https:\/\/secure.gravatar.com\/avatar\/33c43b8668157e040f9d1fe93c354bf087cbd8ba36270c1163198bd3ddcf2a56?s=96&d=mm&r=g","contentUrl":"https:\/\/secure.gravatar.com\/avatar\/33c43b8668157e040f9d1fe93c354bf087cbd8ba36270c1163198bd3ddcf2a56?s=96&d=mm&r=g","caption":"Washington Tiago"},"url":"https:\/\/sudoesteacontece.com.br\/?author=2"}]}},"_links":{"self":[{"href":"https:\/\/sudoesteacontece.com.br\/index.php?rest_route=\/wp\/v2\/posts\/1001","targetHints":{"allow":["GET"]}}],"collection":[{"href":"https:\/\/sudoesteacontece.com.br\/index.php?rest_route=\/wp\/v2\/posts"}],"about":[{"href":"https:\/\/sudoesteacontece.com.br\/index.php?rest_route=\/wp\/v2\/types\/post"}],"author":[{"embeddable":true,"href":"https:\/\/sudoesteacontece.com.br\/index.php?rest_route=\/wp\/v2\/users\/2"}],"replies":[{"embeddable":true,"href":"https:\/\/sudoesteacontece.com.br\/index.php?rest_route=%2Fwp%2Fv2%2Fcomments&post=1001"}],"version-history":[{"count":0,"href":"https:\/\/sudoesteacontece.com.br\/index.php?rest_route=\/wp\/v2\/posts\/1001\/revisions"}],"wp:featuredmedia":[{"embeddable":true,"href":"https:\/\/sudoesteacontece.com.br\/index.php?rest_route=\/wp\/v2\/media\/1018"}],"wp:attachment":[{"href":"https:\/\/sudoesteacontece.com.br\/index.php?rest_route=%2Fwp%2Fv2%2Fmedia&parent=1001"}],"wp:term":[{"taxonomy":"category","embeddable":true,"href":"https:\/\/sudoesteacontece.com.br\/index.php?rest_route=%2Fwp%2Fv2%2Fcategories&post=1001"},{"taxonomy":"post_tag","embeddable":true,"href":"https:\/\/sudoesteacontece.com.br\/index.php?rest_route=%2Fwp%2Fv2%2Ftags&post=1001"}],"curies":[{"name":"wp","href":"https:\/\/api.w.org\/{rel}","templated":true}]}}