{"id":10045,"date":"2026-03-12T10:43:30","date_gmt":"2026-03-12T13:43:30","guid":{"rendered":"https:\/\/sudoesteacontece.com.br\/?p=10045"},"modified":"2026-03-12T10:43:35","modified_gmt":"2026-03-12T13:43:35","slug":"rui-costa-dispara-e-lidera-intencoes-de-voto-ao-senado-na-bahia-wagner-e-coronel-seguem-empatados","status":"publish","type":"post","link":"https:\/\/sudoesteacontece.com.br\/?p=10045","title":{"rendered":"Rui Costa dispara e lidera inten\u00e7\u00f5es de voto ao Senado na Bahia; Wagner e Coronel seguem empatados"},"content":{"rendered":"\n<figure class=\"wp-block-image size-large\"><img fetchpriority=\"high\" decoding=\"async\" width=\"1024\" height=\"578\" src=\"http:\/\/sudoesteacontece.com.br\/wp-content\/uploads\/2026\/03\/Rui-Costa-dispara-e-lidera-intencoes-de-voto-ao-Senado-na-Bahia-Wagner-e-Coronel-seguem-empatados-1024x578.jpg\" alt=\"\" class=\"wp-image-10058\" srcset=\"https:\/\/sudoesteacontece.com.br\/wp-content\/uploads\/2026\/03\/Rui-Costa-dispara-e-lidera-intencoes-de-voto-ao-Senado-na-Bahia-Wagner-e-Coronel-seguem-empatados-1024x578.jpg 1024w, https:\/\/sudoesteacontece.com.br\/wp-content\/uploads\/2026\/03\/Rui-Costa-dispara-e-lidera-intencoes-de-voto-ao-Senado-na-Bahia-Wagner-e-Coronel-seguem-empatados-300x169.jpg 300w, https:\/\/sudoesteacontece.com.br\/wp-content\/uploads\/2026\/03\/Rui-Costa-dispara-e-lidera-intencoes-de-voto-ao-Senado-na-Bahia-Wagner-e-Coronel-seguem-empatados-768x434.jpg 768w, https:\/\/sudoesteacontece.com.br\/wp-content\/uploads\/2026\/03\/Rui-Costa-dispara-e-lidera-intencoes-de-voto-ao-Senado-na-Bahia-Wagner-e-Coronel-seguem-empatados.jpg 1360w\" sizes=\"(max-width: 1024px) 100vw, 1024px\" \/><\/figure>\n\n\n\n<p>Pesquisa do instituto Real Time Big Data revelou nesta quinta-feira (12) que o ministro da Casa Civil, Rui Costa (PT), disparou nas inten\u00e7\u00f5es de voto para o Senado na Bahia. Cen\u00e1rios estimulados mostram o petista \u00e0 frente, enquanto os senadores Jaques Wagner (PT) e Angelo Coronel (sem partido) aparecem tecnicamente empatados na segunda posi\u00e7\u00e3o.<\/p>\n\n\n\n<p>Resultados indicam que, no primeiro cen\u00e1rio, Rui Costa atinge 27% das inten\u00e7\u00f5es de voto, seguido por Wagner com 21% e Coronel com 18%. Jo\u00e3o Roma (PL) aparece em quarto com 14%, enquanto 11% dos eleitores declararam voto nulo ou em branco e 9% n\u00e3o souberam ou n\u00e3o responderam, refor\u00e7ando a vantagem do petista entre os baianos.<\/p>\n\n\n\n<p>No segundo cen\u00e1rio, sem a participa\u00e7\u00e3o de Jo\u00e3o Roma e com Aroldo Cedraz (Sem Partido) na disputa, Rui Costa mant\u00e9m lideran\u00e7a com 26%. Wagner aparece com 20%, Coronel com 19% e Cedraz com 11%. O \u00edndice de votos nulos ou em branco sobe para 12%, assim como os eleitores que n\u00e3o souberam ou n\u00e3o responderam, mantendo o equil\u00edbrio entre os concorrentes da segunda coloca\u00e7\u00e3o.<\/p>\n\n\n\n<p>Levantamento ouviu 2.000 eleitores entre 10 e 11 de mar\u00e7o. A pesquisa tem grau de confian\u00e7a de 95% e margem de erro de 2 pontos percentuais para mais ou para menos. Registro no Tribunal Superior Eleitoral (TSE) consta sob o n\u00famero BA-08855\/2026, garantindo a validade estat\u00edstica do levantamento.<\/p>\n\n\n\n<p>Empate t\u00e9cnico entre Wagner e Coronel refor\u00e7a cen\u00e1rio competitivo na disputa pela segunda vaga ao Senado. Estrat\u00e9gias de campanha devem ser intensificadas nas pr\u00f3ximas semanas, considerando que indecisos e votos nulos podem ser determinantes para definir a composi\u00e7\u00e3o final do pleito baiano em 2026.<\/p>\n","protected":false},"excerpt":{"rendered":"<p>Pesquisa do instituto Real Time Big Data revelou nesta quinta-feira (12) que o ministro da Casa Civil, Rui Costa (PT), disparou nas inten\u00e7\u00f5es de voto para o Senado na Bahia. Cen\u00e1rios estimulados mostram o petista \u00e0 frente, enquanto os senadores Jaques Wagner (PT) e Angelo Coronel (sem partido) aparecem tecnicamente empatados na segunda posi\u00e7\u00e3o. Resultados indicam que, no primeiro cen\u00e1rio, Rui Costa atinge 27% das inten\u00e7\u00f5es de voto, seguido por Wagner com 21% e Coronel com 18%. Jo\u00e3o Roma (PL) aparece em quarto com 14%, enquanto 11% dos eleitores declararam voto nulo ou em branco e 9% n\u00e3o souberam ou n\u00e3o responderam, refor\u00e7ando a vantagem do petista entre os baianos. No segundo cen\u00e1rio, sem a participa\u00e7\u00e3o de Jo\u00e3o Roma e com Aroldo Cedraz (Sem Partido) na disputa, Rui Costa mant\u00e9m lideran\u00e7a com 26%. Wagner aparece com 20%, Coronel com 19% e Cedraz com 11%. O \u00edndice de votos nulos ou em branco sobe para 12%, assim como os eleitores que n\u00e3o souberam ou n\u00e3o responderam, mantendo o equil\u00edbrio entre os concorrentes da segunda coloca\u00e7\u00e3o. Levantamento ouviu 2.000 eleitores entre 10 e 11 de mar\u00e7o. A pesquisa tem grau de confian\u00e7a de 95% e margem de erro de 2 pontos percentuais para mais ou para menos. Registro no Tribunal Superior Eleitoral (TSE) consta sob o n\u00famero BA-08855\/2026, garantindo a validade estat\u00edstica do levantamento. Empate t\u00e9cnico entre Wagner e Coronel refor\u00e7a cen\u00e1rio competitivo na disputa pela segunda vaga ao Senado. Estrat\u00e9gias de campanha devem ser intensificadas nas pr\u00f3ximas semanas, considerando que indecisos e votos nulos podem ser determinantes para definir a composi\u00e7\u00e3o final do pleito baiano em 2026.<\/p>\n","protected":false},"author":2,"featured_media":10058,"comment_status":"open","ping_status":"open","sticky":false,"template":"","format":"standard","meta":{"footnotes":""},"categories":[7,4,58,6],"tags":[],"class_list":["post-10045","post","type-post","status-publish","format-standard","has-post-thumbnail","hentry","category-bahia","category-cidades","category-eleicoes-2026","category-politica"],"yoast_head":"<!-- This site is optimized with the Yoast SEO plugin v26.5 - https:\/\/yoast.com\/wordpress\/plugins\/seo\/ -->\n<title>Rui Costa dispara e lidera inten\u00e7\u00f5es de voto ao Senado na Bahia; Wagner e Coronel seguem empatados - Sudoesteacontece<\/title>\n<meta name=\"robots\" content=\"index, follow, max-snippet:-1, max-image-preview:large, max-video-preview:-1\" \/>\n<link rel=\"canonical\" href=\"http:\/\/sudoesteacontece.com.br\/?p=10045\" \/>\n<meta property=\"og:locale\" content=\"pt_BR\" \/>\n<meta property=\"og:type\" content=\"article\" \/>\n<meta property=\"og:title\" content=\"Rui Costa dispara e lidera inten\u00e7\u00f5es de voto ao Senado na Bahia; Wagner e Coronel seguem empatados - Sudoesteacontece\" \/>\n<meta property=\"og:description\" content=\"Pesquisa do instituto Real Time Big Data revelou nesta quinta-feira (12) que o ministro da Casa Civil, Rui Costa (PT), disparou nas inten\u00e7\u00f5es de voto para o Senado na Bahia. Cen\u00e1rios estimulados mostram o petista \u00e0 frente, enquanto os senadores Jaques Wagner (PT) e Angelo Coronel (sem partido) aparecem tecnicamente empatados na segunda posi\u00e7\u00e3o. Resultados indicam que, no primeiro cen\u00e1rio, Rui Costa atinge 27% das inten\u00e7\u00f5es de voto, seguido por Wagner com 21% e Coronel com 18%. Jo\u00e3o Roma (PL) aparece em quarto com 14%, enquanto 11% dos eleitores declararam voto nulo ou em branco e 9% n\u00e3o souberam ou n\u00e3o responderam, refor\u00e7ando a vantagem do petista entre os baianos. No segundo cen\u00e1rio, sem a participa\u00e7\u00e3o de Jo\u00e3o Roma e com Aroldo Cedraz (Sem Partido) na disputa, Rui Costa mant\u00e9m lideran\u00e7a com 26%. Wagner aparece com 20%, Coronel com 19% e Cedraz com 11%. O \u00edndice de votos nulos ou em branco sobe para 12%, assim como os eleitores que n\u00e3o souberam ou n\u00e3o responderam, mantendo o equil\u00edbrio entre os concorrentes da segunda coloca\u00e7\u00e3o. Levantamento ouviu 2.000 eleitores entre 10 e 11 de mar\u00e7o. A pesquisa tem grau de confian\u00e7a de 95% e margem de erro de 2 pontos percentuais para mais ou para menos. Registro no Tribunal Superior Eleitoral (TSE) consta sob o n\u00famero BA-08855\/2026, garantindo a validade estat\u00edstica do levantamento. Empate t\u00e9cnico entre Wagner e Coronel refor\u00e7a cen\u00e1rio competitivo na disputa pela segunda vaga ao Senado. Estrat\u00e9gias de campanha devem ser intensificadas nas pr\u00f3ximas semanas, considerando que indecisos e votos nulos podem ser determinantes para definir a composi\u00e7\u00e3o final do pleito baiano em 2026.\" \/>\n<meta property=\"og:url\" content=\"http:\/\/sudoesteacontece.com.br\/?p=10045\" \/>\n<meta property=\"og:site_name\" content=\"Sudoesteacontece\" \/>\n<meta property=\"article:publisher\" content=\"https:\/\/www.facebook.com\/sudoesteacontece\/?locale=pt_BR\" \/>\n<meta property=\"article:published_time\" content=\"2026-03-12T13:43:30+00:00\" \/>\n<meta property=\"article:modified_time\" content=\"2026-03-12T13:43:35+00:00\" \/>\n<meta property=\"og:image\" content=\"http:\/\/sudoesteacontece.com.br\/wp-content\/uploads\/2026\/03\/Rui-Costa-dispara-e-lidera-intencoes-de-voto-ao-Senado-na-Bahia-Wagner-e-Coronel-seguem-empatados.jpg\" \/>\n\t<meta property=\"og:image:width\" content=\"1360\" \/>\n\t<meta property=\"og:image:height\" content=\"768\" \/>\n\t<meta property=\"og:image:type\" content=\"image\/jpeg\" \/>\n<meta name=\"author\" content=\"Washington Tiago\" \/>\n<meta name=\"twitter:card\" content=\"summary_large_image\" \/>\n<meta name=\"twitter:label1\" content=\"Escrito por\" \/>\n\t<meta name=\"twitter:data1\" content=\"Washington Tiago\" \/>\n\t<meta name=\"twitter:label2\" content=\"Est. tempo de leitura\" \/>\n\t<meta name=\"twitter:data2\" content=\"2 minutos\" \/>\n<script type=\"application\/ld+json\" class=\"yoast-schema-graph\">{\"@context\":\"https:\/\/schema.org\",\"@graph\":[{\"@type\":\"Article\",\"@id\":\"http:\/\/sudoesteacontece.com.br\/?p=10045#article\",\"isPartOf\":{\"@id\":\"http:\/\/sudoesteacontece.com.br\/?p=10045\"},\"author\":{\"name\":\"Washington Tiago\",\"@id\":\"https:\/\/sudoesteacontece.com.br\/#\/schema\/person\/3cf2cf009926a9683ebc29d5379fa79c\"},\"headline\":\"Rui Costa dispara e lidera inten\u00e7\u00f5es de voto ao Senado na Bahia; Wagner e Coronel seguem empatados\",\"datePublished\":\"2026-03-12T13:43:30+00:00\",\"dateModified\":\"2026-03-12T13:43:35+00:00\",\"mainEntityOfPage\":{\"@id\":\"http:\/\/sudoesteacontece.com.br\/?p=10045\"},\"wordCount\":293,\"commentCount\":0,\"publisher\":{\"@id\":\"https:\/\/sudoesteacontece.com.br\/#organization\"},\"image\":{\"@id\":\"http:\/\/sudoesteacontece.com.br\/?p=10045#primaryimage\"},\"thumbnailUrl\":\"https:\/\/sudoesteacontece.com.br\/wp-content\/uploads\/2026\/03\/Rui-Costa-dispara-e-lidera-intencoes-de-voto-ao-Senado-na-Bahia-Wagner-e-Coronel-seguem-empatados.jpg\",\"articleSection\":[\"Bahia\",\"Cidades\",\"Elei\u00e7\u00f5es 2026\",\"Pol\u00edtica\"],\"inLanguage\":\"pt-BR\",\"potentialAction\":[{\"@type\":\"CommentAction\",\"name\":\"Comment\",\"target\":[\"http:\/\/sudoesteacontece.com.br\/?p=10045#respond\"]}]},{\"@type\":\"WebPage\",\"@id\":\"http:\/\/sudoesteacontece.com.br\/?p=10045\",\"url\":\"http:\/\/sudoesteacontece.com.br\/?p=10045\",\"name\":\"Rui Costa dispara e lidera inten\u00e7\u00f5es de voto ao Senado na Bahia; Wagner e Coronel seguem empatados - Sudoesteacontece\",\"isPartOf\":{\"@id\":\"https:\/\/sudoesteacontece.com.br\/#website\"},\"primaryImageOfPage\":{\"@id\":\"http:\/\/sudoesteacontece.com.br\/?p=10045#primaryimage\"},\"image\":{\"@id\":\"http:\/\/sudoesteacontece.com.br\/?p=10045#primaryimage\"},\"thumbnailUrl\":\"https:\/\/sudoesteacontece.com.br\/wp-content\/uploads\/2026\/03\/Rui-Costa-dispara-e-lidera-intencoes-de-voto-ao-Senado-na-Bahia-Wagner-e-Coronel-seguem-empatados.jpg\",\"datePublished\":\"2026-03-12T13:43:30+00:00\",\"dateModified\":\"2026-03-12T13:43:35+00:00\",\"breadcrumb\":{\"@id\":\"http:\/\/sudoesteacontece.com.br\/?p=10045#breadcrumb\"},\"inLanguage\":\"pt-BR\",\"potentialAction\":[{\"@type\":\"ReadAction\",\"target\":[\"http:\/\/sudoesteacontece.com.br\/?p=10045\"]}]},{\"@type\":\"ImageObject\",\"inLanguage\":\"pt-BR\",\"@id\":\"http:\/\/sudoesteacontece.com.br\/?p=10045#primaryimage\",\"url\":\"https:\/\/sudoesteacontece.com.br\/wp-content\/uploads\/2026\/03\/Rui-Costa-dispara-e-lidera-intencoes-de-voto-ao-Senado-na-Bahia-Wagner-e-Coronel-seguem-empatados.jpg\",\"contentUrl\":\"https:\/\/sudoesteacontece.com.br\/wp-content\/uploads\/2026\/03\/Rui-Costa-dispara-e-lidera-intencoes-de-voto-ao-Senado-na-Bahia-Wagner-e-Coronel-seguem-empatados.jpg\",\"width\":1360,\"height\":768},{\"@type\":\"BreadcrumbList\",\"@id\":\"http:\/\/sudoesteacontece.com.br\/?p=10045#breadcrumb\",\"itemListElement\":[{\"@type\":\"ListItem\",\"position\":1,\"name\":\"In\u00edcio\",\"item\":\"https:\/\/sudoesteacontece.com.br\/\"},{\"@type\":\"ListItem\",\"position\":2,\"name\":\"Rui Costa dispara e lidera inten\u00e7\u00f5es de voto ao Senado na Bahia; Wagner e Coronel seguem empatados\"}]},{\"@type\":\"WebSite\",\"@id\":\"https:\/\/sudoesteacontece.com.br\/#website\",\"url\":\"https:\/\/sudoesteacontece.com.br\/\",\"name\":\"Sudoesteacontece\",\"description\":\"\",\"publisher\":{\"@id\":\"https:\/\/sudoesteacontece.com.br\/#organization\"},\"potentialAction\":[{\"@type\":\"SearchAction\",\"target\":{\"@type\":\"EntryPoint\",\"urlTemplate\":\"https:\/\/sudoesteacontece.com.br\/?s={search_term_string}\"},\"query-input\":{\"@type\":\"PropertyValueSpecification\",\"valueRequired\":true,\"valueName\":\"search_term_string\"}}],\"inLanguage\":\"pt-BR\"},{\"@type\":\"Organization\",\"@id\":\"https:\/\/sudoesteacontece.com.br\/#organization\",\"name\":\"Sudoesteacontece\",\"url\":\"https:\/\/sudoesteacontece.com.br\/\",\"logo\":{\"@type\":\"ImageObject\",\"inLanguage\":\"pt-BR\",\"@id\":\"https:\/\/sudoesteacontece.com.br\/#\/schema\/logo\/image\/\",\"url\":\"https:\/\/sudoesteacontece.com.br\/wp-content\/uploads\/2025\/12\/cropped-logo-2-180x180-1.png\",\"contentUrl\":\"https:\/\/sudoesteacontece.com.br\/wp-content\/uploads\/2025\/12\/cropped-logo-2-180x180-1.png\",\"width\":180,\"height\":180,\"caption\":\"Sudoesteacontece\"},\"image\":{\"@id\":\"https:\/\/sudoesteacontece.com.br\/#\/schema\/logo\/image\/\"},\"sameAs\":[\"https:\/\/www.facebook.com\/sudoesteacontece\/?locale=pt_BR\"]},{\"@type\":\"Person\",\"@id\":\"https:\/\/sudoesteacontece.com.br\/#\/schema\/person\/3cf2cf009926a9683ebc29d5379fa79c\",\"name\":\"Washington Tiago\",\"image\":{\"@type\":\"ImageObject\",\"inLanguage\":\"pt-BR\",\"@id\":\"https:\/\/sudoesteacontece.com.br\/#\/schema\/person\/image\/\",\"url\":\"https:\/\/secure.gravatar.com\/avatar\/33c43b8668157e040f9d1fe93c354bf087cbd8ba36270c1163198bd3ddcf2a56?s=96&d=mm&r=g\",\"contentUrl\":\"https:\/\/secure.gravatar.com\/avatar\/33c43b8668157e040f9d1fe93c354bf087cbd8ba36270c1163198bd3ddcf2a56?s=96&d=mm&r=g\",\"caption\":\"Washington Tiago\"},\"url\":\"https:\/\/sudoesteacontece.com.br\/?author=2\"}]}<\/script>\n<!-- \/ Yoast SEO plugin. -->","yoast_head_json":{"title":"Rui Costa dispara e lidera inten\u00e7\u00f5es de voto ao Senado na Bahia; Wagner e Coronel seguem empatados - Sudoesteacontece","robots":{"index":"index","follow":"follow","max-snippet":"max-snippet:-1","max-image-preview":"max-image-preview:large","max-video-preview":"max-video-preview:-1"},"canonical":"http:\/\/sudoesteacontece.com.br\/?p=10045","og_locale":"pt_BR","og_type":"article","og_title":"Rui Costa dispara e lidera inten\u00e7\u00f5es de voto ao Senado na Bahia; Wagner e Coronel seguem empatados - Sudoesteacontece","og_description":"Pesquisa do instituto Real Time Big Data revelou nesta quinta-feira (12) que o ministro da Casa Civil, Rui Costa (PT), disparou nas inten\u00e7\u00f5es de voto para o Senado na Bahia. Cen\u00e1rios estimulados mostram o petista \u00e0 frente, enquanto os senadores Jaques Wagner (PT) e Angelo Coronel (sem partido) aparecem tecnicamente empatados na segunda posi\u00e7\u00e3o. Resultados indicam que, no primeiro cen\u00e1rio, Rui Costa atinge 27% das inten\u00e7\u00f5es de voto, seguido por Wagner com 21% e Coronel com 18%. Jo\u00e3o Roma (PL) aparece em quarto com 14%, enquanto 11% dos eleitores declararam voto nulo ou em branco e 9% n\u00e3o souberam ou n\u00e3o responderam, refor\u00e7ando a vantagem do petista entre os baianos. No segundo cen\u00e1rio, sem a participa\u00e7\u00e3o de Jo\u00e3o Roma e com Aroldo Cedraz (Sem Partido) na disputa, Rui Costa mant\u00e9m lideran\u00e7a com 26%. Wagner aparece com 20%, Coronel com 19% e Cedraz com 11%. O \u00edndice de votos nulos ou em branco sobe para 12%, assim como os eleitores que n\u00e3o souberam ou n\u00e3o responderam, mantendo o equil\u00edbrio entre os concorrentes da segunda coloca\u00e7\u00e3o. Levantamento ouviu 2.000 eleitores entre 10 e 11 de mar\u00e7o. A pesquisa tem grau de confian\u00e7a de 95% e margem de erro de 2 pontos percentuais para mais ou para menos. Registro no Tribunal Superior Eleitoral (TSE) consta sob o n\u00famero BA-08855\/2026, garantindo a validade estat\u00edstica do levantamento. Empate t\u00e9cnico entre Wagner e Coronel refor\u00e7a cen\u00e1rio competitivo na disputa pela segunda vaga ao Senado. Estrat\u00e9gias de campanha devem ser intensificadas nas pr\u00f3ximas semanas, considerando que indecisos e votos nulos podem ser determinantes para definir a composi\u00e7\u00e3o final do pleito baiano em 2026.","og_url":"http:\/\/sudoesteacontece.com.br\/?p=10045","og_site_name":"Sudoesteacontece","article_publisher":"https:\/\/www.facebook.com\/sudoesteacontece\/?locale=pt_BR","article_published_time":"2026-03-12T13:43:30+00:00","article_modified_time":"2026-03-12T13:43:35+00:00","og_image":[{"width":1360,"height":768,"url":"http:\/\/sudoesteacontece.com.br\/wp-content\/uploads\/2026\/03\/Rui-Costa-dispara-e-lidera-intencoes-de-voto-ao-Senado-na-Bahia-Wagner-e-Coronel-seguem-empatados.jpg","type":"image\/jpeg"}],"author":"Washington Tiago","twitter_card":"summary_large_image","twitter_misc":{"Escrito por":"Washington Tiago","Est. tempo de leitura":"2 minutos"},"schema":{"@context":"https:\/\/schema.org","@graph":[{"@type":"Article","@id":"http:\/\/sudoesteacontece.com.br\/?p=10045#article","isPartOf":{"@id":"http:\/\/sudoesteacontece.com.br\/?p=10045"},"author":{"name":"Washington Tiago","@id":"https:\/\/sudoesteacontece.com.br\/#\/schema\/person\/3cf2cf009926a9683ebc29d5379fa79c"},"headline":"Rui Costa dispara e lidera inten\u00e7\u00f5es de voto ao Senado na Bahia; Wagner e Coronel seguem empatados","datePublished":"2026-03-12T13:43:30+00:00","dateModified":"2026-03-12T13:43:35+00:00","mainEntityOfPage":{"@id":"http:\/\/sudoesteacontece.com.br\/?p=10045"},"wordCount":293,"commentCount":0,"publisher":{"@id":"https:\/\/sudoesteacontece.com.br\/#organization"},"image":{"@id":"http:\/\/sudoesteacontece.com.br\/?p=10045#primaryimage"},"thumbnailUrl":"https:\/\/sudoesteacontece.com.br\/wp-content\/uploads\/2026\/03\/Rui-Costa-dispara-e-lidera-intencoes-de-voto-ao-Senado-na-Bahia-Wagner-e-Coronel-seguem-empatados.jpg","articleSection":["Bahia","Cidades","Elei\u00e7\u00f5es 2026","Pol\u00edtica"],"inLanguage":"pt-BR","potentialAction":[{"@type":"CommentAction","name":"Comment","target":["http:\/\/sudoesteacontece.com.br\/?p=10045#respond"]}]},{"@type":"WebPage","@id":"http:\/\/sudoesteacontece.com.br\/?p=10045","url":"http:\/\/sudoesteacontece.com.br\/?p=10045","name":"Rui Costa dispara e lidera inten\u00e7\u00f5es de voto ao Senado na Bahia; Wagner e Coronel seguem empatados - Sudoesteacontece","isPartOf":{"@id":"https:\/\/sudoesteacontece.com.br\/#website"},"primaryImageOfPage":{"@id":"http:\/\/sudoesteacontece.com.br\/?p=10045#primaryimage"},"image":{"@id":"http:\/\/sudoesteacontece.com.br\/?p=10045#primaryimage"},"thumbnailUrl":"https:\/\/sudoesteacontece.com.br\/wp-content\/uploads\/2026\/03\/Rui-Costa-dispara-e-lidera-intencoes-de-voto-ao-Senado-na-Bahia-Wagner-e-Coronel-seguem-empatados.jpg","datePublished":"2026-03-12T13:43:30+00:00","dateModified":"2026-03-12T13:43:35+00:00","breadcrumb":{"@id":"http:\/\/sudoesteacontece.com.br\/?p=10045#breadcrumb"},"inLanguage":"pt-BR","potentialAction":[{"@type":"ReadAction","target":["http:\/\/sudoesteacontece.com.br\/?p=10045"]}]},{"@type":"ImageObject","inLanguage":"pt-BR","@id":"http:\/\/sudoesteacontece.com.br\/?p=10045#primaryimage","url":"https:\/\/sudoesteacontece.com.br\/wp-content\/uploads\/2026\/03\/Rui-Costa-dispara-e-lidera-intencoes-de-voto-ao-Senado-na-Bahia-Wagner-e-Coronel-seguem-empatados.jpg","contentUrl":"https:\/\/sudoesteacontece.com.br\/wp-content\/uploads\/2026\/03\/Rui-Costa-dispara-e-lidera-intencoes-de-voto-ao-Senado-na-Bahia-Wagner-e-Coronel-seguem-empatados.jpg","width":1360,"height":768},{"@type":"BreadcrumbList","@id":"http:\/\/sudoesteacontece.com.br\/?p=10045#breadcrumb","itemListElement":[{"@type":"ListItem","position":1,"name":"In\u00edcio","item":"https:\/\/sudoesteacontece.com.br\/"},{"@type":"ListItem","position":2,"name":"Rui Costa dispara e lidera inten\u00e7\u00f5es de voto ao Senado na Bahia; Wagner e Coronel seguem empatados"}]},{"@type":"WebSite","@id":"https:\/\/sudoesteacontece.com.br\/#website","url":"https:\/\/sudoesteacontece.com.br\/","name":"Sudoesteacontece","description":"","publisher":{"@id":"https:\/\/sudoesteacontece.com.br\/#organization"},"potentialAction":[{"@type":"SearchAction","target":{"@type":"EntryPoint","urlTemplate":"https:\/\/sudoesteacontece.com.br\/?s={search_term_string}"},"query-input":{"@type":"PropertyValueSpecification","valueRequired":true,"valueName":"search_term_string"}}],"inLanguage":"pt-BR"},{"@type":"Organization","@id":"https:\/\/sudoesteacontece.com.br\/#organization","name":"Sudoesteacontece","url":"https:\/\/sudoesteacontece.com.br\/","logo":{"@type":"ImageObject","inLanguage":"pt-BR","@id":"https:\/\/sudoesteacontece.com.br\/#\/schema\/logo\/image\/","url":"https:\/\/sudoesteacontece.com.br\/wp-content\/uploads\/2025\/12\/cropped-logo-2-180x180-1.png","contentUrl":"https:\/\/sudoesteacontece.com.br\/wp-content\/uploads\/2025\/12\/cropped-logo-2-180x180-1.png","width":180,"height":180,"caption":"Sudoesteacontece"},"image":{"@id":"https:\/\/sudoesteacontece.com.br\/#\/schema\/logo\/image\/"},"sameAs":["https:\/\/www.facebook.com\/sudoesteacontece\/?locale=pt_BR"]},{"@type":"Person","@id":"https:\/\/sudoesteacontece.com.br\/#\/schema\/person\/3cf2cf009926a9683ebc29d5379fa79c","name":"Washington Tiago","image":{"@type":"ImageObject","inLanguage":"pt-BR","@id":"https:\/\/sudoesteacontece.com.br\/#\/schema\/person\/image\/","url":"https:\/\/secure.gravatar.com\/avatar\/33c43b8668157e040f9d1fe93c354bf087cbd8ba36270c1163198bd3ddcf2a56?s=96&d=mm&r=g","contentUrl":"https:\/\/secure.gravatar.com\/avatar\/33c43b8668157e040f9d1fe93c354bf087cbd8ba36270c1163198bd3ddcf2a56?s=96&d=mm&r=g","caption":"Washington Tiago"},"url":"https:\/\/sudoesteacontece.com.br\/?author=2"}]}},"_links":{"self":[{"href":"https:\/\/sudoesteacontece.com.br\/index.php?rest_route=\/wp\/v2\/posts\/10045","targetHints":{"allow":["GET"]}}],"collection":[{"href":"https:\/\/sudoesteacontece.com.br\/index.php?rest_route=\/wp\/v2\/posts"}],"about":[{"href":"https:\/\/sudoesteacontece.com.br\/index.php?rest_route=\/wp\/v2\/types\/post"}],"author":[{"embeddable":true,"href":"https:\/\/sudoesteacontece.com.br\/index.php?rest_route=\/wp\/v2\/users\/2"}],"replies":[{"embeddable":true,"href":"https:\/\/sudoesteacontece.com.br\/index.php?rest_route=%2Fwp%2Fv2%2Fcomments&post=10045"}],"version-history":[{"count":0,"href":"https:\/\/sudoesteacontece.com.br\/index.php?rest_route=\/wp\/v2\/posts\/10045\/revisions"}],"wp:featuredmedia":[{"embeddable":true,"href":"https:\/\/sudoesteacontece.com.br\/index.php?rest_route=\/wp\/v2\/media\/10058"}],"wp:attachment":[{"href":"https:\/\/sudoesteacontece.com.br\/index.php?rest_route=%2Fwp%2Fv2%2Fmedia&parent=10045"}],"wp:term":[{"taxonomy":"category","embeddable":true,"href":"https:\/\/sudoesteacontece.com.br\/index.php?rest_route=%2Fwp%2Fv2%2Fcategories&post=10045"},{"taxonomy":"post_tag","embeddable":true,"href":"https:\/\/sudoesteacontece.com.br\/index.php?rest_route=%2Fwp%2Fv2%2Ftags&post=10045"}],"curies":[{"name":"wp","href":"https:\/\/api.w.org\/{rel}","templated":true}]}}