{"id":10051,"date":"2026-03-12T10:52:25","date_gmt":"2026-03-12T13:52:25","guid":{"rendered":"https:\/\/sudoesteacontece.com.br\/?p=10051"},"modified":"2026-03-12T10:52:29","modified_gmt":"2026-03-12T13:52:29","slug":"acm-neto-dispara-a-frente-de-jeronimo-em-intencoes-de-voto-na-bahia-aponta-pesquisa","status":"publish","type":"post","link":"https:\/\/sudoesteacontece.com.br\/?p=10051","title":{"rendered":"ACM Neto dispara \u00e0 frente de Jer\u00f4nimo em inten\u00e7\u00f5es de voto na Bahia, aponta pesquisa"},"content":{"rendered":"<div class=\"wp-block-image\">\n<figure class=\"aligncenter size-full\"><img fetchpriority=\"high\" decoding=\"async\" width=\"984\" height=\"616\" src=\"http:\/\/sudoesteacontece.com.br\/wp-content\/uploads\/2026\/03\/ACM-Neto-dispara-a-frente-de-Jeronimo-em-intencoes-de-voto-na-Bahia-aponta-pesquisa.webp\" alt=\"\" class=\"wp-image-10066\" srcset=\"https:\/\/sudoesteacontece.com.br\/wp-content\/uploads\/2026\/03\/ACM-Neto-dispara-a-frente-de-Jeronimo-em-intencoes-de-voto-na-Bahia-aponta-pesquisa.webp 984w, https:\/\/sudoesteacontece.com.br\/wp-content\/uploads\/2026\/03\/ACM-Neto-dispara-a-frente-de-Jeronimo-em-intencoes-de-voto-na-Bahia-aponta-pesquisa-300x188.webp 300w, https:\/\/sudoesteacontece.com.br\/wp-content\/uploads\/2026\/03\/ACM-Neto-dispara-a-frente-de-Jeronimo-em-intencoes-de-voto-na-Bahia-aponta-pesquisa-768x481.webp 768w\" sizes=\"(max-width: 984px) 100vw, 984px\" \/><\/figure>\n<\/div>\n\n\n<p>Ex-prefeito de Salvador, ACM Neto (Uni\u00e3o Brasil) lidera a corrida pelo Governo da Bahia, segundo levantamento do Real Time Big Data divulgado nesta quinta-feira (12). Neto aparece com 44% das inten\u00e7\u00f5es de voto, \u00e0 frente do atual governador Jer\u00f4nimo Rodrigues (PT), que soma 39%, confirmando a disputa acirrada no estado.<\/p>\n\n\n\n<p>Levantamento realizado entre 10 e 11 de mar\u00e7o ouviu 2.000 eleitores baianos. Margem de erro \u00e9 de 2 pontos percentuais para mais ou para menos, com grau de confian\u00e7a de 95%. Pesquisa registrada no TSE sob n\u00famero BA-08855\/2026 avaliou cen\u00e1rio estimulado, apresentando aos participantes uma lista de candidatos.<\/p>\n\n\n\n<p>Resultados mostram Jos\u00e9 Carlos Aleluia (Novo) e Ronaldo Mansur (PSOL) empatados com 2% das inten\u00e7\u00f5es de voto cada. Eleitores que declararam voto nulo ou em branco somam 8%, enquanto 5% n\u00e3o souberam ou n\u00e3o responderam. Cen\u00e1rio evidencia que disputa principal concentra aten\u00e7\u00e3o em Neto e Jer\u00f4nimo.<\/p>\n\n\n\n<p>Tend\u00eancia reflete o hist\u00f3rico pol\u00edtico baiano, onde figuras tradicionais disputam poder, enquanto nomes menores mant\u00eam presen\u00e7a discreta. Confronto entre ACM Neto e Jer\u00f4nimo Rodrigues deve intensificar debates, visitas a munic\u00edpios e campanhas digitais nos pr\u00f3ximos meses, movimentando o cen\u00e1rio eleitoral no estado.<\/p>\n\n\n\n<p>Expectativa cresce entre eleitores sobre poss\u00edveis alian\u00e7as e estrat\u00e9gias eleitorais. Campanhas j\u00e1 indicam foco em economia, seguran\u00e7a e educa\u00e7\u00e3o. Especialistas afirmam que ainda h\u00e1 espa\u00e7o para mudan\u00e7as, principalmente com eleitores indecisos, cujo voto pode definir o resultado final da elei\u00e7\u00e3o na Bahia.<\/p>\n","protected":false},"excerpt":{"rendered":"<p>Ex-prefeito de Salvador, ACM Neto (Uni\u00e3o Brasil) lidera a corrida pelo Governo da Bahia, segundo levantamento do Real Time Big Data divulgado nesta quinta-feira (12). Neto aparece com 44% das inten\u00e7\u00f5es de voto, \u00e0 frente do atual governador Jer\u00f4nimo Rodrigues (PT), que soma 39%, confirmando a disputa acirrada no estado. Levantamento realizado entre 10 e 11 de mar\u00e7o ouviu 2.000 eleitores baianos. Margem de erro \u00e9 de 2 pontos percentuais para mais ou para menos, com grau de confian\u00e7a de 95%. Pesquisa registrada no TSE sob n\u00famero BA-08855\/2026 avaliou cen\u00e1rio estimulado, apresentando aos participantes uma lista de candidatos. Resultados mostram Jos\u00e9 Carlos Aleluia (Novo) e Ronaldo Mansur (PSOL) empatados com 2% das inten\u00e7\u00f5es de voto cada. Eleitores que declararam voto nulo ou em branco somam 8%, enquanto 5% n\u00e3o souberam ou n\u00e3o responderam. Cen\u00e1rio evidencia que disputa principal concentra aten\u00e7\u00e3o em Neto e Jer\u00f4nimo. Tend\u00eancia reflete o hist\u00f3rico pol\u00edtico baiano, onde figuras tradicionais disputam poder, enquanto nomes menores mant\u00eam presen\u00e7a discreta. Confronto entre ACM Neto e Jer\u00f4nimo Rodrigues deve intensificar debates, visitas a munic\u00edpios e campanhas digitais nos pr\u00f3ximos meses, movimentando o cen\u00e1rio eleitoral no estado. Expectativa cresce entre eleitores sobre poss\u00edveis alian\u00e7as e estrat\u00e9gias eleitorais. Campanhas j\u00e1 indicam foco em economia, seguran\u00e7a e educa\u00e7\u00e3o. Especialistas afirmam que ainda h\u00e1 espa\u00e7o para mudan\u00e7as, principalmente com eleitores indecisos, cujo voto pode definir o resultado final da elei\u00e7\u00e3o na Bahia.<\/p>\n","protected":false},"author":2,"featured_media":10066,"comment_status":"open","ping_status":"open","sticky":false,"template":"","format":"standard","meta":{"footnotes":""},"categories":[7,4,58,6],"tags":[],"class_list":["post-10051","post","type-post","status-publish","format-standard","has-post-thumbnail","hentry","category-bahia","category-cidades","category-eleicoes-2026","category-politica"],"yoast_head":"<!-- This site is optimized with the Yoast SEO plugin v26.5 - https:\/\/yoast.com\/wordpress\/plugins\/seo\/ -->\n<title>ACM Neto dispara \u00e0 frente de Jer\u00f4nimo em inten\u00e7\u00f5es de voto na Bahia, aponta pesquisa - Sudoesteacontece<\/title>\n<meta name=\"robots\" content=\"index, follow, max-snippet:-1, max-image-preview:large, max-video-preview:-1\" \/>\n<link rel=\"canonical\" href=\"http:\/\/sudoesteacontece.com.br\/?p=10051\" \/>\n<meta property=\"og:locale\" content=\"pt_BR\" \/>\n<meta property=\"og:type\" content=\"article\" \/>\n<meta property=\"og:title\" content=\"ACM Neto dispara \u00e0 frente de Jer\u00f4nimo em inten\u00e7\u00f5es de voto na Bahia, aponta pesquisa - Sudoesteacontece\" \/>\n<meta property=\"og:description\" content=\"Ex-prefeito de Salvador, ACM Neto (Uni\u00e3o Brasil) lidera a corrida pelo Governo da Bahia, segundo levantamento do Real Time Big Data divulgado nesta quinta-feira (12). Neto aparece com 44% das inten\u00e7\u00f5es de voto, \u00e0 frente do atual governador Jer\u00f4nimo Rodrigues (PT), que soma 39%, confirmando a disputa acirrada no estado. Levantamento realizado entre 10 e 11 de mar\u00e7o ouviu 2.000 eleitores baianos. Margem de erro \u00e9 de 2 pontos percentuais para mais ou para menos, com grau de confian\u00e7a de 95%. Pesquisa registrada no TSE sob n\u00famero BA-08855\/2026 avaliou cen\u00e1rio estimulado, apresentando aos participantes uma lista de candidatos. Resultados mostram Jos\u00e9 Carlos Aleluia (Novo) e Ronaldo Mansur (PSOL) empatados com 2% das inten\u00e7\u00f5es de voto cada. Eleitores que declararam voto nulo ou em branco somam 8%, enquanto 5% n\u00e3o souberam ou n\u00e3o responderam. Cen\u00e1rio evidencia que disputa principal concentra aten\u00e7\u00e3o em Neto e Jer\u00f4nimo. Tend\u00eancia reflete o hist\u00f3rico pol\u00edtico baiano, onde figuras tradicionais disputam poder, enquanto nomes menores mant\u00eam presen\u00e7a discreta. Confronto entre ACM Neto e Jer\u00f4nimo Rodrigues deve intensificar debates, visitas a munic\u00edpios e campanhas digitais nos pr\u00f3ximos meses, movimentando o cen\u00e1rio eleitoral no estado. Expectativa cresce entre eleitores sobre poss\u00edveis alian\u00e7as e estrat\u00e9gias eleitorais. Campanhas j\u00e1 indicam foco em economia, seguran\u00e7a e educa\u00e7\u00e3o. Especialistas afirmam que ainda h\u00e1 espa\u00e7o para mudan\u00e7as, principalmente com eleitores indecisos, cujo voto pode definir o resultado final da elei\u00e7\u00e3o na Bahia.\" \/>\n<meta property=\"og:url\" content=\"http:\/\/sudoesteacontece.com.br\/?p=10051\" \/>\n<meta property=\"og:site_name\" content=\"Sudoesteacontece\" \/>\n<meta property=\"article:publisher\" content=\"https:\/\/www.facebook.com\/sudoesteacontece\/?locale=pt_BR\" \/>\n<meta property=\"article:published_time\" content=\"2026-03-12T13:52:25+00:00\" \/>\n<meta property=\"article:modified_time\" content=\"2026-03-12T13:52:29+00:00\" \/>\n<meta property=\"og:image\" content=\"http:\/\/sudoesteacontece.com.br\/wp-content\/uploads\/2026\/03\/ACM-Neto-dispara-a-frente-de-Jeronimo-em-intencoes-de-voto-na-Bahia-aponta-pesquisa.webp\" \/>\n\t<meta property=\"og:image:width\" content=\"984\" \/>\n\t<meta property=\"og:image:height\" content=\"616\" \/>\n\t<meta property=\"og:image:type\" content=\"image\/webp\" \/>\n<meta name=\"author\" content=\"Washington Tiago\" \/>\n<meta name=\"twitter:card\" content=\"summary_large_image\" \/>\n<meta name=\"twitter:label1\" content=\"Escrito por\" \/>\n\t<meta name=\"twitter:data1\" content=\"Washington Tiago\" \/>\n\t<meta name=\"twitter:label2\" content=\"Est. tempo de leitura\" \/>\n\t<meta name=\"twitter:data2\" content=\"2 minutos\" \/>\n<script type=\"application\/ld+json\" class=\"yoast-schema-graph\">{\"@context\":\"https:\/\/schema.org\",\"@graph\":[{\"@type\":\"Article\",\"@id\":\"http:\/\/sudoesteacontece.com.br\/?p=10051#article\",\"isPartOf\":{\"@id\":\"http:\/\/sudoesteacontece.com.br\/?p=10051\"},\"author\":{\"name\":\"Washington Tiago\",\"@id\":\"https:\/\/sudoesteacontece.com.br\/#\/schema\/person\/3cf2cf009926a9683ebc29d5379fa79c\"},\"headline\":\"ACM Neto dispara \u00e0 frente de Jer\u00f4nimo em inten\u00e7\u00f5es de voto na Bahia, aponta pesquisa\",\"datePublished\":\"2026-03-12T13:52:25+00:00\",\"dateModified\":\"2026-03-12T13:52:29+00:00\",\"mainEntityOfPage\":{\"@id\":\"http:\/\/sudoesteacontece.com.br\/?p=10051\"},\"wordCount\":261,\"commentCount\":0,\"publisher\":{\"@id\":\"https:\/\/sudoesteacontece.com.br\/#organization\"},\"image\":{\"@id\":\"http:\/\/sudoesteacontece.com.br\/?p=10051#primaryimage\"},\"thumbnailUrl\":\"https:\/\/sudoesteacontece.com.br\/wp-content\/uploads\/2026\/03\/ACM-Neto-dispara-a-frente-de-Jeronimo-em-intencoes-de-voto-na-Bahia-aponta-pesquisa.webp\",\"articleSection\":[\"Bahia\",\"Cidades\",\"Elei\u00e7\u00f5es 2026\",\"Pol\u00edtica\"],\"inLanguage\":\"pt-BR\",\"potentialAction\":[{\"@type\":\"CommentAction\",\"name\":\"Comment\",\"target\":[\"http:\/\/sudoesteacontece.com.br\/?p=10051#respond\"]}]},{\"@type\":\"WebPage\",\"@id\":\"http:\/\/sudoesteacontece.com.br\/?p=10051\",\"url\":\"http:\/\/sudoesteacontece.com.br\/?p=10051\",\"name\":\"ACM Neto dispara \u00e0 frente de Jer\u00f4nimo em inten\u00e7\u00f5es de voto na Bahia, aponta pesquisa - Sudoesteacontece\",\"isPartOf\":{\"@id\":\"https:\/\/sudoesteacontece.com.br\/#website\"},\"primaryImageOfPage\":{\"@id\":\"http:\/\/sudoesteacontece.com.br\/?p=10051#primaryimage\"},\"image\":{\"@id\":\"http:\/\/sudoesteacontece.com.br\/?p=10051#primaryimage\"},\"thumbnailUrl\":\"https:\/\/sudoesteacontece.com.br\/wp-content\/uploads\/2026\/03\/ACM-Neto-dispara-a-frente-de-Jeronimo-em-intencoes-de-voto-na-Bahia-aponta-pesquisa.webp\",\"datePublished\":\"2026-03-12T13:52:25+00:00\",\"dateModified\":\"2026-03-12T13:52:29+00:00\",\"breadcrumb\":{\"@id\":\"http:\/\/sudoesteacontece.com.br\/?p=10051#breadcrumb\"},\"inLanguage\":\"pt-BR\",\"potentialAction\":[{\"@type\":\"ReadAction\",\"target\":[\"http:\/\/sudoesteacontece.com.br\/?p=10051\"]}]},{\"@type\":\"ImageObject\",\"inLanguage\":\"pt-BR\",\"@id\":\"http:\/\/sudoesteacontece.com.br\/?p=10051#primaryimage\",\"url\":\"https:\/\/sudoesteacontece.com.br\/wp-content\/uploads\/2026\/03\/ACM-Neto-dispara-a-frente-de-Jeronimo-em-intencoes-de-voto-na-Bahia-aponta-pesquisa.webp\",\"contentUrl\":\"https:\/\/sudoesteacontece.com.br\/wp-content\/uploads\/2026\/03\/ACM-Neto-dispara-a-frente-de-Jeronimo-em-intencoes-de-voto-na-Bahia-aponta-pesquisa.webp\",\"width\":984,\"height\":616},{\"@type\":\"BreadcrumbList\",\"@id\":\"http:\/\/sudoesteacontece.com.br\/?p=10051#breadcrumb\",\"itemListElement\":[{\"@type\":\"ListItem\",\"position\":1,\"name\":\"In\u00edcio\",\"item\":\"https:\/\/sudoesteacontece.com.br\/\"},{\"@type\":\"ListItem\",\"position\":2,\"name\":\"ACM Neto dispara \u00e0 frente de Jer\u00f4nimo em inten\u00e7\u00f5es de voto na Bahia, aponta pesquisa\"}]},{\"@type\":\"WebSite\",\"@id\":\"https:\/\/sudoesteacontece.com.br\/#website\",\"url\":\"https:\/\/sudoesteacontece.com.br\/\",\"name\":\"Sudoesteacontece\",\"description\":\"\",\"publisher\":{\"@id\":\"https:\/\/sudoesteacontece.com.br\/#organization\"},\"potentialAction\":[{\"@type\":\"SearchAction\",\"target\":{\"@type\":\"EntryPoint\",\"urlTemplate\":\"https:\/\/sudoesteacontece.com.br\/?s={search_term_string}\"},\"query-input\":{\"@type\":\"PropertyValueSpecification\",\"valueRequired\":true,\"valueName\":\"search_term_string\"}}],\"inLanguage\":\"pt-BR\"},{\"@type\":\"Organization\",\"@id\":\"https:\/\/sudoesteacontece.com.br\/#organization\",\"name\":\"Sudoesteacontece\",\"url\":\"https:\/\/sudoesteacontece.com.br\/\",\"logo\":{\"@type\":\"ImageObject\",\"inLanguage\":\"pt-BR\",\"@id\":\"https:\/\/sudoesteacontece.com.br\/#\/schema\/logo\/image\/\",\"url\":\"https:\/\/sudoesteacontece.com.br\/wp-content\/uploads\/2025\/12\/cropped-logo-2-180x180-1.png\",\"contentUrl\":\"https:\/\/sudoesteacontece.com.br\/wp-content\/uploads\/2025\/12\/cropped-logo-2-180x180-1.png\",\"width\":180,\"height\":180,\"caption\":\"Sudoesteacontece\"},\"image\":{\"@id\":\"https:\/\/sudoesteacontece.com.br\/#\/schema\/logo\/image\/\"},\"sameAs\":[\"https:\/\/www.facebook.com\/sudoesteacontece\/?locale=pt_BR\"]},{\"@type\":\"Person\",\"@id\":\"https:\/\/sudoesteacontece.com.br\/#\/schema\/person\/3cf2cf009926a9683ebc29d5379fa79c\",\"name\":\"Washington Tiago\",\"image\":{\"@type\":\"ImageObject\",\"inLanguage\":\"pt-BR\",\"@id\":\"https:\/\/sudoesteacontece.com.br\/#\/schema\/person\/image\/\",\"url\":\"https:\/\/secure.gravatar.com\/avatar\/33c43b8668157e040f9d1fe93c354bf087cbd8ba36270c1163198bd3ddcf2a56?s=96&d=mm&r=g\",\"contentUrl\":\"https:\/\/secure.gravatar.com\/avatar\/33c43b8668157e040f9d1fe93c354bf087cbd8ba36270c1163198bd3ddcf2a56?s=96&d=mm&r=g\",\"caption\":\"Washington Tiago\"},\"url\":\"https:\/\/sudoesteacontece.com.br\/?author=2\"}]}<\/script>\n<!-- \/ Yoast SEO plugin. -->","yoast_head_json":{"title":"ACM Neto dispara \u00e0 frente de Jer\u00f4nimo em inten\u00e7\u00f5es de voto na Bahia, aponta pesquisa - Sudoesteacontece","robots":{"index":"index","follow":"follow","max-snippet":"max-snippet:-1","max-image-preview":"max-image-preview:large","max-video-preview":"max-video-preview:-1"},"canonical":"http:\/\/sudoesteacontece.com.br\/?p=10051","og_locale":"pt_BR","og_type":"article","og_title":"ACM Neto dispara \u00e0 frente de Jer\u00f4nimo em inten\u00e7\u00f5es de voto na Bahia, aponta pesquisa - Sudoesteacontece","og_description":"Ex-prefeito de Salvador, ACM Neto (Uni\u00e3o Brasil) lidera a corrida pelo Governo da Bahia, segundo levantamento do Real Time Big Data divulgado nesta quinta-feira (12). Neto aparece com 44% das inten\u00e7\u00f5es de voto, \u00e0 frente do atual governador Jer\u00f4nimo Rodrigues (PT), que soma 39%, confirmando a disputa acirrada no estado. Levantamento realizado entre 10 e 11 de mar\u00e7o ouviu 2.000 eleitores baianos. Margem de erro \u00e9 de 2 pontos percentuais para mais ou para menos, com grau de confian\u00e7a de 95%. Pesquisa registrada no TSE sob n\u00famero BA-08855\/2026 avaliou cen\u00e1rio estimulado, apresentando aos participantes uma lista de candidatos. Resultados mostram Jos\u00e9 Carlos Aleluia (Novo) e Ronaldo Mansur (PSOL) empatados com 2% das inten\u00e7\u00f5es de voto cada. Eleitores que declararam voto nulo ou em branco somam 8%, enquanto 5% n\u00e3o souberam ou n\u00e3o responderam. Cen\u00e1rio evidencia que disputa principal concentra aten\u00e7\u00e3o em Neto e Jer\u00f4nimo. Tend\u00eancia reflete o hist\u00f3rico pol\u00edtico baiano, onde figuras tradicionais disputam poder, enquanto nomes menores mant\u00eam presen\u00e7a discreta. Confronto entre ACM Neto e Jer\u00f4nimo Rodrigues deve intensificar debates, visitas a munic\u00edpios e campanhas digitais nos pr\u00f3ximos meses, movimentando o cen\u00e1rio eleitoral no estado. Expectativa cresce entre eleitores sobre poss\u00edveis alian\u00e7as e estrat\u00e9gias eleitorais. Campanhas j\u00e1 indicam foco em economia, seguran\u00e7a e educa\u00e7\u00e3o. Especialistas afirmam que ainda h\u00e1 espa\u00e7o para mudan\u00e7as, principalmente com eleitores indecisos, cujo voto pode definir o resultado final da elei\u00e7\u00e3o na Bahia.","og_url":"http:\/\/sudoesteacontece.com.br\/?p=10051","og_site_name":"Sudoesteacontece","article_publisher":"https:\/\/www.facebook.com\/sudoesteacontece\/?locale=pt_BR","article_published_time":"2026-03-12T13:52:25+00:00","article_modified_time":"2026-03-12T13:52:29+00:00","og_image":[{"width":984,"height":616,"url":"http:\/\/sudoesteacontece.com.br\/wp-content\/uploads\/2026\/03\/ACM-Neto-dispara-a-frente-de-Jeronimo-em-intencoes-de-voto-na-Bahia-aponta-pesquisa.webp","type":"image\/webp"}],"author":"Washington Tiago","twitter_card":"summary_large_image","twitter_misc":{"Escrito por":"Washington Tiago","Est. tempo de leitura":"2 minutos"},"schema":{"@context":"https:\/\/schema.org","@graph":[{"@type":"Article","@id":"http:\/\/sudoesteacontece.com.br\/?p=10051#article","isPartOf":{"@id":"http:\/\/sudoesteacontece.com.br\/?p=10051"},"author":{"name":"Washington Tiago","@id":"https:\/\/sudoesteacontece.com.br\/#\/schema\/person\/3cf2cf009926a9683ebc29d5379fa79c"},"headline":"ACM Neto dispara \u00e0 frente de Jer\u00f4nimo em inten\u00e7\u00f5es de voto na Bahia, aponta pesquisa","datePublished":"2026-03-12T13:52:25+00:00","dateModified":"2026-03-12T13:52:29+00:00","mainEntityOfPage":{"@id":"http:\/\/sudoesteacontece.com.br\/?p=10051"},"wordCount":261,"commentCount":0,"publisher":{"@id":"https:\/\/sudoesteacontece.com.br\/#organization"},"image":{"@id":"http:\/\/sudoesteacontece.com.br\/?p=10051#primaryimage"},"thumbnailUrl":"https:\/\/sudoesteacontece.com.br\/wp-content\/uploads\/2026\/03\/ACM-Neto-dispara-a-frente-de-Jeronimo-em-intencoes-de-voto-na-Bahia-aponta-pesquisa.webp","articleSection":["Bahia","Cidades","Elei\u00e7\u00f5es 2026","Pol\u00edtica"],"inLanguage":"pt-BR","potentialAction":[{"@type":"CommentAction","name":"Comment","target":["http:\/\/sudoesteacontece.com.br\/?p=10051#respond"]}]},{"@type":"WebPage","@id":"http:\/\/sudoesteacontece.com.br\/?p=10051","url":"http:\/\/sudoesteacontece.com.br\/?p=10051","name":"ACM Neto dispara \u00e0 frente de Jer\u00f4nimo em inten\u00e7\u00f5es de voto na Bahia, aponta pesquisa - Sudoesteacontece","isPartOf":{"@id":"https:\/\/sudoesteacontece.com.br\/#website"},"primaryImageOfPage":{"@id":"http:\/\/sudoesteacontece.com.br\/?p=10051#primaryimage"},"image":{"@id":"http:\/\/sudoesteacontece.com.br\/?p=10051#primaryimage"},"thumbnailUrl":"https:\/\/sudoesteacontece.com.br\/wp-content\/uploads\/2026\/03\/ACM-Neto-dispara-a-frente-de-Jeronimo-em-intencoes-de-voto-na-Bahia-aponta-pesquisa.webp","datePublished":"2026-03-12T13:52:25+00:00","dateModified":"2026-03-12T13:52:29+00:00","breadcrumb":{"@id":"http:\/\/sudoesteacontece.com.br\/?p=10051#breadcrumb"},"inLanguage":"pt-BR","potentialAction":[{"@type":"ReadAction","target":["http:\/\/sudoesteacontece.com.br\/?p=10051"]}]},{"@type":"ImageObject","inLanguage":"pt-BR","@id":"http:\/\/sudoesteacontece.com.br\/?p=10051#primaryimage","url":"https:\/\/sudoesteacontece.com.br\/wp-content\/uploads\/2026\/03\/ACM-Neto-dispara-a-frente-de-Jeronimo-em-intencoes-de-voto-na-Bahia-aponta-pesquisa.webp","contentUrl":"https:\/\/sudoesteacontece.com.br\/wp-content\/uploads\/2026\/03\/ACM-Neto-dispara-a-frente-de-Jeronimo-em-intencoes-de-voto-na-Bahia-aponta-pesquisa.webp","width":984,"height":616},{"@type":"BreadcrumbList","@id":"http:\/\/sudoesteacontece.com.br\/?p=10051#breadcrumb","itemListElement":[{"@type":"ListItem","position":1,"name":"In\u00edcio","item":"https:\/\/sudoesteacontece.com.br\/"},{"@type":"ListItem","position":2,"name":"ACM Neto dispara \u00e0 frente de Jer\u00f4nimo em inten\u00e7\u00f5es de voto na Bahia, aponta pesquisa"}]},{"@type":"WebSite","@id":"https:\/\/sudoesteacontece.com.br\/#website","url":"https:\/\/sudoesteacontece.com.br\/","name":"Sudoesteacontece","description":"","publisher":{"@id":"https:\/\/sudoesteacontece.com.br\/#organization"},"potentialAction":[{"@type":"SearchAction","target":{"@type":"EntryPoint","urlTemplate":"https:\/\/sudoesteacontece.com.br\/?s={search_term_string}"},"query-input":{"@type":"PropertyValueSpecification","valueRequired":true,"valueName":"search_term_string"}}],"inLanguage":"pt-BR"},{"@type":"Organization","@id":"https:\/\/sudoesteacontece.com.br\/#organization","name":"Sudoesteacontece","url":"https:\/\/sudoesteacontece.com.br\/","logo":{"@type":"ImageObject","inLanguage":"pt-BR","@id":"https:\/\/sudoesteacontece.com.br\/#\/schema\/logo\/image\/","url":"https:\/\/sudoesteacontece.com.br\/wp-content\/uploads\/2025\/12\/cropped-logo-2-180x180-1.png","contentUrl":"https:\/\/sudoesteacontece.com.br\/wp-content\/uploads\/2025\/12\/cropped-logo-2-180x180-1.png","width":180,"height":180,"caption":"Sudoesteacontece"},"image":{"@id":"https:\/\/sudoesteacontece.com.br\/#\/schema\/logo\/image\/"},"sameAs":["https:\/\/www.facebook.com\/sudoesteacontece\/?locale=pt_BR"]},{"@type":"Person","@id":"https:\/\/sudoesteacontece.com.br\/#\/schema\/person\/3cf2cf009926a9683ebc29d5379fa79c","name":"Washington Tiago","image":{"@type":"ImageObject","inLanguage":"pt-BR","@id":"https:\/\/sudoesteacontece.com.br\/#\/schema\/person\/image\/","url":"https:\/\/secure.gravatar.com\/avatar\/33c43b8668157e040f9d1fe93c354bf087cbd8ba36270c1163198bd3ddcf2a56?s=96&d=mm&r=g","contentUrl":"https:\/\/secure.gravatar.com\/avatar\/33c43b8668157e040f9d1fe93c354bf087cbd8ba36270c1163198bd3ddcf2a56?s=96&d=mm&r=g","caption":"Washington Tiago"},"url":"https:\/\/sudoesteacontece.com.br\/?author=2"}]}},"_links":{"self":[{"href":"https:\/\/sudoesteacontece.com.br\/index.php?rest_route=\/wp\/v2\/posts\/10051","targetHints":{"allow":["GET"]}}],"collection":[{"href":"https:\/\/sudoesteacontece.com.br\/index.php?rest_route=\/wp\/v2\/posts"}],"about":[{"href":"https:\/\/sudoesteacontece.com.br\/index.php?rest_route=\/wp\/v2\/types\/post"}],"author":[{"embeddable":true,"href":"https:\/\/sudoesteacontece.com.br\/index.php?rest_route=\/wp\/v2\/users\/2"}],"replies":[{"embeddable":true,"href":"https:\/\/sudoesteacontece.com.br\/index.php?rest_route=%2Fwp%2Fv2%2Fcomments&post=10051"}],"version-history":[{"count":0,"href":"https:\/\/sudoesteacontece.com.br\/index.php?rest_route=\/wp\/v2\/posts\/10051\/revisions"}],"wp:featuredmedia":[{"embeddable":true,"href":"https:\/\/sudoesteacontece.com.br\/index.php?rest_route=\/wp\/v2\/media\/10066"}],"wp:attachment":[{"href":"https:\/\/sudoesteacontece.com.br\/index.php?rest_route=%2Fwp%2Fv2%2Fmedia&parent=10051"}],"wp:term":[{"taxonomy":"category","embeddable":true,"href":"https:\/\/sudoesteacontece.com.br\/index.php?rest_route=%2Fwp%2Fv2%2Fcategories&post=10051"},{"taxonomy":"post_tag","embeddable":true,"href":"https:\/\/sudoesteacontece.com.br\/index.php?rest_route=%2Fwp%2Fv2%2Ftags&post=10051"}],"curies":[{"name":"wp","href":"https:\/\/api.w.org\/{rel}","templated":true}]}}