{"id":10055,"date":"2026-03-12T10:56:48","date_gmt":"2026-03-12T13:56:48","guid":{"rendered":"https:\/\/sudoesteacontece.com.br\/?p=10055"},"modified":"2026-03-12T10:56:53","modified_gmt":"2026-03-12T13:56:53","slug":"policia-militar-apreende-15-kg-de-maconha-e-prende-dois-suspeitos-em-seabra","status":"publish","type":"post","link":"https:\/\/sudoesteacontece.com.br\/?p=10055","title":{"rendered":"Pol\u00edcia Militar apreende 15 kg de maconha e prende dois suspeitos em Seabra"},"content":{"rendered":"<div class=\"wp-block-image\">\n<figure class=\"aligncenter size-full\"><img fetchpriority=\"high\" decoding=\"async\" width=\"900\" height=\"600\" src=\"http:\/\/sudoesteacontece.com.br\/wp-content\/uploads\/2026\/03\/Policia-Militar-apreende-15-kg-de-maconha-e-prende-dois-suspeitos-em-Seabra.jpg\" alt=\"\" class=\"wp-image-10070\" srcset=\"https:\/\/sudoesteacontece.com.br\/wp-content\/uploads\/2026\/03\/Policia-Militar-apreende-15-kg-de-maconha-e-prende-dois-suspeitos-em-Seabra.jpg 900w, https:\/\/sudoesteacontece.com.br\/wp-content\/uploads\/2026\/03\/Policia-Militar-apreende-15-kg-de-maconha-e-prende-dois-suspeitos-em-Seabra-300x200.jpg 300w, https:\/\/sudoesteacontece.com.br\/wp-content\/uploads\/2026\/03\/Policia-Militar-apreende-15-kg-de-maconha-e-prende-dois-suspeitos-em-Seabra-768x512.jpg 768w\" sizes=\"(max-width: 900px) 100vw, 900px\" \/><\/figure>\n<\/div>\n\n\n<p>Opera\u00e7\u00e3o da Pol\u00edcia Militar prendeu dois homens na noite de ter\u00e7a-feira (10) no bairro Vila Nova, em Seabra, na Chapada Diamantina, durante a\u00e7\u00e3o contra tr\u00e1fico de drogas. A abordagem inicial ocorreu em \u00e1rea conhecida pela venda de entorpecentes, segundo a 29\u00aa CIPM.<\/p>\n\n\n\n<p>Policiais abordaram um suspeito que carregava uma por\u00e7\u00e3o de maconha. Investiga\u00e7\u00e3o imediata levou a equipe at\u00e9 o local indicado pelo homem, onde encontraram o restante da droga. A a\u00e7\u00e3o do Pelot\u00e3o de Emprego T\u00e1tico Operacional resultou em apreens\u00e3o de grande quantidade de entorpecentes.<\/p>\n\n\n\n<p>Foram recolhidos cerca de 15 quilos de maconha, 26 gramas de coca\u00edna, duas balan\u00e7as de precis\u00e3o, um rev\u00f3lver calibre 38 com tr\u00eas muni\u00e7\u00f5es e um simulacro de pistola. A combina\u00e7\u00e3o de drogas e armamento refor\u00e7a a gravidade do crime investigado pelos militares.<\/p>\n\n\n\n<p>Suspeitos foram conduzidos \u00e0 Delegacia Territorial de Seabra, vinculada \u00e0 13\u00aa Coordenadoria Regional de Pol\u00edcia do Interior, onde foram tomadas todas as medidas legais. Pol\u00edcia informou que investiga\u00e7\u00f5es continuam para identificar outros envolvidos na rede de tr\u00e1fico.<\/p>\n","protected":false},"excerpt":{"rendered":"<p>Opera\u00e7\u00e3o da Pol\u00edcia Militar prendeu dois homens na noite de ter\u00e7a-feira (10) no bairro Vila Nova, em Seabra, na Chapada Diamantina, durante a\u00e7\u00e3o contra tr\u00e1fico de drogas. A abordagem inicial ocorreu em \u00e1rea conhecida pela venda de entorpecentes, segundo a 29\u00aa CIPM. Policiais abordaram um suspeito que carregava uma por\u00e7\u00e3o de maconha. Investiga\u00e7\u00e3o imediata levou a equipe at\u00e9 o local indicado pelo homem, onde encontraram o restante da droga. A a\u00e7\u00e3o do Pelot\u00e3o de Emprego T\u00e1tico Operacional resultou em apreens\u00e3o de grande quantidade de entorpecentes. Foram recolhidos cerca de 15 quilos de maconha, 26 gramas de coca\u00edna, duas balan\u00e7as de precis\u00e3o, um rev\u00f3lver calibre 38 com tr\u00eas muni\u00e7\u00f5es e um simulacro de pistola. A combina\u00e7\u00e3o de drogas e armamento refor\u00e7a a gravidade do crime investigado pelos militares. Suspeitos foram conduzidos \u00e0 Delegacia Territorial de Seabra, vinculada \u00e0 13\u00aa Coordenadoria Regional de Pol\u00edcia do Interior, onde foram tomadas todas as medidas legais. Pol\u00edcia informou que investiga\u00e7\u00f5es continuam para identificar outros envolvidos na rede de tr\u00e1fico.<\/p>\n","protected":false},"author":2,"featured_media":10070,"comment_status":"open","ping_status":"open","sticky":false,"template":"","format":"standard","meta":{"footnotes":""},"categories":[4,3,105],"tags":[],"class_list":["post-10055","post","type-post","status-publish","format-standard","has-post-thumbnail","hentry","category-cidades","category-policia","category-seabra"],"yoast_head":"<!-- This site is optimized with the Yoast SEO plugin v26.5 - https:\/\/yoast.com\/wordpress\/plugins\/seo\/ -->\n<title>Pol\u00edcia Militar apreende 15 kg de maconha e prende dois suspeitos em Seabra - Sudoesteacontece<\/title>\n<meta name=\"robots\" content=\"index, follow, max-snippet:-1, max-image-preview:large, max-video-preview:-1\" \/>\n<link rel=\"canonical\" href=\"http:\/\/sudoesteacontece.com.br\/?p=10055\" \/>\n<meta property=\"og:locale\" content=\"pt_BR\" \/>\n<meta property=\"og:type\" content=\"article\" \/>\n<meta property=\"og:title\" content=\"Pol\u00edcia Militar apreende 15 kg de maconha e prende dois suspeitos em Seabra - Sudoesteacontece\" \/>\n<meta property=\"og:description\" content=\"Opera\u00e7\u00e3o da Pol\u00edcia Militar prendeu dois homens na noite de ter\u00e7a-feira (10) no bairro Vila Nova, em Seabra, na Chapada Diamantina, durante a\u00e7\u00e3o contra tr\u00e1fico de drogas. A abordagem inicial ocorreu em \u00e1rea conhecida pela venda de entorpecentes, segundo a 29\u00aa CIPM. Policiais abordaram um suspeito que carregava uma por\u00e7\u00e3o de maconha. Investiga\u00e7\u00e3o imediata levou a equipe at\u00e9 o local indicado pelo homem, onde encontraram o restante da droga. A a\u00e7\u00e3o do Pelot\u00e3o de Emprego T\u00e1tico Operacional resultou em apreens\u00e3o de grande quantidade de entorpecentes. Foram recolhidos cerca de 15 quilos de maconha, 26 gramas de coca\u00edna, duas balan\u00e7as de precis\u00e3o, um rev\u00f3lver calibre 38 com tr\u00eas muni\u00e7\u00f5es e um simulacro de pistola. A combina\u00e7\u00e3o de drogas e armamento refor\u00e7a a gravidade do crime investigado pelos militares. Suspeitos foram conduzidos \u00e0 Delegacia Territorial de Seabra, vinculada \u00e0 13\u00aa Coordenadoria Regional de Pol\u00edcia do Interior, onde foram tomadas todas as medidas legais. Pol\u00edcia informou que investiga\u00e7\u00f5es continuam para identificar outros envolvidos na rede de tr\u00e1fico.\" \/>\n<meta property=\"og:url\" content=\"http:\/\/sudoesteacontece.com.br\/?p=10055\" \/>\n<meta property=\"og:site_name\" content=\"Sudoesteacontece\" \/>\n<meta property=\"article:publisher\" content=\"https:\/\/www.facebook.com\/sudoesteacontece\/?locale=pt_BR\" \/>\n<meta property=\"article:published_time\" content=\"2026-03-12T13:56:48+00:00\" \/>\n<meta property=\"article:modified_time\" content=\"2026-03-12T13:56:53+00:00\" \/>\n<meta property=\"og:image\" content=\"http:\/\/sudoesteacontece.com.br\/wp-content\/uploads\/2026\/03\/Policia-Militar-apreende-15-kg-de-maconha-e-prende-dois-suspeitos-em-Seabra.jpg\" \/>\n\t<meta property=\"og:image:width\" content=\"900\" \/>\n\t<meta property=\"og:image:height\" content=\"600\" \/>\n\t<meta property=\"og:image:type\" content=\"image\/jpeg\" \/>\n<meta name=\"author\" content=\"Washington Tiago\" \/>\n<meta name=\"twitter:card\" content=\"summary_large_image\" \/>\n<meta name=\"twitter:label1\" content=\"Escrito por\" \/>\n\t<meta name=\"twitter:data1\" content=\"Washington Tiago\" \/>\n\t<meta name=\"twitter:label2\" content=\"Est. tempo de leitura\" \/>\n\t<meta name=\"twitter:data2\" content=\"2 minutos\" \/>\n<script type=\"application\/ld+json\" class=\"yoast-schema-graph\">{\"@context\":\"https:\/\/schema.org\",\"@graph\":[{\"@type\":\"Article\",\"@id\":\"http:\/\/sudoesteacontece.com.br\/?p=10055#article\",\"isPartOf\":{\"@id\":\"http:\/\/sudoesteacontece.com.br\/?p=10055\"},\"author\":{\"name\":\"Washington Tiago\",\"@id\":\"https:\/\/sudoesteacontece.com.br\/#\/schema\/person\/3cf2cf009926a9683ebc29d5379fa79c\"},\"headline\":\"Pol\u00edcia Militar apreende 15 kg de maconha e prende dois suspeitos em Seabra\",\"datePublished\":\"2026-03-12T13:56:48+00:00\",\"dateModified\":\"2026-03-12T13:56:53+00:00\",\"mainEntityOfPage\":{\"@id\":\"http:\/\/sudoesteacontece.com.br\/?p=10055\"},\"wordCount\":192,\"commentCount\":0,\"publisher\":{\"@id\":\"https:\/\/sudoesteacontece.com.br\/#organization\"},\"image\":{\"@id\":\"http:\/\/sudoesteacontece.com.br\/?p=10055#primaryimage\"},\"thumbnailUrl\":\"https:\/\/sudoesteacontece.com.br\/wp-content\/uploads\/2026\/03\/Policia-Militar-apreende-15-kg-de-maconha-e-prende-dois-suspeitos-em-Seabra.jpg\",\"articleSection\":[\"Cidades\",\"Pol\u00edcia\",\"Seabra\"],\"inLanguage\":\"pt-BR\",\"potentialAction\":[{\"@type\":\"CommentAction\",\"name\":\"Comment\",\"target\":[\"http:\/\/sudoesteacontece.com.br\/?p=10055#respond\"]}]},{\"@type\":\"WebPage\",\"@id\":\"http:\/\/sudoesteacontece.com.br\/?p=10055\",\"url\":\"http:\/\/sudoesteacontece.com.br\/?p=10055\",\"name\":\"Pol\u00edcia Militar apreende 15 kg de maconha e prende dois suspeitos em Seabra - Sudoesteacontece\",\"isPartOf\":{\"@id\":\"https:\/\/sudoesteacontece.com.br\/#website\"},\"primaryImageOfPage\":{\"@id\":\"http:\/\/sudoesteacontece.com.br\/?p=10055#primaryimage\"},\"image\":{\"@id\":\"http:\/\/sudoesteacontece.com.br\/?p=10055#primaryimage\"},\"thumbnailUrl\":\"https:\/\/sudoesteacontece.com.br\/wp-content\/uploads\/2026\/03\/Policia-Militar-apreende-15-kg-de-maconha-e-prende-dois-suspeitos-em-Seabra.jpg\",\"datePublished\":\"2026-03-12T13:56:48+00:00\",\"dateModified\":\"2026-03-12T13:56:53+00:00\",\"breadcrumb\":{\"@id\":\"http:\/\/sudoesteacontece.com.br\/?p=10055#breadcrumb\"},\"inLanguage\":\"pt-BR\",\"potentialAction\":[{\"@type\":\"ReadAction\",\"target\":[\"http:\/\/sudoesteacontece.com.br\/?p=10055\"]}]},{\"@type\":\"ImageObject\",\"inLanguage\":\"pt-BR\",\"@id\":\"http:\/\/sudoesteacontece.com.br\/?p=10055#primaryimage\",\"url\":\"https:\/\/sudoesteacontece.com.br\/wp-content\/uploads\/2026\/03\/Policia-Militar-apreende-15-kg-de-maconha-e-prende-dois-suspeitos-em-Seabra.jpg\",\"contentUrl\":\"https:\/\/sudoesteacontece.com.br\/wp-content\/uploads\/2026\/03\/Policia-Militar-apreende-15-kg-de-maconha-e-prende-dois-suspeitos-em-Seabra.jpg\",\"width\":900,\"height\":600},{\"@type\":\"BreadcrumbList\",\"@id\":\"http:\/\/sudoesteacontece.com.br\/?p=10055#breadcrumb\",\"itemListElement\":[{\"@type\":\"ListItem\",\"position\":1,\"name\":\"In\u00edcio\",\"item\":\"https:\/\/sudoesteacontece.com.br\/\"},{\"@type\":\"ListItem\",\"position\":2,\"name\":\"Pol\u00edcia Militar apreende 15 kg de maconha e prende dois suspeitos em Seabra\"}]},{\"@type\":\"WebSite\",\"@id\":\"https:\/\/sudoesteacontece.com.br\/#website\",\"url\":\"https:\/\/sudoesteacontece.com.br\/\",\"name\":\"Sudoesteacontece\",\"description\":\"\",\"publisher\":{\"@id\":\"https:\/\/sudoesteacontece.com.br\/#organization\"},\"potentialAction\":[{\"@type\":\"SearchAction\",\"target\":{\"@type\":\"EntryPoint\",\"urlTemplate\":\"https:\/\/sudoesteacontece.com.br\/?s={search_term_string}\"},\"query-input\":{\"@type\":\"PropertyValueSpecification\",\"valueRequired\":true,\"valueName\":\"search_term_string\"}}],\"inLanguage\":\"pt-BR\"},{\"@type\":\"Organization\",\"@id\":\"https:\/\/sudoesteacontece.com.br\/#organization\",\"name\":\"Sudoesteacontece\",\"url\":\"https:\/\/sudoesteacontece.com.br\/\",\"logo\":{\"@type\":\"ImageObject\",\"inLanguage\":\"pt-BR\",\"@id\":\"https:\/\/sudoesteacontece.com.br\/#\/schema\/logo\/image\/\",\"url\":\"https:\/\/sudoesteacontece.com.br\/wp-content\/uploads\/2025\/12\/cropped-logo-2-180x180-1.png\",\"contentUrl\":\"https:\/\/sudoesteacontece.com.br\/wp-content\/uploads\/2025\/12\/cropped-logo-2-180x180-1.png\",\"width\":180,\"height\":180,\"caption\":\"Sudoesteacontece\"},\"image\":{\"@id\":\"https:\/\/sudoesteacontece.com.br\/#\/schema\/logo\/image\/\"},\"sameAs\":[\"https:\/\/www.facebook.com\/sudoesteacontece\/?locale=pt_BR\"]},{\"@type\":\"Person\",\"@id\":\"https:\/\/sudoesteacontece.com.br\/#\/schema\/person\/3cf2cf009926a9683ebc29d5379fa79c\",\"name\":\"Washington Tiago\",\"image\":{\"@type\":\"ImageObject\",\"inLanguage\":\"pt-BR\",\"@id\":\"https:\/\/sudoesteacontece.com.br\/#\/schema\/person\/image\/\",\"url\":\"https:\/\/secure.gravatar.com\/avatar\/33c43b8668157e040f9d1fe93c354bf087cbd8ba36270c1163198bd3ddcf2a56?s=96&d=mm&r=g\",\"contentUrl\":\"https:\/\/secure.gravatar.com\/avatar\/33c43b8668157e040f9d1fe93c354bf087cbd8ba36270c1163198bd3ddcf2a56?s=96&d=mm&r=g\",\"caption\":\"Washington Tiago\"},\"url\":\"https:\/\/sudoesteacontece.com.br\/?author=2\"}]}<\/script>\n<!-- \/ Yoast SEO plugin. -->","yoast_head_json":{"title":"Pol\u00edcia Militar apreende 15 kg de maconha e prende dois suspeitos em Seabra - Sudoesteacontece","robots":{"index":"index","follow":"follow","max-snippet":"max-snippet:-1","max-image-preview":"max-image-preview:large","max-video-preview":"max-video-preview:-1"},"canonical":"http:\/\/sudoesteacontece.com.br\/?p=10055","og_locale":"pt_BR","og_type":"article","og_title":"Pol\u00edcia Militar apreende 15 kg de maconha e prende dois suspeitos em Seabra - Sudoesteacontece","og_description":"Opera\u00e7\u00e3o da Pol\u00edcia Militar prendeu dois homens na noite de ter\u00e7a-feira (10) no bairro Vila Nova, em Seabra, na Chapada Diamantina, durante a\u00e7\u00e3o contra tr\u00e1fico de drogas. A abordagem inicial ocorreu em \u00e1rea conhecida pela venda de entorpecentes, segundo a 29\u00aa CIPM. Policiais abordaram um suspeito que carregava uma por\u00e7\u00e3o de maconha. Investiga\u00e7\u00e3o imediata levou a equipe at\u00e9 o local indicado pelo homem, onde encontraram o restante da droga. A a\u00e7\u00e3o do Pelot\u00e3o de Emprego T\u00e1tico Operacional resultou em apreens\u00e3o de grande quantidade de entorpecentes. Foram recolhidos cerca de 15 quilos de maconha, 26 gramas de coca\u00edna, duas balan\u00e7as de precis\u00e3o, um rev\u00f3lver calibre 38 com tr\u00eas muni\u00e7\u00f5es e um simulacro de pistola. A combina\u00e7\u00e3o de drogas e armamento refor\u00e7a a gravidade do crime investigado pelos militares. Suspeitos foram conduzidos \u00e0 Delegacia Territorial de Seabra, vinculada \u00e0 13\u00aa Coordenadoria Regional de Pol\u00edcia do Interior, onde foram tomadas todas as medidas legais. Pol\u00edcia informou que investiga\u00e7\u00f5es continuam para identificar outros envolvidos na rede de tr\u00e1fico.","og_url":"http:\/\/sudoesteacontece.com.br\/?p=10055","og_site_name":"Sudoesteacontece","article_publisher":"https:\/\/www.facebook.com\/sudoesteacontece\/?locale=pt_BR","article_published_time":"2026-03-12T13:56:48+00:00","article_modified_time":"2026-03-12T13:56:53+00:00","og_image":[{"width":900,"height":600,"url":"http:\/\/sudoesteacontece.com.br\/wp-content\/uploads\/2026\/03\/Policia-Militar-apreende-15-kg-de-maconha-e-prende-dois-suspeitos-em-Seabra.jpg","type":"image\/jpeg"}],"author":"Washington Tiago","twitter_card":"summary_large_image","twitter_misc":{"Escrito por":"Washington Tiago","Est. tempo de leitura":"2 minutos"},"schema":{"@context":"https:\/\/schema.org","@graph":[{"@type":"Article","@id":"http:\/\/sudoesteacontece.com.br\/?p=10055#article","isPartOf":{"@id":"http:\/\/sudoesteacontece.com.br\/?p=10055"},"author":{"name":"Washington Tiago","@id":"https:\/\/sudoesteacontece.com.br\/#\/schema\/person\/3cf2cf009926a9683ebc29d5379fa79c"},"headline":"Pol\u00edcia Militar apreende 15 kg de maconha e prende dois suspeitos em Seabra","datePublished":"2026-03-12T13:56:48+00:00","dateModified":"2026-03-12T13:56:53+00:00","mainEntityOfPage":{"@id":"http:\/\/sudoesteacontece.com.br\/?p=10055"},"wordCount":192,"commentCount":0,"publisher":{"@id":"https:\/\/sudoesteacontece.com.br\/#organization"},"image":{"@id":"http:\/\/sudoesteacontece.com.br\/?p=10055#primaryimage"},"thumbnailUrl":"https:\/\/sudoesteacontece.com.br\/wp-content\/uploads\/2026\/03\/Policia-Militar-apreende-15-kg-de-maconha-e-prende-dois-suspeitos-em-Seabra.jpg","articleSection":["Cidades","Pol\u00edcia","Seabra"],"inLanguage":"pt-BR","potentialAction":[{"@type":"CommentAction","name":"Comment","target":["http:\/\/sudoesteacontece.com.br\/?p=10055#respond"]}]},{"@type":"WebPage","@id":"http:\/\/sudoesteacontece.com.br\/?p=10055","url":"http:\/\/sudoesteacontece.com.br\/?p=10055","name":"Pol\u00edcia Militar apreende 15 kg de maconha e prende dois suspeitos em Seabra - Sudoesteacontece","isPartOf":{"@id":"https:\/\/sudoesteacontece.com.br\/#website"},"primaryImageOfPage":{"@id":"http:\/\/sudoesteacontece.com.br\/?p=10055#primaryimage"},"image":{"@id":"http:\/\/sudoesteacontece.com.br\/?p=10055#primaryimage"},"thumbnailUrl":"https:\/\/sudoesteacontece.com.br\/wp-content\/uploads\/2026\/03\/Policia-Militar-apreende-15-kg-de-maconha-e-prende-dois-suspeitos-em-Seabra.jpg","datePublished":"2026-03-12T13:56:48+00:00","dateModified":"2026-03-12T13:56:53+00:00","breadcrumb":{"@id":"http:\/\/sudoesteacontece.com.br\/?p=10055#breadcrumb"},"inLanguage":"pt-BR","potentialAction":[{"@type":"ReadAction","target":["http:\/\/sudoesteacontece.com.br\/?p=10055"]}]},{"@type":"ImageObject","inLanguage":"pt-BR","@id":"http:\/\/sudoesteacontece.com.br\/?p=10055#primaryimage","url":"https:\/\/sudoesteacontece.com.br\/wp-content\/uploads\/2026\/03\/Policia-Militar-apreende-15-kg-de-maconha-e-prende-dois-suspeitos-em-Seabra.jpg","contentUrl":"https:\/\/sudoesteacontece.com.br\/wp-content\/uploads\/2026\/03\/Policia-Militar-apreende-15-kg-de-maconha-e-prende-dois-suspeitos-em-Seabra.jpg","width":900,"height":600},{"@type":"BreadcrumbList","@id":"http:\/\/sudoesteacontece.com.br\/?p=10055#breadcrumb","itemListElement":[{"@type":"ListItem","position":1,"name":"In\u00edcio","item":"https:\/\/sudoesteacontece.com.br\/"},{"@type":"ListItem","position":2,"name":"Pol\u00edcia Militar apreende 15 kg de maconha e prende dois suspeitos em Seabra"}]},{"@type":"WebSite","@id":"https:\/\/sudoesteacontece.com.br\/#website","url":"https:\/\/sudoesteacontece.com.br\/","name":"Sudoesteacontece","description":"","publisher":{"@id":"https:\/\/sudoesteacontece.com.br\/#organization"},"potentialAction":[{"@type":"SearchAction","target":{"@type":"EntryPoint","urlTemplate":"https:\/\/sudoesteacontece.com.br\/?s={search_term_string}"},"query-input":{"@type":"PropertyValueSpecification","valueRequired":true,"valueName":"search_term_string"}}],"inLanguage":"pt-BR"},{"@type":"Organization","@id":"https:\/\/sudoesteacontece.com.br\/#organization","name":"Sudoesteacontece","url":"https:\/\/sudoesteacontece.com.br\/","logo":{"@type":"ImageObject","inLanguage":"pt-BR","@id":"https:\/\/sudoesteacontece.com.br\/#\/schema\/logo\/image\/","url":"https:\/\/sudoesteacontece.com.br\/wp-content\/uploads\/2025\/12\/cropped-logo-2-180x180-1.png","contentUrl":"https:\/\/sudoesteacontece.com.br\/wp-content\/uploads\/2025\/12\/cropped-logo-2-180x180-1.png","width":180,"height":180,"caption":"Sudoesteacontece"},"image":{"@id":"https:\/\/sudoesteacontece.com.br\/#\/schema\/logo\/image\/"},"sameAs":["https:\/\/www.facebook.com\/sudoesteacontece\/?locale=pt_BR"]},{"@type":"Person","@id":"https:\/\/sudoesteacontece.com.br\/#\/schema\/person\/3cf2cf009926a9683ebc29d5379fa79c","name":"Washington Tiago","image":{"@type":"ImageObject","inLanguage":"pt-BR","@id":"https:\/\/sudoesteacontece.com.br\/#\/schema\/person\/image\/","url":"https:\/\/secure.gravatar.com\/avatar\/33c43b8668157e040f9d1fe93c354bf087cbd8ba36270c1163198bd3ddcf2a56?s=96&d=mm&r=g","contentUrl":"https:\/\/secure.gravatar.com\/avatar\/33c43b8668157e040f9d1fe93c354bf087cbd8ba36270c1163198bd3ddcf2a56?s=96&d=mm&r=g","caption":"Washington Tiago"},"url":"https:\/\/sudoesteacontece.com.br\/?author=2"}]}},"_links":{"self":[{"href":"https:\/\/sudoesteacontece.com.br\/index.php?rest_route=\/wp\/v2\/posts\/10055","targetHints":{"allow":["GET"]}}],"collection":[{"href":"https:\/\/sudoesteacontece.com.br\/index.php?rest_route=\/wp\/v2\/posts"}],"about":[{"href":"https:\/\/sudoesteacontece.com.br\/index.php?rest_route=\/wp\/v2\/types\/post"}],"author":[{"embeddable":true,"href":"https:\/\/sudoesteacontece.com.br\/index.php?rest_route=\/wp\/v2\/users\/2"}],"replies":[{"embeddable":true,"href":"https:\/\/sudoesteacontece.com.br\/index.php?rest_route=%2Fwp%2Fv2%2Fcomments&post=10055"}],"version-history":[{"count":0,"href":"https:\/\/sudoesteacontece.com.br\/index.php?rest_route=\/wp\/v2\/posts\/10055\/revisions"}],"wp:featuredmedia":[{"embeddable":true,"href":"https:\/\/sudoesteacontece.com.br\/index.php?rest_route=\/wp\/v2\/media\/10070"}],"wp:attachment":[{"href":"https:\/\/sudoesteacontece.com.br\/index.php?rest_route=%2Fwp%2Fv2%2Fmedia&parent=10055"}],"wp:term":[{"taxonomy":"category","embeddable":true,"href":"https:\/\/sudoesteacontece.com.br\/index.php?rest_route=%2Fwp%2Fv2%2Fcategories&post=10055"},{"taxonomy":"post_tag","embeddable":true,"href":"https:\/\/sudoesteacontece.com.br\/index.php?rest_route=%2Fwp%2Fv2%2Ftags&post=10055"}],"curies":[{"name":"wp","href":"https:\/\/api.w.org\/{rel}","templated":true}]}}