{"id":10073,"date":"2026-03-12T11:00:03","date_gmt":"2026-03-12T14:00:03","guid":{"rendered":"https:\/\/sudoesteacontece.com.br\/?p=10073"},"modified":"2026-03-12T11:00:08","modified_gmt":"2026-03-12T14:00:08","slug":"video-mostra-desperdicio-de-materiais-de-saude-vencidos-em-feira-de-santana","status":"publish","type":"post","link":"https:\/\/sudoesteacontece.com.br\/?p=10073","title":{"rendered":"V\u00eddeo mostra desperd\u00edcio de materiais de sa\u00fade vencidos em Feira de Santana"},"content":{"rendered":"<div class=\"wp-block-image\">\n<figure class=\"aligncenter size-full\"><img fetchpriority=\"high\" decoding=\"async\" width=\"900\" height=\"600\" src=\"http:\/\/sudoesteacontece.com.br\/wp-content\/uploads\/2026\/03\/Video-mostra-desperdicio-de-materiais-de-saude-vencidos-em-Feira-de-Santana.jpg\" alt=\"\" class=\"wp-image-10076\" srcset=\"https:\/\/sudoesteacontece.com.br\/wp-content\/uploads\/2026\/03\/Video-mostra-desperdicio-de-materiais-de-saude-vencidos-em-Feira-de-Santana.jpg 900w, https:\/\/sudoesteacontece.com.br\/wp-content\/uploads\/2026\/03\/Video-mostra-desperdicio-de-materiais-de-saude-vencidos-em-Feira-de-Santana-300x200.jpg 300w, https:\/\/sudoesteacontece.com.br\/wp-content\/uploads\/2026\/03\/Video-mostra-desperdicio-de-materiais-de-saude-vencidos-em-Feira-de-Santana-768x512.jpg 768w\" sizes=\"(max-width: 900px) 100vw, 900px\" \/><\/figure>\n<\/div>\n\n\n<p>V\u00eddeo divulgado pelo portal ConectadoNews exp\u00f5e o dep\u00f3sito do Centro de Distribui\u00e7\u00e3o da Secretaria Municipal de Sa\u00fade de Feira de Santana, na Avenida Francisco Pinto, bairro Pedra do Descanso, repleto de insumos vencidos, gerando cr\u00edticas sobre a gest\u00e3o do estoque da cidade.<\/p>\n\n\n\n<p>Imagens revelam caixas com cartuchos de impressora, seringas, m\u00e1scaras e produtos de limpeza marcados com avisos de validade expirada, evidenciando o desperd\u00edcio de materiais que poderiam abastecer unidades de sa\u00fade e auxiliar pacientes que dependem do servi\u00e7o p\u00fablico.<\/p>\n\n\n\n<p>Registro obtido pelo jornalista Luiz Santos levanta preocupa\u00e7\u00f5es sobre a organiza\u00e7\u00e3o do dep\u00f3sito municipal, j\u00e1 que itens essenciais permanecem inutilizados enquanto h\u00e1 demanda crescente nas unidades de atendimento, gerando questionamentos da popula\u00e7\u00e3o sobre prioridades da gest\u00e3o.<\/p>\n\n\n\n<p>Secretaria Municipal de Sa\u00fade de Feira de Santana ainda n\u00e3o se manifestou oficialmente sobre o v\u00eddeo. A aus\u00eancia de resposta aumenta a repercuss\u00e3o negativa nas redes sociais, enquanto cidad\u00e3os e profissionais da \u00e1rea clamam por esclarecimentos e medidas imediatas para evitar novos desperd\u00edcios.<\/p>\n","protected":false},"excerpt":{"rendered":"<p>V\u00eddeo divulgado pelo portal ConectadoNews exp\u00f5e o dep\u00f3sito do Centro de Distribui\u00e7\u00e3o da Secretaria Municipal de Sa\u00fade de Feira de Santana, na Avenida Francisco Pinto, bairro Pedra do Descanso, repleto de insumos vencidos, gerando cr\u00edticas sobre a gest\u00e3o do estoque da cidade. Imagens revelam caixas com cartuchos de impressora, seringas, m\u00e1scaras e produtos de limpeza marcados com avisos de validade expirada, evidenciando o desperd\u00edcio de materiais que poderiam abastecer unidades de sa\u00fade e auxiliar pacientes que dependem do servi\u00e7o p\u00fablico. Registro obtido pelo jornalista Luiz Santos levanta preocupa\u00e7\u00f5es sobre a organiza\u00e7\u00e3o do dep\u00f3sito municipal, j\u00e1 que itens essenciais permanecem inutilizados enquanto h\u00e1 demanda crescente nas unidades de atendimento, gerando questionamentos da popula\u00e7\u00e3o sobre prioridades da gest\u00e3o. Secretaria Municipal de Sa\u00fade de Feira de Santana ainda n\u00e3o se manifestou oficialmente sobre o v\u00eddeo. A aus\u00eancia de resposta aumenta a repercuss\u00e3o negativa nas redes sociais, enquanto cidad\u00e3os e profissionais da \u00e1rea clamam por esclarecimentos e medidas imediatas para evitar novos desperd\u00edcios.<\/p>\n","protected":false},"author":2,"featured_media":0,"comment_status":"open","ping_status":"open","sticky":false,"template":"","format":"standard","meta":{"footnotes":""},"categories":[7,13,3,6],"tags":[],"class_list":["post-10073","post","type-post","status-publish","format-standard","hentry","category-bahia","category-justica","category-policia","category-politica"],"yoast_head":"<!-- This site is optimized with the Yoast SEO plugin v26.5 - https:\/\/yoast.com\/wordpress\/plugins\/seo\/ -->\n<title>V\u00eddeo mostra desperd\u00edcio de materiais de sa\u00fade vencidos em Feira de Santana - Sudoesteacontece<\/title>\n<meta name=\"robots\" content=\"index, follow, max-snippet:-1, max-image-preview:large, max-video-preview:-1\" \/>\n<link rel=\"canonical\" href=\"http:\/\/sudoesteacontece.com.br\/?p=10073\" \/>\n<meta property=\"og:locale\" content=\"pt_BR\" \/>\n<meta property=\"og:type\" content=\"article\" \/>\n<meta property=\"og:title\" content=\"V\u00eddeo mostra desperd\u00edcio de materiais de sa\u00fade vencidos em Feira de Santana - Sudoesteacontece\" \/>\n<meta property=\"og:description\" content=\"V\u00eddeo divulgado pelo portal ConectadoNews exp\u00f5e o dep\u00f3sito do Centro de Distribui\u00e7\u00e3o da Secretaria Municipal de Sa\u00fade de Feira de Santana, na Avenida Francisco Pinto, bairro Pedra do Descanso, repleto de insumos vencidos, gerando cr\u00edticas sobre a gest\u00e3o do estoque da cidade. Imagens revelam caixas com cartuchos de impressora, seringas, m\u00e1scaras e produtos de limpeza marcados com avisos de validade expirada, evidenciando o desperd\u00edcio de materiais que poderiam abastecer unidades de sa\u00fade e auxiliar pacientes que dependem do servi\u00e7o p\u00fablico. Registro obtido pelo jornalista Luiz Santos levanta preocupa\u00e7\u00f5es sobre a organiza\u00e7\u00e3o do dep\u00f3sito municipal, j\u00e1 que itens essenciais permanecem inutilizados enquanto h\u00e1 demanda crescente nas unidades de atendimento, gerando questionamentos da popula\u00e7\u00e3o sobre prioridades da gest\u00e3o. Secretaria Municipal de Sa\u00fade de Feira de Santana ainda n\u00e3o se manifestou oficialmente sobre o v\u00eddeo. A aus\u00eancia de resposta aumenta a repercuss\u00e3o negativa nas redes sociais, enquanto cidad\u00e3os e profissionais da \u00e1rea clamam por esclarecimentos e medidas imediatas para evitar novos desperd\u00edcios.\" \/>\n<meta property=\"og:url\" content=\"http:\/\/sudoesteacontece.com.br\/?p=10073\" \/>\n<meta property=\"og:site_name\" content=\"Sudoesteacontece\" \/>\n<meta property=\"article:publisher\" content=\"https:\/\/www.facebook.com\/sudoesteacontece\/?locale=pt_BR\" \/>\n<meta property=\"article:published_time\" content=\"2026-03-12T14:00:03+00:00\" \/>\n<meta property=\"article:modified_time\" content=\"2026-03-12T14:00:08+00:00\" \/>\n<meta property=\"og:image\" content=\"http:\/\/sudoesteacontece.com.br\/wp-content\/uploads\/2026\/03\/Video-mostra-desperdicio-de-materiais-de-saude-vencidos-em-Feira-de-Santana.jpg\" \/>\n<meta name=\"author\" content=\"Washington Tiago\" \/>\n<meta name=\"twitter:card\" content=\"summary_large_image\" \/>\n<meta name=\"twitter:label1\" content=\"Escrito por\" \/>\n\t<meta name=\"twitter:data1\" content=\"Washington Tiago\" \/>\n\t<meta name=\"twitter:label2\" content=\"Est. tempo de leitura\" \/>\n\t<meta name=\"twitter:data2\" content=\"2 minutos\" \/>\n<script type=\"application\/ld+json\" class=\"yoast-schema-graph\">{\"@context\":\"https:\/\/schema.org\",\"@graph\":[{\"@type\":\"Article\",\"@id\":\"http:\/\/sudoesteacontece.com.br\/?p=10073#article\",\"isPartOf\":{\"@id\":\"http:\/\/sudoesteacontece.com.br\/?p=10073\"},\"author\":{\"name\":\"Washington Tiago\",\"@id\":\"https:\/\/sudoesteacontece.com.br\/#\/schema\/person\/3cf2cf009926a9683ebc29d5379fa79c\"},\"headline\":\"V\u00eddeo mostra desperd\u00edcio de materiais de sa\u00fade vencidos em Feira de Santana\",\"datePublished\":\"2026-03-12T14:00:03+00:00\",\"dateModified\":\"2026-03-12T14:00:08+00:00\",\"mainEntityOfPage\":{\"@id\":\"http:\/\/sudoesteacontece.com.br\/?p=10073\"},\"wordCount\":198,\"commentCount\":0,\"publisher\":{\"@id\":\"https:\/\/sudoesteacontece.com.br\/#organization\"},\"image\":{\"@id\":\"http:\/\/sudoesteacontece.com.br\/?p=10073#primaryimage\"},\"thumbnailUrl\":\"http:\/\/sudoesteacontece.com.br\/wp-content\/uploads\/2026\/03\/Video-mostra-desperdicio-de-materiais-de-saude-vencidos-em-Feira-de-Santana.jpg\",\"articleSection\":[\"Bahia\",\"Justi\u00e7a\",\"Pol\u00edcia\",\"Pol\u00edtica\"],\"inLanguage\":\"pt-BR\",\"potentialAction\":[{\"@type\":\"CommentAction\",\"name\":\"Comment\",\"target\":[\"http:\/\/sudoesteacontece.com.br\/?p=10073#respond\"]}]},{\"@type\":\"WebPage\",\"@id\":\"http:\/\/sudoesteacontece.com.br\/?p=10073\",\"url\":\"http:\/\/sudoesteacontece.com.br\/?p=10073\",\"name\":\"V\u00eddeo mostra desperd\u00edcio de materiais de sa\u00fade vencidos em Feira de Santana - Sudoesteacontece\",\"isPartOf\":{\"@id\":\"https:\/\/sudoesteacontece.com.br\/#website\"},\"primaryImageOfPage\":{\"@id\":\"http:\/\/sudoesteacontece.com.br\/?p=10073#primaryimage\"},\"image\":{\"@id\":\"http:\/\/sudoesteacontece.com.br\/?p=10073#primaryimage\"},\"thumbnailUrl\":\"http:\/\/sudoesteacontece.com.br\/wp-content\/uploads\/2026\/03\/Video-mostra-desperdicio-de-materiais-de-saude-vencidos-em-Feira-de-Santana.jpg\",\"datePublished\":\"2026-03-12T14:00:03+00:00\",\"dateModified\":\"2026-03-12T14:00:08+00:00\",\"breadcrumb\":{\"@id\":\"http:\/\/sudoesteacontece.com.br\/?p=10073#breadcrumb\"},\"inLanguage\":\"pt-BR\",\"potentialAction\":[{\"@type\":\"ReadAction\",\"target\":[\"http:\/\/sudoesteacontece.com.br\/?p=10073\"]}]},{\"@type\":\"ImageObject\",\"inLanguage\":\"pt-BR\",\"@id\":\"http:\/\/sudoesteacontece.com.br\/?p=10073#primaryimage\",\"url\":\"https:\/\/sudoesteacontece.com.br\/wp-content\/uploads\/2026\/03\/Video-mostra-desperdicio-de-materiais-de-saude-vencidos-em-Feira-de-Santana.jpg\",\"contentUrl\":\"https:\/\/sudoesteacontece.com.br\/wp-content\/uploads\/2026\/03\/Video-mostra-desperdicio-de-materiais-de-saude-vencidos-em-Feira-de-Santana.jpg\",\"width\":900,\"height\":600},{\"@type\":\"BreadcrumbList\",\"@id\":\"http:\/\/sudoesteacontece.com.br\/?p=10073#breadcrumb\",\"itemListElement\":[{\"@type\":\"ListItem\",\"position\":1,\"name\":\"In\u00edcio\",\"item\":\"https:\/\/sudoesteacontece.com.br\/\"},{\"@type\":\"ListItem\",\"position\":2,\"name\":\"V\u00eddeo mostra desperd\u00edcio de materiais de sa\u00fade vencidos em Feira de Santana\"}]},{\"@type\":\"WebSite\",\"@id\":\"https:\/\/sudoesteacontece.com.br\/#website\",\"url\":\"https:\/\/sudoesteacontece.com.br\/\",\"name\":\"Sudoesteacontece\",\"description\":\"\",\"publisher\":{\"@id\":\"https:\/\/sudoesteacontece.com.br\/#organization\"},\"potentialAction\":[{\"@type\":\"SearchAction\",\"target\":{\"@type\":\"EntryPoint\",\"urlTemplate\":\"https:\/\/sudoesteacontece.com.br\/?s={search_term_string}\"},\"query-input\":{\"@type\":\"PropertyValueSpecification\",\"valueRequired\":true,\"valueName\":\"search_term_string\"}}],\"inLanguage\":\"pt-BR\"},{\"@type\":\"Organization\",\"@id\":\"https:\/\/sudoesteacontece.com.br\/#organization\",\"name\":\"Sudoesteacontece\",\"url\":\"https:\/\/sudoesteacontece.com.br\/\",\"logo\":{\"@type\":\"ImageObject\",\"inLanguage\":\"pt-BR\",\"@id\":\"https:\/\/sudoesteacontece.com.br\/#\/schema\/logo\/image\/\",\"url\":\"https:\/\/sudoesteacontece.com.br\/wp-content\/uploads\/2025\/12\/cropped-logo-2-180x180-1.png\",\"contentUrl\":\"https:\/\/sudoesteacontece.com.br\/wp-content\/uploads\/2025\/12\/cropped-logo-2-180x180-1.png\",\"width\":180,\"height\":180,\"caption\":\"Sudoesteacontece\"},\"image\":{\"@id\":\"https:\/\/sudoesteacontece.com.br\/#\/schema\/logo\/image\/\"},\"sameAs\":[\"https:\/\/www.facebook.com\/sudoesteacontece\/?locale=pt_BR\"]},{\"@type\":\"Person\",\"@id\":\"https:\/\/sudoesteacontece.com.br\/#\/schema\/person\/3cf2cf009926a9683ebc29d5379fa79c\",\"name\":\"Washington Tiago\",\"image\":{\"@type\":\"ImageObject\",\"inLanguage\":\"pt-BR\",\"@id\":\"https:\/\/sudoesteacontece.com.br\/#\/schema\/person\/image\/\",\"url\":\"https:\/\/secure.gravatar.com\/avatar\/33c43b8668157e040f9d1fe93c354bf087cbd8ba36270c1163198bd3ddcf2a56?s=96&d=mm&r=g\",\"contentUrl\":\"https:\/\/secure.gravatar.com\/avatar\/33c43b8668157e040f9d1fe93c354bf087cbd8ba36270c1163198bd3ddcf2a56?s=96&d=mm&r=g\",\"caption\":\"Washington Tiago\"},\"url\":\"https:\/\/sudoesteacontece.com.br\/?author=2\"}]}<\/script>\n<!-- \/ Yoast SEO plugin. -->","yoast_head_json":{"title":"V\u00eddeo mostra desperd\u00edcio de materiais de sa\u00fade vencidos em Feira de Santana - Sudoesteacontece","robots":{"index":"index","follow":"follow","max-snippet":"max-snippet:-1","max-image-preview":"max-image-preview:large","max-video-preview":"max-video-preview:-1"},"canonical":"http:\/\/sudoesteacontece.com.br\/?p=10073","og_locale":"pt_BR","og_type":"article","og_title":"V\u00eddeo mostra desperd\u00edcio de materiais de sa\u00fade vencidos em Feira de Santana - Sudoesteacontece","og_description":"V\u00eddeo divulgado pelo portal ConectadoNews exp\u00f5e o dep\u00f3sito do Centro de Distribui\u00e7\u00e3o da Secretaria Municipal de Sa\u00fade de Feira de Santana, na Avenida Francisco Pinto, bairro Pedra do Descanso, repleto de insumos vencidos, gerando cr\u00edticas sobre a gest\u00e3o do estoque da cidade. Imagens revelam caixas com cartuchos de impressora, seringas, m\u00e1scaras e produtos de limpeza marcados com avisos de validade expirada, evidenciando o desperd\u00edcio de materiais que poderiam abastecer unidades de sa\u00fade e auxiliar pacientes que dependem do servi\u00e7o p\u00fablico. Registro obtido pelo jornalista Luiz Santos levanta preocupa\u00e7\u00f5es sobre a organiza\u00e7\u00e3o do dep\u00f3sito municipal, j\u00e1 que itens essenciais permanecem inutilizados enquanto h\u00e1 demanda crescente nas unidades de atendimento, gerando questionamentos da popula\u00e7\u00e3o sobre prioridades da gest\u00e3o. Secretaria Municipal de Sa\u00fade de Feira de Santana ainda n\u00e3o se manifestou oficialmente sobre o v\u00eddeo. A aus\u00eancia de resposta aumenta a repercuss\u00e3o negativa nas redes sociais, enquanto cidad\u00e3os e profissionais da \u00e1rea clamam por esclarecimentos e medidas imediatas para evitar novos desperd\u00edcios.","og_url":"http:\/\/sudoesteacontece.com.br\/?p=10073","og_site_name":"Sudoesteacontece","article_publisher":"https:\/\/www.facebook.com\/sudoesteacontece\/?locale=pt_BR","article_published_time":"2026-03-12T14:00:03+00:00","article_modified_time":"2026-03-12T14:00:08+00:00","og_image":[{"url":"http:\/\/sudoesteacontece.com.br\/wp-content\/uploads\/2026\/03\/Video-mostra-desperdicio-de-materiais-de-saude-vencidos-em-Feira-de-Santana.jpg","type":"","width":"","height":""}],"author":"Washington Tiago","twitter_card":"summary_large_image","twitter_misc":{"Escrito por":"Washington Tiago","Est. tempo de leitura":"2 minutos"},"schema":{"@context":"https:\/\/schema.org","@graph":[{"@type":"Article","@id":"http:\/\/sudoesteacontece.com.br\/?p=10073#article","isPartOf":{"@id":"http:\/\/sudoesteacontece.com.br\/?p=10073"},"author":{"name":"Washington Tiago","@id":"https:\/\/sudoesteacontece.com.br\/#\/schema\/person\/3cf2cf009926a9683ebc29d5379fa79c"},"headline":"V\u00eddeo mostra desperd\u00edcio de materiais de sa\u00fade vencidos em Feira de Santana","datePublished":"2026-03-12T14:00:03+00:00","dateModified":"2026-03-12T14:00:08+00:00","mainEntityOfPage":{"@id":"http:\/\/sudoesteacontece.com.br\/?p=10073"},"wordCount":198,"commentCount":0,"publisher":{"@id":"https:\/\/sudoesteacontece.com.br\/#organization"},"image":{"@id":"http:\/\/sudoesteacontece.com.br\/?p=10073#primaryimage"},"thumbnailUrl":"http:\/\/sudoesteacontece.com.br\/wp-content\/uploads\/2026\/03\/Video-mostra-desperdicio-de-materiais-de-saude-vencidos-em-Feira-de-Santana.jpg","articleSection":["Bahia","Justi\u00e7a","Pol\u00edcia","Pol\u00edtica"],"inLanguage":"pt-BR","potentialAction":[{"@type":"CommentAction","name":"Comment","target":["http:\/\/sudoesteacontece.com.br\/?p=10073#respond"]}]},{"@type":"WebPage","@id":"http:\/\/sudoesteacontece.com.br\/?p=10073","url":"http:\/\/sudoesteacontece.com.br\/?p=10073","name":"V\u00eddeo mostra desperd\u00edcio de materiais de sa\u00fade vencidos em Feira de Santana - Sudoesteacontece","isPartOf":{"@id":"https:\/\/sudoesteacontece.com.br\/#website"},"primaryImageOfPage":{"@id":"http:\/\/sudoesteacontece.com.br\/?p=10073#primaryimage"},"image":{"@id":"http:\/\/sudoesteacontece.com.br\/?p=10073#primaryimage"},"thumbnailUrl":"http:\/\/sudoesteacontece.com.br\/wp-content\/uploads\/2026\/03\/Video-mostra-desperdicio-de-materiais-de-saude-vencidos-em-Feira-de-Santana.jpg","datePublished":"2026-03-12T14:00:03+00:00","dateModified":"2026-03-12T14:00:08+00:00","breadcrumb":{"@id":"http:\/\/sudoesteacontece.com.br\/?p=10073#breadcrumb"},"inLanguage":"pt-BR","potentialAction":[{"@type":"ReadAction","target":["http:\/\/sudoesteacontece.com.br\/?p=10073"]}]},{"@type":"ImageObject","inLanguage":"pt-BR","@id":"http:\/\/sudoesteacontece.com.br\/?p=10073#primaryimage","url":"https:\/\/sudoesteacontece.com.br\/wp-content\/uploads\/2026\/03\/Video-mostra-desperdicio-de-materiais-de-saude-vencidos-em-Feira-de-Santana.jpg","contentUrl":"https:\/\/sudoesteacontece.com.br\/wp-content\/uploads\/2026\/03\/Video-mostra-desperdicio-de-materiais-de-saude-vencidos-em-Feira-de-Santana.jpg","width":900,"height":600},{"@type":"BreadcrumbList","@id":"http:\/\/sudoesteacontece.com.br\/?p=10073#breadcrumb","itemListElement":[{"@type":"ListItem","position":1,"name":"In\u00edcio","item":"https:\/\/sudoesteacontece.com.br\/"},{"@type":"ListItem","position":2,"name":"V\u00eddeo mostra desperd\u00edcio de materiais de sa\u00fade vencidos em Feira de Santana"}]},{"@type":"WebSite","@id":"https:\/\/sudoesteacontece.com.br\/#website","url":"https:\/\/sudoesteacontece.com.br\/","name":"Sudoesteacontece","description":"","publisher":{"@id":"https:\/\/sudoesteacontece.com.br\/#organization"},"potentialAction":[{"@type":"SearchAction","target":{"@type":"EntryPoint","urlTemplate":"https:\/\/sudoesteacontece.com.br\/?s={search_term_string}"},"query-input":{"@type":"PropertyValueSpecification","valueRequired":true,"valueName":"search_term_string"}}],"inLanguage":"pt-BR"},{"@type":"Organization","@id":"https:\/\/sudoesteacontece.com.br\/#organization","name":"Sudoesteacontece","url":"https:\/\/sudoesteacontece.com.br\/","logo":{"@type":"ImageObject","inLanguage":"pt-BR","@id":"https:\/\/sudoesteacontece.com.br\/#\/schema\/logo\/image\/","url":"https:\/\/sudoesteacontece.com.br\/wp-content\/uploads\/2025\/12\/cropped-logo-2-180x180-1.png","contentUrl":"https:\/\/sudoesteacontece.com.br\/wp-content\/uploads\/2025\/12\/cropped-logo-2-180x180-1.png","width":180,"height":180,"caption":"Sudoesteacontece"},"image":{"@id":"https:\/\/sudoesteacontece.com.br\/#\/schema\/logo\/image\/"},"sameAs":["https:\/\/www.facebook.com\/sudoesteacontece\/?locale=pt_BR"]},{"@type":"Person","@id":"https:\/\/sudoesteacontece.com.br\/#\/schema\/person\/3cf2cf009926a9683ebc29d5379fa79c","name":"Washington Tiago","image":{"@type":"ImageObject","inLanguage":"pt-BR","@id":"https:\/\/sudoesteacontece.com.br\/#\/schema\/person\/image\/","url":"https:\/\/secure.gravatar.com\/avatar\/33c43b8668157e040f9d1fe93c354bf087cbd8ba36270c1163198bd3ddcf2a56?s=96&d=mm&r=g","contentUrl":"https:\/\/secure.gravatar.com\/avatar\/33c43b8668157e040f9d1fe93c354bf087cbd8ba36270c1163198bd3ddcf2a56?s=96&d=mm&r=g","caption":"Washington Tiago"},"url":"https:\/\/sudoesteacontece.com.br\/?author=2"}]}},"_links":{"self":[{"href":"https:\/\/sudoesteacontece.com.br\/index.php?rest_route=\/wp\/v2\/posts\/10073","targetHints":{"allow":["GET"]}}],"collection":[{"href":"https:\/\/sudoesteacontece.com.br\/index.php?rest_route=\/wp\/v2\/posts"}],"about":[{"href":"https:\/\/sudoesteacontece.com.br\/index.php?rest_route=\/wp\/v2\/types\/post"}],"author":[{"embeddable":true,"href":"https:\/\/sudoesteacontece.com.br\/index.php?rest_route=\/wp\/v2\/users\/2"}],"replies":[{"embeddable":true,"href":"https:\/\/sudoesteacontece.com.br\/index.php?rest_route=%2Fwp%2Fv2%2Fcomments&post=10073"}],"version-history":[{"count":0,"href":"https:\/\/sudoesteacontece.com.br\/index.php?rest_route=\/wp\/v2\/posts\/10073\/revisions"}],"wp:attachment":[{"href":"https:\/\/sudoesteacontece.com.br\/index.php?rest_route=%2Fwp%2Fv2%2Fmedia&parent=10073"}],"wp:term":[{"taxonomy":"category","embeddable":true,"href":"https:\/\/sudoesteacontece.com.br\/index.php?rest_route=%2Fwp%2Fv2%2Fcategories&post=10073"},{"taxonomy":"post_tag","embeddable":true,"href":"https:\/\/sudoesteacontece.com.br\/index.php?rest_route=%2Fwp%2Fv2%2Ftags&post=10073"}],"curies":[{"name":"wp","href":"https:\/\/api.w.org\/{rel}","templated":true}]}}