{"id":10078,"date":"2026-03-12T11:01:48","date_gmt":"2026-03-12T14:01:48","guid":{"rendered":"https:\/\/sudoesteacontece.com.br\/?p=10078"},"modified":"2026-03-12T11:01:52","modified_gmt":"2026-03-12T14:01:52","slug":"guanambi-se-prepara-para-a-maior-feira-de-negocios-da-historia-da-cidade","status":"publish","type":"post","link":"https:\/\/sudoesteacontece.com.br\/?p=10078","title":{"rendered":"Guanambi se prepara para a maior Feira de Neg\u00f3cios da hist\u00f3ria da cidade"},"content":{"rendered":"<div class=\"wp-block-image\">\n<figure class=\"aligncenter size-full\"><img fetchpriority=\"high\" decoding=\"async\" width=\"900\" height=\"600\" src=\"http:\/\/sudoesteacontece.com.br\/wp-content\/uploads\/2026\/03\/Guanambi-se-prepara-para-a-maior-Feira-de-Negocios-da-historia-da-cidade.jpg\" alt=\"\" class=\"wp-image-10079\" srcset=\"https:\/\/sudoesteacontece.com.br\/wp-content\/uploads\/2026\/03\/Guanambi-se-prepara-para-a-maior-Feira-de-Negocios-da-historia-da-cidade.jpg 900w, https:\/\/sudoesteacontece.com.br\/wp-content\/uploads\/2026\/03\/Guanambi-se-prepara-para-a-maior-Feira-de-Negocios-da-historia-da-cidade-300x200.jpg 300w, https:\/\/sudoesteacontece.com.br\/wp-content\/uploads\/2026\/03\/Guanambi-se-prepara-para-a-maior-Feira-de-Negocios-da-historia-da-cidade-768x512.jpg 768w\" sizes=\"(max-width: 900px) 100vw, 900px\" \/><\/figure>\n<\/div>\n\n\n<p>Cidade de Guanambi se mobiliza para a quinta edi\u00e7\u00e3o da Feira de Neg\u00f3cios, que promete agitar a economia local. Evento ganha destaque nacional por sua estrutura completa, compar\u00e1vel \u00e0s grandes feiras do pa\u00eds, e consolida-se como pol\u00edtica p\u00fablica permanente voltada ao desenvolvimento econ\u00f4mico e \u00e0 valoriza\u00e7\u00e3o do empreendedorismo.<\/p>\n\n\n\n<p>Secret\u00e1rio municipal de Desenvolvimento Econ\u00f4mico, Fabr\u00edcio Lopes, ressaltou que a feira j\u00e1 \u00e9 refer\u00eancia no setor e n\u00e3o precisa mais provar seu potencial. Segundo ele, a iniciativa veio para ficar e refor\u00e7ar o fortalecimento das empresas locais. \u201cEla mostra a for\u00e7a do nosso empresariado e cria oportunidades concretas de neg\u00f3cios\u201d, afirmou.<\/p>\n\n\n\n<p>Evento ocorrer\u00e1 entre os dias 13 e 17 de maio e ter\u00e1, pela primeira vez, como palco o novo Expo Center, parque de exposi\u00e7\u00f5es da cidade. Organizador informou que cerca de 120 estandes ser\u00e3o montados, reunindo empresas privadas, empreendedores locais e parceiros estrat\u00e9gicos, oferecendo produtos e servi\u00e7os de diversos segmentos para um p\u00fablico crescente.<\/p>\n\n\n\n<p>Programa\u00e7\u00e3o inclui atra\u00e7\u00f5es culturais, shows musicais, espa\u00e7o kids, Vila da Agricultura Familiar e \u00e1rea de alimenta\u00e7\u00e3o, ampliando a experi\u00eancia do visitante. Prefeitura Municipal subsidia totalmente a feira, garantindo acesso gratuito. Secret\u00e1rio refor\u00e7ou que iniciativa promove empreendedorismo, gera oportunidades e fortalece o com\u00e9rcio local de forma direta.<\/p>\n\n\n\n<p>Expectativa \u00e9 superar recordes de p\u00fablico, j\u00e1 que edi\u00e7\u00f5es anteriores atra\u00edram mais de 30 mil pessoas em cinco dias. Inscri\u00e7\u00f5es para expositores come\u00e7am em 16 de mar\u00e7o, na Secretaria Municipal de Desenvolvimento Econ\u00f4mico, permitindo que empres\u00e1rios garantam participa\u00e7\u00e3o, ampliem rede de contatos e fortale\u00e7am presen\u00e7a de marca na regi\u00e3o.<\/p>\n","protected":false},"excerpt":{"rendered":"<p>Cidade de Guanambi se mobiliza para a quinta edi\u00e7\u00e3o da Feira de Neg\u00f3cios, que promete agitar a economia local. Evento ganha destaque nacional por sua estrutura completa, compar\u00e1vel \u00e0s grandes feiras do pa\u00eds, e consolida-se como pol\u00edtica p\u00fablica permanente voltada ao desenvolvimento econ\u00f4mico e \u00e0 valoriza\u00e7\u00e3o do empreendedorismo. Secret\u00e1rio municipal de Desenvolvimento Econ\u00f4mico, Fabr\u00edcio Lopes, ressaltou que a feira j\u00e1 \u00e9 refer\u00eancia no setor e n\u00e3o precisa mais provar seu potencial. Segundo ele, a iniciativa veio para ficar e refor\u00e7ar o fortalecimento das empresas locais. \u201cEla mostra a for\u00e7a do nosso empresariado e cria oportunidades concretas de neg\u00f3cios\u201d, afirmou. Evento ocorrer\u00e1 entre os dias 13 e 17 de maio e ter\u00e1, pela primeira vez, como palco o novo Expo Center, parque de exposi\u00e7\u00f5es da cidade. Organizador informou que cerca de 120 estandes ser\u00e3o montados, reunindo empresas privadas, empreendedores locais e parceiros estrat\u00e9gicos, oferecendo produtos e servi\u00e7os de diversos segmentos para um p\u00fablico crescente. Programa\u00e7\u00e3o inclui atra\u00e7\u00f5es culturais, shows musicais, espa\u00e7o kids, Vila da Agricultura Familiar e \u00e1rea de alimenta\u00e7\u00e3o, ampliando a experi\u00eancia do visitante. Prefeitura Municipal subsidia totalmente a feira, garantindo acesso gratuito. Secret\u00e1rio refor\u00e7ou que iniciativa promove empreendedorismo, gera oportunidades e fortalece o com\u00e9rcio local de forma direta. Expectativa \u00e9 superar recordes de p\u00fablico, j\u00e1 que edi\u00e7\u00f5es anteriores atra\u00edram mais de 30 mil pessoas em cinco dias. Inscri\u00e7\u00f5es para expositores come\u00e7am em 16 de mar\u00e7o, na Secretaria Municipal de Desenvolvimento Econ\u00f4mico, permitindo que empres\u00e1rios garantam participa\u00e7\u00e3o, ampliem rede de contatos e fortale\u00e7am presen\u00e7a de marca na regi\u00e3o.<\/p>\n","protected":false},"author":2,"featured_media":0,"comment_status":"open","ping_status":"open","sticky":false,"template":"","format":"standard","meta":{"footnotes":""},"categories":[4,59,17],"tags":[],"class_list":["post-10078","post","type-post","status-publish","format-standard","hentry","category-cidades","category-economia","category-guanambi"],"yoast_head":"<!-- This site is optimized with the Yoast SEO plugin v26.5 - https:\/\/yoast.com\/wordpress\/plugins\/seo\/ -->\n<title>Guanambi se prepara para a maior Feira de Neg\u00f3cios da hist\u00f3ria da cidade - Sudoesteacontece<\/title>\n<meta name=\"robots\" content=\"index, follow, max-snippet:-1, max-image-preview:large, max-video-preview:-1\" \/>\n<link rel=\"canonical\" href=\"http:\/\/sudoesteacontece.com.br\/?p=10078\" \/>\n<meta property=\"og:locale\" content=\"pt_BR\" \/>\n<meta property=\"og:type\" content=\"article\" \/>\n<meta property=\"og:title\" content=\"Guanambi se prepara para a maior Feira de Neg\u00f3cios da hist\u00f3ria da cidade - Sudoesteacontece\" \/>\n<meta property=\"og:description\" content=\"Cidade de Guanambi se mobiliza para a quinta edi\u00e7\u00e3o da Feira de Neg\u00f3cios, que promete agitar a economia local. Evento ganha destaque nacional por sua estrutura completa, compar\u00e1vel \u00e0s grandes feiras do pa\u00eds, e consolida-se como pol\u00edtica p\u00fablica permanente voltada ao desenvolvimento econ\u00f4mico e \u00e0 valoriza\u00e7\u00e3o do empreendedorismo. Secret\u00e1rio municipal de Desenvolvimento Econ\u00f4mico, Fabr\u00edcio Lopes, ressaltou que a feira j\u00e1 \u00e9 refer\u00eancia no setor e n\u00e3o precisa mais provar seu potencial. Segundo ele, a iniciativa veio para ficar e refor\u00e7ar o fortalecimento das empresas locais. \u201cEla mostra a for\u00e7a do nosso empresariado e cria oportunidades concretas de neg\u00f3cios\u201d, afirmou. Evento ocorrer\u00e1 entre os dias 13 e 17 de maio e ter\u00e1, pela primeira vez, como palco o novo Expo Center, parque de exposi\u00e7\u00f5es da cidade. Organizador informou que cerca de 120 estandes ser\u00e3o montados, reunindo empresas privadas, empreendedores locais e parceiros estrat\u00e9gicos, oferecendo produtos e servi\u00e7os de diversos segmentos para um p\u00fablico crescente. Programa\u00e7\u00e3o inclui atra\u00e7\u00f5es culturais, shows musicais, espa\u00e7o kids, Vila da Agricultura Familiar e \u00e1rea de alimenta\u00e7\u00e3o, ampliando a experi\u00eancia do visitante. Prefeitura Municipal subsidia totalmente a feira, garantindo acesso gratuito. Secret\u00e1rio refor\u00e7ou que iniciativa promove empreendedorismo, gera oportunidades e fortalece o com\u00e9rcio local de forma direta. Expectativa \u00e9 superar recordes de p\u00fablico, j\u00e1 que edi\u00e7\u00f5es anteriores atra\u00edram mais de 30 mil pessoas em cinco dias. Inscri\u00e7\u00f5es para expositores come\u00e7am em 16 de mar\u00e7o, na Secretaria Municipal de Desenvolvimento Econ\u00f4mico, permitindo que empres\u00e1rios garantam participa\u00e7\u00e3o, ampliem rede de contatos e fortale\u00e7am presen\u00e7a de marca na regi\u00e3o.\" \/>\n<meta property=\"og:url\" content=\"http:\/\/sudoesteacontece.com.br\/?p=10078\" \/>\n<meta property=\"og:site_name\" content=\"Sudoesteacontece\" \/>\n<meta property=\"article:publisher\" content=\"https:\/\/www.facebook.com\/sudoesteacontece\/?locale=pt_BR\" \/>\n<meta property=\"article:published_time\" content=\"2026-03-12T14:01:48+00:00\" \/>\n<meta property=\"article:modified_time\" content=\"2026-03-12T14:01:52+00:00\" \/>\n<meta property=\"og:image\" content=\"http:\/\/sudoesteacontece.com.br\/wp-content\/uploads\/2026\/03\/Guanambi-se-prepara-para-a-maior-Feira-de-Negocios-da-historia-da-cidade.jpg\" \/>\n<meta name=\"author\" content=\"Washington Tiago\" \/>\n<meta name=\"twitter:card\" content=\"summary_large_image\" \/>\n<meta name=\"twitter:label1\" content=\"Escrito por\" \/>\n\t<meta name=\"twitter:data1\" content=\"Washington Tiago\" \/>\n\t<meta name=\"twitter:label2\" content=\"Est. tempo de leitura\" \/>\n\t<meta name=\"twitter:data2\" content=\"2 minutos\" \/>\n<script type=\"application\/ld+json\" class=\"yoast-schema-graph\">{\"@context\":\"https:\/\/schema.org\",\"@graph\":[{\"@type\":\"Article\",\"@id\":\"http:\/\/sudoesteacontece.com.br\/?p=10078#article\",\"isPartOf\":{\"@id\":\"http:\/\/sudoesteacontece.com.br\/?p=10078\"},\"author\":{\"name\":\"Washington Tiago\",\"@id\":\"https:\/\/sudoesteacontece.com.br\/#\/schema\/person\/3cf2cf009926a9683ebc29d5379fa79c\"},\"headline\":\"Guanambi se prepara para a maior Feira de Neg\u00f3cios da hist\u00f3ria da cidade\",\"datePublished\":\"2026-03-12T14:01:48+00:00\",\"dateModified\":\"2026-03-12T14:01:52+00:00\",\"mainEntityOfPage\":{\"@id\":\"http:\/\/sudoesteacontece.com.br\/?p=10078\"},\"wordCount\":296,\"commentCount\":0,\"publisher\":{\"@id\":\"https:\/\/sudoesteacontece.com.br\/#organization\"},\"image\":{\"@id\":\"http:\/\/sudoesteacontece.com.br\/?p=10078#primaryimage\"},\"thumbnailUrl\":\"http:\/\/sudoesteacontece.com.br\/wp-content\/uploads\/2026\/03\/Guanambi-se-prepara-para-a-maior-Feira-de-Negocios-da-historia-da-cidade.jpg\",\"articleSection\":[\"Cidades\",\"Economia\",\"Guanambi\"],\"inLanguage\":\"pt-BR\",\"potentialAction\":[{\"@type\":\"CommentAction\",\"name\":\"Comment\",\"target\":[\"http:\/\/sudoesteacontece.com.br\/?p=10078#respond\"]}]},{\"@type\":\"WebPage\",\"@id\":\"http:\/\/sudoesteacontece.com.br\/?p=10078\",\"url\":\"http:\/\/sudoesteacontece.com.br\/?p=10078\",\"name\":\"Guanambi se prepara para a maior Feira de Neg\u00f3cios da hist\u00f3ria da cidade - Sudoesteacontece\",\"isPartOf\":{\"@id\":\"https:\/\/sudoesteacontece.com.br\/#website\"},\"primaryImageOfPage\":{\"@id\":\"http:\/\/sudoesteacontece.com.br\/?p=10078#primaryimage\"},\"image\":{\"@id\":\"http:\/\/sudoesteacontece.com.br\/?p=10078#primaryimage\"},\"thumbnailUrl\":\"http:\/\/sudoesteacontece.com.br\/wp-content\/uploads\/2026\/03\/Guanambi-se-prepara-para-a-maior-Feira-de-Negocios-da-historia-da-cidade.jpg\",\"datePublished\":\"2026-03-12T14:01:48+00:00\",\"dateModified\":\"2026-03-12T14:01:52+00:00\",\"breadcrumb\":{\"@id\":\"http:\/\/sudoesteacontece.com.br\/?p=10078#breadcrumb\"},\"inLanguage\":\"pt-BR\",\"potentialAction\":[{\"@type\":\"ReadAction\",\"target\":[\"http:\/\/sudoesteacontece.com.br\/?p=10078\"]}]},{\"@type\":\"ImageObject\",\"inLanguage\":\"pt-BR\",\"@id\":\"http:\/\/sudoesteacontece.com.br\/?p=10078#primaryimage\",\"url\":\"https:\/\/sudoesteacontece.com.br\/wp-content\/uploads\/2026\/03\/Guanambi-se-prepara-para-a-maior-Feira-de-Negocios-da-historia-da-cidade.jpg\",\"contentUrl\":\"https:\/\/sudoesteacontece.com.br\/wp-content\/uploads\/2026\/03\/Guanambi-se-prepara-para-a-maior-Feira-de-Negocios-da-historia-da-cidade.jpg\",\"width\":900,\"height\":600},{\"@type\":\"BreadcrumbList\",\"@id\":\"http:\/\/sudoesteacontece.com.br\/?p=10078#breadcrumb\",\"itemListElement\":[{\"@type\":\"ListItem\",\"position\":1,\"name\":\"In\u00edcio\",\"item\":\"https:\/\/sudoesteacontece.com.br\/\"},{\"@type\":\"ListItem\",\"position\":2,\"name\":\"Guanambi se prepara para a maior Feira de Neg\u00f3cios da hist\u00f3ria da cidade\"}]},{\"@type\":\"WebSite\",\"@id\":\"https:\/\/sudoesteacontece.com.br\/#website\",\"url\":\"https:\/\/sudoesteacontece.com.br\/\",\"name\":\"Sudoesteacontece\",\"description\":\"\",\"publisher\":{\"@id\":\"https:\/\/sudoesteacontece.com.br\/#organization\"},\"potentialAction\":[{\"@type\":\"SearchAction\",\"target\":{\"@type\":\"EntryPoint\",\"urlTemplate\":\"https:\/\/sudoesteacontece.com.br\/?s={search_term_string}\"},\"query-input\":{\"@type\":\"PropertyValueSpecification\",\"valueRequired\":true,\"valueName\":\"search_term_string\"}}],\"inLanguage\":\"pt-BR\"},{\"@type\":\"Organization\",\"@id\":\"https:\/\/sudoesteacontece.com.br\/#organization\",\"name\":\"Sudoesteacontece\",\"url\":\"https:\/\/sudoesteacontece.com.br\/\",\"logo\":{\"@type\":\"ImageObject\",\"inLanguage\":\"pt-BR\",\"@id\":\"https:\/\/sudoesteacontece.com.br\/#\/schema\/logo\/image\/\",\"url\":\"https:\/\/sudoesteacontece.com.br\/wp-content\/uploads\/2025\/12\/cropped-logo-2-180x180-1.png\",\"contentUrl\":\"https:\/\/sudoesteacontece.com.br\/wp-content\/uploads\/2025\/12\/cropped-logo-2-180x180-1.png\",\"width\":180,\"height\":180,\"caption\":\"Sudoesteacontece\"},\"image\":{\"@id\":\"https:\/\/sudoesteacontece.com.br\/#\/schema\/logo\/image\/\"},\"sameAs\":[\"https:\/\/www.facebook.com\/sudoesteacontece\/?locale=pt_BR\"]},{\"@type\":\"Person\",\"@id\":\"https:\/\/sudoesteacontece.com.br\/#\/schema\/person\/3cf2cf009926a9683ebc29d5379fa79c\",\"name\":\"Washington Tiago\",\"image\":{\"@type\":\"ImageObject\",\"inLanguage\":\"pt-BR\",\"@id\":\"https:\/\/sudoesteacontece.com.br\/#\/schema\/person\/image\/\",\"url\":\"https:\/\/secure.gravatar.com\/avatar\/33c43b8668157e040f9d1fe93c354bf087cbd8ba36270c1163198bd3ddcf2a56?s=96&d=mm&r=g\",\"contentUrl\":\"https:\/\/secure.gravatar.com\/avatar\/33c43b8668157e040f9d1fe93c354bf087cbd8ba36270c1163198bd3ddcf2a56?s=96&d=mm&r=g\",\"caption\":\"Washington Tiago\"},\"url\":\"https:\/\/sudoesteacontece.com.br\/?author=2\"}]}<\/script>\n<!-- \/ Yoast SEO plugin. -->","yoast_head_json":{"title":"Guanambi se prepara para a maior Feira de Neg\u00f3cios da hist\u00f3ria da cidade - Sudoesteacontece","robots":{"index":"index","follow":"follow","max-snippet":"max-snippet:-1","max-image-preview":"max-image-preview:large","max-video-preview":"max-video-preview:-1"},"canonical":"http:\/\/sudoesteacontece.com.br\/?p=10078","og_locale":"pt_BR","og_type":"article","og_title":"Guanambi se prepara para a maior Feira de Neg\u00f3cios da hist\u00f3ria da cidade - Sudoesteacontece","og_description":"Cidade de Guanambi se mobiliza para a quinta edi\u00e7\u00e3o da Feira de Neg\u00f3cios, que promete agitar a economia local. Evento ganha destaque nacional por sua estrutura completa, compar\u00e1vel \u00e0s grandes feiras do pa\u00eds, e consolida-se como pol\u00edtica p\u00fablica permanente voltada ao desenvolvimento econ\u00f4mico e \u00e0 valoriza\u00e7\u00e3o do empreendedorismo. Secret\u00e1rio municipal de Desenvolvimento Econ\u00f4mico, Fabr\u00edcio Lopes, ressaltou que a feira j\u00e1 \u00e9 refer\u00eancia no setor e n\u00e3o precisa mais provar seu potencial. Segundo ele, a iniciativa veio para ficar e refor\u00e7ar o fortalecimento das empresas locais. \u201cEla mostra a for\u00e7a do nosso empresariado e cria oportunidades concretas de neg\u00f3cios\u201d, afirmou. Evento ocorrer\u00e1 entre os dias 13 e 17 de maio e ter\u00e1, pela primeira vez, como palco o novo Expo Center, parque de exposi\u00e7\u00f5es da cidade. Organizador informou que cerca de 120 estandes ser\u00e3o montados, reunindo empresas privadas, empreendedores locais e parceiros estrat\u00e9gicos, oferecendo produtos e servi\u00e7os de diversos segmentos para um p\u00fablico crescente. Programa\u00e7\u00e3o inclui atra\u00e7\u00f5es culturais, shows musicais, espa\u00e7o kids, Vila da Agricultura Familiar e \u00e1rea de alimenta\u00e7\u00e3o, ampliando a experi\u00eancia do visitante. Prefeitura Municipal subsidia totalmente a feira, garantindo acesso gratuito. Secret\u00e1rio refor\u00e7ou que iniciativa promove empreendedorismo, gera oportunidades e fortalece o com\u00e9rcio local de forma direta. Expectativa \u00e9 superar recordes de p\u00fablico, j\u00e1 que edi\u00e7\u00f5es anteriores atra\u00edram mais de 30 mil pessoas em cinco dias. Inscri\u00e7\u00f5es para expositores come\u00e7am em 16 de mar\u00e7o, na Secretaria Municipal de Desenvolvimento Econ\u00f4mico, permitindo que empres\u00e1rios garantam participa\u00e7\u00e3o, ampliem rede de contatos e fortale\u00e7am presen\u00e7a de marca na regi\u00e3o.","og_url":"http:\/\/sudoesteacontece.com.br\/?p=10078","og_site_name":"Sudoesteacontece","article_publisher":"https:\/\/www.facebook.com\/sudoesteacontece\/?locale=pt_BR","article_published_time":"2026-03-12T14:01:48+00:00","article_modified_time":"2026-03-12T14:01:52+00:00","og_image":[{"url":"http:\/\/sudoesteacontece.com.br\/wp-content\/uploads\/2026\/03\/Guanambi-se-prepara-para-a-maior-Feira-de-Negocios-da-historia-da-cidade.jpg","type":"","width":"","height":""}],"author":"Washington Tiago","twitter_card":"summary_large_image","twitter_misc":{"Escrito por":"Washington Tiago","Est. tempo de leitura":"2 minutos"},"schema":{"@context":"https:\/\/schema.org","@graph":[{"@type":"Article","@id":"http:\/\/sudoesteacontece.com.br\/?p=10078#article","isPartOf":{"@id":"http:\/\/sudoesteacontece.com.br\/?p=10078"},"author":{"name":"Washington Tiago","@id":"https:\/\/sudoesteacontece.com.br\/#\/schema\/person\/3cf2cf009926a9683ebc29d5379fa79c"},"headline":"Guanambi se prepara para a maior Feira de Neg\u00f3cios da hist\u00f3ria da cidade","datePublished":"2026-03-12T14:01:48+00:00","dateModified":"2026-03-12T14:01:52+00:00","mainEntityOfPage":{"@id":"http:\/\/sudoesteacontece.com.br\/?p=10078"},"wordCount":296,"commentCount":0,"publisher":{"@id":"https:\/\/sudoesteacontece.com.br\/#organization"},"image":{"@id":"http:\/\/sudoesteacontece.com.br\/?p=10078#primaryimage"},"thumbnailUrl":"http:\/\/sudoesteacontece.com.br\/wp-content\/uploads\/2026\/03\/Guanambi-se-prepara-para-a-maior-Feira-de-Negocios-da-historia-da-cidade.jpg","articleSection":["Cidades","Economia","Guanambi"],"inLanguage":"pt-BR","potentialAction":[{"@type":"CommentAction","name":"Comment","target":["http:\/\/sudoesteacontece.com.br\/?p=10078#respond"]}]},{"@type":"WebPage","@id":"http:\/\/sudoesteacontece.com.br\/?p=10078","url":"http:\/\/sudoesteacontece.com.br\/?p=10078","name":"Guanambi se prepara para a maior Feira de Neg\u00f3cios da hist\u00f3ria da cidade - Sudoesteacontece","isPartOf":{"@id":"https:\/\/sudoesteacontece.com.br\/#website"},"primaryImageOfPage":{"@id":"http:\/\/sudoesteacontece.com.br\/?p=10078#primaryimage"},"image":{"@id":"http:\/\/sudoesteacontece.com.br\/?p=10078#primaryimage"},"thumbnailUrl":"http:\/\/sudoesteacontece.com.br\/wp-content\/uploads\/2026\/03\/Guanambi-se-prepara-para-a-maior-Feira-de-Negocios-da-historia-da-cidade.jpg","datePublished":"2026-03-12T14:01:48+00:00","dateModified":"2026-03-12T14:01:52+00:00","breadcrumb":{"@id":"http:\/\/sudoesteacontece.com.br\/?p=10078#breadcrumb"},"inLanguage":"pt-BR","potentialAction":[{"@type":"ReadAction","target":["http:\/\/sudoesteacontece.com.br\/?p=10078"]}]},{"@type":"ImageObject","inLanguage":"pt-BR","@id":"http:\/\/sudoesteacontece.com.br\/?p=10078#primaryimage","url":"https:\/\/sudoesteacontece.com.br\/wp-content\/uploads\/2026\/03\/Guanambi-se-prepara-para-a-maior-Feira-de-Negocios-da-historia-da-cidade.jpg","contentUrl":"https:\/\/sudoesteacontece.com.br\/wp-content\/uploads\/2026\/03\/Guanambi-se-prepara-para-a-maior-Feira-de-Negocios-da-historia-da-cidade.jpg","width":900,"height":600},{"@type":"BreadcrumbList","@id":"http:\/\/sudoesteacontece.com.br\/?p=10078#breadcrumb","itemListElement":[{"@type":"ListItem","position":1,"name":"In\u00edcio","item":"https:\/\/sudoesteacontece.com.br\/"},{"@type":"ListItem","position":2,"name":"Guanambi se prepara para a maior Feira de Neg\u00f3cios da hist\u00f3ria da cidade"}]},{"@type":"WebSite","@id":"https:\/\/sudoesteacontece.com.br\/#website","url":"https:\/\/sudoesteacontece.com.br\/","name":"Sudoesteacontece","description":"","publisher":{"@id":"https:\/\/sudoesteacontece.com.br\/#organization"},"potentialAction":[{"@type":"SearchAction","target":{"@type":"EntryPoint","urlTemplate":"https:\/\/sudoesteacontece.com.br\/?s={search_term_string}"},"query-input":{"@type":"PropertyValueSpecification","valueRequired":true,"valueName":"search_term_string"}}],"inLanguage":"pt-BR"},{"@type":"Organization","@id":"https:\/\/sudoesteacontece.com.br\/#organization","name":"Sudoesteacontece","url":"https:\/\/sudoesteacontece.com.br\/","logo":{"@type":"ImageObject","inLanguage":"pt-BR","@id":"https:\/\/sudoesteacontece.com.br\/#\/schema\/logo\/image\/","url":"https:\/\/sudoesteacontece.com.br\/wp-content\/uploads\/2025\/12\/cropped-logo-2-180x180-1.png","contentUrl":"https:\/\/sudoesteacontece.com.br\/wp-content\/uploads\/2025\/12\/cropped-logo-2-180x180-1.png","width":180,"height":180,"caption":"Sudoesteacontece"},"image":{"@id":"https:\/\/sudoesteacontece.com.br\/#\/schema\/logo\/image\/"},"sameAs":["https:\/\/www.facebook.com\/sudoesteacontece\/?locale=pt_BR"]},{"@type":"Person","@id":"https:\/\/sudoesteacontece.com.br\/#\/schema\/person\/3cf2cf009926a9683ebc29d5379fa79c","name":"Washington Tiago","image":{"@type":"ImageObject","inLanguage":"pt-BR","@id":"https:\/\/sudoesteacontece.com.br\/#\/schema\/person\/image\/","url":"https:\/\/secure.gravatar.com\/avatar\/33c43b8668157e040f9d1fe93c354bf087cbd8ba36270c1163198bd3ddcf2a56?s=96&d=mm&r=g","contentUrl":"https:\/\/secure.gravatar.com\/avatar\/33c43b8668157e040f9d1fe93c354bf087cbd8ba36270c1163198bd3ddcf2a56?s=96&d=mm&r=g","caption":"Washington Tiago"},"url":"https:\/\/sudoesteacontece.com.br\/?author=2"}]}},"_links":{"self":[{"href":"https:\/\/sudoesteacontece.com.br\/index.php?rest_route=\/wp\/v2\/posts\/10078","targetHints":{"allow":["GET"]}}],"collection":[{"href":"https:\/\/sudoesteacontece.com.br\/index.php?rest_route=\/wp\/v2\/posts"}],"about":[{"href":"https:\/\/sudoesteacontece.com.br\/index.php?rest_route=\/wp\/v2\/types\/post"}],"author":[{"embeddable":true,"href":"https:\/\/sudoesteacontece.com.br\/index.php?rest_route=\/wp\/v2\/users\/2"}],"replies":[{"embeddable":true,"href":"https:\/\/sudoesteacontece.com.br\/index.php?rest_route=%2Fwp%2Fv2%2Fcomments&post=10078"}],"version-history":[{"count":0,"href":"https:\/\/sudoesteacontece.com.br\/index.php?rest_route=\/wp\/v2\/posts\/10078\/revisions"}],"wp:attachment":[{"href":"https:\/\/sudoesteacontece.com.br\/index.php?rest_route=%2Fwp%2Fv2%2Fmedia&parent=10078"}],"wp:term":[{"taxonomy":"category","embeddable":true,"href":"https:\/\/sudoesteacontece.com.br\/index.php?rest_route=%2Fwp%2Fv2%2Fcategories&post=10078"},{"taxonomy":"post_tag","embeddable":true,"href":"https:\/\/sudoesteacontece.com.br\/index.php?rest_route=%2Fwp%2Fv2%2Ftags&post=10078"}],"curies":[{"name":"wp","href":"https:\/\/api.w.org\/{rel}","templated":true}]}}