{"id":10083,"date":"2026-03-12T11:14:55","date_gmt":"2026-03-12T14:14:55","guid":{"rendered":"https:\/\/sudoesteacontece.com.br\/?p=10083"},"modified":"2026-03-12T11:15:00","modified_gmt":"2026-03-12T14:15:00","slug":"homem-investigado-por-estupro-e-ameaca-e-preso-em-candido-sales-apos-mandado","status":"publish","type":"post","link":"https:\/\/sudoesteacontece.com.br\/?p=10083","title":{"rendered":"Homem investigado por estupro e amea\u00e7a \u00e9 preso em C\u00e2ndido Sales ap\u00f3s mandado"},"content":{"rendered":"<div class=\"wp-block-image\">\n<figure class=\"aligncenter size-full\"><img fetchpriority=\"high\" decoding=\"async\" width=\"900\" height=\"600\" src=\"http:\/\/sudoesteacontece.com.br\/wp-content\/uploads\/2026\/03\/Homem-investigado-por-estupro-e-ameaca-e-preso-em-Candido-Sales-apos-mandado.jpg\" alt=\"\" class=\"wp-image-10112\" srcset=\"https:\/\/sudoesteacontece.com.br\/wp-content\/uploads\/2026\/03\/Homem-investigado-por-estupro-e-ameaca-e-preso-em-Candido-Sales-apos-mandado.jpg 900w, https:\/\/sudoesteacontece.com.br\/wp-content\/uploads\/2026\/03\/Homem-investigado-por-estupro-e-ameaca-e-preso-em-Candido-Sales-apos-mandado-300x200.jpg 300w, https:\/\/sudoesteacontece.com.br\/wp-content\/uploads\/2026\/03\/Homem-investigado-por-estupro-e-ameaca-e-preso-em-Candido-Sales-apos-mandado-768x512.jpg 768w\" sizes=\"(max-width: 900px) 100vw, 900px\" \/><\/figure>\n<\/div>\n\n\n<p>Investiga\u00e7\u00e3o levou \u00e0 pris\u00e3o de homem suspeito de estupro e amea\u00e7a em contexto de viol\u00eancia dom\u00e9stica. Pol\u00edcia Militar da 80\u00aa CIPM, em a\u00e7\u00e3o conjunta com a Pol\u00edcia Civil da Bahia, cumpriu mandado preventivo emitido pelo Ju\u00edzo da Comarca de C\u00e2ndido Sales na manh\u00e3 desta quarta-feira (11).<\/p>\n\n\n\n<p>Equipes localizaram o suspeito ap\u00f3s receberem informa\u00e7\u00f5es sobre seu poss\u00edvel esconderijo. Dilig\u00eancias foram realizadas no endere\u00e7o indicado e resultaram na captura do homem. Pris\u00e3o ocorreu de forma r\u00e1pida, garantindo seguran\u00e7a e evitando risco \u00e0 comunidade local durante a opera\u00e7\u00e3o policial.<\/p>\n\n\n\n<p>Hist\u00f3rico criminal do suspeito inclui investiga\u00e7\u00e3o por homic\u00eddio em Santa Catarina e pris\u00e3o anterior em flagrante por posse irregular de arma de fogo em C\u00e2ndido Sales. Autoridades destacam que a a\u00e7\u00e3o foi fundamental para retirar das ruas indiv\u00edduo com antecedentes graves e potencial de viol\u00eancia.<\/p>\n\n\n\n<p>Encaminhamento do suspeito seguiu protocolos legais. Ele foi levado \u00e0 unidade policial para ado\u00e7\u00e3o das medidas cab\u00edveis e, em seguida, transferido ao Conjunto Penal de Vit\u00f3ria da Conquista. Agora, permanece \u00e0 disposi\u00e7\u00e3o da Justi\u00e7a, aguardando os pr\u00f3ximos passos do processo judicial.<\/p>\n","protected":false},"excerpt":{"rendered":"<p>Investiga\u00e7\u00e3o levou \u00e0 pris\u00e3o de homem suspeito de estupro e amea\u00e7a em contexto de viol\u00eancia dom\u00e9stica. Pol\u00edcia Militar da 80\u00aa CIPM, em a\u00e7\u00e3o conjunta com a Pol\u00edcia Civil da Bahia, cumpriu mandado preventivo emitido pelo Ju\u00edzo da Comarca de C\u00e2ndido Sales na manh\u00e3 desta quarta-feira (11). Equipes localizaram o suspeito ap\u00f3s receberem informa\u00e7\u00f5es sobre seu poss\u00edvel esconderijo. Dilig\u00eancias foram realizadas no endere\u00e7o indicado e resultaram na captura do homem. Pris\u00e3o ocorreu de forma r\u00e1pida, garantindo seguran\u00e7a e evitando risco \u00e0 comunidade local durante a opera\u00e7\u00e3o policial. Hist\u00f3rico criminal do suspeito inclui investiga\u00e7\u00e3o por homic\u00eddio em Santa Catarina e pris\u00e3o anterior em flagrante por posse irregular de arma de fogo em C\u00e2ndido Sales. Autoridades destacam que a a\u00e7\u00e3o foi fundamental para retirar das ruas indiv\u00edduo com antecedentes graves e potencial de viol\u00eancia. Encaminhamento do suspeito seguiu protocolos legais. Ele foi levado \u00e0 unidade policial para ado\u00e7\u00e3o das medidas cab\u00edveis e, em seguida, transferido ao Conjunto Penal de Vit\u00f3ria da Conquista. Agora, permanece \u00e0 disposi\u00e7\u00e3o da Justi\u00e7a, aguardando os pr\u00f3ximos passos do processo judicial.<\/p>\n","protected":false},"author":2,"featured_media":0,"comment_status":"open","ping_status":"open","sticky":false,"template":"","format":"standard","meta":{"footnotes":""},"categories":[103,3],"tags":[],"class_list":["post-10083","post","type-post","status-publish","format-standard","hentry","category-candido-sales","category-policia"],"yoast_head":"<!-- This site is optimized with the Yoast SEO plugin v26.5 - https:\/\/yoast.com\/wordpress\/plugins\/seo\/ -->\n<title>Homem investigado por estupro e amea\u00e7a \u00e9 preso em C\u00e2ndido Sales ap\u00f3s mandado - Sudoesteacontece<\/title>\n<meta name=\"robots\" content=\"index, follow, max-snippet:-1, max-image-preview:large, max-video-preview:-1\" \/>\n<link rel=\"canonical\" href=\"https:\/\/sudoesteacontece.com.br\/?p=10083\" \/>\n<meta property=\"og:locale\" content=\"pt_BR\" \/>\n<meta property=\"og:type\" content=\"article\" \/>\n<meta property=\"og:title\" content=\"Homem investigado por estupro e amea\u00e7a \u00e9 preso em C\u00e2ndido Sales ap\u00f3s mandado - Sudoesteacontece\" \/>\n<meta property=\"og:description\" content=\"Investiga\u00e7\u00e3o levou \u00e0 pris\u00e3o de homem suspeito de estupro e amea\u00e7a em contexto de viol\u00eancia dom\u00e9stica. Pol\u00edcia Militar da 80\u00aa CIPM, em a\u00e7\u00e3o conjunta com a Pol\u00edcia Civil da Bahia, cumpriu mandado preventivo emitido pelo Ju\u00edzo da Comarca de C\u00e2ndido Sales na manh\u00e3 desta quarta-feira (11). Equipes localizaram o suspeito ap\u00f3s receberem informa\u00e7\u00f5es sobre seu poss\u00edvel esconderijo. Dilig\u00eancias foram realizadas no endere\u00e7o indicado e resultaram na captura do homem. Pris\u00e3o ocorreu de forma r\u00e1pida, garantindo seguran\u00e7a e evitando risco \u00e0 comunidade local durante a opera\u00e7\u00e3o policial. Hist\u00f3rico criminal do suspeito inclui investiga\u00e7\u00e3o por homic\u00eddio em Santa Catarina e pris\u00e3o anterior em flagrante por posse irregular de arma de fogo em C\u00e2ndido Sales. Autoridades destacam que a a\u00e7\u00e3o foi fundamental para retirar das ruas indiv\u00edduo com antecedentes graves e potencial de viol\u00eancia. Encaminhamento do suspeito seguiu protocolos legais. Ele foi levado \u00e0 unidade policial para ado\u00e7\u00e3o das medidas cab\u00edveis e, em seguida, transferido ao Conjunto Penal de Vit\u00f3ria da Conquista. Agora, permanece \u00e0 disposi\u00e7\u00e3o da Justi\u00e7a, aguardando os pr\u00f3ximos passos do processo judicial.\" \/>\n<meta property=\"og:url\" content=\"https:\/\/sudoesteacontece.com.br\/?p=10083\" \/>\n<meta property=\"og:site_name\" content=\"Sudoesteacontece\" \/>\n<meta property=\"article:publisher\" content=\"https:\/\/www.facebook.com\/sudoesteacontece\/?locale=pt_BR\" \/>\n<meta property=\"article:published_time\" content=\"2026-03-12T14:14:55+00:00\" \/>\n<meta property=\"article:modified_time\" content=\"2026-03-12T14:15:00+00:00\" \/>\n<meta property=\"og:image\" content=\"http:\/\/sudoesteacontece.com.br\/wp-content\/uploads\/2026\/03\/Homem-investigado-por-estupro-e-ameaca-e-preso-em-Candido-Sales-apos-mandado.jpg\" \/>\n<meta name=\"author\" content=\"Washington Tiago\" \/>\n<meta name=\"twitter:card\" content=\"summary_large_image\" \/>\n<meta name=\"twitter:label1\" content=\"Escrito por\" \/>\n\t<meta name=\"twitter:data1\" content=\"Washington Tiago\" \/>\n\t<meta name=\"twitter:label2\" content=\"Est. tempo de leitura\" \/>\n\t<meta name=\"twitter:data2\" content=\"2 minutos\" \/>\n<script type=\"application\/ld+json\" class=\"yoast-schema-graph\">{\"@context\":\"https:\/\/schema.org\",\"@graph\":[{\"@type\":\"Article\",\"@id\":\"https:\/\/sudoesteacontece.com.br\/?p=10083#article\",\"isPartOf\":{\"@id\":\"https:\/\/sudoesteacontece.com.br\/?p=10083\"},\"author\":{\"name\":\"Washington Tiago\",\"@id\":\"https:\/\/sudoesteacontece.com.br\/#\/schema\/person\/3cf2cf009926a9683ebc29d5379fa79c\"},\"headline\":\"Homem investigado por estupro e amea\u00e7a \u00e9 preso em C\u00e2ndido Sales ap\u00f3s mandado\",\"datePublished\":\"2026-03-12T14:14:55+00:00\",\"dateModified\":\"2026-03-12T14:15:00+00:00\",\"mainEntityOfPage\":{\"@id\":\"https:\/\/sudoesteacontece.com.br\/?p=10083\"},\"wordCount\":214,\"commentCount\":0,\"publisher\":{\"@id\":\"https:\/\/sudoesteacontece.com.br\/#organization\"},\"image\":{\"@id\":\"https:\/\/sudoesteacontece.com.br\/?p=10083#primaryimage\"},\"thumbnailUrl\":\"http:\/\/sudoesteacontece.com.br\/wp-content\/uploads\/2026\/03\/Homem-investigado-por-estupro-e-ameaca-e-preso-em-Candido-Sales-apos-mandado.jpg\",\"articleSection\":[\"C\u00e2ndido Sales\",\"Pol\u00edcia\"],\"inLanguage\":\"pt-BR\",\"potentialAction\":[{\"@type\":\"CommentAction\",\"name\":\"Comment\",\"target\":[\"https:\/\/sudoesteacontece.com.br\/?p=10083#respond\"]}]},{\"@type\":\"WebPage\",\"@id\":\"https:\/\/sudoesteacontece.com.br\/?p=10083\",\"url\":\"https:\/\/sudoesteacontece.com.br\/?p=10083\",\"name\":\"Homem investigado por estupro e amea\u00e7a \u00e9 preso em C\u00e2ndido Sales ap\u00f3s mandado - Sudoesteacontece\",\"isPartOf\":{\"@id\":\"https:\/\/sudoesteacontece.com.br\/#website\"},\"primaryImageOfPage\":{\"@id\":\"https:\/\/sudoesteacontece.com.br\/?p=10083#primaryimage\"},\"image\":{\"@id\":\"https:\/\/sudoesteacontece.com.br\/?p=10083#primaryimage\"},\"thumbnailUrl\":\"http:\/\/sudoesteacontece.com.br\/wp-content\/uploads\/2026\/03\/Homem-investigado-por-estupro-e-ameaca-e-preso-em-Candido-Sales-apos-mandado.jpg\",\"datePublished\":\"2026-03-12T14:14:55+00:00\",\"dateModified\":\"2026-03-12T14:15:00+00:00\",\"breadcrumb\":{\"@id\":\"https:\/\/sudoesteacontece.com.br\/?p=10083#breadcrumb\"},\"inLanguage\":\"pt-BR\",\"potentialAction\":[{\"@type\":\"ReadAction\",\"target\":[\"https:\/\/sudoesteacontece.com.br\/?p=10083\"]}]},{\"@type\":\"ImageObject\",\"inLanguage\":\"pt-BR\",\"@id\":\"https:\/\/sudoesteacontece.com.br\/?p=10083#primaryimage\",\"url\":\"https:\/\/sudoesteacontece.com.br\/wp-content\/uploads\/2026\/03\/Homem-investigado-por-estupro-e-ameaca-e-preso-em-Candido-Sales-apos-mandado.jpg\",\"contentUrl\":\"https:\/\/sudoesteacontece.com.br\/wp-content\/uploads\/2026\/03\/Homem-investigado-por-estupro-e-ameaca-e-preso-em-Candido-Sales-apos-mandado.jpg\",\"width\":900,\"height\":600},{\"@type\":\"BreadcrumbList\",\"@id\":\"https:\/\/sudoesteacontece.com.br\/?p=10083#breadcrumb\",\"itemListElement\":[{\"@type\":\"ListItem\",\"position\":1,\"name\":\"In\u00edcio\",\"item\":\"https:\/\/sudoesteacontece.com.br\/\"},{\"@type\":\"ListItem\",\"position\":2,\"name\":\"Homem investigado por estupro e amea\u00e7a \u00e9 preso em C\u00e2ndido Sales ap\u00f3s mandado\"}]},{\"@type\":\"WebSite\",\"@id\":\"https:\/\/sudoesteacontece.com.br\/#website\",\"url\":\"https:\/\/sudoesteacontece.com.br\/\",\"name\":\"Sudoesteacontece\",\"description\":\"\",\"publisher\":{\"@id\":\"https:\/\/sudoesteacontece.com.br\/#organization\"},\"potentialAction\":[{\"@type\":\"SearchAction\",\"target\":{\"@type\":\"EntryPoint\",\"urlTemplate\":\"https:\/\/sudoesteacontece.com.br\/?s={search_term_string}\"},\"query-input\":{\"@type\":\"PropertyValueSpecification\",\"valueRequired\":true,\"valueName\":\"search_term_string\"}}],\"inLanguage\":\"pt-BR\"},{\"@type\":\"Organization\",\"@id\":\"https:\/\/sudoesteacontece.com.br\/#organization\",\"name\":\"Sudoesteacontece\",\"url\":\"https:\/\/sudoesteacontece.com.br\/\",\"logo\":{\"@type\":\"ImageObject\",\"inLanguage\":\"pt-BR\",\"@id\":\"https:\/\/sudoesteacontece.com.br\/#\/schema\/logo\/image\/\",\"url\":\"https:\/\/sudoesteacontece.com.br\/wp-content\/uploads\/2025\/12\/cropped-logo-2-180x180-1.png\",\"contentUrl\":\"https:\/\/sudoesteacontece.com.br\/wp-content\/uploads\/2025\/12\/cropped-logo-2-180x180-1.png\",\"width\":180,\"height\":180,\"caption\":\"Sudoesteacontece\"},\"image\":{\"@id\":\"https:\/\/sudoesteacontece.com.br\/#\/schema\/logo\/image\/\"},\"sameAs\":[\"https:\/\/www.facebook.com\/sudoesteacontece\/?locale=pt_BR\"]},{\"@type\":\"Person\",\"@id\":\"https:\/\/sudoesteacontece.com.br\/#\/schema\/person\/3cf2cf009926a9683ebc29d5379fa79c\",\"name\":\"Washington Tiago\",\"image\":{\"@type\":\"ImageObject\",\"inLanguage\":\"pt-BR\",\"@id\":\"https:\/\/sudoesteacontece.com.br\/#\/schema\/person\/image\/\",\"url\":\"https:\/\/secure.gravatar.com\/avatar\/33c43b8668157e040f9d1fe93c354bf087cbd8ba36270c1163198bd3ddcf2a56?s=96&d=mm&r=g\",\"contentUrl\":\"https:\/\/secure.gravatar.com\/avatar\/33c43b8668157e040f9d1fe93c354bf087cbd8ba36270c1163198bd3ddcf2a56?s=96&d=mm&r=g\",\"caption\":\"Washington Tiago\"},\"url\":\"https:\/\/sudoesteacontece.com.br\/?author=2\"}]}<\/script>\n<!-- \/ Yoast SEO plugin. -->","yoast_head_json":{"title":"Homem investigado por estupro e amea\u00e7a \u00e9 preso em C\u00e2ndido Sales ap\u00f3s mandado - Sudoesteacontece","robots":{"index":"index","follow":"follow","max-snippet":"max-snippet:-1","max-image-preview":"max-image-preview:large","max-video-preview":"max-video-preview:-1"},"canonical":"https:\/\/sudoesteacontece.com.br\/?p=10083","og_locale":"pt_BR","og_type":"article","og_title":"Homem investigado por estupro e amea\u00e7a \u00e9 preso em C\u00e2ndido Sales ap\u00f3s mandado - Sudoesteacontece","og_description":"Investiga\u00e7\u00e3o levou \u00e0 pris\u00e3o de homem suspeito de estupro e amea\u00e7a em contexto de viol\u00eancia dom\u00e9stica. Pol\u00edcia Militar da 80\u00aa CIPM, em a\u00e7\u00e3o conjunta com a Pol\u00edcia Civil da Bahia, cumpriu mandado preventivo emitido pelo Ju\u00edzo da Comarca de C\u00e2ndido Sales na manh\u00e3 desta quarta-feira (11). Equipes localizaram o suspeito ap\u00f3s receberem informa\u00e7\u00f5es sobre seu poss\u00edvel esconderijo. Dilig\u00eancias foram realizadas no endere\u00e7o indicado e resultaram na captura do homem. Pris\u00e3o ocorreu de forma r\u00e1pida, garantindo seguran\u00e7a e evitando risco \u00e0 comunidade local durante a opera\u00e7\u00e3o policial. Hist\u00f3rico criminal do suspeito inclui investiga\u00e7\u00e3o por homic\u00eddio em Santa Catarina e pris\u00e3o anterior em flagrante por posse irregular de arma de fogo em C\u00e2ndido Sales. Autoridades destacam que a a\u00e7\u00e3o foi fundamental para retirar das ruas indiv\u00edduo com antecedentes graves e potencial de viol\u00eancia. Encaminhamento do suspeito seguiu protocolos legais. Ele foi levado \u00e0 unidade policial para ado\u00e7\u00e3o das medidas cab\u00edveis e, em seguida, transferido ao Conjunto Penal de Vit\u00f3ria da Conquista. Agora, permanece \u00e0 disposi\u00e7\u00e3o da Justi\u00e7a, aguardando os pr\u00f3ximos passos do processo judicial.","og_url":"https:\/\/sudoesteacontece.com.br\/?p=10083","og_site_name":"Sudoesteacontece","article_publisher":"https:\/\/www.facebook.com\/sudoesteacontece\/?locale=pt_BR","article_published_time":"2026-03-12T14:14:55+00:00","article_modified_time":"2026-03-12T14:15:00+00:00","og_image":[{"url":"http:\/\/sudoesteacontece.com.br\/wp-content\/uploads\/2026\/03\/Homem-investigado-por-estupro-e-ameaca-e-preso-em-Candido-Sales-apos-mandado.jpg","type":"","width":"","height":""}],"author":"Washington Tiago","twitter_card":"summary_large_image","twitter_misc":{"Escrito por":"Washington Tiago","Est. tempo de leitura":"2 minutos"},"schema":{"@context":"https:\/\/schema.org","@graph":[{"@type":"Article","@id":"https:\/\/sudoesteacontece.com.br\/?p=10083#article","isPartOf":{"@id":"https:\/\/sudoesteacontece.com.br\/?p=10083"},"author":{"name":"Washington Tiago","@id":"https:\/\/sudoesteacontece.com.br\/#\/schema\/person\/3cf2cf009926a9683ebc29d5379fa79c"},"headline":"Homem investigado por estupro e amea\u00e7a \u00e9 preso em C\u00e2ndido Sales ap\u00f3s mandado","datePublished":"2026-03-12T14:14:55+00:00","dateModified":"2026-03-12T14:15:00+00:00","mainEntityOfPage":{"@id":"https:\/\/sudoesteacontece.com.br\/?p=10083"},"wordCount":214,"commentCount":0,"publisher":{"@id":"https:\/\/sudoesteacontece.com.br\/#organization"},"image":{"@id":"https:\/\/sudoesteacontece.com.br\/?p=10083#primaryimage"},"thumbnailUrl":"http:\/\/sudoesteacontece.com.br\/wp-content\/uploads\/2026\/03\/Homem-investigado-por-estupro-e-ameaca-e-preso-em-Candido-Sales-apos-mandado.jpg","articleSection":["C\u00e2ndido Sales","Pol\u00edcia"],"inLanguage":"pt-BR","potentialAction":[{"@type":"CommentAction","name":"Comment","target":["https:\/\/sudoesteacontece.com.br\/?p=10083#respond"]}]},{"@type":"WebPage","@id":"https:\/\/sudoesteacontece.com.br\/?p=10083","url":"https:\/\/sudoesteacontece.com.br\/?p=10083","name":"Homem investigado por estupro e amea\u00e7a \u00e9 preso em C\u00e2ndido Sales ap\u00f3s mandado - Sudoesteacontece","isPartOf":{"@id":"https:\/\/sudoesteacontece.com.br\/#website"},"primaryImageOfPage":{"@id":"https:\/\/sudoesteacontece.com.br\/?p=10083#primaryimage"},"image":{"@id":"https:\/\/sudoesteacontece.com.br\/?p=10083#primaryimage"},"thumbnailUrl":"http:\/\/sudoesteacontece.com.br\/wp-content\/uploads\/2026\/03\/Homem-investigado-por-estupro-e-ameaca-e-preso-em-Candido-Sales-apos-mandado.jpg","datePublished":"2026-03-12T14:14:55+00:00","dateModified":"2026-03-12T14:15:00+00:00","breadcrumb":{"@id":"https:\/\/sudoesteacontece.com.br\/?p=10083#breadcrumb"},"inLanguage":"pt-BR","potentialAction":[{"@type":"ReadAction","target":["https:\/\/sudoesteacontece.com.br\/?p=10083"]}]},{"@type":"ImageObject","inLanguage":"pt-BR","@id":"https:\/\/sudoesteacontece.com.br\/?p=10083#primaryimage","url":"https:\/\/sudoesteacontece.com.br\/wp-content\/uploads\/2026\/03\/Homem-investigado-por-estupro-e-ameaca-e-preso-em-Candido-Sales-apos-mandado.jpg","contentUrl":"https:\/\/sudoesteacontece.com.br\/wp-content\/uploads\/2026\/03\/Homem-investigado-por-estupro-e-ameaca-e-preso-em-Candido-Sales-apos-mandado.jpg","width":900,"height":600},{"@type":"BreadcrumbList","@id":"https:\/\/sudoesteacontece.com.br\/?p=10083#breadcrumb","itemListElement":[{"@type":"ListItem","position":1,"name":"In\u00edcio","item":"https:\/\/sudoesteacontece.com.br\/"},{"@type":"ListItem","position":2,"name":"Homem investigado por estupro e amea\u00e7a \u00e9 preso em C\u00e2ndido Sales ap\u00f3s mandado"}]},{"@type":"WebSite","@id":"https:\/\/sudoesteacontece.com.br\/#website","url":"https:\/\/sudoesteacontece.com.br\/","name":"Sudoesteacontece","description":"","publisher":{"@id":"https:\/\/sudoesteacontece.com.br\/#organization"},"potentialAction":[{"@type":"SearchAction","target":{"@type":"EntryPoint","urlTemplate":"https:\/\/sudoesteacontece.com.br\/?s={search_term_string}"},"query-input":{"@type":"PropertyValueSpecification","valueRequired":true,"valueName":"search_term_string"}}],"inLanguage":"pt-BR"},{"@type":"Organization","@id":"https:\/\/sudoesteacontece.com.br\/#organization","name":"Sudoesteacontece","url":"https:\/\/sudoesteacontece.com.br\/","logo":{"@type":"ImageObject","inLanguage":"pt-BR","@id":"https:\/\/sudoesteacontece.com.br\/#\/schema\/logo\/image\/","url":"https:\/\/sudoesteacontece.com.br\/wp-content\/uploads\/2025\/12\/cropped-logo-2-180x180-1.png","contentUrl":"https:\/\/sudoesteacontece.com.br\/wp-content\/uploads\/2025\/12\/cropped-logo-2-180x180-1.png","width":180,"height":180,"caption":"Sudoesteacontece"},"image":{"@id":"https:\/\/sudoesteacontece.com.br\/#\/schema\/logo\/image\/"},"sameAs":["https:\/\/www.facebook.com\/sudoesteacontece\/?locale=pt_BR"]},{"@type":"Person","@id":"https:\/\/sudoesteacontece.com.br\/#\/schema\/person\/3cf2cf009926a9683ebc29d5379fa79c","name":"Washington Tiago","image":{"@type":"ImageObject","inLanguage":"pt-BR","@id":"https:\/\/sudoesteacontece.com.br\/#\/schema\/person\/image\/","url":"https:\/\/secure.gravatar.com\/avatar\/33c43b8668157e040f9d1fe93c354bf087cbd8ba36270c1163198bd3ddcf2a56?s=96&d=mm&r=g","contentUrl":"https:\/\/secure.gravatar.com\/avatar\/33c43b8668157e040f9d1fe93c354bf087cbd8ba36270c1163198bd3ddcf2a56?s=96&d=mm&r=g","caption":"Washington Tiago"},"url":"https:\/\/sudoesteacontece.com.br\/?author=2"}]}},"_links":{"self":[{"href":"https:\/\/sudoesteacontece.com.br\/index.php?rest_route=\/wp\/v2\/posts\/10083","targetHints":{"allow":["GET"]}}],"collection":[{"href":"https:\/\/sudoesteacontece.com.br\/index.php?rest_route=\/wp\/v2\/posts"}],"about":[{"href":"https:\/\/sudoesteacontece.com.br\/index.php?rest_route=\/wp\/v2\/types\/post"}],"author":[{"embeddable":true,"href":"https:\/\/sudoesteacontece.com.br\/index.php?rest_route=\/wp\/v2\/users\/2"}],"replies":[{"embeddable":true,"href":"https:\/\/sudoesteacontece.com.br\/index.php?rest_route=%2Fwp%2Fv2%2Fcomments&post=10083"}],"version-history":[{"count":0,"href":"https:\/\/sudoesteacontece.com.br\/index.php?rest_route=\/wp\/v2\/posts\/10083\/revisions"}],"wp:attachment":[{"href":"https:\/\/sudoesteacontece.com.br\/index.php?rest_route=%2Fwp%2Fv2%2Fmedia&parent=10083"}],"wp:term":[{"taxonomy":"category","embeddable":true,"href":"https:\/\/sudoesteacontece.com.br\/index.php?rest_route=%2Fwp%2Fv2%2Fcategories&post=10083"},{"taxonomy":"post_tag","embeddable":true,"href":"https:\/\/sudoesteacontece.com.br\/index.php?rest_route=%2Fwp%2Fv2%2Ftags&post=10083"}],"curies":[{"name":"wp","href":"https:\/\/api.w.org\/{rel}","templated":true}]}}