{"id":10087,"date":"2026-03-12T11:18:57","date_gmt":"2026-03-12T14:18:57","guid":{"rendered":"https:\/\/sudoesteacontece.com.br\/?p=10087"},"modified":"2026-03-12T11:19:02","modified_gmt":"2026-03-12T14:19:02","slug":"divida-milionaria-e-irregularidades-marcam-fim-de-mandato-em-rio-de-contas","status":"publish","type":"post","link":"https:\/\/sudoesteacontece.com.br\/?p=10087","title":{"rendered":"D\u00edvida milion\u00e1ria e irregularidades marcam fim de mandato em Rio de Contas"},"content":{"rendered":"<div class=\"wp-block-image\">\n<figure class=\"aligncenter size-full\"><img fetchpriority=\"high\" decoding=\"async\" width=\"900\" height=\"600\" src=\"http:\/\/sudoesteacontece.com.br\/wp-content\/uploads\/2026\/03\/Divida-milionaria-e-irregularidades-marcam-fim-de-mandato-em-Rio-de-Contas.jpg\" alt=\"\" class=\"wp-image-10114\" srcset=\"https:\/\/sudoesteacontece.com.br\/wp-content\/uploads\/2026\/03\/Divida-milionaria-e-irregularidades-marcam-fim-de-mandato-em-Rio-de-Contas.jpg 900w, https:\/\/sudoesteacontece.com.br\/wp-content\/uploads\/2026\/03\/Divida-milionaria-e-irregularidades-marcam-fim-de-mandato-em-Rio-de-Contas-300x200.jpg 300w, https:\/\/sudoesteacontece.com.br\/wp-content\/uploads\/2026\/03\/Divida-milionaria-e-irregularidades-marcam-fim-de-mandato-em-Rio-de-Contas-768x512.jpg 768w\" sizes=\"(max-width: 900px) 100vw, 900px\" \/><\/figure>\n<\/div>\n\n\n<p>Ex-prefeito de Rio de Contas, Cristiano Cardoso de Azevedo, enfrenta investiga\u00e7\u00f5es administrativas e criminais ap\u00f3s den\u00fancias de irregularidades na gest\u00e3o de 2024. Documentos oficiais apontam que ele deixou de repassar contribui\u00e7\u00f5es previdenci\u00e1rias e do PASEP nos \u00faltimos meses do mandato, gerando suspeitas de descumprimento da lei.<\/p>\n\n\n\n<p>Fiscaliza\u00e7\u00e3o da prefeitura liderada pelo atual prefeito, C\u00e9lio Evangelista Silva, identificou problemas para emiss\u00e3o de certid\u00f5es fiscais, motivando representa\u00e7\u00e3o no Tribunal de Contas dos Munic\u00edpios da Bahia. Relat\u00f3rios iniciais estimam que d\u00e9bitos de novembro, dezembro e do 13\u00ba sal\u00e1rio de 2024 somam R$ 754.433,30, sem registro de recursos dispon\u00edveis para pagamento.<\/p>\n\n\n\n<p>An\u00e1lises da Receita Federal sugerem que o impacto financeiro pode ultrapassar R$ 3,1 milh\u00f5es, considerando encargos e parcelamentos atrasados. Minist\u00e9rio P\u00fablico de Contas da Bahia emitiu parecer favor\u00e1vel \u00e0 representa\u00e7\u00e3o, propondo multa pessoal e ressarcimento de R$ 458.780,24 aos cofres p\u00fablicos, al\u00e9m da abertura de tomada de contas especial para apura\u00e7\u00e3o detalhada.<\/p>\n\n\n\n<p>Paralelamente, a Justi\u00e7a Federal acompanha o caso na 2\u00aa Vara C\u00edvel e Criminal de Vit\u00f3ria da Conquista. Ex-prefeito \u00e9 investigado por apropria\u00e7\u00e3o ind\u00e9bita previdenci\u00e1ria, crime previsto no artigo 168-A do C\u00f3digo Penal. Minist\u00e9rio P\u00fablico Federal requisitou encaminhamento \u00e0 Pol\u00edcia Federal para inqu\u00e9rito e coleta de depoimentos, etapa em andamento desde julho de 2025.<\/p>\n","protected":false},"excerpt":{"rendered":"<p>Ex-prefeito de Rio de Contas, Cristiano Cardoso de Azevedo, enfrenta investiga\u00e7\u00f5es administrativas e criminais ap\u00f3s den\u00fancias de irregularidades na gest\u00e3o de 2024. Documentos oficiais apontam que ele deixou de repassar contribui\u00e7\u00f5es previdenci\u00e1rias e do PASEP nos \u00faltimos meses do mandato, gerando suspeitas de descumprimento da lei. Fiscaliza\u00e7\u00e3o da prefeitura liderada pelo atual prefeito, C\u00e9lio Evangelista Silva, identificou problemas para emiss\u00e3o de certid\u00f5es fiscais, motivando representa\u00e7\u00e3o no Tribunal de Contas dos Munic\u00edpios da Bahia. Relat\u00f3rios iniciais estimam que d\u00e9bitos de novembro, dezembro e do 13\u00ba sal\u00e1rio de 2024 somam R$ 754.433,30, sem registro de recursos dispon\u00edveis para pagamento. An\u00e1lises da Receita Federal sugerem que o impacto financeiro pode ultrapassar R$ 3,1 milh\u00f5es, considerando encargos e parcelamentos atrasados. Minist\u00e9rio P\u00fablico de Contas da Bahia emitiu parecer favor\u00e1vel \u00e0 representa\u00e7\u00e3o, propondo multa pessoal e ressarcimento de R$ 458.780,24 aos cofres p\u00fablicos, al\u00e9m da abertura de tomada de contas especial para apura\u00e7\u00e3o detalhada. Paralelamente, a Justi\u00e7a Federal acompanha o caso na 2\u00aa Vara C\u00edvel e Criminal de Vit\u00f3ria da Conquista. Ex-prefeito \u00e9 investigado por apropria\u00e7\u00e3o ind\u00e9bita previdenci\u00e1ria, crime previsto no artigo 168-A do C\u00f3digo Penal. Minist\u00e9rio P\u00fablico Federal requisitou encaminhamento \u00e0 Pol\u00edcia Federal para inqu\u00e9rito e coleta de depoimentos, etapa em andamento desde julho de 2025.<\/p>\n","protected":false},"author":2,"featured_media":0,"comment_status":"open","ping_status":"open","sticky":false,"template":"","format":"standard","meta":{"footnotes":""},"categories":[13,6,62],"tags":[],"class_list":["post-10087","post","type-post","status-publish","format-standard","hentry","category-justica","category-politica","category-rio-de-contas"],"yoast_head":"<!-- This site is optimized with the Yoast SEO plugin v26.5 - https:\/\/yoast.com\/wordpress\/plugins\/seo\/ -->\n<title>D\u00edvida milion\u00e1ria e irregularidades marcam fim de mandato em Rio de Contas - Sudoesteacontece<\/title>\n<meta name=\"robots\" content=\"index, follow, max-snippet:-1, max-image-preview:large, max-video-preview:-1\" \/>\n<link rel=\"canonical\" href=\"https:\/\/sudoesteacontece.com.br\/?p=10087\" \/>\n<meta property=\"og:locale\" content=\"pt_BR\" \/>\n<meta property=\"og:type\" content=\"article\" \/>\n<meta property=\"og:title\" content=\"D\u00edvida milion\u00e1ria e irregularidades marcam fim de mandato em Rio de Contas - Sudoesteacontece\" \/>\n<meta property=\"og:description\" content=\"Ex-prefeito de Rio de Contas, Cristiano Cardoso de Azevedo, enfrenta investiga\u00e7\u00f5es administrativas e criminais ap\u00f3s den\u00fancias de irregularidades na gest\u00e3o de 2024. Documentos oficiais apontam que ele deixou de repassar contribui\u00e7\u00f5es previdenci\u00e1rias e do PASEP nos \u00faltimos meses do mandato, gerando suspeitas de descumprimento da lei. Fiscaliza\u00e7\u00e3o da prefeitura liderada pelo atual prefeito, C\u00e9lio Evangelista Silva, identificou problemas para emiss\u00e3o de certid\u00f5es fiscais, motivando representa\u00e7\u00e3o no Tribunal de Contas dos Munic\u00edpios da Bahia. Relat\u00f3rios iniciais estimam que d\u00e9bitos de novembro, dezembro e do 13\u00ba sal\u00e1rio de 2024 somam R$ 754.433,30, sem registro de recursos dispon\u00edveis para pagamento. An\u00e1lises da Receita Federal sugerem que o impacto financeiro pode ultrapassar R$ 3,1 milh\u00f5es, considerando encargos e parcelamentos atrasados. Minist\u00e9rio P\u00fablico de Contas da Bahia emitiu parecer favor\u00e1vel \u00e0 representa\u00e7\u00e3o, propondo multa pessoal e ressarcimento de R$ 458.780,24 aos cofres p\u00fablicos, al\u00e9m da abertura de tomada de contas especial para apura\u00e7\u00e3o detalhada. Paralelamente, a Justi\u00e7a Federal acompanha o caso na 2\u00aa Vara C\u00edvel e Criminal de Vit\u00f3ria da Conquista. Ex-prefeito \u00e9 investigado por apropria\u00e7\u00e3o ind\u00e9bita previdenci\u00e1ria, crime previsto no artigo 168-A do C\u00f3digo Penal. Minist\u00e9rio P\u00fablico Federal requisitou encaminhamento \u00e0 Pol\u00edcia Federal para inqu\u00e9rito e coleta de depoimentos, etapa em andamento desde julho de 2025.\" \/>\n<meta property=\"og:url\" content=\"https:\/\/sudoesteacontece.com.br\/?p=10087\" \/>\n<meta property=\"og:site_name\" content=\"Sudoesteacontece\" \/>\n<meta property=\"article:publisher\" content=\"https:\/\/www.facebook.com\/sudoesteacontece\/?locale=pt_BR\" \/>\n<meta property=\"article:published_time\" content=\"2026-03-12T14:18:57+00:00\" \/>\n<meta property=\"article:modified_time\" content=\"2026-03-12T14:19:02+00:00\" \/>\n<meta property=\"og:image\" content=\"http:\/\/sudoesteacontece.com.br\/wp-content\/uploads\/2026\/03\/Divida-milionaria-e-irregularidades-marcam-fim-de-mandato-em-Rio-de-Contas.jpg\" \/>\n<meta name=\"author\" content=\"Washington Tiago\" \/>\n<meta name=\"twitter:card\" content=\"summary_large_image\" \/>\n<meta name=\"twitter:label1\" content=\"Escrito por\" \/>\n\t<meta name=\"twitter:data1\" content=\"Washington Tiago\" \/>\n\t<meta name=\"twitter:label2\" content=\"Est. tempo de leitura\" \/>\n\t<meta name=\"twitter:data2\" content=\"2 minutos\" \/>\n<script type=\"application\/ld+json\" class=\"yoast-schema-graph\">{\"@context\":\"https:\/\/schema.org\",\"@graph\":[{\"@type\":\"Article\",\"@id\":\"https:\/\/sudoesteacontece.com.br\/?p=10087#article\",\"isPartOf\":{\"@id\":\"https:\/\/sudoesteacontece.com.br\/?p=10087\"},\"author\":{\"name\":\"Washington Tiago\",\"@id\":\"https:\/\/sudoesteacontece.com.br\/#\/schema\/person\/3cf2cf009926a9683ebc29d5379fa79c\"},\"headline\":\"D\u00edvida milion\u00e1ria e irregularidades marcam fim de mandato em Rio de Contas\",\"datePublished\":\"2026-03-12T14:18:57+00:00\",\"dateModified\":\"2026-03-12T14:19:02+00:00\",\"mainEntityOfPage\":{\"@id\":\"https:\/\/sudoesteacontece.com.br\/?p=10087\"},\"wordCount\":241,\"commentCount\":0,\"publisher\":{\"@id\":\"https:\/\/sudoesteacontece.com.br\/#organization\"},\"image\":{\"@id\":\"https:\/\/sudoesteacontece.com.br\/?p=10087#primaryimage\"},\"thumbnailUrl\":\"http:\/\/sudoesteacontece.com.br\/wp-content\/uploads\/2026\/03\/Divida-milionaria-e-irregularidades-marcam-fim-de-mandato-em-Rio-de-Contas.jpg\",\"articleSection\":[\"Justi\u00e7a\",\"Pol\u00edtica\",\"Rio de Contas\"],\"inLanguage\":\"pt-BR\",\"potentialAction\":[{\"@type\":\"CommentAction\",\"name\":\"Comment\",\"target\":[\"https:\/\/sudoesteacontece.com.br\/?p=10087#respond\"]}]},{\"@type\":\"WebPage\",\"@id\":\"https:\/\/sudoesteacontece.com.br\/?p=10087\",\"url\":\"https:\/\/sudoesteacontece.com.br\/?p=10087\",\"name\":\"D\u00edvida milion\u00e1ria e irregularidades marcam fim de mandato em Rio de Contas - Sudoesteacontece\",\"isPartOf\":{\"@id\":\"https:\/\/sudoesteacontece.com.br\/#website\"},\"primaryImageOfPage\":{\"@id\":\"https:\/\/sudoesteacontece.com.br\/?p=10087#primaryimage\"},\"image\":{\"@id\":\"https:\/\/sudoesteacontece.com.br\/?p=10087#primaryimage\"},\"thumbnailUrl\":\"http:\/\/sudoesteacontece.com.br\/wp-content\/uploads\/2026\/03\/Divida-milionaria-e-irregularidades-marcam-fim-de-mandato-em-Rio-de-Contas.jpg\",\"datePublished\":\"2026-03-12T14:18:57+00:00\",\"dateModified\":\"2026-03-12T14:19:02+00:00\",\"breadcrumb\":{\"@id\":\"https:\/\/sudoesteacontece.com.br\/?p=10087#breadcrumb\"},\"inLanguage\":\"pt-BR\",\"potentialAction\":[{\"@type\":\"ReadAction\",\"target\":[\"https:\/\/sudoesteacontece.com.br\/?p=10087\"]}]},{\"@type\":\"ImageObject\",\"inLanguage\":\"pt-BR\",\"@id\":\"https:\/\/sudoesteacontece.com.br\/?p=10087#primaryimage\",\"url\":\"https:\/\/sudoesteacontece.com.br\/wp-content\/uploads\/2026\/03\/Divida-milionaria-e-irregularidades-marcam-fim-de-mandato-em-Rio-de-Contas.jpg\",\"contentUrl\":\"https:\/\/sudoesteacontece.com.br\/wp-content\/uploads\/2026\/03\/Divida-milionaria-e-irregularidades-marcam-fim-de-mandato-em-Rio-de-Contas.jpg\",\"width\":900,\"height\":600},{\"@type\":\"BreadcrumbList\",\"@id\":\"https:\/\/sudoesteacontece.com.br\/?p=10087#breadcrumb\",\"itemListElement\":[{\"@type\":\"ListItem\",\"position\":1,\"name\":\"In\u00edcio\",\"item\":\"https:\/\/sudoesteacontece.com.br\/\"},{\"@type\":\"ListItem\",\"position\":2,\"name\":\"D\u00edvida milion\u00e1ria e irregularidades marcam fim de mandato em Rio de Contas\"}]},{\"@type\":\"WebSite\",\"@id\":\"https:\/\/sudoesteacontece.com.br\/#website\",\"url\":\"https:\/\/sudoesteacontece.com.br\/\",\"name\":\"Sudoesteacontece\",\"description\":\"\",\"publisher\":{\"@id\":\"https:\/\/sudoesteacontece.com.br\/#organization\"},\"potentialAction\":[{\"@type\":\"SearchAction\",\"target\":{\"@type\":\"EntryPoint\",\"urlTemplate\":\"https:\/\/sudoesteacontece.com.br\/?s={search_term_string}\"},\"query-input\":{\"@type\":\"PropertyValueSpecification\",\"valueRequired\":true,\"valueName\":\"search_term_string\"}}],\"inLanguage\":\"pt-BR\"},{\"@type\":\"Organization\",\"@id\":\"https:\/\/sudoesteacontece.com.br\/#organization\",\"name\":\"Sudoesteacontece\",\"url\":\"https:\/\/sudoesteacontece.com.br\/\",\"logo\":{\"@type\":\"ImageObject\",\"inLanguage\":\"pt-BR\",\"@id\":\"https:\/\/sudoesteacontece.com.br\/#\/schema\/logo\/image\/\",\"url\":\"https:\/\/sudoesteacontece.com.br\/wp-content\/uploads\/2025\/12\/cropped-logo-2-180x180-1.png\",\"contentUrl\":\"https:\/\/sudoesteacontece.com.br\/wp-content\/uploads\/2025\/12\/cropped-logo-2-180x180-1.png\",\"width\":180,\"height\":180,\"caption\":\"Sudoesteacontece\"},\"image\":{\"@id\":\"https:\/\/sudoesteacontece.com.br\/#\/schema\/logo\/image\/\"},\"sameAs\":[\"https:\/\/www.facebook.com\/sudoesteacontece\/?locale=pt_BR\"]},{\"@type\":\"Person\",\"@id\":\"https:\/\/sudoesteacontece.com.br\/#\/schema\/person\/3cf2cf009926a9683ebc29d5379fa79c\",\"name\":\"Washington Tiago\",\"image\":{\"@type\":\"ImageObject\",\"inLanguage\":\"pt-BR\",\"@id\":\"https:\/\/sudoesteacontece.com.br\/#\/schema\/person\/image\/\",\"url\":\"https:\/\/secure.gravatar.com\/avatar\/33c43b8668157e040f9d1fe93c354bf087cbd8ba36270c1163198bd3ddcf2a56?s=96&d=mm&r=g\",\"contentUrl\":\"https:\/\/secure.gravatar.com\/avatar\/33c43b8668157e040f9d1fe93c354bf087cbd8ba36270c1163198bd3ddcf2a56?s=96&d=mm&r=g\",\"caption\":\"Washington Tiago\"},\"url\":\"https:\/\/sudoesteacontece.com.br\/?author=2\"}]}<\/script>\n<!-- \/ Yoast SEO plugin. -->","yoast_head_json":{"title":"D\u00edvida milion\u00e1ria e irregularidades marcam fim de mandato em Rio de Contas - Sudoesteacontece","robots":{"index":"index","follow":"follow","max-snippet":"max-snippet:-1","max-image-preview":"max-image-preview:large","max-video-preview":"max-video-preview:-1"},"canonical":"https:\/\/sudoesteacontece.com.br\/?p=10087","og_locale":"pt_BR","og_type":"article","og_title":"D\u00edvida milion\u00e1ria e irregularidades marcam fim de mandato em Rio de Contas - Sudoesteacontece","og_description":"Ex-prefeito de Rio de Contas, Cristiano Cardoso de Azevedo, enfrenta investiga\u00e7\u00f5es administrativas e criminais ap\u00f3s den\u00fancias de irregularidades na gest\u00e3o de 2024. Documentos oficiais apontam que ele deixou de repassar contribui\u00e7\u00f5es previdenci\u00e1rias e do PASEP nos \u00faltimos meses do mandato, gerando suspeitas de descumprimento da lei. Fiscaliza\u00e7\u00e3o da prefeitura liderada pelo atual prefeito, C\u00e9lio Evangelista Silva, identificou problemas para emiss\u00e3o de certid\u00f5es fiscais, motivando representa\u00e7\u00e3o no Tribunal de Contas dos Munic\u00edpios da Bahia. Relat\u00f3rios iniciais estimam que d\u00e9bitos de novembro, dezembro e do 13\u00ba sal\u00e1rio de 2024 somam R$ 754.433,30, sem registro de recursos dispon\u00edveis para pagamento. An\u00e1lises da Receita Federal sugerem que o impacto financeiro pode ultrapassar R$ 3,1 milh\u00f5es, considerando encargos e parcelamentos atrasados. Minist\u00e9rio P\u00fablico de Contas da Bahia emitiu parecer favor\u00e1vel \u00e0 representa\u00e7\u00e3o, propondo multa pessoal e ressarcimento de R$ 458.780,24 aos cofres p\u00fablicos, al\u00e9m da abertura de tomada de contas especial para apura\u00e7\u00e3o detalhada. Paralelamente, a Justi\u00e7a Federal acompanha o caso na 2\u00aa Vara C\u00edvel e Criminal de Vit\u00f3ria da Conquista. Ex-prefeito \u00e9 investigado por apropria\u00e7\u00e3o ind\u00e9bita previdenci\u00e1ria, crime previsto no artigo 168-A do C\u00f3digo Penal. Minist\u00e9rio P\u00fablico Federal requisitou encaminhamento \u00e0 Pol\u00edcia Federal para inqu\u00e9rito e coleta de depoimentos, etapa em andamento desde julho de 2025.","og_url":"https:\/\/sudoesteacontece.com.br\/?p=10087","og_site_name":"Sudoesteacontece","article_publisher":"https:\/\/www.facebook.com\/sudoesteacontece\/?locale=pt_BR","article_published_time":"2026-03-12T14:18:57+00:00","article_modified_time":"2026-03-12T14:19:02+00:00","og_image":[{"url":"http:\/\/sudoesteacontece.com.br\/wp-content\/uploads\/2026\/03\/Divida-milionaria-e-irregularidades-marcam-fim-de-mandato-em-Rio-de-Contas.jpg","type":"","width":"","height":""}],"author":"Washington Tiago","twitter_card":"summary_large_image","twitter_misc":{"Escrito por":"Washington Tiago","Est. tempo de leitura":"2 minutos"},"schema":{"@context":"https:\/\/schema.org","@graph":[{"@type":"Article","@id":"https:\/\/sudoesteacontece.com.br\/?p=10087#article","isPartOf":{"@id":"https:\/\/sudoesteacontece.com.br\/?p=10087"},"author":{"name":"Washington Tiago","@id":"https:\/\/sudoesteacontece.com.br\/#\/schema\/person\/3cf2cf009926a9683ebc29d5379fa79c"},"headline":"D\u00edvida milion\u00e1ria e irregularidades marcam fim de mandato em Rio de Contas","datePublished":"2026-03-12T14:18:57+00:00","dateModified":"2026-03-12T14:19:02+00:00","mainEntityOfPage":{"@id":"https:\/\/sudoesteacontece.com.br\/?p=10087"},"wordCount":241,"commentCount":0,"publisher":{"@id":"https:\/\/sudoesteacontece.com.br\/#organization"},"image":{"@id":"https:\/\/sudoesteacontece.com.br\/?p=10087#primaryimage"},"thumbnailUrl":"http:\/\/sudoesteacontece.com.br\/wp-content\/uploads\/2026\/03\/Divida-milionaria-e-irregularidades-marcam-fim-de-mandato-em-Rio-de-Contas.jpg","articleSection":["Justi\u00e7a","Pol\u00edtica","Rio de Contas"],"inLanguage":"pt-BR","potentialAction":[{"@type":"CommentAction","name":"Comment","target":["https:\/\/sudoesteacontece.com.br\/?p=10087#respond"]}]},{"@type":"WebPage","@id":"https:\/\/sudoesteacontece.com.br\/?p=10087","url":"https:\/\/sudoesteacontece.com.br\/?p=10087","name":"D\u00edvida milion\u00e1ria e irregularidades marcam fim de mandato em Rio de Contas - Sudoesteacontece","isPartOf":{"@id":"https:\/\/sudoesteacontece.com.br\/#website"},"primaryImageOfPage":{"@id":"https:\/\/sudoesteacontece.com.br\/?p=10087#primaryimage"},"image":{"@id":"https:\/\/sudoesteacontece.com.br\/?p=10087#primaryimage"},"thumbnailUrl":"http:\/\/sudoesteacontece.com.br\/wp-content\/uploads\/2026\/03\/Divida-milionaria-e-irregularidades-marcam-fim-de-mandato-em-Rio-de-Contas.jpg","datePublished":"2026-03-12T14:18:57+00:00","dateModified":"2026-03-12T14:19:02+00:00","breadcrumb":{"@id":"https:\/\/sudoesteacontece.com.br\/?p=10087#breadcrumb"},"inLanguage":"pt-BR","potentialAction":[{"@type":"ReadAction","target":["https:\/\/sudoesteacontece.com.br\/?p=10087"]}]},{"@type":"ImageObject","inLanguage":"pt-BR","@id":"https:\/\/sudoesteacontece.com.br\/?p=10087#primaryimage","url":"https:\/\/sudoesteacontece.com.br\/wp-content\/uploads\/2026\/03\/Divida-milionaria-e-irregularidades-marcam-fim-de-mandato-em-Rio-de-Contas.jpg","contentUrl":"https:\/\/sudoesteacontece.com.br\/wp-content\/uploads\/2026\/03\/Divida-milionaria-e-irregularidades-marcam-fim-de-mandato-em-Rio-de-Contas.jpg","width":900,"height":600},{"@type":"BreadcrumbList","@id":"https:\/\/sudoesteacontece.com.br\/?p=10087#breadcrumb","itemListElement":[{"@type":"ListItem","position":1,"name":"In\u00edcio","item":"https:\/\/sudoesteacontece.com.br\/"},{"@type":"ListItem","position":2,"name":"D\u00edvida milion\u00e1ria e irregularidades marcam fim de mandato em Rio de Contas"}]},{"@type":"WebSite","@id":"https:\/\/sudoesteacontece.com.br\/#website","url":"https:\/\/sudoesteacontece.com.br\/","name":"Sudoesteacontece","description":"","publisher":{"@id":"https:\/\/sudoesteacontece.com.br\/#organization"},"potentialAction":[{"@type":"SearchAction","target":{"@type":"EntryPoint","urlTemplate":"https:\/\/sudoesteacontece.com.br\/?s={search_term_string}"},"query-input":{"@type":"PropertyValueSpecification","valueRequired":true,"valueName":"search_term_string"}}],"inLanguage":"pt-BR"},{"@type":"Organization","@id":"https:\/\/sudoesteacontece.com.br\/#organization","name":"Sudoesteacontece","url":"https:\/\/sudoesteacontece.com.br\/","logo":{"@type":"ImageObject","inLanguage":"pt-BR","@id":"https:\/\/sudoesteacontece.com.br\/#\/schema\/logo\/image\/","url":"https:\/\/sudoesteacontece.com.br\/wp-content\/uploads\/2025\/12\/cropped-logo-2-180x180-1.png","contentUrl":"https:\/\/sudoesteacontece.com.br\/wp-content\/uploads\/2025\/12\/cropped-logo-2-180x180-1.png","width":180,"height":180,"caption":"Sudoesteacontece"},"image":{"@id":"https:\/\/sudoesteacontece.com.br\/#\/schema\/logo\/image\/"},"sameAs":["https:\/\/www.facebook.com\/sudoesteacontece\/?locale=pt_BR"]},{"@type":"Person","@id":"https:\/\/sudoesteacontece.com.br\/#\/schema\/person\/3cf2cf009926a9683ebc29d5379fa79c","name":"Washington Tiago","image":{"@type":"ImageObject","inLanguage":"pt-BR","@id":"https:\/\/sudoesteacontece.com.br\/#\/schema\/person\/image\/","url":"https:\/\/secure.gravatar.com\/avatar\/33c43b8668157e040f9d1fe93c354bf087cbd8ba36270c1163198bd3ddcf2a56?s=96&d=mm&r=g","contentUrl":"https:\/\/secure.gravatar.com\/avatar\/33c43b8668157e040f9d1fe93c354bf087cbd8ba36270c1163198bd3ddcf2a56?s=96&d=mm&r=g","caption":"Washington Tiago"},"url":"https:\/\/sudoesteacontece.com.br\/?author=2"}]}},"_links":{"self":[{"href":"https:\/\/sudoesteacontece.com.br\/index.php?rest_route=\/wp\/v2\/posts\/10087","targetHints":{"allow":["GET"]}}],"collection":[{"href":"https:\/\/sudoesteacontece.com.br\/index.php?rest_route=\/wp\/v2\/posts"}],"about":[{"href":"https:\/\/sudoesteacontece.com.br\/index.php?rest_route=\/wp\/v2\/types\/post"}],"author":[{"embeddable":true,"href":"https:\/\/sudoesteacontece.com.br\/index.php?rest_route=\/wp\/v2\/users\/2"}],"replies":[{"embeddable":true,"href":"https:\/\/sudoesteacontece.com.br\/index.php?rest_route=%2Fwp%2Fv2%2Fcomments&post=10087"}],"version-history":[{"count":0,"href":"https:\/\/sudoesteacontece.com.br\/index.php?rest_route=\/wp\/v2\/posts\/10087\/revisions"}],"wp:attachment":[{"href":"https:\/\/sudoesteacontece.com.br\/index.php?rest_route=%2Fwp%2Fv2%2Fmedia&parent=10087"}],"wp:term":[{"taxonomy":"category","embeddable":true,"href":"https:\/\/sudoesteacontece.com.br\/index.php?rest_route=%2Fwp%2Fv2%2Fcategories&post=10087"},{"taxonomy":"post_tag","embeddable":true,"href":"https:\/\/sudoesteacontece.com.br\/index.php?rest_route=%2Fwp%2Fv2%2Ftags&post=10087"}],"curies":[{"name":"wp","href":"https:\/\/api.w.org\/{rel}","templated":true}]}}