{"id":10091,"date":"2026-03-12T11:32:16","date_gmt":"2026-03-12T14:32:16","guid":{"rendered":"https:\/\/sudoesteacontece.com.br\/?p=10091"},"modified":"2026-03-12T11:32:22","modified_gmt":"2026-03-12T14:32:22","slug":"prf-apreende-drogas-e-eletronicos-em-onibus-interestadual-na-br-116-em-feira-de-santana","status":"publish","type":"post","link":"https:\/\/sudoesteacontece.com.br\/?p=10091","title":{"rendered":"PRF apreende drogas e eletr\u00f4nicos em \u00f4nibus interestadual na BR-116, em Feira de Santana"},"content":{"rendered":"<div class=\"wp-block-image\">\n<figure class=\"aligncenter size-full\"><img fetchpriority=\"high\" decoding=\"async\" width=\"900\" height=\"600\" src=\"http:\/\/sudoesteacontece.com.br\/wp-content\/uploads\/2026\/03\/PRF-apreende-drogas-e-eletronicos-em-onibus-interestadual-na-BR-116-em-Feira-de-Santana.jpg\" alt=\"\" class=\"wp-image-10120\" srcset=\"https:\/\/sudoesteacontece.com.br\/wp-content\/uploads\/2026\/03\/PRF-apreende-drogas-e-eletronicos-em-onibus-interestadual-na-BR-116-em-Feira-de-Santana.jpg 900w, https:\/\/sudoesteacontece.com.br\/wp-content\/uploads\/2026\/03\/PRF-apreende-drogas-e-eletronicos-em-onibus-interestadual-na-BR-116-em-Feira-de-Santana-300x200.jpg 300w, https:\/\/sudoesteacontece.com.br\/wp-content\/uploads\/2026\/03\/PRF-apreende-drogas-e-eletronicos-em-onibus-interestadual-na-BR-116-em-Feira-de-Santana-768x512.jpg 768w\" sizes=\"(max-width: 900px) 100vw, 900px\" \/><\/figure>\n<\/div>\n\n\n<p>Fiscaliza\u00e7\u00e3o da Pol\u00edcia Rodovi\u00e1ria Federal (PRF) na BR-116, em Feira de Santana, resultou na apreens\u00e3o de drogas, eletr\u00f4nicos e perfumes transportados ilegalmente em \u00f4nibus interestadual que seguia de S\u00e3o Paulo para o interior da Bahia. Opera\u00e7\u00e3o ocorreu na manh\u00e3 desta quarta-feira (11) e envolveu c\u00e3es farejadores da Opera\u00e7\u00e3o C\u00e3o de Faro III.<\/p>\n\n\n\n<p>C\u00e3es indicaram subst\u00e2ncia il\u00edcita em uma caixa de papel\u00e3o lacrada com fita adesiva no compartimento de bagagens. Ao abrir o volume, policiais encontraram dois tabletes de maconha, totalizando aproximadamente 1,05 kg. A encomenda continha identifica\u00e7\u00e3o de remetente e destinat\u00e1rio, comprovando envio do estado de S\u00e3o Paulo para a Bahia.<\/p>\n\n\n\n<p>Fiscaliza\u00e7\u00e3o seguiu nas demais encomendas do \u00f4nibus e revelou caixas com diversos aparelhos eletr\u00f4nicos e perfumes importados sem documenta\u00e7\u00e3o fiscal. Entre os itens estavam iPhones de diferentes modelos, baterias de iPhone e Motorola, e 47 perfumes de marcas variadas, caracterizando tentativa de introdu\u00e7\u00e3o irregular de mercadorias no pa\u00eds.<\/p>\n\n\n\n<p>Produtos eletr\u00f4nicos e cosm\u00e9ticos foram apreendidos e encaminhados \u00e0 Receita Federal para medidas fiscais cab\u00edveis, enquanto a droga seguiu para a Delegacia de T\u00f3xicos e Entorpecentes de Feira de Santana. A PRF refor\u00e7ou que a\u00e7\u00f5es como essa s\u00e3o fundamentais no combate ao tr\u00e1fico de drogas e \u00e0 entrada de mercadorias ilegais nas rodovias federais.<\/p>\n","protected":false},"excerpt":{"rendered":"<p>Fiscaliza\u00e7\u00e3o da Pol\u00edcia Rodovi\u00e1ria Federal (PRF) na BR-116, em Feira de Santana, resultou na apreens\u00e3o de drogas, eletr\u00f4nicos e perfumes transportados ilegalmente em \u00f4nibus interestadual que seguia de S\u00e3o Paulo para o interior da Bahia. Opera\u00e7\u00e3o ocorreu na manh\u00e3 desta quarta-feira (11) e envolveu c\u00e3es farejadores da Opera\u00e7\u00e3o C\u00e3o de Faro III. C\u00e3es indicaram subst\u00e2ncia il\u00edcita em uma caixa de papel\u00e3o lacrada com fita adesiva no compartimento de bagagens. Ao abrir o volume, policiais encontraram dois tabletes de maconha, totalizando aproximadamente 1,05 kg. A encomenda continha identifica\u00e7\u00e3o de remetente e destinat\u00e1rio, comprovando envio do estado de S\u00e3o Paulo para a Bahia. Fiscaliza\u00e7\u00e3o seguiu nas demais encomendas do \u00f4nibus e revelou caixas com diversos aparelhos eletr\u00f4nicos e perfumes importados sem documenta\u00e7\u00e3o fiscal. Entre os itens estavam iPhones de diferentes modelos, baterias de iPhone e Motorola, e 47 perfumes de marcas variadas, caracterizando tentativa de introdu\u00e7\u00e3o irregular de mercadorias no pa\u00eds. Produtos eletr\u00f4nicos e cosm\u00e9ticos foram apreendidos e encaminhados \u00e0 Receita Federal para medidas fiscais cab\u00edveis, enquanto a droga seguiu para a Delegacia de T\u00f3xicos e Entorpecentes de Feira de Santana. A PRF refor\u00e7ou que a\u00e7\u00f5es como essa s\u00e3o fundamentais no combate ao tr\u00e1fico de drogas e \u00e0 entrada de mercadorias ilegais nas rodovias federais.<\/p>\n","protected":false},"author":2,"featured_media":0,"comment_status":"open","ping_status":"open","sticky":false,"template":"","format":"standard","meta":{"footnotes":""},"categories":[4,3],"tags":[],"class_list":["post-10091","post","type-post","status-publish","format-standard","hentry","category-cidades","category-policia"],"yoast_head":"<!-- This site is optimized with the Yoast SEO plugin v26.5 - https:\/\/yoast.com\/wordpress\/plugins\/seo\/ -->\n<title>PRF apreende drogas e eletr\u00f4nicos em \u00f4nibus interestadual na BR-116, em Feira de Santana - Sudoesteacontece<\/title>\n<meta name=\"robots\" content=\"index, follow, max-snippet:-1, max-image-preview:large, max-video-preview:-1\" \/>\n<link rel=\"canonical\" href=\"https:\/\/sudoesteacontece.com.br\/?p=10091\" \/>\n<meta property=\"og:locale\" content=\"pt_BR\" \/>\n<meta property=\"og:type\" content=\"article\" \/>\n<meta property=\"og:title\" content=\"PRF apreende drogas e eletr\u00f4nicos em \u00f4nibus interestadual na BR-116, em Feira de Santana - Sudoesteacontece\" \/>\n<meta property=\"og:description\" content=\"Fiscaliza\u00e7\u00e3o da Pol\u00edcia Rodovi\u00e1ria Federal (PRF) na BR-116, em Feira de Santana, resultou na apreens\u00e3o de drogas, eletr\u00f4nicos e perfumes transportados ilegalmente em \u00f4nibus interestadual que seguia de S\u00e3o Paulo para o interior da Bahia. Opera\u00e7\u00e3o ocorreu na manh\u00e3 desta quarta-feira (11) e envolveu c\u00e3es farejadores da Opera\u00e7\u00e3o C\u00e3o de Faro III. C\u00e3es indicaram subst\u00e2ncia il\u00edcita em uma caixa de papel\u00e3o lacrada com fita adesiva no compartimento de bagagens. Ao abrir o volume, policiais encontraram dois tabletes de maconha, totalizando aproximadamente 1,05 kg. A encomenda continha identifica\u00e7\u00e3o de remetente e destinat\u00e1rio, comprovando envio do estado de S\u00e3o Paulo para a Bahia. Fiscaliza\u00e7\u00e3o seguiu nas demais encomendas do \u00f4nibus e revelou caixas com diversos aparelhos eletr\u00f4nicos e perfumes importados sem documenta\u00e7\u00e3o fiscal. Entre os itens estavam iPhones de diferentes modelos, baterias de iPhone e Motorola, e 47 perfumes de marcas variadas, caracterizando tentativa de introdu\u00e7\u00e3o irregular de mercadorias no pa\u00eds. Produtos eletr\u00f4nicos e cosm\u00e9ticos foram apreendidos e encaminhados \u00e0 Receita Federal para medidas fiscais cab\u00edveis, enquanto a droga seguiu para a Delegacia de T\u00f3xicos e Entorpecentes de Feira de Santana. A PRF refor\u00e7ou que a\u00e7\u00f5es como essa s\u00e3o fundamentais no combate ao tr\u00e1fico de drogas e \u00e0 entrada de mercadorias ilegais nas rodovias federais.\" \/>\n<meta property=\"og:url\" content=\"https:\/\/sudoesteacontece.com.br\/?p=10091\" \/>\n<meta property=\"og:site_name\" content=\"Sudoesteacontece\" \/>\n<meta property=\"article:publisher\" content=\"https:\/\/www.facebook.com\/sudoesteacontece\/?locale=pt_BR\" \/>\n<meta property=\"article:published_time\" content=\"2026-03-12T14:32:16+00:00\" \/>\n<meta property=\"article:modified_time\" content=\"2026-03-12T14:32:22+00:00\" \/>\n<meta property=\"og:image\" content=\"http:\/\/sudoesteacontece.com.br\/wp-content\/uploads\/2026\/03\/PRF-apreende-drogas-e-eletronicos-em-onibus-interestadual-na-BR-116-em-Feira-de-Santana.jpg\" \/>\n<meta name=\"author\" content=\"Washington Tiago\" \/>\n<meta name=\"twitter:card\" content=\"summary_large_image\" \/>\n<meta name=\"twitter:label1\" content=\"Escrito por\" \/>\n\t<meta name=\"twitter:data1\" content=\"Washington Tiago\" \/>\n\t<meta name=\"twitter:label2\" content=\"Est. tempo de leitura\" \/>\n\t<meta name=\"twitter:data2\" content=\"2 minutos\" \/>\n<script type=\"application\/ld+json\" class=\"yoast-schema-graph\">{\"@context\":\"https:\/\/schema.org\",\"@graph\":[{\"@type\":\"Article\",\"@id\":\"https:\/\/sudoesteacontece.com.br\/?p=10091#article\",\"isPartOf\":{\"@id\":\"https:\/\/sudoesteacontece.com.br\/?p=10091\"},\"author\":{\"name\":\"Washington Tiago\",\"@id\":\"https:\/\/sudoesteacontece.com.br\/#\/schema\/person\/3cf2cf009926a9683ebc29d5379fa79c\"},\"headline\":\"PRF apreende drogas e eletr\u00f4nicos em \u00f4nibus interestadual na BR-116, em Feira de Santana\",\"datePublished\":\"2026-03-12T14:32:16+00:00\",\"dateModified\":\"2026-03-12T14:32:22+00:00\",\"mainEntityOfPage\":{\"@id\":\"https:\/\/sudoesteacontece.com.br\/?p=10091\"},\"wordCount\":243,\"commentCount\":0,\"publisher\":{\"@id\":\"https:\/\/sudoesteacontece.com.br\/#organization\"},\"image\":{\"@id\":\"https:\/\/sudoesteacontece.com.br\/?p=10091#primaryimage\"},\"thumbnailUrl\":\"http:\/\/sudoesteacontece.com.br\/wp-content\/uploads\/2026\/03\/PRF-apreende-drogas-e-eletronicos-em-onibus-interestadual-na-BR-116-em-Feira-de-Santana.jpg\",\"articleSection\":[\"Cidades\",\"Pol\u00edcia\"],\"inLanguage\":\"pt-BR\",\"potentialAction\":[{\"@type\":\"CommentAction\",\"name\":\"Comment\",\"target\":[\"https:\/\/sudoesteacontece.com.br\/?p=10091#respond\"]}]},{\"@type\":\"WebPage\",\"@id\":\"https:\/\/sudoesteacontece.com.br\/?p=10091\",\"url\":\"https:\/\/sudoesteacontece.com.br\/?p=10091\",\"name\":\"PRF apreende drogas e eletr\u00f4nicos em \u00f4nibus interestadual na BR-116, em Feira de Santana - Sudoesteacontece\",\"isPartOf\":{\"@id\":\"https:\/\/sudoesteacontece.com.br\/#website\"},\"primaryImageOfPage\":{\"@id\":\"https:\/\/sudoesteacontece.com.br\/?p=10091#primaryimage\"},\"image\":{\"@id\":\"https:\/\/sudoesteacontece.com.br\/?p=10091#primaryimage\"},\"thumbnailUrl\":\"http:\/\/sudoesteacontece.com.br\/wp-content\/uploads\/2026\/03\/PRF-apreende-drogas-e-eletronicos-em-onibus-interestadual-na-BR-116-em-Feira-de-Santana.jpg\",\"datePublished\":\"2026-03-12T14:32:16+00:00\",\"dateModified\":\"2026-03-12T14:32:22+00:00\",\"breadcrumb\":{\"@id\":\"https:\/\/sudoesteacontece.com.br\/?p=10091#breadcrumb\"},\"inLanguage\":\"pt-BR\",\"potentialAction\":[{\"@type\":\"ReadAction\",\"target\":[\"https:\/\/sudoesteacontece.com.br\/?p=10091\"]}]},{\"@type\":\"ImageObject\",\"inLanguage\":\"pt-BR\",\"@id\":\"https:\/\/sudoesteacontece.com.br\/?p=10091#primaryimage\",\"url\":\"https:\/\/sudoesteacontece.com.br\/wp-content\/uploads\/2026\/03\/PRF-apreende-drogas-e-eletronicos-em-onibus-interestadual-na-BR-116-em-Feira-de-Santana.jpg\",\"contentUrl\":\"https:\/\/sudoesteacontece.com.br\/wp-content\/uploads\/2026\/03\/PRF-apreende-drogas-e-eletronicos-em-onibus-interestadual-na-BR-116-em-Feira-de-Santana.jpg\",\"width\":900,\"height\":600},{\"@type\":\"BreadcrumbList\",\"@id\":\"https:\/\/sudoesteacontece.com.br\/?p=10091#breadcrumb\",\"itemListElement\":[{\"@type\":\"ListItem\",\"position\":1,\"name\":\"In\u00edcio\",\"item\":\"https:\/\/sudoesteacontece.com.br\/\"},{\"@type\":\"ListItem\",\"position\":2,\"name\":\"PRF apreende drogas e eletr\u00f4nicos em \u00f4nibus interestadual na BR-116, em Feira de Santana\"}]},{\"@type\":\"WebSite\",\"@id\":\"https:\/\/sudoesteacontece.com.br\/#website\",\"url\":\"https:\/\/sudoesteacontece.com.br\/\",\"name\":\"Sudoesteacontece\",\"description\":\"\",\"publisher\":{\"@id\":\"https:\/\/sudoesteacontece.com.br\/#organization\"},\"potentialAction\":[{\"@type\":\"SearchAction\",\"target\":{\"@type\":\"EntryPoint\",\"urlTemplate\":\"https:\/\/sudoesteacontece.com.br\/?s={search_term_string}\"},\"query-input\":{\"@type\":\"PropertyValueSpecification\",\"valueRequired\":true,\"valueName\":\"search_term_string\"}}],\"inLanguage\":\"pt-BR\"},{\"@type\":\"Organization\",\"@id\":\"https:\/\/sudoesteacontece.com.br\/#organization\",\"name\":\"Sudoesteacontece\",\"url\":\"https:\/\/sudoesteacontece.com.br\/\",\"logo\":{\"@type\":\"ImageObject\",\"inLanguage\":\"pt-BR\",\"@id\":\"https:\/\/sudoesteacontece.com.br\/#\/schema\/logo\/image\/\",\"url\":\"https:\/\/sudoesteacontece.com.br\/wp-content\/uploads\/2025\/12\/cropped-logo-2-180x180-1.png\",\"contentUrl\":\"https:\/\/sudoesteacontece.com.br\/wp-content\/uploads\/2025\/12\/cropped-logo-2-180x180-1.png\",\"width\":180,\"height\":180,\"caption\":\"Sudoesteacontece\"},\"image\":{\"@id\":\"https:\/\/sudoesteacontece.com.br\/#\/schema\/logo\/image\/\"},\"sameAs\":[\"https:\/\/www.facebook.com\/sudoesteacontece\/?locale=pt_BR\"]},{\"@type\":\"Person\",\"@id\":\"https:\/\/sudoesteacontece.com.br\/#\/schema\/person\/3cf2cf009926a9683ebc29d5379fa79c\",\"name\":\"Washington Tiago\",\"image\":{\"@type\":\"ImageObject\",\"inLanguage\":\"pt-BR\",\"@id\":\"https:\/\/sudoesteacontece.com.br\/#\/schema\/person\/image\/\",\"url\":\"https:\/\/secure.gravatar.com\/avatar\/33c43b8668157e040f9d1fe93c354bf087cbd8ba36270c1163198bd3ddcf2a56?s=96&d=mm&r=g\",\"contentUrl\":\"https:\/\/secure.gravatar.com\/avatar\/33c43b8668157e040f9d1fe93c354bf087cbd8ba36270c1163198bd3ddcf2a56?s=96&d=mm&r=g\",\"caption\":\"Washington Tiago\"},\"url\":\"https:\/\/sudoesteacontece.com.br\/?author=2\"}]}<\/script>\n<!-- \/ Yoast SEO plugin. -->","yoast_head_json":{"title":"PRF apreende drogas e eletr\u00f4nicos em \u00f4nibus interestadual na BR-116, em Feira de Santana - Sudoesteacontece","robots":{"index":"index","follow":"follow","max-snippet":"max-snippet:-1","max-image-preview":"max-image-preview:large","max-video-preview":"max-video-preview:-1"},"canonical":"https:\/\/sudoesteacontece.com.br\/?p=10091","og_locale":"pt_BR","og_type":"article","og_title":"PRF apreende drogas e eletr\u00f4nicos em \u00f4nibus interestadual na BR-116, em Feira de Santana - Sudoesteacontece","og_description":"Fiscaliza\u00e7\u00e3o da Pol\u00edcia Rodovi\u00e1ria Federal (PRF) na BR-116, em Feira de Santana, resultou na apreens\u00e3o de drogas, eletr\u00f4nicos e perfumes transportados ilegalmente em \u00f4nibus interestadual que seguia de S\u00e3o Paulo para o interior da Bahia. Opera\u00e7\u00e3o ocorreu na manh\u00e3 desta quarta-feira (11) e envolveu c\u00e3es farejadores da Opera\u00e7\u00e3o C\u00e3o de Faro III. C\u00e3es indicaram subst\u00e2ncia il\u00edcita em uma caixa de papel\u00e3o lacrada com fita adesiva no compartimento de bagagens. Ao abrir o volume, policiais encontraram dois tabletes de maconha, totalizando aproximadamente 1,05 kg. A encomenda continha identifica\u00e7\u00e3o de remetente e destinat\u00e1rio, comprovando envio do estado de S\u00e3o Paulo para a Bahia. Fiscaliza\u00e7\u00e3o seguiu nas demais encomendas do \u00f4nibus e revelou caixas com diversos aparelhos eletr\u00f4nicos e perfumes importados sem documenta\u00e7\u00e3o fiscal. Entre os itens estavam iPhones de diferentes modelos, baterias de iPhone e Motorola, e 47 perfumes de marcas variadas, caracterizando tentativa de introdu\u00e7\u00e3o irregular de mercadorias no pa\u00eds. Produtos eletr\u00f4nicos e cosm\u00e9ticos foram apreendidos e encaminhados \u00e0 Receita Federal para medidas fiscais cab\u00edveis, enquanto a droga seguiu para a Delegacia de T\u00f3xicos e Entorpecentes de Feira de Santana. A PRF refor\u00e7ou que a\u00e7\u00f5es como essa s\u00e3o fundamentais no combate ao tr\u00e1fico de drogas e \u00e0 entrada de mercadorias ilegais nas rodovias federais.","og_url":"https:\/\/sudoesteacontece.com.br\/?p=10091","og_site_name":"Sudoesteacontece","article_publisher":"https:\/\/www.facebook.com\/sudoesteacontece\/?locale=pt_BR","article_published_time":"2026-03-12T14:32:16+00:00","article_modified_time":"2026-03-12T14:32:22+00:00","og_image":[{"url":"http:\/\/sudoesteacontece.com.br\/wp-content\/uploads\/2026\/03\/PRF-apreende-drogas-e-eletronicos-em-onibus-interestadual-na-BR-116-em-Feira-de-Santana.jpg","type":"","width":"","height":""}],"author":"Washington Tiago","twitter_card":"summary_large_image","twitter_misc":{"Escrito por":"Washington Tiago","Est. tempo de leitura":"2 minutos"},"schema":{"@context":"https:\/\/schema.org","@graph":[{"@type":"Article","@id":"https:\/\/sudoesteacontece.com.br\/?p=10091#article","isPartOf":{"@id":"https:\/\/sudoesteacontece.com.br\/?p=10091"},"author":{"name":"Washington Tiago","@id":"https:\/\/sudoesteacontece.com.br\/#\/schema\/person\/3cf2cf009926a9683ebc29d5379fa79c"},"headline":"PRF apreende drogas e eletr\u00f4nicos em \u00f4nibus interestadual na BR-116, em Feira de Santana","datePublished":"2026-03-12T14:32:16+00:00","dateModified":"2026-03-12T14:32:22+00:00","mainEntityOfPage":{"@id":"https:\/\/sudoesteacontece.com.br\/?p=10091"},"wordCount":243,"commentCount":0,"publisher":{"@id":"https:\/\/sudoesteacontece.com.br\/#organization"},"image":{"@id":"https:\/\/sudoesteacontece.com.br\/?p=10091#primaryimage"},"thumbnailUrl":"http:\/\/sudoesteacontece.com.br\/wp-content\/uploads\/2026\/03\/PRF-apreende-drogas-e-eletronicos-em-onibus-interestadual-na-BR-116-em-Feira-de-Santana.jpg","articleSection":["Cidades","Pol\u00edcia"],"inLanguage":"pt-BR","potentialAction":[{"@type":"CommentAction","name":"Comment","target":["https:\/\/sudoesteacontece.com.br\/?p=10091#respond"]}]},{"@type":"WebPage","@id":"https:\/\/sudoesteacontece.com.br\/?p=10091","url":"https:\/\/sudoesteacontece.com.br\/?p=10091","name":"PRF apreende drogas e eletr\u00f4nicos em \u00f4nibus interestadual na BR-116, em Feira de Santana - Sudoesteacontece","isPartOf":{"@id":"https:\/\/sudoesteacontece.com.br\/#website"},"primaryImageOfPage":{"@id":"https:\/\/sudoesteacontece.com.br\/?p=10091#primaryimage"},"image":{"@id":"https:\/\/sudoesteacontece.com.br\/?p=10091#primaryimage"},"thumbnailUrl":"http:\/\/sudoesteacontece.com.br\/wp-content\/uploads\/2026\/03\/PRF-apreende-drogas-e-eletronicos-em-onibus-interestadual-na-BR-116-em-Feira-de-Santana.jpg","datePublished":"2026-03-12T14:32:16+00:00","dateModified":"2026-03-12T14:32:22+00:00","breadcrumb":{"@id":"https:\/\/sudoesteacontece.com.br\/?p=10091#breadcrumb"},"inLanguage":"pt-BR","potentialAction":[{"@type":"ReadAction","target":["https:\/\/sudoesteacontece.com.br\/?p=10091"]}]},{"@type":"ImageObject","inLanguage":"pt-BR","@id":"https:\/\/sudoesteacontece.com.br\/?p=10091#primaryimage","url":"https:\/\/sudoesteacontece.com.br\/wp-content\/uploads\/2026\/03\/PRF-apreende-drogas-e-eletronicos-em-onibus-interestadual-na-BR-116-em-Feira-de-Santana.jpg","contentUrl":"https:\/\/sudoesteacontece.com.br\/wp-content\/uploads\/2026\/03\/PRF-apreende-drogas-e-eletronicos-em-onibus-interestadual-na-BR-116-em-Feira-de-Santana.jpg","width":900,"height":600},{"@type":"BreadcrumbList","@id":"https:\/\/sudoesteacontece.com.br\/?p=10091#breadcrumb","itemListElement":[{"@type":"ListItem","position":1,"name":"In\u00edcio","item":"https:\/\/sudoesteacontece.com.br\/"},{"@type":"ListItem","position":2,"name":"PRF apreende drogas e eletr\u00f4nicos em \u00f4nibus interestadual na BR-116, em Feira de Santana"}]},{"@type":"WebSite","@id":"https:\/\/sudoesteacontece.com.br\/#website","url":"https:\/\/sudoesteacontece.com.br\/","name":"Sudoesteacontece","description":"","publisher":{"@id":"https:\/\/sudoesteacontece.com.br\/#organization"},"potentialAction":[{"@type":"SearchAction","target":{"@type":"EntryPoint","urlTemplate":"https:\/\/sudoesteacontece.com.br\/?s={search_term_string}"},"query-input":{"@type":"PropertyValueSpecification","valueRequired":true,"valueName":"search_term_string"}}],"inLanguage":"pt-BR"},{"@type":"Organization","@id":"https:\/\/sudoesteacontece.com.br\/#organization","name":"Sudoesteacontece","url":"https:\/\/sudoesteacontece.com.br\/","logo":{"@type":"ImageObject","inLanguage":"pt-BR","@id":"https:\/\/sudoesteacontece.com.br\/#\/schema\/logo\/image\/","url":"https:\/\/sudoesteacontece.com.br\/wp-content\/uploads\/2025\/12\/cropped-logo-2-180x180-1.png","contentUrl":"https:\/\/sudoesteacontece.com.br\/wp-content\/uploads\/2025\/12\/cropped-logo-2-180x180-1.png","width":180,"height":180,"caption":"Sudoesteacontece"},"image":{"@id":"https:\/\/sudoesteacontece.com.br\/#\/schema\/logo\/image\/"},"sameAs":["https:\/\/www.facebook.com\/sudoesteacontece\/?locale=pt_BR"]},{"@type":"Person","@id":"https:\/\/sudoesteacontece.com.br\/#\/schema\/person\/3cf2cf009926a9683ebc29d5379fa79c","name":"Washington Tiago","image":{"@type":"ImageObject","inLanguage":"pt-BR","@id":"https:\/\/sudoesteacontece.com.br\/#\/schema\/person\/image\/","url":"https:\/\/secure.gravatar.com\/avatar\/33c43b8668157e040f9d1fe93c354bf087cbd8ba36270c1163198bd3ddcf2a56?s=96&d=mm&r=g","contentUrl":"https:\/\/secure.gravatar.com\/avatar\/33c43b8668157e040f9d1fe93c354bf087cbd8ba36270c1163198bd3ddcf2a56?s=96&d=mm&r=g","caption":"Washington Tiago"},"url":"https:\/\/sudoesteacontece.com.br\/?author=2"}]}},"_links":{"self":[{"href":"https:\/\/sudoesteacontece.com.br\/index.php?rest_route=\/wp\/v2\/posts\/10091","targetHints":{"allow":["GET"]}}],"collection":[{"href":"https:\/\/sudoesteacontece.com.br\/index.php?rest_route=\/wp\/v2\/posts"}],"about":[{"href":"https:\/\/sudoesteacontece.com.br\/index.php?rest_route=\/wp\/v2\/types\/post"}],"author":[{"embeddable":true,"href":"https:\/\/sudoesteacontece.com.br\/index.php?rest_route=\/wp\/v2\/users\/2"}],"replies":[{"embeddable":true,"href":"https:\/\/sudoesteacontece.com.br\/index.php?rest_route=%2Fwp%2Fv2%2Fcomments&post=10091"}],"version-history":[{"count":0,"href":"https:\/\/sudoesteacontece.com.br\/index.php?rest_route=\/wp\/v2\/posts\/10091\/revisions"}],"wp:attachment":[{"href":"https:\/\/sudoesteacontece.com.br\/index.php?rest_route=%2Fwp%2Fv2%2Fmedia&parent=10091"}],"wp:term":[{"taxonomy":"category","embeddable":true,"href":"https:\/\/sudoesteacontece.com.br\/index.php?rest_route=%2Fwp%2Fv2%2Fcategories&post=10091"},{"taxonomy":"post_tag","embeddable":true,"href":"https:\/\/sudoesteacontece.com.br\/index.php?rest_route=%2Fwp%2Fv2%2Ftags&post=10091"}],"curies":[{"name":"wp","href":"https:\/\/api.w.org\/{rel}","templated":true}]}}