{"id":10093,"date":"2026-03-12T11:43:37","date_gmt":"2026-03-12T14:43:37","guid":{"rendered":"https:\/\/sudoesteacontece.com.br\/?p=10093"},"modified":"2026-03-12T11:43:41","modified_gmt":"2026-03-12T14:43:41","slug":"horror-em-buerarema-homem-e-assassinado-e-tem-cabeca-arrancada","status":"publish","type":"post","link":"https:\/\/sudoesteacontece.com.br\/?p=10093","title":{"rendered":"Horror em Buerarema: homem \u00e9 assassinado e tem cabe\u00e7a arrancada"},"content":{"rendered":"<div class=\"wp-block-image\">\n<figure class=\"aligncenter size-full\"><img fetchpriority=\"high\" decoding=\"async\" width=\"900\" height=\"600\" src=\"http:\/\/sudoesteacontece.com.br\/wp-content\/uploads\/2026\/03\/Novo-Projeto-19.jpg\" alt=\"\" class=\"wp-image-10122\" srcset=\"https:\/\/sudoesteacontece.com.br\/wp-content\/uploads\/2026\/03\/Novo-Projeto-19.jpg 900w, https:\/\/sudoesteacontece.com.br\/wp-content\/uploads\/2026\/03\/Novo-Projeto-19-300x200.jpg 300w, https:\/\/sudoesteacontece.com.br\/wp-content\/uploads\/2026\/03\/Novo-Projeto-19-768x512.jpg 768w\" sizes=\"(max-width: 900px) 100vw, 900px\" \/><\/figure>\n<\/div>\n\n\n<p>Buerarema, no Sul da Bahia, registrou um crime brutal que chocou a popula\u00e7\u00e3o nesta quarta-feira (11). Um homem rec\u00e9m-libertado do pres\u00eddio foi assassinado e teve a cabe\u00e7a arrancada, segundo informa\u00e7\u00f5es da pol\u00edcia. O caso gerou p\u00e2nico entre moradores, enquanto equipes civis e militares iniciaram investiga\u00e7\u00e3o para identificar os autores.<\/p>\n\n\n\n<p>V\u00edtima possu\u00eda uma extensa ficha criminal e havia deixado o pres\u00eddio recentemente. De acordo com o programa Balan\u00e7o Geral, da TV Cabr\u00e1lia, pelo menos tr\u00eas criminosos participaram do ataque. Moradores relataram terror e inseguran\u00e7a ap\u00f3s o ocorrido, refor\u00e7ando a percep\u00e7\u00e3o de vulnerabilidade da comunidade diante de crimes de extrema viol\u00eancia.<\/p>\n\n\n\n<p>Policiais refor\u00e7aram o patrulhamento na cidade e buscam testemunhas que possam fornecer detalhes sobre os autores ou a motiva\u00e7\u00e3o do homic\u00eddio. Autoridades investigam se o crime foi motivado por vingan\u00e7a, disputas criminosas ou outra raz\u00e3o ligada ao hist\u00f3rico da v\u00edtima, considerada de alto risco devido ao seu passado criminal.<\/p>\n\n\n\n<p>Corpo da v\u00edtima foi encaminhado ao Departamento de Pol\u00edcia T\u00e9cnica de Itabuna. Peritos realizam exames detalhados para compreender a din\u00e2mica do crime e coletar evid\u00eancias que ajudem a identificar os respons\u00e1veis. A per\u00edcia inclui an\u00e1lise de vest\u00edgios, reconstru\u00e7\u00e3o da cena e levantamento de provas materiais que possam levar \u00e0 pris\u00e3o dos autores.<\/p>\n","protected":false},"excerpt":{"rendered":"<p>Buerarema, no Sul da Bahia, registrou um crime brutal que chocou a popula\u00e7\u00e3o nesta quarta-feira (11). Um homem rec\u00e9m-libertado do pres\u00eddio foi assassinado e teve a cabe\u00e7a arrancada, segundo informa\u00e7\u00f5es da pol\u00edcia. O caso gerou p\u00e2nico entre moradores, enquanto equipes civis e militares iniciaram investiga\u00e7\u00e3o para identificar os autores. V\u00edtima possu\u00eda uma extensa ficha criminal e havia deixado o pres\u00eddio recentemente. De acordo com o programa Balan\u00e7o Geral, da TV Cabr\u00e1lia, pelo menos tr\u00eas criminosos participaram do ataque. Moradores relataram terror e inseguran\u00e7a ap\u00f3s o ocorrido, refor\u00e7ando a percep\u00e7\u00e3o de vulnerabilidade da comunidade diante de crimes de extrema viol\u00eancia. Policiais refor\u00e7aram o patrulhamento na cidade e buscam testemunhas que possam fornecer detalhes sobre os autores ou a motiva\u00e7\u00e3o do homic\u00eddio. Autoridades investigam se o crime foi motivado por vingan\u00e7a, disputas criminosas ou outra raz\u00e3o ligada ao hist\u00f3rico da v\u00edtima, considerada de alto risco devido ao seu passado criminal. Corpo da v\u00edtima foi encaminhado ao Departamento de Pol\u00edcia T\u00e9cnica de Itabuna. Peritos realizam exames detalhados para compreender a din\u00e2mica do crime e coletar evid\u00eancias que ajudem a identificar os respons\u00e1veis. A per\u00edcia inclui an\u00e1lise de vest\u00edgios, reconstru\u00e7\u00e3o da cena e levantamento de provas materiais que possam levar \u00e0 pris\u00e3o dos autores.<\/p>\n","protected":false},"author":2,"featured_media":0,"comment_status":"open","ping_status":"open","sticky":false,"template":"","format":"standard","meta":{"footnotes":""},"categories":[7,4,3,6],"tags":[],"class_list":["post-10093","post","type-post","status-publish","format-standard","hentry","category-bahia","category-cidades","category-policia","category-politica"],"yoast_head":"<!-- This site is optimized with the Yoast SEO plugin v26.5 - https:\/\/yoast.com\/wordpress\/plugins\/seo\/ -->\n<title>Horror em Buerarema: homem \u00e9 assassinado e tem cabe\u00e7a arrancada - Sudoesteacontece<\/title>\n<meta name=\"robots\" content=\"index, follow, max-snippet:-1, max-image-preview:large, max-video-preview:-1\" \/>\n<link rel=\"canonical\" href=\"https:\/\/sudoesteacontece.com.br\/?p=10093\" \/>\n<meta property=\"og:locale\" content=\"pt_BR\" \/>\n<meta property=\"og:type\" content=\"article\" \/>\n<meta property=\"og:title\" content=\"Horror em Buerarema: homem \u00e9 assassinado e tem cabe\u00e7a arrancada - Sudoesteacontece\" \/>\n<meta property=\"og:description\" content=\"Buerarema, no Sul da Bahia, registrou um crime brutal que chocou a popula\u00e7\u00e3o nesta quarta-feira (11). Um homem rec\u00e9m-libertado do pres\u00eddio foi assassinado e teve a cabe\u00e7a arrancada, segundo informa\u00e7\u00f5es da pol\u00edcia. O caso gerou p\u00e2nico entre moradores, enquanto equipes civis e militares iniciaram investiga\u00e7\u00e3o para identificar os autores. V\u00edtima possu\u00eda uma extensa ficha criminal e havia deixado o pres\u00eddio recentemente. De acordo com o programa Balan\u00e7o Geral, da TV Cabr\u00e1lia, pelo menos tr\u00eas criminosos participaram do ataque. Moradores relataram terror e inseguran\u00e7a ap\u00f3s o ocorrido, refor\u00e7ando a percep\u00e7\u00e3o de vulnerabilidade da comunidade diante de crimes de extrema viol\u00eancia. Policiais refor\u00e7aram o patrulhamento na cidade e buscam testemunhas que possam fornecer detalhes sobre os autores ou a motiva\u00e7\u00e3o do homic\u00eddio. Autoridades investigam se o crime foi motivado por vingan\u00e7a, disputas criminosas ou outra raz\u00e3o ligada ao hist\u00f3rico da v\u00edtima, considerada de alto risco devido ao seu passado criminal. Corpo da v\u00edtima foi encaminhado ao Departamento de Pol\u00edcia T\u00e9cnica de Itabuna. Peritos realizam exames detalhados para compreender a din\u00e2mica do crime e coletar evid\u00eancias que ajudem a identificar os respons\u00e1veis. A per\u00edcia inclui an\u00e1lise de vest\u00edgios, reconstru\u00e7\u00e3o da cena e levantamento de provas materiais que possam levar \u00e0 pris\u00e3o dos autores.\" \/>\n<meta property=\"og:url\" content=\"https:\/\/sudoesteacontece.com.br\/?p=10093\" \/>\n<meta property=\"og:site_name\" content=\"Sudoesteacontece\" \/>\n<meta property=\"article:publisher\" content=\"https:\/\/www.facebook.com\/sudoesteacontece\/?locale=pt_BR\" \/>\n<meta property=\"article:published_time\" content=\"2026-03-12T14:43:37+00:00\" \/>\n<meta property=\"article:modified_time\" content=\"2026-03-12T14:43:41+00:00\" \/>\n<meta property=\"og:image\" content=\"http:\/\/sudoesteacontece.com.br\/wp-content\/uploads\/2026\/03\/Novo-Projeto-19.jpg\" \/>\n<meta name=\"author\" content=\"Washington Tiago\" \/>\n<meta name=\"twitter:card\" content=\"summary_large_image\" \/>\n<meta name=\"twitter:label1\" content=\"Escrito por\" \/>\n\t<meta name=\"twitter:data1\" content=\"Washington Tiago\" \/>\n\t<meta name=\"twitter:label2\" content=\"Est. tempo de leitura\" \/>\n\t<meta name=\"twitter:data2\" content=\"2 minutos\" \/>\n<script type=\"application\/ld+json\" class=\"yoast-schema-graph\">{\"@context\":\"https:\/\/schema.org\",\"@graph\":[{\"@type\":\"Article\",\"@id\":\"https:\/\/sudoesteacontece.com.br\/?p=10093#article\",\"isPartOf\":{\"@id\":\"https:\/\/sudoesteacontece.com.br\/?p=10093\"},\"author\":{\"name\":\"Washington Tiago\",\"@id\":\"https:\/\/sudoesteacontece.com.br\/#\/schema\/person\/3cf2cf009926a9683ebc29d5379fa79c\"},\"headline\":\"Horror em Buerarema: homem \u00e9 assassinado e tem cabe\u00e7a arrancada\",\"datePublished\":\"2026-03-12T14:43:37+00:00\",\"dateModified\":\"2026-03-12T14:43:41+00:00\",\"mainEntityOfPage\":{\"@id\":\"https:\/\/sudoesteacontece.com.br\/?p=10093\"},\"wordCount\":245,\"commentCount\":0,\"publisher\":{\"@id\":\"https:\/\/sudoesteacontece.com.br\/#organization\"},\"image\":{\"@id\":\"https:\/\/sudoesteacontece.com.br\/?p=10093#primaryimage\"},\"thumbnailUrl\":\"http:\/\/sudoesteacontece.com.br\/wp-content\/uploads\/2026\/03\/Novo-Projeto-19.jpg\",\"articleSection\":[\"Bahia\",\"Cidades\",\"Pol\u00edcia\",\"Pol\u00edtica\"],\"inLanguage\":\"pt-BR\",\"potentialAction\":[{\"@type\":\"CommentAction\",\"name\":\"Comment\",\"target\":[\"https:\/\/sudoesteacontece.com.br\/?p=10093#respond\"]}]},{\"@type\":\"WebPage\",\"@id\":\"https:\/\/sudoesteacontece.com.br\/?p=10093\",\"url\":\"https:\/\/sudoesteacontece.com.br\/?p=10093\",\"name\":\"Horror em Buerarema: homem \u00e9 assassinado e tem cabe\u00e7a arrancada - Sudoesteacontece\",\"isPartOf\":{\"@id\":\"https:\/\/sudoesteacontece.com.br\/#website\"},\"primaryImageOfPage\":{\"@id\":\"https:\/\/sudoesteacontece.com.br\/?p=10093#primaryimage\"},\"image\":{\"@id\":\"https:\/\/sudoesteacontece.com.br\/?p=10093#primaryimage\"},\"thumbnailUrl\":\"http:\/\/sudoesteacontece.com.br\/wp-content\/uploads\/2026\/03\/Novo-Projeto-19.jpg\",\"datePublished\":\"2026-03-12T14:43:37+00:00\",\"dateModified\":\"2026-03-12T14:43:41+00:00\",\"breadcrumb\":{\"@id\":\"https:\/\/sudoesteacontece.com.br\/?p=10093#breadcrumb\"},\"inLanguage\":\"pt-BR\",\"potentialAction\":[{\"@type\":\"ReadAction\",\"target\":[\"https:\/\/sudoesteacontece.com.br\/?p=10093\"]}]},{\"@type\":\"ImageObject\",\"inLanguage\":\"pt-BR\",\"@id\":\"https:\/\/sudoesteacontece.com.br\/?p=10093#primaryimage\",\"url\":\"https:\/\/sudoesteacontece.com.br\/wp-content\/uploads\/2026\/03\/Novo-Projeto-19.jpg\",\"contentUrl\":\"https:\/\/sudoesteacontece.com.br\/wp-content\/uploads\/2026\/03\/Novo-Projeto-19.jpg\",\"width\":900,\"height\":600},{\"@type\":\"BreadcrumbList\",\"@id\":\"https:\/\/sudoesteacontece.com.br\/?p=10093#breadcrumb\",\"itemListElement\":[{\"@type\":\"ListItem\",\"position\":1,\"name\":\"In\u00edcio\",\"item\":\"https:\/\/sudoesteacontece.com.br\/\"},{\"@type\":\"ListItem\",\"position\":2,\"name\":\"Horror em Buerarema: homem \u00e9 assassinado e tem cabe\u00e7a arrancada\"}]},{\"@type\":\"WebSite\",\"@id\":\"https:\/\/sudoesteacontece.com.br\/#website\",\"url\":\"https:\/\/sudoesteacontece.com.br\/\",\"name\":\"Sudoesteacontece\",\"description\":\"\",\"publisher\":{\"@id\":\"https:\/\/sudoesteacontece.com.br\/#organization\"},\"potentialAction\":[{\"@type\":\"SearchAction\",\"target\":{\"@type\":\"EntryPoint\",\"urlTemplate\":\"https:\/\/sudoesteacontece.com.br\/?s={search_term_string}\"},\"query-input\":{\"@type\":\"PropertyValueSpecification\",\"valueRequired\":true,\"valueName\":\"search_term_string\"}}],\"inLanguage\":\"pt-BR\"},{\"@type\":\"Organization\",\"@id\":\"https:\/\/sudoesteacontece.com.br\/#organization\",\"name\":\"Sudoesteacontece\",\"url\":\"https:\/\/sudoesteacontece.com.br\/\",\"logo\":{\"@type\":\"ImageObject\",\"inLanguage\":\"pt-BR\",\"@id\":\"https:\/\/sudoesteacontece.com.br\/#\/schema\/logo\/image\/\",\"url\":\"https:\/\/sudoesteacontece.com.br\/wp-content\/uploads\/2025\/12\/cropped-logo-2-180x180-1.png\",\"contentUrl\":\"https:\/\/sudoesteacontece.com.br\/wp-content\/uploads\/2025\/12\/cropped-logo-2-180x180-1.png\",\"width\":180,\"height\":180,\"caption\":\"Sudoesteacontece\"},\"image\":{\"@id\":\"https:\/\/sudoesteacontece.com.br\/#\/schema\/logo\/image\/\"},\"sameAs\":[\"https:\/\/www.facebook.com\/sudoesteacontece\/?locale=pt_BR\"]},{\"@type\":\"Person\",\"@id\":\"https:\/\/sudoesteacontece.com.br\/#\/schema\/person\/3cf2cf009926a9683ebc29d5379fa79c\",\"name\":\"Washington Tiago\",\"image\":{\"@type\":\"ImageObject\",\"inLanguage\":\"pt-BR\",\"@id\":\"https:\/\/sudoesteacontece.com.br\/#\/schema\/person\/image\/\",\"url\":\"https:\/\/secure.gravatar.com\/avatar\/33c43b8668157e040f9d1fe93c354bf087cbd8ba36270c1163198bd3ddcf2a56?s=96&d=mm&r=g\",\"contentUrl\":\"https:\/\/secure.gravatar.com\/avatar\/33c43b8668157e040f9d1fe93c354bf087cbd8ba36270c1163198bd3ddcf2a56?s=96&d=mm&r=g\",\"caption\":\"Washington Tiago\"},\"url\":\"https:\/\/sudoesteacontece.com.br\/?author=2\"}]}<\/script>\n<!-- \/ Yoast SEO plugin. -->","yoast_head_json":{"title":"Horror em Buerarema: homem \u00e9 assassinado e tem cabe\u00e7a arrancada - Sudoesteacontece","robots":{"index":"index","follow":"follow","max-snippet":"max-snippet:-1","max-image-preview":"max-image-preview:large","max-video-preview":"max-video-preview:-1"},"canonical":"https:\/\/sudoesteacontece.com.br\/?p=10093","og_locale":"pt_BR","og_type":"article","og_title":"Horror em Buerarema: homem \u00e9 assassinado e tem cabe\u00e7a arrancada - Sudoesteacontece","og_description":"Buerarema, no Sul da Bahia, registrou um crime brutal que chocou a popula\u00e7\u00e3o nesta quarta-feira (11). Um homem rec\u00e9m-libertado do pres\u00eddio foi assassinado e teve a cabe\u00e7a arrancada, segundo informa\u00e7\u00f5es da pol\u00edcia. O caso gerou p\u00e2nico entre moradores, enquanto equipes civis e militares iniciaram investiga\u00e7\u00e3o para identificar os autores. V\u00edtima possu\u00eda uma extensa ficha criminal e havia deixado o pres\u00eddio recentemente. De acordo com o programa Balan\u00e7o Geral, da TV Cabr\u00e1lia, pelo menos tr\u00eas criminosos participaram do ataque. Moradores relataram terror e inseguran\u00e7a ap\u00f3s o ocorrido, refor\u00e7ando a percep\u00e7\u00e3o de vulnerabilidade da comunidade diante de crimes de extrema viol\u00eancia. Policiais refor\u00e7aram o patrulhamento na cidade e buscam testemunhas que possam fornecer detalhes sobre os autores ou a motiva\u00e7\u00e3o do homic\u00eddio. Autoridades investigam se o crime foi motivado por vingan\u00e7a, disputas criminosas ou outra raz\u00e3o ligada ao hist\u00f3rico da v\u00edtima, considerada de alto risco devido ao seu passado criminal. Corpo da v\u00edtima foi encaminhado ao Departamento de Pol\u00edcia T\u00e9cnica de Itabuna. Peritos realizam exames detalhados para compreender a din\u00e2mica do crime e coletar evid\u00eancias que ajudem a identificar os respons\u00e1veis. A per\u00edcia inclui an\u00e1lise de vest\u00edgios, reconstru\u00e7\u00e3o da cena e levantamento de provas materiais que possam levar \u00e0 pris\u00e3o dos autores.","og_url":"https:\/\/sudoesteacontece.com.br\/?p=10093","og_site_name":"Sudoesteacontece","article_publisher":"https:\/\/www.facebook.com\/sudoesteacontece\/?locale=pt_BR","article_published_time":"2026-03-12T14:43:37+00:00","article_modified_time":"2026-03-12T14:43:41+00:00","og_image":[{"url":"http:\/\/sudoesteacontece.com.br\/wp-content\/uploads\/2026\/03\/Novo-Projeto-19.jpg","type":"","width":"","height":""}],"author":"Washington Tiago","twitter_card":"summary_large_image","twitter_misc":{"Escrito por":"Washington Tiago","Est. tempo de leitura":"2 minutos"},"schema":{"@context":"https:\/\/schema.org","@graph":[{"@type":"Article","@id":"https:\/\/sudoesteacontece.com.br\/?p=10093#article","isPartOf":{"@id":"https:\/\/sudoesteacontece.com.br\/?p=10093"},"author":{"name":"Washington Tiago","@id":"https:\/\/sudoesteacontece.com.br\/#\/schema\/person\/3cf2cf009926a9683ebc29d5379fa79c"},"headline":"Horror em Buerarema: homem \u00e9 assassinado e tem cabe\u00e7a arrancada","datePublished":"2026-03-12T14:43:37+00:00","dateModified":"2026-03-12T14:43:41+00:00","mainEntityOfPage":{"@id":"https:\/\/sudoesteacontece.com.br\/?p=10093"},"wordCount":245,"commentCount":0,"publisher":{"@id":"https:\/\/sudoesteacontece.com.br\/#organization"},"image":{"@id":"https:\/\/sudoesteacontece.com.br\/?p=10093#primaryimage"},"thumbnailUrl":"http:\/\/sudoesteacontece.com.br\/wp-content\/uploads\/2026\/03\/Novo-Projeto-19.jpg","articleSection":["Bahia","Cidades","Pol\u00edcia","Pol\u00edtica"],"inLanguage":"pt-BR","potentialAction":[{"@type":"CommentAction","name":"Comment","target":["https:\/\/sudoesteacontece.com.br\/?p=10093#respond"]}]},{"@type":"WebPage","@id":"https:\/\/sudoesteacontece.com.br\/?p=10093","url":"https:\/\/sudoesteacontece.com.br\/?p=10093","name":"Horror em Buerarema: homem \u00e9 assassinado e tem cabe\u00e7a arrancada - Sudoesteacontece","isPartOf":{"@id":"https:\/\/sudoesteacontece.com.br\/#website"},"primaryImageOfPage":{"@id":"https:\/\/sudoesteacontece.com.br\/?p=10093#primaryimage"},"image":{"@id":"https:\/\/sudoesteacontece.com.br\/?p=10093#primaryimage"},"thumbnailUrl":"http:\/\/sudoesteacontece.com.br\/wp-content\/uploads\/2026\/03\/Novo-Projeto-19.jpg","datePublished":"2026-03-12T14:43:37+00:00","dateModified":"2026-03-12T14:43:41+00:00","breadcrumb":{"@id":"https:\/\/sudoesteacontece.com.br\/?p=10093#breadcrumb"},"inLanguage":"pt-BR","potentialAction":[{"@type":"ReadAction","target":["https:\/\/sudoesteacontece.com.br\/?p=10093"]}]},{"@type":"ImageObject","inLanguage":"pt-BR","@id":"https:\/\/sudoesteacontece.com.br\/?p=10093#primaryimage","url":"https:\/\/sudoesteacontece.com.br\/wp-content\/uploads\/2026\/03\/Novo-Projeto-19.jpg","contentUrl":"https:\/\/sudoesteacontece.com.br\/wp-content\/uploads\/2026\/03\/Novo-Projeto-19.jpg","width":900,"height":600},{"@type":"BreadcrumbList","@id":"https:\/\/sudoesteacontece.com.br\/?p=10093#breadcrumb","itemListElement":[{"@type":"ListItem","position":1,"name":"In\u00edcio","item":"https:\/\/sudoesteacontece.com.br\/"},{"@type":"ListItem","position":2,"name":"Horror em Buerarema: homem \u00e9 assassinado e tem cabe\u00e7a arrancada"}]},{"@type":"WebSite","@id":"https:\/\/sudoesteacontece.com.br\/#website","url":"https:\/\/sudoesteacontece.com.br\/","name":"Sudoesteacontece","description":"","publisher":{"@id":"https:\/\/sudoesteacontece.com.br\/#organization"},"potentialAction":[{"@type":"SearchAction","target":{"@type":"EntryPoint","urlTemplate":"https:\/\/sudoesteacontece.com.br\/?s={search_term_string}"},"query-input":{"@type":"PropertyValueSpecification","valueRequired":true,"valueName":"search_term_string"}}],"inLanguage":"pt-BR"},{"@type":"Organization","@id":"https:\/\/sudoesteacontece.com.br\/#organization","name":"Sudoesteacontece","url":"https:\/\/sudoesteacontece.com.br\/","logo":{"@type":"ImageObject","inLanguage":"pt-BR","@id":"https:\/\/sudoesteacontece.com.br\/#\/schema\/logo\/image\/","url":"https:\/\/sudoesteacontece.com.br\/wp-content\/uploads\/2025\/12\/cropped-logo-2-180x180-1.png","contentUrl":"https:\/\/sudoesteacontece.com.br\/wp-content\/uploads\/2025\/12\/cropped-logo-2-180x180-1.png","width":180,"height":180,"caption":"Sudoesteacontece"},"image":{"@id":"https:\/\/sudoesteacontece.com.br\/#\/schema\/logo\/image\/"},"sameAs":["https:\/\/www.facebook.com\/sudoesteacontece\/?locale=pt_BR"]},{"@type":"Person","@id":"https:\/\/sudoesteacontece.com.br\/#\/schema\/person\/3cf2cf009926a9683ebc29d5379fa79c","name":"Washington Tiago","image":{"@type":"ImageObject","inLanguage":"pt-BR","@id":"https:\/\/sudoesteacontece.com.br\/#\/schema\/person\/image\/","url":"https:\/\/secure.gravatar.com\/avatar\/33c43b8668157e040f9d1fe93c354bf087cbd8ba36270c1163198bd3ddcf2a56?s=96&d=mm&r=g","contentUrl":"https:\/\/secure.gravatar.com\/avatar\/33c43b8668157e040f9d1fe93c354bf087cbd8ba36270c1163198bd3ddcf2a56?s=96&d=mm&r=g","caption":"Washington Tiago"},"url":"https:\/\/sudoesteacontece.com.br\/?author=2"}]}},"_links":{"self":[{"href":"https:\/\/sudoesteacontece.com.br\/index.php?rest_route=\/wp\/v2\/posts\/10093","targetHints":{"allow":["GET"]}}],"collection":[{"href":"https:\/\/sudoesteacontece.com.br\/index.php?rest_route=\/wp\/v2\/posts"}],"about":[{"href":"https:\/\/sudoesteacontece.com.br\/index.php?rest_route=\/wp\/v2\/types\/post"}],"author":[{"embeddable":true,"href":"https:\/\/sudoesteacontece.com.br\/index.php?rest_route=\/wp\/v2\/users\/2"}],"replies":[{"embeddable":true,"href":"https:\/\/sudoesteacontece.com.br\/index.php?rest_route=%2Fwp%2Fv2%2Fcomments&post=10093"}],"version-history":[{"count":0,"href":"https:\/\/sudoesteacontece.com.br\/index.php?rest_route=\/wp\/v2\/posts\/10093\/revisions"}],"wp:attachment":[{"href":"https:\/\/sudoesteacontece.com.br\/index.php?rest_route=%2Fwp%2Fv2%2Fmedia&parent=10093"}],"wp:term":[{"taxonomy":"category","embeddable":true,"href":"https:\/\/sudoesteacontece.com.br\/index.php?rest_route=%2Fwp%2Fv2%2Fcategories&post=10093"},{"taxonomy":"post_tag","embeddable":true,"href":"https:\/\/sudoesteacontece.com.br\/index.php?rest_route=%2Fwp%2Fv2%2Ftags&post=10093"}],"curies":[{"name":"wp","href":"https:\/\/api.w.org\/{rel}","templated":true}]}}