{"id":10097,"date":"2026-03-12T11:49:55","date_gmt":"2026-03-12T14:49:55","guid":{"rendered":"https:\/\/sudoesteacontece.com.br\/?p=10097"},"modified":"2026-03-12T11:50:00","modified_gmt":"2026-03-12T14:50:00","slug":"justica-rejeita-acao-de-secretaria-de-saude-contra-cidadao-por-video-em-sebastiao-laranjeiras","status":"publish","type":"post","link":"https:\/\/sudoesteacontece.com.br\/?p=10097","title":{"rendered":"Justi\u00e7a rejeita a\u00e7\u00e3o de secret\u00e1ria de Sa\u00fade contra cidad\u00e3o por v\u00eddeo em Sebasti\u00e3o Laranjeiras"},"content":{"rendered":"<div class=\"wp-block-image\">\n<figure class=\"aligncenter size-full\"><img fetchpriority=\"high\" decoding=\"async\" width=\"900\" height=\"600\" src=\"http:\/\/sudoesteacontece.com.br\/wp-content\/uploads\/2026\/03\/Justica-rejeita-acao-de-secretaria-de-Saude-contra-cidadao-por-video-em-Sebastiao-Laranjeiras.jpg\" alt=\"\" class=\"wp-image-10126\" srcset=\"https:\/\/sudoesteacontece.com.br\/wp-content\/uploads\/2026\/03\/Justica-rejeita-acao-de-secretaria-de-Saude-contra-cidadao-por-video-em-Sebastiao-Laranjeiras.jpg 900w, https:\/\/sudoesteacontece.com.br\/wp-content\/uploads\/2026\/03\/Justica-rejeita-acao-de-secretaria-de-Saude-contra-cidadao-por-video-em-Sebastiao-Laranjeiras-300x200.jpg 300w, https:\/\/sudoesteacontece.com.br\/wp-content\/uploads\/2026\/03\/Justica-rejeita-acao-de-secretaria-de-Saude-contra-cidadao-por-video-em-Sebastiao-Laranjeiras-768x512.jpg 768w\" sizes=\"(max-width: 900px) 100vw, 900px\" \/><\/figure>\n<\/div>\n\n\n<p>Juiz da comarca de Palmas de Monte Alto decidiu nesta quinta-feira que a a\u00e7\u00e3o movida por Rosilene Alves Campo, secret\u00e1ria de Sa\u00fade de Sebasti\u00e3o Laranjeiras, na Bahia, contra o cidad\u00e3o Gilmar de Paula Ribeiro, \u00e9 improcedente. Pedido de exclus\u00e3o de v\u00eddeo e indeniza\u00e7\u00e3o por danos morais foi rejeitado.<\/p>\n\n\n\n<p>Rosilene buscava a retirada de um v\u00eddeo publicado por Gilmar nas redes sociais e solicitava indeniza\u00e7\u00e3o superior a R$ 50 mil, alegando que o conte\u00fado teria prejudicado sua imagem e reputa\u00e7\u00e3o. A decis\u00e3o foi proferida em 19 de fevereiro pelo juiz Igor Siuves Jorge, que analisou detalhadamente as provas apresentadas.<\/p>\n\n\n\n<p>Magistrado concluiu que n\u00e3o houve ato il\u00edcito por parte do cidad\u00e3o. No entendimento do juiz, Gilmar exerceu direito constitucional de registrar e divulgar informa\u00e7\u00f5es de interesse p\u00fablico, sem ferir a honra pessoal da secret\u00e1ria, refor\u00e7ando a liberdade de express\u00e3o e transpar\u00eancia na administra\u00e7\u00e3o p\u00fablica.<\/p>\n\n\n\n<p>Gilmar recebeu condu\u00e7\u00e3o \u00e0 delegacia no momento da publica\u00e7\u00e3o do v\u00eddeo, mas comemorou a decis\u00e3o, afirmando que ela fortalece garantias constitucionais. Para ele, a senten\u00e7a confirma que cidad\u00e3os podem buscar, registrar e divulgar informa\u00e7\u00f5es sobre atos da administra\u00e7\u00e3o p\u00fablica que n\u00e3o sejam sigilosos ou confidenciais.<\/p>\n\n\n\n<p>Juiz tamb\u00e9m ressaltou que agentes p\u00fablicos est\u00e3o sujeitos a cr\u00edticas leg\u00edtimas da popula\u00e7\u00e3o, desde que manifesta\u00e7\u00f5es n\u00e3o ultrapassem limites legais nem ataquem a honra pessoal. A senten\u00e7a refor\u00e7a que o direito \u00e0 transpar\u00eancia e fiscaliza\u00e7\u00e3o social prevalece sobre tentativas de censura indevida.<\/p>\n","protected":false},"excerpt":{"rendered":"<p>Juiz da comarca de Palmas de Monte Alto decidiu nesta quinta-feira que a a\u00e7\u00e3o movida por Rosilene Alves Campo, secret\u00e1ria de Sa\u00fade de Sebasti\u00e3o Laranjeiras, na Bahia, contra o cidad\u00e3o Gilmar de Paula Ribeiro, \u00e9 improcedente. Pedido de exclus\u00e3o de v\u00eddeo e indeniza\u00e7\u00e3o por danos morais foi rejeitado. Rosilene buscava a retirada de um v\u00eddeo publicado por Gilmar nas redes sociais e solicitava indeniza\u00e7\u00e3o superior a R$ 50 mil, alegando que o conte\u00fado teria prejudicado sua imagem e reputa\u00e7\u00e3o. A decis\u00e3o foi proferida em 19 de fevereiro pelo juiz Igor Siuves Jorge, que analisou detalhadamente as provas apresentadas. Magistrado concluiu que n\u00e3o houve ato il\u00edcito por parte do cidad\u00e3o. No entendimento do juiz, Gilmar exerceu direito constitucional de registrar e divulgar informa\u00e7\u00f5es de interesse p\u00fablico, sem ferir a honra pessoal da secret\u00e1ria, refor\u00e7ando a liberdade de express\u00e3o e transpar\u00eancia na administra\u00e7\u00e3o p\u00fablica. Gilmar recebeu condu\u00e7\u00e3o \u00e0 delegacia no momento da publica\u00e7\u00e3o do v\u00eddeo, mas comemorou a decis\u00e3o, afirmando que ela fortalece garantias constitucionais. Para ele, a senten\u00e7a confirma que cidad\u00e3os podem buscar, registrar e divulgar informa\u00e7\u00f5es sobre atos da administra\u00e7\u00e3o p\u00fablica que n\u00e3o sejam sigilosos ou confidenciais. Juiz tamb\u00e9m ressaltou que agentes p\u00fablicos est\u00e3o sujeitos a cr\u00edticas leg\u00edtimas da popula\u00e7\u00e3o, desde que manifesta\u00e7\u00f5es n\u00e3o ultrapassem limites legais nem ataquem a honra pessoal. A senten\u00e7a refor\u00e7a que o direito \u00e0 transpar\u00eancia e fiscaliza\u00e7\u00e3o social prevalece sobre tentativas de censura indevida.<\/p>\n","protected":false},"author":2,"featured_media":10126,"comment_status":"open","ping_status":"open","sticky":false,"template":"","format":"standard","meta":{"footnotes":""},"categories":[4,13,6,96],"tags":[],"class_list":["post-10097","post","type-post","status-publish","format-standard","has-post-thumbnail","hentry","category-cidades","category-justica","category-politica","category-sebastiao-laranjeiras"],"yoast_head":"<!-- This site is optimized with the Yoast SEO plugin v26.5 - https:\/\/yoast.com\/wordpress\/plugins\/seo\/ -->\n<title>Justi\u00e7a rejeita a\u00e7\u00e3o de secret\u00e1ria de Sa\u00fade contra cidad\u00e3o por v\u00eddeo em Sebasti\u00e3o Laranjeiras - Sudoesteacontece<\/title>\n<meta name=\"robots\" content=\"index, follow, max-snippet:-1, max-image-preview:large, max-video-preview:-1\" \/>\n<link rel=\"canonical\" href=\"https:\/\/sudoesteacontece.com.br\/?p=10097\" \/>\n<meta property=\"og:locale\" content=\"pt_BR\" \/>\n<meta property=\"og:type\" content=\"article\" \/>\n<meta property=\"og:title\" content=\"Justi\u00e7a rejeita a\u00e7\u00e3o de secret\u00e1ria de Sa\u00fade contra cidad\u00e3o por v\u00eddeo em Sebasti\u00e3o Laranjeiras - Sudoesteacontece\" \/>\n<meta property=\"og:description\" content=\"Juiz da comarca de Palmas de Monte Alto decidiu nesta quinta-feira que a a\u00e7\u00e3o movida por Rosilene Alves Campo, secret\u00e1ria de Sa\u00fade de Sebasti\u00e3o Laranjeiras, na Bahia, contra o cidad\u00e3o Gilmar de Paula Ribeiro, \u00e9 improcedente. Pedido de exclus\u00e3o de v\u00eddeo e indeniza\u00e7\u00e3o por danos morais foi rejeitado. Rosilene buscava a retirada de um v\u00eddeo publicado por Gilmar nas redes sociais e solicitava indeniza\u00e7\u00e3o superior a R$ 50 mil, alegando que o conte\u00fado teria prejudicado sua imagem e reputa\u00e7\u00e3o. A decis\u00e3o foi proferida em 19 de fevereiro pelo juiz Igor Siuves Jorge, que analisou detalhadamente as provas apresentadas. Magistrado concluiu que n\u00e3o houve ato il\u00edcito por parte do cidad\u00e3o. No entendimento do juiz, Gilmar exerceu direito constitucional de registrar e divulgar informa\u00e7\u00f5es de interesse p\u00fablico, sem ferir a honra pessoal da secret\u00e1ria, refor\u00e7ando a liberdade de express\u00e3o e transpar\u00eancia na administra\u00e7\u00e3o p\u00fablica. Gilmar recebeu condu\u00e7\u00e3o \u00e0 delegacia no momento da publica\u00e7\u00e3o do v\u00eddeo, mas comemorou a decis\u00e3o, afirmando que ela fortalece garantias constitucionais. Para ele, a senten\u00e7a confirma que cidad\u00e3os podem buscar, registrar e divulgar informa\u00e7\u00f5es sobre atos da administra\u00e7\u00e3o p\u00fablica que n\u00e3o sejam sigilosos ou confidenciais. Juiz tamb\u00e9m ressaltou que agentes p\u00fablicos est\u00e3o sujeitos a cr\u00edticas leg\u00edtimas da popula\u00e7\u00e3o, desde que manifesta\u00e7\u00f5es n\u00e3o ultrapassem limites legais nem ataquem a honra pessoal. A senten\u00e7a refor\u00e7a que o direito \u00e0 transpar\u00eancia e fiscaliza\u00e7\u00e3o social prevalece sobre tentativas de censura indevida.\" \/>\n<meta property=\"og:url\" content=\"https:\/\/sudoesteacontece.com.br\/?p=10097\" \/>\n<meta property=\"og:site_name\" content=\"Sudoesteacontece\" \/>\n<meta property=\"article:publisher\" content=\"https:\/\/www.facebook.com\/sudoesteacontece\/?locale=pt_BR\" \/>\n<meta property=\"article:published_time\" content=\"2026-03-12T14:49:55+00:00\" \/>\n<meta property=\"article:modified_time\" content=\"2026-03-12T14:50:00+00:00\" \/>\n<meta property=\"og:image\" content=\"https:\/\/sudoesteacontece.com.br\/wp-content\/uploads\/2026\/03\/Justica-rejeita-acao-de-secretaria-de-Saude-contra-cidadao-por-video-em-Sebastiao-Laranjeiras.jpg\" \/>\n\t<meta property=\"og:image:width\" content=\"900\" \/>\n\t<meta property=\"og:image:height\" content=\"600\" \/>\n\t<meta property=\"og:image:type\" content=\"image\/jpeg\" \/>\n<meta name=\"author\" content=\"Washington Tiago\" \/>\n<meta name=\"twitter:card\" content=\"summary_large_image\" \/>\n<meta name=\"twitter:label1\" content=\"Escrito por\" \/>\n\t<meta name=\"twitter:data1\" content=\"Washington Tiago\" \/>\n\t<meta name=\"twitter:label2\" content=\"Est. tempo de leitura\" \/>\n\t<meta name=\"twitter:data2\" content=\"2 minutos\" \/>\n<script type=\"application\/ld+json\" class=\"yoast-schema-graph\">{\"@context\":\"https:\/\/schema.org\",\"@graph\":[{\"@type\":\"Article\",\"@id\":\"https:\/\/sudoesteacontece.com.br\/?p=10097#article\",\"isPartOf\":{\"@id\":\"https:\/\/sudoesteacontece.com.br\/?p=10097\"},\"author\":{\"name\":\"Washington Tiago\",\"@id\":\"https:\/\/sudoesteacontece.com.br\/#\/schema\/person\/3cf2cf009926a9683ebc29d5379fa79c\"},\"headline\":\"Justi\u00e7a rejeita a\u00e7\u00e3o de secret\u00e1ria de Sa\u00fade contra cidad\u00e3o por v\u00eddeo em Sebasti\u00e3o Laranjeiras\",\"datePublished\":\"2026-03-12T14:49:55+00:00\",\"dateModified\":\"2026-03-12T14:50:00+00:00\",\"mainEntityOfPage\":{\"@id\":\"https:\/\/sudoesteacontece.com.br\/?p=10097\"},\"wordCount\":291,\"commentCount\":0,\"publisher\":{\"@id\":\"https:\/\/sudoesteacontece.com.br\/#organization\"},\"image\":{\"@id\":\"https:\/\/sudoesteacontece.com.br\/?p=10097#primaryimage\"},\"thumbnailUrl\":\"https:\/\/sudoesteacontece.com.br\/wp-content\/uploads\/2026\/03\/Justica-rejeita-acao-de-secretaria-de-Saude-contra-cidadao-por-video-em-Sebastiao-Laranjeiras.jpg\",\"articleSection\":[\"Cidades\",\"Justi\u00e7a\",\"Pol\u00edtica\",\"Sebasti\u00e3o Laranjeiras\"],\"inLanguage\":\"pt-BR\",\"potentialAction\":[{\"@type\":\"CommentAction\",\"name\":\"Comment\",\"target\":[\"https:\/\/sudoesteacontece.com.br\/?p=10097#respond\"]}]},{\"@type\":\"WebPage\",\"@id\":\"https:\/\/sudoesteacontece.com.br\/?p=10097\",\"url\":\"https:\/\/sudoesteacontece.com.br\/?p=10097\",\"name\":\"Justi\u00e7a rejeita a\u00e7\u00e3o de secret\u00e1ria de Sa\u00fade contra cidad\u00e3o por v\u00eddeo em Sebasti\u00e3o Laranjeiras - Sudoesteacontece\",\"isPartOf\":{\"@id\":\"https:\/\/sudoesteacontece.com.br\/#website\"},\"primaryImageOfPage\":{\"@id\":\"https:\/\/sudoesteacontece.com.br\/?p=10097#primaryimage\"},\"image\":{\"@id\":\"https:\/\/sudoesteacontece.com.br\/?p=10097#primaryimage\"},\"thumbnailUrl\":\"https:\/\/sudoesteacontece.com.br\/wp-content\/uploads\/2026\/03\/Justica-rejeita-acao-de-secretaria-de-Saude-contra-cidadao-por-video-em-Sebastiao-Laranjeiras.jpg\",\"datePublished\":\"2026-03-12T14:49:55+00:00\",\"dateModified\":\"2026-03-12T14:50:00+00:00\",\"breadcrumb\":{\"@id\":\"https:\/\/sudoesteacontece.com.br\/?p=10097#breadcrumb\"},\"inLanguage\":\"pt-BR\",\"potentialAction\":[{\"@type\":\"ReadAction\",\"target\":[\"https:\/\/sudoesteacontece.com.br\/?p=10097\"]}]},{\"@type\":\"ImageObject\",\"inLanguage\":\"pt-BR\",\"@id\":\"https:\/\/sudoesteacontece.com.br\/?p=10097#primaryimage\",\"url\":\"https:\/\/sudoesteacontece.com.br\/wp-content\/uploads\/2026\/03\/Justica-rejeita-acao-de-secretaria-de-Saude-contra-cidadao-por-video-em-Sebastiao-Laranjeiras.jpg\",\"contentUrl\":\"https:\/\/sudoesteacontece.com.br\/wp-content\/uploads\/2026\/03\/Justica-rejeita-acao-de-secretaria-de-Saude-contra-cidadao-por-video-em-Sebastiao-Laranjeiras.jpg\",\"width\":900,\"height\":600},{\"@type\":\"BreadcrumbList\",\"@id\":\"https:\/\/sudoesteacontece.com.br\/?p=10097#breadcrumb\",\"itemListElement\":[{\"@type\":\"ListItem\",\"position\":1,\"name\":\"In\u00edcio\",\"item\":\"https:\/\/sudoesteacontece.com.br\/\"},{\"@type\":\"ListItem\",\"position\":2,\"name\":\"Justi\u00e7a rejeita a\u00e7\u00e3o de secret\u00e1ria de Sa\u00fade contra cidad\u00e3o por v\u00eddeo em Sebasti\u00e3o Laranjeiras\"}]},{\"@type\":\"WebSite\",\"@id\":\"https:\/\/sudoesteacontece.com.br\/#website\",\"url\":\"https:\/\/sudoesteacontece.com.br\/\",\"name\":\"Sudoesteacontece\",\"description\":\"\",\"publisher\":{\"@id\":\"https:\/\/sudoesteacontece.com.br\/#organization\"},\"potentialAction\":[{\"@type\":\"SearchAction\",\"target\":{\"@type\":\"EntryPoint\",\"urlTemplate\":\"https:\/\/sudoesteacontece.com.br\/?s={search_term_string}\"},\"query-input\":{\"@type\":\"PropertyValueSpecification\",\"valueRequired\":true,\"valueName\":\"search_term_string\"}}],\"inLanguage\":\"pt-BR\"},{\"@type\":\"Organization\",\"@id\":\"https:\/\/sudoesteacontece.com.br\/#organization\",\"name\":\"Sudoesteacontece\",\"url\":\"https:\/\/sudoesteacontece.com.br\/\",\"logo\":{\"@type\":\"ImageObject\",\"inLanguage\":\"pt-BR\",\"@id\":\"https:\/\/sudoesteacontece.com.br\/#\/schema\/logo\/image\/\",\"url\":\"https:\/\/sudoesteacontece.com.br\/wp-content\/uploads\/2025\/12\/cropped-logo-2-180x180-1.png\",\"contentUrl\":\"https:\/\/sudoesteacontece.com.br\/wp-content\/uploads\/2025\/12\/cropped-logo-2-180x180-1.png\",\"width\":180,\"height\":180,\"caption\":\"Sudoesteacontece\"},\"image\":{\"@id\":\"https:\/\/sudoesteacontece.com.br\/#\/schema\/logo\/image\/\"},\"sameAs\":[\"https:\/\/www.facebook.com\/sudoesteacontece\/?locale=pt_BR\"]},{\"@type\":\"Person\",\"@id\":\"https:\/\/sudoesteacontece.com.br\/#\/schema\/person\/3cf2cf009926a9683ebc29d5379fa79c\",\"name\":\"Washington Tiago\",\"image\":{\"@type\":\"ImageObject\",\"inLanguage\":\"pt-BR\",\"@id\":\"https:\/\/sudoesteacontece.com.br\/#\/schema\/person\/image\/\",\"url\":\"https:\/\/secure.gravatar.com\/avatar\/33c43b8668157e040f9d1fe93c354bf087cbd8ba36270c1163198bd3ddcf2a56?s=96&d=mm&r=g\",\"contentUrl\":\"https:\/\/secure.gravatar.com\/avatar\/33c43b8668157e040f9d1fe93c354bf087cbd8ba36270c1163198bd3ddcf2a56?s=96&d=mm&r=g\",\"caption\":\"Washington Tiago\"},\"url\":\"https:\/\/sudoesteacontece.com.br\/?author=2\"}]}<\/script>\n<!-- \/ Yoast SEO plugin. -->","yoast_head_json":{"title":"Justi\u00e7a rejeita a\u00e7\u00e3o de secret\u00e1ria de Sa\u00fade contra cidad\u00e3o por v\u00eddeo em Sebasti\u00e3o Laranjeiras - Sudoesteacontece","robots":{"index":"index","follow":"follow","max-snippet":"max-snippet:-1","max-image-preview":"max-image-preview:large","max-video-preview":"max-video-preview:-1"},"canonical":"https:\/\/sudoesteacontece.com.br\/?p=10097","og_locale":"pt_BR","og_type":"article","og_title":"Justi\u00e7a rejeita a\u00e7\u00e3o de secret\u00e1ria de Sa\u00fade contra cidad\u00e3o por v\u00eddeo em Sebasti\u00e3o Laranjeiras - Sudoesteacontece","og_description":"Juiz da comarca de Palmas de Monte Alto decidiu nesta quinta-feira que a a\u00e7\u00e3o movida por Rosilene Alves Campo, secret\u00e1ria de Sa\u00fade de Sebasti\u00e3o Laranjeiras, na Bahia, contra o cidad\u00e3o Gilmar de Paula Ribeiro, \u00e9 improcedente. Pedido de exclus\u00e3o de v\u00eddeo e indeniza\u00e7\u00e3o por danos morais foi rejeitado. Rosilene buscava a retirada de um v\u00eddeo publicado por Gilmar nas redes sociais e solicitava indeniza\u00e7\u00e3o superior a R$ 50 mil, alegando que o conte\u00fado teria prejudicado sua imagem e reputa\u00e7\u00e3o. A decis\u00e3o foi proferida em 19 de fevereiro pelo juiz Igor Siuves Jorge, que analisou detalhadamente as provas apresentadas. Magistrado concluiu que n\u00e3o houve ato il\u00edcito por parte do cidad\u00e3o. No entendimento do juiz, Gilmar exerceu direito constitucional de registrar e divulgar informa\u00e7\u00f5es de interesse p\u00fablico, sem ferir a honra pessoal da secret\u00e1ria, refor\u00e7ando a liberdade de express\u00e3o e transpar\u00eancia na administra\u00e7\u00e3o p\u00fablica. Gilmar recebeu condu\u00e7\u00e3o \u00e0 delegacia no momento da publica\u00e7\u00e3o do v\u00eddeo, mas comemorou a decis\u00e3o, afirmando que ela fortalece garantias constitucionais. Para ele, a senten\u00e7a confirma que cidad\u00e3os podem buscar, registrar e divulgar informa\u00e7\u00f5es sobre atos da administra\u00e7\u00e3o p\u00fablica que n\u00e3o sejam sigilosos ou confidenciais. Juiz tamb\u00e9m ressaltou que agentes p\u00fablicos est\u00e3o sujeitos a cr\u00edticas leg\u00edtimas da popula\u00e7\u00e3o, desde que manifesta\u00e7\u00f5es n\u00e3o ultrapassem limites legais nem ataquem a honra pessoal. A senten\u00e7a refor\u00e7a que o direito \u00e0 transpar\u00eancia e fiscaliza\u00e7\u00e3o social prevalece sobre tentativas de censura indevida.","og_url":"https:\/\/sudoesteacontece.com.br\/?p=10097","og_site_name":"Sudoesteacontece","article_publisher":"https:\/\/www.facebook.com\/sudoesteacontece\/?locale=pt_BR","article_published_time":"2026-03-12T14:49:55+00:00","article_modified_time":"2026-03-12T14:50:00+00:00","og_image":[{"width":900,"height":600,"url":"https:\/\/sudoesteacontece.com.br\/wp-content\/uploads\/2026\/03\/Justica-rejeita-acao-de-secretaria-de-Saude-contra-cidadao-por-video-em-Sebastiao-Laranjeiras.jpg","type":"image\/jpeg"}],"author":"Washington Tiago","twitter_card":"summary_large_image","twitter_misc":{"Escrito por":"Washington Tiago","Est. tempo de leitura":"2 minutos"},"schema":{"@context":"https:\/\/schema.org","@graph":[{"@type":"Article","@id":"https:\/\/sudoesteacontece.com.br\/?p=10097#article","isPartOf":{"@id":"https:\/\/sudoesteacontece.com.br\/?p=10097"},"author":{"name":"Washington Tiago","@id":"https:\/\/sudoesteacontece.com.br\/#\/schema\/person\/3cf2cf009926a9683ebc29d5379fa79c"},"headline":"Justi\u00e7a rejeita a\u00e7\u00e3o de secret\u00e1ria de Sa\u00fade contra cidad\u00e3o por v\u00eddeo em Sebasti\u00e3o Laranjeiras","datePublished":"2026-03-12T14:49:55+00:00","dateModified":"2026-03-12T14:50:00+00:00","mainEntityOfPage":{"@id":"https:\/\/sudoesteacontece.com.br\/?p=10097"},"wordCount":291,"commentCount":0,"publisher":{"@id":"https:\/\/sudoesteacontece.com.br\/#organization"},"image":{"@id":"https:\/\/sudoesteacontece.com.br\/?p=10097#primaryimage"},"thumbnailUrl":"https:\/\/sudoesteacontece.com.br\/wp-content\/uploads\/2026\/03\/Justica-rejeita-acao-de-secretaria-de-Saude-contra-cidadao-por-video-em-Sebastiao-Laranjeiras.jpg","articleSection":["Cidades","Justi\u00e7a","Pol\u00edtica","Sebasti\u00e3o Laranjeiras"],"inLanguage":"pt-BR","potentialAction":[{"@type":"CommentAction","name":"Comment","target":["https:\/\/sudoesteacontece.com.br\/?p=10097#respond"]}]},{"@type":"WebPage","@id":"https:\/\/sudoesteacontece.com.br\/?p=10097","url":"https:\/\/sudoesteacontece.com.br\/?p=10097","name":"Justi\u00e7a rejeita a\u00e7\u00e3o de secret\u00e1ria de Sa\u00fade contra cidad\u00e3o por v\u00eddeo em Sebasti\u00e3o Laranjeiras - Sudoesteacontece","isPartOf":{"@id":"https:\/\/sudoesteacontece.com.br\/#website"},"primaryImageOfPage":{"@id":"https:\/\/sudoesteacontece.com.br\/?p=10097#primaryimage"},"image":{"@id":"https:\/\/sudoesteacontece.com.br\/?p=10097#primaryimage"},"thumbnailUrl":"https:\/\/sudoesteacontece.com.br\/wp-content\/uploads\/2026\/03\/Justica-rejeita-acao-de-secretaria-de-Saude-contra-cidadao-por-video-em-Sebastiao-Laranjeiras.jpg","datePublished":"2026-03-12T14:49:55+00:00","dateModified":"2026-03-12T14:50:00+00:00","breadcrumb":{"@id":"https:\/\/sudoesteacontece.com.br\/?p=10097#breadcrumb"},"inLanguage":"pt-BR","potentialAction":[{"@type":"ReadAction","target":["https:\/\/sudoesteacontece.com.br\/?p=10097"]}]},{"@type":"ImageObject","inLanguage":"pt-BR","@id":"https:\/\/sudoesteacontece.com.br\/?p=10097#primaryimage","url":"https:\/\/sudoesteacontece.com.br\/wp-content\/uploads\/2026\/03\/Justica-rejeita-acao-de-secretaria-de-Saude-contra-cidadao-por-video-em-Sebastiao-Laranjeiras.jpg","contentUrl":"https:\/\/sudoesteacontece.com.br\/wp-content\/uploads\/2026\/03\/Justica-rejeita-acao-de-secretaria-de-Saude-contra-cidadao-por-video-em-Sebastiao-Laranjeiras.jpg","width":900,"height":600},{"@type":"BreadcrumbList","@id":"https:\/\/sudoesteacontece.com.br\/?p=10097#breadcrumb","itemListElement":[{"@type":"ListItem","position":1,"name":"In\u00edcio","item":"https:\/\/sudoesteacontece.com.br\/"},{"@type":"ListItem","position":2,"name":"Justi\u00e7a rejeita a\u00e7\u00e3o de secret\u00e1ria de Sa\u00fade contra cidad\u00e3o por v\u00eddeo em Sebasti\u00e3o Laranjeiras"}]},{"@type":"WebSite","@id":"https:\/\/sudoesteacontece.com.br\/#website","url":"https:\/\/sudoesteacontece.com.br\/","name":"Sudoesteacontece","description":"","publisher":{"@id":"https:\/\/sudoesteacontece.com.br\/#organization"},"potentialAction":[{"@type":"SearchAction","target":{"@type":"EntryPoint","urlTemplate":"https:\/\/sudoesteacontece.com.br\/?s={search_term_string}"},"query-input":{"@type":"PropertyValueSpecification","valueRequired":true,"valueName":"search_term_string"}}],"inLanguage":"pt-BR"},{"@type":"Organization","@id":"https:\/\/sudoesteacontece.com.br\/#organization","name":"Sudoesteacontece","url":"https:\/\/sudoesteacontece.com.br\/","logo":{"@type":"ImageObject","inLanguage":"pt-BR","@id":"https:\/\/sudoesteacontece.com.br\/#\/schema\/logo\/image\/","url":"https:\/\/sudoesteacontece.com.br\/wp-content\/uploads\/2025\/12\/cropped-logo-2-180x180-1.png","contentUrl":"https:\/\/sudoesteacontece.com.br\/wp-content\/uploads\/2025\/12\/cropped-logo-2-180x180-1.png","width":180,"height":180,"caption":"Sudoesteacontece"},"image":{"@id":"https:\/\/sudoesteacontece.com.br\/#\/schema\/logo\/image\/"},"sameAs":["https:\/\/www.facebook.com\/sudoesteacontece\/?locale=pt_BR"]},{"@type":"Person","@id":"https:\/\/sudoesteacontece.com.br\/#\/schema\/person\/3cf2cf009926a9683ebc29d5379fa79c","name":"Washington Tiago","image":{"@type":"ImageObject","inLanguage":"pt-BR","@id":"https:\/\/sudoesteacontece.com.br\/#\/schema\/person\/image\/","url":"https:\/\/secure.gravatar.com\/avatar\/33c43b8668157e040f9d1fe93c354bf087cbd8ba36270c1163198bd3ddcf2a56?s=96&d=mm&r=g","contentUrl":"https:\/\/secure.gravatar.com\/avatar\/33c43b8668157e040f9d1fe93c354bf087cbd8ba36270c1163198bd3ddcf2a56?s=96&d=mm&r=g","caption":"Washington Tiago"},"url":"https:\/\/sudoesteacontece.com.br\/?author=2"}]}},"_links":{"self":[{"href":"https:\/\/sudoesteacontece.com.br\/index.php?rest_route=\/wp\/v2\/posts\/10097","targetHints":{"allow":["GET"]}}],"collection":[{"href":"https:\/\/sudoesteacontece.com.br\/index.php?rest_route=\/wp\/v2\/posts"}],"about":[{"href":"https:\/\/sudoesteacontece.com.br\/index.php?rest_route=\/wp\/v2\/types\/post"}],"author":[{"embeddable":true,"href":"https:\/\/sudoesteacontece.com.br\/index.php?rest_route=\/wp\/v2\/users\/2"}],"replies":[{"embeddable":true,"href":"https:\/\/sudoesteacontece.com.br\/index.php?rest_route=%2Fwp%2Fv2%2Fcomments&post=10097"}],"version-history":[{"count":0,"href":"https:\/\/sudoesteacontece.com.br\/index.php?rest_route=\/wp\/v2\/posts\/10097\/revisions"}],"wp:featuredmedia":[{"embeddable":true,"href":"https:\/\/sudoesteacontece.com.br\/index.php?rest_route=\/wp\/v2\/media\/10126"}],"wp:attachment":[{"href":"https:\/\/sudoesteacontece.com.br\/index.php?rest_route=%2Fwp%2Fv2%2Fmedia&parent=10097"}],"wp:term":[{"taxonomy":"category","embeddable":true,"href":"https:\/\/sudoesteacontece.com.br\/index.php?rest_route=%2Fwp%2Fv2%2Fcategories&post=10097"},{"taxonomy":"post_tag","embeddable":true,"href":"https:\/\/sudoesteacontece.com.br\/index.php?rest_route=%2Fwp%2Fv2%2Ftags&post=10097"}],"curies":[{"name":"wp","href":"https:\/\/api.w.org\/{rel}","templated":true}]}}