{"id":10100,"date":"2026-03-12T11:54:50","date_gmt":"2026-03-12T14:54:50","guid":{"rendered":"https:\/\/sudoesteacontece.com.br\/?p=10100"},"modified":"2026-03-12T11:54:55","modified_gmt":"2026-03-12T14:54:55","slug":"homem-e-encontrado-morto-dentro-de-casa-em-brumado-familia-suspeita-de-morte-natural","status":"publish","type":"post","link":"https:\/\/sudoesteacontece.com.br\/?p=10100","title":{"rendered":"Homem \u00e9 encontrado morto dentro de casa em Brumado; fam\u00edlia suspeita de morte natural"},"content":{"rendered":"<div class=\"wp-block-image\">\n<figure class=\"aligncenter size-large\"><img fetchpriority=\"high\" decoding=\"async\" width=\"1024\" height=\"576\" src=\"http:\/\/sudoesteacontece.com.br\/wp-content\/uploads\/2025\/11\/Homem-morre-ao-sofrer-descarga-eletrica-enquanto-trabalhava-em-fazenda-na-zona-rural-de-Jacaraci-sudoeste-acontece-iml-1024x576.jpg\" alt=\"\" class=\"wp-image-2139\" srcset=\"https:\/\/sudoesteacontece.com.br\/wp-content\/uploads\/2025\/11\/Homem-morre-ao-sofrer-descarga-eletrica-enquanto-trabalhava-em-fazenda-na-zona-rural-de-Jacaraci-sudoeste-acontece-iml-1024x576.jpg 1024w, https:\/\/sudoesteacontece.com.br\/wp-content\/uploads\/2025\/11\/Homem-morre-ao-sofrer-descarga-eletrica-enquanto-trabalhava-em-fazenda-na-zona-rural-de-Jacaraci-sudoeste-acontece-iml-300x169.jpg 300w, https:\/\/sudoesteacontece.com.br\/wp-content\/uploads\/2025\/11\/Homem-morre-ao-sofrer-descarga-eletrica-enquanto-trabalhava-em-fazenda-na-zona-rural-de-Jacaraci-sudoeste-acontece-iml-768x432.jpg 768w, https:\/\/sudoesteacontece.com.br\/wp-content\/uploads\/2025\/11\/Homem-morre-ao-sofrer-descarga-eletrica-enquanto-trabalhava-em-fazenda-na-zona-rural-de-Jacaraci-sudoeste-acontece-iml.jpg 1032w\" sizes=\"(max-width: 1024px) 100vw, 1024px\" \/><figcaption class=\"wp-element-caption\">Foto Washington Tiago<\/figcaption><\/figure>\n<\/div>\n\n\n<p>Vizinhos acionaram familiares ap\u00f3s perceberem forte odor vindo de resid\u00eancia na Rua Ferreira e Silva, bairro Dr. Juracy P. Gomes, em Brumado. Ao chegar, sobrinha da v\u00edtima, com ajuda de populares, encontrou Edielson j\u00e1 sem sinais vitais dentro do im\u00f3vel, causando consterna\u00e7\u00e3o na vizinhan\u00e7a.<\/p>\n\n\n\n<p>Pol\u00edcia informou que corpo apresentava avan\u00e7ado estado de decomposi\u00e7\u00e3o. Nenhum sinal aparente de viol\u00eancia foi constatado, e morte \u00e9 tratada inicialmente como poss\u00edvel causa natural. Familiares relataram que Edielson tinha hist\u00f3rico de epilepsia, refor\u00e7ando suspeita de morte por problemas de sa\u00fade.<\/p>\n\n\n\n<p>Departamento de Pol\u00edcia T\u00e9cnica (DPT) realizou levantamento cadav\u00e9rico no local e removeu o corpo. Em seguida, o homem foi encaminhado ao Instituto M\u00e9dico Legal (IML) de Brumado, onde exames ser\u00e3o realizados. Ap\u00f3s libera\u00e7\u00e3o, familiares poder\u00e3o providenciar sepultamento e prestar \u00faltimas homenagens.<\/p>\n\n\n\n<p>Autoridades locais destacaram que investiga\u00e7\u00e3o preliminar aponta para morte natural, mas inqu\u00e9rito segue para confirmar circunst\u00e2ncias. Caso refor\u00e7a necessidade de aten\u00e7\u00e3o a pessoas com hist\u00f3rico m\u00e9dico, buscando prevenir acidentes ou problemas de sa\u00fade em resid\u00eancias isoladas.<\/p>\n","protected":false},"excerpt":{"rendered":"<p>Vizinhos acionaram familiares ap\u00f3s perceberem forte odor vindo de resid\u00eancia na Rua Ferreira e Silva, bairro Dr. Juracy P. Gomes, em Brumado. Ao chegar, sobrinha da v\u00edtima, com ajuda de populares, encontrou Edielson j\u00e1 sem sinais vitais dentro do im\u00f3vel, causando consterna\u00e7\u00e3o na vizinhan\u00e7a. Pol\u00edcia informou que corpo apresentava avan\u00e7ado estado de decomposi\u00e7\u00e3o. Nenhum sinal aparente de viol\u00eancia foi constatado, e morte \u00e9 tratada inicialmente como poss\u00edvel causa natural. Familiares relataram que Edielson tinha hist\u00f3rico de epilepsia, refor\u00e7ando suspeita de morte por problemas de sa\u00fade. Departamento de Pol\u00edcia T\u00e9cnica (DPT) realizou levantamento cadav\u00e9rico no local e removeu o corpo. Em seguida, o homem foi encaminhado ao Instituto M\u00e9dico Legal (IML) de Brumado, onde exames ser\u00e3o realizados. Ap\u00f3s libera\u00e7\u00e3o, familiares poder\u00e3o providenciar sepultamento e prestar \u00faltimas homenagens. Autoridades locais destacaram que investiga\u00e7\u00e3o preliminar aponta para morte natural, mas inqu\u00e9rito segue para confirmar circunst\u00e2ncias. Caso refor\u00e7a necessidade de aten\u00e7\u00e3o a pessoas com hist\u00f3rico m\u00e9dico, buscando prevenir acidentes ou problemas de sa\u00fade em resid\u00eancias isoladas.<\/p>\n","protected":false},"author":2,"featured_media":2139,"comment_status":"open","ping_status":"open","sticky":false,"template":"","format":"standard","meta":{"footnotes":""},"categories":[10,4,3],"tags":[],"class_list":["post-10100","post","type-post","status-publish","format-standard","has-post-thumbnail","hentry","category-brumado","category-cidades","category-policia"],"yoast_head":"<!-- This site is optimized with the Yoast SEO plugin v26.5 - https:\/\/yoast.com\/wordpress\/plugins\/seo\/ -->\n<title>Homem \u00e9 encontrado morto dentro de casa em Brumado; fam\u00edlia suspeita de morte natural - Sudoesteacontece<\/title>\n<meta name=\"robots\" content=\"index, follow, max-snippet:-1, max-image-preview:large, max-video-preview:-1\" \/>\n<link rel=\"canonical\" href=\"https:\/\/sudoesteacontece.com.br\/?p=10100\" \/>\n<meta property=\"og:locale\" content=\"pt_BR\" \/>\n<meta property=\"og:type\" content=\"article\" \/>\n<meta property=\"og:title\" content=\"Homem \u00e9 encontrado morto dentro de casa em Brumado; fam\u00edlia suspeita de morte natural - Sudoesteacontece\" \/>\n<meta property=\"og:description\" content=\"Vizinhos acionaram familiares ap\u00f3s perceberem forte odor vindo de resid\u00eancia na Rua Ferreira e Silva, bairro Dr. Juracy P. Gomes, em Brumado. Ao chegar, sobrinha da v\u00edtima, com ajuda de populares, encontrou Edielson j\u00e1 sem sinais vitais dentro do im\u00f3vel, causando consterna\u00e7\u00e3o na vizinhan\u00e7a. Pol\u00edcia informou que corpo apresentava avan\u00e7ado estado de decomposi\u00e7\u00e3o. Nenhum sinal aparente de viol\u00eancia foi constatado, e morte \u00e9 tratada inicialmente como poss\u00edvel causa natural. Familiares relataram que Edielson tinha hist\u00f3rico de epilepsia, refor\u00e7ando suspeita de morte por problemas de sa\u00fade. Departamento de Pol\u00edcia T\u00e9cnica (DPT) realizou levantamento cadav\u00e9rico no local e removeu o corpo. Em seguida, o homem foi encaminhado ao Instituto M\u00e9dico Legal (IML) de Brumado, onde exames ser\u00e3o realizados. Ap\u00f3s libera\u00e7\u00e3o, familiares poder\u00e3o providenciar sepultamento e prestar \u00faltimas homenagens. Autoridades locais destacaram que investiga\u00e7\u00e3o preliminar aponta para morte natural, mas inqu\u00e9rito segue para confirmar circunst\u00e2ncias. Caso refor\u00e7a necessidade de aten\u00e7\u00e3o a pessoas com hist\u00f3rico m\u00e9dico, buscando prevenir acidentes ou problemas de sa\u00fade em resid\u00eancias isoladas.\" \/>\n<meta property=\"og:url\" content=\"https:\/\/sudoesteacontece.com.br\/?p=10100\" \/>\n<meta property=\"og:site_name\" content=\"Sudoesteacontece\" \/>\n<meta property=\"article:publisher\" content=\"https:\/\/www.facebook.com\/sudoesteacontece\/?locale=pt_BR\" \/>\n<meta property=\"article:published_time\" content=\"2026-03-12T14:54:50+00:00\" \/>\n<meta property=\"article:modified_time\" content=\"2026-03-12T14:54:55+00:00\" \/>\n<meta property=\"og:image\" content=\"https:\/\/sudoesteacontece.com.br\/wp-content\/uploads\/2025\/11\/Homem-morre-ao-sofrer-descarga-eletrica-enquanto-trabalhava-em-fazenda-na-zona-rural-de-Jacaraci-sudoeste-acontece-iml.jpg\" \/>\n\t<meta property=\"og:image:width\" content=\"1032\" \/>\n\t<meta property=\"og:image:height\" content=\"581\" \/>\n\t<meta property=\"og:image:type\" content=\"image\/jpeg\" \/>\n<meta name=\"author\" content=\"Washington Tiago\" \/>\n<meta name=\"twitter:card\" content=\"summary_large_image\" \/>\n<meta name=\"twitter:label1\" content=\"Escrito por\" \/>\n\t<meta name=\"twitter:data1\" content=\"Washington Tiago\" \/>\n\t<meta name=\"twitter:label2\" content=\"Est. tempo de leitura\" \/>\n\t<meta name=\"twitter:data2\" content=\"2 minutos\" \/>\n<script type=\"application\/ld+json\" class=\"yoast-schema-graph\">{\"@context\":\"https:\/\/schema.org\",\"@graph\":[{\"@type\":\"Article\",\"@id\":\"https:\/\/sudoesteacontece.com.br\/?p=10100#article\",\"isPartOf\":{\"@id\":\"https:\/\/sudoesteacontece.com.br\/?p=10100\"},\"author\":{\"name\":\"Washington Tiago\",\"@id\":\"https:\/\/sudoesteacontece.com.br\/#\/schema\/person\/3cf2cf009926a9683ebc29d5379fa79c\"},\"headline\":\"Homem \u00e9 encontrado morto dentro de casa em Brumado; fam\u00edlia suspeita de morte natural\",\"datePublished\":\"2026-03-12T14:54:50+00:00\",\"dateModified\":\"2026-03-12T14:54:55+00:00\",\"mainEntityOfPage\":{\"@id\":\"https:\/\/sudoesteacontece.com.br\/?p=10100\"},\"wordCount\":209,\"commentCount\":0,\"publisher\":{\"@id\":\"https:\/\/sudoesteacontece.com.br\/#organization\"},\"image\":{\"@id\":\"https:\/\/sudoesteacontece.com.br\/?p=10100#primaryimage\"},\"thumbnailUrl\":\"https:\/\/sudoesteacontece.com.br\/wp-content\/uploads\/2025\/11\/Homem-morre-ao-sofrer-descarga-eletrica-enquanto-trabalhava-em-fazenda-na-zona-rural-de-Jacaraci-sudoeste-acontece-iml.jpg\",\"articleSection\":[\"Brumado\",\"Cidades\",\"Pol\u00edcia\"],\"inLanguage\":\"pt-BR\",\"potentialAction\":[{\"@type\":\"CommentAction\",\"name\":\"Comment\",\"target\":[\"https:\/\/sudoesteacontece.com.br\/?p=10100#respond\"]}]},{\"@type\":\"WebPage\",\"@id\":\"https:\/\/sudoesteacontece.com.br\/?p=10100\",\"url\":\"https:\/\/sudoesteacontece.com.br\/?p=10100\",\"name\":\"Homem \u00e9 encontrado morto dentro de casa em Brumado; fam\u00edlia suspeita de morte natural - Sudoesteacontece\",\"isPartOf\":{\"@id\":\"https:\/\/sudoesteacontece.com.br\/#website\"},\"primaryImageOfPage\":{\"@id\":\"https:\/\/sudoesteacontece.com.br\/?p=10100#primaryimage\"},\"image\":{\"@id\":\"https:\/\/sudoesteacontece.com.br\/?p=10100#primaryimage\"},\"thumbnailUrl\":\"https:\/\/sudoesteacontece.com.br\/wp-content\/uploads\/2025\/11\/Homem-morre-ao-sofrer-descarga-eletrica-enquanto-trabalhava-em-fazenda-na-zona-rural-de-Jacaraci-sudoeste-acontece-iml.jpg\",\"datePublished\":\"2026-03-12T14:54:50+00:00\",\"dateModified\":\"2026-03-12T14:54:55+00:00\",\"breadcrumb\":{\"@id\":\"https:\/\/sudoesteacontece.com.br\/?p=10100#breadcrumb\"},\"inLanguage\":\"pt-BR\",\"potentialAction\":[{\"@type\":\"ReadAction\",\"target\":[\"https:\/\/sudoesteacontece.com.br\/?p=10100\"]}]},{\"@type\":\"ImageObject\",\"inLanguage\":\"pt-BR\",\"@id\":\"https:\/\/sudoesteacontece.com.br\/?p=10100#primaryimage\",\"url\":\"https:\/\/sudoesteacontece.com.br\/wp-content\/uploads\/2025\/11\/Homem-morre-ao-sofrer-descarga-eletrica-enquanto-trabalhava-em-fazenda-na-zona-rural-de-Jacaraci-sudoeste-acontece-iml.jpg\",\"contentUrl\":\"https:\/\/sudoesteacontece.com.br\/wp-content\/uploads\/2025\/11\/Homem-morre-ao-sofrer-descarga-eletrica-enquanto-trabalhava-em-fazenda-na-zona-rural-de-Jacaraci-sudoeste-acontece-iml.jpg\",\"width\":1032,\"height\":581,\"caption\":\"Foto Washington Tiago\"},{\"@type\":\"BreadcrumbList\",\"@id\":\"https:\/\/sudoesteacontece.com.br\/?p=10100#breadcrumb\",\"itemListElement\":[{\"@type\":\"ListItem\",\"position\":1,\"name\":\"In\u00edcio\",\"item\":\"https:\/\/sudoesteacontece.com.br\/\"},{\"@type\":\"ListItem\",\"position\":2,\"name\":\"Homem \u00e9 encontrado morto dentro de casa em Brumado; fam\u00edlia suspeita de morte natural\"}]},{\"@type\":\"WebSite\",\"@id\":\"https:\/\/sudoesteacontece.com.br\/#website\",\"url\":\"https:\/\/sudoesteacontece.com.br\/\",\"name\":\"Sudoesteacontece\",\"description\":\"\",\"publisher\":{\"@id\":\"https:\/\/sudoesteacontece.com.br\/#organization\"},\"potentialAction\":[{\"@type\":\"SearchAction\",\"target\":{\"@type\":\"EntryPoint\",\"urlTemplate\":\"https:\/\/sudoesteacontece.com.br\/?s={search_term_string}\"},\"query-input\":{\"@type\":\"PropertyValueSpecification\",\"valueRequired\":true,\"valueName\":\"search_term_string\"}}],\"inLanguage\":\"pt-BR\"},{\"@type\":\"Organization\",\"@id\":\"https:\/\/sudoesteacontece.com.br\/#organization\",\"name\":\"Sudoesteacontece\",\"url\":\"https:\/\/sudoesteacontece.com.br\/\",\"logo\":{\"@type\":\"ImageObject\",\"inLanguage\":\"pt-BR\",\"@id\":\"https:\/\/sudoesteacontece.com.br\/#\/schema\/logo\/image\/\",\"url\":\"https:\/\/sudoesteacontece.com.br\/wp-content\/uploads\/2025\/12\/cropped-logo-2-180x180-1.png\",\"contentUrl\":\"https:\/\/sudoesteacontece.com.br\/wp-content\/uploads\/2025\/12\/cropped-logo-2-180x180-1.png\",\"width\":180,\"height\":180,\"caption\":\"Sudoesteacontece\"},\"image\":{\"@id\":\"https:\/\/sudoesteacontece.com.br\/#\/schema\/logo\/image\/\"},\"sameAs\":[\"https:\/\/www.facebook.com\/sudoesteacontece\/?locale=pt_BR\"]},{\"@type\":\"Person\",\"@id\":\"https:\/\/sudoesteacontece.com.br\/#\/schema\/person\/3cf2cf009926a9683ebc29d5379fa79c\",\"name\":\"Washington Tiago\",\"image\":{\"@type\":\"ImageObject\",\"inLanguage\":\"pt-BR\",\"@id\":\"https:\/\/sudoesteacontece.com.br\/#\/schema\/person\/image\/\",\"url\":\"https:\/\/secure.gravatar.com\/avatar\/33c43b8668157e040f9d1fe93c354bf087cbd8ba36270c1163198bd3ddcf2a56?s=96&d=mm&r=g\",\"contentUrl\":\"https:\/\/secure.gravatar.com\/avatar\/33c43b8668157e040f9d1fe93c354bf087cbd8ba36270c1163198bd3ddcf2a56?s=96&d=mm&r=g\",\"caption\":\"Washington Tiago\"},\"url\":\"https:\/\/sudoesteacontece.com.br\/?author=2\"}]}<\/script>\n<!-- \/ Yoast SEO plugin. -->","yoast_head_json":{"title":"Homem \u00e9 encontrado morto dentro de casa em Brumado; fam\u00edlia suspeita de morte natural - Sudoesteacontece","robots":{"index":"index","follow":"follow","max-snippet":"max-snippet:-1","max-image-preview":"max-image-preview:large","max-video-preview":"max-video-preview:-1"},"canonical":"https:\/\/sudoesteacontece.com.br\/?p=10100","og_locale":"pt_BR","og_type":"article","og_title":"Homem \u00e9 encontrado morto dentro de casa em Brumado; fam\u00edlia suspeita de morte natural - Sudoesteacontece","og_description":"Vizinhos acionaram familiares ap\u00f3s perceberem forte odor vindo de resid\u00eancia na Rua Ferreira e Silva, bairro Dr. Juracy P. Gomes, em Brumado. Ao chegar, sobrinha da v\u00edtima, com ajuda de populares, encontrou Edielson j\u00e1 sem sinais vitais dentro do im\u00f3vel, causando consterna\u00e7\u00e3o na vizinhan\u00e7a. Pol\u00edcia informou que corpo apresentava avan\u00e7ado estado de decomposi\u00e7\u00e3o. Nenhum sinal aparente de viol\u00eancia foi constatado, e morte \u00e9 tratada inicialmente como poss\u00edvel causa natural. Familiares relataram que Edielson tinha hist\u00f3rico de epilepsia, refor\u00e7ando suspeita de morte por problemas de sa\u00fade. Departamento de Pol\u00edcia T\u00e9cnica (DPT) realizou levantamento cadav\u00e9rico no local e removeu o corpo. Em seguida, o homem foi encaminhado ao Instituto M\u00e9dico Legal (IML) de Brumado, onde exames ser\u00e3o realizados. Ap\u00f3s libera\u00e7\u00e3o, familiares poder\u00e3o providenciar sepultamento e prestar \u00faltimas homenagens. Autoridades locais destacaram que investiga\u00e7\u00e3o preliminar aponta para morte natural, mas inqu\u00e9rito segue para confirmar circunst\u00e2ncias. Caso refor\u00e7a necessidade de aten\u00e7\u00e3o a pessoas com hist\u00f3rico m\u00e9dico, buscando prevenir acidentes ou problemas de sa\u00fade em resid\u00eancias isoladas.","og_url":"https:\/\/sudoesteacontece.com.br\/?p=10100","og_site_name":"Sudoesteacontece","article_publisher":"https:\/\/www.facebook.com\/sudoesteacontece\/?locale=pt_BR","article_published_time":"2026-03-12T14:54:50+00:00","article_modified_time":"2026-03-12T14:54:55+00:00","og_image":[{"width":1032,"height":581,"url":"https:\/\/sudoesteacontece.com.br\/wp-content\/uploads\/2025\/11\/Homem-morre-ao-sofrer-descarga-eletrica-enquanto-trabalhava-em-fazenda-na-zona-rural-de-Jacaraci-sudoeste-acontece-iml.jpg","type":"image\/jpeg"}],"author":"Washington Tiago","twitter_card":"summary_large_image","twitter_misc":{"Escrito por":"Washington Tiago","Est. tempo de leitura":"2 minutos"},"schema":{"@context":"https:\/\/schema.org","@graph":[{"@type":"Article","@id":"https:\/\/sudoesteacontece.com.br\/?p=10100#article","isPartOf":{"@id":"https:\/\/sudoesteacontece.com.br\/?p=10100"},"author":{"name":"Washington Tiago","@id":"https:\/\/sudoesteacontece.com.br\/#\/schema\/person\/3cf2cf009926a9683ebc29d5379fa79c"},"headline":"Homem \u00e9 encontrado morto dentro de casa em Brumado; fam\u00edlia suspeita de morte natural","datePublished":"2026-03-12T14:54:50+00:00","dateModified":"2026-03-12T14:54:55+00:00","mainEntityOfPage":{"@id":"https:\/\/sudoesteacontece.com.br\/?p=10100"},"wordCount":209,"commentCount":0,"publisher":{"@id":"https:\/\/sudoesteacontece.com.br\/#organization"},"image":{"@id":"https:\/\/sudoesteacontece.com.br\/?p=10100#primaryimage"},"thumbnailUrl":"https:\/\/sudoesteacontece.com.br\/wp-content\/uploads\/2025\/11\/Homem-morre-ao-sofrer-descarga-eletrica-enquanto-trabalhava-em-fazenda-na-zona-rural-de-Jacaraci-sudoeste-acontece-iml.jpg","articleSection":["Brumado","Cidades","Pol\u00edcia"],"inLanguage":"pt-BR","potentialAction":[{"@type":"CommentAction","name":"Comment","target":["https:\/\/sudoesteacontece.com.br\/?p=10100#respond"]}]},{"@type":"WebPage","@id":"https:\/\/sudoesteacontece.com.br\/?p=10100","url":"https:\/\/sudoesteacontece.com.br\/?p=10100","name":"Homem \u00e9 encontrado morto dentro de casa em Brumado; fam\u00edlia suspeita de morte natural - Sudoesteacontece","isPartOf":{"@id":"https:\/\/sudoesteacontece.com.br\/#website"},"primaryImageOfPage":{"@id":"https:\/\/sudoesteacontece.com.br\/?p=10100#primaryimage"},"image":{"@id":"https:\/\/sudoesteacontece.com.br\/?p=10100#primaryimage"},"thumbnailUrl":"https:\/\/sudoesteacontece.com.br\/wp-content\/uploads\/2025\/11\/Homem-morre-ao-sofrer-descarga-eletrica-enquanto-trabalhava-em-fazenda-na-zona-rural-de-Jacaraci-sudoeste-acontece-iml.jpg","datePublished":"2026-03-12T14:54:50+00:00","dateModified":"2026-03-12T14:54:55+00:00","breadcrumb":{"@id":"https:\/\/sudoesteacontece.com.br\/?p=10100#breadcrumb"},"inLanguage":"pt-BR","potentialAction":[{"@type":"ReadAction","target":["https:\/\/sudoesteacontece.com.br\/?p=10100"]}]},{"@type":"ImageObject","inLanguage":"pt-BR","@id":"https:\/\/sudoesteacontece.com.br\/?p=10100#primaryimage","url":"https:\/\/sudoesteacontece.com.br\/wp-content\/uploads\/2025\/11\/Homem-morre-ao-sofrer-descarga-eletrica-enquanto-trabalhava-em-fazenda-na-zona-rural-de-Jacaraci-sudoeste-acontece-iml.jpg","contentUrl":"https:\/\/sudoesteacontece.com.br\/wp-content\/uploads\/2025\/11\/Homem-morre-ao-sofrer-descarga-eletrica-enquanto-trabalhava-em-fazenda-na-zona-rural-de-Jacaraci-sudoeste-acontece-iml.jpg","width":1032,"height":581,"caption":"Foto Washington Tiago"},{"@type":"BreadcrumbList","@id":"https:\/\/sudoesteacontece.com.br\/?p=10100#breadcrumb","itemListElement":[{"@type":"ListItem","position":1,"name":"In\u00edcio","item":"https:\/\/sudoesteacontece.com.br\/"},{"@type":"ListItem","position":2,"name":"Homem \u00e9 encontrado morto dentro de casa em Brumado; fam\u00edlia suspeita de morte natural"}]},{"@type":"WebSite","@id":"https:\/\/sudoesteacontece.com.br\/#website","url":"https:\/\/sudoesteacontece.com.br\/","name":"Sudoesteacontece","description":"","publisher":{"@id":"https:\/\/sudoesteacontece.com.br\/#organization"},"potentialAction":[{"@type":"SearchAction","target":{"@type":"EntryPoint","urlTemplate":"https:\/\/sudoesteacontece.com.br\/?s={search_term_string}"},"query-input":{"@type":"PropertyValueSpecification","valueRequired":true,"valueName":"search_term_string"}}],"inLanguage":"pt-BR"},{"@type":"Organization","@id":"https:\/\/sudoesteacontece.com.br\/#organization","name":"Sudoesteacontece","url":"https:\/\/sudoesteacontece.com.br\/","logo":{"@type":"ImageObject","inLanguage":"pt-BR","@id":"https:\/\/sudoesteacontece.com.br\/#\/schema\/logo\/image\/","url":"https:\/\/sudoesteacontece.com.br\/wp-content\/uploads\/2025\/12\/cropped-logo-2-180x180-1.png","contentUrl":"https:\/\/sudoesteacontece.com.br\/wp-content\/uploads\/2025\/12\/cropped-logo-2-180x180-1.png","width":180,"height":180,"caption":"Sudoesteacontece"},"image":{"@id":"https:\/\/sudoesteacontece.com.br\/#\/schema\/logo\/image\/"},"sameAs":["https:\/\/www.facebook.com\/sudoesteacontece\/?locale=pt_BR"]},{"@type":"Person","@id":"https:\/\/sudoesteacontece.com.br\/#\/schema\/person\/3cf2cf009926a9683ebc29d5379fa79c","name":"Washington Tiago","image":{"@type":"ImageObject","inLanguage":"pt-BR","@id":"https:\/\/sudoesteacontece.com.br\/#\/schema\/person\/image\/","url":"https:\/\/secure.gravatar.com\/avatar\/33c43b8668157e040f9d1fe93c354bf087cbd8ba36270c1163198bd3ddcf2a56?s=96&d=mm&r=g","contentUrl":"https:\/\/secure.gravatar.com\/avatar\/33c43b8668157e040f9d1fe93c354bf087cbd8ba36270c1163198bd3ddcf2a56?s=96&d=mm&r=g","caption":"Washington Tiago"},"url":"https:\/\/sudoesteacontece.com.br\/?author=2"}]}},"_links":{"self":[{"href":"https:\/\/sudoesteacontece.com.br\/index.php?rest_route=\/wp\/v2\/posts\/10100","targetHints":{"allow":["GET"]}}],"collection":[{"href":"https:\/\/sudoesteacontece.com.br\/index.php?rest_route=\/wp\/v2\/posts"}],"about":[{"href":"https:\/\/sudoesteacontece.com.br\/index.php?rest_route=\/wp\/v2\/types\/post"}],"author":[{"embeddable":true,"href":"https:\/\/sudoesteacontece.com.br\/index.php?rest_route=\/wp\/v2\/users\/2"}],"replies":[{"embeddable":true,"href":"https:\/\/sudoesteacontece.com.br\/index.php?rest_route=%2Fwp%2Fv2%2Fcomments&post=10100"}],"version-history":[{"count":0,"href":"https:\/\/sudoesteacontece.com.br\/index.php?rest_route=\/wp\/v2\/posts\/10100\/revisions"}],"wp:featuredmedia":[{"embeddable":true,"href":"https:\/\/sudoesteacontece.com.br\/index.php?rest_route=\/wp\/v2\/media\/2139"}],"wp:attachment":[{"href":"https:\/\/sudoesteacontece.com.br\/index.php?rest_route=%2Fwp%2Fv2%2Fmedia&parent=10100"}],"wp:term":[{"taxonomy":"category","embeddable":true,"href":"https:\/\/sudoesteacontece.com.br\/index.php?rest_route=%2Fwp%2Fv2%2Fcategories&post=10100"},{"taxonomy":"post_tag","embeddable":true,"href":"https:\/\/sudoesteacontece.com.br\/index.php?rest_route=%2Fwp%2Fv2%2Ftags&post=10100"}],"curies":[{"name":"wp","href":"https:\/\/api.w.org\/{rel}","templated":true}]}}