{"id":10110,"date":"2026-03-12T12:43:08","date_gmt":"2026-03-12T15:43:08","guid":{"rendered":"https:\/\/sudoesteacontece.com.br\/?p=10110"},"modified":"2026-03-12T12:43:13","modified_gmt":"2026-03-12T15:43:13","slug":"vereadores-de-brumado-conhecem-servico-especializado-para-criancas-neurodivergentes-em-salvador","status":"publish","type":"post","link":"https:\/\/sudoesteacontece.com.br\/?p=10110","title":{"rendered":"Vereadores de Brumado conhecem servi\u00e7o especializado para crian\u00e7as neurodivergentes em Salvador"},"content":{"rendered":"<div class=\"wp-block-image\">\n<figure class=\"aligncenter size-full\"><img fetchpriority=\"high\" decoding=\"async\" width=\"900\" height=\"600\" src=\"http:\/\/sudoesteacontece.com.br\/wp-content\/uploads\/2026\/03\/Vereadores-de-Brumado-conhecem-servico-especializado-para-criancas-neurodivergentes-em-Salvador.jpg\" alt=\"\" class=\"wp-image-10144\" srcset=\"https:\/\/sudoesteacontece.com.br\/wp-content\/uploads\/2026\/03\/Vereadores-de-Brumado-conhecem-servico-especializado-para-criancas-neurodivergentes-em-Salvador.jpg 900w, https:\/\/sudoesteacontece.com.br\/wp-content\/uploads\/2026\/03\/Vereadores-de-Brumado-conhecem-servico-especializado-para-criancas-neurodivergentes-em-Salvador-300x200.jpg 300w, https:\/\/sudoesteacontece.com.br\/wp-content\/uploads\/2026\/03\/Vereadores-de-Brumado-conhecem-servico-especializado-para-criancas-neurodivergentes-em-Salvador-768x512.jpg 768w\" sizes=\"(max-width: 900px) 100vw, 900px\" \/><\/figure>\n<\/div>\n\n\n<p>Vereadores de Brumado visitaram nesta quarta-feira o Centro Especializado de Reabilita\u00e7\u00e3o (CER) Barra, em Salvador, para conhecer o atendimento a crian\u00e7as neurodivergentes pelo <strong>SUS<\/strong>. Unidade gerida pelo Instituto Occasio \u00e9 refer\u00eancia no acompanhamento multiprofissional e na reabilita\u00e7\u00e3o de pacientes da rede p\u00fablica.<\/p>\n\n\n\n<p>Parlamentares, entre eles o l\u00edder do governo Rey de Doming\u00e3o (Avante), o presidente da C\u00e2mara Rubens Ara\u00fajo (PP), Luiz Carlos, o Palito (PP), e Jo\u00e3o Vasconcelos (Avante), percorreram as instala\u00e7\u00f5es, conversaram com a equipe t\u00e9cnica e observaram de perto pr\u00e1ticas de cuidado e reabilita\u00e7\u00e3o adotadas pela unidade, refer\u00eancia estadual no atendimento especializado.<\/p>\n\n\n\n<p>Diretor do CER Barra, Roberto Novaes, destacou a import\u00e2ncia da troca de experi\u00eancias. \u201cReceber representantes de outros munic\u00edpios permite compartilhar pr\u00e1ticas e fortalecer pol\u00edticas p\u00fablicas voltadas \u00e0 reabilita\u00e7\u00e3o de crian\u00e7as neurodivergentes. Nosso objetivo \u00e9 ampliar o acesso a servi\u00e7os especializados e inspirar iniciativas similares em outras cidades\u201d, afirmou.<\/p>\n\n\n\n<p>Vereador Reinaldo Almeida avaliou a visita como inspiradora para Brumado. \u201cA experi\u00eancia foi extremamente positiva. Parabenizo o doutor Roberto e o prefeito por essa iniciativa. O que vimos aqui, se implantado em nosso munic\u00edpio, representar\u00e1 grande ganho para fam\u00edlias que mais precisam de atendimento qualificado para seus filhos\u201d, disse.<\/p>\n\n\n\n<p>Presidente da C\u00e2mara de Brumado, Juv\u00eancio Rubens, refor\u00e7ou o impacto social do servi\u00e7o. \u201cVer um projeto estruturado como este nos d\u00e1 esperan\u00e7a. Muitas m\u00e3es percorrem longas dist\u00e2ncias por atendimento especializado. Que essa experi\u00eancia inspire outras cidades e fortale\u00e7a pol\u00edticas p\u00fablicas voltadas ao cuidado integral de crian\u00e7as e suas fam\u00edlias\u201d, ressaltou.<\/p>\n\n\n\n<p>CER Barra oferece atendimento integral pelo SUS, com acompanhamento multiprofissional voltado \u00e0 reabilita\u00e7\u00e3o e ao desenvolvimento de crian\u00e7as com condi\u00e7\u00f5es neurol\u00f3gicas e transtornos do neurodesenvolvimento. Parlamentares tamb\u00e9m discutiram com a equipe t\u00e9cnica desafios e avan\u00e7os no cuidado especializado.<\/p>\n","protected":false},"excerpt":{"rendered":"<p>Vereadores de Brumado visitaram nesta quarta-feira o Centro Especializado de Reabilita\u00e7\u00e3o (CER) Barra, em Salvador, para conhecer o atendimento a crian\u00e7as neurodivergentes pelo SUS. Unidade gerida pelo Instituto Occasio \u00e9 refer\u00eancia no acompanhamento multiprofissional e na reabilita\u00e7\u00e3o de pacientes da rede p\u00fablica. Parlamentares, entre eles o l\u00edder do governo Rey de Doming\u00e3o (Avante), o presidente da C\u00e2mara Rubens Ara\u00fajo (PP), Luiz Carlos, o Palito (PP), e Jo\u00e3o Vasconcelos (Avante), percorreram as instala\u00e7\u00f5es, conversaram com a equipe t\u00e9cnica e observaram de perto pr\u00e1ticas de cuidado e reabilita\u00e7\u00e3o adotadas pela unidade, refer\u00eancia estadual no atendimento especializado. Diretor do CER Barra, Roberto Novaes, destacou a import\u00e2ncia da troca de experi\u00eancias. \u201cReceber representantes de outros munic\u00edpios permite compartilhar pr\u00e1ticas e fortalecer pol\u00edticas p\u00fablicas voltadas \u00e0 reabilita\u00e7\u00e3o de crian\u00e7as neurodivergentes. Nosso objetivo \u00e9 ampliar o acesso a servi\u00e7os especializados e inspirar iniciativas similares em outras cidades\u201d, afirmou. Vereador Reinaldo Almeida avaliou a visita como inspiradora para Brumado. \u201cA experi\u00eancia foi extremamente positiva. Parabenizo o doutor Roberto e o prefeito por essa iniciativa. O que vimos aqui, se implantado em nosso munic\u00edpio, representar\u00e1 grande ganho para fam\u00edlias que mais precisam de atendimento qualificado para seus filhos\u201d, disse. Presidente da C\u00e2mara de Brumado, Juv\u00eancio Rubens, refor\u00e7ou o impacto social do servi\u00e7o. \u201cVer um projeto estruturado como este nos d\u00e1 esperan\u00e7a. Muitas m\u00e3es percorrem longas dist\u00e2ncias por atendimento especializado. Que essa experi\u00eancia inspire outras cidades e fortale\u00e7a pol\u00edticas p\u00fablicas voltadas ao cuidado integral de crian\u00e7as e suas fam\u00edlias\u201d, ressaltou. CER Barra oferece atendimento integral pelo SUS, com acompanhamento multiprofissional voltado \u00e0 reabilita\u00e7\u00e3o e ao desenvolvimento de crian\u00e7as com condi\u00e7\u00f5es neurol\u00f3gicas e transtornos do neurodesenvolvimento. Parlamentares tamb\u00e9m discutiram com a equipe t\u00e9cnica desafios e avan\u00e7os no cuidado especializado.<\/p>\n","protected":false},"author":2,"featured_media":0,"comment_status":"open","ping_status":"open","sticky":false,"template":"","format":"standard","meta":{"footnotes":""},"categories":[10,6,45],"tags":[],"class_list":["post-10110","post","type-post","status-publish","format-standard","hentry","category-brumado","category-politica","category-saude"],"yoast_head":"<!-- This site is optimized with the Yoast SEO plugin v26.5 - https:\/\/yoast.com\/wordpress\/plugins\/seo\/ -->\n<title>Vereadores de Brumado conhecem servi\u00e7o especializado para crian\u00e7as neurodivergentes em Salvador - Sudoesteacontece<\/title>\n<meta name=\"robots\" content=\"index, follow, max-snippet:-1, max-image-preview:large, max-video-preview:-1\" \/>\n<link rel=\"canonical\" href=\"https:\/\/sudoesteacontece.com.br\/?p=10110\" \/>\n<meta property=\"og:locale\" content=\"pt_BR\" \/>\n<meta property=\"og:type\" content=\"article\" \/>\n<meta property=\"og:title\" content=\"Vereadores de Brumado conhecem servi\u00e7o especializado para crian\u00e7as neurodivergentes em Salvador - Sudoesteacontece\" \/>\n<meta property=\"og:description\" content=\"Vereadores de Brumado visitaram nesta quarta-feira o Centro Especializado de Reabilita\u00e7\u00e3o (CER) Barra, em Salvador, para conhecer o atendimento a crian\u00e7as neurodivergentes pelo SUS. Unidade gerida pelo Instituto Occasio \u00e9 refer\u00eancia no acompanhamento multiprofissional e na reabilita\u00e7\u00e3o de pacientes da rede p\u00fablica. Parlamentares, entre eles o l\u00edder do governo Rey de Doming\u00e3o (Avante), o presidente da C\u00e2mara Rubens Ara\u00fajo (PP), Luiz Carlos, o Palito (PP), e Jo\u00e3o Vasconcelos (Avante), percorreram as instala\u00e7\u00f5es, conversaram com a equipe t\u00e9cnica e observaram de perto pr\u00e1ticas de cuidado e reabilita\u00e7\u00e3o adotadas pela unidade, refer\u00eancia estadual no atendimento especializado. Diretor do CER Barra, Roberto Novaes, destacou a import\u00e2ncia da troca de experi\u00eancias. \u201cReceber representantes de outros munic\u00edpios permite compartilhar pr\u00e1ticas e fortalecer pol\u00edticas p\u00fablicas voltadas \u00e0 reabilita\u00e7\u00e3o de crian\u00e7as neurodivergentes. Nosso objetivo \u00e9 ampliar o acesso a servi\u00e7os especializados e inspirar iniciativas similares em outras cidades\u201d, afirmou. Vereador Reinaldo Almeida avaliou a visita como inspiradora para Brumado. \u201cA experi\u00eancia foi extremamente positiva. Parabenizo o doutor Roberto e o prefeito por essa iniciativa. O que vimos aqui, se implantado em nosso munic\u00edpio, representar\u00e1 grande ganho para fam\u00edlias que mais precisam de atendimento qualificado para seus filhos\u201d, disse. Presidente da C\u00e2mara de Brumado, Juv\u00eancio Rubens, refor\u00e7ou o impacto social do servi\u00e7o. \u201cVer um projeto estruturado como este nos d\u00e1 esperan\u00e7a. Muitas m\u00e3es percorrem longas dist\u00e2ncias por atendimento especializado. Que essa experi\u00eancia inspire outras cidades e fortale\u00e7a pol\u00edticas p\u00fablicas voltadas ao cuidado integral de crian\u00e7as e suas fam\u00edlias\u201d, ressaltou. CER Barra oferece atendimento integral pelo SUS, com acompanhamento multiprofissional voltado \u00e0 reabilita\u00e7\u00e3o e ao desenvolvimento de crian\u00e7as com condi\u00e7\u00f5es neurol\u00f3gicas e transtornos do neurodesenvolvimento. Parlamentares tamb\u00e9m discutiram com a equipe t\u00e9cnica desafios e avan\u00e7os no cuidado especializado.\" \/>\n<meta property=\"og:url\" content=\"https:\/\/sudoesteacontece.com.br\/?p=10110\" \/>\n<meta property=\"og:site_name\" content=\"Sudoesteacontece\" \/>\n<meta property=\"article:publisher\" content=\"https:\/\/www.facebook.com\/sudoesteacontece\/?locale=pt_BR\" \/>\n<meta property=\"article:published_time\" content=\"2026-03-12T15:43:08+00:00\" \/>\n<meta property=\"article:modified_time\" content=\"2026-03-12T15:43:13+00:00\" \/>\n<meta property=\"og:image\" content=\"http:\/\/sudoesteacontece.com.br\/wp-content\/uploads\/2026\/03\/Vereadores-de-Brumado-conhecem-servico-especializado-para-criancas-neurodivergentes-em-Salvador.jpg\" \/>\n<meta name=\"author\" content=\"Washington Tiago\" \/>\n<meta name=\"twitter:card\" content=\"summary_large_image\" \/>\n<meta name=\"twitter:label1\" content=\"Escrito por\" \/>\n\t<meta name=\"twitter:data1\" content=\"Washington Tiago\" \/>\n\t<meta name=\"twitter:label2\" content=\"Est. tempo de leitura\" \/>\n\t<meta name=\"twitter:data2\" content=\"2 minutos\" \/>\n<script type=\"application\/ld+json\" class=\"yoast-schema-graph\">{\"@context\":\"https:\/\/schema.org\",\"@graph\":[{\"@type\":\"Article\",\"@id\":\"https:\/\/sudoesteacontece.com.br\/?p=10110#article\",\"isPartOf\":{\"@id\":\"https:\/\/sudoesteacontece.com.br\/?p=10110\"},\"author\":{\"name\":\"Washington Tiago\",\"@id\":\"https:\/\/sudoesteacontece.com.br\/#\/schema\/person\/3cf2cf009926a9683ebc29d5379fa79c\"},\"headline\":\"Vereadores de Brumado conhecem servi\u00e7o especializado para crian\u00e7as neurodivergentes em Salvador\",\"datePublished\":\"2026-03-12T15:43:08+00:00\",\"dateModified\":\"2026-03-12T15:43:13+00:00\",\"mainEntityOfPage\":{\"@id\":\"https:\/\/sudoesteacontece.com.br\/?p=10110\"},\"wordCount\":335,\"commentCount\":0,\"publisher\":{\"@id\":\"https:\/\/sudoesteacontece.com.br\/#organization\"},\"image\":{\"@id\":\"https:\/\/sudoesteacontece.com.br\/?p=10110#primaryimage\"},\"thumbnailUrl\":\"http:\/\/sudoesteacontece.com.br\/wp-content\/uploads\/2026\/03\/Vereadores-de-Brumado-conhecem-servico-especializado-para-criancas-neurodivergentes-em-Salvador.jpg\",\"articleSection\":[\"Brumado\",\"Pol\u00edtica\",\"Sa\u00fade\"],\"inLanguage\":\"pt-BR\",\"potentialAction\":[{\"@type\":\"CommentAction\",\"name\":\"Comment\",\"target\":[\"https:\/\/sudoesteacontece.com.br\/?p=10110#respond\"]}]},{\"@type\":\"WebPage\",\"@id\":\"https:\/\/sudoesteacontece.com.br\/?p=10110\",\"url\":\"https:\/\/sudoesteacontece.com.br\/?p=10110\",\"name\":\"Vereadores de Brumado conhecem servi\u00e7o especializado para crian\u00e7as neurodivergentes em Salvador - Sudoesteacontece\",\"isPartOf\":{\"@id\":\"https:\/\/sudoesteacontece.com.br\/#website\"},\"primaryImageOfPage\":{\"@id\":\"https:\/\/sudoesteacontece.com.br\/?p=10110#primaryimage\"},\"image\":{\"@id\":\"https:\/\/sudoesteacontece.com.br\/?p=10110#primaryimage\"},\"thumbnailUrl\":\"http:\/\/sudoesteacontece.com.br\/wp-content\/uploads\/2026\/03\/Vereadores-de-Brumado-conhecem-servico-especializado-para-criancas-neurodivergentes-em-Salvador.jpg\",\"datePublished\":\"2026-03-12T15:43:08+00:00\",\"dateModified\":\"2026-03-12T15:43:13+00:00\",\"breadcrumb\":{\"@id\":\"https:\/\/sudoesteacontece.com.br\/?p=10110#breadcrumb\"},\"inLanguage\":\"pt-BR\",\"potentialAction\":[{\"@type\":\"ReadAction\",\"target\":[\"https:\/\/sudoesteacontece.com.br\/?p=10110\"]}]},{\"@type\":\"ImageObject\",\"inLanguage\":\"pt-BR\",\"@id\":\"https:\/\/sudoesteacontece.com.br\/?p=10110#primaryimage\",\"url\":\"https:\/\/sudoesteacontece.com.br\/wp-content\/uploads\/2026\/03\/Vereadores-de-Brumado-conhecem-servico-especializado-para-criancas-neurodivergentes-em-Salvador.jpg\",\"contentUrl\":\"https:\/\/sudoesteacontece.com.br\/wp-content\/uploads\/2026\/03\/Vereadores-de-Brumado-conhecem-servico-especializado-para-criancas-neurodivergentes-em-Salvador.jpg\",\"width\":900,\"height\":600},{\"@type\":\"BreadcrumbList\",\"@id\":\"https:\/\/sudoesteacontece.com.br\/?p=10110#breadcrumb\",\"itemListElement\":[{\"@type\":\"ListItem\",\"position\":1,\"name\":\"In\u00edcio\",\"item\":\"https:\/\/sudoesteacontece.com.br\/\"},{\"@type\":\"ListItem\",\"position\":2,\"name\":\"Vereadores de Brumado conhecem servi\u00e7o especializado para crian\u00e7as neurodivergentes em Salvador\"}]},{\"@type\":\"WebSite\",\"@id\":\"https:\/\/sudoesteacontece.com.br\/#website\",\"url\":\"https:\/\/sudoesteacontece.com.br\/\",\"name\":\"Sudoesteacontece\",\"description\":\"\",\"publisher\":{\"@id\":\"https:\/\/sudoesteacontece.com.br\/#organization\"},\"potentialAction\":[{\"@type\":\"SearchAction\",\"target\":{\"@type\":\"EntryPoint\",\"urlTemplate\":\"https:\/\/sudoesteacontece.com.br\/?s={search_term_string}\"},\"query-input\":{\"@type\":\"PropertyValueSpecification\",\"valueRequired\":true,\"valueName\":\"search_term_string\"}}],\"inLanguage\":\"pt-BR\"},{\"@type\":\"Organization\",\"@id\":\"https:\/\/sudoesteacontece.com.br\/#organization\",\"name\":\"Sudoesteacontece\",\"url\":\"https:\/\/sudoesteacontece.com.br\/\",\"logo\":{\"@type\":\"ImageObject\",\"inLanguage\":\"pt-BR\",\"@id\":\"https:\/\/sudoesteacontece.com.br\/#\/schema\/logo\/image\/\",\"url\":\"https:\/\/sudoesteacontece.com.br\/wp-content\/uploads\/2025\/12\/cropped-logo-2-180x180-1.png\",\"contentUrl\":\"https:\/\/sudoesteacontece.com.br\/wp-content\/uploads\/2025\/12\/cropped-logo-2-180x180-1.png\",\"width\":180,\"height\":180,\"caption\":\"Sudoesteacontece\"},\"image\":{\"@id\":\"https:\/\/sudoesteacontece.com.br\/#\/schema\/logo\/image\/\"},\"sameAs\":[\"https:\/\/www.facebook.com\/sudoesteacontece\/?locale=pt_BR\"]},{\"@type\":\"Person\",\"@id\":\"https:\/\/sudoesteacontece.com.br\/#\/schema\/person\/3cf2cf009926a9683ebc29d5379fa79c\",\"name\":\"Washington Tiago\",\"image\":{\"@type\":\"ImageObject\",\"inLanguage\":\"pt-BR\",\"@id\":\"https:\/\/sudoesteacontece.com.br\/#\/schema\/person\/image\/\",\"url\":\"https:\/\/secure.gravatar.com\/avatar\/33c43b8668157e040f9d1fe93c354bf087cbd8ba36270c1163198bd3ddcf2a56?s=96&d=mm&r=g\",\"contentUrl\":\"https:\/\/secure.gravatar.com\/avatar\/33c43b8668157e040f9d1fe93c354bf087cbd8ba36270c1163198bd3ddcf2a56?s=96&d=mm&r=g\",\"caption\":\"Washington Tiago\"},\"url\":\"https:\/\/sudoesteacontece.com.br\/?author=2\"}]}<\/script>\n<!-- \/ Yoast SEO plugin. -->","yoast_head_json":{"title":"Vereadores de Brumado conhecem servi\u00e7o especializado para crian\u00e7as neurodivergentes em Salvador - Sudoesteacontece","robots":{"index":"index","follow":"follow","max-snippet":"max-snippet:-1","max-image-preview":"max-image-preview:large","max-video-preview":"max-video-preview:-1"},"canonical":"https:\/\/sudoesteacontece.com.br\/?p=10110","og_locale":"pt_BR","og_type":"article","og_title":"Vereadores de Brumado conhecem servi\u00e7o especializado para crian\u00e7as neurodivergentes em Salvador - Sudoesteacontece","og_description":"Vereadores de Brumado visitaram nesta quarta-feira o Centro Especializado de Reabilita\u00e7\u00e3o (CER) Barra, em Salvador, para conhecer o atendimento a crian\u00e7as neurodivergentes pelo SUS. Unidade gerida pelo Instituto Occasio \u00e9 refer\u00eancia no acompanhamento multiprofissional e na reabilita\u00e7\u00e3o de pacientes da rede p\u00fablica. Parlamentares, entre eles o l\u00edder do governo Rey de Doming\u00e3o (Avante), o presidente da C\u00e2mara Rubens Ara\u00fajo (PP), Luiz Carlos, o Palito (PP), e Jo\u00e3o Vasconcelos (Avante), percorreram as instala\u00e7\u00f5es, conversaram com a equipe t\u00e9cnica e observaram de perto pr\u00e1ticas de cuidado e reabilita\u00e7\u00e3o adotadas pela unidade, refer\u00eancia estadual no atendimento especializado. Diretor do CER Barra, Roberto Novaes, destacou a import\u00e2ncia da troca de experi\u00eancias. \u201cReceber representantes de outros munic\u00edpios permite compartilhar pr\u00e1ticas e fortalecer pol\u00edticas p\u00fablicas voltadas \u00e0 reabilita\u00e7\u00e3o de crian\u00e7as neurodivergentes. Nosso objetivo \u00e9 ampliar o acesso a servi\u00e7os especializados e inspirar iniciativas similares em outras cidades\u201d, afirmou. Vereador Reinaldo Almeida avaliou a visita como inspiradora para Brumado. \u201cA experi\u00eancia foi extremamente positiva. Parabenizo o doutor Roberto e o prefeito por essa iniciativa. O que vimos aqui, se implantado em nosso munic\u00edpio, representar\u00e1 grande ganho para fam\u00edlias que mais precisam de atendimento qualificado para seus filhos\u201d, disse. Presidente da C\u00e2mara de Brumado, Juv\u00eancio Rubens, refor\u00e7ou o impacto social do servi\u00e7o. \u201cVer um projeto estruturado como este nos d\u00e1 esperan\u00e7a. Muitas m\u00e3es percorrem longas dist\u00e2ncias por atendimento especializado. Que essa experi\u00eancia inspire outras cidades e fortale\u00e7a pol\u00edticas p\u00fablicas voltadas ao cuidado integral de crian\u00e7as e suas fam\u00edlias\u201d, ressaltou. CER Barra oferece atendimento integral pelo SUS, com acompanhamento multiprofissional voltado \u00e0 reabilita\u00e7\u00e3o e ao desenvolvimento de crian\u00e7as com condi\u00e7\u00f5es neurol\u00f3gicas e transtornos do neurodesenvolvimento. Parlamentares tamb\u00e9m discutiram com a equipe t\u00e9cnica desafios e avan\u00e7os no cuidado especializado.","og_url":"https:\/\/sudoesteacontece.com.br\/?p=10110","og_site_name":"Sudoesteacontece","article_publisher":"https:\/\/www.facebook.com\/sudoesteacontece\/?locale=pt_BR","article_published_time":"2026-03-12T15:43:08+00:00","article_modified_time":"2026-03-12T15:43:13+00:00","og_image":[{"url":"http:\/\/sudoesteacontece.com.br\/wp-content\/uploads\/2026\/03\/Vereadores-de-Brumado-conhecem-servico-especializado-para-criancas-neurodivergentes-em-Salvador.jpg","type":"","width":"","height":""}],"author":"Washington Tiago","twitter_card":"summary_large_image","twitter_misc":{"Escrito por":"Washington Tiago","Est. tempo de leitura":"2 minutos"},"schema":{"@context":"https:\/\/schema.org","@graph":[{"@type":"Article","@id":"https:\/\/sudoesteacontece.com.br\/?p=10110#article","isPartOf":{"@id":"https:\/\/sudoesteacontece.com.br\/?p=10110"},"author":{"name":"Washington Tiago","@id":"https:\/\/sudoesteacontece.com.br\/#\/schema\/person\/3cf2cf009926a9683ebc29d5379fa79c"},"headline":"Vereadores de Brumado conhecem servi\u00e7o especializado para crian\u00e7as neurodivergentes em Salvador","datePublished":"2026-03-12T15:43:08+00:00","dateModified":"2026-03-12T15:43:13+00:00","mainEntityOfPage":{"@id":"https:\/\/sudoesteacontece.com.br\/?p=10110"},"wordCount":335,"commentCount":0,"publisher":{"@id":"https:\/\/sudoesteacontece.com.br\/#organization"},"image":{"@id":"https:\/\/sudoesteacontece.com.br\/?p=10110#primaryimage"},"thumbnailUrl":"http:\/\/sudoesteacontece.com.br\/wp-content\/uploads\/2026\/03\/Vereadores-de-Brumado-conhecem-servico-especializado-para-criancas-neurodivergentes-em-Salvador.jpg","articleSection":["Brumado","Pol\u00edtica","Sa\u00fade"],"inLanguage":"pt-BR","potentialAction":[{"@type":"CommentAction","name":"Comment","target":["https:\/\/sudoesteacontece.com.br\/?p=10110#respond"]}]},{"@type":"WebPage","@id":"https:\/\/sudoesteacontece.com.br\/?p=10110","url":"https:\/\/sudoesteacontece.com.br\/?p=10110","name":"Vereadores de Brumado conhecem servi\u00e7o especializado para crian\u00e7as neurodivergentes em Salvador - Sudoesteacontece","isPartOf":{"@id":"https:\/\/sudoesteacontece.com.br\/#website"},"primaryImageOfPage":{"@id":"https:\/\/sudoesteacontece.com.br\/?p=10110#primaryimage"},"image":{"@id":"https:\/\/sudoesteacontece.com.br\/?p=10110#primaryimage"},"thumbnailUrl":"http:\/\/sudoesteacontece.com.br\/wp-content\/uploads\/2026\/03\/Vereadores-de-Brumado-conhecem-servico-especializado-para-criancas-neurodivergentes-em-Salvador.jpg","datePublished":"2026-03-12T15:43:08+00:00","dateModified":"2026-03-12T15:43:13+00:00","breadcrumb":{"@id":"https:\/\/sudoesteacontece.com.br\/?p=10110#breadcrumb"},"inLanguage":"pt-BR","potentialAction":[{"@type":"ReadAction","target":["https:\/\/sudoesteacontece.com.br\/?p=10110"]}]},{"@type":"ImageObject","inLanguage":"pt-BR","@id":"https:\/\/sudoesteacontece.com.br\/?p=10110#primaryimage","url":"https:\/\/sudoesteacontece.com.br\/wp-content\/uploads\/2026\/03\/Vereadores-de-Brumado-conhecem-servico-especializado-para-criancas-neurodivergentes-em-Salvador.jpg","contentUrl":"https:\/\/sudoesteacontece.com.br\/wp-content\/uploads\/2026\/03\/Vereadores-de-Brumado-conhecem-servico-especializado-para-criancas-neurodivergentes-em-Salvador.jpg","width":900,"height":600},{"@type":"BreadcrumbList","@id":"https:\/\/sudoesteacontece.com.br\/?p=10110#breadcrumb","itemListElement":[{"@type":"ListItem","position":1,"name":"In\u00edcio","item":"https:\/\/sudoesteacontece.com.br\/"},{"@type":"ListItem","position":2,"name":"Vereadores de Brumado conhecem servi\u00e7o especializado para crian\u00e7as neurodivergentes em Salvador"}]},{"@type":"WebSite","@id":"https:\/\/sudoesteacontece.com.br\/#website","url":"https:\/\/sudoesteacontece.com.br\/","name":"Sudoesteacontece","description":"","publisher":{"@id":"https:\/\/sudoesteacontece.com.br\/#organization"},"potentialAction":[{"@type":"SearchAction","target":{"@type":"EntryPoint","urlTemplate":"https:\/\/sudoesteacontece.com.br\/?s={search_term_string}"},"query-input":{"@type":"PropertyValueSpecification","valueRequired":true,"valueName":"search_term_string"}}],"inLanguage":"pt-BR"},{"@type":"Organization","@id":"https:\/\/sudoesteacontece.com.br\/#organization","name":"Sudoesteacontece","url":"https:\/\/sudoesteacontece.com.br\/","logo":{"@type":"ImageObject","inLanguage":"pt-BR","@id":"https:\/\/sudoesteacontece.com.br\/#\/schema\/logo\/image\/","url":"https:\/\/sudoesteacontece.com.br\/wp-content\/uploads\/2025\/12\/cropped-logo-2-180x180-1.png","contentUrl":"https:\/\/sudoesteacontece.com.br\/wp-content\/uploads\/2025\/12\/cropped-logo-2-180x180-1.png","width":180,"height":180,"caption":"Sudoesteacontece"},"image":{"@id":"https:\/\/sudoesteacontece.com.br\/#\/schema\/logo\/image\/"},"sameAs":["https:\/\/www.facebook.com\/sudoesteacontece\/?locale=pt_BR"]},{"@type":"Person","@id":"https:\/\/sudoesteacontece.com.br\/#\/schema\/person\/3cf2cf009926a9683ebc29d5379fa79c","name":"Washington Tiago","image":{"@type":"ImageObject","inLanguage":"pt-BR","@id":"https:\/\/sudoesteacontece.com.br\/#\/schema\/person\/image\/","url":"https:\/\/secure.gravatar.com\/avatar\/33c43b8668157e040f9d1fe93c354bf087cbd8ba36270c1163198bd3ddcf2a56?s=96&d=mm&r=g","contentUrl":"https:\/\/secure.gravatar.com\/avatar\/33c43b8668157e040f9d1fe93c354bf087cbd8ba36270c1163198bd3ddcf2a56?s=96&d=mm&r=g","caption":"Washington Tiago"},"url":"https:\/\/sudoesteacontece.com.br\/?author=2"}]}},"_links":{"self":[{"href":"https:\/\/sudoesteacontece.com.br\/index.php?rest_route=\/wp\/v2\/posts\/10110","targetHints":{"allow":["GET"]}}],"collection":[{"href":"https:\/\/sudoesteacontece.com.br\/index.php?rest_route=\/wp\/v2\/posts"}],"about":[{"href":"https:\/\/sudoesteacontece.com.br\/index.php?rest_route=\/wp\/v2\/types\/post"}],"author":[{"embeddable":true,"href":"https:\/\/sudoesteacontece.com.br\/index.php?rest_route=\/wp\/v2\/users\/2"}],"replies":[{"embeddable":true,"href":"https:\/\/sudoesteacontece.com.br\/index.php?rest_route=%2Fwp%2Fv2%2Fcomments&post=10110"}],"version-history":[{"count":0,"href":"https:\/\/sudoesteacontece.com.br\/index.php?rest_route=\/wp\/v2\/posts\/10110\/revisions"}],"wp:attachment":[{"href":"https:\/\/sudoesteacontece.com.br\/index.php?rest_route=%2Fwp%2Fv2%2Fmedia&parent=10110"}],"wp:term":[{"taxonomy":"category","embeddable":true,"href":"https:\/\/sudoesteacontece.com.br\/index.php?rest_route=%2Fwp%2Fv2%2Fcategories&post=10110"},{"taxonomy":"post_tag","embeddable":true,"href":"https:\/\/sudoesteacontece.com.br\/index.php?rest_route=%2Fwp%2Fv2%2Ftags&post=10110"}],"curies":[{"name":"wp","href":"https:\/\/api.w.org\/{rel}","templated":true}]}}