{"id":10147,"date":"2026-03-12T12:52:47","date_gmt":"2026-03-12T15:52:47","guid":{"rendered":"https:\/\/sudoesteacontece.com.br\/?p=10147"},"modified":"2026-03-12T12:52:52","modified_gmt":"2026-03-12T15:52:52","slug":"morre-ex-prefeita-e-professora-gilnay-santana-em-ibicui-comovendo-cidade","status":"publish","type":"post","link":"https:\/\/sudoesteacontece.com.br\/?p=10147","title":{"rendered":"Morre ex-prefeita e professora Gilnay Santana em Ibicu\u00ed, comovendo cidade"},"content":{"rendered":"<div class=\"wp-block-image\">\n<figure class=\"aligncenter size-full\"><img fetchpriority=\"high\" decoding=\"async\" width=\"900\" height=\"600\" src=\"http:\/\/sudoesteacontece.com.br\/wp-content\/uploads\/2026\/03\/Morre-ex-prefeita-e-professora-Gilnay-Santana-em-Ibicui-comovendo-cidade.jpg\" alt=\"\" class=\"wp-image-10154\" srcset=\"https:\/\/sudoesteacontece.com.br\/wp-content\/uploads\/2026\/03\/Morre-ex-prefeita-e-professora-Gilnay-Santana-em-Ibicui-comovendo-cidade.jpg 900w, https:\/\/sudoesteacontece.com.br\/wp-content\/uploads\/2026\/03\/Morre-ex-prefeita-e-professora-Gilnay-Santana-em-Ibicui-comovendo-cidade-300x200.jpg 300w, https:\/\/sudoesteacontece.com.br\/wp-content\/uploads\/2026\/03\/Morre-ex-prefeita-e-professora-Gilnay-Santana-em-Ibicui-comovendo-cidade-768x512.jpg 768w\" sizes=\"(max-width: 900px) 100vw, 900px\" \/><\/figure>\n<\/div>\n\n\n<p>Professora aposentada e ex-prefeita de Ibicu\u00ed, Gilnay Cunha Santana faleceu na noite de segunda-feira (9), aos 68 anos, no Hospital Calixto Midlej Filho, em Itabuna, Sul da Bahia, onde lutava contra c\u00e2ncer. A not\u00edcia causou como\u00e7\u00e3o na cidade e repercuss\u00e3o em toda a regi\u00e3o.<\/p>\n\n\n\n<p>Atuante na educa\u00e7\u00e3o, Gilnay foi professora da rede estadual e diretora da Escola F\u00e9lix Mendon\u00e7a, no bairro Sarinha Alc\u00e2ntara, em Itabuna. Sua trajet\u00f3ria incluiu dedica\u00e7\u00e3o \u00e0 forma\u00e7\u00e3o de gera\u00e7\u00f5es e forte presen\u00e7a comunit\u00e1ria, marcada pelo compromisso com ensino de qualidade e pelo apoio a estudantes e colegas da educa\u00e7\u00e3o.<\/p>\n\n\n\n<p>Irm\u00e3 do coronel da reserva Gilberto Santana Filho, Gilnay deixou tr\u00eas filhos e quatro netos. Governo Municipal de Ibicu\u00ed decretou luto oficial de tr\u00eas dias em homenagem \u00e0 ex-prefeita. Funeral aconteceu na Loja Ma\u00e7\u00f4nica Filho Ac\u00e1cia, no Centro de Coaraci, reunindo familiares, amigos e autoridades locais em despedida emocionada.<\/p>\n\n\n\n<p>Legado da ex-prefeita e professora ser\u00e1 lembrado por sua contribui\u00e7\u00e3o \u00e0 educa\u00e7\u00e3o e \u00e0 gest\u00e3o p\u00fablica de Ibicu\u00ed. Comunidade destaca car\u00e1ter e dedica\u00e7\u00e3o de Gilnay Santana, valorizando seu compromisso com servi\u00e7o p\u00fablico, \u00e9tica e transforma\u00e7\u00e3o social, consolidando mem\u00f3ria positiva e respeito entre moradores da regi\u00e3o.<\/p>\n","protected":false},"excerpt":{"rendered":"<p>Professora aposentada e ex-prefeita de Ibicu\u00ed, Gilnay Cunha Santana faleceu na noite de segunda-feira (9), aos 68 anos, no Hospital Calixto Midlej Filho, em Itabuna, Sul da Bahia, onde lutava contra c\u00e2ncer. A not\u00edcia causou como\u00e7\u00e3o na cidade e repercuss\u00e3o em toda a regi\u00e3o. Atuante na educa\u00e7\u00e3o, Gilnay foi professora da rede estadual e diretora da Escola F\u00e9lix Mendon\u00e7a, no bairro Sarinha Alc\u00e2ntara, em Itabuna. Sua trajet\u00f3ria incluiu dedica\u00e7\u00e3o \u00e0 forma\u00e7\u00e3o de gera\u00e7\u00f5es e forte presen\u00e7a comunit\u00e1ria, marcada pelo compromisso com ensino de qualidade e pelo apoio a estudantes e colegas da educa\u00e7\u00e3o. Irm\u00e3 do coronel da reserva Gilberto Santana Filho, Gilnay deixou tr\u00eas filhos e quatro netos. Governo Municipal de Ibicu\u00ed decretou luto oficial de tr\u00eas dias em homenagem \u00e0 ex-prefeita. Funeral aconteceu na Loja Ma\u00e7\u00f4nica Filho Ac\u00e1cia, no Centro de Coaraci, reunindo familiares, amigos e autoridades locais em despedida emocionada. Legado da ex-prefeita e professora ser\u00e1 lembrado por sua contribui\u00e7\u00e3o \u00e0 educa\u00e7\u00e3o e \u00e0 gest\u00e3o p\u00fablica de Ibicu\u00ed. Comunidade destaca car\u00e1ter e dedica\u00e7\u00e3o de Gilnay Santana, valorizando seu compromisso com servi\u00e7o p\u00fablico, \u00e9tica e transforma\u00e7\u00e3o social, consolidando mem\u00f3ria positiva e respeito entre moradores da regi\u00e3o.<\/p>\n","protected":false},"author":2,"featured_media":0,"comment_status":"open","ping_status":"open","sticky":false,"template":"","format":"standard","meta":{"footnotes":""},"categories":[4,6],"tags":[],"class_list":["post-10147","post","type-post","status-publish","format-standard","hentry","category-cidades","category-politica"],"yoast_head":"<!-- This site is optimized with the Yoast SEO plugin v26.5 - https:\/\/yoast.com\/wordpress\/plugins\/seo\/ -->\n<title>Morre ex-prefeita e professora Gilnay Santana em Ibicu\u00ed, comovendo cidade - Sudoesteacontece<\/title>\n<meta name=\"robots\" content=\"index, follow, max-snippet:-1, max-image-preview:large, max-video-preview:-1\" \/>\n<link rel=\"canonical\" href=\"https:\/\/sudoesteacontece.com.br\/?p=10147\" \/>\n<meta property=\"og:locale\" content=\"pt_BR\" \/>\n<meta property=\"og:type\" content=\"article\" \/>\n<meta property=\"og:title\" content=\"Morre ex-prefeita e professora Gilnay Santana em Ibicu\u00ed, comovendo cidade - Sudoesteacontece\" \/>\n<meta property=\"og:description\" content=\"Professora aposentada e ex-prefeita de Ibicu\u00ed, Gilnay Cunha Santana faleceu na noite de segunda-feira (9), aos 68 anos, no Hospital Calixto Midlej Filho, em Itabuna, Sul da Bahia, onde lutava contra c\u00e2ncer. A not\u00edcia causou como\u00e7\u00e3o na cidade e repercuss\u00e3o em toda a regi\u00e3o. Atuante na educa\u00e7\u00e3o, Gilnay foi professora da rede estadual e diretora da Escola F\u00e9lix Mendon\u00e7a, no bairro Sarinha Alc\u00e2ntara, em Itabuna. Sua trajet\u00f3ria incluiu dedica\u00e7\u00e3o \u00e0 forma\u00e7\u00e3o de gera\u00e7\u00f5es e forte presen\u00e7a comunit\u00e1ria, marcada pelo compromisso com ensino de qualidade e pelo apoio a estudantes e colegas da educa\u00e7\u00e3o. Irm\u00e3 do coronel da reserva Gilberto Santana Filho, Gilnay deixou tr\u00eas filhos e quatro netos. Governo Municipal de Ibicu\u00ed decretou luto oficial de tr\u00eas dias em homenagem \u00e0 ex-prefeita. Funeral aconteceu na Loja Ma\u00e7\u00f4nica Filho Ac\u00e1cia, no Centro de Coaraci, reunindo familiares, amigos e autoridades locais em despedida emocionada. Legado da ex-prefeita e professora ser\u00e1 lembrado por sua contribui\u00e7\u00e3o \u00e0 educa\u00e7\u00e3o e \u00e0 gest\u00e3o p\u00fablica de Ibicu\u00ed. Comunidade destaca car\u00e1ter e dedica\u00e7\u00e3o de Gilnay Santana, valorizando seu compromisso com servi\u00e7o p\u00fablico, \u00e9tica e transforma\u00e7\u00e3o social, consolidando mem\u00f3ria positiva e respeito entre moradores da regi\u00e3o.\" \/>\n<meta property=\"og:url\" content=\"https:\/\/sudoesteacontece.com.br\/?p=10147\" \/>\n<meta property=\"og:site_name\" content=\"Sudoesteacontece\" \/>\n<meta property=\"article:publisher\" content=\"https:\/\/www.facebook.com\/sudoesteacontece\/?locale=pt_BR\" \/>\n<meta property=\"article:published_time\" content=\"2026-03-12T15:52:47+00:00\" \/>\n<meta property=\"article:modified_time\" content=\"2026-03-12T15:52:52+00:00\" \/>\n<meta property=\"og:image\" content=\"http:\/\/sudoesteacontece.com.br\/wp-content\/uploads\/2026\/03\/Morre-ex-prefeita-e-professora-Gilnay-Santana-em-Ibicui-comovendo-cidade.jpg\" \/>\n<meta name=\"author\" content=\"Washington Tiago\" \/>\n<meta name=\"twitter:card\" content=\"summary_large_image\" \/>\n<meta name=\"twitter:label1\" content=\"Escrito por\" \/>\n\t<meta name=\"twitter:data1\" content=\"Washington Tiago\" \/>\n\t<meta name=\"twitter:label2\" content=\"Est. tempo de leitura\" \/>\n\t<meta name=\"twitter:data2\" content=\"2 minutos\" \/>\n<script type=\"application\/ld+json\" class=\"yoast-schema-graph\">{\"@context\":\"https:\/\/schema.org\",\"@graph\":[{\"@type\":\"Article\",\"@id\":\"https:\/\/sudoesteacontece.com.br\/?p=10147#article\",\"isPartOf\":{\"@id\":\"https:\/\/sudoesteacontece.com.br\/?p=10147\"},\"author\":{\"name\":\"Washington Tiago\",\"@id\":\"https:\/\/sudoesteacontece.com.br\/#\/schema\/person\/3cf2cf009926a9683ebc29d5379fa79c\"},\"headline\":\"Morre ex-prefeita e professora Gilnay Santana em Ibicu\u00ed, comovendo cidade\",\"datePublished\":\"2026-03-12T15:52:47+00:00\",\"dateModified\":\"2026-03-12T15:52:52+00:00\",\"mainEntityOfPage\":{\"@id\":\"https:\/\/sudoesteacontece.com.br\/?p=10147\"},\"wordCount\":222,\"commentCount\":0,\"publisher\":{\"@id\":\"https:\/\/sudoesteacontece.com.br\/#organization\"},\"image\":{\"@id\":\"https:\/\/sudoesteacontece.com.br\/?p=10147#primaryimage\"},\"thumbnailUrl\":\"http:\/\/sudoesteacontece.com.br\/wp-content\/uploads\/2026\/03\/Morre-ex-prefeita-e-professora-Gilnay-Santana-em-Ibicui-comovendo-cidade.jpg\",\"articleSection\":[\"Cidades\",\"Pol\u00edtica\"],\"inLanguage\":\"pt-BR\",\"potentialAction\":[{\"@type\":\"CommentAction\",\"name\":\"Comment\",\"target\":[\"https:\/\/sudoesteacontece.com.br\/?p=10147#respond\"]}]},{\"@type\":\"WebPage\",\"@id\":\"https:\/\/sudoesteacontece.com.br\/?p=10147\",\"url\":\"https:\/\/sudoesteacontece.com.br\/?p=10147\",\"name\":\"Morre ex-prefeita e professora Gilnay Santana em Ibicu\u00ed, comovendo cidade - Sudoesteacontece\",\"isPartOf\":{\"@id\":\"https:\/\/sudoesteacontece.com.br\/#website\"},\"primaryImageOfPage\":{\"@id\":\"https:\/\/sudoesteacontece.com.br\/?p=10147#primaryimage\"},\"image\":{\"@id\":\"https:\/\/sudoesteacontece.com.br\/?p=10147#primaryimage\"},\"thumbnailUrl\":\"http:\/\/sudoesteacontece.com.br\/wp-content\/uploads\/2026\/03\/Morre-ex-prefeita-e-professora-Gilnay-Santana-em-Ibicui-comovendo-cidade.jpg\",\"datePublished\":\"2026-03-12T15:52:47+00:00\",\"dateModified\":\"2026-03-12T15:52:52+00:00\",\"breadcrumb\":{\"@id\":\"https:\/\/sudoesteacontece.com.br\/?p=10147#breadcrumb\"},\"inLanguage\":\"pt-BR\",\"potentialAction\":[{\"@type\":\"ReadAction\",\"target\":[\"https:\/\/sudoesteacontece.com.br\/?p=10147\"]}]},{\"@type\":\"ImageObject\",\"inLanguage\":\"pt-BR\",\"@id\":\"https:\/\/sudoesteacontece.com.br\/?p=10147#primaryimage\",\"url\":\"https:\/\/sudoesteacontece.com.br\/wp-content\/uploads\/2026\/03\/Morre-ex-prefeita-e-professora-Gilnay-Santana-em-Ibicui-comovendo-cidade.jpg\",\"contentUrl\":\"https:\/\/sudoesteacontece.com.br\/wp-content\/uploads\/2026\/03\/Morre-ex-prefeita-e-professora-Gilnay-Santana-em-Ibicui-comovendo-cidade.jpg\",\"width\":900,\"height\":600},{\"@type\":\"BreadcrumbList\",\"@id\":\"https:\/\/sudoesteacontece.com.br\/?p=10147#breadcrumb\",\"itemListElement\":[{\"@type\":\"ListItem\",\"position\":1,\"name\":\"In\u00edcio\",\"item\":\"https:\/\/sudoesteacontece.com.br\/\"},{\"@type\":\"ListItem\",\"position\":2,\"name\":\"Morre ex-prefeita e professora Gilnay Santana em Ibicu\u00ed, comovendo cidade\"}]},{\"@type\":\"WebSite\",\"@id\":\"https:\/\/sudoesteacontece.com.br\/#website\",\"url\":\"https:\/\/sudoesteacontece.com.br\/\",\"name\":\"Sudoesteacontece\",\"description\":\"\",\"publisher\":{\"@id\":\"https:\/\/sudoesteacontece.com.br\/#organization\"},\"potentialAction\":[{\"@type\":\"SearchAction\",\"target\":{\"@type\":\"EntryPoint\",\"urlTemplate\":\"https:\/\/sudoesteacontece.com.br\/?s={search_term_string}\"},\"query-input\":{\"@type\":\"PropertyValueSpecification\",\"valueRequired\":true,\"valueName\":\"search_term_string\"}}],\"inLanguage\":\"pt-BR\"},{\"@type\":\"Organization\",\"@id\":\"https:\/\/sudoesteacontece.com.br\/#organization\",\"name\":\"Sudoesteacontece\",\"url\":\"https:\/\/sudoesteacontece.com.br\/\",\"logo\":{\"@type\":\"ImageObject\",\"inLanguage\":\"pt-BR\",\"@id\":\"https:\/\/sudoesteacontece.com.br\/#\/schema\/logo\/image\/\",\"url\":\"https:\/\/sudoesteacontece.com.br\/wp-content\/uploads\/2025\/12\/cropped-logo-2-180x180-1.png\",\"contentUrl\":\"https:\/\/sudoesteacontece.com.br\/wp-content\/uploads\/2025\/12\/cropped-logo-2-180x180-1.png\",\"width\":180,\"height\":180,\"caption\":\"Sudoesteacontece\"},\"image\":{\"@id\":\"https:\/\/sudoesteacontece.com.br\/#\/schema\/logo\/image\/\"},\"sameAs\":[\"https:\/\/www.facebook.com\/sudoesteacontece\/?locale=pt_BR\"]},{\"@type\":\"Person\",\"@id\":\"https:\/\/sudoesteacontece.com.br\/#\/schema\/person\/3cf2cf009926a9683ebc29d5379fa79c\",\"name\":\"Washington Tiago\",\"image\":{\"@type\":\"ImageObject\",\"inLanguage\":\"pt-BR\",\"@id\":\"https:\/\/sudoesteacontece.com.br\/#\/schema\/person\/image\/\",\"url\":\"https:\/\/secure.gravatar.com\/avatar\/33c43b8668157e040f9d1fe93c354bf087cbd8ba36270c1163198bd3ddcf2a56?s=96&d=mm&r=g\",\"contentUrl\":\"https:\/\/secure.gravatar.com\/avatar\/33c43b8668157e040f9d1fe93c354bf087cbd8ba36270c1163198bd3ddcf2a56?s=96&d=mm&r=g\",\"caption\":\"Washington Tiago\"},\"url\":\"https:\/\/sudoesteacontece.com.br\/?author=2\"}]}<\/script>\n<!-- \/ Yoast SEO plugin. -->","yoast_head_json":{"title":"Morre ex-prefeita e professora Gilnay Santana em Ibicu\u00ed, comovendo cidade - Sudoesteacontece","robots":{"index":"index","follow":"follow","max-snippet":"max-snippet:-1","max-image-preview":"max-image-preview:large","max-video-preview":"max-video-preview:-1"},"canonical":"https:\/\/sudoesteacontece.com.br\/?p=10147","og_locale":"pt_BR","og_type":"article","og_title":"Morre ex-prefeita e professora Gilnay Santana em Ibicu\u00ed, comovendo cidade - Sudoesteacontece","og_description":"Professora aposentada e ex-prefeita de Ibicu\u00ed, Gilnay Cunha Santana faleceu na noite de segunda-feira (9), aos 68 anos, no Hospital Calixto Midlej Filho, em Itabuna, Sul da Bahia, onde lutava contra c\u00e2ncer. A not\u00edcia causou como\u00e7\u00e3o na cidade e repercuss\u00e3o em toda a regi\u00e3o. Atuante na educa\u00e7\u00e3o, Gilnay foi professora da rede estadual e diretora da Escola F\u00e9lix Mendon\u00e7a, no bairro Sarinha Alc\u00e2ntara, em Itabuna. Sua trajet\u00f3ria incluiu dedica\u00e7\u00e3o \u00e0 forma\u00e7\u00e3o de gera\u00e7\u00f5es e forte presen\u00e7a comunit\u00e1ria, marcada pelo compromisso com ensino de qualidade e pelo apoio a estudantes e colegas da educa\u00e7\u00e3o. Irm\u00e3 do coronel da reserva Gilberto Santana Filho, Gilnay deixou tr\u00eas filhos e quatro netos. Governo Municipal de Ibicu\u00ed decretou luto oficial de tr\u00eas dias em homenagem \u00e0 ex-prefeita. Funeral aconteceu na Loja Ma\u00e7\u00f4nica Filho Ac\u00e1cia, no Centro de Coaraci, reunindo familiares, amigos e autoridades locais em despedida emocionada. Legado da ex-prefeita e professora ser\u00e1 lembrado por sua contribui\u00e7\u00e3o \u00e0 educa\u00e7\u00e3o e \u00e0 gest\u00e3o p\u00fablica de Ibicu\u00ed. Comunidade destaca car\u00e1ter e dedica\u00e7\u00e3o de Gilnay Santana, valorizando seu compromisso com servi\u00e7o p\u00fablico, \u00e9tica e transforma\u00e7\u00e3o social, consolidando mem\u00f3ria positiva e respeito entre moradores da regi\u00e3o.","og_url":"https:\/\/sudoesteacontece.com.br\/?p=10147","og_site_name":"Sudoesteacontece","article_publisher":"https:\/\/www.facebook.com\/sudoesteacontece\/?locale=pt_BR","article_published_time":"2026-03-12T15:52:47+00:00","article_modified_time":"2026-03-12T15:52:52+00:00","og_image":[{"url":"http:\/\/sudoesteacontece.com.br\/wp-content\/uploads\/2026\/03\/Morre-ex-prefeita-e-professora-Gilnay-Santana-em-Ibicui-comovendo-cidade.jpg","type":"","width":"","height":""}],"author":"Washington Tiago","twitter_card":"summary_large_image","twitter_misc":{"Escrito por":"Washington Tiago","Est. tempo de leitura":"2 minutos"},"schema":{"@context":"https:\/\/schema.org","@graph":[{"@type":"Article","@id":"https:\/\/sudoesteacontece.com.br\/?p=10147#article","isPartOf":{"@id":"https:\/\/sudoesteacontece.com.br\/?p=10147"},"author":{"name":"Washington Tiago","@id":"https:\/\/sudoesteacontece.com.br\/#\/schema\/person\/3cf2cf009926a9683ebc29d5379fa79c"},"headline":"Morre ex-prefeita e professora Gilnay Santana em Ibicu\u00ed, comovendo cidade","datePublished":"2026-03-12T15:52:47+00:00","dateModified":"2026-03-12T15:52:52+00:00","mainEntityOfPage":{"@id":"https:\/\/sudoesteacontece.com.br\/?p=10147"},"wordCount":222,"commentCount":0,"publisher":{"@id":"https:\/\/sudoesteacontece.com.br\/#organization"},"image":{"@id":"https:\/\/sudoesteacontece.com.br\/?p=10147#primaryimage"},"thumbnailUrl":"http:\/\/sudoesteacontece.com.br\/wp-content\/uploads\/2026\/03\/Morre-ex-prefeita-e-professora-Gilnay-Santana-em-Ibicui-comovendo-cidade.jpg","articleSection":["Cidades","Pol\u00edtica"],"inLanguage":"pt-BR","potentialAction":[{"@type":"CommentAction","name":"Comment","target":["https:\/\/sudoesteacontece.com.br\/?p=10147#respond"]}]},{"@type":"WebPage","@id":"https:\/\/sudoesteacontece.com.br\/?p=10147","url":"https:\/\/sudoesteacontece.com.br\/?p=10147","name":"Morre ex-prefeita e professora Gilnay Santana em Ibicu\u00ed, comovendo cidade - Sudoesteacontece","isPartOf":{"@id":"https:\/\/sudoesteacontece.com.br\/#website"},"primaryImageOfPage":{"@id":"https:\/\/sudoesteacontece.com.br\/?p=10147#primaryimage"},"image":{"@id":"https:\/\/sudoesteacontece.com.br\/?p=10147#primaryimage"},"thumbnailUrl":"http:\/\/sudoesteacontece.com.br\/wp-content\/uploads\/2026\/03\/Morre-ex-prefeita-e-professora-Gilnay-Santana-em-Ibicui-comovendo-cidade.jpg","datePublished":"2026-03-12T15:52:47+00:00","dateModified":"2026-03-12T15:52:52+00:00","breadcrumb":{"@id":"https:\/\/sudoesteacontece.com.br\/?p=10147#breadcrumb"},"inLanguage":"pt-BR","potentialAction":[{"@type":"ReadAction","target":["https:\/\/sudoesteacontece.com.br\/?p=10147"]}]},{"@type":"ImageObject","inLanguage":"pt-BR","@id":"https:\/\/sudoesteacontece.com.br\/?p=10147#primaryimage","url":"https:\/\/sudoesteacontece.com.br\/wp-content\/uploads\/2026\/03\/Morre-ex-prefeita-e-professora-Gilnay-Santana-em-Ibicui-comovendo-cidade.jpg","contentUrl":"https:\/\/sudoesteacontece.com.br\/wp-content\/uploads\/2026\/03\/Morre-ex-prefeita-e-professora-Gilnay-Santana-em-Ibicui-comovendo-cidade.jpg","width":900,"height":600},{"@type":"BreadcrumbList","@id":"https:\/\/sudoesteacontece.com.br\/?p=10147#breadcrumb","itemListElement":[{"@type":"ListItem","position":1,"name":"In\u00edcio","item":"https:\/\/sudoesteacontece.com.br\/"},{"@type":"ListItem","position":2,"name":"Morre ex-prefeita e professora Gilnay Santana em Ibicu\u00ed, comovendo cidade"}]},{"@type":"WebSite","@id":"https:\/\/sudoesteacontece.com.br\/#website","url":"https:\/\/sudoesteacontece.com.br\/","name":"Sudoesteacontece","description":"","publisher":{"@id":"https:\/\/sudoesteacontece.com.br\/#organization"},"potentialAction":[{"@type":"SearchAction","target":{"@type":"EntryPoint","urlTemplate":"https:\/\/sudoesteacontece.com.br\/?s={search_term_string}"},"query-input":{"@type":"PropertyValueSpecification","valueRequired":true,"valueName":"search_term_string"}}],"inLanguage":"pt-BR"},{"@type":"Organization","@id":"https:\/\/sudoesteacontece.com.br\/#organization","name":"Sudoesteacontece","url":"https:\/\/sudoesteacontece.com.br\/","logo":{"@type":"ImageObject","inLanguage":"pt-BR","@id":"https:\/\/sudoesteacontece.com.br\/#\/schema\/logo\/image\/","url":"https:\/\/sudoesteacontece.com.br\/wp-content\/uploads\/2025\/12\/cropped-logo-2-180x180-1.png","contentUrl":"https:\/\/sudoesteacontece.com.br\/wp-content\/uploads\/2025\/12\/cropped-logo-2-180x180-1.png","width":180,"height":180,"caption":"Sudoesteacontece"},"image":{"@id":"https:\/\/sudoesteacontece.com.br\/#\/schema\/logo\/image\/"},"sameAs":["https:\/\/www.facebook.com\/sudoesteacontece\/?locale=pt_BR"]},{"@type":"Person","@id":"https:\/\/sudoesteacontece.com.br\/#\/schema\/person\/3cf2cf009926a9683ebc29d5379fa79c","name":"Washington Tiago","image":{"@type":"ImageObject","inLanguage":"pt-BR","@id":"https:\/\/sudoesteacontece.com.br\/#\/schema\/person\/image\/","url":"https:\/\/secure.gravatar.com\/avatar\/33c43b8668157e040f9d1fe93c354bf087cbd8ba36270c1163198bd3ddcf2a56?s=96&d=mm&r=g","contentUrl":"https:\/\/secure.gravatar.com\/avatar\/33c43b8668157e040f9d1fe93c354bf087cbd8ba36270c1163198bd3ddcf2a56?s=96&d=mm&r=g","caption":"Washington Tiago"},"url":"https:\/\/sudoesteacontece.com.br\/?author=2"}]}},"_links":{"self":[{"href":"https:\/\/sudoesteacontece.com.br\/index.php?rest_route=\/wp\/v2\/posts\/10147","targetHints":{"allow":["GET"]}}],"collection":[{"href":"https:\/\/sudoesteacontece.com.br\/index.php?rest_route=\/wp\/v2\/posts"}],"about":[{"href":"https:\/\/sudoesteacontece.com.br\/index.php?rest_route=\/wp\/v2\/types\/post"}],"author":[{"embeddable":true,"href":"https:\/\/sudoesteacontece.com.br\/index.php?rest_route=\/wp\/v2\/users\/2"}],"replies":[{"embeddable":true,"href":"https:\/\/sudoesteacontece.com.br\/index.php?rest_route=%2Fwp%2Fv2%2Fcomments&post=10147"}],"version-history":[{"count":0,"href":"https:\/\/sudoesteacontece.com.br\/index.php?rest_route=\/wp\/v2\/posts\/10147\/revisions"}],"wp:attachment":[{"href":"https:\/\/sudoesteacontece.com.br\/index.php?rest_route=%2Fwp%2Fv2%2Fmedia&parent=10147"}],"wp:term":[{"taxonomy":"category","embeddable":true,"href":"https:\/\/sudoesteacontece.com.br\/index.php?rest_route=%2Fwp%2Fv2%2Fcategories&post=10147"},{"taxonomy":"post_tag","embeddable":true,"href":"https:\/\/sudoesteacontece.com.br\/index.php?rest_route=%2Fwp%2Fv2%2Ftags&post=10147"}],"curies":[{"name":"wp","href":"https:\/\/api.w.org\/{rel}","templated":true}]}}