{"id":10148,"date":"2026-03-12T12:47:26","date_gmt":"2026-03-12T15:47:26","guid":{"rendered":"https:\/\/sudoesteacontece.com.br\/?p=10148"},"modified":"2026-03-12T12:47:31","modified_gmt":"2026-03-12T15:47:31","slug":"homem-morre-apos-cair-e-bater-a-cabeca-em-carinhanha","status":"publish","type":"post","link":"https:\/\/sudoesteacontece.com.br\/?p=10148","title":{"rendered":"Homem morre ap\u00f3s cair e bater a cabe\u00e7a em Carinhanha"},"content":{"rendered":"<div class=\"wp-block-image\">\n<figure class=\"aligncenter size-full\"><img fetchpriority=\"high\" decoding=\"async\" width=\"900\" height=\"600\" src=\"http:\/\/sudoesteacontece.com.br\/wp-content\/uploads\/2026\/03\/Homem-morre-apos-cair-e-bater-a-cabeca-em-Carinhanha.jpg\" alt=\"\" class=\"wp-image-10149\" srcset=\"https:\/\/sudoesteacontece.com.br\/wp-content\/uploads\/2026\/03\/Homem-morre-apos-cair-e-bater-a-cabeca-em-Carinhanha.jpg 900w, https:\/\/sudoesteacontece.com.br\/wp-content\/uploads\/2026\/03\/Homem-morre-apos-cair-e-bater-a-cabeca-em-Carinhanha-300x200.jpg 300w, https:\/\/sudoesteacontece.com.br\/wp-content\/uploads\/2026\/03\/Homem-morre-apos-cair-e-bater-a-cabeca-em-Carinhanha-768x512.jpg 768w\" sizes=\"(max-width: 900px) 100vw, 900px\" \/><\/figure>\n<\/div>\n\n\n<p>Acidente na Rua das Flores, bairro Alto da Colina, em Carinhanha, resultou na morte de Isa\u00edas de Jesus Vieira, de 32 anos, conhecido como \u201cCoc\u00e3o\u201d. Vizinhos relataram que ele se desequilibrou enquanto seguia para comprar bebida alco\u00f3lica e bateu a cabe\u00e7a em estrutura de ferro e concreto.<\/p>\n\n\n\n<p>SAMU foi acionado e socorreu a v\u00edtima ao Hospital Municipal Maria Pereira Costa, mas \u00f3bito foi confirmado na unidade de sa\u00fade por volta das 16h20. Circunst\u00e2ncias do acidente ser\u00e3o investigadas pela Pol\u00edcia Civil, que iniciou apura\u00e7\u00e3o para esclarecer os fatos e confirmar como ocorreu a queda fatal.<\/p>\n\n\n\n<p>Familiares e vizinhos lamentaram a morte, destacando que Coc\u00e3o era conhecido na comunidade. Autoridades refor\u00e7am import\u00e2ncia de cuidados em locais com estruturas perigosas e alertam sobre riscos de acidentes dom\u00e9sticos ou em vias p\u00fablicas, principalmente envolvendo consumo de \u00e1lcool e ambientes com irregularidades f\u00edsicas.<\/p>\n\n\n\n<p>Comunidade local acompanha investiga\u00e7\u00f5es e aguarda esclarecimentos oficiais. Pol\u00edcia Civil informou que, ap\u00f3s per\u00edcia e levantamento do local, tomar\u00e1 as medidas legais necess\u00e1rias. Caso refor\u00e7a aten\u00e7\u00e3o \u00e0 seguran\u00e7a em \u00e1reas urbanas e preven\u00e7\u00e3o de acidentes com v\u00edtimas fatais.<\/p>\n","protected":false},"excerpt":{"rendered":"<p>Acidente na Rua das Flores, bairro Alto da Colina, em Carinhanha, resultou na morte de Isa\u00edas de Jesus Vieira, de 32 anos, conhecido como \u201cCoc\u00e3o\u201d. Vizinhos relataram que ele se desequilibrou enquanto seguia para comprar bebida alco\u00f3lica e bateu a cabe\u00e7a em estrutura de ferro e concreto. SAMU foi acionado e socorreu a v\u00edtima ao Hospital Municipal Maria Pereira Costa, mas \u00f3bito foi confirmado na unidade de sa\u00fade por volta das 16h20. Circunst\u00e2ncias do acidente ser\u00e3o investigadas pela Pol\u00edcia Civil, que iniciou apura\u00e7\u00e3o para esclarecer os fatos e confirmar como ocorreu a queda fatal. Familiares e vizinhos lamentaram a morte, destacando que Coc\u00e3o era conhecido na comunidade. Autoridades refor\u00e7am import\u00e2ncia de cuidados em locais com estruturas perigosas e alertam sobre riscos de acidentes dom\u00e9sticos ou em vias p\u00fablicas, principalmente envolvendo consumo de \u00e1lcool e ambientes com irregularidades f\u00edsicas. Comunidade local acompanha investiga\u00e7\u00f5es e aguarda esclarecimentos oficiais. Pol\u00edcia Civil informou que, ap\u00f3s per\u00edcia e levantamento do local, tomar\u00e1 as medidas legais necess\u00e1rias. Caso refor\u00e7a aten\u00e7\u00e3o \u00e0 seguran\u00e7a em \u00e1reas urbanas e preven\u00e7\u00e3o de acidentes com v\u00edtimas fatais.<\/p>\n","protected":false},"author":2,"featured_media":0,"comment_status":"open","ping_status":"open","sticky":false,"template":"","format":"standard","meta":{"footnotes":""},"categories":[85,4],"tags":[],"class_list":["post-10148","post","type-post","status-publish","format-standard","hentry","category-carinhanha","category-cidades"],"yoast_head":"<!-- This site is optimized with the Yoast SEO plugin v26.5 - https:\/\/yoast.com\/wordpress\/plugins\/seo\/ -->\n<title>Homem morre ap\u00f3s cair e bater a cabe\u00e7a em Carinhanha - Sudoesteacontece<\/title>\n<meta name=\"robots\" content=\"index, follow, max-snippet:-1, max-image-preview:large, max-video-preview:-1\" \/>\n<link rel=\"canonical\" href=\"https:\/\/sudoesteacontece.com.br\/?p=10148\" \/>\n<meta property=\"og:locale\" content=\"pt_BR\" \/>\n<meta property=\"og:type\" content=\"article\" \/>\n<meta property=\"og:title\" content=\"Homem morre ap\u00f3s cair e bater a cabe\u00e7a em Carinhanha - Sudoesteacontece\" \/>\n<meta property=\"og:description\" content=\"Acidente na Rua das Flores, bairro Alto da Colina, em Carinhanha, resultou na morte de Isa\u00edas de Jesus Vieira, de 32 anos, conhecido como \u201cCoc\u00e3o\u201d. Vizinhos relataram que ele se desequilibrou enquanto seguia para comprar bebida alco\u00f3lica e bateu a cabe\u00e7a em estrutura de ferro e concreto. SAMU foi acionado e socorreu a v\u00edtima ao Hospital Municipal Maria Pereira Costa, mas \u00f3bito foi confirmado na unidade de sa\u00fade por volta das 16h20. Circunst\u00e2ncias do acidente ser\u00e3o investigadas pela Pol\u00edcia Civil, que iniciou apura\u00e7\u00e3o para esclarecer os fatos e confirmar como ocorreu a queda fatal. Familiares e vizinhos lamentaram a morte, destacando que Coc\u00e3o era conhecido na comunidade. Autoridades refor\u00e7am import\u00e2ncia de cuidados em locais com estruturas perigosas e alertam sobre riscos de acidentes dom\u00e9sticos ou em vias p\u00fablicas, principalmente envolvendo consumo de \u00e1lcool e ambientes com irregularidades f\u00edsicas. Comunidade local acompanha investiga\u00e7\u00f5es e aguarda esclarecimentos oficiais. Pol\u00edcia Civil informou que, ap\u00f3s per\u00edcia e levantamento do local, tomar\u00e1 as medidas legais necess\u00e1rias. Caso refor\u00e7a aten\u00e7\u00e3o \u00e0 seguran\u00e7a em \u00e1reas urbanas e preven\u00e7\u00e3o de acidentes com v\u00edtimas fatais.\" \/>\n<meta property=\"og:url\" content=\"https:\/\/sudoesteacontece.com.br\/?p=10148\" \/>\n<meta property=\"og:site_name\" content=\"Sudoesteacontece\" \/>\n<meta property=\"article:publisher\" content=\"https:\/\/www.facebook.com\/sudoesteacontece\/?locale=pt_BR\" \/>\n<meta property=\"article:published_time\" content=\"2026-03-12T15:47:26+00:00\" \/>\n<meta property=\"article:modified_time\" content=\"2026-03-12T15:47:31+00:00\" \/>\n<meta property=\"og:image\" content=\"http:\/\/sudoesteacontece.com.br\/wp-content\/uploads\/2026\/03\/Homem-morre-apos-cair-e-bater-a-cabeca-em-Carinhanha.jpg\" \/>\n<meta name=\"author\" content=\"Washington Tiago\" \/>\n<meta name=\"twitter:card\" content=\"summary_large_image\" \/>\n<meta name=\"twitter:label1\" content=\"Escrito por\" \/>\n\t<meta name=\"twitter:data1\" content=\"Washington Tiago\" \/>\n\t<meta name=\"twitter:label2\" content=\"Est. tempo de leitura\" \/>\n\t<meta name=\"twitter:data2\" content=\"2 minutos\" \/>\n<script type=\"application\/ld+json\" class=\"yoast-schema-graph\">{\"@context\":\"https:\/\/schema.org\",\"@graph\":[{\"@type\":\"Article\",\"@id\":\"https:\/\/sudoesteacontece.com.br\/?p=10148#article\",\"isPartOf\":{\"@id\":\"https:\/\/sudoesteacontece.com.br\/?p=10148\"},\"author\":{\"name\":\"Washington Tiago\",\"@id\":\"https:\/\/sudoesteacontece.com.br\/#\/schema\/person\/3cf2cf009926a9683ebc29d5379fa79c\"},\"headline\":\"Homem morre ap\u00f3s cair e bater a cabe\u00e7a em Carinhanha\",\"datePublished\":\"2026-03-12T15:47:26+00:00\",\"dateModified\":\"2026-03-12T15:47:31+00:00\",\"mainEntityOfPage\":{\"@id\":\"https:\/\/sudoesteacontece.com.br\/?p=10148\"},\"wordCount\":212,\"commentCount\":0,\"publisher\":{\"@id\":\"https:\/\/sudoesteacontece.com.br\/#organization\"},\"image\":{\"@id\":\"https:\/\/sudoesteacontece.com.br\/?p=10148#primaryimage\"},\"thumbnailUrl\":\"http:\/\/sudoesteacontece.com.br\/wp-content\/uploads\/2026\/03\/Homem-morre-apos-cair-e-bater-a-cabeca-em-Carinhanha.jpg\",\"articleSection\":[\"Carinhanha\",\"Cidades\"],\"inLanguage\":\"pt-BR\",\"potentialAction\":[{\"@type\":\"CommentAction\",\"name\":\"Comment\",\"target\":[\"https:\/\/sudoesteacontece.com.br\/?p=10148#respond\"]}]},{\"@type\":\"WebPage\",\"@id\":\"https:\/\/sudoesteacontece.com.br\/?p=10148\",\"url\":\"https:\/\/sudoesteacontece.com.br\/?p=10148\",\"name\":\"Homem morre ap\u00f3s cair e bater a cabe\u00e7a em Carinhanha - Sudoesteacontece\",\"isPartOf\":{\"@id\":\"https:\/\/sudoesteacontece.com.br\/#website\"},\"primaryImageOfPage\":{\"@id\":\"https:\/\/sudoesteacontece.com.br\/?p=10148#primaryimage\"},\"image\":{\"@id\":\"https:\/\/sudoesteacontece.com.br\/?p=10148#primaryimage\"},\"thumbnailUrl\":\"http:\/\/sudoesteacontece.com.br\/wp-content\/uploads\/2026\/03\/Homem-morre-apos-cair-e-bater-a-cabeca-em-Carinhanha.jpg\",\"datePublished\":\"2026-03-12T15:47:26+00:00\",\"dateModified\":\"2026-03-12T15:47:31+00:00\",\"breadcrumb\":{\"@id\":\"https:\/\/sudoesteacontece.com.br\/?p=10148#breadcrumb\"},\"inLanguage\":\"pt-BR\",\"potentialAction\":[{\"@type\":\"ReadAction\",\"target\":[\"https:\/\/sudoesteacontece.com.br\/?p=10148\"]}]},{\"@type\":\"ImageObject\",\"inLanguage\":\"pt-BR\",\"@id\":\"https:\/\/sudoesteacontece.com.br\/?p=10148#primaryimage\",\"url\":\"https:\/\/sudoesteacontece.com.br\/wp-content\/uploads\/2026\/03\/Homem-morre-apos-cair-e-bater-a-cabeca-em-Carinhanha.jpg\",\"contentUrl\":\"https:\/\/sudoesteacontece.com.br\/wp-content\/uploads\/2026\/03\/Homem-morre-apos-cair-e-bater-a-cabeca-em-Carinhanha.jpg\",\"width\":900,\"height\":600},{\"@type\":\"BreadcrumbList\",\"@id\":\"https:\/\/sudoesteacontece.com.br\/?p=10148#breadcrumb\",\"itemListElement\":[{\"@type\":\"ListItem\",\"position\":1,\"name\":\"In\u00edcio\",\"item\":\"https:\/\/sudoesteacontece.com.br\/\"},{\"@type\":\"ListItem\",\"position\":2,\"name\":\"Homem morre ap\u00f3s cair e bater a cabe\u00e7a em Carinhanha\"}]},{\"@type\":\"WebSite\",\"@id\":\"https:\/\/sudoesteacontece.com.br\/#website\",\"url\":\"https:\/\/sudoesteacontece.com.br\/\",\"name\":\"Sudoesteacontece\",\"description\":\"\",\"publisher\":{\"@id\":\"https:\/\/sudoesteacontece.com.br\/#organization\"},\"potentialAction\":[{\"@type\":\"SearchAction\",\"target\":{\"@type\":\"EntryPoint\",\"urlTemplate\":\"https:\/\/sudoesteacontece.com.br\/?s={search_term_string}\"},\"query-input\":{\"@type\":\"PropertyValueSpecification\",\"valueRequired\":true,\"valueName\":\"search_term_string\"}}],\"inLanguage\":\"pt-BR\"},{\"@type\":\"Organization\",\"@id\":\"https:\/\/sudoesteacontece.com.br\/#organization\",\"name\":\"Sudoesteacontece\",\"url\":\"https:\/\/sudoesteacontece.com.br\/\",\"logo\":{\"@type\":\"ImageObject\",\"inLanguage\":\"pt-BR\",\"@id\":\"https:\/\/sudoesteacontece.com.br\/#\/schema\/logo\/image\/\",\"url\":\"https:\/\/sudoesteacontece.com.br\/wp-content\/uploads\/2025\/12\/cropped-logo-2-180x180-1.png\",\"contentUrl\":\"https:\/\/sudoesteacontece.com.br\/wp-content\/uploads\/2025\/12\/cropped-logo-2-180x180-1.png\",\"width\":180,\"height\":180,\"caption\":\"Sudoesteacontece\"},\"image\":{\"@id\":\"https:\/\/sudoesteacontece.com.br\/#\/schema\/logo\/image\/\"},\"sameAs\":[\"https:\/\/www.facebook.com\/sudoesteacontece\/?locale=pt_BR\"]},{\"@type\":\"Person\",\"@id\":\"https:\/\/sudoesteacontece.com.br\/#\/schema\/person\/3cf2cf009926a9683ebc29d5379fa79c\",\"name\":\"Washington Tiago\",\"image\":{\"@type\":\"ImageObject\",\"inLanguage\":\"pt-BR\",\"@id\":\"https:\/\/sudoesteacontece.com.br\/#\/schema\/person\/image\/\",\"url\":\"https:\/\/secure.gravatar.com\/avatar\/33c43b8668157e040f9d1fe93c354bf087cbd8ba36270c1163198bd3ddcf2a56?s=96&d=mm&r=g\",\"contentUrl\":\"https:\/\/secure.gravatar.com\/avatar\/33c43b8668157e040f9d1fe93c354bf087cbd8ba36270c1163198bd3ddcf2a56?s=96&d=mm&r=g\",\"caption\":\"Washington Tiago\"},\"url\":\"https:\/\/sudoesteacontece.com.br\/?author=2\"}]}<\/script>\n<!-- \/ Yoast SEO plugin. -->","yoast_head_json":{"title":"Homem morre ap\u00f3s cair e bater a cabe\u00e7a em Carinhanha - Sudoesteacontece","robots":{"index":"index","follow":"follow","max-snippet":"max-snippet:-1","max-image-preview":"max-image-preview:large","max-video-preview":"max-video-preview:-1"},"canonical":"https:\/\/sudoesteacontece.com.br\/?p=10148","og_locale":"pt_BR","og_type":"article","og_title":"Homem morre ap\u00f3s cair e bater a cabe\u00e7a em Carinhanha - Sudoesteacontece","og_description":"Acidente na Rua das Flores, bairro Alto da Colina, em Carinhanha, resultou na morte de Isa\u00edas de Jesus Vieira, de 32 anos, conhecido como \u201cCoc\u00e3o\u201d. Vizinhos relataram que ele se desequilibrou enquanto seguia para comprar bebida alco\u00f3lica e bateu a cabe\u00e7a em estrutura de ferro e concreto. SAMU foi acionado e socorreu a v\u00edtima ao Hospital Municipal Maria Pereira Costa, mas \u00f3bito foi confirmado na unidade de sa\u00fade por volta das 16h20. Circunst\u00e2ncias do acidente ser\u00e3o investigadas pela Pol\u00edcia Civil, que iniciou apura\u00e7\u00e3o para esclarecer os fatos e confirmar como ocorreu a queda fatal. Familiares e vizinhos lamentaram a morte, destacando que Coc\u00e3o era conhecido na comunidade. Autoridades refor\u00e7am import\u00e2ncia de cuidados em locais com estruturas perigosas e alertam sobre riscos de acidentes dom\u00e9sticos ou em vias p\u00fablicas, principalmente envolvendo consumo de \u00e1lcool e ambientes com irregularidades f\u00edsicas. Comunidade local acompanha investiga\u00e7\u00f5es e aguarda esclarecimentos oficiais. Pol\u00edcia Civil informou que, ap\u00f3s per\u00edcia e levantamento do local, tomar\u00e1 as medidas legais necess\u00e1rias. Caso refor\u00e7a aten\u00e7\u00e3o \u00e0 seguran\u00e7a em \u00e1reas urbanas e preven\u00e7\u00e3o de acidentes com v\u00edtimas fatais.","og_url":"https:\/\/sudoesteacontece.com.br\/?p=10148","og_site_name":"Sudoesteacontece","article_publisher":"https:\/\/www.facebook.com\/sudoesteacontece\/?locale=pt_BR","article_published_time":"2026-03-12T15:47:26+00:00","article_modified_time":"2026-03-12T15:47:31+00:00","og_image":[{"url":"http:\/\/sudoesteacontece.com.br\/wp-content\/uploads\/2026\/03\/Homem-morre-apos-cair-e-bater-a-cabeca-em-Carinhanha.jpg","type":"","width":"","height":""}],"author":"Washington Tiago","twitter_card":"summary_large_image","twitter_misc":{"Escrito por":"Washington Tiago","Est. tempo de leitura":"2 minutos"},"schema":{"@context":"https:\/\/schema.org","@graph":[{"@type":"Article","@id":"https:\/\/sudoesteacontece.com.br\/?p=10148#article","isPartOf":{"@id":"https:\/\/sudoesteacontece.com.br\/?p=10148"},"author":{"name":"Washington Tiago","@id":"https:\/\/sudoesteacontece.com.br\/#\/schema\/person\/3cf2cf009926a9683ebc29d5379fa79c"},"headline":"Homem morre ap\u00f3s cair e bater a cabe\u00e7a em Carinhanha","datePublished":"2026-03-12T15:47:26+00:00","dateModified":"2026-03-12T15:47:31+00:00","mainEntityOfPage":{"@id":"https:\/\/sudoesteacontece.com.br\/?p=10148"},"wordCount":212,"commentCount":0,"publisher":{"@id":"https:\/\/sudoesteacontece.com.br\/#organization"},"image":{"@id":"https:\/\/sudoesteacontece.com.br\/?p=10148#primaryimage"},"thumbnailUrl":"http:\/\/sudoesteacontece.com.br\/wp-content\/uploads\/2026\/03\/Homem-morre-apos-cair-e-bater-a-cabeca-em-Carinhanha.jpg","articleSection":["Carinhanha","Cidades"],"inLanguage":"pt-BR","potentialAction":[{"@type":"CommentAction","name":"Comment","target":["https:\/\/sudoesteacontece.com.br\/?p=10148#respond"]}]},{"@type":"WebPage","@id":"https:\/\/sudoesteacontece.com.br\/?p=10148","url":"https:\/\/sudoesteacontece.com.br\/?p=10148","name":"Homem morre ap\u00f3s cair e bater a cabe\u00e7a em Carinhanha - Sudoesteacontece","isPartOf":{"@id":"https:\/\/sudoesteacontece.com.br\/#website"},"primaryImageOfPage":{"@id":"https:\/\/sudoesteacontece.com.br\/?p=10148#primaryimage"},"image":{"@id":"https:\/\/sudoesteacontece.com.br\/?p=10148#primaryimage"},"thumbnailUrl":"http:\/\/sudoesteacontece.com.br\/wp-content\/uploads\/2026\/03\/Homem-morre-apos-cair-e-bater-a-cabeca-em-Carinhanha.jpg","datePublished":"2026-03-12T15:47:26+00:00","dateModified":"2026-03-12T15:47:31+00:00","breadcrumb":{"@id":"https:\/\/sudoesteacontece.com.br\/?p=10148#breadcrumb"},"inLanguage":"pt-BR","potentialAction":[{"@type":"ReadAction","target":["https:\/\/sudoesteacontece.com.br\/?p=10148"]}]},{"@type":"ImageObject","inLanguage":"pt-BR","@id":"https:\/\/sudoesteacontece.com.br\/?p=10148#primaryimage","url":"https:\/\/sudoesteacontece.com.br\/wp-content\/uploads\/2026\/03\/Homem-morre-apos-cair-e-bater-a-cabeca-em-Carinhanha.jpg","contentUrl":"https:\/\/sudoesteacontece.com.br\/wp-content\/uploads\/2026\/03\/Homem-morre-apos-cair-e-bater-a-cabeca-em-Carinhanha.jpg","width":900,"height":600},{"@type":"BreadcrumbList","@id":"https:\/\/sudoesteacontece.com.br\/?p=10148#breadcrumb","itemListElement":[{"@type":"ListItem","position":1,"name":"In\u00edcio","item":"https:\/\/sudoesteacontece.com.br\/"},{"@type":"ListItem","position":2,"name":"Homem morre ap\u00f3s cair e bater a cabe\u00e7a em Carinhanha"}]},{"@type":"WebSite","@id":"https:\/\/sudoesteacontece.com.br\/#website","url":"https:\/\/sudoesteacontece.com.br\/","name":"Sudoesteacontece","description":"","publisher":{"@id":"https:\/\/sudoesteacontece.com.br\/#organization"},"potentialAction":[{"@type":"SearchAction","target":{"@type":"EntryPoint","urlTemplate":"https:\/\/sudoesteacontece.com.br\/?s={search_term_string}"},"query-input":{"@type":"PropertyValueSpecification","valueRequired":true,"valueName":"search_term_string"}}],"inLanguage":"pt-BR"},{"@type":"Organization","@id":"https:\/\/sudoesteacontece.com.br\/#organization","name":"Sudoesteacontece","url":"https:\/\/sudoesteacontece.com.br\/","logo":{"@type":"ImageObject","inLanguage":"pt-BR","@id":"https:\/\/sudoesteacontece.com.br\/#\/schema\/logo\/image\/","url":"https:\/\/sudoesteacontece.com.br\/wp-content\/uploads\/2025\/12\/cropped-logo-2-180x180-1.png","contentUrl":"https:\/\/sudoesteacontece.com.br\/wp-content\/uploads\/2025\/12\/cropped-logo-2-180x180-1.png","width":180,"height":180,"caption":"Sudoesteacontece"},"image":{"@id":"https:\/\/sudoesteacontece.com.br\/#\/schema\/logo\/image\/"},"sameAs":["https:\/\/www.facebook.com\/sudoesteacontece\/?locale=pt_BR"]},{"@type":"Person","@id":"https:\/\/sudoesteacontece.com.br\/#\/schema\/person\/3cf2cf009926a9683ebc29d5379fa79c","name":"Washington Tiago","image":{"@type":"ImageObject","inLanguage":"pt-BR","@id":"https:\/\/sudoesteacontece.com.br\/#\/schema\/person\/image\/","url":"https:\/\/secure.gravatar.com\/avatar\/33c43b8668157e040f9d1fe93c354bf087cbd8ba36270c1163198bd3ddcf2a56?s=96&d=mm&r=g","contentUrl":"https:\/\/secure.gravatar.com\/avatar\/33c43b8668157e040f9d1fe93c354bf087cbd8ba36270c1163198bd3ddcf2a56?s=96&d=mm&r=g","caption":"Washington Tiago"},"url":"https:\/\/sudoesteacontece.com.br\/?author=2"}]}},"_links":{"self":[{"href":"https:\/\/sudoesteacontece.com.br\/index.php?rest_route=\/wp\/v2\/posts\/10148","targetHints":{"allow":["GET"]}}],"collection":[{"href":"https:\/\/sudoesteacontece.com.br\/index.php?rest_route=\/wp\/v2\/posts"}],"about":[{"href":"https:\/\/sudoesteacontece.com.br\/index.php?rest_route=\/wp\/v2\/types\/post"}],"author":[{"embeddable":true,"href":"https:\/\/sudoesteacontece.com.br\/index.php?rest_route=\/wp\/v2\/users\/2"}],"replies":[{"embeddable":true,"href":"https:\/\/sudoesteacontece.com.br\/index.php?rest_route=%2Fwp%2Fv2%2Fcomments&post=10148"}],"version-history":[{"count":0,"href":"https:\/\/sudoesteacontece.com.br\/index.php?rest_route=\/wp\/v2\/posts\/10148\/revisions"}],"wp:attachment":[{"href":"https:\/\/sudoesteacontece.com.br\/index.php?rest_route=%2Fwp%2Fv2%2Fmedia&parent=10148"}],"wp:term":[{"taxonomy":"category","embeddable":true,"href":"https:\/\/sudoesteacontece.com.br\/index.php?rest_route=%2Fwp%2Fv2%2Fcategories&post=10148"},{"taxonomy":"post_tag","embeddable":true,"href":"https:\/\/sudoesteacontece.com.br\/index.php?rest_route=%2Fwp%2Fv2%2Ftags&post=10148"}],"curies":[{"name":"wp","href":"https:\/\/api.w.org\/{rel}","templated":true}]}}