{"id":10158,"date":"2026-03-12T16:04:49","date_gmt":"2026-03-12T19:04:49","guid":{"rendered":"https:\/\/sudoesteacontece.com.br\/?p=10158"},"modified":"2026-03-12T16:04:54","modified_gmt":"2026-03-12T19:04:54","slug":"dois-jovens-morrem-afogados-em-lagoa-de-candido-sales-comunidade-lamenta-tragedia","status":"publish","type":"post","link":"https:\/\/sudoesteacontece.com.br\/?p=10158","title":{"rendered":"Dois jovens morrem afogados em lagoa de C\u00e2ndido Sales; comunidade lamenta trag\u00e9dia"},"content":{"rendered":"<div class=\"wp-block-image\">\n<figure class=\"aligncenter size-full\"><img fetchpriority=\"high\" decoding=\"async\" width=\"900\" height=\"600\" src=\"http:\/\/sudoesteacontece.com.br\/wp-content\/uploads\/2026\/03\/Dois-jovens-morrem-afogados-em-lagoa-de-Candido-Sales-comunidade-lamenta-tragedia.jpg\" alt=\"\" class=\"wp-image-10163\" srcset=\"https:\/\/sudoesteacontece.com.br\/wp-content\/uploads\/2026\/03\/Dois-jovens-morrem-afogados-em-lagoa-de-Candido-Sales-comunidade-lamenta-tragedia.jpg 900w, https:\/\/sudoesteacontece.com.br\/wp-content\/uploads\/2026\/03\/Dois-jovens-morrem-afogados-em-lagoa-de-Candido-Sales-comunidade-lamenta-tragedia-300x200.jpg 300w, https:\/\/sudoesteacontece.com.br\/wp-content\/uploads\/2026\/03\/Dois-jovens-morrem-afogados-em-lagoa-de-Candido-Sales-comunidade-lamenta-tragedia-768x512.jpg 768w\" sizes=\"(max-width: 900px) 100vw, 900px\" \/><\/figure>\n<\/div>\n\n\n<p>Tarde de lazer terminou em trag\u00e9dia no distrito de Lagoa Grande, zona rural de C\u00e2ndido Sales, nesta quarta-feira (11). Dois jovens submergiram em lagoa local e desapareceram nas \u00e1guas, mobilizando imediatamente equipes da Pol\u00edcia Civil, Militar e Corpo de Bombeiros, que iniciaram buscas intensas.<\/p>\n\n\n\n<p>Populares que auxiliavam na opera\u00e7\u00e3o de resgate localizaram os corpos sem vida. Uma das v\u00edtimas foi identificada como Daniel Pereira Santos, de 26 anos, enquanto o segundo jovem ainda aguarda confirma\u00e7\u00e3o de identidade oficial. Autoridades ressaltaram esfor\u00e7o conjunto para resgate e atendimento \u00e0 comunidade local.<\/p>\n\n\n\n<p>Departamento de Pol\u00edcia T\u00e9cnica (DPT) de Vit\u00f3ria da Conquista realizou per\u00edcia no local e removeu os corpos para o Instituto M\u00e9dico Legal (IML). Ap\u00f3s exames de necropsia, corpos ser\u00e3o liberados aos familiares para atos f\u00fanebres, enquanto investiga\u00e7\u00e3o preliminar considera o acidente uma fatalidade, sem ind\u00edcios de crime.<\/p>\n\n\n\n<p>Trag\u00e9dia gerou grande como\u00e7\u00e3o na comunidade de Lagoa Grande. Moradores destacaram o impacto da perda e refor\u00e7aram import\u00e2ncia de cuidados ao frequentar lagoas e locais de lazer em \u00e1reas rurais, alertando sobre riscos de afogamento e necessidade de supervis\u00e3o adequada.<\/p>\n","protected":false},"excerpt":{"rendered":"<p>Tarde de lazer terminou em trag\u00e9dia no distrito de Lagoa Grande, zona rural de C\u00e2ndido Sales, nesta quarta-feira (11). Dois jovens submergiram em lagoa local e desapareceram nas \u00e1guas, mobilizando imediatamente equipes da Pol\u00edcia Civil, Militar e Corpo de Bombeiros, que iniciaram buscas intensas. Populares que auxiliavam na opera\u00e7\u00e3o de resgate localizaram os corpos sem vida. Uma das v\u00edtimas foi identificada como Daniel Pereira Santos, de 26 anos, enquanto o segundo jovem ainda aguarda confirma\u00e7\u00e3o de identidade oficial. Autoridades ressaltaram esfor\u00e7o conjunto para resgate e atendimento \u00e0 comunidade local. Departamento de Pol\u00edcia T\u00e9cnica (DPT) de Vit\u00f3ria da Conquista realizou per\u00edcia no local e removeu os corpos para o Instituto M\u00e9dico Legal (IML). Ap\u00f3s exames de necropsia, corpos ser\u00e3o liberados aos familiares para atos f\u00fanebres, enquanto investiga\u00e7\u00e3o preliminar considera o acidente uma fatalidade, sem ind\u00edcios de crime. Trag\u00e9dia gerou grande como\u00e7\u00e3o na comunidade de Lagoa Grande. Moradores destacaram o impacto da perda e refor\u00e7aram import\u00e2ncia de cuidados ao frequentar lagoas e locais de lazer em \u00e1reas rurais, alertando sobre riscos de afogamento e necessidade de supervis\u00e3o adequada.<\/p>\n","protected":false},"author":1,"featured_media":0,"comment_status":"open","ping_status":"open","sticky":false,"template":"","format":"standard","meta":{"footnotes":""},"categories":[103,4],"tags":[],"class_list":["post-10158","post","type-post","status-publish","format-standard","hentry","category-candido-sales","category-cidades"],"yoast_head":"<!-- This site is optimized with the Yoast SEO plugin v26.5 - https:\/\/yoast.com\/wordpress\/plugins\/seo\/ -->\n<title>Dois jovens morrem afogados em lagoa de C\u00e2ndido Sales; comunidade lamenta trag\u00e9dia - Sudoesteacontece<\/title>\n<meta name=\"robots\" content=\"index, follow, max-snippet:-1, max-image-preview:large, max-video-preview:-1\" \/>\n<link rel=\"canonical\" href=\"https:\/\/sudoesteacontece.com.br\/?p=10158\" \/>\n<meta property=\"og:locale\" content=\"pt_BR\" \/>\n<meta property=\"og:type\" content=\"article\" \/>\n<meta property=\"og:title\" content=\"Dois jovens morrem afogados em lagoa de C\u00e2ndido Sales; comunidade lamenta trag\u00e9dia - Sudoesteacontece\" \/>\n<meta property=\"og:description\" content=\"Tarde de lazer terminou em trag\u00e9dia no distrito de Lagoa Grande, zona rural de C\u00e2ndido Sales, nesta quarta-feira (11). Dois jovens submergiram em lagoa local e desapareceram nas \u00e1guas, mobilizando imediatamente equipes da Pol\u00edcia Civil, Militar e Corpo de Bombeiros, que iniciaram buscas intensas. Populares que auxiliavam na opera\u00e7\u00e3o de resgate localizaram os corpos sem vida. Uma das v\u00edtimas foi identificada como Daniel Pereira Santos, de 26 anos, enquanto o segundo jovem ainda aguarda confirma\u00e7\u00e3o de identidade oficial. Autoridades ressaltaram esfor\u00e7o conjunto para resgate e atendimento \u00e0 comunidade local. Departamento de Pol\u00edcia T\u00e9cnica (DPT) de Vit\u00f3ria da Conquista realizou per\u00edcia no local e removeu os corpos para o Instituto M\u00e9dico Legal (IML). Ap\u00f3s exames de necropsia, corpos ser\u00e3o liberados aos familiares para atos f\u00fanebres, enquanto investiga\u00e7\u00e3o preliminar considera o acidente uma fatalidade, sem ind\u00edcios de crime. Trag\u00e9dia gerou grande como\u00e7\u00e3o na comunidade de Lagoa Grande. Moradores destacaram o impacto da perda e refor\u00e7aram import\u00e2ncia de cuidados ao frequentar lagoas e locais de lazer em \u00e1reas rurais, alertando sobre riscos de afogamento e necessidade de supervis\u00e3o adequada.\" \/>\n<meta property=\"og:url\" content=\"https:\/\/sudoesteacontece.com.br\/?p=10158\" \/>\n<meta property=\"og:site_name\" content=\"Sudoesteacontece\" \/>\n<meta property=\"article:publisher\" content=\"https:\/\/www.facebook.com\/sudoesteacontece\/?locale=pt_BR\" \/>\n<meta property=\"article:published_time\" content=\"2026-03-12T19:04:49+00:00\" \/>\n<meta property=\"article:modified_time\" content=\"2026-03-12T19:04:54+00:00\" \/>\n<meta property=\"og:image\" content=\"http:\/\/sudoesteacontece.com.br\/wp-content\/uploads\/2026\/03\/Dois-jovens-morrem-afogados-em-lagoa-de-Candido-Sales-comunidade-lamenta-tragedia.jpg\" \/>\n<meta name=\"author\" content=\"sudoesteacontece\" \/>\n<meta name=\"twitter:card\" content=\"summary_large_image\" \/>\n<meta name=\"twitter:label1\" content=\"Escrito por\" \/>\n\t<meta name=\"twitter:data1\" content=\"sudoesteacontece\" \/>\n\t<meta name=\"twitter:label2\" content=\"Est. tempo de leitura\" \/>\n\t<meta name=\"twitter:data2\" content=\"2 minutos\" \/>\n<script type=\"application\/ld+json\" class=\"yoast-schema-graph\">{\"@context\":\"https:\/\/schema.org\",\"@graph\":[{\"@type\":\"Article\",\"@id\":\"https:\/\/sudoesteacontece.com.br\/?p=10158#article\",\"isPartOf\":{\"@id\":\"https:\/\/sudoesteacontece.com.br\/?p=10158\"},\"author\":{\"name\":\"sudoesteacontece\",\"@id\":\"https:\/\/sudoesteacontece.com.br\/#\/schema\/person\/f4b00cd0a26ac17646f19707cdceb2ce\"},\"headline\":\"Dois jovens morrem afogados em lagoa de C\u00e2ndido Sales; comunidade lamenta trag\u00e9dia\",\"datePublished\":\"2026-03-12T19:04:49+00:00\",\"dateModified\":\"2026-03-12T19:04:54+00:00\",\"mainEntityOfPage\":{\"@id\":\"https:\/\/sudoesteacontece.com.br\/?p=10158\"},\"wordCount\":209,\"commentCount\":0,\"publisher\":{\"@id\":\"https:\/\/sudoesteacontece.com.br\/#organization\"},\"image\":{\"@id\":\"https:\/\/sudoesteacontece.com.br\/?p=10158#primaryimage\"},\"thumbnailUrl\":\"http:\/\/sudoesteacontece.com.br\/wp-content\/uploads\/2026\/03\/Dois-jovens-morrem-afogados-em-lagoa-de-Candido-Sales-comunidade-lamenta-tragedia.jpg\",\"articleSection\":[\"C\u00e2ndido Sales\",\"Cidades\"],\"inLanguage\":\"pt-BR\",\"potentialAction\":[{\"@type\":\"CommentAction\",\"name\":\"Comment\",\"target\":[\"https:\/\/sudoesteacontece.com.br\/?p=10158#respond\"]}]},{\"@type\":\"WebPage\",\"@id\":\"https:\/\/sudoesteacontece.com.br\/?p=10158\",\"url\":\"https:\/\/sudoesteacontece.com.br\/?p=10158\",\"name\":\"Dois jovens morrem afogados em lagoa de C\u00e2ndido Sales; comunidade lamenta trag\u00e9dia - Sudoesteacontece\",\"isPartOf\":{\"@id\":\"https:\/\/sudoesteacontece.com.br\/#website\"},\"primaryImageOfPage\":{\"@id\":\"https:\/\/sudoesteacontece.com.br\/?p=10158#primaryimage\"},\"image\":{\"@id\":\"https:\/\/sudoesteacontece.com.br\/?p=10158#primaryimage\"},\"thumbnailUrl\":\"http:\/\/sudoesteacontece.com.br\/wp-content\/uploads\/2026\/03\/Dois-jovens-morrem-afogados-em-lagoa-de-Candido-Sales-comunidade-lamenta-tragedia.jpg\",\"datePublished\":\"2026-03-12T19:04:49+00:00\",\"dateModified\":\"2026-03-12T19:04:54+00:00\",\"breadcrumb\":{\"@id\":\"https:\/\/sudoesteacontece.com.br\/?p=10158#breadcrumb\"},\"inLanguage\":\"pt-BR\",\"potentialAction\":[{\"@type\":\"ReadAction\",\"target\":[\"https:\/\/sudoesteacontece.com.br\/?p=10158\"]}]},{\"@type\":\"ImageObject\",\"inLanguage\":\"pt-BR\",\"@id\":\"https:\/\/sudoesteacontece.com.br\/?p=10158#primaryimage\",\"url\":\"https:\/\/sudoesteacontece.com.br\/wp-content\/uploads\/2026\/03\/Dois-jovens-morrem-afogados-em-lagoa-de-Candido-Sales-comunidade-lamenta-tragedia.jpg\",\"contentUrl\":\"https:\/\/sudoesteacontece.com.br\/wp-content\/uploads\/2026\/03\/Dois-jovens-morrem-afogados-em-lagoa-de-Candido-Sales-comunidade-lamenta-tragedia.jpg\",\"width\":900,\"height\":600},{\"@type\":\"BreadcrumbList\",\"@id\":\"https:\/\/sudoesteacontece.com.br\/?p=10158#breadcrumb\",\"itemListElement\":[{\"@type\":\"ListItem\",\"position\":1,\"name\":\"In\u00edcio\",\"item\":\"https:\/\/sudoesteacontece.com.br\/\"},{\"@type\":\"ListItem\",\"position\":2,\"name\":\"Dois jovens morrem afogados em lagoa de C\u00e2ndido Sales; comunidade lamenta trag\u00e9dia\"}]},{\"@type\":\"WebSite\",\"@id\":\"https:\/\/sudoesteacontece.com.br\/#website\",\"url\":\"https:\/\/sudoesteacontece.com.br\/\",\"name\":\"Sudoesteacontece\",\"description\":\"\",\"publisher\":{\"@id\":\"https:\/\/sudoesteacontece.com.br\/#organization\"},\"potentialAction\":[{\"@type\":\"SearchAction\",\"target\":{\"@type\":\"EntryPoint\",\"urlTemplate\":\"https:\/\/sudoesteacontece.com.br\/?s={search_term_string}\"},\"query-input\":{\"@type\":\"PropertyValueSpecification\",\"valueRequired\":true,\"valueName\":\"search_term_string\"}}],\"inLanguage\":\"pt-BR\"},{\"@type\":\"Organization\",\"@id\":\"https:\/\/sudoesteacontece.com.br\/#organization\",\"name\":\"Sudoesteacontece\",\"url\":\"https:\/\/sudoesteacontece.com.br\/\",\"logo\":{\"@type\":\"ImageObject\",\"inLanguage\":\"pt-BR\",\"@id\":\"https:\/\/sudoesteacontece.com.br\/#\/schema\/logo\/image\/\",\"url\":\"https:\/\/sudoesteacontece.com.br\/wp-content\/uploads\/2025\/12\/cropped-logo-2-180x180-1.png\",\"contentUrl\":\"https:\/\/sudoesteacontece.com.br\/wp-content\/uploads\/2025\/12\/cropped-logo-2-180x180-1.png\",\"width\":180,\"height\":180,\"caption\":\"Sudoesteacontece\"},\"image\":{\"@id\":\"https:\/\/sudoesteacontece.com.br\/#\/schema\/logo\/image\/\"},\"sameAs\":[\"https:\/\/www.facebook.com\/sudoesteacontece\/?locale=pt_BR\"]},{\"@type\":\"Person\",\"@id\":\"https:\/\/sudoesteacontece.com.br\/#\/schema\/person\/f4b00cd0a26ac17646f19707cdceb2ce\",\"name\":\"sudoesteacontece\",\"image\":{\"@type\":\"ImageObject\",\"inLanguage\":\"pt-BR\",\"@id\":\"https:\/\/sudoesteacontece.com.br\/#\/schema\/person\/image\/\",\"url\":\"https:\/\/secure.gravatar.com\/avatar\/704557d1f79b454f041f9e5935f2b0e8393614e97e537fc508d1d628292cacfd?s=96&d=mm&r=g\",\"contentUrl\":\"https:\/\/secure.gravatar.com\/avatar\/704557d1f79b454f041f9e5935f2b0e8393614e97e537fc508d1d628292cacfd?s=96&d=mm&r=g\",\"caption\":\"sudoesteacontece\"},\"sameAs\":[\"http:\/\/sudoesteacontece.com.br\"],\"url\":\"https:\/\/sudoesteacontece.com.br\/?author=1\"}]}<\/script>\n<!-- \/ Yoast SEO plugin. -->","yoast_head_json":{"title":"Dois jovens morrem afogados em lagoa de C\u00e2ndido Sales; comunidade lamenta trag\u00e9dia - Sudoesteacontece","robots":{"index":"index","follow":"follow","max-snippet":"max-snippet:-1","max-image-preview":"max-image-preview:large","max-video-preview":"max-video-preview:-1"},"canonical":"https:\/\/sudoesteacontece.com.br\/?p=10158","og_locale":"pt_BR","og_type":"article","og_title":"Dois jovens morrem afogados em lagoa de C\u00e2ndido Sales; comunidade lamenta trag\u00e9dia - Sudoesteacontece","og_description":"Tarde de lazer terminou em trag\u00e9dia no distrito de Lagoa Grande, zona rural de C\u00e2ndido Sales, nesta quarta-feira (11). Dois jovens submergiram em lagoa local e desapareceram nas \u00e1guas, mobilizando imediatamente equipes da Pol\u00edcia Civil, Militar e Corpo de Bombeiros, que iniciaram buscas intensas. Populares que auxiliavam na opera\u00e7\u00e3o de resgate localizaram os corpos sem vida. Uma das v\u00edtimas foi identificada como Daniel Pereira Santos, de 26 anos, enquanto o segundo jovem ainda aguarda confirma\u00e7\u00e3o de identidade oficial. Autoridades ressaltaram esfor\u00e7o conjunto para resgate e atendimento \u00e0 comunidade local. Departamento de Pol\u00edcia T\u00e9cnica (DPT) de Vit\u00f3ria da Conquista realizou per\u00edcia no local e removeu os corpos para o Instituto M\u00e9dico Legal (IML). Ap\u00f3s exames de necropsia, corpos ser\u00e3o liberados aos familiares para atos f\u00fanebres, enquanto investiga\u00e7\u00e3o preliminar considera o acidente uma fatalidade, sem ind\u00edcios de crime. Trag\u00e9dia gerou grande como\u00e7\u00e3o na comunidade de Lagoa Grande. Moradores destacaram o impacto da perda e refor\u00e7aram import\u00e2ncia de cuidados ao frequentar lagoas e locais de lazer em \u00e1reas rurais, alertando sobre riscos de afogamento e necessidade de supervis\u00e3o adequada.","og_url":"https:\/\/sudoesteacontece.com.br\/?p=10158","og_site_name":"Sudoesteacontece","article_publisher":"https:\/\/www.facebook.com\/sudoesteacontece\/?locale=pt_BR","article_published_time":"2026-03-12T19:04:49+00:00","article_modified_time":"2026-03-12T19:04:54+00:00","og_image":[{"url":"http:\/\/sudoesteacontece.com.br\/wp-content\/uploads\/2026\/03\/Dois-jovens-morrem-afogados-em-lagoa-de-Candido-Sales-comunidade-lamenta-tragedia.jpg","type":"","width":"","height":""}],"author":"sudoesteacontece","twitter_card":"summary_large_image","twitter_misc":{"Escrito por":"sudoesteacontece","Est. tempo de leitura":"2 minutos"},"schema":{"@context":"https:\/\/schema.org","@graph":[{"@type":"Article","@id":"https:\/\/sudoesteacontece.com.br\/?p=10158#article","isPartOf":{"@id":"https:\/\/sudoesteacontece.com.br\/?p=10158"},"author":{"name":"sudoesteacontece","@id":"https:\/\/sudoesteacontece.com.br\/#\/schema\/person\/f4b00cd0a26ac17646f19707cdceb2ce"},"headline":"Dois jovens morrem afogados em lagoa de C\u00e2ndido Sales; comunidade lamenta trag\u00e9dia","datePublished":"2026-03-12T19:04:49+00:00","dateModified":"2026-03-12T19:04:54+00:00","mainEntityOfPage":{"@id":"https:\/\/sudoesteacontece.com.br\/?p=10158"},"wordCount":209,"commentCount":0,"publisher":{"@id":"https:\/\/sudoesteacontece.com.br\/#organization"},"image":{"@id":"https:\/\/sudoesteacontece.com.br\/?p=10158#primaryimage"},"thumbnailUrl":"http:\/\/sudoesteacontece.com.br\/wp-content\/uploads\/2026\/03\/Dois-jovens-morrem-afogados-em-lagoa-de-Candido-Sales-comunidade-lamenta-tragedia.jpg","articleSection":["C\u00e2ndido Sales","Cidades"],"inLanguage":"pt-BR","potentialAction":[{"@type":"CommentAction","name":"Comment","target":["https:\/\/sudoesteacontece.com.br\/?p=10158#respond"]}]},{"@type":"WebPage","@id":"https:\/\/sudoesteacontece.com.br\/?p=10158","url":"https:\/\/sudoesteacontece.com.br\/?p=10158","name":"Dois jovens morrem afogados em lagoa de C\u00e2ndido Sales; comunidade lamenta trag\u00e9dia - Sudoesteacontece","isPartOf":{"@id":"https:\/\/sudoesteacontece.com.br\/#website"},"primaryImageOfPage":{"@id":"https:\/\/sudoesteacontece.com.br\/?p=10158#primaryimage"},"image":{"@id":"https:\/\/sudoesteacontece.com.br\/?p=10158#primaryimage"},"thumbnailUrl":"http:\/\/sudoesteacontece.com.br\/wp-content\/uploads\/2026\/03\/Dois-jovens-morrem-afogados-em-lagoa-de-Candido-Sales-comunidade-lamenta-tragedia.jpg","datePublished":"2026-03-12T19:04:49+00:00","dateModified":"2026-03-12T19:04:54+00:00","breadcrumb":{"@id":"https:\/\/sudoesteacontece.com.br\/?p=10158#breadcrumb"},"inLanguage":"pt-BR","potentialAction":[{"@type":"ReadAction","target":["https:\/\/sudoesteacontece.com.br\/?p=10158"]}]},{"@type":"ImageObject","inLanguage":"pt-BR","@id":"https:\/\/sudoesteacontece.com.br\/?p=10158#primaryimage","url":"https:\/\/sudoesteacontece.com.br\/wp-content\/uploads\/2026\/03\/Dois-jovens-morrem-afogados-em-lagoa-de-Candido-Sales-comunidade-lamenta-tragedia.jpg","contentUrl":"https:\/\/sudoesteacontece.com.br\/wp-content\/uploads\/2026\/03\/Dois-jovens-morrem-afogados-em-lagoa-de-Candido-Sales-comunidade-lamenta-tragedia.jpg","width":900,"height":600},{"@type":"BreadcrumbList","@id":"https:\/\/sudoesteacontece.com.br\/?p=10158#breadcrumb","itemListElement":[{"@type":"ListItem","position":1,"name":"In\u00edcio","item":"https:\/\/sudoesteacontece.com.br\/"},{"@type":"ListItem","position":2,"name":"Dois jovens morrem afogados em lagoa de C\u00e2ndido Sales; comunidade lamenta trag\u00e9dia"}]},{"@type":"WebSite","@id":"https:\/\/sudoesteacontece.com.br\/#website","url":"https:\/\/sudoesteacontece.com.br\/","name":"Sudoesteacontece","description":"","publisher":{"@id":"https:\/\/sudoesteacontece.com.br\/#organization"},"potentialAction":[{"@type":"SearchAction","target":{"@type":"EntryPoint","urlTemplate":"https:\/\/sudoesteacontece.com.br\/?s={search_term_string}"},"query-input":{"@type":"PropertyValueSpecification","valueRequired":true,"valueName":"search_term_string"}}],"inLanguage":"pt-BR"},{"@type":"Organization","@id":"https:\/\/sudoesteacontece.com.br\/#organization","name":"Sudoesteacontece","url":"https:\/\/sudoesteacontece.com.br\/","logo":{"@type":"ImageObject","inLanguage":"pt-BR","@id":"https:\/\/sudoesteacontece.com.br\/#\/schema\/logo\/image\/","url":"https:\/\/sudoesteacontece.com.br\/wp-content\/uploads\/2025\/12\/cropped-logo-2-180x180-1.png","contentUrl":"https:\/\/sudoesteacontece.com.br\/wp-content\/uploads\/2025\/12\/cropped-logo-2-180x180-1.png","width":180,"height":180,"caption":"Sudoesteacontece"},"image":{"@id":"https:\/\/sudoesteacontece.com.br\/#\/schema\/logo\/image\/"},"sameAs":["https:\/\/www.facebook.com\/sudoesteacontece\/?locale=pt_BR"]},{"@type":"Person","@id":"https:\/\/sudoesteacontece.com.br\/#\/schema\/person\/f4b00cd0a26ac17646f19707cdceb2ce","name":"sudoesteacontece","image":{"@type":"ImageObject","inLanguage":"pt-BR","@id":"https:\/\/sudoesteacontece.com.br\/#\/schema\/person\/image\/","url":"https:\/\/secure.gravatar.com\/avatar\/704557d1f79b454f041f9e5935f2b0e8393614e97e537fc508d1d628292cacfd?s=96&d=mm&r=g","contentUrl":"https:\/\/secure.gravatar.com\/avatar\/704557d1f79b454f041f9e5935f2b0e8393614e97e537fc508d1d628292cacfd?s=96&d=mm&r=g","caption":"sudoesteacontece"},"sameAs":["http:\/\/sudoesteacontece.com.br"],"url":"https:\/\/sudoesteacontece.com.br\/?author=1"}]}},"_links":{"self":[{"href":"https:\/\/sudoesteacontece.com.br\/index.php?rest_route=\/wp\/v2\/posts\/10158","targetHints":{"allow":["GET"]}}],"collection":[{"href":"https:\/\/sudoesteacontece.com.br\/index.php?rest_route=\/wp\/v2\/posts"}],"about":[{"href":"https:\/\/sudoesteacontece.com.br\/index.php?rest_route=\/wp\/v2\/types\/post"}],"author":[{"embeddable":true,"href":"https:\/\/sudoesteacontece.com.br\/index.php?rest_route=\/wp\/v2\/users\/1"}],"replies":[{"embeddable":true,"href":"https:\/\/sudoesteacontece.com.br\/index.php?rest_route=%2Fwp%2Fv2%2Fcomments&post=10158"}],"version-history":[{"count":0,"href":"https:\/\/sudoesteacontece.com.br\/index.php?rest_route=\/wp\/v2\/posts\/10158\/revisions"}],"wp:attachment":[{"href":"https:\/\/sudoesteacontece.com.br\/index.php?rest_route=%2Fwp%2Fv2%2Fmedia&parent=10158"}],"wp:term":[{"taxonomy":"category","embeddable":true,"href":"https:\/\/sudoesteacontece.com.br\/index.php?rest_route=%2Fwp%2Fv2%2Fcategories&post=10158"},{"taxonomy":"post_tag","embeddable":true,"href":"https:\/\/sudoesteacontece.com.br\/index.php?rest_route=%2Fwp%2Fv2%2Ftags&post=10158"}],"curies":[{"name":"wp","href":"https:\/\/api.w.org\/{rel}","templated":true}]}}