{"id":10159,"date":"2026-03-12T16:06:47","date_gmt":"2026-03-12T19:06:47","guid":{"rendered":"https:\/\/sudoesteacontece.com.br\/?p=10159"},"modified":"2026-03-12T16:06:51","modified_gmt":"2026-03-12T19:06:51","slug":"milsinho-toque-dez-confirmado-na-expo-riacho-2026-em-riacho-de-santana","status":"publish","type":"post","link":"https:\/\/sudoesteacontece.com.br\/?p=10159","title":{"rendered":"Milsinho Toque Dez confirmado na Expo Riacho 2026 em Riacho de Santana"},"content":{"rendered":"<div class=\"wp-block-image\">\n<figure class=\"aligncenter size-full\"><img fetchpriority=\"high\" decoding=\"async\" width=\"900\" height=\"600\" src=\"http:\/\/sudoesteacontece.com.br\/wp-content\/uploads\/2026\/03\/Milsinho-Toque-Dez-confirmado-na-Expo-Riacho-2026-em-Riacho-de-Santana.jpg\" alt=\"\" class=\"wp-image-10165\" srcset=\"https:\/\/sudoesteacontece.com.br\/wp-content\/uploads\/2026\/03\/Milsinho-Toque-Dez-confirmado-na-Expo-Riacho-2026-em-Riacho-de-Santana.jpg 900w, https:\/\/sudoesteacontece.com.br\/wp-content\/uploads\/2026\/03\/Milsinho-Toque-Dez-confirmado-na-Expo-Riacho-2026-em-Riacho-de-Santana-300x200.jpg 300w, https:\/\/sudoesteacontece.com.br\/wp-content\/uploads\/2026\/03\/Milsinho-Toque-Dez-confirmado-na-Expo-Riacho-2026-em-Riacho-de-Santana-768x512.jpg 768w\" sizes=\"(max-width: 900px) 100vw, 900px\" \/><\/figure>\n<\/div>\n\n\n<p>Prefeitura de Riacho de Santana, no sudoeste da Bahia, confirmou a apresenta\u00e7\u00e3o de Milsinho, da banda Toque Dez, como atra\u00e7\u00e3o da Expo Riacho 2026. Evento acontece entre 17 e 19 de abril, reunindo moradores e visitantes da regi\u00e3o, com shows, cultura e valoriza\u00e7\u00e3o das tradi\u00e7\u00f5es locais.<\/p>\n\n\n\n<p>Artista retorna ao munic\u00edpio pela segunda vez. Primeira apresenta\u00e7\u00e3o ocorreu em 2024 durante o RiaFolia, atraindo grande p\u00fablico e elogios. Prefeitura divulgou que Milsinho Toque Dez promete animar a festa novamente, consolidando presen\u00e7a na programa\u00e7\u00e3o e refor\u00e7ando o papel da m\u00fasica como destaque do evento anual.<\/p>\n\n\n\n<p>Expo Riacho chega \u00e0 nona edi\u00e7\u00e3o e \u00e9 considerada um dos principais eventos do calend\u00e1rio festivo da cidade, com programa\u00e7\u00e3o voltada a entretenimento, cultura e tradi\u00e7\u00e3o. Organiza\u00e7\u00e3o anunciou que outras atra\u00e7\u00f5es ainda ser\u00e3o divulgadas, prometendo ampliar diversidade e p\u00fablico presente no evento.<\/p>\n\n\n\n<p>Comunidade local espera festa movimentada, com shows de artistas renomados e atividades culturais. Prefeitura orienta moradores e visitantes sobre estrutura, seguran\u00e7a e programa\u00e7\u00e3o oficial, refor\u00e7ando tradi\u00e7\u00e3o e entretenimento da cidade durante tr\u00eas dias de evento, que j\u00e1 se tornou refer\u00eancia no sudoeste da Bahia.<\/p>\n","protected":false},"excerpt":{"rendered":"<p>Prefeitura de Riacho de Santana, no sudoeste da Bahia, confirmou a apresenta\u00e7\u00e3o de Milsinho, da banda Toque Dez, como atra\u00e7\u00e3o da Expo Riacho 2026. Evento acontece entre 17 e 19 de abril, reunindo moradores e visitantes da regi\u00e3o, com shows, cultura e valoriza\u00e7\u00e3o das tradi\u00e7\u00f5es locais. Artista retorna ao munic\u00edpio pela segunda vez. Primeira apresenta\u00e7\u00e3o ocorreu em 2024 durante o RiaFolia, atraindo grande p\u00fablico e elogios. Prefeitura divulgou que Milsinho Toque Dez promete animar a festa novamente, consolidando presen\u00e7a na programa\u00e7\u00e3o e refor\u00e7ando o papel da m\u00fasica como destaque do evento anual. Expo Riacho chega \u00e0 nona edi\u00e7\u00e3o e \u00e9 considerada um dos principais eventos do calend\u00e1rio festivo da cidade, com programa\u00e7\u00e3o voltada a entretenimento, cultura e tradi\u00e7\u00e3o. Organiza\u00e7\u00e3o anunciou que outras atra\u00e7\u00f5es ainda ser\u00e3o divulgadas, prometendo ampliar diversidade e p\u00fablico presente no evento. Comunidade local espera festa movimentada, com shows de artistas renomados e atividades culturais. Prefeitura orienta moradores e visitantes sobre estrutura, seguran\u00e7a e programa\u00e7\u00e3o oficial, refor\u00e7ando tradi\u00e7\u00e3o e entretenimento da cidade durante tr\u00eas dias de evento, que j\u00e1 se tornou refer\u00eancia no sudoeste da Bahia.<\/p>\n","protected":false},"author":2,"featured_media":0,"comment_status":"open","ping_status":"open","sticky":false,"template":"","format":"standard","meta":{"footnotes":""},"categories":[71],"tags":[],"class_list":["post-10159","post","type-post","status-publish","format-standard","hentry","category-riacho-de-santana"],"yoast_head":"<!-- This site is optimized with the Yoast SEO plugin v26.5 - https:\/\/yoast.com\/wordpress\/plugins\/seo\/ -->\n<title>Milsinho Toque Dez confirmado na Expo Riacho 2026 em Riacho de Santana - Sudoesteacontece<\/title>\n<meta name=\"robots\" content=\"index, follow, max-snippet:-1, max-image-preview:large, max-video-preview:-1\" \/>\n<link rel=\"canonical\" href=\"https:\/\/sudoesteacontece.com.br\/?p=10159\" \/>\n<meta property=\"og:locale\" content=\"pt_BR\" \/>\n<meta property=\"og:type\" content=\"article\" \/>\n<meta property=\"og:title\" content=\"Milsinho Toque Dez confirmado na Expo Riacho 2026 em Riacho de Santana - Sudoesteacontece\" \/>\n<meta property=\"og:description\" content=\"Prefeitura de Riacho de Santana, no sudoeste da Bahia, confirmou a apresenta\u00e7\u00e3o de Milsinho, da banda Toque Dez, como atra\u00e7\u00e3o da Expo Riacho 2026. Evento acontece entre 17 e 19 de abril, reunindo moradores e visitantes da regi\u00e3o, com shows, cultura e valoriza\u00e7\u00e3o das tradi\u00e7\u00f5es locais. Artista retorna ao munic\u00edpio pela segunda vez. Primeira apresenta\u00e7\u00e3o ocorreu em 2024 durante o RiaFolia, atraindo grande p\u00fablico e elogios. Prefeitura divulgou que Milsinho Toque Dez promete animar a festa novamente, consolidando presen\u00e7a na programa\u00e7\u00e3o e refor\u00e7ando o papel da m\u00fasica como destaque do evento anual. Expo Riacho chega \u00e0 nona edi\u00e7\u00e3o e \u00e9 considerada um dos principais eventos do calend\u00e1rio festivo da cidade, com programa\u00e7\u00e3o voltada a entretenimento, cultura e tradi\u00e7\u00e3o. Organiza\u00e7\u00e3o anunciou que outras atra\u00e7\u00f5es ainda ser\u00e3o divulgadas, prometendo ampliar diversidade e p\u00fablico presente no evento. Comunidade local espera festa movimentada, com shows de artistas renomados e atividades culturais. Prefeitura orienta moradores e visitantes sobre estrutura, seguran\u00e7a e programa\u00e7\u00e3o oficial, refor\u00e7ando tradi\u00e7\u00e3o e entretenimento da cidade durante tr\u00eas dias de evento, que j\u00e1 se tornou refer\u00eancia no sudoeste da Bahia.\" \/>\n<meta property=\"og:url\" content=\"https:\/\/sudoesteacontece.com.br\/?p=10159\" \/>\n<meta property=\"og:site_name\" content=\"Sudoesteacontece\" \/>\n<meta property=\"article:publisher\" content=\"https:\/\/www.facebook.com\/sudoesteacontece\/?locale=pt_BR\" \/>\n<meta property=\"article:published_time\" content=\"2026-03-12T19:06:47+00:00\" \/>\n<meta property=\"article:modified_time\" content=\"2026-03-12T19:06:51+00:00\" \/>\n<meta property=\"og:image\" content=\"http:\/\/sudoesteacontece.com.br\/wp-content\/uploads\/2026\/03\/Milsinho-Toque-Dez-confirmado-na-Expo-Riacho-2026-em-Riacho-de-Santana.jpg\" \/>\n<meta name=\"author\" content=\"Washington Tiago\" \/>\n<meta name=\"twitter:card\" content=\"summary_large_image\" \/>\n<meta name=\"twitter:label1\" content=\"Escrito por\" \/>\n\t<meta name=\"twitter:data1\" content=\"Washington Tiago\" \/>\n\t<meta name=\"twitter:label2\" content=\"Est. tempo de leitura\" \/>\n\t<meta name=\"twitter:data2\" content=\"2 minutos\" \/>\n<script type=\"application\/ld+json\" class=\"yoast-schema-graph\">{\"@context\":\"https:\/\/schema.org\",\"@graph\":[{\"@type\":\"Article\",\"@id\":\"https:\/\/sudoesteacontece.com.br\/?p=10159#article\",\"isPartOf\":{\"@id\":\"https:\/\/sudoesteacontece.com.br\/?p=10159\"},\"author\":{\"name\":\"Washington Tiago\",\"@id\":\"https:\/\/sudoesteacontece.com.br\/#\/schema\/person\/3cf2cf009926a9683ebc29d5379fa79c\"},\"headline\":\"Milsinho Toque Dez confirmado na Expo Riacho 2026 em Riacho de Santana\",\"datePublished\":\"2026-03-12T19:06:47+00:00\",\"dateModified\":\"2026-03-12T19:06:51+00:00\",\"mainEntityOfPage\":{\"@id\":\"https:\/\/sudoesteacontece.com.br\/?p=10159\"},\"wordCount\":209,\"commentCount\":0,\"publisher\":{\"@id\":\"https:\/\/sudoesteacontece.com.br\/#organization\"},\"image\":{\"@id\":\"https:\/\/sudoesteacontece.com.br\/?p=10159#primaryimage\"},\"thumbnailUrl\":\"http:\/\/sudoesteacontece.com.br\/wp-content\/uploads\/2026\/03\/Milsinho-Toque-Dez-confirmado-na-Expo-Riacho-2026-em-Riacho-de-Santana.jpg\",\"articleSection\":[\"Riacho de Santana\"],\"inLanguage\":\"pt-BR\",\"potentialAction\":[{\"@type\":\"CommentAction\",\"name\":\"Comment\",\"target\":[\"https:\/\/sudoesteacontece.com.br\/?p=10159#respond\"]}]},{\"@type\":\"WebPage\",\"@id\":\"https:\/\/sudoesteacontece.com.br\/?p=10159\",\"url\":\"https:\/\/sudoesteacontece.com.br\/?p=10159\",\"name\":\"Milsinho Toque Dez confirmado na Expo Riacho 2026 em Riacho de Santana - Sudoesteacontece\",\"isPartOf\":{\"@id\":\"https:\/\/sudoesteacontece.com.br\/#website\"},\"primaryImageOfPage\":{\"@id\":\"https:\/\/sudoesteacontece.com.br\/?p=10159#primaryimage\"},\"image\":{\"@id\":\"https:\/\/sudoesteacontece.com.br\/?p=10159#primaryimage\"},\"thumbnailUrl\":\"http:\/\/sudoesteacontece.com.br\/wp-content\/uploads\/2026\/03\/Milsinho-Toque-Dez-confirmado-na-Expo-Riacho-2026-em-Riacho-de-Santana.jpg\",\"datePublished\":\"2026-03-12T19:06:47+00:00\",\"dateModified\":\"2026-03-12T19:06:51+00:00\",\"breadcrumb\":{\"@id\":\"https:\/\/sudoesteacontece.com.br\/?p=10159#breadcrumb\"},\"inLanguage\":\"pt-BR\",\"potentialAction\":[{\"@type\":\"ReadAction\",\"target\":[\"https:\/\/sudoesteacontece.com.br\/?p=10159\"]}]},{\"@type\":\"ImageObject\",\"inLanguage\":\"pt-BR\",\"@id\":\"https:\/\/sudoesteacontece.com.br\/?p=10159#primaryimage\",\"url\":\"https:\/\/sudoesteacontece.com.br\/wp-content\/uploads\/2026\/03\/Milsinho-Toque-Dez-confirmado-na-Expo-Riacho-2026-em-Riacho-de-Santana.jpg\",\"contentUrl\":\"https:\/\/sudoesteacontece.com.br\/wp-content\/uploads\/2026\/03\/Milsinho-Toque-Dez-confirmado-na-Expo-Riacho-2026-em-Riacho-de-Santana.jpg\",\"width\":900,\"height\":600},{\"@type\":\"BreadcrumbList\",\"@id\":\"https:\/\/sudoesteacontece.com.br\/?p=10159#breadcrumb\",\"itemListElement\":[{\"@type\":\"ListItem\",\"position\":1,\"name\":\"In\u00edcio\",\"item\":\"https:\/\/sudoesteacontece.com.br\/\"},{\"@type\":\"ListItem\",\"position\":2,\"name\":\"Milsinho Toque Dez confirmado na Expo Riacho 2026 em Riacho de Santana\"}]},{\"@type\":\"WebSite\",\"@id\":\"https:\/\/sudoesteacontece.com.br\/#website\",\"url\":\"https:\/\/sudoesteacontece.com.br\/\",\"name\":\"Sudoesteacontece\",\"description\":\"\",\"publisher\":{\"@id\":\"https:\/\/sudoesteacontece.com.br\/#organization\"},\"potentialAction\":[{\"@type\":\"SearchAction\",\"target\":{\"@type\":\"EntryPoint\",\"urlTemplate\":\"https:\/\/sudoesteacontece.com.br\/?s={search_term_string}\"},\"query-input\":{\"@type\":\"PropertyValueSpecification\",\"valueRequired\":true,\"valueName\":\"search_term_string\"}}],\"inLanguage\":\"pt-BR\"},{\"@type\":\"Organization\",\"@id\":\"https:\/\/sudoesteacontece.com.br\/#organization\",\"name\":\"Sudoesteacontece\",\"url\":\"https:\/\/sudoesteacontece.com.br\/\",\"logo\":{\"@type\":\"ImageObject\",\"inLanguage\":\"pt-BR\",\"@id\":\"https:\/\/sudoesteacontece.com.br\/#\/schema\/logo\/image\/\",\"url\":\"https:\/\/sudoesteacontece.com.br\/wp-content\/uploads\/2025\/12\/cropped-logo-2-180x180-1.png\",\"contentUrl\":\"https:\/\/sudoesteacontece.com.br\/wp-content\/uploads\/2025\/12\/cropped-logo-2-180x180-1.png\",\"width\":180,\"height\":180,\"caption\":\"Sudoesteacontece\"},\"image\":{\"@id\":\"https:\/\/sudoesteacontece.com.br\/#\/schema\/logo\/image\/\"},\"sameAs\":[\"https:\/\/www.facebook.com\/sudoesteacontece\/?locale=pt_BR\"]},{\"@type\":\"Person\",\"@id\":\"https:\/\/sudoesteacontece.com.br\/#\/schema\/person\/3cf2cf009926a9683ebc29d5379fa79c\",\"name\":\"Washington Tiago\",\"image\":{\"@type\":\"ImageObject\",\"inLanguage\":\"pt-BR\",\"@id\":\"https:\/\/sudoesteacontece.com.br\/#\/schema\/person\/image\/\",\"url\":\"https:\/\/secure.gravatar.com\/avatar\/33c43b8668157e040f9d1fe93c354bf087cbd8ba36270c1163198bd3ddcf2a56?s=96&d=mm&r=g\",\"contentUrl\":\"https:\/\/secure.gravatar.com\/avatar\/33c43b8668157e040f9d1fe93c354bf087cbd8ba36270c1163198bd3ddcf2a56?s=96&d=mm&r=g\",\"caption\":\"Washington Tiago\"},\"url\":\"https:\/\/sudoesteacontece.com.br\/?author=2\"}]}<\/script>\n<!-- \/ Yoast SEO plugin. -->","yoast_head_json":{"title":"Milsinho Toque Dez confirmado na Expo Riacho 2026 em Riacho de Santana - Sudoesteacontece","robots":{"index":"index","follow":"follow","max-snippet":"max-snippet:-1","max-image-preview":"max-image-preview:large","max-video-preview":"max-video-preview:-1"},"canonical":"https:\/\/sudoesteacontece.com.br\/?p=10159","og_locale":"pt_BR","og_type":"article","og_title":"Milsinho Toque Dez confirmado na Expo Riacho 2026 em Riacho de Santana - Sudoesteacontece","og_description":"Prefeitura de Riacho de Santana, no sudoeste da Bahia, confirmou a apresenta\u00e7\u00e3o de Milsinho, da banda Toque Dez, como atra\u00e7\u00e3o da Expo Riacho 2026. Evento acontece entre 17 e 19 de abril, reunindo moradores e visitantes da regi\u00e3o, com shows, cultura e valoriza\u00e7\u00e3o das tradi\u00e7\u00f5es locais. Artista retorna ao munic\u00edpio pela segunda vez. Primeira apresenta\u00e7\u00e3o ocorreu em 2024 durante o RiaFolia, atraindo grande p\u00fablico e elogios. Prefeitura divulgou que Milsinho Toque Dez promete animar a festa novamente, consolidando presen\u00e7a na programa\u00e7\u00e3o e refor\u00e7ando o papel da m\u00fasica como destaque do evento anual. Expo Riacho chega \u00e0 nona edi\u00e7\u00e3o e \u00e9 considerada um dos principais eventos do calend\u00e1rio festivo da cidade, com programa\u00e7\u00e3o voltada a entretenimento, cultura e tradi\u00e7\u00e3o. Organiza\u00e7\u00e3o anunciou que outras atra\u00e7\u00f5es ainda ser\u00e3o divulgadas, prometendo ampliar diversidade e p\u00fablico presente no evento. Comunidade local espera festa movimentada, com shows de artistas renomados e atividades culturais. Prefeitura orienta moradores e visitantes sobre estrutura, seguran\u00e7a e programa\u00e7\u00e3o oficial, refor\u00e7ando tradi\u00e7\u00e3o e entretenimento da cidade durante tr\u00eas dias de evento, que j\u00e1 se tornou refer\u00eancia no sudoeste da Bahia.","og_url":"https:\/\/sudoesteacontece.com.br\/?p=10159","og_site_name":"Sudoesteacontece","article_publisher":"https:\/\/www.facebook.com\/sudoesteacontece\/?locale=pt_BR","article_published_time":"2026-03-12T19:06:47+00:00","article_modified_time":"2026-03-12T19:06:51+00:00","og_image":[{"url":"http:\/\/sudoesteacontece.com.br\/wp-content\/uploads\/2026\/03\/Milsinho-Toque-Dez-confirmado-na-Expo-Riacho-2026-em-Riacho-de-Santana.jpg","type":"","width":"","height":""}],"author":"Washington Tiago","twitter_card":"summary_large_image","twitter_misc":{"Escrito por":"Washington Tiago","Est. tempo de leitura":"2 minutos"},"schema":{"@context":"https:\/\/schema.org","@graph":[{"@type":"Article","@id":"https:\/\/sudoesteacontece.com.br\/?p=10159#article","isPartOf":{"@id":"https:\/\/sudoesteacontece.com.br\/?p=10159"},"author":{"name":"Washington Tiago","@id":"https:\/\/sudoesteacontece.com.br\/#\/schema\/person\/3cf2cf009926a9683ebc29d5379fa79c"},"headline":"Milsinho Toque Dez confirmado na Expo Riacho 2026 em Riacho de Santana","datePublished":"2026-03-12T19:06:47+00:00","dateModified":"2026-03-12T19:06:51+00:00","mainEntityOfPage":{"@id":"https:\/\/sudoesteacontece.com.br\/?p=10159"},"wordCount":209,"commentCount":0,"publisher":{"@id":"https:\/\/sudoesteacontece.com.br\/#organization"},"image":{"@id":"https:\/\/sudoesteacontece.com.br\/?p=10159#primaryimage"},"thumbnailUrl":"http:\/\/sudoesteacontece.com.br\/wp-content\/uploads\/2026\/03\/Milsinho-Toque-Dez-confirmado-na-Expo-Riacho-2026-em-Riacho-de-Santana.jpg","articleSection":["Riacho de Santana"],"inLanguage":"pt-BR","potentialAction":[{"@type":"CommentAction","name":"Comment","target":["https:\/\/sudoesteacontece.com.br\/?p=10159#respond"]}]},{"@type":"WebPage","@id":"https:\/\/sudoesteacontece.com.br\/?p=10159","url":"https:\/\/sudoesteacontece.com.br\/?p=10159","name":"Milsinho Toque Dez confirmado na Expo Riacho 2026 em Riacho de Santana - Sudoesteacontece","isPartOf":{"@id":"https:\/\/sudoesteacontece.com.br\/#website"},"primaryImageOfPage":{"@id":"https:\/\/sudoesteacontece.com.br\/?p=10159#primaryimage"},"image":{"@id":"https:\/\/sudoesteacontece.com.br\/?p=10159#primaryimage"},"thumbnailUrl":"http:\/\/sudoesteacontece.com.br\/wp-content\/uploads\/2026\/03\/Milsinho-Toque-Dez-confirmado-na-Expo-Riacho-2026-em-Riacho-de-Santana.jpg","datePublished":"2026-03-12T19:06:47+00:00","dateModified":"2026-03-12T19:06:51+00:00","breadcrumb":{"@id":"https:\/\/sudoesteacontece.com.br\/?p=10159#breadcrumb"},"inLanguage":"pt-BR","potentialAction":[{"@type":"ReadAction","target":["https:\/\/sudoesteacontece.com.br\/?p=10159"]}]},{"@type":"ImageObject","inLanguage":"pt-BR","@id":"https:\/\/sudoesteacontece.com.br\/?p=10159#primaryimage","url":"https:\/\/sudoesteacontece.com.br\/wp-content\/uploads\/2026\/03\/Milsinho-Toque-Dez-confirmado-na-Expo-Riacho-2026-em-Riacho-de-Santana.jpg","contentUrl":"https:\/\/sudoesteacontece.com.br\/wp-content\/uploads\/2026\/03\/Milsinho-Toque-Dez-confirmado-na-Expo-Riacho-2026-em-Riacho-de-Santana.jpg","width":900,"height":600},{"@type":"BreadcrumbList","@id":"https:\/\/sudoesteacontece.com.br\/?p=10159#breadcrumb","itemListElement":[{"@type":"ListItem","position":1,"name":"In\u00edcio","item":"https:\/\/sudoesteacontece.com.br\/"},{"@type":"ListItem","position":2,"name":"Milsinho Toque Dez confirmado na Expo Riacho 2026 em Riacho de Santana"}]},{"@type":"WebSite","@id":"https:\/\/sudoesteacontece.com.br\/#website","url":"https:\/\/sudoesteacontece.com.br\/","name":"Sudoesteacontece","description":"","publisher":{"@id":"https:\/\/sudoesteacontece.com.br\/#organization"},"potentialAction":[{"@type":"SearchAction","target":{"@type":"EntryPoint","urlTemplate":"https:\/\/sudoesteacontece.com.br\/?s={search_term_string}"},"query-input":{"@type":"PropertyValueSpecification","valueRequired":true,"valueName":"search_term_string"}}],"inLanguage":"pt-BR"},{"@type":"Organization","@id":"https:\/\/sudoesteacontece.com.br\/#organization","name":"Sudoesteacontece","url":"https:\/\/sudoesteacontece.com.br\/","logo":{"@type":"ImageObject","inLanguage":"pt-BR","@id":"https:\/\/sudoesteacontece.com.br\/#\/schema\/logo\/image\/","url":"https:\/\/sudoesteacontece.com.br\/wp-content\/uploads\/2025\/12\/cropped-logo-2-180x180-1.png","contentUrl":"https:\/\/sudoesteacontece.com.br\/wp-content\/uploads\/2025\/12\/cropped-logo-2-180x180-1.png","width":180,"height":180,"caption":"Sudoesteacontece"},"image":{"@id":"https:\/\/sudoesteacontece.com.br\/#\/schema\/logo\/image\/"},"sameAs":["https:\/\/www.facebook.com\/sudoesteacontece\/?locale=pt_BR"]},{"@type":"Person","@id":"https:\/\/sudoesteacontece.com.br\/#\/schema\/person\/3cf2cf009926a9683ebc29d5379fa79c","name":"Washington Tiago","image":{"@type":"ImageObject","inLanguage":"pt-BR","@id":"https:\/\/sudoesteacontece.com.br\/#\/schema\/person\/image\/","url":"https:\/\/secure.gravatar.com\/avatar\/33c43b8668157e040f9d1fe93c354bf087cbd8ba36270c1163198bd3ddcf2a56?s=96&d=mm&r=g","contentUrl":"https:\/\/secure.gravatar.com\/avatar\/33c43b8668157e040f9d1fe93c354bf087cbd8ba36270c1163198bd3ddcf2a56?s=96&d=mm&r=g","caption":"Washington Tiago"},"url":"https:\/\/sudoesteacontece.com.br\/?author=2"}]}},"_links":{"self":[{"href":"https:\/\/sudoesteacontece.com.br\/index.php?rest_route=\/wp\/v2\/posts\/10159","targetHints":{"allow":["GET"]}}],"collection":[{"href":"https:\/\/sudoesteacontece.com.br\/index.php?rest_route=\/wp\/v2\/posts"}],"about":[{"href":"https:\/\/sudoesteacontece.com.br\/index.php?rest_route=\/wp\/v2\/types\/post"}],"author":[{"embeddable":true,"href":"https:\/\/sudoesteacontece.com.br\/index.php?rest_route=\/wp\/v2\/users\/2"}],"replies":[{"embeddable":true,"href":"https:\/\/sudoesteacontece.com.br\/index.php?rest_route=%2Fwp%2Fv2%2Fcomments&post=10159"}],"version-history":[{"count":0,"href":"https:\/\/sudoesteacontece.com.br\/index.php?rest_route=\/wp\/v2\/posts\/10159\/revisions"}],"wp:attachment":[{"href":"https:\/\/sudoesteacontece.com.br\/index.php?rest_route=%2Fwp%2Fv2%2Fmedia&parent=10159"}],"wp:term":[{"taxonomy":"category","embeddable":true,"href":"https:\/\/sudoesteacontece.com.br\/index.php?rest_route=%2Fwp%2Fv2%2Fcategories&post=10159"},{"taxonomy":"post_tag","embeddable":true,"href":"https:\/\/sudoesteacontece.com.br\/index.php?rest_route=%2Fwp%2Fv2%2Ftags&post=10159"}],"curies":[{"name":"wp","href":"https:\/\/api.w.org\/{rel}","templated":true}]}}