{"id":10161,"date":"2026-03-12T16:49:58","date_gmt":"2026-03-12T19:49:58","guid":{"rendered":"https:\/\/sudoesteacontece.com.br\/?p=10161"},"modified":"2026-03-12T16:50:02","modified_gmt":"2026-03-12T19:50:02","slug":"ricardo-sa-confirmado-na-17a-festa-da-misericordia-em-brumado","status":"publish","type":"post","link":"https:\/\/sudoesteacontece.com.br\/?p=10161","title":{"rendered":"Ricardo S\u00e1 confirmado na 17\u00aa Festa da Miseric\u00f3rdia em Brumado"},"content":{"rendered":"<div class=\"wp-block-image\">\n<figure class=\"aligncenter size-full\"><img fetchpriority=\"high\" decoding=\"async\" width=\"900\" height=\"600\" src=\"http:\/\/sudoesteacontece.com.br\/wp-content\/uploads\/2026\/03\/Ricardo-Sa.jpg\" alt=\"\" class=\"wp-image-10169\" srcset=\"https:\/\/sudoesteacontece.com.br\/wp-content\/uploads\/2026\/03\/Ricardo-Sa.jpg 900w, https:\/\/sudoesteacontece.com.br\/wp-content\/uploads\/2026\/03\/Ricardo-Sa-300x200.jpg 300w, https:\/\/sudoesteacontece.com.br\/wp-content\/uploads\/2026\/03\/Ricardo-Sa-768x512.jpg 768w\" sizes=\"(max-width: 900px) 100vw, 900px\" \/><\/figure>\n<\/div>\n\n\n<p>Pregador, m\u00fasico e apresentador cat\u00f3lico Ricardo S\u00e1 foi confirmado como atra\u00e7\u00e3o principal da Festa da Miseric\u00f3rdia 2026, em Brumado. Evento \u00e9 promovido pela Comunidade Carp e tem como objetivo divulgar a Miseric\u00f3rdia de Jesus, fortalecendo a f\u00e9 e a espiritualidade entre os participantes da regi\u00e3o sudoeste da Bahia.<\/p>\n\n\n\n<p>Celebrando a 17\u00aa edi\u00e7\u00e3o, a festa j\u00e1 se consolidou como um dos maiores eventos cat\u00f3licos da regi\u00e3o, reunindo fi\u00e9is de diferentes munic\u00edpios em momentos de ora\u00e7\u00e3o, louvor e evangeliza\u00e7\u00e3o. Organiza\u00e7\u00f5es locais destacam a import\u00e2ncia da celebra\u00e7\u00e3o para a comunidade e para a promo\u00e7\u00e3o da f\u00e9.<\/p>\n\n\n\n<p>Programa\u00e7\u00e3o est\u00e1 marcada entre os dias 10 e 12 de abril, no Gin\u00e1sio de Esportes Ant\u00f4nio Alves Ribeiro, em Brumado. Durante os tr\u00eas dias, os participantes ter\u00e3o acesso a prega\u00e7\u00f5es, m\u00fasica e celebra\u00e7\u00f5es voltadas \u00e0 espiritualidade cat\u00f3lica, com destaque para a presen\u00e7a de l\u00edderes e m\u00fasicos de renome.<\/p>\n\n\n\n<p>A participa\u00e7\u00e3o de Ricardo S\u00e1, reconhecido nacionalmente por evangeliza\u00e7\u00e3o atrav\u00e9s da m\u00fasica e prega\u00e7\u00e3o, \u00e9 aguardada com grande expectativa pelos organizadores e pelo p\u00fablico que acompanha a festa todos os anos. A presen\u00e7a dele refor\u00e7a o car\u00e1ter de f\u00e9 e devo\u00e7\u00e3o do evento.<\/p>\n\n\n\n<p>Comunidade Carp refor\u00e7a que a festa tem como miss\u00e3o levar a mensagem da miseric\u00f3rdia divina, promovendo reflex\u00e3o, espiritualidade e renova\u00e7\u00e3o da f\u00e9 entre os participantes, al\u00e9m de incentivar a uni\u00e3o e o fortalecimento da comunidade cat\u00f3lica na regi\u00e3o.<\/p>\n","protected":false},"excerpt":{"rendered":"<p>Pregador, m\u00fasico e apresentador cat\u00f3lico Ricardo S\u00e1 foi confirmado como atra\u00e7\u00e3o principal da Festa da Miseric\u00f3rdia 2026, em Brumado. Evento \u00e9 promovido pela Comunidade Carp e tem como objetivo divulgar a Miseric\u00f3rdia de Jesus, fortalecendo a f\u00e9 e a espiritualidade entre os participantes da regi\u00e3o sudoeste da Bahia. Celebrando a 17\u00aa edi\u00e7\u00e3o, a festa j\u00e1 se consolidou como um dos maiores eventos cat\u00f3licos da regi\u00e3o, reunindo fi\u00e9is de diferentes munic\u00edpios em momentos de ora\u00e7\u00e3o, louvor e evangeliza\u00e7\u00e3o. Organiza\u00e7\u00f5es locais destacam a import\u00e2ncia da celebra\u00e7\u00e3o para a comunidade e para a promo\u00e7\u00e3o da f\u00e9. Programa\u00e7\u00e3o est\u00e1 marcada entre os dias 10 e 12 de abril, no Gin\u00e1sio de Esportes Ant\u00f4nio Alves Ribeiro, em Brumado. Durante os tr\u00eas dias, os participantes ter\u00e3o acesso a prega\u00e7\u00f5es, m\u00fasica e celebra\u00e7\u00f5es voltadas \u00e0 espiritualidade cat\u00f3lica, com destaque para a presen\u00e7a de l\u00edderes e m\u00fasicos de renome. A participa\u00e7\u00e3o de Ricardo S\u00e1, reconhecido nacionalmente por evangeliza\u00e7\u00e3o atrav\u00e9s da m\u00fasica e prega\u00e7\u00e3o, \u00e9 aguardada com grande expectativa pelos organizadores e pelo p\u00fablico que acompanha a festa todos os anos. A presen\u00e7a dele refor\u00e7a o car\u00e1ter de f\u00e9 e devo\u00e7\u00e3o do evento. Comunidade Carp refor\u00e7a que a festa tem como miss\u00e3o levar a mensagem da miseric\u00f3rdia divina, promovendo reflex\u00e3o, espiritualidade e renova\u00e7\u00e3o da f\u00e9 entre os participantes, al\u00e9m de incentivar a uni\u00e3o e o fortalecimento da comunidade cat\u00f3lica na regi\u00e3o.<\/p>\n","protected":false},"author":2,"featured_media":0,"comment_status":"open","ping_status":"open","sticky":false,"template":"","format":"standard","meta":{"footnotes":""},"categories":[10,4,61],"tags":[],"class_list":["post-10161","post","type-post","status-publish","format-standard","hentry","category-brumado","category-cidades","category-religiao"],"yoast_head":"<!-- This site is optimized with the Yoast SEO plugin v26.5 - https:\/\/yoast.com\/wordpress\/plugins\/seo\/ -->\n<title>Ricardo S\u00e1 confirmado na 17\u00aa Festa da Miseric\u00f3rdia em Brumado - Sudoesteacontece<\/title>\n<meta name=\"robots\" content=\"index, follow, max-snippet:-1, max-image-preview:large, max-video-preview:-1\" \/>\n<link rel=\"canonical\" href=\"https:\/\/sudoesteacontece.com.br\/?p=10161\" \/>\n<meta property=\"og:locale\" content=\"pt_BR\" \/>\n<meta property=\"og:type\" content=\"article\" \/>\n<meta property=\"og:title\" content=\"Ricardo S\u00e1 confirmado na 17\u00aa Festa da Miseric\u00f3rdia em Brumado - Sudoesteacontece\" \/>\n<meta property=\"og:description\" content=\"Pregador, m\u00fasico e apresentador cat\u00f3lico Ricardo S\u00e1 foi confirmado como atra\u00e7\u00e3o principal da Festa da Miseric\u00f3rdia 2026, em Brumado. Evento \u00e9 promovido pela Comunidade Carp e tem como objetivo divulgar a Miseric\u00f3rdia de Jesus, fortalecendo a f\u00e9 e a espiritualidade entre os participantes da regi\u00e3o sudoeste da Bahia. Celebrando a 17\u00aa edi\u00e7\u00e3o, a festa j\u00e1 se consolidou como um dos maiores eventos cat\u00f3licos da regi\u00e3o, reunindo fi\u00e9is de diferentes munic\u00edpios em momentos de ora\u00e7\u00e3o, louvor e evangeliza\u00e7\u00e3o. Organiza\u00e7\u00f5es locais destacam a import\u00e2ncia da celebra\u00e7\u00e3o para a comunidade e para a promo\u00e7\u00e3o da f\u00e9. Programa\u00e7\u00e3o est\u00e1 marcada entre os dias 10 e 12 de abril, no Gin\u00e1sio de Esportes Ant\u00f4nio Alves Ribeiro, em Brumado. Durante os tr\u00eas dias, os participantes ter\u00e3o acesso a prega\u00e7\u00f5es, m\u00fasica e celebra\u00e7\u00f5es voltadas \u00e0 espiritualidade cat\u00f3lica, com destaque para a presen\u00e7a de l\u00edderes e m\u00fasicos de renome. A participa\u00e7\u00e3o de Ricardo S\u00e1, reconhecido nacionalmente por evangeliza\u00e7\u00e3o atrav\u00e9s da m\u00fasica e prega\u00e7\u00e3o, \u00e9 aguardada com grande expectativa pelos organizadores e pelo p\u00fablico que acompanha a festa todos os anos. A presen\u00e7a dele refor\u00e7a o car\u00e1ter de f\u00e9 e devo\u00e7\u00e3o do evento. Comunidade Carp refor\u00e7a que a festa tem como miss\u00e3o levar a mensagem da miseric\u00f3rdia divina, promovendo reflex\u00e3o, espiritualidade e renova\u00e7\u00e3o da f\u00e9 entre os participantes, al\u00e9m de incentivar a uni\u00e3o e o fortalecimento da comunidade cat\u00f3lica na regi\u00e3o.\" \/>\n<meta property=\"og:url\" content=\"https:\/\/sudoesteacontece.com.br\/?p=10161\" \/>\n<meta property=\"og:site_name\" content=\"Sudoesteacontece\" \/>\n<meta property=\"article:publisher\" content=\"https:\/\/www.facebook.com\/sudoesteacontece\/?locale=pt_BR\" \/>\n<meta property=\"article:published_time\" content=\"2026-03-12T19:49:58+00:00\" \/>\n<meta property=\"article:modified_time\" content=\"2026-03-12T19:50:02+00:00\" \/>\n<meta property=\"og:image\" content=\"http:\/\/sudoesteacontece.com.br\/wp-content\/uploads\/2026\/03\/Ricardo-Sa.jpg\" \/>\n<meta name=\"author\" content=\"Washington Tiago\" \/>\n<meta name=\"twitter:card\" content=\"summary_large_image\" \/>\n<meta name=\"twitter:label1\" content=\"Escrito por\" \/>\n\t<meta name=\"twitter:data1\" content=\"Washington Tiago\" \/>\n\t<meta name=\"twitter:label2\" content=\"Est. tempo de leitura\" \/>\n\t<meta name=\"twitter:data2\" content=\"2 minutos\" \/>\n<script type=\"application\/ld+json\" class=\"yoast-schema-graph\">{\"@context\":\"https:\/\/schema.org\",\"@graph\":[{\"@type\":\"Article\",\"@id\":\"https:\/\/sudoesteacontece.com.br\/?p=10161#article\",\"isPartOf\":{\"@id\":\"https:\/\/sudoesteacontece.com.br\/?p=10161\"},\"author\":{\"name\":\"Washington Tiago\",\"@id\":\"https:\/\/sudoesteacontece.com.br\/#\/schema\/person\/3cf2cf009926a9683ebc29d5379fa79c\"},\"headline\":\"Ricardo S\u00e1 confirmado na 17\u00aa Festa da Miseric\u00f3rdia em Brumado\",\"datePublished\":\"2026-03-12T19:49:58+00:00\",\"dateModified\":\"2026-03-12T19:50:02+00:00\",\"mainEntityOfPage\":{\"@id\":\"https:\/\/sudoesteacontece.com.br\/?p=10161\"},\"wordCount\":273,\"commentCount\":0,\"publisher\":{\"@id\":\"https:\/\/sudoesteacontece.com.br\/#organization\"},\"image\":{\"@id\":\"https:\/\/sudoesteacontece.com.br\/?p=10161#primaryimage\"},\"thumbnailUrl\":\"http:\/\/sudoesteacontece.com.br\/wp-content\/uploads\/2026\/03\/Ricardo-Sa.jpg\",\"articleSection\":[\"Brumado\",\"Cidades\",\"Religi\u00e3o\"],\"inLanguage\":\"pt-BR\",\"potentialAction\":[{\"@type\":\"CommentAction\",\"name\":\"Comment\",\"target\":[\"https:\/\/sudoesteacontece.com.br\/?p=10161#respond\"]}]},{\"@type\":\"WebPage\",\"@id\":\"https:\/\/sudoesteacontece.com.br\/?p=10161\",\"url\":\"https:\/\/sudoesteacontece.com.br\/?p=10161\",\"name\":\"Ricardo S\u00e1 confirmado na 17\u00aa Festa da Miseric\u00f3rdia em Brumado - Sudoesteacontece\",\"isPartOf\":{\"@id\":\"https:\/\/sudoesteacontece.com.br\/#website\"},\"primaryImageOfPage\":{\"@id\":\"https:\/\/sudoesteacontece.com.br\/?p=10161#primaryimage\"},\"image\":{\"@id\":\"https:\/\/sudoesteacontece.com.br\/?p=10161#primaryimage\"},\"thumbnailUrl\":\"http:\/\/sudoesteacontece.com.br\/wp-content\/uploads\/2026\/03\/Ricardo-Sa.jpg\",\"datePublished\":\"2026-03-12T19:49:58+00:00\",\"dateModified\":\"2026-03-12T19:50:02+00:00\",\"breadcrumb\":{\"@id\":\"https:\/\/sudoesteacontece.com.br\/?p=10161#breadcrumb\"},\"inLanguage\":\"pt-BR\",\"potentialAction\":[{\"@type\":\"ReadAction\",\"target\":[\"https:\/\/sudoesteacontece.com.br\/?p=10161\"]}]},{\"@type\":\"ImageObject\",\"inLanguage\":\"pt-BR\",\"@id\":\"https:\/\/sudoesteacontece.com.br\/?p=10161#primaryimage\",\"url\":\"https:\/\/sudoesteacontece.com.br\/wp-content\/uploads\/2026\/03\/Ricardo-Sa.jpg\",\"contentUrl\":\"https:\/\/sudoesteacontece.com.br\/wp-content\/uploads\/2026\/03\/Ricardo-Sa.jpg\",\"width\":900,\"height\":600},{\"@type\":\"BreadcrumbList\",\"@id\":\"https:\/\/sudoesteacontece.com.br\/?p=10161#breadcrumb\",\"itemListElement\":[{\"@type\":\"ListItem\",\"position\":1,\"name\":\"In\u00edcio\",\"item\":\"https:\/\/sudoesteacontece.com.br\/\"},{\"@type\":\"ListItem\",\"position\":2,\"name\":\"Ricardo S\u00e1 confirmado na 17\u00aa Festa da Miseric\u00f3rdia em Brumado\"}]},{\"@type\":\"WebSite\",\"@id\":\"https:\/\/sudoesteacontece.com.br\/#website\",\"url\":\"https:\/\/sudoesteacontece.com.br\/\",\"name\":\"Sudoesteacontece\",\"description\":\"\",\"publisher\":{\"@id\":\"https:\/\/sudoesteacontece.com.br\/#organization\"},\"potentialAction\":[{\"@type\":\"SearchAction\",\"target\":{\"@type\":\"EntryPoint\",\"urlTemplate\":\"https:\/\/sudoesteacontece.com.br\/?s={search_term_string}\"},\"query-input\":{\"@type\":\"PropertyValueSpecification\",\"valueRequired\":true,\"valueName\":\"search_term_string\"}}],\"inLanguage\":\"pt-BR\"},{\"@type\":\"Organization\",\"@id\":\"https:\/\/sudoesteacontece.com.br\/#organization\",\"name\":\"Sudoesteacontece\",\"url\":\"https:\/\/sudoesteacontece.com.br\/\",\"logo\":{\"@type\":\"ImageObject\",\"inLanguage\":\"pt-BR\",\"@id\":\"https:\/\/sudoesteacontece.com.br\/#\/schema\/logo\/image\/\",\"url\":\"https:\/\/sudoesteacontece.com.br\/wp-content\/uploads\/2025\/12\/cropped-logo-2-180x180-1.png\",\"contentUrl\":\"https:\/\/sudoesteacontece.com.br\/wp-content\/uploads\/2025\/12\/cropped-logo-2-180x180-1.png\",\"width\":180,\"height\":180,\"caption\":\"Sudoesteacontece\"},\"image\":{\"@id\":\"https:\/\/sudoesteacontece.com.br\/#\/schema\/logo\/image\/\"},\"sameAs\":[\"https:\/\/www.facebook.com\/sudoesteacontece\/?locale=pt_BR\"]},{\"@type\":\"Person\",\"@id\":\"https:\/\/sudoesteacontece.com.br\/#\/schema\/person\/3cf2cf009926a9683ebc29d5379fa79c\",\"name\":\"Washington Tiago\",\"image\":{\"@type\":\"ImageObject\",\"inLanguage\":\"pt-BR\",\"@id\":\"https:\/\/sudoesteacontece.com.br\/#\/schema\/person\/image\/\",\"url\":\"https:\/\/secure.gravatar.com\/avatar\/33c43b8668157e040f9d1fe93c354bf087cbd8ba36270c1163198bd3ddcf2a56?s=96&d=mm&r=g\",\"contentUrl\":\"https:\/\/secure.gravatar.com\/avatar\/33c43b8668157e040f9d1fe93c354bf087cbd8ba36270c1163198bd3ddcf2a56?s=96&d=mm&r=g\",\"caption\":\"Washington Tiago\"},\"url\":\"https:\/\/sudoesteacontece.com.br\/?author=2\"}]}<\/script>\n<!-- \/ Yoast SEO plugin. -->","yoast_head_json":{"title":"Ricardo S\u00e1 confirmado na 17\u00aa Festa da Miseric\u00f3rdia em Brumado - Sudoesteacontece","robots":{"index":"index","follow":"follow","max-snippet":"max-snippet:-1","max-image-preview":"max-image-preview:large","max-video-preview":"max-video-preview:-1"},"canonical":"https:\/\/sudoesteacontece.com.br\/?p=10161","og_locale":"pt_BR","og_type":"article","og_title":"Ricardo S\u00e1 confirmado na 17\u00aa Festa da Miseric\u00f3rdia em Brumado - Sudoesteacontece","og_description":"Pregador, m\u00fasico e apresentador cat\u00f3lico Ricardo S\u00e1 foi confirmado como atra\u00e7\u00e3o principal da Festa da Miseric\u00f3rdia 2026, em Brumado. Evento \u00e9 promovido pela Comunidade Carp e tem como objetivo divulgar a Miseric\u00f3rdia de Jesus, fortalecendo a f\u00e9 e a espiritualidade entre os participantes da regi\u00e3o sudoeste da Bahia. Celebrando a 17\u00aa edi\u00e7\u00e3o, a festa j\u00e1 se consolidou como um dos maiores eventos cat\u00f3licos da regi\u00e3o, reunindo fi\u00e9is de diferentes munic\u00edpios em momentos de ora\u00e7\u00e3o, louvor e evangeliza\u00e7\u00e3o. Organiza\u00e7\u00f5es locais destacam a import\u00e2ncia da celebra\u00e7\u00e3o para a comunidade e para a promo\u00e7\u00e3o da f\u00e9. Programa\u00e7\u00e3o est\u00e1 marcada entre os dias 10 e 12 de abril, no Gin\u00e1sio de Esportes Ant\u00f4nio Alves Ribeiro, em Brumado. Durante os tr\u00eas dias, os participantes ter\u00e3o acesso a prega\u00e7\u00f5es, m\u00fasica e celebra\u00e7\u00f5es voltadas \u00e0 espiritualidade cat\u00f3lica, com destaque para a presen\u00e7a de l\u00edderes e m\u00fasicos de renome. A participa\u00e7\u00e3o de Ricardo S\u00e1, reconhecido nacionalmente por evangeliza\u00e7\u00e3o atrav\u00e9s da m\u00fasica e prega\u00e7\u00e3o, \u00e9 aguardada com grande expectativa pelos organizadores e pelo p\u00fablico que acompanha a festa todos os anos. A presen\u00e7a dele refor\u00e7a o car\u00e1ter de f\u00e9 e devo\u00e7\u00e3o do evento. Comunidade Carp refor\u00e7a que a festa tem como miss\u00e3o levar a mensagem da miseric\u00f3rdia divina, promovendo reflex\u00e3o, espiritualidade e renova\u00e7\u00e3o da f\u00e9 entre os participantes, al\u00e9m de incentivar a uni\u00e3o e o fortalecimento da comunidade cat\u00f3lica na regi\u00e3o.","og_url":"https:\/\/sudoesteacontece.com.br\/?p=10161","og_site_name":"Sudoesteacontece","article_publisher":"https:\/\/www.facebook.com\/sudoesteacontece\/?locale=pt_BR","article_published_time":"2026-03-12T19:49:58+00:00","article_modified_time":"2026-03-12T19:50:02+00:00","og_image":[{"url":"http:\/\/sudoesteacontece.com.br\/wp-content\/uploads\/2026\/03\/Ricardo-Sa.jpg","type":"","width":"","height":""}],"author":"Washington Tiago","twitter_card":"summary_large_image","twitter_misc":{"Escrito por":"Washington Tiago","Est. tempo de leitura":"2 minutos"},"schema":{"@context":"https:\/\/schema.org","@graph":[{"@type":"Article","@id":"https:\/\/sudoesteacontece.com.br\/?p=10161#article","isPartOf":{"@id":"https:\/\/sudoesteacontece.com.br\/?p=10161"},"author":{"name":"Washington Tiago","@id":"https:\/\/sudoesteacontece.com.br\/#\/schema\/person\/3cf2cf009926a9683ebc29d5379fa79c"},"headline":"Ricardo S\u00e1 confirmado na 17\u00aa Festa da Miseric\u00f3rdia em Brumado","datePublished":"2026-03-12T19:49:58+00:00","dateModified":"2026-03-12T19:50:02+00:00","mainEntityOfPage":{"@id":"https:\/\/sudoesteacontece.com.br\/?p=10161"},"wordCount":273,"commentCount":0,"publisher":{"@id":"https:\/\/sudoesteacontece.com.br\/#organization"},"image":{"@id":"https:\/\/sudoesteacontece.com.br\/?p=10161#primaryimage"},"thumbnailUrl":"http:\/\/sudoesteacontece.com.br\/wp-content\/uploads\/2026\/03\/Ricardo-Sa.jpg","articleSection":["Brumado","Cidades","Religi\u00e3o"],"inLanguage":"pt-BR","potentialAction":[{"@type":"CommentAction","name":"Comment","target":["https:\/\/sudoesteacontece.com.br\/?p=10161#respond"]}]},{"@type":"WebPage","@id":"https:\/\/sudoesteacontece.com.br\/?p=10161","url":"https:\/\/sudoesteacontece.com.br\/?p=10161","name":"Ricardo S\u00e1 confirmado na 17\u00aa Festa da Miseric\u00f3rdia em Brumado - Sudoesteacontece","isPartOf":{"@id":"https:\/\/sudoesteacontece.com.br\/#website"},"primaryImageOfPage":{"@id":"https:\/\/sudoesteacontece.com.br\/?p=10161#primaryimage"},"image":{"@id":"https:\/\/sudoesteacontece.com.br\/?p=10161#primaryimage"},"thumbnailUrl":"http:\/\/sudoesteacontece.com.br\/wp-content\/uploads\/2026\/03\/Ricardo-Sa.jpg","datePublished":"2026-03-12T19:49:58+00:00","dateModified":"2026-03-12T19:50:02+00:00","breadcrumb":{"@id":"https:\/\/sudoesteacontece.com.br\/?p=10161#breadcrumb"},"inLanguage":"pt-BR","potentialAction":[{"@type":"ReadAction","target":["https:\/\/sudoesteacontece.com.br\/?p=10161"]}]},{"@type":"ImageObject","inLanguage":"pt-BR","@id":"https:\/\/sudoesteacontece.com.br\/?p=10161#primaryimage","url":"https:\/\/sudoesteacontece.com.br\/wp-content\/uploads\/2026\/03\/Ricardo-Sa.jpg","contentUrl":"https:\/\/sudoesteacontece.com.br\/wp-content\/uploads\/2026\/03\/Ricardo-Sa.jpg","width":900,"height":600},{"@type":"BreadcrumbList","@id":"https:\/\/sudoesteacontece.com.br\/?p=10161#breadcrumb","itemListElement":[{"@type":"ListItem","position":1,"name":"In\u00edcio","item":"https:\/\/sudoesteacontece.com.br\/"},{"@type":"ListItem","position":2,"name":"Ricardo S\u00e1 confirmado na 17\u00aa Festa da Miseric\u00f3rdia em Brumado"}]},{"@type":"WebSite","@id":"https:\/\/sudoesteacontece.com.br\/#website","url":"https:\/\/sudoesteacontece.com.br\/","name":"Sudoesteacontece","description":"","publisher":{"@id":"https:\/\/sudoesteacontece.com.br\/#organization"},"potentialAction":[{"@type":"SearchAction","target":{"@type":"EntryPoint","urlTemplate":"https:\/\/sudoesteacontece.com.br\/?s={search_term_string}"},"query-input":{"@type":"PropertyValueSpecification","valueRequired":true,"valueName":"search_term_string"}}],"inLanguage":"pt-BR"},{"@type":"Organization","@id":"https:\/\/sudoesteacontece.com.br\/#organization","name":"Sudoesteacontece","url":"https:\/\/sudoesteacontece.com.br\/","logo":{"@type":"ImageObject","inLanguage":"pt-BR","@id":"https:\/\/sudoesteacontece.com.br\/#\/schema\/logo\/image\/","url":"https:\/\/sudoesteacontece.com.br\/wp-content\/uploads\/2025\/12\/cropped-logo-2-180x180-1.png","contentUrl":"https:\/\/sudoesteacontece.com.br\/wp-content\/uploads\/2025\/12\/cropped-logo-2-180x180-1.png","width":180,"height":180,"caption":"Sudoesteacontece"},"image":{"@id":"https:\/\/sudoesteacontece.com.br\/#\/schema\/logo\/image\/"},"sameAs":["https:\/\/www.facebook.com\/sudoesteacontece\/?locale=pt_BR"]},{"@type":"Person","@id":"https:\/\/sudoesteacontece.com.br\/#\/schema\/person\/3cf2cf009926a9683ebc29d5379fa79c","name":"Washington Tiago","image":{"@type":"ImageObject","inLanguage":"pt-BR","@id":"https:\/\/sudoesteacontece.com.br\/#\/schema\/person\/image\/","url":"https:\/\/secure.gravatar.com\/avatar\/33c43b8668157e040f9d1fe93c354bf087cbd8ba36270c1163198bd3ddcf2a56?s=96&d=mm&r=g","contentUrl":"https:\/\/secure.gravatar.com\/avatar\/33c43b8668157e040f9d1fe93c354bf087cbd8ba36270c1163198bd3ddcf2a56?s=96&d=mm&r=g","caption":"Washington Tiago"},"url":"https:\/\/sudoesteacontece.com.br\/?author=2"}]}},"_links":{"self":[{"href":"https:\/\/sudoesteacontece.com.br\/index.php?rest_route=\/wp\/v2\/posts\/10161","targetHints":{"allow":["GET"]}}],"collection":[{"href":"https:\/\/sudoesteacontece.com.br\/index.php?rest_route=\/wp\/v2\/posts"}],"about":[{"href":"https:\/\/sudoesteacontece.com.br\/index.php?rest_route=\/wp\/v2\/types\/post"}],"author":[{"embeddable":true,"href":"https:\/\/sudoesteacontece.com.br\/index.php?rest_route=\/wp\/v2\/users\/2"}],"replies":[{"embeddable":true,"href":"https:\/\/sudoesteacontece.com.br\/index.php?rest_route=%2Fwp%2Fv2%2Fcomments&post=10161"}],"version-history":[{"count":0,"href":"https:\/\/sudoesteacontece.com.br\/index.php?rest_route=\/wp\/v2\/posts\/10161\/revisions"}],"wp:attachment":[{"href":"https:\/\/sudoesteacontece.com.br\/index.php?rest_route=%2Fwp%2Fv2%2Fmedia&parent=10161"}],"wp:term":[{"taxonomy":"category","embeddable":true,"href":"https:\/\/sudoesteacontece.com.br\/index.php?rest_route=%2Fwp%2Fv2%2Fcategories&post=10161"},{"taxonomy":"post_tag","embeddable":true,"href":"https:\/\/sudoesteacontece.com.br\/index.php?rest_route=%2Fwp%2Fv2%2Ftags&post=10161"}],"curies":[{"name":"wp","href":"https:\/\/api.w.org\/{rel}","templated":true}]}}