{"id":10171,"date":"2026-03-12T17:48:40","date_gmt":"2026-03-12T20:48:40","guid":{"rendered":"https:\/\/sudoesteacontece.com.br\/?p=10171"},"modified":"2026-03-12T17:49:09","modified_gmt":"2026-03-12T20:49:09","slug":"rui-costa-chama-episodio-de-deslealdade-e-pressiona-futuro-de-geraldo-junior","status":"publish","type":"post","link":"https:\/\/sudoesteacontece.com.br\/?p=10171","title":{"rendered":"Rui Costa chama epis\u00f3dio de \u201cdeslealdade\u201d e pressiona futuro de Geraldo J\u00fanior"},"content":{"rendered":"<div class=\"wp-block-image\">\n<figure class=\"aligncenter size-full\"><img fetchpriority=\"high\" decoding=\"async\" width=\"900\" height=\"600\" src=\"http:\/\/sudoesteacontece.com.br\/wp-content\/uploads\/2025\/12\/Rui-Costa-nao-descarta-chapa-majoritaria-do-PT-na-Bahia-e-diz-que-dialogo-busca-consenso-sudoeste-acontece.jpg\" alt=\"\" class=\"wp-image-4448\" srcset=\"https:\/\/sudoesteacontece.com.br\/wp-content\/uploads\/2025\/12\/Rui-Costa-nao-descarta-chapa-majoritaria-do-PT-na-Bahia-e-diz-que-dialogo-busca-consenso-sudoeste-acontece.jpg 900w, https:\/\/sudoesteacontece.com.br\/wp-content\/uploads\/2025\/12\/Rui-Costa-nao-descarta-chapa-majoritaria-do-PT-na-Bahia-e-diz-que-dialogo-busca-consenso-sudoeste-acontece-300x200.jpg 300w, https:\/\/sudoesteacontece.com.br\/wp-content\/uploads\/2025\/12\/Rui-Costa-nao-descarta-chapa-majoritaria-do-PT-na-Bahia-e-diz-que-dialogo-busca-consenso-sudoeste-acontece-768x512.jpg 768w\" sizes=\"(max-width: 900px) 100vw, 900px\" \/><\/figure>\n<\/div>\n\n\n<p>Tens\u00e3o pol\u00edtica tomou conta do grupo governista na Bahia ap\u00f3s o vazamento de mensagens atribu\u00eddas ao vice-governador Geraldo J\u00fanior. Durante agenda oficial no interior do estado, o ministro da Casa Civil, Rui Costa classificou o epis\u00f3dio como um ato de deslealdade, mas afirmou que n\u00e3o pretende transformar o caso em motivo de rancor dentro da base pol\u00edtica.<\/p>\n\n\n\n<p>Declara\u00e7\u00e3o ocorreu nesta quarta-feira (11) durante a entrega de uma Unidade B\u00e1sica de Sa\u00fade no munic\u00edpio de Belo Campo, ao lado do governador Jer\u00f4nimo Rodrigues. Rui Costa disse que a pol\u00edtica exige maturidade diante de situa\u00e7\u00f5es inesperadas e ressaltou que epis\u00f3dios como esse revelam comportamentos que muitas vezes surpreendem aliados.<\/p>\n\n\n\n<p>Segundo o ministro, o vazamento exp\u00f4s uma atitude que considera desleal, embora tenha deixado claro que prefere conduzir a pol\u00edtica sem ressentimentos. Rui destacou que conflitos e diverg\u00eancias fazem parte do ambiente pol\u00edtico, mas defendeu que rela\u00e7\u00f5es institucionais devem ser guiadas por respeito e confian\u00e7a entre os integrantes da base governista.<\/p>\n\n\n\n<p>Questionado sobre o futuro do vice-governador Geraldo J\u00fanior na pr\u00f3xima elei\u00e7\u00e3o estadual, Rui Costa evitou interferir diretamente no debate. Ele afirmou que a decis\u00e3o sobre quem integrar\u00e1 a chapa majorit\u00e1ria cabe exclusivamente ao governador Jer\u00f4nimo Rodrigues, respons\u00e1vel por conduzir as articula\u00e7\u00f5es pol\u00edticas para o pr\u00f3ximo pleito.<\/p>\n\n\n\n<p>Aliados do governo observam o epis\u00f3dio com cautela, j\u00e1 que a forma\u00e7\u00e3o da chapa para as pr\u00f3ximas elei\u00e7\u00f5es \u00e9 considerada estrat\u00e9gica para manter a unidade da base. Nos bastidores, lideran\u00e7as pol\u00edticas avaliam que o impacto do vazamento pode influenciar futuras negocia\u00e7\u00f5es e alian\u00e7as dentro do grupo que hoje sustenta a gest\u00e3o estadual.<\/p>\n\n\n\n<p>Clima de expectativa domina o cen\u00e1rio pol\u00edtico baiano enquanto l\u00edderes do grupo governista tentam conter desgastes e preservar a estabilidade da base. Mesmo diante das cr\u00edticas, Rui Costa refor\u00e7ou que seguir\u00e1 atuando sem m\u00e1goas e que confia na condu\u00e7\u00e3o pol\u00edtica do governador para definir os pr\u00f3ximos passos da articula\u00e7\u00e3o eleitoral no estado.<\/p>\n","protected":false},"excerpt":{"rendered":"<p>Tens\u00e3o pol\u00edtica tomou conta do grupo governista na Bahia ap\u00f3s o vazamento de mensagens atribu\u00eddas ao vice-governador Geraldo J\u00fanior. Durante agenda oficial no interior do estado, o ministro da Casa Civil, Rui Costa classificou o epis\u00f3dio como um ato de deslealdade, mas afirmou que n\u00e3o pretende transformar o caso em motivo de rancor dentro da base pol\u00edtica. Declara\u00e7\u00e3o ocorreu nesta quarta-feira (11) durante a entrega de uma Unidade B\u00e1sica de Sa\u00fade no munic\u00edpio de Belo Campo, ao lado do governador Jer\u00f4nimo Rodrigues. Rui Costa disse que a pol\u00edtica exige maturidade diante de situa\u00e7\u00f5es inesperadas e ressaltou que epis\u00f3dios como esse revelam comportamentos que muitas vezes surpreendem aliados. Segundo o ministro, o vazamento exp\u00f4s uma atitude que considera desleal, embora tenha deixado claro que prefere conduzir a pol\u00edtica sem ressentimentos. Rui destacou que conflitos e diverg\u00eancias fazem parte do ambiente pol\u00edtico, mas defendeu que rela\u00e7\u00f5es institucionais devem ser guiadas por respeito e confian\u00e7a entre os integrantes da base governista. Questionado sobre o futuro do vice-governador Geraldo J\u00fanior na pr\u00f3xima elei\u00e7\u00e3o estadual, Rui Costa evitou interferir diretamente no debate. Ele afirmou que a decis\u00e3o sobre quem integrar\u00e1 a chapa majorit\u00e1ria cabe exclusivamente ao governador Jer\u00f4nimo Rodrigues, respons\u00e1vel por conduzir as articula\u00e7\u00f5es pol\u00edticas para o pr\u00f3ximo pleito. Aliados do governo observam o epis\u00f3dio com cautela, j\u00e1 que a forma\u00e7\u00e3o da chapa para as pr\u00f3ximas elei\u00e7\u00f5es \u00e9 considerada estrat\u00e9gica para manter a unidade da base. Nos bastidores, lideran\u00e7as pol\u00edticas avaliam que o impacto do vazamento pode influenciar futuras negocia\u00e7\u00f5es e alian\u00e7as dentro do grupo que hoje sustenta a gest\u00e3o estadual. Clima de expectativa domina o cen\u00e1rio pol\u00edtico baiano enquanto l\u00edderes do grupo governista tentam conter desgastes e preservar a estabilidade da base. Mesmo diante das cr\u00edticas, Rui Costa refor\u00e7ou que seguir\u00e1 atuando sem m\u00e1goas e que confia na condu\u00e7\u00e3o pol\u00edtica do governador para definir os pr\u00f3ximos passos da articula\u00e7\u00e3o eleitoral no estado.<\/p>\n","protected":false},"author":2,"featured_media":0,"comment_status":"open","ping_status":"open","sticky":false,"template":"","format":"standard","meta":{"footnotes":""},"categories":[7,58,6],"tags":[],"class_list":["post-10171","post","type-post","status-publish","format-standard","hentry","category-bahia","category-eleicoes-2026","category-politica"],"yoast_head":"<!-- This site is optimized with the Yoast SEO plugin v26.5 - https:\/\/yoast.com\/wordpress\/plugins\/seo\/ -->\n<title>Rui Costa chama epis\u00f3dio de \u201cdeslealdade\u201d e pressiona futuro de Geraldo J\u00fanior - Sudoesteacontece<\/title>\n<meta name=\"robots\" content=\"index, follow, max-snippet:-1, max-image-preview:large, max-video-preview:-1\" \/>\n<link rel=\"canonical\" href=\"https:\/\/sudoesteacontece.com.br\/?p=10171\" \/>\n<meta property=\"og:locale\" content=\"pt_BR\" \/>\n<meta property=\"og:type\" content=\"article\" \/>\n<meta property=\"og:title\" content=\"Rui Costa chama epis\u00f3dio de \u201cdeslealdade\u201d e pressiona futuro de Geraldo J\u00fanior - Sudoesteacontece\" \/>\n<meta property=\"og:description\" content=\"Tens\u00e3o pol\u00edtica tomou conta do grupo governista na Bahia ap\u00f3s o vazamento de mensagens atribu\u00eddas ao vice-governador Geraldo J\u00fanior. Durante agenda oficial no interior do estado, o ministro da Casa Civil, Rui Costa classificou o epis\u00f3dio como um ato de deslealdade, mas afirmou que n\u00e3o pretende transformar o caso em motivo de rancor dentro da base pol\u00edtica. Declara\u00e7\u00e3o ocorreu nesta quarta-feira (11) durante a entrega de uma Unidade B\u00e1sica de Sa\u00fade no munic\u00edpio de Belo Campo, ao lado do governador Jer\u00f4nimo Rodrigues. Rui Costa disse que a pol\u00edtica exige maturidade diante de situa\u00e7\u00f5es inesperadas e ressaltou que epis\u00f3dios como esse revelam comportamentos que muitas vezes surpreendem aliados. Segundo o ministro, o vazamento exp\u00f4s uma atitude que considera desleal, embora tenha deixado claro que prefere conduzir a pol\u00edtica sem ressentimentos. Rui destacou que conflitos e diverg\u00eancias fazem parte do ambiente pol\u00edtico, mas defendeu que rela\u00e7\u00f5es institucionais devem ser guiadas por respeito e confian\u00e7a entre os integrantes da base governista. Questionado sobre o futuro do vice-governador Geraldo J\u00fanior na pr\u00f3xima elei\u00e7\u00e3o estadual, Rui Costa evitou interferir diretamente no debate. Ele afirmou que a decis\u00e3o sobre quem integrar\u00e1 a chapa majorit\u00e1ria cabe exclusivamente ao governador Jer\u00f4nimo Rodrigues, respons\u00e1vel por conduzir as articula\u00e7\u00f5es pol\u00edticas para o pr\u00f3ximo pleito. Aliados do governo observam o epis\u00f3dio com cautela, j\u00e1 que a forma\u00e7\u00e3o da chapa para as pr\u00f3ximas elei\u00e7\u00f5es \u00e9 considerada estrat\u00e9gica para manter a unidade da base. Nos bastidores, lideran\u00e7as pol\u00edticas avaliam que o impacto do vazamento pode influenciar futuras negocia\u00e7\u00f5es e alian\u00e7as dentro do grupo que hoje sustenta a gest\u00e3o estadual. Clima de expectativa domina o cen\u00e1rio pol\u00edtico baiano enquanto l\u00edderes do grupo governista tentam conter desgastes e preservar a estabilidade da base. Mesmo diante das cr\u00edticas, Rui Costa refor\u00e7ou que seguir\u00e1 atuando sem m\u00e1goas e que confia na condu\u00e7\u00e3o pol\u00edtica do governador para definir os pr\u00f3ximos passos da articula\u00e7\u00e3o eleitoral no estado.\" \/>\n<meta property=\"og:url\" content=\"https:\/\/sudoesteacontece.com.br\/?p=10171\" \/>\n<meta property=\"og:site_name\" content=\"Sudoesteacontece\" \/>\n<meta property=\"article:publisher\" content=\"https:\/\/www.facebook.com\/sudoesteacontece\/?locale=pt_BR\" \/>\n<meta property=\"article:published_time\" content=\"2026-03-12T20:48:40+00:00\" \/>\n<meta property=\"article:modified_time\" content=\"2026-03-12T20:49:09+00:00\" \/>\n<meta property=\"og:image\" content=\"http:\/\/sudoesteacontece.com.br\/wp-content\/uploads\/2025\/12\/Rui-Costa-nao-descarta-chapa-majoritaria-do-PT-na-Bahia-e-diz-que-dialogo-busca-consenso-sudoeste-acontece.jpg\" \/>\n<meta name=\"author\" content=\"Washington Tiago\" \/>\n<meta name=\"twitter:card\" content=\"summary_large_image\" \/>\n<meta name=\"twitter:label1\" content=\"Escrito por\" \/>\n\t<meta name=\"twitter:data1\" content=\"Washington Tiago\" \/>\n\t<meta name=\"twitter:label2\" content=\"Est. tempo de leitura\" \/>\n\t<meta name=\"twitter:data2\" content=\"2 minutos\" \/>\n<script type=\"application\/ld+json\" class=\"yoast-schema-graph\">{\"@context\":\"https:\/\/schema.org\",\"@graph\":[{\"@type\":\"Article\",\"@id\":\"https:\/\/sudoesteacontece.com.br\/?p=10171#article\",\"isPartOf\":{\"@id\":\"https:\/\/sudoesteacontece.com.br\/?p=10171\"},\"author\":{\"name\":\"Washington Tiago\",\"@id\":\"https:\/\/sudoesteacontece.com.br\/#\/schema\/person\/3cf2cf009926a9683ebc29d5379fa79c\"},\"headline\":\"Rui Costa chama epis\u00f3dio de \u201cdeslealdade\u201d e pressiona futuro de Geraldo J\u00fanior\",\"datePublished\":\"2026-03-12T20:48:40+00:00\",\"dateModified\":\"2026-03-12T20:49:09+00:00\",\"mainEntityOfPage\":{\"@id\":\"https:\/\/sudoesteacontece.com.br\/?p=10171\"},\"wordCount\":372,\"commentCount\":0,\"publisher\":{\"@id\":\"https:\/\/sudoesteacontece.com.br\/#organization\"},\"image\":{\"@id\":\"https:\/\/sudoesteacontece.com.br\/?p=10171#primaryimage\"},\"thumbnailUrl\":\"http:\/\/sudoesteacontece.com.br\/wp-content\/uploads\/2025\/12\/Rui-Costa-nao-descarta-chapa-majoritaria-do-PT-na-Bahia-e-diz-que-dialogo-busca-consenso-sudoeste-acontece.jpg\",\"articleSection\":[\"Bahia\",\"Elei\u00e7\u00f5es 2026\",\"Pol\u00edtica\"],\"inLanguage\":\"pt-BR\",\"potentialAction\":[{\"@type\":\"CommentAction\",\"name\":\"Comment\",\"target\":[\"https:\/\/sudoesteacontece.com.br\/?p=10171#respond\"]}]},{\"@type\":\"WebPage\",\"@id\":\"https:\/\/sudoesteacontece.com.br\/?p=10171\",\"url\":\"https:\/\/sudoesteacontece.com.br\/?p=10171\",\"name\":\"Rui Costa chama epis\u00f3dio de \u201cdeslealdade\u201d e pressiona futuro de Geraldo J\u00fanior - Sudoesteacontece\",\"isPartOf\":{\"@id\":\"https:\/\/sudoesteacontece.com.br\/#website\"},\"primaryImageOfPage\":{\"@id\":\"https:\/\/sudoesteacontece.com.br\/?p=10171#primaryimage\"},\"image\":{\"@id\":\"https:\/\/sudoesteacontece.com.br\/?p=10171#primaryimage\"},\"thumbnailUrl\":\"http:\/\/sudoesteacontece.com.br\/wp-content\/uploads\/2025\/12\/Rui-Costa-nao-descarta-chapa-majoritaria-do-PT-na-Bahia-e-diz-que-dialogo-busca-consenso-sudoeste-acontece.jpg\",\"datePublished\":\"2026-03-12T20:48:40+00:00\",\"dateModified\":\"2026-03-12T20:49:09+00:00\",\"breadcrumb\":{\"@id\":\"https:\/\/sudoesteacontece.com.br\/?p=10171#breadcrumb\"},\"inLanguage\":\"pt-BR\",\"potentialAction\":[{\"@type\":\"ReadAction\",\"target\":[\"https:\/\/sudoesteacontece.com.br\/?p=10171\"]}]},{\"@type\":\"ImageObject\",\"inLanguage\":\"pt-BR\",\"@id\":\"https:\/\/sudoesteacontece.com.br\/?p=10171#primaryimage\",\"url\":\"https:\/\/sudoesteacontece.com.br\/wp-content\/uploads\/2025\/12\/Rui-Costa-nao-descarta-chapa-majoritaria-do-PT-na-Bahia-e-diz-que-dialogo-busca-consenso-sudoeste-acontece.jpg\",\"contentUrl\":\"https:\/\/sudoesteacontece.com.br\/wp-content\/uploads\/2025\/12\/Rui-Costa-nao-descarta-chapa-majoritaria-do-PT-na-Bahia-e-diz-que-dialogo-busca-consenso-sudoeste-acontece.jpg\",\"width\":900,\"height\":600},{\"@type\":\"BreadcrumbList\",\"@id\":\"https:\/\/sudoesteacontece.com.br\/?p=10171#breadcrumb\",\"itemListElement\":[{\"@type\":\"ListItem\",\"position\":1,\"name\":\"In\u00edcio\",\"item\":\"https:\/\/sudoesteacontece.com.br\/\"},{\"@type\":\"ListItem\",\"position\":2,\"name\":\"Rui Costa chama epis\u00f3dio de \u201cdeslealdade\u201d e pressiona futuro de Geraldo J\u00fanior\"}]},{\"@type\":\"WebSite\",\"@id\":\"https:\/\/sudoesteacontece.com.br\/#website\",\"url\":\"https:\/\/sudoesteacontece.com.br\/\",\"name\":\"Sudoesteacontece\",\"description\":\"\",\"publisher\":{\"@id\":\"https:\/\/sudoesteacontece.com.br\/#organization\"},\"potentialAction\":[{\"@type\":\"SearchAction\",\"target\":{\"@type\":\"EntryPoint\",\"urlTemplate\":\"https:\/\/sudoesteacontece.com.br\/?s={search_term_string}\"},\"query-input\":{\"@type\":\"PropertyValueSpecification\",\"valueRequired\":true,\"valueName\":\"search_term_string\"}}],\"inLanguage\":\"pt-BR\"},{\"@type\":\"Organization\",\"@id\":\"https:\/\/sudoesteacontece.com.br\/#organization\",\"name\":\"Sudoesteacontece\",\"url\":\"https:\/\/sudoesteacontece.com.br\/\",\"logo\":{\"@type\":\"ImageObject\",\"inLanguage\":\"pt-BR\",\"@id\":\"https:\/\/sudoesteacontece.com.br\/#\/schema\/logo\/image\/\",\"url\":\"https:\/\/sudoesteacontece.com.br\/wp-content\/uploads\/2025\/12\/cropped-logo-2-180x180-1.png\",\"contentUrl\":\"https:\/\/sudoesteacontece.com.br\/wp-content\/uploads\/2025\/12\/cropped-logo-2-180x180-1.png\",\"width\":180,\"height\":180,\"caption\":\"Sudoesteacontece\"},\"image\":{\"@id\":\"https:\/\/sudoesteacontece.com.br\/#\/schema\/logo\/image\/\"},\"sameAs\":[\"https:\/\/www.facebook.com\/sudoesteacontece\/?locale=pt_BR\"]},{\"@type\":\"Person\",\"@id\":\"https:\/\/sudoesteacontece.com.br\/#\/schema\/person\/3cf2cf009926a9683ebc29d5379fa79c\",\"name\":\"Washington Tiago\",\"image\":{\"@type\":\"ImageObject\",\"inLanguage\":\"pt-BR\",\"@id\":\"https:\/\/sudoesteacontece.com.br\/#\/schema\/person\/image\/\",\"url\":\"https:\/\/secure.gravatar.com\/avatar\/33c43b8668157e040f9d1fe93c354bf087cbd8ba36270c1163198bd3ddcf2a56?s=96&d=mm&r=g\",\"contentUrl\":\"https:\/\/secure.gravatar.com\/avatar\/33c43b8668157e040f9d1fe93c354bf087cbd8ba36270c1163198bd3ddcf2a56?s=96&d=mm&r=g\",\"caption\":\"Washington Tiago\"},\"url\":\"https:\/\/sudoesteacontece.com.br\/?author=2\"}]}<\/script>\n<!-- \/ Yoast SEO plugin. -->","yoast_head_json":{"title":"Rui Costa chama epis\u00f3dio de \u201cdeslealdade\u201d e pressiona futuro de Geraldo J\u00fanior - Sudoesteacontece","robots":{"index":"index","follow":"follow","max-snippet":"max-snippet:-1","max-image-preview":"max-image-preview:large","max-video-preview":"max-video-preview:-1"},"canonical":"https:\/\/sudoesteacontece.com.br\/?p=10171","og_locale":"pt_BR","og_type":"article","og_title":"Rui Costa chama epis\u00f3dio de \u201cdeslealdade\u201d e pressiona futuro de Geraldo J\u00fanior - Sudoesteacontece","og_description":"Tens\u00e3o pol\u00edtica tomou conta do grupo governista na Bahia ap\u00f3s o vazamento de mensagens atribu\u00eddas ao vice-governador Geraldo J\u00fanior. Durante agenda oficial no interior do estado, o ministro da Casa Civil, Rui Costa classificou o epis\u00f3dio como um ato de deslealdade, mas afirmou que n\u00e3o pretende transformar o caso em motivo de rancor dentro da base pol\u00edtica. Declara\u00e7\u00e3o ocorreu nesta quarta-feira (11) durante a entrega de uma Unidade B\u00e1sica de Sa\u00fade no munic\u00edpio de Belo Campo, ao lado do governador Jer\u00f4nimo Rodrigues. Rui Costa disse que a pol\u00edtica exige maturidade diante de situa\u00e7\u00f5es inesperadas e ressaltou que epis\u00f3dios como esse revelam comportamentos que muitas vezes surpreendem aliados. Segundo o ministro, o vazamento exp\u00f4s uma atitude que considera desleal, embora tenha deixado claro que prefere conduzir a pol\u00edtica sem ressentimentos. Rui destacou que conflitos e diverg\u00eancias fazem parte do ambiente pol\u00edtico, mas defendeu que rela\u00e7\u00f5es institucionais devem ser guiadas por respeito e confian\u00e7a entre os integrantes da base governista. Questionado sobre o futuro do vice-governador Geraldo J\u00fanior na pr\u00f3xima elei\u00e7\u00e3o estadual, Rui Costa evitou interferir diretamente no debate. Ele afirmou que a decis\u00e3o sobre quem integrar\u00e1 a chapa majorit\u00e1ria cabe exclusivamente ao governador Jer\u00f4nimo Rodrigues, respons\u00e1vel por conduzir as articula\u00e7\u00f5es pol\u00edticas para o pr\u00f3ximo pleito. Aliados do governo observam o epis\u00f3dio com cautela, j\u00e1 que a forma\u00e7\u00e3o da chapa para as pr\u00f3ximas elei\u00e7\u00f5es \u00e9 considerada estrat\u00e9gica para manter a unidade da base. Nos bastidores, lideran\u00e7as pol\u00edticas avaliam que o impacto do vazamento pode influenciar futuras negocia\u00e7\u00f5es e alian\u00e7as dentro do grupo que hoje sustenta a gest\u00e3o estadual. Clima de expectativa domina o cen\u00e1rio pol\u00edtico baiano enquanto l\u00edderes do grupo governista tentam conter desgastes e preservar a estabilidade da base. Mesmo diante das cr\u00edticas, Rui Costa refor\u00e7ou que seguir\u00e1 atuando sem m\u00e1goas e que confia na condu\u00e7\u00e3o pol\u00edtica do governador para definir os pr\u00f3ximos passos da articula\u00e7\u00e3o eleitoral no estado.","og_url":"https:\/\/sudoesteacontece.com.br\/?p=10171","og_site_name":"Sudoesteacontece","article_publisher":"https:\/\/www.facebook.com\/sudoesteacontece\/?locale=pt_BR","article_published_time":"2026-03-12T20:48:40+00:00","article_modified_time":"2026-03-12T20:49:09+00:00","og_image":[{"url":"http:\/\/sudoesteacontece.com.br\/wp-content\/uploads\/2025\/12\/Rui-Costa-nao-descarta-chapa-majoritaria-do-PT-na-Bahia-e-diz-que-dialogo-busca-consenso-sudoeste-acontece.jpg","type":"","width":"","height":""}],"author":"Washington Tiago","twitter_card":"summary_large_image","twitter_misc":{"Escrito por":"Washington Tiago","Est. tempo de leitura":"2 minutos"},"schema":{"@context":"https:\/\/schema.org","@graph":[{"@type":"Article","@id":"https:\/\/sudoesteacontece.com.br\/?p=10171#article","isPartOf":{"@id":"https:\/\/sudoesteacontece.com.br\/?p=10171"},"author":{"name":"Washington Tiago","@id":"https:\/\/sudoesteacontece.com.br\/#\/schema\/person\/3cf2cf009926a9683ebc29d5379fa79c"},"headline":"Rui Costa chama epis\u00f3dio de \u201cdeslealdade\u201d e pressiona futuro de Geraldo J\u00fanior","datePublished":"2026-03-12T20:48:40+00:00","dateModified":"2026-03-12T20:49:09+00:00","mainEntityOfPage":{"@id":"https:\/\/sudoesteacontece.com.br\/?p=10171"},"wordCount":372,"commentCount":0,"publisher":{"@id":"https:\/\/sudoesteacontece.com.br\/#organization"},"image":{"@id":"https:\/\/sudoesteacontece.com.br\/?p=10171#primaryimage"},"thumbnailUrl":"http:\/\/sudoesteacontece.com.br\/wp-content\/uploads\/2025\/12\/Rui-Costa-nao-descarta-chapa-majoritaria-do-PT-na-Bahia-e-diz-que-dialogo-busca-consenso-sudoeste-acontece.jpg","articleSection":["Bahia","Elei\u00e7\u00f5es 2026","Pol\u00edtica"],"inLanguage":"pt-BR","potentialAction":[{"@type":"CommentAction","name":"Comment","target":["https:\/\/sudoesteacontece.com.br\/?p=10171#respond"]}]},{"@type":"WebPage","@id":"https:\/\/sudoesteacontece.com.br\/?p=10171","url":"https:\/\/sudoesteacontece.com.br\/?p=10171","name":"Rui Costa chama epis\u00f3dio de \u201cdeslealdade\u201d e pressiona futuro de Geraldo J\u00fanior - Sudoesteacontece","isPartOf":{"@id":"https:\/\/sudoesteacontece.com.br\/#website"},"primaryImageOfPage":{"@id":"https:\/\/sudoesteacontece.com.br\/?p=10171#primaryimage"},"image":{"@id":"https:\/\/sudoesteacontece.com.br\/?p=10171#primaryimage"},"thumbnailUrl":"http:\/\/sudoesteacontece.com.br\/wp-content\/uploads\/2025\/12\/Rui-Costa-nao-descarta-chapa-majoritaria-do-PT-na-Bahia-e-diz-que-dialogo-busca-consenso-sudoeste-acontece.jpg","datePublished":"2026-03-12T20:48:40+00:00","dateModified":"2026-03-12T20:49:09+00:00","breadcrumb":{"@id":"https:\/\/sudoesteacontece.com.br\/?p=10171#breadcrumb"},"inLanguage":"pt-BR","potentialAction":[{"@type":"ReadAction","target":["https:\/\/sudoesteacontece.com.br\/?p=10171"]}]},{"@type":"ImageObject","inLanguage":"pt-BR","@id":"https:\/\/sudoesteacontece.com.br\/?p=10171#primaryimage","url":"https:\/\/sudoesteacontece.com.br\/wp-content\/uploads\/2025\/12\/Rui-Costa-nao-descarta-chapa-majoritaria-do-PT-na-Bahia-e-diz-que-dialogo-busca-consenso-sudoeste-acontece.jpg","contentUrl":"https:\/\/sudoesteacontece.com.br\/wp-content\/uploads\/2025\/12\/Rui-Costa-nao-descarta-chapa-majoritaria-do-PT-na-Bahia-e-diz-que-dialogo-busca-consenso-sudoeste-acontece.jpg","width":900,"height":600},{"@type":"BreadcrumbList","@id":"https:\/\/sudoesteacontece.com.br\/?p=10171#breadcrumb","itemListElement":[{"@type":"ListItem","position":1,"name":"In\u00edcio","item":"https:\/\/sudoesteacontece.com.br\/"},{"@type":"ListItem","position":2,"name":"Rui Costa chama epis\u00f3dio de \u201cdeslealdade\u201d e pressiona futuro de Geraldo J\u00fanior"}]},{"@type":"WebSite","@id":"https:\/\/sudoesteacontece.com.br\/#website","url":"https:\/\/sudoesteacontece.com.br\/","name":"Sudoesteacontece","description":"","publisher":{"@id":"https:\/\/sudoesteacontece.com.br\/#organization"},"potentialAction":[{"@type":"SearchAction","target":{"@type":"EntryPoint","urlTemplate":"https:\/\/sudoesteacontece.com.br\/?s={search_term_string}"},"query-input":{"@type":"PropertyValueSpecification","valueRequired":true,"valueName":"search_term_string"}}],"inLanguage":"pt-BR"},{"@type":"Organization","@id":"https:\/\/sudoesteacontece.com.br\/#organization","name":"Sudoesteacontece","url":"https:\/\/sudoesteacontece.com.br\/","logo":{"@type":"ImageObject","inLanguage":"pt-BR","@id":"https:\/\/sudoesteacontece.com.br\/#\/schema\/logo\/image\/","url":"https:\/\/sudoesteacontece.com.br\/wp-content\/uploads\/2025\/12\/cropped-logo-2-180x180-1.png","contentUrl":"https:\/\/sudoesteacontece.com.br\/wp-content\/uploads\/2025\/12\/cropped-logo-2-180x180-1.png","width":180,"height":180,"caption":"Sudoesteacontece"},"image":{"@id":"https:\/\/sudoesteacontece.com.br\/#\/schema\/logo\/image\/"},"sameAs":["https:\/\/www.facebook.com\/sudoesteacontece\/?locale=pt_BR"]},{"@type":"Person","@id":"https:\/\/sudoesteacontece.com.br\/#\/schema\/person\/3cf2cf009926a9683ebc29d5379fa79c","name":"Washington Tiago","image":{"@type":"ImageObject","inLanguage":"pt-BR","@id":"https:\/\/sudoesteacontece.com.br\/#\/schema\/person\/image\/","url":"https:\/\/secure.gravatar.com\/avatar\/33c43b8668157e040f9d1fe93c354bf087cbd8ba36270c1163198bd3ddcf2a56?s=96&d=mm&r=g","contentUrl":"https:\/\/secure.gravatar.com\/avatar\/33c43b8668157e040f9d1fe93c354bf087cbd8ba36270c1163198bd3ddcf2a56?s=96&d=mm&r=g","caption":"Washington Tiago"},"url":"https:\/\/sudoesteacontece.com.br\/?author=2"}]}},"_links":{"self":[{"href":"https:\/\/sudoesteacontece.com.br\/index.php?rest_route=\/wp\/v2\/posts\/10171","targetHints":{"allow":["GET"]}}],"collection":[{"href":"https:\/\/sudoesteacontece.com.br\/index.php?rest_route=\/wp\/v2\/posts"}],"about":[{"href":"https:\/\/sudoesteacontece.com.br\/index.php?rest_route=\/wp\/v2\/types\/post"}],"author":[{"embeddable":true,"href":"https:\/\/sudoesteacontece.com.br\/index.php?rest_route=\/wp\/v2\/users\/2"}],"replies":[{"embeddable":true,"href":"https:\/\/sudoesteacontece.com.br\/index.php?rest_route=%2Fwp%2Fv2%2Fcomments&post=10171"}],"version-history":[{"count":0,"href":"https:\/\/sudoesteacontece.com.br\/index.php?rest_route=\/wp\/v2\/posts\/10171\/revisions"}],"wp:attachment":[{"href":"https:\/\/sudoesteacontece.com.br\/index.php?rest_route=%2Fwp%2Fv2%2Fmedia&parent=10171"}],"wp:term":[{"taxonomy":"category","embeddable":true,"href":"https:\/\/sudoesteacontece.com.br\/index.php?rest_route=%2Fwp%2Fv2%2Fcategories&post=10171"},{"taxonomy":"post_tag","embeddable":true,"href":"https:\/\/sudoesteacontece.com.br\/index.php?rest_route=%2Fwp%2Fv2%2Ftags&post=10171"}],"curies":[{"name":"wp","href":"https:\/\/api.w.org\/{rel}","templated":true}]}}