{"id":10174,"date":"2026-03-12T17:57:36","date_gmt":"2026-03-12T20:57:36","guid":{"rendered":"https:\/\/sudoesteacontece.com.br\/?p=10174"},"modified":"2026-03-12T17:57:41","modified_gmt":"2026-03-12T20:57:41","slug":"briga-entre-funcionarias-termina-em-ataque-com-faca-em-frente-a-fabrica-de-calcados-na-cidade-de-itapetinga","status":"publish","type":"post","link":"https:\/\/sudoesteacontece.com.br\/?p=10174","title":{"rendered":"Briga entre funcion\u00e1rias termina em ataque com faca em frente a f\u00e1brica de cal\u00e7ados na cidade de Itapetinga"},"content":{"rendered":"<div class=\"wp-block-image\">\n<figure class=\"aligncenter size-full\"><img fetchpriority=\"high\" decoding=\"async\" width=\"900\" height=\"600\" src=\"http:\/\/sudoesteacontece.com.br\/wp-content\/uploads\/2026\/03\/Novo-Projeto-20.jpg\" alt=\"\" class=\"wp-image-10183\" srcset=\"https:\/\/sudoesteacontece.com.br\/wp-content\/uploads\/2026\/03\/Novo-Projeto-20.jpg 900w, https:\/\/sudoesteacontece.com.br\/wp-content\/uploads\/2026\/03\/Novo-Projeto-20-300x200.jpg 300w, https:\/\/sudoesteacontece.com.br\/wp-content\/uploads\/2026\/03\/Novo-Projeto-20-768x512.jpg 768w\" sizes=\"(max-width: 900px) 100vw, 900px\" \/><\/figure>\n<\/div>\n\n\n<p>Viol\u00eancia surpreendeu trabalhadores e moradores na manh\u00e3 desta quinta-feira (12) em Itapetinga, quando uma discuss\u00e3o entre funcion\u00e1rias de uma f\u00e1brica de cal\u00e7ados terminou com duas mulheres feridas ap\u00f3s um ataque com faca registrado nas proximidades da unidade industrial.<\/p>\n\n\n\n<p>Confus\u00e3o aconteceu em frente \u00e0 f\u00e1brica da Vulcabr\u00e1s Azaleia e rapidamente gerou preocupa\u00e7\u00e3o entre colegas de trabalho e pessoas que passavam pelo local. Testemunhas relataram que a discuss\u00e3o entre as trabalhadoras se intensificou e acabou evoluindo para agress\u00f5es f\u00edsicas.<\/p>\n\n\n\n<p>Durante o confronto, duas funcion\u00e1rias foram atingidas por golpes de faca. Uma das v\u00edtimas sofreu ferimento no bra\u00e7o, enquanto a outra foi atingida na regi\u00e3o da cabe\u00e7a, provocando momentos de tens\u00e3o entre trabalhadores que presenciaram a cena e acionaram socorro imediatamente.<\/p>\n\n\n\n<p>Equipes de atendimento encaminharam as v\u00edtimas para a Santa Casa de Miseric\u00f3rdia de Itapetinga, onde receberam cuidados m\u00e9dicos. Informa\u00e7\u00f5es preliminares indicam que as duas mulheres foram atendidas e n\u00e3o correm risco de morte.<\/p>\n\n\n\n<p>Identidade das envolvidas n\u00e3o foi divulgada at\u00e9 o momento. Autoridades ainda apuram as circunst\u00e2ncias da briga para entender o que teria motivado o desentendimento que terminou em viol\u00eancia diante da unidade industrial.<\/p>\n\n\n\n<p>Distante cerca de 100 quil\u00f4metros de Vit\u00f3ria da Conquista, a cidade de Itapetinga \u00e9 conhecida pela forte presen\u00e7a da ind\u00fastria cal\u00e7adista, setor que emprega centenas de trabalhadores na regi\u00e3o e movimenta parte importante da economia local.<\/p>\n\n\n\n<p>Investiga\u00e7\u00e3o sobre o caso deve esclarecer a sequ\u00eancia de fatos que levou \u00e0 agress\u00e3o. At\u00e9 o momento, n\u00e3o h\u00e1 informa\u00e7\u00f5es oficiais sobre poss\u00edveis medidas administrativas ou policiais relacionadas ao epis\u00f3dio registrado entre as funcion\u00e1rias.<\/p>\n","protected":false},"excerpt":{"rendered":"<p>Viol\u00eancia surpreendeu trabalhadores e moradores na manh\u00e3 desta quinta-feira (12) em Itapetinga, quando uma discuss\u00e3o entre funcion\u00e1rias de uma f\u00e1brica de cal\u00e7ados terminou com duas mulheres feridas ap\u00f3s um ataque com faca registrado nas proximidades da unidade industrial. Confus\u00e3o aconteceu em frente \u00e0 f\u00e1brica da Vulcabr\u00e1s Azaleia e rapidamente gerou preocupa\u00e7\u00e3o entre colegas de trabalho e pessoas que passavam pelo local. Testemunhas relataram que a discuss\u00e3o entre as trabalhadoras se intensificou e acabou evoluindo para agress\u00f5es f\u00edsicas. Durante o confronto, duas funcion\u00e1rias foram atingidas por golpes de faca. Uma das v\u00edtimas sofreu ferimento no bra\u00e7o, enquanto a outra foi atingida na regi\u00e3o da cabe\u00e7a, provocando momentos de tens\u00e3o entre trabalhadores que presenciaram a cena e acionaram socorro imediatamente. Equipes de atendimento encaminharam as v\u00edtimas para a Santa Casa de Miseric\u00f3rdia de Itapetinga, onde receberam cuidados m\u00e9dicos. Informa\u00e7\u00f5es preliminares indicam que as duas mulheres foram atendidas e n\u00e3o correm risco de morte. Identidade das envolvidas n\u00e3o foi divulgada at\u00e9 o momento. Autoridades ainda apuram as circunst\u00e2ncias da briga para entender o que teria motivado o desentendimento que terminou em viol\u00eancia diante da unidade industrial. Distante cerca de 100 quil\u00f4metros de Vit\u00f3ria da Conquista, a cidade de Itapetinga \u00e9 conhecida pela forte presen\u00e7a da ind\u00fastria cal\u00e7adista, setor que emprega centenas de trabalhadores na regi\u00e3o e movimenta parte importante da economia local. Investiga\u00e7\u00e3o sobre o caso deve esclarecer a sequ\u00eancia de fatos que levou \u00e0 agress\u00e3o. At\u00e9 o momento, n\u00e3o h\u00e1 informa\u00e7\u00f5es oficiais sobre poss\u00edveis medidas administrativas ou policiais relacionadas ao epis\u00f3dio registrado entre as funcion\u00e1rias.<\/p>\n","protected":false},"author":2,"featured_media":0,"comment_status":"open","ping_status":"open","sticky":false,"template":"","format":"standard","meta":{"footnotes":""},"categories":[4,51,3],"tags":[],"class_list":["post-10174","post","type-post","status-publish","format-standard","hentry","category-cidades","category-itapetinga","category-policia"],"yoast_head":"<!-- This site is optimized with the Yoast SEO plugin v26.5 - https:\/\/yoast.com\/wordpress\/plugins\/seo\/ -->\n<title>Briga entre funcion\u00e1rias termina em ataque com faca em frente a f\u00e1brica de cal\u00e7ados na cidade de Itapetinga - Sudoesteacontece<\/title>\n<meta name=\"robots\" content=\"index, follow, max-snippet:-1, max-image-preview:large, max-video-preview:-1\" \/>\n<link rel=\"canonical\" href=\"https:\/\/sudoesteacontece.com.br\/?p=10174\" \/>\n<meta property=\"og:locale\" content=\"pt_BR\" \/>\n<meta property=\"og:type\" content=\"article\" \/>\n<meta property=\"og:title\" content=\"Briga entre funcion\u00e1rias termina em ataque com faca em frente a f\u00e1brica de cal\u00e7ados na cidade de Itapetinga - Sudoesteacontece\" \/>\n<meta property=\"og:description\" content=\"Viol\u00eancia surpreendeu trabalhadores e moradores na manh\u00e3 desta quinta-feira (12) em Itapetinga, quando uma discuss\u00e3o entre funcion\u00e1rias de uma f\u00e1brica de cal\u00e7ados terminou com duas mulheres feridas ap\u00f3s um ataque com faca registrado nas proximidades da unidade industrial. Confus\u00e3o aconteceu em frente \u00e0 f\u00e1brica da Vulcabr\u00e1s Azaleia e rapidamente gerou preocupa\u00e7\u00e3o entre colegas de trabalho e pessoas que passavam pelo local. Testemunhas relataram que a discuss\u00e3o entre as trabalhadoras se intensificou e acabou evoluindo para agress\u00f5es f\u00edsicas. Durante o confronto, duas funcion\u00e1rias foram atingidas por golpes de faca. Uma das v\u00edtimas sofreu ferimento no bra\u00e7o, enquanto a outra foi atingida na regi\u00e3o da cabe\u00e7a, provocando momentos de tens\u00e3o entre trabalhadores que presenciaram a cena e acionaram socorro imediatamente. Equipes de atendimento encaminharam as v\u00edtimas para a Santa Casa de Miseric\u00f3rdia de Itapetinga, onde receberam cuidados m\u00e9dicos. Informa\u00e7\u00f5es preliminares indicam que as duas mulheres foram atendidas e n\u00e3o correm risco de morte. Identidade das envolvidas n\u00e3o foi divulgada at\u00e9 o momento. Autoridades ainda apuram as circunst\u00e2ncias da briga para entender o que teria motivado o desentendimento que terminou em viol\u00eancia diante da unidade industrial. Distante cerca de 100 quil\u00f4metros de Vit\u00f3ria da Conquista, a cidade de Itapetinga \u00e9 conhecida pela forte presen\u00e7a da ind\u00fastria cal\u00e7adista, setor que emprega centenas de trabalhadores na regi\u00e3o e movimenta parte importante da economia local. Investiga\u00e7\u00e3o sobre o caso deve esclarecer a sequ\u00eancia de fatos que levou \u00e0 agress\u00e3o. At\u00e9 o momento, n\u00e3o h\u00e1 informa\u00e7\u00f5es oficiais sobre poss\u00edveis medidas administrativas ou policiais relacionadas ao epis\u00f3dio registrado entre as funcion\u00e1rias.\" \/>\n<meta property=\"og:url\" content=\"https:\/\/sudoesteacontece.com.br\/?p=10174\" \/>\n<meta property=\"og:site_name\" content=\"Sudoesteacontece\" \/>\n<meta property=\"article:publisher\" content=\"https:\/\/www.facebook.com\/sudoesteacontece\/?locale=pt_BR\" \/>\n<meta property=\"article:published_time\" content=\"2026-03-12T20:57:36+00:00\" \/>\n<meta property=\"article:modified_time\" content=\"2026-03-12T20:57:41+00:00\" \/>\n<meta property=\"og:image\" content=\"http:\/\/sudoesteacontece.com.br\/wp-content\/uploads\/2026\/03\/Novo-Projeto-20.jpg\" \/>\n<meta name=\"author\" content=\"Washington Tiago\" \/>\n<meta name=\"twitter:card\" content=\"summary_large_image\" \/>\n<meta name=\"twitter:label1\" content=\"Escrito por\" \/>\n\t<meta name=\"twitter:data1\" content=\"Washington Tiago\" \/>\n\t<meta name=\"twitter:label2\" content=\"Est. tempo de leitura\" \/>\n\t<meta name=\"twitter:data2\" content=\"2 minutos\" \/>\n<script type=\"application\/ld+json\" class=\"yoast-schema-graph\">{\"@context\":\"https:\/\/schema.org\",\"@graph\":[{\"@type\":\"Article\",\"@id\":\"https:\/\/sudoesteacontece.com.br\/?p=10174#article\",\"isPartOf\":{\"@id\":\"https:\/\/sudoesteacontece.com.br\/?p=10174\"},\"author\":{\"name\":\"Washington Tiago\",\"@id\":\"https:\/\/sudoesteacontece.com.br\/#\/schema\/person\/3cf2cf009926a9683ebc29d5379fa79c\"},\"headline\":\"Briga entre funcion\u00e1rias termina em ataque com faca em frente a f\u00e1brica de cal\u00e7ados na cidade de Itapetinga\",\"datePublished\":\"2026-03-12T20:57:36+00:00\",\"dateModified\":\"2026-03-12T20:57:41+00:00\",\"mainEntityOfPage\":{\"@id\":\"https:\/\/sudoesteacontece.com.br\/?p=10174\"},\"wordCount\":310,\"commentCount\":0,\"publisher\":{\"@id\":\"https:\/\/sudoesteacontece.com.br\/#organization\"},\"image\":{\"@id\":\"https:\/\/sudoesteacontece.com.br\/?p=10174#primaryimage\"},\"thumbnailUrl\":\"http:\/\/sudoesteacontece.com.br\/wp-content\/uploads\/2026\/03\/Novo-Projeto-20.jpg\",\"articleSection\":[\"Cidades\",\"Itapetinga\",\"Pol\u00edcia\"],\"inLanguage\":\"pt-BR\",\"potentialAction\":[{\"@type\":\"CommentAction\",\"name\":\"Comment\",\"target\":[\"https:\/\/sudoesteacontece.com.br\/?p=10174#respond\"]}]},{\"@type\":\"WebPage\",\"@id\":\"https:\/\/sudoesteacontece.com.br\/?p=10174\",\"url\":\"https:\/\/sudoesteacontece.com.br\/?p=10174\",\"name\":\"Briga entre funcion\u00e1rias termina em ataque com faca em frente a f\u00e1brica de cal\u00e7ados na cidade de Itapetinga - Sudoesteacontece\",\"isPartOf\":{\"@id\":\"https:\/\/sudoesteacontece.com.br\/#website\"},\"primaryImageOfPage\":{\"@id\":\"https:\/\/sudoesteacontece.com.br\/?p=10174#primaryimage\"},\"image\":{\"@id\":\"https:\/\/sudoesteacontece.com.br\/?p=10174#primaryimage\"},\"thumbnailUrl\":\"http:\/\/sudoesteacontece.com.br\/wp-content\/uploads\/2026\/03\/Novo-Projeto-20.jpg\",\"datePublished\":\"2026-03-12T20:57:36+00:00\",\"dateModified\":\"2026-03-12T20:57:41+00:00\",\"breadcrumb\":{\"@id\":\"https:\/\/sudoesteacontece.com.br\/?p=10174#breadcrumb\"},\"inLanguage\":\"pt-BR\",\"potentialAction\":[{\"@type\":\"ReadAction\",\"target\":[\"https:\/\/sudoesteacontece.com.br\/?p=10174\"]}]},{\"@type\":\"ImageObject\",\"inLanguage\":\"pt-BR\",\"@id\":\"https:\/\/sudoesteacontece.com.br\/?p=10174#primaryimage\",\"url\":\"https:\/\/sudoesteacontece.com.br\/wp-content\/uploads\/2026\/03\/Novo-Projeto-20.jpg\",\"contentUrl\":\"https:\/\/sudoesteacontece.com.br\/wp-content\/uploads\/2026\/03\/Novo-Projeto-20.jpg\",\"width\":900,\"height\":600},{\"@type\":\"BreadcrumbList\",\"@id\":\"https:\/\/sudoesteacontece.com.br\/?p=10174#breadcrumb\",\"itemListElement\":[{\"@type\":\"ListItem\",\"position\":1,\"name\":\"In\u00edcio\",\"item\":\"https:\/\/sudoesteacontece.com.br\/\"},{\"@type\":\"ListItem\",\"position\":2,\"name\":\"Briga entre funcion\u00e1rias termina em ataque com faca em frente a f\u00e1brica de cal\u00e7ados na cidade de Itapetinga\"}]},{\"@type\":\"WebSite\",\"@id\":\"https:\/\/sudoesteacontece.com.br\/#website\",\"url\":\"https:\/\/sudoesteacontece.com.br\/\",\"name\":\"Sudoesteacontece\",\"description\":\"\",\"publisher\":{\"@id\":\"https:\/\/sudoesteacontece.com.br\/#organization\"},\"potentialAction\":[{\"@type\":\"SearchAction\",\"target\":{\"@type\":\"EntryPoint\",\"urlTemplate\":\"https:\/\/sudoesteacontece.com.br\/?s={search_term_string}\"},\"query-input\":{\"@type\":\"PropertyValueSpecification\",\"valueRequired\":true,\"valueName\":\"search_term_string\"}}],\"inLanguage\":\"pt-BR\"},{\"@type\":\"Organization\",\"@id\":\"https:\/\/sudoesteacontece.com.br\/#organization\",\"name\":\"Sudoesteacontece\",\"url\":\"https:\/\/sudoesteacontece.com.br\/\",\"logo\":{\"@type\":\"ImageObject\",\"inLanguage\":\"pt-BR\",\"@id\":\"https:\/\/sudoesteacontece.com.br\/#\/schema\/logo\/image\/\",\"url\":\"https:\/\/sudoesteacontece.com.br\/wp-content\/uploads\/2025\/12\/cropped-logo-2-180x180-1.png\",\"contentUrl\":\"https:\/\/sudoesteacontece.com.br\/wp-content\/uploads\/2025\/12\/cropped-logo-2-180x180-1.png\",\"width\":180,\"height\":180,\"caption\":\"Sudoesteacontece\"},\"image\":{\"@id\":\"https:\/\/sudoesteacontece.com.br\/#\/schema\/logo\/image\/\"},\"sameAs\":[\"https:\/\/www.facebook.com\/sudoesteacontece\/?locale=pt_BR\"]},{\"@type\":\"Person\",\"@id\":\"https:\/\/sudoesteacontece.com.br\/#\/schema\/person\/3cf2cf009926a9683ebc29d5379fa79c\",\"name\":\"Washington Tiago\",\"image\":{\"@type\":\"ImageObject\",\"inLanguage\":\"pt-BR\",\"@id\":\"https:\/\/sudoesteacontece.com.br\/#\/schema\/person\/image\/\",\"url\":\"https:\/\/secure.gravatar.com\/avatar\/33c43b8668157e040f9d1fe93c354bf087cbd8ba36270c1163198bd3ddcf2a56?s=96&d=mm&r=g\",\"contentUrl\":\"https:\/\/secure.gravatar.com\/avatar\/33c43b8668157e040f9d1fe93c354bf087cbd8ba36270c1163198bd3ddcf2a56?s=96&d=mm&r=g\",\"caption\":\"Washington Tiago\"},\"url\":\"https:\/\/sudoesteacontece.com.br\/?author=2\"}]}<\/script>\n<!-- \/ Yoast SEO plugin. -->","yoast_head_json":{"title":"Briga entre funcion\u00e1rias termina em ataque com faca em frente a f\u00e1brica de cal\u00e7ados na cidade de Itapetinga - Sudoesteacontece","robots":{"index":"index","follow":"follow","max-snippet":"max-snippet:-1","max-image-preview":"max-image-preview:large","max-video-preview":"max-video-preview:-1"},"canonical":"https:\/\/sudoesteacontece.com.br\/?p=10174","og_locale":"pt_BR","og_type":"article","og_title":"Briga entre funcion\u00e1rias termina em ataque com faca em frente a f\u00e1brica de cal\u00e7ados na cidade de Itapetinga - Sudoesteacontece","og_description":"Viol\u00eancia surpreendeu trabalhadores e moradores na manh\u00e3 desta quinta-feira (12) em Itapetinga, quando uma discuss\u00e3o entre funcion\u00e1rias de uma f\u00e1brica de cal\u00e7ados terminou com duas mulheres feridas ap\u00f3s um ataque com faca registrado nas proximidades da unidade industrial. Confus\u00e3o aconteceu em frente \u00e0 f\u00e1brica da Vulcabr\u00e1s Azaleia e rapidamente gerou preocupa\u00e7\u00e3o entre colegas de trabalho e pessoas que passavam pelo local. Testemunhas relataram que a discuss\u00e3o entre as trabalhadoras se intensificou e acabou evoluindo para agress\u00f5es f\u00edsicas. Durante o confronto, duas funcion\u00e1rias foram atingidas por golpes de faca. Uma das v\u00edtimas sofreu ferimento no bra\u00e7o, enquanto a outra foi atingida na regi\u00e3o da cabe\u00e7a, provocando momentos de tens\u00e3o entre trabalhadores que presenciaram a cena e acionaram socorro imediatamente. Equipes de atendimento encaminharam as v\u00edtimas para a Santa Casa de Miseric\u00f3rdia de Itapetinga, onde receberam cuidados m\u00e9dicos. Informa\u00e7\u00f5es preliminares indicam que as duas mulheres foram atendidas e n\u00e3o correm risco de morte. Identidade das envolvidas n\u00e3o foi divulgada at\u00e9 o momento. Autoridades ainda apuram as circunst\u00e2ncias da briga para entender o que teria motivado o desentendimento que terminou em viol\u00eancia diante da unidade industrial. Distante cerca de 100 quil\u00f4metros de Vit\u00f3ria da Conquista, a cidade de Itapetinga \u00e9 conhecida pela forte presen\u00e7a da ind\u00fastria cal\u00e7adista, setor que emprega centenas de trabalhadores na regi\u00e3o e movimenta parte importante da economia local. Investiga\u00e7\u00e3o sobre o caso deve esclarecer a sequ\u00eancia de fatos que levou \u00e0 agress\u00e3o. At\u00e9 o momento, n\u00e3o h\u00e1 informa\u00e7\u00f5es oficiais sobre poss\u00edveis medidas administrativas ou policiais relacionadas ao epis\u00f3dio registrado entre as funcion\u00e1rias.","og_url":"https:\/\/sudoesteacontece.com.br\/?p=10174","og_site_name":"Sudoesteacontece","article_publisher":"https:\/\/www.facebook.com\/sudoesteacontece\/?locale=pt_BR","article_published_time":"2026-03-12T20:57:36+00:00","article_modified_time":"2026-03-12T20:57:41+00:00","og_image":[{"url":"http:\/\/sudoesteacontece.com.br\/wp-content\/uploads\/2026\/03\/Novo-Projeto-20.jpg","type":"","width":"","height":""}],"author":"Washington Tiago","twitter_card":"summary_large_image","twitter_misc":{"Escrito por":"Washington Tiago","Est. tempo de leitura":"2 minutos"},"schema":{"@context":"https:\/\/schema.org","@graph":[{"@type":"Article","@id":"https:\/\/sudoesteacontece.com.br\/?p=10174#article","isPartOf":{"@id":"https:\/\/sudoesteacontece.com.br\/?p=10174"},"author":{"name":"Washington Tiago","@id":"https:\/\/sudoesteacontece.com.br\/#\/schema\/person\/3cf2cf009926a9683ebc29d5379fa79c"},"headline":"Briga entre funcion\u00e1rias termina em ataque com faca em frente a f\u00e1brica de cal\u00e7ados na cidade de Itapetinga","datePublished":"2026-03-12T20:57:36+00:00","dateModified":"2026-03-12T20:57:41+00:00","mainEntityOfPage":{"@id":"https:\/\/sudoesteacontece.com.br\/?p=10174"},"wordCount":310,"commentCount":0,"publisher":{"@id":"https:\/\/sudoesteacontece.com.br\/#organization"},"image":{"@id":"https:\/\/sudoesteacontece.com.br\/?p=10174#primaryimage"},"thumbnailUrl":"http:\/\/sudoesteacontece.com.br\/wp-content\/uploads\/2026\/03\/Novo-Projeto-20.jpg","articleSection":["Cidades","Itapetinga","Pol\u00edcia"],"inLanguage":"pt-BR","potentialAction":[{"@type":"CommentAction","name":"Comment","target":["https:\/\/sudoesteacontece.com.br\/?p=10174#respond"]}]},{"@type":"WebPage","@id":"https:\/\/sudoesteacontece.com.br\/?p=10174","url":"https:\/\/sudoesteacontece.com.br\/?p=10174","name":"Briga entre funcion\u00e1rias termina em ataque com faca em frente a f\u00e1brica de cal\u00e7ados na cidade de Itapetinga - Sudoesteacontece","isPartOf":{"@id":"https:\/\/sudoesteacontece.com.br\/#website"},"primaryImageOfPage":{"@id":"https:\/\/sudoesteacontece.com.br\/?p=10174#primaryimage"},"image":{"@id":"https:\/\/sudoesteacontece.com.br\/?p=10174#primaryimage"},"thumbnailUrl":"http:\/\/sudoesteacontece.com.br\/wp-content\/uploads\/2026\/03\/Novo-Projeto-20.jpg","datePublished":"2026-03-12T20:57:36+00:00","dateModified":"2026-03-12T20:57:41+00:00","breadcrumb":{"@id":"https:\/\/sudoesteacontece.com.br\/?p=10174#breadcrumb"},"inLanguage":"pt-BR","potentialAction":[{"@type":"ReadAction","target":["https:\/\/sudoesteacontece.com.br\/?p=10174"]}]},{"@type":"ImageObject","inLanguage":"pt-BR","@id":"https:\/\/sudoesteacontece.com.br\/?p=10174#primaryimage","url":"https:\/\/sudoesteacontece.com.br\/wp-content\/uploads\/2026\/03\/Novo-Projeto-20.jpg","contentUrl":"https:\/\/sudoesteacontece.com.br\/wp-content\/uploads\/2026\/03\/Novo-Projeto-20.jpg","width":900,"height":600},{"@type":"BreadcrumbList","@id":"https:\/\/sudoesteacontece.com.br\/?p=10174#breadcrumb","itemListElement":[{"@type":"ListItem","position":1,"name":"In\u00edcio","item":"https:\/\/sudoesteacontece.com.br\/"},{"@type":"ListItem","position":2,"name":"Briga entre funcion\u00e1rias termina em ataque com faca em frente a f\u00e1brica de cal\u00e7ados na cidade de Itapetinga"}]},{"@type":"WebSite","@id":"https:\/\/sudoesteacontece.com.br\/#website","url":"https:\/\/sudoesteacontece.com.br\/","name":"Sudoesteacontece","description":"","publisher":{"@id":"https:\/\/sudoesteacontece.com.br\/#organization"},"potentialAction":[{"@type":"SearchAction","target":{"@type":"EntryPoint","urlTemplate":"https:\/\/sudoesteacontece.com.br\/?s={search_term_string}"},"query-input":{"@type":"PropertyValueSpecification","valueRequired":true,"valueName":"search_term_string"}}],"inLanguage":"pt-BR"},{"@type":"Organization","@id":"https:\/\/sudoesteacontece.com.br\/#organization","name":"Sudoesteacontece","url":"https:\/\/sudoesteacontece.com.br\/","logo":{"@type":"ImageObject","inLanguage":"pt-BR","@id":"https:\/\/sudoesteacontece.com.br\/#\/schema\/logo\/image\/","url":"https:\/\/sudoesteacontece.com.br\/wp-content\/uploads\/2025\/12\/cropped-logo-2-180x180-1.png","contentUrl":"https:\/\/sudoesteacontece.com.br\/wp-content\/uploads\/2025\/12\/cropped-logo-2-180x180-1.png","width":180,"height":180,"caption":"Sudoesteacontece"},"image":{"@id":"https:\/\/sudoesteacontece.com.br\/#\/schema\/logo\/image\/"},"sameAs":["https:\/\/www.facebook.com\/sudoesteacontece\/?locale=pt_BR"]},{"@type":"Person","@id":"https:\/\/sudoesteacontece.com.br\/#\/schema\/person\/3cf2cf009926a9683ebc29d5379fa79c","name":"Washington Tiago","image":{"@type":"ImageObject","inLanguage":"pt-BR","@id":"https:\/\/sudoesteacontece.com.br\/#\/schema\/person\/image\/","url":"https:\/\/secure.gravatar.com\/avatar\/33c43b8668157e040f9d1fe93c354bf087cbd8ba36270c1163198bd3ddcf2a56?s=96&d=mm&r=g","contentUrl":"https:\/\/secure.gravatar.com\/avatar\/33c43b8668157e040f9d1fe93c354bf087cbd8ba36270c1163198bd3ddcf2a56?s=96&d=mm&r=g","caption":"Washington Tiago"},"url":"https:\/\/sudoesteacontece.com.br\/?author=2"}]}},"_links":{"self":[{"href":"https:\/\/sudoesteacontece.com.br\/index.php?rest_route=\/wp\/v2\/posts\/10174","targetHints":{"allow":["GET"]}}],"collection":[{"href":"https:\/\/sudoesteacontece.com.br\/index.php?rest_route=\/wp\/v2\/posts"}],"about":[{"href":"https:\/\/sudoesteacontece.com.br\/index.php?rest_route=\/wp\/v2\/types\/post"}],"author":[{"embeddable":true,"href":"https:\/\/sudoesteacontece.com.br\/index.php?rest_route=\/wp\/v2\/users\/2"}],"replies":[{"embeddable":true,"href":"https:\/\/sudoesteacontece.com.br\/index.php?rest_route=%2Fwp%2Fv2%2Fcomments&post=10174"}],"version-history":[{"count":0,"href":"https:\/\/sudoesteacontece.com.br\/index.php?rest_route=\/wp\/v2\/posts\/10174\/revisions"}],"wp:attachment":[{"href":"https:\/\/sudoesteacontece.com.br\/index.php?rest_route=%2Fwp%2Fv2%2Fmedia&parent=10174"}],"wp:term":[{"taxonomy":"category","embeddable":true,"href":"https:\/\/sudoesteacontece.com.br\/index.php?rest_route=%2Fwp%2Fv2%2Fcategories&post=10174"},{"taxonomy":"post_tag","embeddable":true,"href":"https:\/\/sudoesteacontece.com.br\/index.php?rest_route=%2Fwp%2Fv2%2Ftags&post=10174"}],"curies":[{"name":"wp","href":"https:\/\/api.w.org\/{rel}","templated":true}]}}