{"id":10176,"date":"2026-03-12T18:18:41","date_gmt":"2026-03-12T21:18:41","guid":{"rendered":"https:\/\/sudoesteacontece.com.br\/?p=10176"},"modified":"2026-03-12T18:18:45","modified_gmt":"2026-03-12T21:18:45","slug":"homem-desaparecido-e-encontrado-morto-em-rio-no-sul-da-bahia-caso-gera-comocao-em-ilheus","status":"publish","type":"post","link":"https:\/\/sudoesteacontece.com.br\/?p=10176","title":{"rendered":"Homem desaparecido \u00e9 encontrado morto em rio no sul da Bahia; caso gera como\u00e7\u00e3o em Ilh\u00e9us"},"content":{"rendered":"\n<figure class=\"wp-block-image size-full\"><img fetchpriority=\"high\" decoding=\"async\" width=\"900\" height=\"600\" src=\"http:\/\/sudoesteacontece.com.br\/wp-content\/uploads\/2026\/03\/Novo-Projeto-2-2.jpg\" alt=\"\" class=\"wp-image-10186\" srcset=\"https:\/\/sudoesteacontece.com.br\/wp-content\/uploads\/2026\/03\/Novo-Projeto-2-2.jpg 900w, https:\/\/sudoesteacontece.com.br\/wp-content\/uploads\/2026\/03\/Novo-Projeto-2-2-300x200.jpg 300w, https:\/\/sudoesteacontece.com.br\/wp-content\/uploads\/2026\/03\/Novo-Projeto-2-2-768x512.jpg 768w\" sizes=\"(max-width: 900px) 100vw, 900px\" \/><\/figure>\n\n\n\n<p>Trag\u00e9dia marcou a tarde desta quinta-feira (12) em Ilh\u00e9us, no sul da Bahia, ap\u00f3s o corpo de um homem ser encontrado em um rio da regi\u00e3o. A v\u00edtima foi identificada como H\u00e9rcules de Souza, que estava desaparecido desde a semana passada.<\/p>\n\n\n\n<p>Moradores da \u00e1rea acionaram equipes de resgate ap\u00f3s perceberem a presen\u00e7a do corpo na \u00e1gua. O caso gerou grande movimenta\u00e7\u00e3o no local e chamou a aten\u00e7\u00e3o de populares, que acompanharam com preocupa\u00e7\u00e3o o trabalho realizado pelas autoridades durante o resgate.<\/p>\n\n\n\n<p>Equipes do Corpo de Bombeiros Militar da Bahia foram mobilizadas e realizaram a retirada do corpo do rio. A opera\u00e7\u00e3o ocorreu ap\u00f3s solicita\u00e7\u00f5es feitas por moradores da regi\u00e3o, que relataram o desaparecimento e ajudaram nas buscas.<\/p>\n\n\n\n<p>Informa\u00e7\u00f5es preliminares indicam que H\u00e9rcules de Souza estava desaparecido h\u00e1 alguns dias, o que aumentou a ang\u00fastia de familiares e amigos. A confirma\u00e7\u00e3o da identidade da v\u00edtima provocou forte como\u00e7\u00e3o entre pessoas pr\u00f3ximas, que aguardavam not\u00edcias desde o in\u00edcio das buscas.<\/p>\n\n\n\n<p>Circunst\u00e2ncias da morte ainda s\u00e3o desconhecidas e devem ser esclarecidas ap\u00f3s investiga\u00e7\u00e3o das autoridades. Procedimentos legais foram iniciados para apurar o que aconteceu e se h\u00e1 ind\u00edcios de acidente, afogamento ou outro tipo de ocorr\u00eancia.<\/p>\n\n\n\n<p>Como\u00e7\u00e3o tomou conta da comunidade local diante da perda repentina. Amigos e conhecidos lamentaram o ocorrido e prestaram homenagens nas redes sociais, lembrando momentos vividos ao lado da v\u00edtima enquanto aguardam respostas sobre o caso.<\/p>\n","protected":false},"excerpt":{"rendered":"<p>Trag\u00e9dia marcou a tarde desta quinta-feira (12) em Ilh\u00e9us, no sul da Bahia, ap\u00f3s o corpo de um homem ser encontrado em um rio da regi\u00e3o. A v\u00edtima foi identificada como H\u00e9rcules de Souza, que estava desaparecido desde a semana passada. Moradores da \u00e1rea acionaram equipes de resgate ap\u00f3s perceberem a presen\u00e7a do corpo na \u00e1gua. O caso gerou grande movimenta\u00e7\u00e3o no local e chamou a aten\u00e7\u00e3o de populares, que acompanharam com preocupa\u00e7\u00e3o o trabalho realizado pelas autoridades durante o resgate. Equipes do Corpo de Bombeiros Militar da Bahia foram mobilizadas e realizaram a retirada do corpo do rio. A opera\u00e7\u00e3o ocorreu ap\u00f3s solicita\u00e7\u00f5es feitas por moradores da regi\u00e3o, que relataram o desaparecimento e ajudaram nas buscas. Informa\u00e7\u00f5es preliminares indicam que H\u00e9rcules de Souza estava desaparecido h\u00e1 alguns dias, o que aumentou a ang\u00fastia de familiares e amigos. A confirma\u00e7\u00e3o da identidade da v\u00edtima provocou forte como\u00e7\u00e3o entre pessoas pr\u00f3ximas, que aguardavam not\u00edcias desde o in\u00edcio das buscas. Circunst\u00e2ncias da morte ainda s\u00e3o desconhecidas e devem ser esclarecidas ap\u00f3s investiga\u00e7\u00e3o das autoridades. Procedimentos legais foram iniciados para apurar o que aconteceu e se h\u00e1 ind\u00edcios de acidente, afogamento ou outro tipo de ocorr\u00eancia. Como\u00e7\u00e3o tomou conta da comunidade local diante da perda repentina. Amigos e conhecidos lamentaram o ocorrido e prestaram homenagens nas redes sociais, lembrando momentos vividos ao lado da v\u00edtima enquanto aguardam respostas sobre o caso.<\/p>\n","protected":false},"author":2,"featured_media":0,"comment_status":"open","ping_status":"open","sticky":false,"template":"","format":"standard","meta":{"footnotes":""},"categories":[4,3],"tags":[],"class_list":["post-10176","post","type-post","status-publish","format-standard","hentry","category-cidades","category-policia"],"yoast_head":"<!-- This site is optimized with the Yoast SEO plugin v26.5 - https:\/\/yoast.com\/wordpress\/plugins\/seo\/ -->\n<title>Homem desaparecido \u00e9 encontrado morto em rio no sul da Bahia; caso gera como\u00e7\u00e3o em Ilh\u00e9us - Sudoesteacontece<\/title>\n<meta name=\"robots\" content=\"index, follow, max-snippet:-1, max-image-preview:large, max-video-preview:-1\" \/>\n<link rel=\"canonical\" href=\"https:\/\/sudoesteacontece.com.br\/?p=10176\" \/>\n<meta property=\"og:locale\" content=\"pt_BR\" \/>\n<meta property=\"og:type\" content=\"article\" \/>\n<meta property=\"og:title\" content=\"Homem desaparecido \u00e9 encontrado morto em rio no sul da Bahia; caso gera como\u00e7\u00e3o em Ilh\u00e9us - Sudoesteacontece\" \/>\n<meta property=\"og:description\" content=\"Trag\u00e9dia marcou a tarde desta quinta-feira (12) em Ilh\u00e9us, no sul da Bahia, ap\u00f3s o corpo de um homem ser encontrado em um rio da regi\u00e3o. A v\u00edtima foi identificada como H\u00e9rcules de Souza, que estava desaparecido desde a semana passada. Moradores da \u00e1rea acionaram equipes de resgate ap\u00f3s perceberem a presen\u00e7a do corpo na \u00e1gua. O caso gerou grande movimenta\u00e7\u00e3o no local e chamou a aten\u00e7\u00e3o de populares, que acompanharam com preocupa\u00e7\u00e3o o trabalho realizado pelas autoridades durante o resgate. Equipes do Corpo de Bombeiros Militar da Bahia foram mobilizadas e realizaram a retirada do corpo do rio. A opera\u00e7\u00e3o ocorreu ap\u00f3s solicita\u00e7\u00f5es feitas por moradores da regi\u00e3o, que relataram o desaparecimento e ajudaram nas buscas. Informa\u00e7\u00f5es preliminares indicam que H\u00e9rcules de Souza estava desaparecido h\u00e1 alguns dias, o que aumentou a ang\u00fastia de familiares e amigos. A confirma\u00e7\u00e3o da identidade da v\u00edtima provocou forte como\u00e7\u00e3o entre pessoas pr\u00f3ximas, que aguardavam not\u00edcias desde o in\u00edcio das buscas. Circunst\u00e2ncias da morte ainda s\u00e3o desconhecidas e devem ser esclarecidas ap\u00f3s investiga\u00e7\u00e3o das autoridades. Procedimentos legais foram iniciados para apurar o que aconteceu e se h\u00e1 ind\u00edcios de acidente, afogamento ou outro tipo de ocorr\u00eancia. Como\u00e7\u00e3o tomou conta da comunidade local diante da perda repentina. Amigos e conhecidos lamentaram o ocorrido e prestaram homenagens nas redes sociais, lembrando momentos vividos ao lado da v\u00edtima enquanto aguardam respostas sobre o caso.\" \/>\n<meta property=\"og:url\" content=\"https:\/\/sudoesteacontece.com.br\/?p=10176\" \/>\n<meta property=\"og:site_name\" content=\"Sudoesteacontece\" \/>\n<meta property=\"article:publisher\" content=\"https:\/\/www.facebook.com\/sudoesteacontece\/?locale=pt_BR\" \/>\n<meta property=\"article:published_time\" content=\"2026-03-12T21:18:41+00:00\" \/>\n<meta property=\"article:modified_time\" content=\"2026-03-12T21:18:45+00:00\" \/>\n<meta property=\"og:image\" content=\"http:\/\/sudoesteacontece.com.br\/wp-content\/uploads\/2026\/03\/Novo-Projeto-2-2.jpg\" \/>\n<meta name=\"author\" content=\"Washington Tiago\" \/>\n<meta name=\"twitter:card\" content=\"summary_large_image\" \/>\n<meta name=\"twitter:label1\" content=\"Escrito por\" \/>\n\t<meta name=\"twitter:data1\" content=\"Washington Tiago\" \/>\n\t<meta name=\"twitter:label2\" content=\"Est. tempo de leitura\" \/>\n\t<meta name=\"twitter:data2\" content=\"2 minutos\" \/>\n<script type=\"application\/ld+json\" class=\"yoast-schema-graph\">{\"@context\":\"https:\/\/schema.org\",\"@graph\":[{\"@type\":\"Article\",\"@id\":\"https:\/\/sudoesteacontece.com.br\/?p=10176#article\",\"isPartOf\":{\"@id\":\"https:\/\/sudoesteacontece.com.br\/?p=10176\"},\"author\":{\"name\":\"Washington Tiago\",\"@id\":\"https:\/\/sudoesteacontece.com.br\/#\/schema\/person\/3cf2cf009926a9683ebc29d5379fa79c\"},\"headline\":\"Homem desaparecido \u00e9 encontrado morto em rio no sul da Bahia; caso gera como\u00e7\u00e3o em Ilh\u00e9us\",\"datePublished\":\"2026-03-12T21:18:41+00:00\",\"dateModified\":\"2026-03-12T21:18:45+00:00\",\"mainEntityOfPage\":{\"@id\":\"https:\/\/sudoesteacontece.com.br\/?p=10176\"},\"wordCount\":276,\"commentCount\":0,\"publisher\":{\"@id\":\"https:\/\/sudoesteacontece.com.br\/#organization\"},\"image\":{\"@id\":\"https:\/\/sudoesteacontece.com.br\/?p=10176#primaryimage\"},\"thumbnailUrl\":\"http:\/\/sudoesteacontece.com.br\/wp-content\/uploads\/2026\/03\/Novo-Projeto-2-2.jpg\",\"articleSection\":[\"Cidades\",\"Pol\u00edcia\"],\"inLanguage\":\"pt-BR\",\"potentialAction\":[{\"@type\":\"CommentAction\",\"name\":\"Comment\",\"target\":[\"https:\/\/sudoesteacontece.com.br\/?p=10176#respond\"]}]},{\"@type\":\"WebPage\",\"@id\":\"https:\/\/sudoesteacontece.com.br\/?p=10176\",\"url\":\"https:\/\/sudoesteacontece.com.br\/?p=10176\",\"name\":\"Homem desaparecido \u00e9 encontrado morto em rio no sul da Bahia; caso gera como\u00e7\u00e3o em Ilh\u00e9us - Sudoesteacontece\",\"isPartOf\":{\"@id\":\"https:\/\/sudoesteacontece.com.br\/#website\"},\"primaryImageOfPage\":{\"@id\":\"https:\/\/sudoesteacontece.com.br\/?p=10176#primaryimage\"},\"image\":{\"@id\":\"https:\/\/sudoesteacontece.com.br\/?p=10176#primaryimage\"},\"thumbnailUrl\":\"http:\/\/sudoesteacontece.com.br\/wp-content\/uploads\/2026\/03\/Novo-Projeto-2-2.jpg\",\"datePublished\":\"2026-03-12T21:18:41+00:00\",\"dateModified\":\"2026-03-12T21:18:45+00:00\",\"breadcrumb\":{\"@id\":\"https:\/\/sudoesteacontece.com.br\/?p=10176#breadcrumb\"},\"inLanguage\":\"pt-BR\",\"potentialAction\":[{\"@type\":\"ReadAction\",\"target\":[\"https:\/\/sudoesteacontece.com.br\/?p=10176\"]}]},{\"@type\":\"ImageObject\",\"inLanguage\":\"pt-BR\",\"@id\":\"https:\/\/sudoesteacontece.com.br\/?p=10176#primaryimage\",\"url\":\"https:\/\/sudoesteacontece.com.br\/wp-content\/uploads\/2026\/03\/Novo-Projeto-2-2.jpg\",\"contentUrl\":\"https:\/\/sudoesteacontece.com.br\/wp-content\/uploads\/2026\/03\/Novo-Projeto-2-2.jpg\",\"width\":900,\"height\":600},{\"@type\":\"BreadcrumbList\",\"@id\":\"https:\/\/sudoesteacontece.com.br\/?p=10176#breadcrumb\",\"itemListElement\":[{\"@type\":\"ListItem\",\"position\":1,\"name\":\"In\u00edcio\",\"item\":\"https:\/\/sudoesteacontece.com.br\/\"},{\"@type\":\"ListItem\",\"position\":2,\"name\":\"Homem desaparecido \u00e9 encontrado morto em rio no sul da Bahia; caso gera como\u00e7\u00e3o em Ilh\u00e9us\"}]},{\"@type\":\"WebSite\",\"@id\":\"https:\/\/sudoesteacontece.com.br\/#website\",\"url\":\"https:\/\/sudoesteacontece.com.br\/\",\"name\":\"Sudoesteacontece\",\"description\":\"\",\"publisher\":{\"@id\":\"https:\/\/sudoesteacontece.com.br\/#organization\"},\"potentialAction\":[{\"@type\":\"SearchAction\",\"target\":{\"@type\":\"EntryPoint\",\"urlTemplate\":\"https:\/\/sudoesteacontece.com.br\/?s={search_term_string}\"},\"query-input\":{\"@type\":\"PropertyValueSpecification\",\"valueRequired\":true,\"valueName\":\"search_term_string\"}}],\"inLanguage\":\"pt-BR\"},{\"@type\":\"Organization\",\"@id\":\"https:\/\/sudoesteacontece.com.br\/#organization\",\"name\":\"Sudoesteacontece\",\"url\":\"https:\/\/sudoesteacontece.com.br\/\",\"logo\":{\"@type\":\"ImageObject\",\"inLanguage\":\"pt-BR\",\"@id\":\"https:\/\/sudoesteacontece.com.br\/#\/schema\/logo\/image\/\",\"url\":\"https:\/\/sudoesteacontece.com.br\/wp-content\/uploads\/2025\/12\/cropped-logo-2-180x180-1.png\",\"contentUrl\":\"https:\/\/sudoesteacontece.com.br\/wp-content\/uploads\/2025\/12\/cropped-logo-2-180x180-1.png\",\"width\":180,\"height\":180,\"caption\":\"Sudoesteacontece\"},\"image\":{\"@id\":\"https:\/\/sudoesteacontece.com.br\/#\/schema\/logo\/image\/\"},\"sameAs\":[\"https:\/\/www.facebook.com\/sudoesteacontece\/?locale=pt_BR\"]},{\"@type\":\"Person\",\"@id\":\"https:\/\/sudoesteacontece.com.br\/#\/schema\/person\/3cf2cf009926a9683ebc29d5379fa79c\",\"name\":\"Washington Tiago\",\"image\":{\"@type\":\"ImageObject\",\"inLanguage\":\"pt-BR\",\"@id\":\"https:\/\/sudoesteacontece.com.br\/#\/schema\/person\/image\/\",\"url\":\"https:\/\/secure.gravatar.com\/avatar\/33c43b8668157e040f9d1fe93c354bf087cbd8ba36270c1163198bd3ddcf2a56?s=96&d=mm&r=g\",\"contentUrl\":\"https:\/\/secure.gravatar.com\/avatar\/33c43b8668157e040f9d1fe93c354bf087cbd8ba36270c1163198bd3ddcf2a56?s=96&d=mm&r=g\",\"caption\":\"Washington Tiago\"},\"url\":\"https:\/\/sudoesteacontece.com.br\/?author=2\"}]}<\/script>\n<!-- \/ Yoast SEO plugin. -->","yoast_head_json":{"title":"Homem desaparecido \u00e9 encontrado morto em rio no sul da Bahia; caso gera como\u00e7\u00e3o em Ilh\u00e9us - Sudoesteacontece","robots":{"index":"index","follow":"follow","max-snippet":"max-snippet:-1","max-image-preview":"max-image-preview:large","max-video-preview":"max-video-preview:-1"},"canonical":"https:\/\/sudoesteacontece.com.br\/?p=10176","og_locale":"pt_BR","og_type":"article","og_title":"Homem desaparecido \u00e9 encontrado morto em rio no sul da Bahia; caso gera como\u00e7\u00e3o em Ilh\u00e9us - Sudoesteacontece","og_description":"Trag\u00e9dia marcou a tarde desta quinta-feira (12) em Ilh\u00e9us, no sul da Bahia, ap\u00f3s o corpo de um homem ser encontrado em um rio da regi\u00e3o. A v\u00edtima foi identificada como H\u00e9rcules de Souza, que estava desaparecido desde a semana passada. Moradores da \u00e1rea acionaram equipes de resgate ap\u00f3s perceberem a presen\u00e7a do corpo na \u00e1gua. O caso gerou grande movimenta\u00e7\u00e3o no local e chamou a aten\u00e7\u00e3o de populares, que acompanharam com preocupa\u00e7\u00e3o o trabalho realizado pelas autoridades durante o resgate. Equipes do Corpo de Bombeiros Militar da Bahia foram mobilizadas e realizaram a retirada do corpo do rio. A opera\u00e7\u00e3o ocorreu ap\u00f3s solicita\u00e7\u00f5es feitas por moradores da regi\u00e3o, que relataram o desaparecimento e ajudaram nas buscas. Informa\u00e7\u00f5es preliminares indicam que H\u00e9rcules de Souza estava desaparecido h\u00e1 alguns dias, o que aumentou a ang\u00fastia de familiares e amigos. A confirma\u00e7\u00e3o da identidade da v\u00edtima provocou forte como\u00e7\u00e3o entre pessoas pr\u00f3ximas, que aguardavam not\u00edcias desde o in\u00edcio das buscas. Circunst\u00e2ncias da morte ainda s\u00e3o desconhecidas e devem ser esclarecidas ap\u00f3s investiga\u00e7\u00e3o das autoridades. Procedimentos legais foram iniciados para apurar o que aconteceu e se h\u00e1 ind\u00edcios de acidente, afogamento ou outro tipo de ocorr\u00eancia. Como\u00e7\u00e3o tomou conta da comunidade local diante da perda repentina. Amigos e conhecidos lamentaram o ocorrido e prestaram homenagens nas redes sociais, lembrando momentos vividos ao lado da v\u00edtima enquanto aguardam respostas sobre o caso.","og_url":"https:\/\/sudoesteacontece.com.br\/?p=10176","og_site_name":"Sudoesteacontece","article_publisher":"https:\/\/www.facebook.com\/sudoesteacontece\/?locale=pt_BR","article_published_time":"2026-03-12T21:18:41+00:00","article_modified_time":"2026-03-12T21:18:45+00:00","og_image":[{"url":"http:\/\/sudoesteacontece.com.br\/wp-content\/uploads\/2026\/03\/Novo-Projeto-2-2.jpg","type":"","width":"","height":""}],"author":"Washington Tiago","twitter_card":"summary_large_image","twitter_misc":{"Escrito por":"Washington Tiago","Est. tempo de leitura":"2 minutos"},"schema":{"@context":"https:\/\/schema.org","@graph":[{"@type":"Article","@id":"https:\/\/sudoesteacontece.com.br\/?p=10176#article","isPartOf":{"@id":"https:\/\/sudoesteacontece.com.br\/?p=10176"},"author":{"name":"Washington Tiago","@id":"https:\/\/sudoesteacontece.com.br\/#\/schema\/person\/3cf2cf009926a9683ebc29d5379fa79c"},"headline":"Homem desaparecido \u00e9 encontrado morto em rio no sul da Bahia; caso gera como\u00e7\u00e3o em Ilh\u00e9us","datePublished":"2026-03-12T21:18:41+00:00","dateModified":"2026-03-12T21:18:45+00:00","mainEntityOfPage":{"@id":"https:\/\/sudoesteacontece.com.br\/?p=10176"},"wordCount":276,"commentCount":0,"publisher":{"@id":"https:\/\/sudoesteacontece.com.br\/#organization"},"image":{"@id":"https:\/\/sudoesteacontece.com.br\/?p=10176#primaryimage"},"thumbnailUrl":"http:\/\/sudoesteacontece.com.br\/wp-content\/uploads\/2026\/03\/Novo-Projeto-2-2.jpg","articleSection":["Cidades","Pol\u00edcia"],"inLanguage":"pt-BR","potentialAction":[{"@type":"CommentAction","name":"Comment","target":["https:\/\/sudoesteacontece.com.br\/?p=10176#respond"]}]},{"@type":"WebPage","@id":"https:\/\/sudoesteacontece.com.br\/?p=10176","url":"https:\/\/sudoesteacontece.com.br\/?p=10176","name":"Homem desaparecido \u00e9 encontrado morto em rio no sul da Bahia; caso gera como\u00e7\u00e3o em Ilh\u00e9us - Sudoesteacontece","isPartOf":{"@id":"https:\/\/sudoesteacontece.com.br\/#website"},"primaryImageOfPage":{"@id":"https:\/\/sudoesteacontece.com.br\/?p=10176#primaryimage"},"image":{"@id":"https:\/\/sudoesteacontece.com.br\/?p=10176#primaryimage"},"thumbnailUrl":"http:\/\/sudoesteacontece.com.br\/wp-content\/uploads\/2026\/03\/Novo-Projeto-2-2.jpg","datePublished":"2026-03-12T21:18:41+00:00","dateModified":"2026-03-12T21:18:45+00:00","breadcrumb":{"@id":"https:\/\/sudoesteacontece.com.br\/?p=10176#breadcrumb"},"inLanguage":"pt-BR","potentialAction":[{"@type":"ReadAction","target":["https:\/\/sudoesteacontece.com.br\/?p=10176"]}]},{"@type":"ImageObject","inLanguage":"pt-BR","@id":"https:\/\/sudoesteacontece.com.br\/?p=10176#primaryimage","url":"https:\/\/sudoesteacontece.com.br\/wp-content\/uploads\/2026\/03\/Novo-Projeto-2-2.jpg","contentUrl":"https:\/\/sudoesteacontece.com.br\/wp-content\/uploads\/2026\/03\/Novo-Projeto-2-2.jpg","width":900,"height":600},{"@type":"BreadcrumbList","@id":"https:\/\/sudoesteacontece.com.br\/?p=10176#breadcrumb","itemListElement":[{"@type":"ListItem","position":1,"name":"In\u00edcio","item":"https:\/\/sudoesteacontece.com.br\/"},{"@type":"ListItem","position":2,"name":"Homem desaparecido \u00e9 encontrado morto em rio no sul da Bahia; caso gera como\u00e7\u00e3o em Ilh\u00e9us"}]},{"@type":"WebSite","@id":"https:\/\/sudoesteacontece.com.br\/#website","url":"https:\/\/sudoesteacontece.com.br\/","name":"Sudoesteacontece","description":"","publisher":{"@id":"https:\/\/sudoesteacontece.com.br\/#organization"},"potentialAction":[{"@type":"SearchAction","target":{"@type":"EntryPoint","urlTemplate":"https:\/\/sudoesteacontece.com.br\/?s={search_term_string}"},"query-input":{"@type":"PropertyValueSpecification","valueRequired":true,"valueName":"search_term_string"}}],"inLanguage":"pt-BR"},{"@type":"Organization","@id":"https:\/\/sudoesteacontece.com.br\/#organization","name":"Sudoesteacontece","url":"https:\/\/sudoesteacontece.com.br\/","logo":{"@type":"ImageObject","inLanguage":"pt-BR","@id":"https:\/\/sudoesteacontece.com.br\/#\/schema\/logo\/image\/","url":"https:\/\/sudoesteacontece.com.br\/wp-content\/uploads\/2025\/12\/cropped-logo-2-180x180-1.png","contentUrl":"https:\/\/sudoesteacontece.com.br\/wp-content\/uploads\/2025\/12\/cropped-logo-2-180x180-1.png","width":180,"height":180,"caption":"Sudoesteacontece"},"image":{"@id":"https:\/\/sudoesteacontece.com.br\/#\/schema\/logo\/image\/"},"sameAs":["https:\/\/www.facebook.com\/sudoesteacontece\/?locale=pt_BR"]},{"@type":"Person","@id":"https:\/\/sudoesteacontece.com.br\/#\/schema\/person\/3cf2cf009926a9683ebc29d5379fa79c","name":"Washington Tiago","image":{"@type":"ImageObject","inLanguage":"pt-BR","@id":"https:\/\/sudoesteacontece.com.br\/#\/schema\/person\/image\/","url":"https:\/\/secure.gravatar.com\/avatar\/33c43b8668157e040f9d1fe93c354bf087cbd8ba36270c1163198bd3ddcf2a56?s=96&d=mm&r=g","contentUrl":"https:\/\/secure.gravatar.com\/avatar\/33c43b8668157e040f9d1fe93c354bf087cbd8ba36270c1163198bd3ddcf2a56?s=96&d=mm&r=g","caption":"Washington Tiago"},"url":"https:\/\/sudoesteacontece.com.br\/?author=2"}]}},"_links":{"self":[{"href":"https:\/\/sudoesteacontece.com.br\/index.php?rest_route=\/wp\/v2\/posts\/10176","targetHints":{"allow":["GET"]}}],"collection":[{"href":"https:\/\/sudoesteacontece.com.br\/index.php?rest_route=\/wp\/v2\/posts"}],"about":[{"href":"https:\/\/sudoesteacontece.com.br\/index.php?rest_route=\/wp\/v2\/types\/post"}],"author":[{"embeddable":true,"href":"https:\/\/sudoesteacontece.com.br\/index.php?rest_route=\/wp\/v2\/users\/2"}],"replies":[{"embeddable":true,"href":"https:\/\/sudoesteacontece.com.br\/index.php?rest_route=%2Fwp%2Fv2%2Fcomments&post=10176"}],"version-history":[{"count":0,"href":"https:\/\/sudoesteacontece.com.br\/index.php?rest_route=\/wp\/v2\/posts\/10176\/revisions"}],"wp:attachment":[{"href":"https:\/\/sudoesteacontece.com.br\/index.php?rest_route=%2Fwp%2Fv2%2Fmedia&parent=10176"}],"wp:term":[{"taxonomy":"category","embeddable":true,"href":"https:\/\/sudoesteacontece.com.br\/index.php?rest_route=%2Fwp%2Fv2%2Fcategories&post=10176"},{"taxonomy":"post_tag","embeddable":true,"href":"https:\/\/sudoesteacontece.com.br\/index.php?rest_route=%2Fwp%2Fv2%2Ftags&post=10176"}],"curies":[{"name":"wp","href":"https:\/\/api.w.org\/{rel}","templated":true}]}}