{"id":10195,"date":"2026-03-13T11:03:38","date_gmt":"2026-03-13T14:03:38","guid":{"rendered":"https:\/\/sudoesteacontece.com.br\/?p=10195"},"modified":"2026-03-13T11:03:42","modified_gmt":"2026-03-13T14:03:42","slug":"drama-de-rosania-comecou-na-enxurrada-e-terminou-em-despedida-marcada-pela-dor-em-vitoria-da-conquista","status":"publish","type":"post","link":"https:\/\/sudoesteacontece.com.br\/?p=10195","title":{"rendered":"Drama de Ros\u00e2nia come\u00e7ou na enxurrada e terminou em despedida marcada pela dor em Vit\u00f3ria da Conquista"},"content":{"rendered":"<div class=\"wp-block-image\">\n<figure class=\"aligncenter size-full\"><img fetchpriority=\"high\" decoding=\"async\" width=\"900\" height=\"600\" src=\"http:\/\/sudoesteacontece.com.br\/wp-content\/uploads\/2026\/03\/Drama-de-Rosania-comecou-na-enxurrada-e-terminou-em-despedida-marcada-pela-dor-em-Vitoria-da-Conquista.jpg\" alt=\"\" class=\"wp-image-10235\" srcset=\"https:\/\/sudoesteacontece.com.br\/wp-content\/uploads\/2026\/03\/Drama-de-Rosania-comecou-na-enxurrada-e-terminou-em-despedida-marcada-pela-dor-em-Vitoria-da-Conquista.jpg 900w, https:\/\/sudoesteacontece.com.br\/wp-content\/uploads\/2026\/03\/Drama-de-Rosania-comecou-na-enxurrada-e-terminou-em-despedida-marcada-pela-dor-em-Vitoria-da-Conquista-300x200.jpg 300w, https:\/\/sudoesteacontece.com.br\/wp-content\/uploads\/2026\/03\/Drama-de-Rosania-comecou-na-enxurrada-e-terminou-em-despedida-marcada-pela-dor-em-Vitoria-da-Conquista-768x512.jpg 768w\" sizes=\"(max-width: 900px) 100vw, 900px\" \/><\/figure>\n<\/div>\n\n\n<p>Na \u00faltima segunda-feira, Ros\u00e2nia Silva Borges, de 46 anos, moradora do bairro Vila Am\u00e9rica, desapareceu ap\u00f3s ser arrastada pela for\u00e7a de uma enxurrada. Ela estava em um carro de aplicativo quando o ve\u00edculo foi surpreendido pelo grande volume de \u00e1gua que descia pela Avenida Caracas, que rapidamente se transformou em um verdadeiro rio por causa do temporal.<\/p>\n\n\n\n<p>Segundo relatos, o carro acabou sendo arrastado pela correnteza em dire\u00e7\u00e3o a um canal de drenagem. O motorista conseguiu sair do ve\u00edculo e se salvar, mas Ros\u00e2nia n\u00e3o teve a mesma sorte e acabou sendo levada pelas \u00e1guas, desaparecendo diante da for\u00e7a da enxurrada.<\/p>\n\n\n\n<p>A partir daquele momento come\u00e7ou uma corrida contra o tempo. Equipes do Corpo de Bombeiros iniciaram buscas em diversos pontos da cidade, principalmente em canais de drenagem e trechos do Rio Verruga, j\u00e1 que a for\u00e7a da \u00e1gua poderia ter levado a v\u00edtima para locais distantes.<\/p>\n\n\n\n<p>Familiares e amigos passaram dias de ang\u00fastia acompanhando cada informa\u00e7\u00e3o e cada nova etapa das buscas. O caso gerou grande como\u00e7\u00e3o em Vit\u00f3ria da Conquista, mobilizando moradores e internautas que acompanharam o drama nas redes sociais na esperan\u00e7a de um desfecho diferente.<\/p>\n\n\n\n<p>Ros\u00e2nia era muito conhecida na comunidade e sua hist\u00f3ria comoveu ainda mais a popula\u00e7\u00e3o. Ela era m\u00e3e de cinco filhos, sendo que tr\u00eas deles possuem diagn\u00f3stico de Transtorno do Espectro Autista, o que tornou a trag\u00e9dia ainda mais dolorosa para a fam\u00edlia.<\/p>\n\n\n\n<p>Depois de dias de buscas, moradores encontraram o corpo de uma mulher em uma \u00e1rea rural nas proximidades de Vit\u00f3ria da Conquista, \u00e0s margens de um rio. A Pol\u00edcia Militar e o Departamento de Pol\u00edcia T\u00e9cnica foram acionados para realizar o levantamento no local.<\/p>\n\n\n\n<p>Pe\u00e7as de roupa encontradas pr\u00f3ximas ao corpo tinham caracter\u00edsticas semelhantes \u00e0s que Ros\u00e2nia usava no dia do desaparecimento, o que levantou a suspeita de que se tratava dela. O corpo foi encaminhado ao Instituto M\u00e9dico Legal para os procedimentos de identifica\u00e7\u00e3o.<\/p>\n\n\n\n<p>Ap\u00f3s a confirma\u00e7\u00e3o, o corpo foi levado para o CRAS do bairro Vila Am\u00e9rica, onde familiares, amigos e moradores se reuniram para o vel\u00f3rio. No local, o clima era de profunda tristeza. Abra\u00e7os apertados, l\u00e1grimas e sil\u00eancio marcaram a despedida de Ros\u00e2nia, cuja morte tr\u00e1gica abalou n\u00e3o apenas a fam\u00edlia, mas toda a comunidade que acompanhou o drama desde o dia em que a enxurrada mudou o destino de todos.<\/p>\n","protected":false},"excerpt":{"rendered":"<p>Na \u00faltima segunda-feira, Ros\u00e2nia Silva Borges, de 46 anos, moradora do bairro Vila Am\u00e9rica, desapareceu ap\u00f3s ser arrastada pela for\u00e7a de uma enxurrada. Ela estava em um carro de aplicativo quando o ve\u00edculo foi surpreendido pelo grande volume de \u00e1gua que descia pela Avenida Caracas, que rapidamente se transformou em um verdadeiro rio por causa do temporal. Segundo relatos, o carro acabou sendo arrastado pela correnteza em dire\u00e7\u00e3o a um canal de drenagem. O motorista conseguiu sair do ve\u00edculo e se salvar, mas Ros\u00e2nia n\u00e3o teve a mesma sorte e acabou sendo levada pelas \u00e1guas, desaparecendo diante da for\u00e7a da enxurrada. A partir daquele momento come\u00e7ou uma corrida contra o tempo. Equipes do Corpo de Bombeiros iniciaram buscas em diversos pontos da cidade, principalmente em canais de drenagem e trechos do Rio Verruga, j\u00e1 que a for\u00e7a da \u00e1gua poderia ter levado a v\u00edtima para locais distantes. Familiares e amigos passaram dias de ang\u00fastia acompanhando cada informa\u00e7\u00e3o e cada nova etapa das buscas. O caso gerou grande como\u00e7\u00e3o em Vit\u00f3ria da Conquista, mobilizando moradores e internautas que acompanharam o drama nas redes sociais na esperan\u00e7a de um desfecho diferente. Ros\u00e2nia era muito conhecida na comunidade e sua hist\u00f3ria comoveu ainda mais a popula\u00e7\u00e3o. Ela era m\u00e3e de cinco filhos, sendo que tr\u00eas deles possuem diagn\u00f3stico de Transtorno do Espectro Autista, o que tornou a trag\u00e9dia ainda mais dolorosa para a fam\u00edlia. Depois de dias de buscas, moradores encontraram o corpo de uma mulher em uma \u00e1rea rural nas proximidades de Vit\u00f3ria da Conquista, \u00e0s margens de um rio. A Pol\u00edcia Militar e o Departamento de Pol\u00edcia T\u00e9cnica foram acionados para realizar o levantamento no local. Pe\u00e7as de roupa encontradas pr\u00f3ximas ao corpo tinham caracter\u00edsticas semelhantes \u00e0s que Ros\u00e2nia usava no dia do desaparecimento, o que levantou a suspeita de que se tratava dela. O corpo foi encaminhado ao Instituto M\u00e9dico Legal para os procedimentos de identifica\u00e7\u00e3o. Ap\u00f3s a confirma\u00e7\u00e3o, o corpo foi levado para o CRAS do bairro Vila Am\u00e9rica, onde familiares, amigos e moradores se reuniram para o vel\u00f3rio. No local, o clima era de profunda tristeza. Abra\u00e7os apertados, l\u00e1grimas e sil\u00eancio marcaram a despedida de Ros\u00e2nia, cuja morte tr\u00e1gica abalou n\u00e3o apenas a fam\u00edlia, mas toda a comunidade que acompanhou o drama desde o dia em que a enxurrada mudou o destino de todos.<\/p>\n","protected":false},"author":2,"featured_media":10235,"comment_status":"open","ping_status":"open","sticky":false,"template":"","format":"standard","meta":{"footnotes":""},"categories":[4,8],"tags":[],"class_list":["post-10195","post","type-post","status-publish","format-standard","has-post-thumbnail","hentry","category-cidades","category-vitoria-da-conquista"],"yoast_head":"<!-- This site is optimized with the Yoast SEO plugin v26.5 - https:\/\/yoast.com\/wordpress\/plugins\/seo\/ -->\n<title>Drama de Ros\u00e2nia come\u00e7ou na enxurrada e terminou em despedida marcada pela dor em Vit\u00f3ria da Conquista - Sudoesteacontece<\/title>\n<meta name=\"robots\" content=\"index, follow, max-snippet:-1, max-image-preview:large, max-video-preview:-1\" \/>\n<link rel=\"canonical\" href=\"https:\/\/sudoesteacontece.com.br\/?p=10195\" \/>\n<meta property=\"og:locale\" content=\"pt_BR\" \/>\n<meta property=\"og:type\" content=\"article\" \/>\n<meta property=\"og:title\" content=\"Drama de Ros\u00e2nia come\u00e7ou na enxurrada e terminou em despedida marcada pela dor em Vit\u00f3ria da Conquista - Sudoesteacontece\" \/>\n<meta property=\"og:description\" content=\"Na \u00faltima segunda-feira, Ros\u00e2nia Silva Borges, de 46 anos, moradora do bairro Vila Am\u00e9rica, desapareceu ap\u00f3s ser arrastada pela for\u00e7a de uma enxurrada. Ela estava em um carro de aplicativo quando o ve\u00edculo foi surpreendido pelo grande volume de \u00e1gua que descia pela Avenida Caracas, que rapidamente se transformou em um verdadeiro rio por causa do temporal. Segundo relatos, o carro acabou sendo arrastado pela correnteza em dire\u00e7\u00e3o a um canal de drenagem. O motorista conseguiu sair do ve\u00edculo e se salvar, mas Ros\u00e2nia n\u00e3o teve a mesma sorte e acabou sendo levada pelas \u00e1guas, desaparecendo diante da for\u00e7a da enxurrada. A partir daquele momento come\u00e7ou uma corrida contra o tempo. Equipes do Corpo de Bombeiros iniciaram buscas em diversos pontos da cidade, principalmente em canais de drenagem e trechos do Rio Verruga, j\u00e1 que a for\u00e7a da \u00e1gua poderia ter levado a v\u00edtima para locais distantes. Familiares e amigos passaram dias de ang\u00fastia acompanhando cada informa\u00e7\u00e3o e cada nova etapa das buscas. O caso gerou grande como\u00e7\u00e3o em Vit\u00f3ria da Conquista, mobilizando moradores e internautas que acompanharam o drama nas redes sociais na esperan\u00e7a de um desfecho diferente. Ros\u00e2nia era muito conhecida na comunidade e sua hist\u00f3ria comoveu ainda mais a popula\u00e7\u00e3o. Ela era m\u00e3e de cinco filhos, sendo que tr\u00eas deles possuem diagn\u00f3stico de Transtorno do Espectro Autista, o que tornou a trag\u00e9dia ainda mais dolorosa para a fam\u00edlia. Depois de dias de buscas, moradores encontraram o corpo de uma mulher em uma \u00e1rea rural nas proximidades de Vit\u00f3ria da Conquista, \u00e0s margens de um rio. A Pol\u00edcia Militar e o Departamento de Pol\u00edcia T\u00e9cnica foram acionados para realizar o levantamento no local. Pe\u00e7as de roupa encontradas pr\u00f3ximas ao corpo tinham caracter\u00edsticas semelhantes \u00e0s que Ros\u00e2nia usava no dia do desaparecimento, o que levantou a suspeita de que se tratava dela. O corpo foi encaminhado ao Instituto M\u00e9dico Legal para os procedimentos de identifica\u00e7\u00e3o. Ap\u00f3s a confirma\u00e7\u00e3o, o corpo foi levado para o CRAS do bairro Vila Am\u00e9rica, onde familiares, amigos e moradores se reuniram para o vel\u00f3rio. No local, o clima era de profunda tristeza. Abra\u00e7os apertados, l\u00e1grimas e sil\u00eancio marcaram a despedida de Ros\u00e2nia, cuja morte tr\u00e1gica abalou n\u00e3o apenas a fam\u00edlia, mas toda a comunidade que acompanhou o drama desde o dia em que a enxurrada mudou o destino de todos.\" \/>\n<meta property=\"og:url\" content=\"https:\/\/sudoesteacontece.com.br\/?p=10195\" \/>\n<meta property=\"og:site_name\" content=\"Sudoesteacontece\" \/>\n<meta property=\"article:publisher\" content=\"https:\/\/www.facebook.com\/sudoesteacontece\/?locale=pt_BR\" \/>\n<meta property=\"article:published_time\" content=\"2026-03-13T14:03:38+00:00\" \/>\n<meta property=\"article:modified_time\" content=\"2026-03-13T14:03:42+00:00\" \/>\n<meta property=\"og:image\" content=\"https:\/\/sudoesteacontece.com.br\/wp-content\/uploads\/2026\/03\/Drama-de-Rosania-comecou-na-enxurrada-e-terminou-em-despedida-marcada-pela-dor-em-Vitoria-da-Conquista.jpg\" \/>\n\t<meta property=\"og:image:width\" content=\"900\" \/>\n\t<meta property=\"og:image:height\" content=\"600\" \/>\n\t<meta property=\"og:image:type\" content=\"image\/jpeg\" \/>\n<meta name=\"author\" content=\"Washington Tiago\" \/>\n<meta name=\"twitter:card\" content=\"summary_large_image\" \/>\n<meta name=\"twitter:label1\" content=\"Escrito por\" \/>\n\t<meta name=\"twitter:data1\" content=\"Washington Tiago\" \/>\n\t<meta name=\"twitter:label2\" content=\"Est. tempo de leitura\" \/>\n\t<meta name=\"twitter:data2\" content=\"3 minutos\" \/>\n<script type=\"application\/ld+json\" class=\"yoast-schema-graph\">{\"@context\":\"https:\/\/schema.org\",\"@graph\":[{\"@type\":\"Article\",\"@id\":\"https:\/\/sudoesteacontece.com.br\/?p=10195#article\",\"isPartOf\":{\"@id\":\"https:\/\/sudoesteacontece.com.br\/?p=10195\"},\"author\":{\"name\":\"Washington Tiago\",\"@id\":\"https:\/\/sudoesteacontece.com.br\/#\/schema\/person\/3cf2cf009926a9683ebc29d5379fa79c\"},\"headline\":\"Drama de Ros\u00e2nia come\u00e7ou na enxurrada e terminou em despedida marcada pela dor em Vit\u00f3ria da Conquista\",\"datePublished\":\"2026-03-13T14:03:38+00:00\",\"dateModified\":\"2026-03-13T14:03:42+00:00\",\"mainEntityOfPage\":{\"@id\":\"https:\/\/sudoesteacontece.com.br\/?p=10195\"},\"wordCount\":452,\"commentCount\":0,\"publisher\":{\"@id\":\"https:\/\/sudoesteacontece.com.br\/#organization\"},\"image\":{\"@id\":\"https:\/\/sudoesteacontece.com.br\/?p=10195#primaryimage\"},\"thumbnailUrl\":\"https:\/\/sudoesteacontece.com.br\/wp-content\/uploads\/2026\/03\/Drama-de-Rosania-comecou-na-enxurrada-e-terminou-em-despedida-marcada-pela-dor-em-Vitoria-da-Conquista.jpg\",\"articleSection\":[\"Cidades\",\"Vit\u00f3ria da Conquista\"],\"inLanguage\":\"pt-BR\",\"potentialAction\":[{\"@type\":\"CommentAction\",\"name\":\"Comment\",\"target\":[\"https:\/\/sudoesteacontece.com.br\/?p=10195#respond\"]}]},{\"@type\":\"WebPage\",\"@id\":\"https:\/\/sudoesteacontece.com.br\/?p=10195\",\"url\":\"https:\/\/sudoesteacontece.com.br\/?p=10195\",\"name\":\"Drama de Ros\u00e2nia come\u00e7ou na enxurrada e terminou em despedida marcada pela dor em Vit\u00f3ria da Conquista - Sudoesteacontece\",\"isPartOf\":{\"@id\":\"https:\/\/sudoesteacontece.com.br\/#website\"},\"primaryImageOfPage\":{\"@id\":\"https:\/\/sudoesteacontece.com.br\/?p=10195#primaryimage\"},\"image\":{\"@id\":\"https:\/\/sudoesteacontece.com.br\/?p=10195#primaryimage\"},\"thumbnailUrl\":\"https:\/\/sudoesteacontece.com.br\/wp-content\/uploads\/2026\/03\/Drama-de-Rosania-comecou-na-enxurrada-e-terminou-em-despedida-marcada-pela-dor-em-Vitoria-da-Conquista.jpg\",\"datePublished\":\"2026-03-13T14:03:38+00:00\",\"dateModified\":\"2026-03-13T14:03:42+00:00\",\"breadcrumb\":{\"@id\":\"https:\/\/sudoesteacontece.com.br\/?p=10195#breadcrumb\"},\"inLanguage\":\"pt-BR\",\"potentialAction\":[{\"@type\":\"ReadAction\",\"target\":[\"https:\/\/sudoesteacontece.com.br\/?p=10195\"]}]},{\"@type\":\"ImageObject\",\"inLanguage\":\"pt-BR\",\"@id\":\"https:\/\/sudoesteacontece.com.br\/?p=10195#primaryimage\",\"url\":\"https:\/\/sudoesteacontece.com.br\/wp-content\/uploads\/2026\/03\/Drama-de-Rosania-comecou-na-enxurrada-e-terminou-em-despedida-marcada-pela-dor-em-Vitoria-da-Conquista.jpg\",\"contentUrl\":\"https:\/\/sudoesteacontece.com.br\/wp-content\/uploads\/2026\/03\/Drama-de-Rosania-comecou-na-enxurrada-e-terminou-em-despedida-marcada-pela-dor-em-Vitoria-da-Conquista.jpg\",\"width\":900,\"height\":600},{\"@type\":\"BreadcrumbList\",\"@id\":\"https:\/\/sudoesteacontece.com.br\/?p=10195#breadcrumb\",\"itemListElement\":[{\"@type\":\"ListItem\",\"position\":1,\"name\":\"In\u00edcio\",\"item\":\"https:\/\/sudoesteacontece.com.br\/\"},{\"@type\":\"ListItem\",\"position\":2,\"name\":\"Drama de Ros\u00e2nia come\u00e7ou na enxurrada e terminou em despedida marcada pela dor em Vit\u00f3ria da Conquista\"}]},{\"@type\":\"WebSite\",\"@id\":\"https:\/\/sudoesteacontece.com.br\/#website\",\"url\":\"https:\/\/sudoesteacontece.com.br\/\",\"name\":\"Sudoesteacontece\",\"description\":\"\",\"publisher\":{\"@id\":\"https:\/\/sudoesteacontece.com.br\/#organization\"},\"potentialAction\":[{\"@type\":\"SearchAction\",\"target\":{\"@type\":\"EntryPoint\",\"urlTemplate\":\"https:\/\/sudoesteacontece.com.br\/?s={search_term_string}\"},\"query-input\":{\"@type\":\"PropertyValueSpecification\",\"valueRequired\":true,\"valueName\":\"search_term_string\"}}],\"inLanguage\":\"pt-BR\"},{\"@type\":\"Organization\",\"@id\":\"https:\/\/sudoesteacontece.com.br\/#organization\",\"name\":\"Sudoesteacontece\",\"url\":\"https:\/\/sudoesteacontece.com.br\/\",\"logo\":{\"@type\":\"ImageObject\",\"inLanguage\":\"pt-BR\",\"@id\":\"https:\/\/sudoesteacontece.com.br\/#\/schema\/logo\/image\/\",\"url\":\"https:\/\/sudoesteacontece.com.br\/wp-content\/uploads\/2025\/12\/cropped-logo-2-180x180-1.png\",\"contentUrl\":\"https:\/\/sudoesteacontece.com.br\/wp-content\/uploads\/2025\/12\/cropped-logo-2-180x180-1.png\",\"width\":180,\"height\":180,\"caption\":\"Sudoesteacontece\"},\"image\":{\"@id\":\"https:\/\/sudoesteacontece.com.br\/#\/schema\/logo\/image\/\"},\"sameAs\":[\"https:\/\/www.facebook.com\/sudoesteacontece\/?locale=pt_BR\"]},{\"@type\":\"Person\",\"@id\":\"https:\/\/sudoesteacontece.com.br\/#\/schema\/person\/3cf2cf009926a9683ebc29d5379fa79c\",\"name\":\"Washington Tiago\",\"image\":{\"@type\":\"ImageObject\",\"inLanguage\":\"pt-BR\",\"@id\":\"https:\/\/sudoesteacontece.com.br\/#\/schema\/person\/image\/\",\"url\":\"https:\/\/secure.gravatar.com\/avatar\/33c43b8668157e040f9d1fe93c354bf087cbd8ba36270c1163198bd3ddcf2a56?s=96&d=mm&r=g\",\"contentUrl\":\"https:\/\/secure.gravatar.com\/avatar\/33c43b8668157e040f9d1fe93c354bf087cbd8ba36270c1163198bd3ddcf2a56?s=96&d=mm&r=g\",\"caption\":\"Washington Tiago\"},\"url\":\"https:\/\/sudoesteacontece.com.br\/?author=2\"}]}<\/script>\n<!-- \/ Yoast SEO plugin. -->","yoast_head_json":{"title":"Drama de Ros\u00e2nia come\u00e7ou na enxurrada e terminou em despedida marcada pela dor em Vit\u00f3ria da Conquista - Sudoesteacontece","robots":{"index":"index","follow":"follow","max-snippet":"max-snippet:-1","max-image-preview":"max-image-preview:large","max-video-preview":"max-video-preview:-1"},"canonical":"https:\/\/sudoesteacontece.com.br\/?p=10195","og_locale":"pt_BR","og_type":"article","og_title":"Drama de Ros\u00e2nia come\u00e7ou na enxurrada e terminou em despedida marcada pela dor em Vit\u00f3ria da Conquista - Sudoesteacontece","og_description":"Na \u00faltima segunda-feira, Ros\u00e2nia Silva Borges, de 46 anos, moradora do bairro Vila Am\u00e9rica, desapareceu ap\u00f3s ser arrastada pela for\u00e7a de uma enxurrada. Ela estava em um carro de aplicativo quando o ve\u00edculo foi surpreendido pelo grande volume de \u00e1gua que descia pela Avenida Caracas, que rapidamente se transformou em um verdadeiro rio por causa do temporal. Segundo relatos, o carro acabou sendo arrastado pela correnteza em dire\u00e7\u00e3o a um canal de drenagem. O motorista conseguiu sair do ve\u00edculo e se salvar, mas Ros\u00e2nia n\u00e3o teve a mesma sorte e acabou sendo levada pelas \u00e1guas, desaparecendo diante da for\u00e7a da enxurrada. A partir daquele momento come\u00e7ou uma corrida contra o tempo. Equipes do Corpo de Bombeiros iniciaram buscas em diversos pontos da cidade, principalmente em canais de drenagem e trechos do Rio Verruga, j\u00e1 que a for\u00e7a da \u00e1gua poderia ter levado a v\u00edtima para locais distantes. Familiares e amigos passaram dias de ang\u00fastia acompanhando cada informa\u00e7\u00e3o e cada nova etapa das buscas. O caso gerou grande como\u00e7\u00e3o em Vit\u00f3ria da Conquista, mobilizando moradores e internautas que acompanharam o drama nas redes sociais na esperan\u00e7a de um desfecho diferente. Ros\u00e2nia era muito conhecida na comunidade e sua hist\u00f3ria comoveu ainda mais a popula\u00e7\u00e3o. Ela era m\u00e3e de cinco filhos, sendo que tr\u00eas deles possuem diagn\u00f3stico de Transtorno do Espectro Autista, o que tornou a trag\u00e9dia ainda mais dolorosa para a fam\u00edlia. Depois de dias de buscas, moradores encontraram o corpo de uma mulher em uma \u00e1rea rural nas proximidades de Vit\u00f3ria da Conquista, \u00e0s margens de um rio. A Pol\u00edcia Militar e o Departamento de Pol\u00edcia T\u00e9cnica foram acionados para realizar o levantamento no local. Pe\u00e7as de roupa encontradas pr\u00f3ximas ao corpo tinham caracter\u00edsticas semelhantes \u00e0s que Ros\u00e2nia usava no dia do desaparecimento, o que levantou a suspeita de que se tratava dela. O corpo foi encaminhado ao Instituto M\u00e9dico Legal para os procedimentos de identifica\u00e7\u00e3o. Ap\u00f3s a confirma\u00e7\u00e3o, o corpo foi levado para o CRAS do bairro Vila Am\u00e9rica, onde familiares, amigos e moradores se reuniram para o vel\u00f3rio. No local, o clima era de profunda tristeza. Abra\u00e7os apertados, l\u00e1grimas e sil\u00eancio marcaram a despedida de Ros\u00e2nia, cuja morte tr\u00e1gica abalou n\u00e3o apenas a fam\u00edlia, mas toda a comunidade que acompanhou o drama desde o dia em que a enxurrada mudou o destino de todos.","og_url":"https:\/\/sudoesteacontece.com.br\/?p=10195","og_site_name":"Sudoesteacontece","article_publisher":"https:\/\/www.facebook.com\/sudoesteacontece\/?locale=pt_BR","article_published_time":"2026-03-13T14:03:38+00:00","article_modified_time":"2026-03-13T14:03:42+00:00","og_image":[{"width":900,"height":600,"url":"https:\/\/sudoesteacontece.com.br\/wp-content\/uploads\/2026\/03\/Drama-de-Rosania-comecou-na-enxurrada-e-terminou-em-despedida-marcada-pela-dor-em-Vitoria-da-Conquista.jpg","type":"image\/jpeg"}],"author":"Washington Tiago","twitter_card":"summary_large_image","twitter_misc":{"Escrito por":"Washington Tiago","Est. tempo de leitura":"3 minutos"},"schema":{"@context":"https:\/\/schema.org","@graph":[{"@type":"Article","@id":"https:\/\/sudoesteacontece.com.br\/?p=10195#article","isPartOf":{"@id":"https:\/\/sudoesteacontece.com.br\/?p=10195"},"author":{"name":"Washington Tiago","@id":"https:\/\/sudoesteacontece.com.br\/#\/schema\/person\/3cf2cf009926a9683ebc29d5379fa79c"},"headline":"Drama de Ros\u00e2nia come\u00e7ou na enxurrada e terminou em despedida marcada pela dor em Vit\u00f3ria da Conquista","datePublished":"2026-03-13T14:03:38+00:00","dateModified":"2026-03-13T14:03:42+00:00","mainEntityOfPage":{"@id":"https:\/\/sudoesteacontece.com.br\/?p=10195"},"wordCount":452,"commentCount":0,"publisher":{"@id":"https:\/\/sudoesteacontece.com.br\/#organization"},"image":{"@id":"https:\/\/sudoesteacontece.com.br\/?p=10195#primaryimage"},"thumbnailUrl":"https:\/\/sudoesteacontece.com.br\/wp-content\/uploads\/2026\/03\/Drama-de-Rosania-comecou-na-enxurrada-e-terminou-em-despedida-marcada-pela-dor-em-Vitoria-da-Conquista.jpg","articleSection":["Cidades","Vit\u00f3ria da Conquista"],"inLanguage":"pt-BR","potentialAction":[{"@type":"CommentAction","name":"Comment","target":["https:\/\/sudoesteacontece.com.br\/?p=10195#respond"]}]},{"@type":"WebPage","@id":"https:\/\/sudoesteacontece.com.br\/?p=10195","url":"https:\/\/sudoesteacontece.com.br\/?p=10195","name":"Drama de Ros\u00e2nia come\u00e7ou na enxurrada e terminou em despedida marcada pela dor em Vit\u00f3ria da Conquista - Sudoesteacontece","isPartOf":{"@id":"https:\/\/sudoesteacontece.com.br\/#website"},"primaryImageOfPage":{"@id":"https:\/\/sudoesteacontece.com.br\/?p=10195#primaryimage"},"image":{"@id":"https:\/\/sudoesteacontece.com.br\/?p=10195#primaryimage"},"thumbnailUrl":"https:\/\/sudoesteacontece.com.br\/wp-content\/uploads\/2026\/03\/Drama-de-Rosania-comecou-na-enxurrada-e-terminou-em-despedida-marcada-pela-dor-em-Vitoria-da-Conquista.jpg","datePublished":"2026-03-13T14:03:38+00:00","dateModified":"2026-03-13T14:03:42+00:00","breadcrumb":{"@id":"https:\/\/sudoesteacontece.com.br\/?p=10195#breadcrumb"},"inLanguage":"pt-BR","potentialAction":[{"@type":"ReadAction","target":["https:\/\/sudoesteacontece.com.br\/?p=10195"]}]},{"@type":"ImageObject","inLanguage":"pt-BR","@id":"https:\/\/sudoesteacontece.com.br\/?p=10195#primaryimage","url":"https:\/\/sudoesteacontece.com.br\/wp-content\/uploads\/2026\/03\/Drama-de-Rosania-comecou-na-enxurrada-e-terminou-em-despedida-marcada-pela-dor-em-Vitoria-da-Conquista.jpg","contentUrl":"https:\/\/sudoesteacontece.com.br\/wp-content\/uploads\/2026\/03\/Drama-de-Rosania-comecou-na-enxurrada-e-terminou-em-despedida-marcada-pela-dor-em-Vitoria-da-Conquista.jpg","width":900,"height":600},{"@type":"BreadcrumbList","@id":"https:\/\/sudoesteacontece.com.br\/?p=10195#breadcrumb","itemListElement":[{"@type":"ListItem","position":1,"name":"In\u00edcio","item":"https:\/\/sudoesteacontece.com.br\/"},{"@type":"ListItem","position":2,"name":"Drama de Ros\u00e2nia come\u00e7ou na enxurrada e terminou em despedida marcada pela dor em Vit\u00f3ria da Conquista"}]},{"@type":"WebSite","@id":"https:\/\/sudoesteacontece.com.br\/#website","url":"https:\/\/sudoesteacontece.com.br\/","name":"Sudoesteacontece","description":"","publisher":{"@id":"https:\/\/sudoesteacontece.com.br\/#organization"},"potentialAction":[{"@type":"SearchAction","target":{"@type":"EntryPoint","urlTemplate":"https:\/\/sudoesteacontece.com.br\/?s={search_term_string}"},"query-input":{"@type":"PropertyValueSpecification","valueRequired":true,"valueName":"search_term_string"}}],"inLanguage":"pt-BR"},{"@type":"Organization","@id":"https:\/\/sudoesteacontece.com.br\/#organization","name":"Sudoesteacontece","url":"https:\/\/sudoesteacontece.com.br\/","logo":{"@type":"ImageObject","inLanguage":"pt-BR","@id":"https:\/\/sudoesteacontece.com.br\/#\/schema\/logo\/image\/","url":"https:\/\/sudoesteacontece.com.br\/wp-content\/uploads\/2025\/12\/cropped-logo-2-180x180-1.png","contentUrl":"https:\/\/sudoesteacontece.com.br\/wp-content\/uploads\/2025\/12\/cropped-logo-2-180x180-1.png","width":180,"height":180,"caption":"Sudoesteacontece"},"image":{"@id":"https:\/\/sudoesteacontece.com.br\/#\/schema\/logo\/image\/"},"sameAs":["https:\/\/www.facebook.com\/sudoesteacontece\/?locale=pt_BR"]},{"@type":"Person","@id":"https:\/\/sudoesteacontece.com.br\/#\/schema\/person\/3cf2cf009926a9683ebc29d5379fa79c","name":"Washington Tiago","image":{"@type":"ImageObject","inLanguage":"pt-BR","@id":"https:\/\/sudoesteacontece.com.br\/#\/schema\/person\/image\/","url":"https:\/\/secure.gravatar.com\/avatar\/33c43b8668157e040f9d1fe93c354bf087cbd8ba36270c1163198bd3ddcf2a56?s=96&d=mm&r=g","contentUrl":"https:\/\/secure.gravatar.com\/avatar\/33c43b8668157e040f9d1fe93c354bf087cbd8ba36270c1163198bd3ddcf2a56?s=96&d=mm&r=g","caption":"Washington Tiago"},"url":"https:\/\/sudoesteacontece.com.br\/?author=2"}]}},"_links":{"self":[{"href":"https:\/\/sudoesteacontece.com.br\/index.php?rest_route=\/wp\/v2\/posts\/10195","targetHints":{"allow":["GET"]}}],"collection":[{"href":"https:\/\/sudoesteacontece.com.br\/index.php?rest_route=\/wp\/v2\/posts"}],"about":[{"href":"https:\/\/sudoesteacontece.com.br\/index.php?rest_route=\/wp\/v2\/types\/post"}],"author":[{"embeddable":true,"href":"https:\/\/sudoesteacontece.com.br\/index.php?rest_route=\/wp\/v2\/users\/2"}],"replies":[{"embeddable":true,"href":"https:\/\/sudoesteacontece.com.br\/index.php?rest_route=%2Fwp%2Fv2%2Fcomments&post=10195"}],"version-history":[{"count":0,"href":"https:\/\/sudoesteacontece.com.br\/index.php?rest_route=\/wp\/v2\/posts\/10195\/revisions"}],"wp:featuredmedia":[{"embeddable":true,"href":"https:\/\/sudoesteacontece.com.br\/index.php?rest_route=\/wp\/v2\/media\/10235"}],"wp:attachment":[{"href":"https:\/\/sudoesteacontece.com.br\/index.php?rest_route=%2Fwp%2Fv2%2Fmedia&parent=10195"}],"wp:term":[{"taxonomy":"category","embeddable":true,"href":"https:\/\/sudoesteacontece.com.br\/index.php?rest_route=%2Fwp%2Fv2%2Fcategories&post=10195"},{"taxonomy":"post_tag","embeddable":true,"href":"https:\/\/sudoesteacontece.com.br\/index.php?rest_route=%2Fwp%2Fv2%2Ftags&post=10195"}],"curies":[{"name":"wp","href":"https:\/\/api.w.org\/{rel}","templated":true}]}}