{"id":10196,"date":"2026-03-13T11:06:07","date_gmt":"2026-03-13T14:06:07","guid":{"rendered":"https:\/\/sudoesteacontece.com.br\/?p=10196"},"modified":"2026-03-13T11:06:12","modified_gmt":"2026-03-13T14:06:12","slug":"onde-esta-luan-desaparecimento-de-jovem-mobiliza-familia-e-amigos-em-conquista","status":"publish","type":"post","link":"https:\/\/sudoesteacontece.com.br\/?p=10196","title":{"rendered":"Onde est\u00e1 Luan? Desaparecimento de jovem mobiliza fam\u00edlia e amigos em Conquista"},"content":{"rendered":"<div class=\"wp-block-image\">\n<figure class=\"aligncenter size-full\"><img fetchpriority=\"high\" decoding=\"async\" width=\"900\" height=\"600\" src=\"http:\/\/sudoesteacontece.com.br\/wp-content\/uploads\/2026\/03\/Onde-esta-Luan-Desaparecimento-de-jovem-mobiliza-familia-e-amigos-em-Conquista.jpg\" alt=\"\" class=\"wp-image-10237\" srcset=\"https:\/\/sudoesteacontece.com.br\/wp-content\/uploads\/2026\/03\/Onde-esta-Luan-Desaparecimento-de-jovem-mobiliza-familia-e-amigos-em-Conquista.jpg 900w, https:\/\/sudoesteacontece.com.br\/wp-content\/uploads\/2026\/03\/Onde-esta-Luan-Desaparecimento-de-jovem-mobiliza-familia-e-amigos-em-Conquista-300x200.jpg 300w, https:\/\/sudoesteacontece.com.br\/wp-content\/uploads\/2026\/03\/Onde-esta-Luan-Desaparecimento-de-jovem-mobiliza-familia-e-amigos-em-Conquista-768x512.jpg 768w\" sizes=\"(max-width: 900px) 100vw, 900px\" \/><\/figure>\n<\/div>\n\n\n<p>A fam\u00edlia de Luan Lima Santos vive dias de ang\u00fastia ap\u00f3s o desaparecimento do jovem na noite da \u00faltima quarta-feira (11). Desde ent\u00e3o, parentes e amigos iniciaram uma mobiliza\u00e7\u00e3o nas redes sociais e na comunidade na tentativa de obter qualquer informa\u00e7\u00e3o que ajude a encontr\u00e1-lo.<\/p>\n\n\n\n<p>Segundo relatos de familiares, Luan saiu de casa na quarta-feira \u00e0 noite e, desde aquele momento, n\u00e3o foi mais visto. O sumi\u00e7o repentino deixou a fam\u00edlia preocupada, j\u00e1 que ele n\u00e3o costuma ficar tanto tempo sem dar not\u00edcias. Desde as primeiras horas ap\u00f3s perceberem o desaparecimento, parentes come\u00e7aram a ligar para amigos, procurar em locais onde ele costuma frequentar e divulgar fotos nas redes sociais.<\/p>\n\n\n\n<p>Com o passar das horas, a preocupa\u00e7\u00e3o se transformou em desespero. Sem qualquer contato ou informa\u00e7\u00e3o sobre o paradeiro de Luan, familiares intensificaram os pedidos de ajuda para que a popula\u00e7\u00e3o colabore com pistas que possam ajudar a localiz\u00e1-lo. Amigos tamb\u00e9m passaram a compartilhar mensagens em grupos e p\u00e1ginas da regi\u00e3o para ampliar a divulga\u00e7\u00e3o do caso.<\/p>\n\n\n\n<p>A fam\u00edlia pede que qualquer pessoa que tenha visto Luan ou tenha alguma informa\u00e7\u00e3o sobre onde ele possa estar entre em contato imediatamente. Para os parentes, cada informa\u00e7\u00e3o pode ser fundamental para ajudar a encontr\u00e1-lo e colocar fim \u00e0 ang\u00fastia que j\u00e1 dura v\u00e1rios dias.<\/p>\n\n\n\n<p>Enquanto aguardam not\u00edcias, familiares seguem na esperan\u00e7a de que Luan seja encontrado com vida e em seguran\u00e7a. A mobiliza\u00e7\u00e3o continua nas redes sociais e entre moradores, que t\u00eam compartilhado o caso na tentativa de ajudar nas buscas.<\/p>\n","protected":false},"excerpt":{"rendered":"<p>A fam\u00edlia de Luan Lima Santos vive dias de ang\u00fastia ap\u00f3s o desaparecimento do jovem na noite da \u00faltima quarta-feira (11). Desde ent\u00e3o, parentes e amigos iniciaram uma mobiliza\u00e7\u00e3o nas redes sociais e na comunidade na tentativa de obter qualquer informa\u00e7\u00e3o que ajude a encontr\u00e1-lo. Segundo relatos de familiares, Luan saiu de casa na quarta-feira \u00e0 noite e, desde aquele momento, n\u00e3o foi mais visto. O sumi\u00e7o repentino deixou a fam\u00edlia preocupada, j\u00e1 que ele n\u00e3o costuma ficar tanto tempo sem dar not\u00edcias. Desde as primeiras horas ap\u00f3s perceberem o desaparecimento, parentes come\u00e7aram a ligar para amigos, procurar em locais onde ele costuma frequentar e divulgar fotos nas redes sociais. Com o passar das horas, a preocupa\u00e7\u00e3o se transformou em desespero. Sem qualquer contato ou informa\u00e7\u00e3o sobre o paradeiro de Luan, familiares intensificaram os pedidos de ajuda para que a popula\u00e7\u00e3o colabore com pistas que possam ajudar a localiz\u00e1-lo. Amigos tamb\u00e9m passaram a compartilhar mensagens em grupos e p\u00e1ginas da regi\u00e3o para ampliar a divulga\u00e7\u00e3o do caso. A fam\u00edlia pede que qualquer pessoa que tenha visto Luan ou tenha alguma informa\u00e7\u00e3o sobre onde ele possa estar entre em contato imediatamente. Para os parentes, cada informa\u00e7\u00e3o pode ser fundamental para ajudar a encontr\u00e1-lo e colocar fim \u00e0 ang\u00fastia que j\u00e1 dura v\u00e1rios dias. Enquanto aguardam not\u00edcias, familiares seguem na esperan\u00e7a de que Luan seja encontrado com vida e em seguran\u00e7a. A mobiliza\u00e7\u00e3o continua nas redes sociais e entre moradores, que t\u00eam compartilhado o caso na tentativa de ajudar nas buscas.<\/p>\n","protected":false},"author":2,"featured_media":10237,"comment_status":"open","ping_status":"open","sticky":false,"template":"","format":"standard","meta":{"footnotes":""},"categories":[4,3,8],"tags":[],"class_list":["post-10196","post","type-post","status-publish","format-standard","has-post-thumbnail","hentry","category-cidades","category-policia","category-vitoria-da-conquista"],"yoast_head":"<!-- This site is optimized with the Yoast SEO plugin v26.5 - https:\/\/yoast.com\/wordpress\/plugins\/seo\/ -->\n<title>Onde est\u00e1 Luan? Desaparecimento de jovem mobiliza fam\u00edlia e amigos em Conquista - Sudoesteacontece<\/title>\n<meta name=\"robots\" content=\"index, follow, max-snippet:-1, max-image-preview:large, max-video-preview:-1\" \/>\n<link rel=\"canonical\" href=\"https:\/\/sudoesteacontece.com.br\/?p=10196\" \/>\n<meta property=\"og:locale\" content=\"pt_BR\" \/>\n<meta property=\"og:type\" content=\"article\" \/>\n<meta property=\"og:title\" content=\"Onde est\u00e1 Luan? Desaparecimento de jovem mobiliza fam\u00edlia e amigos em Conquista - Sudoesteacontece\" \/>\n<meta property=\"og:description\" content=\"A fam\u00edlia de Luan Lima Santos vive dias de ang\u00fastia ap\u00f3s o desaparecimento do jovem na noite da \u00faltima quarta-feira (11). Desde ent\u00e3o, parentes e amigos iniciaram uma mobiliza\u00e7\u00e3o nas redes sociais e na comunidade na tentativa de obter qualquer informa\u00e7\u00e3o que ajude a encontr\u00e1-lo. Segundo relatos de familiares, Luan saiu de casa na quarta-feira \u00e0 noite e, desde aquele momento, n\u00e3o foi mais visto. O sumi\u00e7o repentino deixou a fam\u00edlia preocupada, j\u00e1 que ele n\u00e3o costuma ficar tanto tempo sem dar not\u00edcias. Desde as primeiras horas ap\u00f3s perceberem o desaparecimento, parentes come\u00e7aram a ligar para amigos, procurar em locais onde ele costuma frequentar e divulgar fotos nas redes sociais. Com o passar das horas, a preocupa\u00e7\u00e3o se transformou em desespero. Sem qualquer contato ou informa\u00e7\u00e3o sobre o paradeiro de Luan, familiares intensificaram os pedidos de ajuda para que a popula\u00e7\u00e3o colabore com pistas que possam ajudar a localiz\u00e1-lo. Amigos tamb\u00e9m passaram a compartilhar mensagens em grupos e p\u00e1ginas da regi\u00e3o para ampliar a divulga\u00e7\u00e3o do caso. A fam\u00edlia pede que qualquer pessoa que tenha visto Luan ou tenha alguma informa\u00e7\u00e3o sobre onde ele possa estar entre em contato imediatamente. Para os parentes, cada informa\u00e7\u00e3o pode ser fundamental para ajudar a encontr\u00e1-lo e colocar fim \u00e0 ang\u00fastia que j\u00e1 dura v\u00e1rios dias. Enquanto aguardam not\u00edcias, familiares seguem na esperan\u00e7a de que Luan seja encontrado com vida e em seguran\u00e7a. A mobiliza\u00e7\u00e3o continua nas redes sociais e entre moradores, que t\u00eam compartilhado o caso na tentativa de ajudar nas buscas.\" \/>\n<meta property=\"og:url\" content=\"https:\/\/sudoesteacontece.com.br\/?p=10196\" \/>\n<meta property=\"og:site_name\" content=\"Sudoesteacontece\" \/>\n<meta property=\"article:publisher\" content=\"https:\/\/www.facebook.com\/sudoesteacontece\/?locale=pt_BR\" \/>\n<meta property=\"article:published_time\" content=\"2026-03-13T14:06:07+00:00\" \/>\n<meta property=\"article:modified_time\" content=\"2026-03-13T14:06:12+00:00\" \/>\n<meta property=\"og:image\" content=\"https:\/\/sudoesteacontece.com.br\/wp-content\/uploads\/2026\/03\/Onde-esta-Luan-Desaparecimento-de-jovem-mobiliza-familia-e-amigos-em-Conquista.jpg\" \/>\n\t<meta property=\"og:image:width\" content=\"900\" \/>\n\t<meta property=\"og:image:height\" content=\"600\" \/>\n\t<meta property=\"og:image:type\" content=\"image\/jpeg\" \/>\n<meta name=\"author\" content=\"Washington Tiago\" \/>\n<meta name=\"twitter:card\" content=\"summary_large_image\" \/>\n<meta name=\"twitter:label1\" content=\"Escrito por\" \/>\n\t<meta name=\"twitter:data1\" content=\"Washington Tiago\" \/>\n\t<meta name=\"twitter:label2\" content=\"Est. tempo de leitura\" \/>\n\t<meta name=\"twitter:data2\" content=\"2 minutos\" \/>\n<script type=\"application\/ld+json\" class=\"yoast-schema-graph\">{\"@context\":\"https:\/\/schema.org\",\"@graph\":[{\"@type\":\"Article\",\"@id\":\"https:\/\/sudoesteacontece.com.br\/?p=10196#article\",\"isPartOf\":{\"@id\":\"https:\/\/sudoesteacontece.com.br\/?p=10196\"},\"author\":{\"name\":\"Washington Tiago\",\"@id\":\"https:\/\/sudoesteacontece.com.br\/#\/schema\/person\/3cf2cf009926a9683ebc29d5379fa79c\"},\"headline\":\"Onde est\u00e1 Luan? Desaparecimento de jovem mobiliza fam\u00edlia e amigos em Conquista\",\"datePublished\":\"2026-03-13T14:06:07+00:00\",\"dateModified\":\"2026-03-13T14:06:12+00:00\",\"mainEntityOfPage\":{\"@id\":\"https:\/\/sudoesteacontece.com.br\/?p=10196\"},\"wordCount\":292,\"commentCount\":0,\"publisher\":{\"@id\":\"https:\/\/sudoesteacontece.com.br\/#organization\"},\"image\":{\"@id\":\"https:\/\/sudoesteacontece.com.br\/?p=10196#primaryimage\"},\"thumbnailUrl\":\"https:\/\/sudoesteacontece.com.br\/wp-content\/uploads\/2026\/03\/Onde-esta-Luan-Desaparecimento-de-jovem-mobiliza-familia-e-amigos-em-Conquista.jpg\",\"articleSection\":[\"Cidades\",\"Pol\u00edcia\",\"Vit\u00f3ria da Conquista\"],\"inLanguage\":\"pt-BR\",\"potentialAction\":[{\"@type\":\"CommentAction\",\"name\":\"Comment\",\"target\":[\"https:\/\/sudoesteacontece.com.br\/?p=10196#respond\"]}]},{\"@type\":\"WebPage\",\"@id\":\"https:\/\/sudoesteacontece.com.br\/?p=10196\",\"url\":\"https:\/\/sudoesteacontece.com.br\/?p=10196\",\"name\":\"Onde est\u00e1 Luan? Desaparecimento de jovem mobiliza fam\u00edlia e amigos em Conquista - Sudoesteacontece\",\"isPartOf\":{\"@id\":\"https:\/\/sudoesteacontece.com.br\/#website\"},\"primaryImageOfPage\":{\"@id\":\"https:\/\/sudoesteacontece.com.br\/?p=10196#primaryimage\"},\"image\":{\"@id\":\"https:\/\/sudoesteacontece.com.br\/?p=10196#primaryimage\"},\"thumbnailUrl\":\"https:\/\/sudoesteacontece.com.br\/wp-content\/uploads\/2026\/03\/Onde-esta-Luan-Desaparecimento-de-jovem-mobiliza-familia-e-amigos-em-Conquista.jpg\",\"datePublished\":\"2026-03-13T14:06:07+00:00\",\"dateModified\":\"2026-03-13T14:06:12+00:00\",\"breadcrumb\":{\"@id\":\"https:\/\/sudoesteacontece.com.br\/?p=10196#breadcrumb\"},\"inLanguage\":\"pt-BR\",\"potentialAction\":[{\"@type\":\"ReadAction\",\"target\":[\"https:\/\/sudoesteacontece.com.br\/?p=10196\"]}]},{\"@type\":\"ImageObject\",\"inLanguage\":\"pt-BR\",\"@id\":\"https:\/\/sudoesteacontece.com.br\/?p=10196#primaryimage\",\"url\":\"https:\/\/sudoesteacontece.com.br\/wp-content\/uploads\/2026\/03\/Onde-esta-Luan-Desaparecimento-de-jovem-mobiliza-familia-e-amigos-em-Conquista.jpg\",\"contentUrl\":\"https:\/\/sudoesteacontece.com.br\/wp-content\/uploads\/2026\/03\/Onde-esta-Luan-Desaparecimento-de-jovem-mobiliza-familia-e-amigos-em-Conquista.jpg\",\"width\":900,\"height\":600},{\"@type\":\"BreadcrumbList\",\"@id\":\"https:\/\/sudoesteacontece.com.br\/?p=10196#breadcrumb\",\"itemListElement\":[{\"@type\":\"ListItem\",\"position\":1,\"name\":\"In\u00edcio\",\"item\":\"https:\/\/sudoesteacontece.com.br\/\"},{\"@type\":\"ListItem\",\"position\":2,\"name\":\"Onde est\u00e1 Luan? Desaparecimento de jovem mobiliza fam\u00edlia e amigos em Conquista\"}]},{\"@type\":\"WebSite\",\"@id\":\"https:\/\/sudoesteacontece.com.br\/#website\",\"url\":\"https:\/\/sudoesteacontece.com.br\/\",\"name\":\"Sudoesteacontece\",\"description\":\"\",\"publisher\":{\"@id\":\"https:\/\/sudoesteacontece.com.br\/#organization\"},\"potentialAction\":[{\"@type\":\"SearchAction\",\"target\":{\"@type\":\"EntryPoint\",\"urlTemplate\":\"https:\/\/sudoesteacontece.com.br\/?s={search_term_string}\"},\"query-input\":{\"@type\":\"PropertyValueSpecification\",\"valueRequired\":true,\"valueName\":\"search_term_string\"}}],\"inLanguage\":\"pt-BR\"},{\"@type\":\"Organization\",\"@id\":\"https:\/\/sudoesteacontece.com.br\/#organization\",\"name\":\"Sudoesteacontece\",\"url\":\"https:\/\/sudoesteacontece.com.br\/\",\"logo\":{\"@type\":\"ImageObject\",\"inLanguage\":\"pt-BR\",\"@id\":\"https:\/\/sudoesteacontece.com.br\/#\/schema\/logo\/image\/\",\"url\":\"https:\/\/sudoesteacontece.com.br\/wp-content\/uploads\/2025\/12\/cropped-logo-2-180x180-1.png\",\"contentUrl\":\"https:\/\/sudoesteacontece.com.br\/wp-content\/uploads\/2025\/12\/cropped-logo-2-180x180-1.png\",\"width\":180,\"height\":180,\"caption\":\"Sudoesteacontece\"},\"image\":{\"@id\":\"https:\/\/sudoesteacontece.com.br\/#\/schema\/logo\/image\/\"},\"sameAs\":[\"https:\/\/www.facebook.com\/sudoesteacontece\/?locale=pt_BR\"]},{\"@type\":\"Person\",\"@id\":\"https:\/\/sudoesteacontece.com.br\/#\/schema\/person\/3cf2cf009926a9683ebc29d5379fa79c\",\"name\":\"Washington Tiago\",\"image\":{\"@type\":\"ImageObject\",\"inLanguage\":\"pt-BR\",\"@id\":\"https:\/\/sudoesteacontece.com.br\/#\/schema\/person\/image\/\",\"url\":\"https:\/\/secure.gravatar.com\/avatar\/33c43b8668157e040f9d1fe93c354bf087cbd8ba36270c1163198bd3ddcf2a56?s=96&d=mm&r=g\",\"contentUrl\":\"https:\/\/secure.gravatar.com\/avatar\/33c43b8668157e040f9d1fe93c354bf087cbd8ba36270c1163198bd3ddcf2a56?s=96&d=mm&r=g\",\"caption\":\"Washington Tiago\"},\"url\":\"https:\/\/sudoesteacontece.com.br\/?author=2\"}]}<\/script>\n<!-- \/ Yoast SEO plugin. -->","yoast_head_json":{"title":"Onde est\u00e1 Luan? Desaparecimento de jovem mobiliza fam\u00edlia e amigos em Conquista - Sudoesteacontece","robots":{"index":"index","follow":"follow","max-snippet":"max-snippet:-1","max-image-preview":"max-image-preview:large","max-video-preview":"max-video-preview:-1"},"canonical":"https:\/\/sudoesteacontece.com.br\/?p=10196","og_locale":"pt_BR","og_type":"article","og_title":"Onde est\u00e1 Luan? Desaparecimento de jovem mobiliza fam\u00edlia e amigos em Conquista - Sudoesteacontece","og_description":"A fam\u00edlia de Luan Lima Santos vive dias de ang\u00fastia ap\u00f3s o desaparecimento do jovem na noite da \u00faltima quarta-feira (11). Desde ent\u00e3o, parentes e amigos iniciaram uma mobiliza\u00e7\u00e3o nas redes sociais e na comunidade na tentativa de obter qualquer informa\u00e7\u00e3o que ajude a encontr\u00e1-lo. Segundo relatos de familiares, Luan saiu de casa na quarta-feira \u00e0 noite e, desde aquele momento, n\u00e3o foi mais visto. O sumi\u00e7o repentino deixou a fam\u00edlia preocupada, j\u00e1 que ele n\u00e3o costuma ficar tanto tempo sem dar not\u00edcias. Desde as primeiras horas ap\u00f3s perceberem o desaparecimento, parentes come\u00e7aram a ligar para amigos, procurar em locais onde ele costuma frequentar e divulgar fotos nas redes sociais. Com o passar das horas, a preocupa\u00e7\u00e3o se transformou em desespero. Sem qualquer contato ou informa\u00e7\u00e3o sobre o paradeiro de Luan, familiares intensificaram os pedidos de ajuda para que a popula\u00e7\u00e3o colabore com pistas que possam ajudar a localiz\u00e1-lo. Amigos tamb\u00e9m passaram a compartilhar mensagens em grupos e p\u00e1ginas da regi\u00e3o para ampliar a divulga\u00e7\u00e3o do caso. A fam\u00edlia pede que qualquer pessoa que tenha visto Luan ou tenha alguma informa\u00e7\u00e3o sobre onde ele possa estar entre em contato imediatamente. Para os parentes, cada informa\u00e7\u00e3o pode ser fundamental para ajudar a encontr\u00e1-lo e colocar fim \u00e0 ang\u00fastia que j\u00e1 dura v\u00e1rios dias. Enquanto aguardam not\u00edcias, familiares seguem na esperan\u00e7a de que Luan seja encontrado com vida e em seguran\u00e7a. A mobiliza\u00e7\u00e3o continua nas redes sociais e entre moradores, que t\u00eam compartilhado o caso na tentativa de ajudar nas buscas.","og_url":"https:\/\/sudoesteacontece.com.br\/?p=10196","og_site_name":"Sudoesteacontece","article_publisher":"https:\/\/www.facebook.com\/sudoesteacontece\/?locale=pt_BR","article_published_time":"2026-03-13T14:06:07+00:00","article_modified_time":"2026-03-13T14:06:12+00:00","og_image":[{"width":900,"height":600,"url":"https:\/\/sudoesteacontece.com.br\/wp-content\/uploads\/2026\/03\/Onde-esta-Luan-Desaparecimento-de-jovem-mobiliza-familia-e-amigos-em-Conquista.jpg","type":"image\/jpeg"}],"author":"Washington Tiago","twitter_card":"summary_large_image","twitter_misc":{"Escrito por":"Washington Tiago","Est. tempo de leitura":"2 minutos"},"schema":{"@context":"https:\/\/schema.org","@graph":[{"@type":"Article","@id":"https:\/\/sudoesteacontece.com.br\/?p=10196#article","isPartOf":{"@id":"https:\/\/sudoesteacontece.com.br\/?p=10196"},"author":{"name":"Washington Tiago","@id":"https:\/\/sudoesteacontece.com.br\/#\/schema\/person\/3cf2cf009926a9683ebc29d5379fa79c"},"headline":"Onde est\u00e1 Luan? Desaparecimento de jovem mobiliza fam\u00edlia e amigos em Conquista","datePublished":"2026-03-13T14:06:07+00:00","dateModified":"2026-03-13T14:06:12+00:00","mainEntityOfPage":{"@id":"https:\/\/sudoesteacontece.com.br\/?p=10196"},"wordCount":292,"commentCount":0,"publisher":{"@id":"https:\/\/sudoesteacontece.com.br\/#organization"},"image":{"@id":"https:\/\/sudoesteacontece.com.br\/?p=10196#primaryimage"},"thumbnailUrl":"https:\/\/sudoesteacontece.com.br\/wp-content\/uploads\/2026\/03\/Onde-esta-Luan-Desaparecimento-de-jovem-mobiliza-familia-e-amigos-em-Conquista.jpg","articleSection":["Cidades","Pol\u00edcia","Vit\u00f3ria da Conquista"],"inLanguage":"pt-BR","potentialAction":[{"@type":"CommentAction","name":"Comment","target":["https:\/\/sudoesteacontece.com.br\/?p=10196#respond"]}]},{"@type":"WebPage","@id":"https:\/\/sudoesteacontece.com.br\/?p=10196","url":"https:\/\/sudoesteacontece.com.br\/?p=10196","name":"Onde est\u00e1 Luan? Desaparecimento de jovem mobiliza fam\u00edlia e amigos em Conquista - Sudoesteacontece","isPartOf":{"@id":"https:\/\/sudoesteacontece.com.br\/#website"},"primaryImageOfPage":{"@id":"https:\/\/sudoesteacontece.com.br\/?p=10196#primaryimage"},"image":{"@id":"https:\/\/sudoesteacontece.com.br\/?p=10196#primaryimage"},"thumbnailUrl":"https:\/\/sudoesteacontece.com.br\/wp-content\/uploads\/2026\/03\/Onde-esta-Luan-Desaparecimento-de-jovem-mobiliza-familia-e-amigos-em-Conquista.jpg","datePublished":"2026-03-13T14:06:07+00:00","dateModified":"2026-03-13T14:06:12+00:00","breadcrumb":{"@id":"https:\/\/sudoesteacontece.com.br\/?p=10196#breadcrumb"},"inLanguage":"pt-BR","potentialAction":[{"@type":"ReadAction","target":["https:\/\/sudoesteacontece.com.br\/?p=10196"]}]},{"@type":"ImageObject","inLanguage":"pt-BR","@id":"https:\/\/sudoesteacontece.com.br\/?p=10196#primaryimage","url":"https:\/\/sudoesteacontece.com.br\/wp-content\/uploads\/2026\/03\/Onde-esta-Luan-Desaparecimento-de-jovem-mobiliza-familia-e-amigos-em-Conquista.jpg","contentUrl":"https:\/\/sudoesteacontece.com.br\/wp-content\/uploads\/2026\/03\/Onde-esta-Luan-Desaparecimento-de-jovem-mobiliza-familia-e-amigos-em-Conquista.jpg","width":900,"height":600},{"@type":"BreadcrumbList","@id":"https:\/\/sudoesteacontece.com.br\/?p=10196#breadcrumb","itemListElement":[{"@type":"ListItem","position":1,"name":"In\u00edcio","item":"https:\/\/sudoesteacontece.com.br\/"},{"@type":"ListItem","position":2,"name":"Onde est\u00e1 Luan? Desaparecimento de jovem mobiliza fam\u00edlia e amigos em Conquista"}]},{"@type":"WebSite","@id":"https:\/\/sudoesteacontece.com.br\/#website","url":"https:\/\/sudoesteacontece.com.br\/","name":"Sudoesteacontece","description":"","publisher":{"@id":"https:\/\/sudoesteacontece.com.br\/#organization"},"potentialAction":[{"@type":"SearchAction","target":{"@type":"EntryPoint","urlTemplate":"https:\/\/sudoesteacontece.com.br\/?s={search_term_string}"},"query-input":{"@type":"PropertyValueSpecification","valueRequired":true,"valueName":"search_term_string"}}],"inLanguage":"pt-BR"},{"@type":"Organization","@id":"https:\/\/sudoesteacontece.com.br\/#organization","name":"Sudoesteacontece","url":"https:\/\/sudoesteacontece.com.br\/","logo":{"@type":"ImageObject","inLanguage":"pt-BR","@id":"https:\/\/sudoesteacontece.com.br\/#\/schema\/logo\/image\/","url":"https:\/\/sudoesteacontece.com.br\/wp-content\/uploads\/2025\/12\/cropped-logo-2-180x180-1.png","contentUrl":"https:\/\/sudoesteacontece.com.br\/wp-content\/uploads\/2025\/12\/cropped-logo-2-180x180-1.png","width":180,"height":180,"caption":"Sudoesteacontece"},"image":{"@id":"https:\/\/sudoesteacontece.com.br\/#\/schema\/logo\/image\/"},"sameAs":["https:\/\/www.facebook.com\/sudoesteacontece\/?locale=pt_BR"]},{"@type":"Person","@id":"https:\/\/sudoesteacontece.com.br\/#\/schema\/person\/3cf2cf009926a9683ebc29d5379fa79c","name":"Washington Tiago","image":{"@type":"ImageObject","inLanguage":"pt-BR","@id":"https:\/\/sudoesteacontece.com.br\/#\/schema\/person\/image\/","url":"https:\/\/secure.gravatar.com\/avatar\/33c43b8668157e040f9d1fe93c354bf087cbd8ba36270c1163198bd3ddcf2a56?s=96&d=mm&r=g","contentUrl":"https:\/\/secure.gravatar.com\/avatar\/33c43b8668157e040f9d1fe93c354bf087cbd8ba36270c1163198bd3ddcf2a56?s=96&d=mm&r=g","caption":"Washington Tiago"},"url":"https:\/\/sudoesteacontece.com.br\/?author=2"}]}},"_links":{"self":[{"href":"https:\/\/sudoesteacontece.com.br\/index.php?rest_route=\/wp\/v2\/posts\/10196","targetHints":{"allow":["GET"]}}],"collection":[{"href":"https:\/\/sudoesteacontece.com.br\/index.php?rest_route=\/wp\/v2\/posts"}],"about":[{"href":"https:\/\/sudoesteacontece.com.br\/index.php?rest_route=\/wp\/v2\/types\/post"}],"author":[{"embeddable":true,"href":"https:\/\/sudoesteacontece.com.br\/index.php?rest_route=\/wp\/v2\/users\/2"}],"replies":[{"embeddable":true,"href":"https:\/\/sudoesteacontece.com.br\/index.php?rest_route=%2Fwp%2Fv2%2Fcomments&post=10196"}],"version-history":[{"count":0,"href":"https:\/\/sudoesteacontece.com.br\/index.php?rest_route=\/wp\/v2\/posts\/10196\/revisions"}],"wp:featuredmedia":[{"embeddable":true,"href":"https:\/\/sudoesteacontece.com.br\/index.php?rest_route=\/wp\/v2\/media\/10237"}],"wp:attachment":[{"href":"https:\/\/sudoesteacontece.com.br\/index.php?rest_route=%2Fwp%2Fv2%2Fmedia&parent=10196"}],"wp:term":[{"taxonomy":"category","embeddable":true,"href":"https:\/\/sudoesteacontece.com.br\/index.php?rest_route=%2Fwp%2Fv2%2Fcategories&post=10196"},{"taxonomy":"post_tag","embeddable":true,"href":"https:\/\/sudoesteacontece.com.br\/index.php?rest_route=%2Fwp%2Fv2%2Ftags&post=10196"}],"curies":[{"name":"wp","href":"https:\/\/api.w.org\/{rel}","templated":true}]}}