{"id":10223,"date":"2026-03-13T12:08:46","date_gmt":"2026-03-13T15:08:46","guid":{"rendered":"https:\/\/sudoesteacontece.com.br\/?p=10223"},"modified":"2026-03-13T12:08:50","modified_gmt":"2026-03-13T15:08:50","slug":"justica-e-liberdade-em-xeque-busca-na-casa-de-jornalista-acende-alerta-no-brasil","status":"publish","type":"post","link":"https:\/\/sudoesteacontece.com.br\/?p=10223","title":{"rendered":"Justi\u00e7a e Liberdade em Xeque: busca na casa de Jornalista acende alerta no Brasil"},"content":{"rendered":"<div class=\"wp-block-image\">\n<figure class=\"aligncenter size-full\"><img fetchpriority=\"high\" decoding=\"async\" width=\"900\" height=\"600\" src=\"http:\/\/sudoesteacontece.com.br\/wp-content\/uploads\/2025\/12\/Atuacao-de-esposa-de-Alexandre-de-Moraes-no-STF-e-STJ-cresce-mais-de-460-apos-posse-do-ministro-sudoeste-acontece.jpg\" alt=\"\" class=\"wp-image-4985\" srcset=\"https:\/\/sudoesteacontece.com.br\/wp-content\/uploads\/2025\/12\/Atuacao-de-esposa-de-Alexandre-de-Moraes-no-STF-e-STJ-cresce-mais-de-460-apos-posse-do-ministro-sudoeste-acontece.jpg 900w, https:\/\/sudoesteacontece.com.br\/wp-content\/uploads\/2025\/12\/Atuacao-de-esposa-de-Alexandre-de-Moraes-no-STF-e-STJ-cresce-mais-de-460-apos-posse-do-ministro-sudoeste-acontece-300x200.jpg 300w, https:\/\/sudoesteacontece.com.br\/wp-content\/uploads\/2025\/12\/Atuacao-de-esposa-de-Alexandre-de-Moraes-no-STF-e-STJ-cresce-mais-de-460-apos-posse-do-ministro-sudoeste-acontece-768x512.jpg 768w\" sizes=\"(max-width: 900px) 100vw, 900px\" \/><\/figure>\n<\/div>\n\n\n<p>Decis\u00e3o do ministro Alexandre de Moraes autorizou busca e apreens\u00e3o na resid\u00eancia do jornalista Lu\u00eds Pablo Concei\u00e7\u00e3o Almeida, reacendendo debate sobre os limites do poder judicial e o risco de enfraquecer a liberdade de imprensa. Medida levanta preocupa\u00e7\u00e3o sobre sigilo de fontes e prote\u00e7\u00e3o constitucional.<\/p>\n\n\n\n<p>Medidas foram motivadas por suspeita de que o jornalista teria obtido informa\u00e7\u00f5es sens\u00edveis relacionadas \u00e0 seguran\u00e7a do ministro Fl\u00e1vio Dino. Autoridade ordenou apreens\u00e3o de celulares e computadores, usados na rotina profissional de reportagens, aumentando a tens\u00e3o sobre os limites entre investiga\u00e7\u00e3o e liberdade de informa\u00e7\u00e3o no pa\u00eds.<\/p>\n\n\n\n<p>Rea\u00e7\u00f5es n\u00e3o tardaram. Entidades da imprensa alertaram que a decis\u00e3o coloca em risco o sigilo das fontes, garantido pela Constitui\u00e7\u00e3o, e que apreens\u00f5es podem intimidar rep\u00f3rteres e enfraquecer o fluxo de informa\u00e7\u00f5es de interesse p\u00fablico, comprometendo a transpar\u00eancia e a confian\u00e7a necess\u00e1ria ao jornalismo investigativo.<\/p>\n\n\n\n<p>Especialistas em direito constitucional refor\u00e7am que o sigilo da fonte \u00e9 essencial para que den\u00fancias cheguem \u00e0 sociedade. Quando essa prote\u00e7\u00e3o \u00e9 percebida como vulner\u00e1vel, aumenta o risco de que informantes deixem de colaborar, enfraquecendo o papel da imprensa como fiscal do poder p\u00fablico e gerando impacto direto sobre o direito coletivo de saber.<\/p>\n\n\n\n<p>Juristas lembram que a apreens\u00e3o de equipamentos profissionais \u00e9 medida extrema em democracias consolidadas. Celulares e computadores armazenam comunica\u00e7\u00f5es com m\u00faltiplas fontes, e a exposi\u00e7\u00e3o desses dados n\u00e3o compromete apenas investiga\u00e7\u00f5es pontuais, mas tamb\u00e9m a confian\u00e7a que sustenta toda a atividade jornal\u00edstica.<\/p>\n\n\n\n<p>Controv\u00e9rsia se intensifica por envolver um ministro da Suprema Corte, respons\u00e1vel por proteger direitos fundamentais. Decis\u00f5es desse n\u00edvel que tensionam a liberdade de imprensa elevam o debate de jur\u00eddico para institucional, colocando em quest\u00e3o o equil\u00edbrio entre autoridade e garantias democr\u00e1ticas essenciais \u00e0 sociedade.<\/p>\n\n\n\n<p>Equil\u00edbrio \u00e9 o grande desafio. O Estado deve investigar poss\u00edveis il\u00edcitos e proteger autoridades p\u00fablicas, mas precisa respeitar limites constitucionais para n\u00e3o comprometer o n\u00facleo da liberdade de informa\u00e7\u00e3o, garantindo que a lei n\u00e3o se torne obst\u00e1culo ao exerc\u00edcio pleno do jornalismo e ao direito do p\u00fablico de ser informado.<\/p>\n\n\n\n<p>Sociedade sente os efeitos diretos quando confian\u00e7a entre jornalistas e fontes \u00e9 amea\u00e7ada. Caso n\u00e3o haja prote\u00e7\u00e3o efetiva, informantes podem se calar, prejudicando reportagens que revelam abusos ou irregularidades, e o debate provocado pela decis\u00e3o evidencia a tens\u00e3o constante entre poder investigativo e liberdade de imprensa em democracia.<\/p>\n","protected":false},"excerpt":{"rendered":"<p>Decis\u00e3o do ministro Alexandre de Moraes autorizou busca e apreens\u00e3o na resid\u00eancia do jornalista Lu\u00eds Pablo Concei\u00e7\u00e3o Almeida, reacendendo debate sobre os limites do poder judicial e o risco de enfraquecer a liberdade de imprensa. Medida levanta preocupa\u00e7\u00e3o sobre sigilo de fontes e prote\u00e7\u00e3o constitucional. Medidas foram motivadas por suspeita de que o jornalista teria obtido informa\u00e7\u00f5es sens\u00edveis relacionadas \u00e0 seguran\u00e7a do ministro Fl\u00e1vio Dino. Autoridade ordenou apreens\u00e3o de celulares e computadores, usados na rotina profissional de reportagens, aumentando a tens\u00e3o sobre os limites entre investiga\u00e7\u00e3o e liberdade de informa\u00e7\u00e3o no pa\u00eds. Rea\u00e7\u00f5es n\u00e3o tardaram. Entidades da imprensa alertaram que a decis\u00e3o coloca em risco o sigilo das fontes, garantido pela Constitui\u00e7\u00e3o, e que apreens\u00f5es podem intimidar rep\u00f3rteres e enfraquecer o fluxo de informa\u00e7\u00f5es de interesse p\u00fablico, comprometendo a transpar\u00eancia e a confian\u00e7a necess\u00e1ria ao jornalismo investigativo. Especialistas em direito constitucional refor\u00e7am que o sigilo da fonte \u00e9 essencial para que den\u00fancias cheguem \u00e0 sociedade. Quando essa prote\u00e7\u00e3o \u00e9 percebida como vulner\u00e1vel, aumenta o risco de que informantes deixem de colaborar, enfraquecendo o papel da imprensa como fiscal do poder p\u00fablico e gerando impacto direto sobre o direito coletivo de saber. Juristas lembram que a apreens\u00e3o de equipamentos profissionais \u00e9 medida extrema em democracias consolidadas. Celulares e computadores armazenam comunica\u00e7\u00f5es com m\u00faltiplas fontes, e a exposi\u00e7\u00e3o desses dados n\u00e3o compromete apenas investiga\u00e7\u00f5es pontuais, mas tamb\u00e9m a confian\u00e7a que sustenta toda a atividade jornal\u00edstica. Controv\u00e9rsia se intensifica por envolver um ministro da Suprema Corte, respons\u00e1vel por proteger direitos fundamentais. Decis\u00f5es desse n\u00edvel que tensionam a liberdade de imprensa elevam o debate de jur\u00eddico para institucional, colocando em quest\u00e3o o equil\u00edbrio entre autoridade e garantias democr\u00e1ticas essenciais \u00e0 sociedade. Equil\u00edbrio \u00e9 o grande desafio. O Estado deve investigar poss\u00edveis il\u00edcitos e proteger autoridades p\u00fablicas, mas precisa respeitar limites constitucionais para n\u00e3o comprometer o n\u00facleo da liberdade de informa\u00e7\u00e3o, garantindo que a lei n\u00e3o se torne obst\u00e1culo ao exerc\u00edcio pleno do jornalismo e ao direito do p\u00fablico de ser informado. Sociedade sente os efeitos diretos quando confian\u00e7a entre jornalistas e fontes \u00e9 amea\u00e7ada. Caso n\u00e3o haja prote\u00e7\u00e3o efetiva, informantes podem se calar, prejudicando reportagens que revelam abusos ou irregularidades, e o debate provocado pela decis\u00e3o evidencia a tens\u00e3o constante entre poder investigativo e liberdade de imprensa em democracia.<\/p>\n","protected":false},"author":2,"featured_media":0,"comment_status":"open","ping_status":"open","sticky":false,"template":"","format":"standard","meta":{"footnotes":""},"categories":[53,13,16],"tags":[],"class_list":["post-10223","post","type-post","status-publish","format-standard","hentry","category-brasil","category-justica","category-tv-radio-e-cinema"],"yoast_head":"<!-- This site is optimized with the Yoast SEO plugin v26.5 - https:\/\/yoast.com\/wordpress\/plugins\/seo\/ -->\n<title>Justi\u00e7a e Liberdade em Xeque: busca na casa de Jornalista acende alerta no Brasil - Sudoesteacontece<\/title>\n<meta name=\"robots\" content=\"index, follow, max-snippet:-1, max-image-preview:large, max-video-preview:-1\" \/>\n<link rel=\"canonical\" href=\"https:\/\/sudoesteacontece.com.br\/?p=10223\" \/>\n<meta property=\"og:locale\" content=\"pt_BR\" \/>\n<meta property=\"og:type\" content=\"article\" \/>\n<meta property=\"og:title\" content=\"Justi\u00e7a e Liberdade em Xeque: busca na casa de Jornalista acende alerta no Brasil - Sudoesteacontece\" \/>\n<meta property=\"og:description\" content=\"Decis\u00e3o do ministro Alexandre de Moraes autorizou busca e apreens\u00e3o na resid\u00eancia do jornalista Lu\u00eds Pablo Concei\u00e7\u00e3o Almeida, reacendendo debate sobre os limites do poder judicial e o risco de enfraquecer a liberdade de imprensa. Medida levanta preocupa\u00e7\u00e3o sobre sigilo de fontes e prote\u00e7\u00e3o constitucional. Medidas foram motivadas por suspeita de que o jornalista teria obtido informa\u00e7\u00f5es sens\u00edveis relacionadas \u00e0 seguran\u00e7a do ministro Fl\u00e1vio Dino. Autoridade ordenou apreens\u00e3o de celulares e computadores, usados na rotina profissional de reportagens, aumentando a tens\u00e3o sobre os limites entre investiga\u00e7\u00e3o e liberdade de informa\u00e7\u00e3o no pa\u00eds. Rea\u00e7\u00f5es n\u00e3o tardaram. Entidades da imprensa alertaram que a decis\u00e3o coloca em risco o sigilo das fontes, garantido pela Constitui\u00e7\u00e3o, e que apreens\u00f5es podem intimidar rep\u00f3rteres e enfraquecer o fluxo de informa\u00e7\u00f5es de interesse p\u00fablico, comprometendo a transpar\u00eancia e a confian\u00e7a necess\u00e1ria ao jornalismo investigativo. Especialistas em direito constitucional refor\u00e7am que o sigilo da fonte \u00e9 essencial para que den\u00fancias cheguem \u00e0 sociedade. Quando essa prote\u00e7\u00e3o \u00e9 percebida como vulner\u00e1vel, aumenta o risco de que informantes deixem de colaborar, enfraquecendo o papel da imprensa como fiscal do poder p\u00fablico e gerando impacto direto sobre o direito coletivo de saber. Juristas lembram que a apreens\u00e3o de equipamentos profissionais \u00e9 medida extrema em democracias consolidadas. Celulares e computadores armazenam comunica\u00e7\u00f5es com m\u00faltiplas fontes, e a exposi\u00e7\u00e3o desses dados n\u00e3o compromete apenas investiga\u00e7\u00f5es pontuais, mas tamb\u00e9m a confian\u00e7a que sustenta toda a atividade jornal\u00edstica. Controv\u00e9rsia se intensifica por envolver um ministro da Suprema Corte, respons\u00e1vel por proteger direitos fundamentais. Decis\u00f5es desse n\u00edvel que tensionam a liberdade de imprensa elevam o debate de jur\u00eddico para institucional, colocando em quest\u00e3o o equil\u00edbrio entre autoridade e garantias democr\u00e1ticas essenciais \u00e0 sociedade. Equil\u00edbrio \u00e9 o grande desafio. O Estado deve investigar poss\u00edveis il\u00edcitos e proteger autoridades p\u00fablicas, mas precisa respeitar limites constitucionais para n\u00e3o comprometer o n\u00facleo da liberdade de informa\u00e7\u00e3o, garantindo que a lei n\u00e3o se torne obst\u00e1culo ao exerc\u00edcio pleno do jornalismo e ao direito do p\u00fablico de ser informado. Sociedade sente os efeitos diretos quando confian\u00e7a entre jornalistas e fontes \u00e9 amea\u00e7ada. Caso n\u00e3o haja prote\u00e7\u00e3o efetiva, informantes podem se calar, prejudicando reportagens que revelam abusos ou irregularidades, e o debate provocado pela decis\u00e3o evidencia a tens\u00e3o constante entre poder investigativo e liberdade de imprensa em democracia.\" \/>\n<meta property=\"og:url\" content=\"https:\/\/sudoesteacontece.com.br\/?p=10223\" \/>\n<meta property=\"og:site_name\" content=\"Sudoesteacontece\" \/>\n<meta property=\"article:publisher\" content=\"https:\/\/www.facebook.com\/sudoesteacontece\/?locale=pt_BR\" \/>\n<meta property=\"article:published_time\" content=\"2026-03-13T15:08:46+00:00\" \/>\n<meta property=\"article:modified_time\" content=\"2026-03-13T15:08:50+00:00\" \/>\n<meta property=\"og:image\" content=\"http:\/\/sudoesteacontece.com.br\/wp-content\/uploads\/2025\/12\/Atuacao-de-esposa-de-Alexandre-de-Moraes-no-STF-e-STJ-cresce-mais-de-460-apos-posse-do-ministro-sudoeste-acontece.jpg\" \/>\n<meta name=\"author\" content=\"Washington Tiago\" \/>\n<meta name=\"twitter:card\" content=\"summary_large_image\" \/>\n<meta name=\"twitter:label1\" content=\"Escrito por\" \/>\n\t<meta name=\"twitter:data1\" content=\"Washington Tiago\" \/>\n\t<meta name=\"twitter:label2\" content=\"Est. tempo de leitura\" \/>\n\t<meta name=\"twitter:data2\" content=\"3 minutos\" \/>\n<script type=\"application\/ld+json\" class=\"yoast-schema-graph\">{\"@context\":\"https:\/\/schema.org\",\"@graph\":[{\"@type\":\"Article\",\"@id\":\"https:\/\/sudoesteacontece.com.br\/?p=10223#article\",\"isPartOf\":{\"@id\":\"https:\/\/sudoesteacontece.com.br\/?p=10223\"},\"author\":{\"name\":\"Washington Tiago\",\"@id\":\"https:\/\/sudoesteacontece.com.br\/#\/schema\/person\/3cf2cf009926a9683ebc29d5379fa79c\"},\"headline\":\"Justi\u00e7a e Liberdade em Xeque: busca na casa de Jornalista acende alerta no Brasil\",\"datePublished\":\"2026-03-13T15:08:46+00:00\",\"dateModified\":\"2026-03-13T15:08:50+00:00\",\"mainEntityOfPage\":{\"@id\":\"https:\/\/sudoesteacontece.com.br\/?p=10223\"},\"wordCount\":448,\"commentCount\":0,\"publisher\":{\"@id\":\"https:\/\/sudoesteacontece.com.br\/#organization\"},\"image\":{\"@id\":\"https:\/\/sudoesteacontece.com.br\/?p=10223#primaryimage\"},\"thumbnailUrl\":\"http:\/\/sudoesteacontece.com.br\/wp-content\/uploads\/2025\/12\/Atuacao-de-esposa-de-Alexandre-de-Moraes-no-STF-e-STJ-cresce-mais-de-460-apos-posse-do-ministro-sudoeste-acontece.jpg\",\"articleSection\":[\"Brasil\",\"Justi\u00e7a\",\"TV, R\u00e1dio e Cinema\"],\"inLanguage\":\"pt-BR\",\"potentialAction\":[{\"@type\":\"CommentAction\",\"name\":\"Comment\",\"target\":[\"https:\/\/sudoesteacontece.com.br\/?p=10223#respond\"]}]},{\"@type\":\"WebPage\",\"@id\":\"https:\/\/sudoesteacontece.com.br\/?p=10223\",\"url\":\"https:\/\/sudoesteacontece.com.br\/?p=10223\",\"name\":\"Justi\u00e7a e Liberdade em Xeque: busca na casa de Jornalista acende alerta no Brasil - Sudoesteacontece\",\"isPartOf\":{\"@id\":\"https:\/\/sudoesteacontece.com.br\/#website\"},\"primaryImageOfPage\":{\"@id\":\"https:\/\/sudoesteacontece.com.br\/?p=10223#primaryimage\"},\"image\":{\"@id\":\"https:\/\/sudoesteacontece.com.br\/?p=10223#primaryimage\"},\"thumbnailUrl\":\"http:\/\/sudoesteacontece.com.br\/wp-content\/uploads\/2025\/12\/Atuacao-de-esposa-de-Alexandre-de-Moraes-no-STF-e-STJ-cresce-mais-de-460-apos-posse-do-ministro-sudoeste-acontece.jpg\",\"datePublished\":\"2026-03-13T15:08:46+00:00\",\"dateModified\":\"2026-03-13T15:08:50+00:00\",\"breadcrumb\":{\"@id\":\"https:\/\/sudoesteacontece.com.br\/?p=10223#breadcrumb\"},\"inLanguage\":\"pt-BR\",\"potentialAction\":[{\"@type\":\"ReadAction\",\"target\":[\"https:\/\/sudoesteacontece.com.br\/?p=10223\"]}]},{\"@type\":\"ImageObject\",\"inLanguage\":\"pt-BR\",\"@id\":\"https:\/\/sudoesteacontece.com.br\/?p=10223#primaryimage\",\"url\":\"https:\/\/sudoesteacontece.com.br\/wp-content\/uploads\/2025\/12\/Atuacao-de-esposa-de-Alexandre-de-Moraes-no-STF-e-STJ-cresce-mais-de-460-apos-posse-do-ministro-sudoeste-acontece.jpg\",\"contentUrl\":\"https:\/\/sudoesteacontece.com.br\/wp-content\/uploads\/2025\/12\/Atuacao-de-esposa-de-Alexandre-de-Moraes-no-STF-e-STJ-cresce-mais-de-460-apos-posse-do-ministro-sudoeste-acontece.jpg\",\"width\":900,\"height\":600},{\"@type\":\"BreadcrumbList\",\"@id\":\"https:\/\/sudoesteacontece.com.br\/?p=10223#breadcrumb\",\"itemListElement\":[{\"@type\":\"ListItem\",\"position\":1,\"name\":\"In\u00edcio\",\"item\":\"https:\/\/sudoesteacontece.com.br\/\"},{\"@type\":\"ListItem\",\"position\":2,\"name\":\"Justi\u00e7a e Liberdade em Xeque: busca na casa de Jornalista acende alerta no Brasil\"}]},{\"@type\":\"WebSite\",\"@id\":\"https:\/\/sudoesteacontece.com.br\/#website\",\"url\":\"https:\/\/sudoesteacontece.com.br\/\",\"name\":\"Sudoesteacontece\",\"description\":\"\",\"publisher\":{\"@id\":\"https:\/\/sudoesteacontece.com.br\/#organization\"},\"potentialAction\":[{\"@type\":\"SearchAction\",\"target\":{\"@type\":\"EntryPoint\",\"urlTemplate\":\"https:\/\/sudoesteacontece.com.br\/?s={search_term_string}\"},\"query-input\":{\"@type\":\"PropertyValueSpecification\",\"valueRequired\":true,\"valueName\":\"search_term_string\"}}],\"inLanguage\":\"pt-BR\"},{\"@type\":\"Organization\",\"@id\":\"https:\/\/sudoesteacontece.com.br\/#organization\",\"name\":\"Sudoesteacontece\",\"url\":\"https:\/\/sudoesteacontece.com.br\/\",\"logo\":{\"@type\":\"ImageObject\",\"inLanguage\":\"pt-BR\",\"@id\":\"https:\/\/sudoesteacontece.com.br\/#\/schema\/logo\/image\/\",\"url\":\"https:\/\/sudoesteacontece.com.br\/wp-content\/uploads\/2025\/12\/cropped-logo-2-180x180-1.png\",\"contentUrl\":\"https:\/\/sudoesteacontece.com.br\/wp-content\/uploads\/2025\/12\/cropped-logo-2-180x180-1.png\",\"width\":180,\"height\":180,\"caption\":\"Sudoesteacontece\"},\"image\":{\"@id\":\"https:\/\/sudoesteacontece.com.br\/#\/schema\/logo\/image\/\"},\"sameAs\":[\"https:\/\/www.facebook.com\/sudoesteacontece\/?locale=pt_BR\"]},{\"@type\":\"Person\",\"@id\":\"https:\/\/sudoesteacontece.com.br\/#\/schema\/person\/3cf2cf009926a9683ebc29d5379fa79c\",\"name\":\"Washington Tiago\",\"image\":{\"@type\":\"ImageObject\",\"inLanguage\":\"pt-BR\",\"@id\":\"https:\/\/sudoesteacontece.com.br\/#\/schema\/person\/image\/\",\"url\":\"https:\/\/secure.gravatar.com\/avatar\/33c43b8668157e040f9d1fe93c354bf087cbd8ba36270c1163198bd3ddcf2a56?s=96&d=mm&r=g\",\"contentUrl\":\"https:\/\/secure.gravatar.com\/avatar\/33c43b8668157e040f9d1fe93c354bf087cbd8ba36270c1163198bd3ddcf2a56?s=96&d=mm&r=g\",\"caption\":\"Washington Tiago\"},\"url\":\"https:\/\/sudoesteacontece.com.br\/?author=2\"}]}<\/script>\n<!-- \/ Yoast SEO plugin. -->","yoast_head_json":{"title":"Justi\u00e7a e Liberdade em Xeque: busca na casa de Jornalista acende alerta no Brasil - Sudoesteacontece","robots":{"index":"index","follow":"follow","max-snippet":"max-snippet:-1","max-image-preview":"max-image-preview:large","max-video-preview":"max-video-preview:-1"},"canonical":"https:\/\/sudoesteacontece.com.br\/?p=10223","og_locale":"pt_BR","og_type":"article","og_title":"Justi\u00e7a e Liberdade em Xeque: busca na casa de Jornalista acende alerta no Brasil - Sudoesteacontece","og_description":"Decis\u00e3o do ministro Alexandre de Moraes autorizou busca e apreens\u00e3o na resid\u00eancia do jornalista Lu\u00eds Pablo Concei\u00e7\u00e3o Almeida, reacendendo debate sobre os limites do poder judicial e o risco de enfraquecer a liberdade de imprensa. Medida levanta preocupa\u00e7\u00e3o sobre sigilo de fontes e prote\u00e7\u00e3o constitucional. Medidas foram motivadas por suspeita de que o jornalista teria obtido informa\u00e7\u00f5es sens\u00edveis relacionadas \u00e0 seguran\u00e7a do ministro Fl\u00e1vio Dino. Autoridade ordenou apreens\u00e3o de celulares e computadores, usados na rotina profissional de reportagens, aumentando a tens\u00e3o sobre os limites entre investiga\u00e7\u00e3o e liberdade de informa\u00e7\u00e3o no pa\u00eds. Rea\u00e7\u00f5es n\u00e3o tardaram. Entidades da imprensa alertaram que a decis\u00e3o coloca em risco o sigilo das fontes, garantido pela Constitui\u00e7\u00e3o, e que apreens\u00f5es podem intimidar rep\u00f3rteres e enfraquecer o fluxo de informa\u00e7\u00f5es de interesse p\u00fablico, comprometendo a transpar\u00eancia e a confian\u00e7a necess\u00e1ria ao jornalismo investigativo. Especialistas em direito constitucional refor\u00e7am que o sigilo da fonte \u00e9 essencial para que den\u00fancias cheguem \u00e0 sociedade. Quando essa prote\u00e7\u00e3o \u00e9 percebida como vulner\u00e1vel, aumenta o risco de que informantes deixem de colaborar, enfraquecendo o papel da imprensa como fiscal do poder p\u00fablico e gerando impacto direto sobre o direito coletivo de saber. Juristas lembram que a apreens\u00e3o de equipamentos profissionais \u00e9 medida extrema em democracias consolidadas. Celulares e computadores armazenam comunica\u00e7\u00f5es com m\u00faltiplas fontes, e a exposi\u00e7\u00e3o desses dados n\u00e3o compromete apenas investiga\u00e7\u00f5es pontuais, mas tamb\u00e9m a confian\u00e7a que sustenta toda a atividade jornal\u00edstica. Controv\u00e9rsia se intensifica por envolver um ministro da Suprema Corte, respons\u00e1vel por proteger direitos fundamentais. Decis\u00f5es desse n\u00edvel que tensionam a liberdade de imprensa elevam o debate de jur\u00eddico para institucional, colocando em quest\u00e3o o equil\u00edbrio entre autoridade e garantias democr\u00e1ticas essenciais \u00e0 sociedade. Equil\u00edbrio \u00e9 o grande desafio. O Estado deve investigar poss\u00edveis il\u00edcitos e proteger autoridades p\u00fablicas, mas precisa respeitar limites constitucionais para n\u00e3o comprometer o n\u00facleo da liberdade de informa\u00e7\u00e3o, garantindo que a lei n\u00e3o se torne obst\u00e1culo ao exerc\u00edcio pleno do jornalismo e ao direito do p\u00fablico de ser informado. Sociedade sente os efeitos diretos quando confian\u00e7a entre jornalistas e fontes \u00e9 amea\u00e7ada. Caso n\u00e3o haja prote\u00e7\u00e3o efetiva, informantes podem se calar, prejudicando reportagens que revelam abusos ou irregularidades, e o debate provocado pela decis\u00e3o evidencia a tens\u00e3o constante entre poder investigativo e liberdade de imprensa em democracia.","og_url":"https:\/\/sudoesteacontece.com.br\/?p=10223","og_site_name":"Sudoesteacontece","article_publisher":"https:\/\/www.facebook.com\/sudoesteacontece\/?locale=pt_BR","article_published_time":"2026-03-13T15:08:46+00:00","article_modified_time":"2026-03-13T15:08:50+00:00","og_image":[{"url":"http:\/\/sudoesteacontece.com.br\/wp-content\/uploads\/2025\/12\/Atuacao-de-esposa-de-Alexandre-de-Moraes-no-STF-e-STJ-cresce-mais-de-460-apos-posse-do-ministro-sudoeste-acontece.jpg","type":"","width":"","height":""}],"author":"Washington Tiago","twitter_card":"summary_large_image","twitter_misc":{"Escrito por":"Washington Tiago","Est. tempo de leitura":"3 minutos"},"schema":{"@context":"https:\/\/schema.org","@graph":[{"@type":"Article","@id":"https:\/\/sudoesteacontece.com.br\/?p=10223#article","isPartOf":{"@id":"https:\/\/sudoesteacontece.com.br\/?p=10223"},"author":{"name":"Washington Tiago","@id":"https:\/\/sudoesteacontece.com.br\/#\/schema\/person\/3cf2cf009926a9683ebc29d5379fa79c"},"headline":"Justi\u00e7a e Liberdade em Xeque: busca na casa de Jornalista acende alerta no Brasil","datePublished":"2026-03-13T15:08:46+00:00","dateModified":"2026-03-13T15:08:50+00:00","mainEntityOfPage":{"@id":"https:\/\/sudoesteacontece.com.br\/?p=10223"},"wordCount":448,"commentCount":0,"publisher":{"@id":"https:\/\/sudoesteacontece.com.br\/#organization"},"image":{"@id":"https:\/\/sudoesteacontece.com.br\/?p=10223#primaryimage"},"thumbnailUrl":"http:\/\/sudoesteacontece.com.br\/wp-content\/uploads\/2025\/12\/Atuacao-de-esposa-de-Alexandre-de-Moraes-no-STF-e-STJ-cresce-mais-de-460-apos-posse-do-ministro-sudoeste-acontece.jpg","articleSection":["Brasil","Justi\u00e7a","TV, R\u00e1dio e Cinema"],"inLanguage":"pt-BR","potentialAction":[{"@type":"CommentAction","name":"Comment","target":["https:\/\/sudoesteacontece.com.br\/?p=10223#respond"]}]},{"@type":"WebPage","@id":"https:\/\/sudoesteacontece.com.br\/?p=10223","url":"https:\/\/sudoesteacontece.com.br\/?p=10223","name":"Justi\u00e7a e Liberdade em Xeque: busca na casa de Jornalista acende alerta no Brasil - Sudoesteacontece","isPartOf":{"@id":"https:\/\/sudoesteacontece.com.br\/#website"},"primaryImageOfPage":{"@id":"https:\/\/sudoesteacontece.com.br\/?p=10223#primaryimage"},"image":{"@id":"https:\/\/sudoesteacontece.com.br\/?p=10223#primaryimage"},"thumbnailUrl":"http:\/\/sudoesteacontece.com.br\/wp-content\/uploads\/2025\/12\/Atuacao-de-esposa-de-Alexandre-de-Moraes-no-STF-e-STJ-cresce-mais-de-460-apos-posse-do-ministro-sudoeste-acontece.jpg","datePublished":"2026-03-13T15:08:46+00:00","dateModified":"2026-03-13T15:08:50+00:00","breadcrumb":{"@id":"https:\/\/sudoesteacontece.com.br\/?p=10223#breadcrumb"},"inLanguage":"pt-BR","potentialAction":[{"@type":"ReadAction","target":["https:\/\/sudoesteacontece.com.br\/?p=10223"]}]},{"@type":"ImageObject","inLanguage":"pt-BR","@id":"https:\/\/sudoesteacontece.com.br\/?p=10223#primaryimage","url":"https:\/\/sudoesteacontece.com.br\/wp-content\/uploads\/2025\/12\/Atuacao-de-esposa-de-Alexandre-de-Moraes-no-STF-e-STJ-cresce-mais-de-460-apos-posse-do-ministro-sudoeste-acontece.jpg","contentUrl":"https:\/\/sudoesteacontece.com.br\/wp-content\/uploads\/2025\/12\/Atuacao-de-esposa-de-Alexandre-de-Moraes-no-STF-e-STJ-cresce-mais-de-460-apos-posse-do-ministro-sudoeste-acontece.jpg","width":900,"height":600},{"@type":"BreadcrumbList","@id":"https:\/\/sudoesteacontece.com.br\/?p=10223#breadcrumb","itemListElement":[{"@type":"ListItem","position":1,"name":"In\u00edcio","item":"https:\/\/sudoesteacontece.com.br\/"},{"@type":"ListItem","position":2,"name":"Justi\u00e7a e Liberdade em Xeque: busca na casa de Jornalista acende alerta no Brasil"}]},{"@type":"WebSite","@id":"https:\/\/sudoesteacontece.com.br\/#website","url":"https:\/\/sudoesteacontece.com.br\/","name":"Sudoesteacontece","description":"","publisher":{"@id":"https:\/\/sudoesteacontece.com.br\/#organization"},"potentialAction":[{"@type":"SearchAction","target":{"@type":"EntryPoint","urlTemplate":"https:\/\/sudoesteacontece.com.br\/?s={search_term_string}"},"query-input":{"@type":"PropertyValueSpecification","valueRequired":true,"valueName":"search_term_string"}}],"inLanguage":"pt-BR"},{"@type":"Organization","@id":"https:\/\/sudoesteacontece.com.br\/#organization","name":"Sudoesteacontece","url":"https:\/\/sudoesteacontece.com.br\/","logo":{"@type":"ImageObject","inLanguage":"pt-BR","@id":"https:\/\/sudoesteacontece.com.br\/#\/schema\/logo\/image\/","url":"https:\/\/sudoesteacontece.com.br\/wp-content\/uploads\/2025\/12\/cropped-logo-2-180x180-1.png","contentUrl":"https:\/\/sudoesteacontece.com.br\/wp-content\/uploads\/2025\/12\/cropped-logo-2-180x180-1.png","width":180,"height":180,"caption":"Sudoesteacontece"},"image":{"@id":"https:\/\/sudoesteacontece.com.br\/#\/schema\/logo\/image\/"},"sameAs":["https:\/\/www.facebook.com\/sudoesteacontece\/?locale=pt_BR"]},{"@type":"Person","@id":"https:\/\/sudoesteacontece.com.br\/#\/schema\/person\/3cf2cf009926a9683ebc29d5379fa79c","name":"Washington Tiago","image":{"@type":"ImageObject","inLanguage":"pt-BR","@id":"https:\/\/sudoesteacontece.com.br\/#\/schema\/person\/image\/","url":"https:\/\/secure.gravatar.com\/avatar\/33c43b8668157e040f9d1fe93c354bf087cbd8ba36270c1163198bd3ddcf2a56?s=96&d=mm&r=g","contentUrl":"https:\/\/secure.gravatar.com\/avatar\/33c43b8668157e040f9d1fe93c354bf087cbd8ba36270c1163198bd3ddcf2a56?s=96&d=mm&r=g","caption":"Washington Tiago"},"url":"https:\/\/sudoesteacontece.com.br\/?author=2"}]}},"_links":{"self":[{"href":"https:\/\/sudoesteacontece.com.br\/index.php?rest_route=\/wp\/v2\/posts\/10223","targetHints":{"allow":["GET"]}}],"collection":[{"href":"https:\/\/sudoesteacontece.com.br\/index.php?rest_route=\/wp\/v2\/posts"}],"about":[{"href":"https:\/\/sudoesteacontece.com.br\/index.php?rest_route=\/wp\/v2\/types\/post"}],"author":[{"embeddable":true,"href":"https:\/\/sudoesteacontece.com.br\/index.php?rest_route=\/wp\/v2\/users\/2"}],"replies":[{"embeddable":true,"href":"https:\/\/sudoesteacontece.com.br\/index.php?rest_route=%2Fwp%2Fv2%2Fcomments&post=10223"}],"version-history":[{"count":0,"href":"https:\/\/sudoesteacontece.com.br\/index.php?rest_route=\/wp\/v2\/posts\/10223\/revisions"}],"wp:attachment":[{"href":"https:\/\/sudoesteacontece.com.br\/index.php?rest_route=%2Fwp%2Fv2%2Fmedia&parent=10223"}],"wp:term":[{"taxonomy":"category","embeddable":true,"href":"https:\/\/sudoesteacontece.com.br\/index.php?rest_route=%2Fwp%2Fv2%2Fcategories&post=10223"},{"taxonomy":"post_tag","embeddable":true,"href":"https:\/\/sudoesteacontece.com.br\/index.php?rest_route=%2Fwp%2Fv2%2Ftags&post=10223"}],"curies":[{"name":"wp","href":"https:\/\/api.w.org\/{rel}","templated":true}]}}