{"id":10231,"date":"2026-03-13T12:19:04","date_gmt":"2026-03-13T15:19:04","guid":{"rendered":"https:\/\/sudoesteacontece.com.br\/?p=10231"},"modified":"2026-03-13T12:19:08","modified_gmt":"2026-03-13T15:19:08","slug":"ex-presidente-bolsonaro-e-levado-ao-hospital-apos-passar-mal-na-prisao-em-brasilia","status":"publish","type":"post","link":"https:\/\/sudoesteacontece.com.br\/?p=10231","title":{"rendered":"Ex-presidente Bolsonaro \u00e9 levado ao hospital ap\u00f3s passar mal na pris\u00e3o em Bras\u00edlia"},"content":{"rendered":"<div class=\"wp-block-image\">\n<figure class=\"aligncenter size-full\"><img fetchpriority=\"high\" decoding=\"async\" width=\"900\" height=\"600\" src=\"http:\/\/sudoesteacontece.com.br\/wp-content\/uploads\/2025\/11\/Vigilia-convocada-por-aliados-e-risco-de-tumulto-levam-STF-a-ordenar-prisao-de-Bolsonaro-sudoeste-acontece.jpg\" alt=\"\" class=\"wp-image-3252\" srcset=\"https:\/\/sudoesteacontece.com.br\/wp-content\/uploads\/2025\/11\/Vigilia-convocada-por-aliados-e-risco-de-tumulto-levam-STF-a-ordenar-prisao-de-Bolsonaro-sudoeste-acontece.jpg 900w, https:\/\/sudoesteacontece.com.br\/wp-content\/uploads\/2025\/11\/Vigilia-convocada-por-aliados-e-risco-de-tumulto-levam-STF-a-ordenar-prisao-de-Bolsonaro-sudoeste-acontece-300x200.jpg 300w, https:\/\/sudoesteacontece.com.br\/wp-content\/uploads\/2025\/11\/Vigilia-convocada-por-aliados-e-risco-de-tumulto-levam-STF-a-ordenar-prisao-de-Bolsonaro-sudoeste-acontece-768x512.jpg 768w\" sizes=\"(max-width: 900px) 100vw, 900px\" \/><\/figure>\n<\/div>\n\n\n<hr class=\"wp-block-separator has-alpha-channel-opacity\"\/>\n\n\n\n<p>Ex-presidente Jair Bolsonaro (PL) foi transferido para um hospital nesta sexta-feira (13) ap\u00f3s apresentar calafrios e v\u00f4mitos na Papudinha, onde cumpre pena. Informa\u00e7\u00e3o foi confirmada pelo senador Fl\u00e1vio Bolsonaro (PL), que pediu ora\u00e7\u00f5es para que o quadro de sa\u00fade do pai n\u00e3o seja grave e atualizou seguidores sobre a situa\u00e7\u00e3o.<\/p>\n\n\n\n<p>Senador relatou nas redes sociais que Bolsonaro acordou durante a madrugada sentindo-se mal e vomitando bastante. Transfer\u00eancia ocorreu rapidamente do Complexo da Papuda para atendimento m\u00e9dico, em meio a repercuss\u00e3o nacional sobre a sa\u00fade do ex-presidente, que cumpre pena por tentativa de golpe de Estado desde janeiro.<\/p>\n\n\n\n<p>Complexo da Papuda abriga Bolsonaro desde 15 de janeiro, quando foi preso preventivamente por suspeita de envolvimento em tentativa de golpe de Estado. At\u00e9 o momento, assessoria do ex-presidente n\u00e3o se pronunciou oficialmente sobre hospitaliza\u00e7\u00e3o, mantendo a fam\u00edlia como principal fonte de informa\u00e7\u00f5es sobre estado cl\u00ednico.<\/p>\n\n\n\n<p>Movimento nas redes chamou aten\u00e7\u00e3o de apoiadores e cr\u00edticos. Seguidores compartilharam mensagens de preocupa\u00e7\u00e3o e especula\u00e7\u00e3o sobre a gravidade da situa\u00e7\u00e3o. Autoridades e profissionais de sa\u00fade do pres\u00eddio acompanham quadro cl\u00ednico, garantindo atendimento imediato, enquanto detalhes sobre diagn\u00f3sticos e exames ainda n\u00e3o foram divulgados.<\/p>\n\n\n\n<p>Hospitaliza\u00e7\u00e3o reacende debate sobre seguran\u00e7a e condi\u00e7\u00f5es de deten\u00e7\u00e3o de figuras pol\u00edticas no Brasil. Especialistas afirmam que qualquer epis\u00f3dio de mal-estar exige aten\u00e7\u00e3o m\u00e9dica imediata, principalmente para presos de alta relev\u00e2ncia, e refor\u00e7am a necessidade de monitoramento constante para evitar agravamento de problemas de sa\u00fade.<\/p>\n","protected":false},"excerpt":{"rendered":"<p>Ex-presidente Jair Bolsonaro (PL) foi transferido para um hospital nesta sexta-feira (13) ap\u00f3s apresentar calafrios e v\u00f4mitos na Papudinha, onde cumpre pena. Informa\u00e7\u00e3o foi confirmada pelo senador Fl\u00e1vio Bolsonaro (PL), que pediu ora\u00e7\u00f5es para que o quadro de sa\u00fade do pai n\u00e3o seja grave e atualizou seguidores sobre a situa\u00e7\u00e3o. Senador relatou nas redes sociais que Bolsonaro acordou durante a madrugada sentindo-se mal e vomitando bastante. Transfer\u00eancia ocorreu rapidamente do Complexo da Papuda para atendimento m\u00e9dico, em meio a repercuss\u00e3o nacional sobre a sa\u00fade do ex-presidente, que cumpre pena por tentativa de golpe de Estado desde janeiro. Complexo da Papuda abriga Bolsonaro desde 15 de janeiro, quando foi preso preventivamente por suspeita de envolvimento em tentativa de golpe de Estado. At\u00e9 o momento, assessoria do ex-presidente n\u00e3o se pronunciou oficialmente sobre hospitaliza\u00e7\u00e3o, mantendo a fam\u00edlia como principal fonte de informa\u00e7\u00f5es sobre estado cl\u00ednico. Movimento nas redes chamou aten\u00e7\u00e3o de apoiadores e cr\u00edticos. Seguidores compartilharam mensagens de preocupa\u00e7\u00e3o e especula\u00e7\u00e3o sobre a gravidade da situa\u00e7\u00e3o. Autoridades e profissionais de sa\u00fade do pres\u00eddio acompanham quadro cl\u00ednico, garantindo atendimento imediato, enquanto detalhes sobre diagn\u00f3sticos e exames ainda n\u00e3o foram divulgados. Hospitaliza\u00e7\u00e3o reacende debate sobre seguran\u00e7a e condi\u00e7\u00f5es de deten\u00e7\u00e3o de figuras pol\u00edticas no Brasil. Especialistas afirmam que qualquer epis\u00f3dio de mal-estar exige aten\u00e7\u00e3o m\u00e9dica imediata, principalmente para presos de alta relev\u00e2ncia, e refor\u00e7am a necessidade de monitoramento constante para evitar agravamento de problemas de sa\u00fade.<\/p>\n","protected":false},"author":1,"featured_media":0,"comment_status":"open","ping_status":"open","sticky":false,"template":"","format":"standard","meta":{"footnotes":""},"categories":[53,58,13,6,45],"tags":[],"class_list":["post-10231","post","type-post","status-publish","format-standard","hentry","category-brasil","category-eleicoes-2026","category-justica","category-politica","category-saude"],"yoast_head":"<!-- This site is optimized with the Yoast SEO plugin v26.5 - https:\/\/yoast.com\/wordpress\/plugins\/seo\/ -->\n<title>Ex-presidente Bolsonaro \u00e9 levado ao hospital ap\u00f3s passar mal na pris\u00e3o em Bras\u00edlia - Sudoesteacontece<\/title>\n<meta name=\"robots\" content=\"index, follow, max-snippet:-1, max-image-preview:large, max-video-preview:-1\" \/>\n<link rel=\"canonical\" href=\"https:\/\/sudoesteacontece.com.br\/?p=10231\" \/>\n<meta property=\"og:locale\" content=\"pt_BR\" \/>\n<meta property=\"og:type\" content=\"article\" \/>\n<meta property=\"og:title\" content=\"Ex-presidente Bolsonaro \u00e9 levado ao hospital ap\u00f3s passar mal na pris\u00e3o em Bras\u00edlia - Sudoesteacontece\" \/>\n<meta property=\"og:description\" content=\"Ex-presidente Jair Bolsonaro (PL) foi transferido para um hospital nesta sexta-feira (13) ap\u00f3s apresentar calafrios e v\u00f4mitos na Papudinha, onde cumpre pena. Informa\u00e7\u00e3o foi confirmada pelo senador Fl\u00e1vio Bolsonaro (PL), que pediu ora\u00e7\u00f5es para que o quadro de sa\u00fade do pai n\u00e3o seja grave e atualizou seguidores sobre a situa\u00e7\u00e3o. Senador relatou nas redes sociais que Bolsonaro acordou durante a madrugada sentindo-se mal e vomitando bastante. Transfer\u00eancia ocorreu rapidamente do Complexo da Papuda para atendimento m\u00e9dico, em meio a repercuss\u00e3o nacional sobre a sa\u00fade do ex-presidente, que cumpre pena por tentativa de golpe de Estado desde janeiro. Complexo da Papuda abriga Bolsonaro desde 15 de janeiro, quando foi preso preventivamente por suspeita de envolvimento em tentativa de golpe de Estado. At\u00e9 o momento, assessoria do ex-presidente n\u00e3o se pronunciou oficialmente sobre hospitaliza\u00e7\u00e3o, mantendo a fam\u00edlia como principal fonte de informa\u00e7\u00f5es sobre estado cl\u00ednico. Movimento nas redes chamou aten\u00e7\u00e3o de apoiadores e cr\u00edticos. Seguidores compartilharam mensagens de preocupa\u00e7\u00e3o e especula\u00e7\u00e3o sobre a gravidade da situa\u00e7\u00e3o. Autoridades e profissionais de sa\u00fade do pres\u00eddio acompanham quadro cl\u00ednico, garantindo atendimento imediato, enquanto detalhes sobre diagn\u00f3sticos e exames ainda n\u00e3o foram divulgados. Hospitaliza\u00e7\u00e3o reacende debate sobre seguran\u00e7a e condi\u00e7\u00f5es de deten\u00e7\u00e3o de figuras pol\u00edticas no Brasil. Especialistas afirmam que qualquer epis\u00f3dio de mal-estar exige aten\u00e7\u00e3o m\u00e9dica imediata, principalmente para presos de alta relev\u00e2ncia, e refor\u00e7am a necessidade de monitoramento constante para evitar agravamento de problemas de sa\u00fade.\" \/>\n<meta property=\"og:url\" content=\"https:\/\/sudoesteacontece.com.br\/?p=10231\" \/>\n<meta property=\"og:site_name\" content=\"Sudoesteacontece\" \/>\n<meta property=\"article:publisher\" content=\"https:\/\/www.facebook.com\/sudoesteacontece\/?locale=pt_BR\" \/>\n<meta property=\"article:published_time\" content=\"2026-03-13T15:19:04+00:00\" \/>\n<meta property=\"article:modified_time\" content=\"2026-03-13T15:19:08+00:00\" \/>\n<meta property=\"og:image\" content=\"http:\/\/sudoesteacontece.com.br\/wp-content\/uploads\/2025\/11\/Vigilia-convocada-por-aliados-e-risco-de-tumulto-levam-STF-a-ordenar-prisao-de-Bolsonaro-sudoeste-acontece.jpg\" \/>\n<meta name=\"author\" content=\"sudoesteacontece\" \/>\n<meta name=\"twitter:card\" content=\"summary_large_image\" \/>\n<meta name=\"twitter:label1\" content=\"Escrito por\" \/>\n\t<meta name=\"twitter:data1\" content=\"sudoesteacontece\" \/>\n\t<meta name=\"twitter:label2\" content=\"Est. tempo de leitura\" \/>\n\t<meta name=\"twitter:data2\" content=\"2 minutos\" \/>\n<script type=\"application\/ld+json\" class=\"yoast-schema-graph\">{\"@context\":\"https:\/\/schema.org\",\"@graph\":[{\"@type\":\"Article\",\"@id\":\"https:\/\/sudoesteacontece.com.br\/?p=10231#article\",\"isPartOf\":{\"@id\":\"https:\/\/sudoesteacontece.com.br\/?p=10231\"},\"author\":{\"name\":\"sudoesteacontece\",\"@id\":\"https:\/\/sudoesteacontece.com.br\/#\/schema\/person\/f4b00cd0a26ac17646f19707cdceb2ce\"},\"headline\":\"Ex-presidente Bolsonaro \u00e9 levado ao hospital ap\u00f3s passar mal na pris\u00e3o em Bras\u00edlia\",\"datePublished\":\"2026-03-13T15:19:04+00:00\",\"dateModified\":\"2026-03-13T15:19:08+00:00\",\"mainEntityOfPage\":{\"@id\":\"https:\/\/sudoesteacontece.com.br\/?p=10231\"},\"wordCount\":283,\"commentCount\":0,\"publisher\":{\"@id\":\"https:\/\/sudoesteacontece.com.br\/#organization\"},\"image\":{\"@id\":\"https:\/\/sudoesteacontece.com.br\/?p=10231#primaryimage\"},\"thumbnailUrl\":\"http:\/\/sudoesteacontece.com.br\/wp-content\/uploads\/2025\/11\/Vigilia-convocada-por-aliados-e-risco-de-tumulto-levam-STF-a-ordenar-prisao-de-Bolsonaro-sudoeste-acontece.jpg\",\"articleSection\":[\"Brasil\",\"Elei\u00e7\u00f5es 2026\",\"Justi\u00e7a\",\"Pol\u00edtica\",\"Sa\u00fade\"],\"inLanguage\":\"pt-BR\",\"potentialAction\":[{\"@type\":\"CommentAction\",\"name\":\"Comment\",\"target\":[\"https:\/\/sudoesteacontece.com.br\/?p=10231#respond\"]}]},{\"@type\":\"WebPage\",\"@id\":\"https:\/\/sudoesteacontece.com.br\/?p=10231\",\"url\":\"https:\/\/sudoesteacontece.com.br\/?p=10231\",\"name\":\"Ex-presidente Bolsonaro \u00e9 levado ao hospital ap\u00f3s passar mal na pris\u00e3o em Bras\u00edlia - Sudoesteacontece\",\"isPartOf\":{\"@id\":\"https:\/\/sudoesteacontece.com.br\/#website\"},\"primaryImageOfPage\":{\"@id\":\"https:\/\/sudoesteacontece.com.br\/?p=10231#primaryimage\"},\"image\":{\"@id\":\"https:\/\/sudoesteacontece.com.br\/?p=10231#primaryimage\"},\"thumbnailUrl\":\"http:\/\/sudoesteacontece.com.br\/wp-content\/uploads\/2025\/11\/Vigilia-convocada-por-aliados-e-risco-de-tumulto-levam-STF-a-ordenar-prisao-de-Bolsonaro-sudoeste-acontece.jpg\",\"datePublished\":\"2026-03-13T15:19:04+00:00\",\"dateModified\":\"2026-03-13T15:19:08+00:00\",\"breadcrumb\":{\"@id\":\"https:\/\/sudoesteacontece.com.br\/?p=10231#breadcrumb\"},\"inLanguage\":\"pt-BR\",\"potentialAction\":[{\"@type\":\"ReadAction\",\"target\":[\"https:\/\/sudoesteacontece.com.br\/?p=10231\"]}]},{\"@type\":\"ImageObject\",\"inLanguage\":\"pt-BR\",\"@id\":\"https:\/\/sudoesteacontece.com.br\/?p=10231#primaryimage\",\"url\":\"https:\/\/sudoesteacontece.com.br\/wp-content\/uploads\/2025\/11\/Vigilia-convocada-por-aliados-e-risco-de-tumulto-levam-STF-a-ordenar-prisao-de-Bolsonaro-sudoeste-acontece.jpg\",\"contentUrl\":\"https:\/\/sudoesteacontece.com.br\/wp-content\/uploads\/2025\/11\/Vigilia-convocada-por-aliados-e-risco-de-tumulto-levam-STF-a-ordenar-prisao-de-Bolsonaro-sudoeste-acontece.jpg\",\"width\":900,\"height\":600},{\"@type\":\"BreadcrumbList\",\"@id\":\"https:\/\/sudoesteacontece.com.br\/?p=10231#breadcrumb\",\"itemListElement\":[{\"@type\":\"ListItem\",\"position\":1,\"name\":\"In\u00edcio\",\"item\":\"https:\/\/sudoesteacontece.com.br\/\"},{\"@type\":\"ListItem\",\"position\":2,\"name\":\"Ex-presidente Bolsonaro \u00e9 levado ao hospital ap\u00f3s passar mal na pris\u00e3o em Bras\u00edlia\"}]},{\"@type\":\"WebSite\",\"@id\":\"https:\/\/sudoesteacontece.com.br\/#website\",\"url\":\"https:\/\/sudoesteacontece.com.br\/\",\"name\":\"Sudoesteacontece\",\"description\":\"\",\"publisher\":{\"@id\":\"https:\/\/sudoesteacontece.com.br\/#organization\"},\"potentialAction\":[{\"@type\":\"SearchAction\",\"target\":{\"@type\":\"EntryPoint\",\"urlTemplate\":\"https:\/\/sudoesteacontece.com.br\/?s={search_term_string}\"},\"query-input\":{\"@type\":\"PropertyValueSpecification\",\"valueRequired\":true,\"valueName\":\"search_term_string\"}}],\"inLanguage\":\"pt-BR\"},{\"@type\":\"Organization\",\"@id\":\"https:\/\/sudoesteacontece.com.br\/#organization\",\"name\":\"Sudoesteacontece\",\"url\":\"https:\/\/sudoesteacontece.com.br\/\",\"logo\":{\"@type\":\"ImageObject\",\"inLanguage\":\"pt-BR\",\"@id\":\"https:\/\/sudoesteacontece.com.br\/#\/schema\/logo\/image\/\",\"url\":\"https:\/\/sudoesteacontece.com.br\/wp-content\/uploads\/2025\/12\/cropped-logo-2-180x180-1.png\",\"contentUrl\":\"https:\/\/sudoesteacontece.com.br\/wp-content\/uploads\/2025\/12\/cropped-logo-2-180x180-1.png\",\"width\":180,\"height\":180,\"caption\":\"Sudoesteacontece\"},\"image\":{\"@id\":\"https:\/\/sudoesteacontece.com.br\/#\/schema\/logo\/image\/\"},\"sameAs\":[\"https:\/\/www.facebook.com\/sudoesteacontece\/?locale=pt_BR\"]},{\"@type\":\"Person\",\"@id\":\"https:\/\/sudoesteacontece.com.br\/#\/schema\/person\/f4b00cd0a26ac17646f19707cdceb2ce\",\"name\":\"sudoesteacontece\",\"image\":{\"@type\":\"ImageObject\",\"inLanguage\":\"pt-BR\",\"@id\":\"https:\/\/sudoesteacontece.com.br\/#\/schema\/person\/image\/\",\"url\":\"https:\/\/secure.gravatar.com\/avatar\/704557d1f79b454f041f9e5935f2b0e8393614e97e537fc508d1d628292cacfd?s=96&d=mm&r=g\",\"contentUrl\":\"https:\/\/secure.gravatar.com\/avatar\/704557d1f79b454f041f9e5935f2b0e8393614e97e537fc508d1d628292cacfd?s=96&d=mm&r=g\",\"caption\":\"sudoesteacontece\"},\"sameAs\":[\"http:\/\/sudoesteacontece.com.br\"],\"url\":\"https:\/\/sudoesteacontece.com.br\/?author=1\"}]}<\/script>\n<!-- \/ Yoast SEO plugin. -->","yoast_head_json":{"title":"Ex-presidente Bolsonaro \u00e9 levado ao hospital ap\u00f3s passar mal na pris\u00e3o em Bras\u00edlia - Sudoesteacontece","robots":{"index":"index","follow":"follow","max-snippet":"max-snippet:-1","max-image-preview":"max-image-preview:large","max-video-preview":"max-video-preview:-1"},"canonical":"https:\/\/sudoesteacontece.com.br\/?p=10231","og_locale":"pt_BR","og_type":"article","og_title":"Ex-presidente Bolsonaro \u00e9 levado ao hospital ap\u00f3s passar mal na pris\u00e3o em Bras\u00edlia - Sudoesteacontece","og_description":"Ex-presidente Jair Bolsonaro (PL) foi transferido para um hospital nesta sexta-feira (13) ap\u00f3s apresentar calafrios e v\u00f4mitos na Papudinha, onde cumpre pena. Informa\u00e7\u00e3o foi confirmada pelo senador Fl\u00e1vio Bolsonaro (PL), que pediu ora\u00e7\u00f5es para que o quadro de sa\u00fade do pai n\u00e3o seja grave e atualizou seguidores sobre a situa\u00e7\u00e3o. Senador relatou nas redes sociais que Bolsonaro acordou durante a madrugada sentindo-se mal e vomitando bastante. Transfer\u00eancia ocorreu rapidamente do Complexo da Papuda para atendimento m\u00e9dico, em meio a repercuss\u00e3o nacional sobre a sa\u00fade do ex-presidente, que cumpre pena por tentativa de golpe de Estado desde janeiro. Complexo da Papuda abriga Bolsonaro desde 15 de janeiro, quando foi preso preventivamente por suspeita de envolvimento em tentativa de golpe de Estado. At\u00e9 o momento, assessoria do ex-presidente n\u00e3o se pronunciou oficialmente sobre hospitaliza\u00e7\u00e3o, mantendo a fam\u00edlia como principal fonte de informa\u00e7\u00f5es sobre estado cl\u00ednico. Movimento nas redes chamou aten\u00e7\u00e3o de apoiadores e cr\u00edticos. Seguidores compartilharam mensagens de preocupa\u00e7\u00e3o e especula\u00e7\u00e3o sobre a gravidade da situa\u00e7\u00e3o. Autoridades e profissionais de sa\u00fade do pres\u00eddio acompanham quadro cl\u00ednico, garantindo atendimento imediato, enquanto detalhes sobre diagn\u00f3sticos e exames ainda n\u00e3o foram divulgados. Hospitaliza\u00e7\u00e3o reacende debate sobre seguran\u00e7a e condi\u00e7\u00f5es de deten\u00e7\u00e3o de figuras pol\u00edticas no Brasil. Especialistas afirmam que qualquer epis\u00f3dio de mal-estar exige aten\u00e7\u00e3o m\u00e9dica imediata, principalmente para presos de alta relev\u00e2ncia, e refor\u00e7am a necessidade de monitoramento constante para evitar agravamento de problemas de sa\u00fade.","og_url":"https:\/\/sudoesteacontece.com.br\/?p=10231","og_site_name":"Sudoesteacontece","article_publisher":"https:\/\/www.facebook.com\/sudoesteacontece\/?locale=pt_BR","article_published_time":"2026-03-13T15:19:04+00:00","article_modified_time":"2026-03-13T15:19:08+00:00","og_image":[{"url":"http:\/\/sudoesteacontece.com.br\/wp-content\/uploads\/2025\/11\/Vigilia-convocada-por-aliados-e-risco-de-tumulto-levam-STF-a-ordenar-prisao-de-Bolsonaro-sudoeste-acontece.jpg","type":"","width":"","height":""}],"author":"sudoesteacontece","twitter_card":"summary_large_image","twitter_misc":{"Escrito por":"sudoesteacontece","Est. tempo de leitura":"2 minutos"},"schema":{"@context":"https:\/\/schema.org","@graph":[{"@type":"Article","@id":"https:\/\/sudoesteacontece.com.br\/?p=10231#article","isPartOf":{"@id":"https:\/\/sudoesteacontece.com.br\/?p=10231"},"author":{"name":"sudoesteacontece","@id":"https:\/\/sudoesteacontece.com.br\/#\/schema\/person\/f4b00cd0a26ac17646f19707cdceb2ce"},"headline":"Ex-presidente Bolsonaro \u00e9 levado ao hospital ap\u00f3s passar mal na pris\u00e3o em Bras\u00edlia","datePublished":"2026-03-13T15:19:04+00:00","dateModified":"2026-03-13T15:19:08+00:00","mainEntityOfPage":{"@id":"https:\/\/sudoesteacontece.com.br\/?p=10231"},"wordCount":283,"commentCount":0,"publisher":{"@id":"https:\/\/sudoesteacontece.com.br\/#organization"},"image":{"@id":"https:\/\/sudoesteacontece.com.br\/?p=10231#primaryimage"},"thumbnailUrl":"http:\/\/sudoesteacontece.com.br\/wp-content\/uploads\/2025\/11\/Vigilia-convocada-por-aliados-e-risco-de-tumulto-levam-STF-a-ordenar-prisao-de-Bolsonaro-sudoeste-acontece.jpg","articleSection":["Brasil","Elei\u00e7\u00f5es 2026","Justi\u00e7a","Pol\u00edtica","Sa\u00fade"],"inLanguage":"pt-BR","potentialAction":[{"@type":"CommentAction","name":"Comment","target":["https:\/\/sudoesteacontece.com.br\/?p=10231#respond"]}]},{"@type":"WebPage","@id":"https:\/\/sudoesteacontece.com.br\/?p=10231","url":"https:\/\/sudoesteacontece.com.br\/?p=10231","name":"Ex-presidente Bolsonaro \u00e9 levado ao hospital ap\u00f3s passar mal na pris\u00e3o em Bras\u00edlia - Sudoesteacontece","isPartOf":{"@id":"https:\/\/sudoesteacontece.com.br\/#website"},"primaryImageOfPage":{"@id":"https:\/\/sudoesteacontece.com.br\/?p=10231#primaryimage"},"image":{"@id":"https:\/\/sudoesteacontece.com.br\/?p=10231#primaryimage"},"thumbnailUrl":"http:\/\/sudoesteacontece.com.br\/wp-content\/uploads\/2025\/11\/Vigilia-convocada-por-aliados-e-risco-de-tumulto-levam-STF-a-ordenar-prisao-de-Bolsonaro-sudoeste-acontece.jpg","datePublished":"2026-03-13T15:19:04+00:00","dateModified":"2026-03-13T15:19:08+00:00","breadcrumb":{"@id":"https:\/\/sudoesteacontece.com.br\/?p=10231#breadcrumb"},"inLanguage":"pt-BR","potentialAction":[{"@type":"ReadAction","target":["https:\/\/sudoesteacontece.com.br\/?p=10231"]}]},{"@type":"ImageObject","inLanguage":"pt-BR","@id":"https:\/\/sudoesteacontece.com.br\/?p=10231#primaryimage","url":"https:\/\/sudoesteacontece.com.br\/wp-content\/uploads\/2025\/11\/Vigilia-convocada-por-aliados-e-risco-de-tumulto-levam-STF-a-ordenar-prisao-de-Bolsonaro-sudoeste-acontece.jpg","contentUrl":"https:\/\/sudoesteacontece.com.br\/wp-content\/uploads\/2025\/11\/Vigilia-convocada-por-aliados-e-risco-de-tumulto-levam-STF-a-ordenar-prisao-de-Bolsonaro-sudoeste-acontece.jpg","width":900,"height":600},{"@type":"BreadcrumbList","@id":"https:\/\/sudoesteacontece.com.br\/?p=10231#breadcrumb","itemListElement":[{"@type":"ListItem","position":1,"name":"In\u00edcio","item":"https:\/\/sudoesteacontece.com.br\/"},{"@type":"ListItem","position":2,"name":"Ex-presidente Bolsonaro \u00e9 levado ao hospital ap\u00f3s passar mal na pris\u00e3o em Bras\u00edlia"}]},{"@type":"WebSite","@id":"https:\/\/sudoesteacontece.com.br\/#website","url":"https:\/\/sudoesteacontece.com.br\/","name":"Sudoesteacontece","description":"","publisher":{"@id":"https:\/\/sudoesteacontece.com.br\/#organization"},"potentialAction":[{"@type":"SearchAction","target":{"@type":"EntryPoint","urlTemplate":"https:\/\/sudoesteacontece.com.br\/?s={search_term_string}"},"query-input":{"@type":"PropertyValueSpecification","valueRequired":true,"valueName":"search_term_string"}}],"inLanguage":"pt-BR"},{"@type":"Organization","@id":"https:\/\/sudoesteacontece.com.br\/#organization","name":"Sudoesteacontece","url":"https:\/\/sudoesteacontece.com.br\/","logo":{"@type":"ImageObject","inLanguage":"pt-BR","@id":"https:\/\/sudoesteacontece.com.br\/#\/schema\/logo\/image\/","url":"https:\/\/sudoesteacontece.com.br\/wp-content\/uploads\/2025\/12\/cropped-logo-2-180x180-1.png","contentUrl":"https:\/\/sudoesteacontece.com.br\/wp-content\/uploads\/2025\/12\/cropped-logo-2-180x180-1.png","width":180,"height":180,"caption":"Sudoesteacontece"},"image":{"@id":"https:\/\/sudoesteacontece.com.br\/#\/schema\/logo\/image\/"},"sameAs":["https:\/\/www.facebook.com\/sudoesteacontece\/?locale=pt_BR"]},{"@type":"Person","@id":"https:\/\/sudoesteacontece.com.br\/#\/schema\/person\/f4b00cd0a26ac17646f19707cdceb2ce","name":"sudoesteacontece","image":{"@type":"ImageObject","inLanguage":"pt-BR","@id":"https:\/\/sudoesteacontece.com.br\/#\/schema\/person\/image\/","url":"https:\/\/secure.gravatar.com\/avatar\/704557d1f79b454f041f9e5935f2b0e8393614e97e537fc508d1d628292cacfd?s=96&d=mm&r=g","contentUrl":"https:\/\/secure.gravatar.com\/avatar\/704557d1f79b454f041f9e5935f2b0e8393614e97e537fc508d1d628292cacfd?s=96&d=mm&r=g","caption":"sudoesteacontece"},"sameAs":["http:\/\/sudoesteacontece.com.br"],"url":"https:\/\/sudoesteacontece.com.br\/?author=1"}]}},"_links":{"self":[{"href":"https:\/\/sudoesteacontece.com.br\/index.php?rest_route=\/wp\/v2\/posts\/10231","targetHints":{"allow":["GET"]}}],"collection":[{"href":"https:\/\/sudoesteacontece.com.br\/index.php?rest_route=\/wp\/v2\/posts"}],"about":[{"href":"https:\/\/sudoesteacontece.com.br\/index.php?rest_route=\/wp\/v2\/types\/post"}],"author":[{"embeddable":true,"href":"https:\/\/sudoesteacontece.com.br\/index.php?rest_route=\/wp\/v2\/users\/1"}],"replies":[{"embeddable":true,"href":"https:\/\/sudoesteacontece.com.br\/index.php?rest_route=%2Fwp%2Fv2%2Fcomments&post=10231"}],"version-history":[{"count":0,"href":"https:\/\/sudoesteacontece.com.br\/index.php?rest_route=\/wp\/v2\/posts\/10231\/revisions"}],"wp:attachment":[{"href":"https:\/\/sudoesteacontece.com.br\/index.php?rest_route=%2Fwp%2Fv2%2Fmedia&parent=10231"}],"wp:term":[{"taxonomy":"category","embeddable":true,"href":"https:\/\/sudoesteacontece.com.br\/index.php?rest_route=%2Fwp%2Fv2%2Fcategories&post=10231"},{"taxonomy":"post_tag","embeddable":true,"href":"https:\/\/sudoesteacontece.com.br\/index.php?rest_route=%2Fwp%2Fv2%2Ftags&post=10231"}],"curies":[{"name":"wp","href":"https:\/\/api.w.org\/{rel}","templated":true}]}}