{"id":10233,"date":"2026-03-13T12:25:26","date_gmt":"2026-03-13T15:25:26","guid":{"rendered":"https:\/\/sudoesteacontece.com.br\/?p=10233"},"modified":"2026-03-13T12:25:31","modified_gmt":"2026-03-13T15:25:31","slug":"vitoria-rosa-dos-santos-matriarca-de-94-anos-morre-e-deixa-legado-de-amor-e-respeito","status":"publish","type":"post","link":"https:\/\/sudoesteacontece.com.br\/?p=10233","title":{"rendered":"Vit\u00f3ria Rosa dos Santos, matriarca de 94 Anos, morre e deixa legado de amor e respeito"},"content":{"rendered":"<div class=\"wp-block-image\">\n<figure class=\"aligncenter size-full\"><img fetchpriority=\"high\" decoding=\"async\" width=\"900\" height=\"600\" src=\"http:\/\/sudoesteacontece.com.br\/wp-content\/uploads\/2026\/03\/Vitoria-Rosa-dos-Santos-matriarca-de-94-Anos-morre-e-deixa-legado-de-amor-e-respeito.jpg\" alt=\"\" class=\"wp-image-10274\" srcset=\"https:\/\/sudoesteacontece.com.br\/wp-content\/uploads\/2026\/03\/Vitoria-Rosa-dos-Santos-matriarca-de-94-Anos-morre-e-deixa-legado-de-amor-e-respeito.jpg 900w, https:\/\/sudoesteacontece.com.br\/wp-content\/uploads\/2026\/03\/Vitoria-Rosa-dos-Santos-matriarca-de-94-Anos-morre-e-deixa-legado-de-amor-e-respeito-300x200.jpg 300w, https:\/\/sudoesteacontece.com.br\/wp-content\/uploads\/2026\/03\/Vitoria-Rosa-dos-Santos-matriarca-de-94-Anos-morre-e-deixa-legado-de-amor-e-respeito-768x512.jpg 768w\" sizes=\"(max-width: 900px) 100vw, 900px\" \/><\/figure>\n<\/div>\n\n\n<p>Familiares e amigos lamentam profundamente a morte de Vit\u00f3ria Rosa dos Santos, aos 94 anos, em Vit\u00f3ria da Conquista. Conhecida por sua trajet\u00f3ria marcada por dedica\u00e7\u00e3o \u00e0 fam\u00edlia e \u00e0 comunidade, sua partida deixa um vazio significativo, gerando como\u00e7\u00e3o entre aqueles que conviveram com a matriarca e preservam suas mem\u00f3rias.<\/p>\n\n\n\n<p>Funeral acontece no Memorial Vit\u00f3ria, na Rua Olavo Bilac, 340, Centro, com cortejo f\u00fanebre programado para sair \u00e0s 9h desta sexta-feira (13) em dire\u00e7\u00e3o a Barra do Cho\u00e7a. Durante o trajeto, amigos e familiares prestam homenagens, lembrando a presen\u00e7a marcante e o legado afetivo que Vit\u00f3ria construiu ao longo de quase um s\u00e9culo de vida.<\/p>\n\n\n\n<p>Homenagens seguem na Casa de Laurita, na cidade vizinha, onde ser\u00e1 poss\u00edvel prestar as \u00faltimas despedidas antes do sepultamento no Cemit\u00e9rio Municipal. Momentos de lembran\u00e7a refor\u00e7am a import\u00e2ncia de Vit\u00f3ria na vida de todos que tiveram a oportunidade de conviver com sua generosidade, dedica\u00e7\u00e3o e carinho pela fam\u00edlia.<\/p>\n\n\n\n<p>Emo\u00e7\u00e3o tomou conta dos presentes. Messias Carvalho dos Santos, conhecido como Messias do Sal\u00e3o Bahia e doutor em Psican\u00e1lise Cl\u00ednica, manifestou: \u201cDescanse em paz minha Tia\u201d. A declara\u00e7\u00e3o reflete o sentimento compartilhado por amigos e familiares, unidos pela dor da perda e pela lembran\u00e7a de uma vida exemplar.<\/p>\n\n\n\n<p>Legado da matriarca ultrapassa barreiras familiares. Vit\u00f3ria Rosa dos Santos deixa lembran\u00e7as de amor, cuidado e solidariedade que marcaram gera\u00e7\u00f5es. Sua hist\u00f3ria inspira aqueles que continuam a vida cotidiana, mantendo viva a mem\u00f3ria de seus ensinamentos e valores, fortalecendo os la\u00e7os entre familiares, amigos e comunidade local.<\/p>\n","protected":false},"excerpt":{"rendered":"<p>Familiares e amigos lamentam profundamente a morte de Vit\u00f3ria Rosa dos Santos, aos 94 anos, em Vit\u00f3ria da Conquista. Conhecida por sua trajet\u00f3ria marcada por dedica\u00e7\u00e3o \u00e0 fam\u00edlia e \u00e0 comunidade, sua partida deixa um vazio significativo, gerando como\u00e7\u00e3o entre aqueles que conviveram com a matriarca e preservam suas mem\u00f3rias. Funeral acontece no Memorial Vit\u00f3ria, na Rua Olavo Bilac, 340, Centro, com cortejo f\u00fanebre programado para sair \u00e0s 9h desta sexta-feira (13) em dire\u00e7\u00e3o a Barra do Cho\u00e7a. Durante o trajeto, amigos e familiares prestam homenagens, lembrando a presen\u00e7a marcante e o legado afetivo que Vit\u00f3ria construiu ao longo de quase um s\u00e9culo de vida. Homenagens seguem na Casa de Laurita, na cidade vizinha, onde ser\u00e1 poss\u00edvel prestar as \u00faltimas despedidas antes do sepultamento no Cemit\u00e9rio Municipal. Momentos de lembran\u00e7a refor\u00e7am a import\u00e2ncia de Vit\u00f3ria na vida de todos que tiveram a oportunidade de conviver com sua generosidade, dedica\u00e7\u00e3o e carinho pela fam\u00edlia. Emo\u00e7\u00e3o tomou conta dos presentes. Messias Carvalho dos Santos, conhecido como Messias do Sal\u00e3o Bahia e doutor em Psican\u00e1lise Cl\u00ednica, manifestou: \u201cDescanse em paz minha Tia\u201d. A declara\u00e7\u00e3o reflete o sentimento compartilhado por amigos e familiares, unidos pela dor da perda e pela lembran\u00e7a de uma vida exemplar. Legado da matriarca ultrapassa barreiras familiares. Vit\u00f3ria Rosa dos Santos deixa lembran\u00e7as de amor, cuidado e solidariedade que marcaram gera\u00e7\u00f5es. Sua hist\u00f3ria inspira aqueles que continuam a vida cotidiana, mantendo viva a mem\u00f3ria de seus ensinamentos e valores, fortalecendo os la\u00e7os entre familiares, amigos e comunidade local.<\/p>\n","protected":false},"author":2,"featured_media":0,"comment_status":"open","ping_status":"open","sticky":false,"template":"","format":"standard","meta":{"footnotes":""},"categories":[106,4],"tags":[],"class_list":["post-10233","post","type-post","status-publish","format-standard","hentry","category-barra-do-choca","category-cidades"],"yoast_head":"<!-- This site is optimized with the Yoast SEO plugin v26.5 - https:\/\/yoast.com\/wordpress\/plugins\/seo\/ -->\n<title>Vit\u00f3ria Rosa dos Santos, matriarca de 94 Anos, morre e deixa legado de amor e respeito - Sudoesteacontece<\/title>\n<meta name=\"robots\" content=\"index, follow, max-snippet:-1, max-image-preview:large, max-video-preview:-1\" \/>\n<link rel=\"canonical\" href=\"https:\/\/sudoesteacontece.com.br\/?p=10233\" \/>\n<meta property=\"og:locale\" content=\"pt_BR\" \/>\n<meta property=\"og:type\" content=\"article\" \/>\n<meta property=\"og:title\" content=\"Vit\u00f3ria Rosa dos Santos, matriarca de 94 Anos, morre e deixa legado de amor e respeito - Sudoesteacontece\" \/>\n<meta property=\"og:description\" content=\"Familiares e amigos lamentam profundamente a morte de Vit\u00f3ria Rosa dos Santos, aos 94 anos, em Vit\u00f3ria da Conquista. Conhecida por sua trajet\u00f3ria marcada por dedica\u00e7\u00e3o \u00e0 fam\u00edlia e \u00e0 comunidade, sua partida deixa um vazio significativo, gerando como\u00e7\u00e3o entre aqueles que conviveram com a matriarca e preservam suas mem\u00f3rias. Funeral acontece no Memorial Vit\u00f3ria, na Rua Olavo Bilac, 340, Centro, com cortejo f\u00fanebre programado para sair \u00e0s 9h desta sexta-feira (13) em dire\u00e7\u00e3o a Barra do Cho\u00e7a. Durante o trajeto, amigos e familiares prestam homenagens, lembrando a presen\u00e7a marcante e o legado afetivo que Vit\u00f3ria construiu ao longo de quase um s\u00e9culo de vida. Homenagens seguem na Casa de Laurita, na cidade vizinha, onde ser\u00e1 poss\u00edvel prestar as \u00faltimas despedidas antes do sepultamento no Cemit\u00e9rio Municipal. Momentos de lembran\u00e7a refor\u00e7am a import\u00e2ncia de Vit\u00f3ria na vida de todos que tiveram a oportunidade de conviver com sua generosidade, dedica\u00e7\u00e3o e carinho pela fam\u00edlia. Emo\u00e7\u00e3o tomou conta dos presentes. Messias Carvalho dos Santos, conhecido como Messias do Sal\u00e3o Bahia e doutor em Psican\u00e1lise Cl\u00ednica, manifestou: \u201cDescanse em paz minha Tia\u201d. A declara\u00e7\u00e3o reflete o sentimento compartilhado por amigos e familiares, unidos pela dor da perda e pela lembran\u00e7a de uma vida exemplar. Legado da matriarca ultrapassa barreiras familiares. Vit\u00f3ria Rosa dos Santos deixa lembran\u00e7as de amor, cuidado e solidariedade que marcaram gera\u00e7\u00f5es. Sua hist\u00f3ria inspira aqueles que continuam a vida cotidiana, mantendo viva a mem\u00f3ria de seus ensinamentos e valores, fortalecendo os la\u00e7os entre familiares, amigos e comunidade local.\" \/>\n<meta property=\"og:url\" content=\"https:\/\/sudoesteacontece.com.br\/?p=10233\" \/>\n<meta property=\"og:site_name\" content=\"Sudoesteacontece\" \/>\n<meta property=\"article:publisher\" content=\"https:\/\/www.facebook.com\/sudoesteacontece\/?locale=pt_BR\" \/>\n<meta property=\"article:published_time\" content=\"2026-03-13T15:25:26+00:00\" \/>\n<meta property=\"article:modified_time\" content=\"2026-03-13T15:25:31+00:00\" \/>\n<meta property=\"og:image\" content=\"http:\/\/sudoesteacontece.com.br\/wp-content\/uploads\/2026\/03\/Vitoria-Rosa-dos-Santos-matriarca-de-94-Anos-morre-e-deixa-legado-de-amor-e-respeito.jpg\" \/>\n<meta name=\"author\" content=\"Washington Tiago\" \/>\n<meta name=\"twitter:card\" content=\"summary_large_image\" \/>\n<meta name=\"twitter:label1\" content=\"Escrito por\" \/>\n\t<meta name=\"twitter:data1\" content=\"Washington Tiago\" \/>\n\t<meta name=\"twitter:label2\" content=\"Est. tempo de leitura\" \/>\n\t<meta name=\"twitter:data2\" content=\"2 minutos\" \/>\n<script type=\"application\/ld+json\" class=\"yoast-schema-graph\">{\"@context\":\"https:\/\/schema.org\",\"@graph\":[{\"@type\":\"Article\",\"@id\":\"https:\/\/sudoesteacontece.com.br\/?p=10233#article\",\"isPartOf\":{\"@id\":\"https:\/\/sudoesteacontece.com.br\/?p=10233\"},\"author\":{\"name\":\"Washington Tiago\",\"@id\":\"https:\/\/sudoesteacontece.com.br\/#\/schema\/person\/3cf2cf009926a9683ebc29d5379fa79c\"},\"headline\":\"Vit\u00f3ria Rosa dos Santos, matriarca de 94 Anos, morre e deixa legado de amor e respeito\",\"datePublished\":\"2026-03-13T15:25:26+00:00\",\"dateModified\":\"2026-03-13T15:25:31+00:00\",\"mainEntityOfPage\":{\"@id\":\"https:\/\/sudoesteacontece.com.br\/?p=10233\"},\"wordCount\":293,\"commentCount\":0,\"publisher\":{\"@id\":\"https:\/\/sudoesteacontece.com.br\/#organization\"},\"image\":{\"@id\":\"https:\/\/sudoesteacontece.com.br\/?p=10233#primaryimage\"},\"thumbnailUrl\":\"http:\/\/sudoesteacontece.com.br\/wp-content\/uploads\/2026\/03\/Vitoria-Rosa-dos-Santos-matriarca-de-94-Anos-morre-e-deixa-legado-de-amor-e-respeito.jpg\",\"articleSection\":[\"Barra do Cho\u00e7a\",\"Cidades\"],\"inLanguage\":\"pt-BR\",\"potentialAction\":[{\"@type\":\"CommentAction\",\"name\":\"Comment\",\"target\":[\"https:\/\/sudoesteacontece.com.br\/?p=10233#respond\"]}]},{\"@type\":\"WebPage\",\"@id\":\"https:\/\/sudoesteacontece.com.br\/?p=10233\",\"url\":\"https:\/\/sudoesteacontece.com.br\/?p=10233\",\"name\":\"Vit\u00f3ria Rosa dos Santos, matriarca de 94 Anos, morre e deixa legado de amor e respeito - Sudoesteacontece\",\"isPartOf\":{\"@id\":\"https:\/\/sudoesteacontece.com.br\/#website\"},\"primaryImageOfPage\":{\"@id\":\"https:\/\/sudoesteacontece.com.br\/?p=10233#primaryimage\"},\"image\":{\"@id\":\"https:\/\/sudoesteacontece.com.br\/?p=10233#primaryimage\"},\"thumbnailUrl\":\"http:\/\/sudoesteacontece.com.br\/wp-content\/uploads\/2026\/03\/Vitoria-Rosa-dos-Santos-matriarca-de-94-Anos-morre-e-deixa-legado-de-amor-e-respeito.jpg\",\"datePublished\":\"2026-03-13T15:25:26+00:00\",\"dateModified\":\"2026-03-13T15:25:31+00:00\",\"breadcrumb\":{\"@id\":\"https:\/\/sudoesteacontece.com.br\/?p=10233#breadcrumb\"},\"inLanguage\":\"pt-BR\",\"potentialAction\":[{\"@type\":\"ReadAction\",\"target\":[\"https:\/\/sudoesteacontece.com.br\/?p=10233\"]}]},{\"@type\":\"ImageObject\",\"inLanguage\":\"pt-BR\",\"@id\":\"https:\/\/sudoesteacontece.com.br\/?p=10233#primaryimage\",\"url\":\"https:\/\/sudoesteacontece.com.br\/wp-content\/uploads\/2026\/03\/Vitoria-Rosa-dos-Santos-matriarca-de-94-Anos-morre-e-deixa-legado-de-amor-e-respeito.jpg\",\"contentUrl\":\"https:\/\/sudoesteacontece.com.br\/wp-content\/uploads\/2026\/03\/Vitoria-Rosa-dos-Santos-matriarca-de-94-Anos-morre-e-deixa-legado-de-amor-e-respeito.jpg\",\"width\":900,\"height\":600},{\"@type\":\"BreadcrumbList\",\"@id\":\"https:\/\/sudoesteacontece.com.br\/?p=10233#breadcrumb\",\"itemListElement\":[{\"@type\":\"ListItem\",\"position\":1,\"name\":\"In\u00edcio\",\"item\":\"https:\/\/sudoesteacontece.com.br\/\"},{\"@type\":\"ListItem\",\"position\":2,\"name\":\"Vit\u00f3ria Rosa dos Santos, matriarca de 94 Anos, morre e deixa legado de amor e respeito\"}]},{\"@type\":\"WebSite\",\"@id\":\"https:\/\/sudoesteacontece.com.br\/#website\",\"url\":\"https:\/\/sudoesteacontece.com.br\/\",\"name\":\"Sudoesteacontece\",\"description\":\"\",\"publisher\":{\"@id\":\"https:\/\/sudoesteacontece.com.br\/#organization\"},\"potentialAction\":[{\"@type\":\"SearchAction\",\"target\":{\"@type\":\"EntryPoint\",\"urlTemplate\":\"https:\/\/sudoesteacontece.com.br\/?s={search_term_string}\"},\"query-input\":{\"@type\":\"PropertyValueSpecification\",\"valueRequired\":true,\"valueName\":\"search_term_string\"}}],\"inLanguage\":\"pt-BR\"},{\"@type\":\"Organization\",\"@id\":\"https:\/\/sudoesteacontece.com.br\/#organization\",\"name\":\"Sudoesteacontece\",\"url\":\"https:\/\/sudoesteacontece.com.br\/\",\"logo\":{\"@type\":\"ImageObject\",\"inLanguage\":\"pt-BR\",\"@id\":\"https:\/\/sudoesteacontece.com.br\/#\/schema\/logo\/image\/\",\"url\":\"https:\/\/sudoesteacontece.com.br\/wp-content\/uploads\/2025\/12\/cropped-logo-2-180x180-1.png\",\"contentUrl\":\"https:\/\/sudoesteacontece.com.br\/wp-content\/uploads\/2025\/12\/cropped-logo-2-180x180-1.png\",\"width\":180,\"height\":180,\"caption\":\"Sudoesteacontece\"},\"image\":{\"@id\":\"https:\/\/sudoesteacontece.com.br\/#\/schema\/logo\/image\/\"},\"sameAs\":[\"https:\/\/www.facebook.com\/sudoesteacontece\/?locale=pt_BR\"]},{\"@type\":\"Person\",\"@id\":\"https:\/\/sudoesteacontece.com.br\/#\/schema\/person\/3cf2cf009926a9683ebc29d5379fa79c\",\"name\":\"Washington Tiago\",\"image\":{\"@type\":\"ImageObject\",\"inLanguage\":\"pt-BR\",\"@id\":\"https:\/\/sudoesteacontece.com.br\/#\/schema\/person\/image\/\",\"url\":\"https:\/\/secure.gravatar.com\/avatar\/33c43b8668157e040f9d1fe93c354bf087cbd8ba36270c1163198bd3ddcf2a56?s=96&d=mm&r=g\",\"contentUrl\":\"https:\/\/secure.gravatar.com\/avatar\/33c43b8668157e040f9d1fe93c354bf087cbd8ba36270c1163198bd3ddcf2a56?s=96&d=mm&r=g\",\"caption\":\"Washington Tiago\"},\"url\":\"https:\/\/sudoesteacontece.com.br\/?author=2\"}]}<\/script>\n<!-- \/ Yoast SEO plugin. -->","yoast_head_json":{"title":"Vit\u00f3ria Rosa dos Santos, matriarca de 94 Anos, morre e deixa legado de amor e respeito - Sudoesteacontece","robots":{"index":"index","follow":"follow","max-snippet":"max-snippet:-1","max-image-preview":"max-image-preview:large","max-video-preview":"max-video-preview:-1"},"canonical":"https:\/\/sudoesteacontece.com.br\/?p=10233","og_locale":"pt_BR","og_type":"article","og_title":"Vit\u00f3ria Rosa dos Santos, matriarca de 94 Anos, morre e deixa legado de amor e respeito - Sudoesteacontece","og_description":"Familiares e amigos lamentam profundamente a morte de Vit\u00f3ria Rosa dos Santos, aos 94 anos, em Vit\u00f3ria da Conquista. Conhecida por sua trajet\u00f3ria marcada por dedica\u00e7\u00e3o \u00e0 fam\u00edlia e \u00e0 comunidade, sua partida deixa um vazio significativo, gerando como\u00e7\u00e3o entre aqueles que conviveram com a matriarca e preservam suas mem\u00f3rias. Funeral acontece no Memorial Vit\u00f3ria, na Rua Olavo Bilac, 340, Centro, com cortejo f\u00fanebre programado para sair \u00e0s 9h desta sexta-feira (13) em dire\u00e7\u00e3o a Barra do Cho\u00e7a. Durante o trajeto, amigos e familiares prestam homenagens, lembrando a presen\u00e7a marcante e o legado afetivo que Vit\u00f3ria construiu ao longo de quase um s\u00e9culo de vida. Homenagens seguem na Casa de Laurita, na cidade vizinha, onde ser\u00e1 poss\u00edvel prestar as \u00faltimas despedidas antes do sepultamento no Cemit\u00e9rio Municipal. Momentos de lembran\u00e7a refor\u00e7am a import\u00e2ncia de Vit\u00f3ria na vida de todos que tiveram a oportunidade de conviver com sua generosidade, dedica\u00e7\u00e3o e carinho pela fam\u00edlia. Emo\u00e7\u00e3o tomou conta dos presentes. Messias Carvalho dos Santos, conhecido como Messias do Sal\u00e3o Bahia e doutor em Psican\u00e1lise Cl\u00ednica, manifestou: \u201cDescanse em paz minha Tia\u201d. A declara\u00e7\u00e3o reflete o sentimento compartilhado por amigos e familiares, unidos pela dor da perda e pela lembran\u00e7a de uma vida exemplar. Legado da matriarca ultrapassa barreiras familiares. Vit\u00f3ria Rosa dos Santos deixa lembran\u00e7as de amor, cuidado e solidariedade que marcaram gera\u00e7\u00f5es. Sua hist\u00f3ria inspira aqueles que continuam a vida cotidiana, mantendo viva a mem\u00f3ria de seus ensinamentos e valores, fortalecendo os la\u00e7os entre familiares, amigos e comunidade local.","og_url":"https:\/\/sudoesteacontece.com.br\/?p=10233","og_site_name":"Sudoesteacontece","article_publisher":"https:\/\/www.facebook.com\/sudoesteacontece\/?locale=pt_BR","article_published_time":"2026-03-13T15:25:26+00:00","article_modified_time":"2026-03-13T15:25:31+00:00","og_image":[{"url":"http:\/\/sudoesteacontece.com.br\/wp-content\/uploads\/2026\/03\/Vitoria-Rosa-dos-Santos-matriarca-de-94-Anos-morre-e-deixa-legado-de-amor-e-respeito.jpg","type":"","width":"","height":""}],"author":"Washington Tiago","twitter_card":"summary_large_image","twitter_misc":{"Escrito por":"Washington Tiago","Est. tempo de leitura":"2 minutos"},"schema":{"@context":"https:\/\/schema.org","@graph":[{"@type":"Article","@id":"https:\/\/sudoesteacontece.com.br\/?p=10233#article","isPartOf":{"@id":"https:\/\/sudoesteacontece.com.br\/?p=10233"},"author":{"name":"Washington Tiago","@id":"https:\/\/sudoesteacontece.com.br\/#\/schema\/person\/3cf2cf009926a9683ebc29d5379fa79c"},"headline":"Vit\u00f3ria Rosa dos Santos, matriarca de 94 Anos, morre e deixa legado de amor e respeito","datePublished":"2026-03-13T15:25:26+00:00","dateModified":"2026-03-13T15:25:31+00:00","mainEntityOfPage":{"@id":"https:\/\/sudoesteacontece.com.br\/?p=10233"},"wordCount":293,"commentCount":0,"publisher":{"@id":"https:\/\/sudoesteacontece.com.br\/#organization"},"image":{"@id":"https:\/\/sudoesteacontece.com.br\/?p=10233#primaryimage"},"thumbnailUrl":"http:\/\/sudoesteacontece.com.br\/wp-content\/uploads\/2026\/03\/Vitoria-Rosa-dos-Santos-matriarca-de-94-Anos-morre-e-deixa-legado-de-amor-e-respeito.jpg","articleSection":["Barra do Cho\u00e7a","Cidades"],"inLanguage":"pt-BR","potentialAction":[{"@type":"CommentAction","name":"Comment","target":["https:\/\/sudoesteacontece.com.br\/?p=10233#respond"]}]},{"@type":"WebPage","@id":"https:\/\/sudoesteacontece.com.br\/?p=10233","url":"https:\/\/sudoesteacontece.com.br\/?p=10233","name":"Vit\u00f3ria Rosa dos Santos, matriarca de 94 Anos, morre e deixa legado de amor e respeito - Sudoesteacontece","isPartOf":{"@id":"https:\/\/sudoesteacontece.com.br\/#website"},"primaryImageOfPage":{"@id":"https:\/\/sudoesteacontece.com.br\/?p=10233#primaryimage"},"image":{"@id":"https:\/\/sudoesteacontece.com.br\/?p=10233#primaryimage"},"thumbnailUrl":"http:\/\/sudoesteacontece.com.br\/wp-content\/uploads\/2026\/03\/Vitoria-Rosa-dos-Santos-matriarca-de-94-Anos-morre-e-deixa-legado-de-amor-e-respeito.jpg","datePublished":"2026-03-13T15:25:26+00:00","dateModified":"2026-03-13T15:25:31+00:00","breadcrumb":{"@id":"https:\/\/sudoesteacontece.com.br\/?p=10233#breadcrumb"},"inLanguage":"pt-BR","potentialAction":[{"@type":"ReadAction","target":["https:\/\/sudoesteacontece.com.br\/?p=10233"]}]},{"@type":"ImageObject","inLanguage":"pt-BR","@id":"https:\/\/sudoesteacontece.com.br\/?p=10233#primaryimage","url":"https:\/\/sudoesteacontece.com.br\/wp-content\/uploads\/2026\/03\/Vitoria-Rosa-dos-Santos-matriarca-de-94-Anos-morre-e-deixa-legado-de-amor-e-respeito.jpg","contentUrl":"https:\/\/sudoesteacontece.com.br\/wp-content\/uploads\/2026\/03\/Vitoria-Rosa-dos-Santos-matriarca-de-94-Anos-morre-e-deixa-legado-de-amor-e-respeito.jpg","width":900,"height":600},{"@type":"BreadcrumbList","@id":"https:\/\/sudoesteacontece.com.br\/?p=10233#breadcrumb","itemListElement":[{"@type":"ListItem","position":1,"name":"In\u00edcio","item":"https:\/\/sudoesteacontece.com.br\/"},{"@type":"ListItem","position":2,"name":"Vit\u00f3ria Rosa dos Santos, matriarca de 94 Anos, morre e deixa legado de amor e respeito"}]},{"@type":"WebSite","@id":"https:\/\/sudoesteacontece.com.br\/#website","url":"https:\/\/sudoesteacontece.com.br\/","name":"Sudoesteacontece","description":"","publisher":{"@id":"https:\/\/sudoesteacontece.com.br\/#organization"},"potentialAction":[{"@type":"SearchAction","target":{"@type":"EntryPoint","urlTemplate":"https:\/\/sudoesteacontece.com.br\/?s={search_term_string}"},"query-input":{"@type":"PropertyValueSpecification","valueRequired":true,"valueName":"search_term_string"}}],"inLanguage":"pt-BR"},{"@type":"Organization","@id":"https:\/\/sudoesteacontece.com.br\/#organization","name":"Sudoesteacontece","url":"https:\/\/sudoesteacontece.com.br\/","logo":{"@type":"ImageObject","inLanguage":"pt-BR","@id":"https:\/\/sudoesteacontece.com.br\/#\/schema\/logo\/image\/","url":"https:\/\/sudoesteacontece.com.br\/wp-content\/uploads\/2025\/12\/cropped-logo-2-180x180-1.png","contentUrl":"https:\/\/sudoesteacontece.com.br\/wp-content\/uploads\/2025\/12\/cropped-logo-2-180x180-1.png","width":180,"height":180,"caption":"Sudoesteacontece"},"image":{"@id":"https:\/\/sudoesteacontece.com.br\/#\/schema\/logo\/image\/"},"sameAs":["https:\/\/www.facebook.com\/sudoesteacontece\/?locale=pt_BR"]},{"@type":"Person","@id":"https:\/\/sudoesteacontece.com.br\/#\/schema\/person\/3cf2cf009926a9683ebc29d5379fa79c","name":"Washington Tiago","image":{"@type":"ImageObject","inLanguage":"pt-BR","@id":"https:\/\/sudoesteacontece.com.br\/#\/schema\/person\/image\/","url":"https:\/\/secure.gravatar.com\/avatar\/33c43b8668157e040f9d1fe93c354bf087cbd8ba36270c1163198bd3ddcf2a56?s=96&d=mm&r=g","contentUrl":"https:\/\/secure.gravatar.com\/avatar\/33c43b8668157e040f9d1fe93c354bf087cbd8ba36270c1163198bd3ddcf2a56?s=96&d=mm&r=g","caption":"Washington Tiago"},"url":"https:\/\/sudoesteacontece.com.br\/?author=2"}]}},"_links":{"self":[{"href":"https:\/\/sudoesteacontece.com.br\/index.php?rest_route=\/wp\/v2\/posts\/10233","targetHints":{"allow":["GET"]}}],"collection":[{"href":"https:\/\/sudoesteacontece.com.br\/index.php?rest_route=\/wp\/v2\/posts"}],"about":[{"href":"https:\/\/sudoesteacontece.com.br\/index.php?rest_route=\/wp\/v2\/types\/post"}],"author":[{"embeddable":true,"href":"https:\/\/sudoesteacontece.com.br\/index.php?rest_route=\/wp\/v2\/users\/2"}],"replies":[{"embeddable":true,"href":"https:\/\/sudoesteacontece.com.br\/index.php?rest_route=%2Fwp%2Fv2%2Fcomments&post=10233"}],"version-history":[{"count":0,"href":"https:\/\/sudoesteacontece.com.br\/index.php?rest_route=\/wp\/v2\/posts\/10233\/revisions"}],"wp:attachment":[{"href":"https:\/\/sudoesteacontece.com.br\/index.php?rest_route=%2Fwp%2Fv2%2Fmedia&parent=10233"}],"wp:term":[{"taxonomy":"category","embeddable":true,"href":"https:\/\/sudoesteacontece.com.br\/index.php?rest_route=%2Fwp%2Fv2%2Fcategories&post=10233"},{"taxonomy":"post_tag","embeddable":true,"href":"https:\/\/sudoesteacontece.com.br\/index.php?rest_route=%2Fwp%2Fv2%2Ftags&post=10233"}],"curies":[{"name":"wp","href":"https:\/\/api.w.org\/{rel}","templated":true}]}}