{"id":10281,"date":"2026-03-13T12:56:03","date_gmt":"2026-03-13T15:56:03","guid":{"rendered":"https:\/\/sudoesteacontece.com.br\/?p=10281"},"modified":"2026-03-13T12:56:07","modified_gmt":"2026-03-13T15:56:07","slug":"ex-marido-e-condenado-a-15-anos-por-tentativa-de-feminicidio-na-presenca-das-filhas-em-aracatu","status":"publish","type":"post","link":"https:\/\/sudoesteacontece.com.br\/?p=10281","title":{"rendered":"Ex-marido \u00e9 condenado a 15 anos por tentativa de feminic\u00eddio na presen\u00e7a das filhas em Aracatu"},"content":{"rendered":"<div class=\"wp-block-image\">\n<figure class=\"aligncenter size-full\"><img fetchpriority=\"high\" decoding=\"async\" width=\"900\" height=\"600\" src=\"http:\/\/sudoesteacontece.com.br\/wp-content\/uploads\/2025\/11\/Dono-de-empresa-de-seguranca-vai-a-juri-popular-acusado-de-matar-homem-durante-tentativa-de-furto-em-Brumado-FORUM-BRUMADO-SUDOESTE-ACONTECE.jpg\" alt=\"\" class=\"wp-image-1862\" srcset=\"https:\/\/sudoesteacontece.com.br\/wp-content\/uploads\/2025\/11\/Dono-de-empresa-de-seguranca-vai-a-juri-popular-acusado-de-matar-homem-durante-tentativa-de-furto-em-Brumado-FORUM-BRUMADO-SUDOESTE-ACONTECE.jpg 900w, https:\/\/sudoesteacontece.com.br\/wp-content\/uploads\/2025\/11\/Dono-de-empresa-de-seguranca-vai-a-juri-popular-acusado-de-matar-homem-durante-tentativa-de-furto-em-Brumado-FORUM-BRUMADO-SUDOESTE-ACONTECE-300x200.jpg 300w, https:\/\/sudoesteacontece.com.br\/wp-content\/uploads\/2025\/11\/Dono-de-empresa-de-seguranca-vai-a-juri-popular-acusado-de-matar-homem-durante-tentativa-de-furto-em-Brumado-FORUM-BRUMADO-SUDOESTE-ACONTECE-768x512.jpg 768w\" sizes=\"(max-width: 900px) 100vw, 900px\" \/><\/figure>\n<\/div>\n\n\n<p>Julgamento marcou o fim da espera por justi\u00e7a em Aracatu, na Bahia. Jorge Nunes de Sousa foi condenado a 15 anos, 10 meses e 12 dias de reclus\u00e3o pelo ataque \u00e0 ex-esposa, Fabiana Maria de Jesus Souza, esfaqueada enquanto retirava roupas do varal, na presen\u00e7a das filhas pequenas.<\/p>\n\n\n\n<p>Investiga\u00e7\u00e3o confirmou que Jorge n\u00e3o aceitava o fim do casamento. Crime ocorreu em novembro de 2019 e s\u00f3 n\u00e3o terminou em morte gra\u00e7as \u00e0 r\u00e1pida interven\u00e7\u00e3o de testemunhas, que socorreram Fabiana e a levaram ao hospital, onde recebeu atendimento m\u00e9dico urgente, sobrevivendo aos golpes.<\/p>\n\n\n\n<p>Jurados reconheceram a autoria e a materialidade do crime. Rejeitaram a tese de que o acusado agiu sob forte emo\u00e7\u00e3o provocada por ofensas da v\u00edtima. Determinaram, por\u00e9m, que o crime foi motivado por motivo torpe, caracterizando tentativa de homic\u00eddio qualificado e feminic\u00eddio, com aumento pela presen\u00e7a das filhas.<\/p>\n\n\n\n<p>Senten\u00e7a destacou a gravidade do ato: v\u00edtima desarmada, em sua pr\u00f3pria casa, atacada por ex-companheiro j\u00e1 conhecido por agress\u00f5es anteriores. Conduta social e personalidade foram avaliadas como favor\u00e1veis, mas culpa se mostrou elevada. Pena-base inicial foi fixada em 18 anos de reclus\u00e3o, reduzida posteriormente para 17.<\/p>\n\n\n\n<p>Redu\u00e7\u00e3o de pena levou em conta atenuante da confiss\u00e3o espont\u00e2nea, ainda que parcial, e circunst\u00e2ncias do crime. Considerando tentativa de homic\u00eddio, com v\u00edtima recebendo m\u00faltiplos golpes, inclusive em partes vitais, a pena foi diminu\u00edda para 11 anos e quatro meses, antes do aumento por presen\u00e7a das filhas.<\/p>\n\n\n\n<p>Presen\u00e7a das filhas no momento do ataque aumentou a pena em 2\/5, tornando-a definitiva em 15 anos, 10 meses e 12 dias. Regime inicial ser\u00e1 fechado. Justi\u00e7a ressaltou que a execu\u00e7\u00e3o da pena pelo Tribunal do J\u00fari \u00e9 constitucional, mesmo diante de eventual recurso, respeitando soberania da decis\u00e3o.<\/p>\n\n\n\n<p>Pris\u00e3o preventiva do condenado foi mantida. Fugiu para outro estado ap\u00f3s o crime e permaneceu foragido por longo per\u00edodo. Decis\u00e3o considerou que medidas alternativas n\u00e3o seriam suficientes para garantir a lei penal, refor\u00e7ando a necessidade de prote\u00e7\u00e3o da v\u00edtima e da sociedade.<\/p>\n\n\n\n<p>Senten\u00e7a prev\u00ea que, ap\u00f3s tr\u00e2nsito em julgado, Justi\u00e7a Eleitoral ser\u00e1 comunicada para suspens\u00e3o dos direitos pol\u00edticos de Jorge. Nome ser\u00e1 lan\u00e7ado no rol de condenados e antecedentes criminais atualizados. C\u00f3pia da decis\u00e3o ser\u00e1 entregue \u00e0 v\u00edtima, encerrando formalmente o processo.<\/p>\n","protected":false},"excerpt":{"rendered":"<p>Julgamento marcou o fim da espera por justi\u00e7a em Aracatu, na Bahia. Jorge Nunes de Sousa foi condenado a 15 anos, 10 meses e 12 dias de reclus\u00e3o pelo ataque \u00e0 ex-esposa, Fabiana Maria de Jesus Souza, esfaqueada enquanto retirava roupas do varal, na presen\u00e7a das filhas pequenas. Investiga\u00e7\u00e3o confirmou que Jorge n\u00e3o aceitava o fim do casamento. Crime ocorreu em novembro de 2019 e s\u00f3 n\u00e3o terminou em morte gra\u00e7as \u00e0 r\u00e1pida interven\u00e7\u00e3o de testemunhas, que socorreram Fabiana e a levaram ao hospital, onde recebeu atendimento m\u00e9dico urgente, sobrevivendo aos golpes. Jurados reconheceram a autoria e a materialidade do crime. Rejeitaram a tese de que o acusado agiu sob forte emo\u00e7\u00e3o provocada por ofensas da v\u00edtima. Determinaram, por\u00e9m, que o crime foi motivado por motivo torpe, caracterizando tentativa de homic\u00eddio qualificado e feminic\u00eddio, com aumento pela presen\u00e7a das filhas. Senten\u00e7a destacou a gravidade do ato: v\u00edtima desarmada, em sua pr\u00f3pria casa, atacada por ex-companheiro j\u00e1 conhecido por agress\u00f5es anteriores. Conduta social e personalidade foram avaliadas como favor\u00e1veis, mas culpa se mostrou elevada. Pena-base inicial foi fixada em 18 anos de reclus\u00e3o, reduzida posteriormente para 17. Redu\u00e7\u00e3o de pena levou em conta atenuante da confiss\u00e3o espont\u00e2nea, ainda que parcial, e circunst\u00e2ncias do crime. Considerando tentativa de homic\u00eddio, com v\u00edtima recebendo m\u00faltiplos golpes, inclusive em partes vitais, a pena foi diminu\u00edda para 11 anos e quatro meses, antes do aumento por presen\u00e7a das filhas. Presen\u00e7a das filhas no momento do ataque aumentou a pena em 2\/5, tornando-a definitiva em 15 anos, 10 meses e 12 dias. Regime inicial ser\u00e1 fechado. Justi\u00e7a ressaltou que a execu\u00e7\u00e3o da pena pelo Tribunal do J\u00fari \u00e9 constitucional, mesmo diante de eventual recurso, respeitando soberania da decis\u00e3o. Pris\u00e3o preventiva do condenado foi mantida. Fugiu para outro estado ap\u00f3s o crime e permaneceu foragido por longo per\u00edodo. Decis\u00e3o considerou que medidas alternativas n\u00e3o seriam suficientes para garantir a lei penal, refor\u00e7ando a necessidade de prote\u00e7\u00e3o da v\u00edtima e da sociedade. Senten\u00e7a prev\u00ea que, ap\u00f3s tr\u00e2nsito em julgado, Justi\u00e7a Eleitoral ser\u00e1 comunicada para suspens\u00e3o dos direitos pol\u00edticos de Jorge. Nome ser\u00e1 lan\u00e7ado no rol de condenados e antecedentes criminais atualizados. C\u00f3pia da decis\u00e3o ser\u00e1 entregue \u00e0 v\u00edtima, encerrando formalmente o processo.<\/p>\n","protected":false},"author":2,"featured_media":1862,"comment_status":"open","ping_status":"open","sticky":false,"template":"","format":"standard","meta":{"footnotes":""},"categories":[72,10,13,3],"tags":[],"class_list":["post-10281","post","type-post","status-publish","format-standard","has-post-thumbnail","hentry","category-aracatu","category-brumado","category-justica","category-policia"],"yoast_head":"<!-- This site is optimized with the Yoast SEO plugin v26.5 - https:\/\/yoast.com\/wordpress\/plugins\/seo\/ -->\n<title>Ex-marido \u00e9 condenado a 15 anos por tentativa de feminic\u00eddio na presen\u00e7a das filhas em Aracatu - Sudoesteacontece<\/title>\n<meta name=\"robots\" content=\"index, follow, max-snippet:-1, max-image-preview:large, max-video-preview:-1\" \/>\n<link rel=\"canonical\" href=\"https:\/\/sudoesteacontece.com.br\/?p=10281\" \/>\n<meta property=\"og:locale\" content=\"pt_BR\" \/>\n<meta property=\"og:type\" content=\"article\" \/>\n<meta property=\"og:title\" content=\"Ex-marido \u00e9 condenado a 15 anos por tentativa de feminic\u00eddio na presen\u00e7a das filhas em Aracatu - Sudoesteacontece\" \/>\n<meta property=\"og:description\" content=\"Julgamento marcou o fim da espera por justi\u00e7a em Aracatu, na Bahia. Jorge Nunes de Sousa foi condenado a 15 anos, 10 meses e 12 dias de reclus\u00e3o pelo ataque \u00e0 ex-esposa, Fabiana Maria de Jesus Souza, esfaqueada enquanto retirava roupas do varal, na presen\u00e7a das filhas pequenas. Investiga\u00e7\u00e3o confirmou que Jorge n\u00e3o aceitava o fim do casamento. Crime ocorreu em novembro de 2019 e s\u00f3 n\u00e3o terminou em morte gra\u00e7as \u00e0 r\u00e1pida interven\u00e7\u00e3o de testemunhas, que socorreram Fabiana e a levaram ao hospital, onde recebeu atendimento m\u00e9dico urgente, sobrevivendo aos golpes. Jurados reconheceram a autoria e a materialidade do crime. Rejeitaram a tese de que o acusado agiu sob forte emo\u00e7\u00e3o provocada por ofensas da v\u00edtima. Determinaram, por\u00e9m, que o crime foi motivado por motivo torpe, caracterizando tentativa de homic\u00eddio qualificado e feminic\u00eddio, com aumento pela presen\u00e7a das filhas. Senten\u00e7a destacou a gravidade do ato: v\u00edtima desarmada, em sua pr\u00f3pria casa, atacada por ex-companheiro j\u00e1 conhecido por agress\u00f5es anteriores. Conduta social e personalidade foram avaliadas como favor\u00e1veis, mas culpa se mostrou elevada. Pena-base inicial foi fixada em 18 anos de reclus\u00e3o, reduzida posteriormente para 17. Redu\u00e7\u00e3o de pena levou em conta atenuante da confiss\u00e3o espont\u00e2nea, ainda que parcial, e circunst\u00e2ncias do crime. Considerando tentativa de homic\u00eddio, com v\u00edtima recebendo m\u00faltiplos golpes, inclusive em partes vitais, a pena foi diminu\u00edda para 11 anos e quatro meses, antes do aumento por presen\u00e7a das filhas. Presen\u00e7a das filhas no momento do ataque aumentou a pena em 2\/5, tornando-a definitiva em 15 anos, 10 meses e 12 dias. Regime inicial ser\u00e1 fechado. Justi\u00e7a ressaltou que a execu\u00e7\u00e3o da pena pelo Tribunal do J\u00fari \u00e9 constitucional, mesmo diante de eventual recurso, respeitando soberania da decis\u00e3o. Pris\u00e3o preventiva do condenado foi mantida. Fugiu para outro estado ap\u00f3s o crime e permaneceu foragido por longo per\u00edodo. Decis\u00e3o considerou que medidas alternativas n\u00e3o seriam suficientes para garantir a lei penal, refor\u00e7ando a necessidade de prote\u00e7\u00e3o da v\u00edtima e da sociedade. Senten\u00e7a prev\u00ea que, ap\u00f3s tr\u00e2nsito em julgado, Justi\u00e7a Eleitoral ser\u00e1 comunicada para suspens\u00e3o dos direitos pol\u00edticos de Jorge. Nome ser\u00e1 lan\u00e7ado no rol de condenados e antecedentes criminais atualizados. C\u00f3pia da decis\u00e3o ser\u00e1 entregue \u00e0 v\u00edtima, encerrando formalmente o processo.\" \/>\n<meta property=\"og:url\" content=\"https:\/\/sudoesteacontece.com.br\/?p=10281\" \/>\n<meta property=\"og:site_name\" content=\"Sudoesteacontece\" \/>\n<meta property=\"article:publisher\" content=\"https:\/\/www.facebook.com\/sudoesteacontece\/?locale=pt_BR\" \/>\n<meta property=\"article:published_time\" content=\"2026-03-13T15:56:03+00:00\" \/>\n<meta property=\"article:modified_time\" content=\"2026-03-13T15:56:07+00:00\" \/>\n<meta property=\"og:image\" content=\"https:\/\/sudoesteacontece.com.br\/wp-content\/uploads\/2025\/11\/Dono-de-empresa-de-seguranca-vai-a-juri-popular-acusado-de-matar-homem-durante-tentativa-de-furto-em-Brumado-FORUM-BRUMADO-SUDOESTE-ACONTECE.jpg\" \/>\n\t<meta property=\"og:image:width\" content=\"900\" \/>\n\t<meta property=\"og:image:height\" content=\"600\" \/>\n\t<meta property=\"og:image:type\" content=\"image\/jpeg\" \/>\n<meta name=\"author\" content=\"Washington Tiago\" \/>\n<meta name=\"twitter:card\" content=\"summary_large_image\" \/>\n<meta name=\"twitter:label1\" content=\"Escrito por\" \/>\n\t<meta name=\"twitter:data1\" content=\"Washington Tiago\" \/>\n\t<meta name=\"twitter:label2\" content=\"Est. tempo de leitura\" \/>\n\t<meta name=\"twitter:data2\" content=\"3 minutos\" \/>\n<script type=\"application\/ld+json\" class=\"yoast-schema-graph\">{\"@context\":\"https:\/\/schema.org\",\"@graph\":[{\"@type\":\"Article\",\"@id\":\"https:\/\/sudoesteacontece.com.br\/?p=10281#article\",\"isPartOf\":{\"@id\":\"https:\/\/sudoesteacontece.com.br\/?p=10281\"},\"author\":{\"name\":\"Washington Tiago\",\"@id\":\"https:\/\/sudoesteacontece.com.br\/#\/schema\/person\/3cf2cf009926a9683ebc29d5379fa79c\"},\"headline\":\"Ex-marido \u00e9 condenado a 15 anos por tentativa de feminic\u00eddio na presen\u00e7a das filhas em Aracatu\",\"datePublished\":\"2026-03-13T15:56:03+00:00\",\"dateModified\":\"2026-03-13T15:56:07+00:00\",\"mainEntityOfPage\":{\"@id\":\"https:\/\/sudoesteacontece.com.br\/?p=10281\"},\"wordCount\":418,\"commentCount\":0,\"publisher\":{\"@id\":\"https:\/\/sudoesteacontece.com.br\/#organization\"},\"image\":{\"@id\":\"https:\/\/sudoesteacontece.com.br\/?p=10281#primaryimage\"},\"thumbnailUrl\":\"https:\/\/sudoesteacontece.com.br\/wp-content\/uploads\/2025\/11\/Dono-de-empresa-de-seguranca-vai-a-juri-popular-acusado-de-matar-homem-durante-tentativa-de-furto-em-Brumado-FORUM-BRUMADO-SUDOESTE-ACONTECE.jpg\",\"articleSection\":[\"Aracatu\",\"Brumado\",\"Justi\u00e7a\",\"Pol\u00edcia\"],\"inLanguage\":\"pt-BR\",\"potentialAction\":[{\"@type\":\"CommentAction\",\"name\":\"Comment\",\"target\":[\"https:\/\/sudoesteacontece.com.br\/?p=10281#respond\"]}]},{\"@type\":\"WebPage\",\"@id\":\"https:\/\/sudoesteacontece.com.br\/?p=10281\",\"url\":\"https:\/\/sudoesteacontece.com.br\/?p=10281\",\"name\":\"Ex-marido \u00e9 condenado a 15 anos por tentativa de feminic\u00eddio na presen\u00e7a das filhas em Aracatu - Sudoesteacontece\",\"isPartOf\":{\"@id\":\"https:\/\/sudoesteacontece.com.br\/#website\"},\"primaryImageOfPage\":{\"@id\":\"https:\/\/sudoesteacontece.com.br\/?p=10281#primaryimage\"},\"image\":{\"@id\":\"https:\/\/sudoesteacontece.com.br\/?p=10281#primaryimage\"},\"thumbnailUrl\":\"https:\/\/sudoesteacontece.com.br\/wp-content\/uploads\/2025\/11\/Dono-de-empresa-de-seguranca-vai-a-juri-popular-acusado-de-matar-homem-durante-tentativa-de-furto-em-Brumado-FORUM-BRUMADO-SUDOESTE-ACONTECE.jpg\",\"datePublished\":\"2026-03-13T15:56:03+00:00\",\"dateModified\":\"2026-03-13T15:56:07+00:00\",\"breadcrumb\":{\"@id\":\"https:\/\/sudoesteacontece.com.br\/?p=10281#breadcrumb\"},\"inLanguage\":\"pt-BR\",\"potentialAction\":[{\"@type\":\"ReadAction\",\"target\":[\"https:\/\/sudoesteacontece.com.br\/?p=10281\"]}]},{\"@type\":\"ImageObject\",\"inLanguage\":\"pt-BR\",\"@id\":\"https:\/\/sudoesteacontece.com.br\/?p=10281#primaryimage\",\"url\":\"https:\/\/sudoesteacontece.com.br\/wp-content\/uploads\/2025\/11\/Dono-de-empresa-de-seguranca-vai-a-juri-popular-acusado-de-matar-homem-durante-tentativa-de-furto-em-Brumado-FORUM-BRUMADO-SUDOESTE-ACONTECE.jpg\",\"contentUrl\":\"https:\/\/sudoesteacontece.com.br\/wp-content\/uploads\/2025\/11\/Dono-de-empresa-de-seguranca-vai-a-juri-popular-acusado-de-matar-homem-durante-tentativa-de-furto-em-Brumado-FORUM-BRUMADO-SUDOESTE-ACONTECE.jpg\",\"width\":900,\"height\":600,\"caption\":\"FM0 FC011000010:zzzzzz013 50b90 0 066435436c27c1040 92410b229 55 022b ea217 0 0 0 0 0 0 0 0217d171d148 076 0206d0c3d0a8 076 01f5d0d0d0a4 0 0 01e4d118d09c 06e 01d3d131d08f 078 01c2d146d07b 078 01b1d130d070 078 01c1d10bd06b 078 01c7d11bd074 078 01cdd110d082 078 01d3d10bd096 078 01d9d106d09c 078 01dfd10ad0a3 077 01e5d0fbd0a2 077 01ebd139d0a3 077 01f1d15dd0a4 078 01f7d11fd0b4 077 01ebd0fcd0c4 077 01ebd107d0c5 076 0\"},{\"@type\":\"BreadcrumbList\",\"@id\":\"https:\/\/sudoesteacontece.com.br\/?p=10281#breadcrumb\",\"itemListElement\":[{\"@type\":\"ListItem\",\"position\":1,\"name\":\"In\u00edcio\",\"item\":\"https:\/\/sudoesteacontece.com.br\/\"},{\"@type\":\"ListItem\",\"position\":2,\"name\":\"Ex-marido \u00e9 condenado a 15 anos por tentativa de feminic\u00eddio na presen\u00e7a das filhas em Aracatu\"}]},{\"@type\":\"WebSite\",\"@id\":\"https:\/\/sudoesteacontece.com.br\/#website\",\"url\":\"https:\/\/sudoesteacontece.com.br\/\",\"name\":\"Sudoesteacontece\",\"description\":\"\",\"publisher\":{\"@id\":\"https:\/\/sudoesteacontece.com.br\/#organization\"},\"potentialAction\":[{\"@type\":\"SearchAction\",\"target\":{\"@type\":\"EntryPoint\",\"urlTemplate\":\"https:\/\/sudoesteacontece.com.br\/?s={search_term_string}\"},\"query-input\":{\"@type\":\"PropertyValueSpecification\",\"valueRequired\":true,\"valueName\":\"search_term_string\"}}],\"inLanguage\":\"pt-BR\"},{\"@type\":\"Organization\",\"@id\":\"https:\/\/sudoesteacontece.com.br\/#organization\",\"name\":\"Sudoesteacontece\",\"url\":\"https:\/\/sudoesteacontece.com.br\/\",\"logo\":{\"@type\":\"ImageObject\",\"inLanguage\":\"pt-BR\",\"@id\":\"https:\/\/sudoesteacontece.com.br\/#\/schema\/logo\/image\/\",\"url\":\"https:\/\/sudoesteacontece.com.br\/wp-content\/uploads\/2025\/12\/cropped-logo-2-180x180-1.png\",\"contentUrl\":\"https:\/\/sudoesteacontece.com.br\/wp-content\/uploads\/2025\/12\/cropped-logo-2-180x180-1.png\",\"width\":180,\"height\":180,\"caption\":\"Sudoesteacontece\"},\"image\":{\"@id\":\"https:\/\/sudoesteacontece.com.br\/#\/schema\/logo\/image\/\"},\"sameAs\":[\"https:\/\/www.facebook.com\/sudoesteacontece\/?locale=pt_BR\"]},{\"@type\":\"Person\",\"@id\":\"https:\/\/sudoesteacontece.com.br\/#\/schema\/person\/3cf2cf009926a9683ebc29d5379fa79c\",\"name\":\"Washington Tiago\",\"image\":{\"@type\":\"ImageObject\",\"inLanguage\":\"pt-BR\",\"@id\":\"https:\/\/sudoesteacontece.com.br\/#\/schema\/person\/image\/\",\"url\":\"https:\/\/secure.gravatar.com\/avatar\/33c43b8668157e040f9d1fe93c354bf087cbd8ba36270c1163198bd3ddcf2a56?s=96&d=mm&r=g\",\"contentUrl\":\"https:\/\/secure.gravatar.com\/avatar\/33c43b8668157e040f9d1fe93c354bf087cbd8ba36270c1163198bd3ddcf2a56?s=96&d=mm&r=g\",\"caption\":\"Washington Tiago\"},\"url\":\"https:\/\/sudoesteacontece.com.br\/?author=2\"}]}<\/script>\n<!-- \/ Yoast SEO plugin. -->","yoast_head_json":{"title":"Ex-marido \u00e9 condenado a 15 anos por tentativa de feminic\u00eddio na presen\u00e7a das filhas em Aracatu - Sudoesteacontece","robots":{"index":"index","follow":"follow","max-snippet":"max-snippet:-1","max-image-preview":"max-image-preview:large","max-video-preview":"max-video-preview:-1"},"canonical":"https:\/\/sudoesteacontece.com.br\/?p=10281","og_locale":"pt_BR","og_type":"article","og_title":"Ex-marido \u00e9 condenado a 15 anos por tentativa de feminic\u00eddio na presen\u00e7a das filhas em Aracatu - Sudoesteacontece","og_description":"Julgamento marcou o fim da espera por justi\u00e7a em Aracatu, na Bahia. Jorge Nunes de Sousa foi condenado a 15 anos, 10 meses e 12 dias de reclus\u00e3o pelo ataque \u00e0 ex-esposa, Fabiana Maria de Jesus Souza, esfaqueada enquanto retirava roupas do varal, na presen\u00e7a das filhas pequenas. Investiga\u00e7\u00e3o confirmou que Jorge n\u00e3o aceitava o fim do casamento. Crime ocorreu em novembro de 2019 e s\u00f3 n\u00e3o terminou em morte gra\u00e7as \u00e0 r\u00e1pida interven\u00e7\u00e3o de testemunhas, que socorreram Fabiana e a levaram ao hospital, onde recebeu atendimento m\u00e9dico urgente, sobrevivendo aos golpes. Jurados reconheceram a autoria e a materialidade do crime. Rejeitaram a tese de que o acusado agiu sob forte emo\u00e7\u00e3o provocada por ofensas da v\u00edtima. Determinaram, por\u00e9m, que o crime foi motivado por motivo torpe, caracterizando tentativa de homic\u00eddio qualificado e feminic\u00eddio, com aumento pela presen\u00e7a das filhas. Senten\u00e7a destacou a gravidade do ato: v\u00edtima desarmada, em sua pr\u00f3pria casa, atacada por ex-companheiro j\u00e1 conhecido por agress\u00f5es anteriores. Conduta social e personalidade foram avaliadas como favor\u00e1veis, mas culpa se mostrou elevada. Pena-base inicial foi fixada em 18 anos de reclus\u00e3o, reduzida posteriormente para 17. Redu\u00e7\u00e3o de pena levou em conta atenuante da confiss\u00e3o espont\u00e2nea, ainda que parcial, e circunst\u00e2ncias do crime. Considerando tentativa de homic\u00eddio, com v\u00edtima recebendo m\u00faltiplos golpes, inclusive em partes vitais, a pena foi diminu\u00edda para 11 anos e quatro meses, antes do aumento por presen\u00e7a das filhas. Presen\u00e7a das filhas no momento do ataque aumentou a pena em 2\/5, tornando-a definitiva em 15 anos, 10 meses e 12 dias. Regime inicial ser\u00e1 fechado. Justi\u00e7a ressaltou que a execu\u00e7\u00e3o da pena pelo Tribunal do J\u00fari \u00e9 constitucional, mesmo diante de eventual recurso, respeitando soberania da decis\u00e3o. Pris\u00e3o preventiva do condenado foi mantida. Fugiu para outro estado ap\u00f3s o crime e permaneceu foragido por longo per\u00edodo. Decis\u00e3o considerou que medidas alternativas n\u00e3o seriam suficientes para garantir a lei penal, refor\u00e7ando a necessidade de prote\u00e7\u00e3o da v\u00edtima e da sociedade. Senten\u00e7a prev\u00ea que, ap\u00f3s tr\u00e2nsito em julgado, Justi\u00e7a Eleitoral ser\u00e1 comunicada para suspens\u00e3o dos direitos pol\u00edticos de Jorge. Nome ser\u00e1 lan\u00e7ado no rol de condenados e antecedentes criminais atualizados. C\u00f3pia da decis\u00e3o ser\u00e1 entregue \u00e0 v\u00edtima, encerrando formalmente o processo.","og_url":"https:\/\/sudoesteacontece.com.br\/?p=10281","og_site_name":"Sudoesteacontece","article_publisher":"https:\/\/www.facebook.com\/sudoesteacontece\/?locale=pt_BR","article_published_time":"2026-03-13T15:56:03+00:00","article_modified_time":"2026-03-13T15:56:07+00:00","og_image":[{"width":900,"height":600,"url":"https:\/\/sudoesteacontece.com.br\/wp-content\/uploads\/2025\/11\/Dono-de-empresa-de-seguranca-vai-a-juri-popular-acusado-de-matar-homem-durante-tentativa-de-furto-em-Brumado-FORUM-BRUMADO-SUDOESTE-ACONTECE.jpg","type":"image\/jpeg"}],"author":"Washington Tiago","twitter_card":"summary_large_image","twitter_misc":{"Escrito por":"Washington Tiago","Est. tempo de leitura":"3 minutos"},"schema":{"@context":"https:\/\/schema.org","@graph":[{"@type":"Article","@id":"https:\/\/sudoesteacontece.com.br\/?p=10281#article","isPartOf":{"@id":"https:\/\/sudoesteacontece.com.br\/?p=10281"},"author":{"name":"Washington Tiago","@id":"https:\/\/sudoesteacontece.com.br\/#\/schema\/person\/3cf2cf009926a9683ebc29d5379fa79c"},"headline":"Ex-marido \u00e9 condenado a 15 anos por tentativa de feminic\u00eddio na presen\u00e7a das filhas em Aracatu","datePublished":"2026-03-13T15:56:03+00:00","dateModified":"2026-03-13T15:56:07+00:00","mainEntityOfPage":{"@id":"https:\/\/sudoesteacontece.com.br\/?p=10281"},"wordCount":418,"commentCount":0,"publisher":{"@id":"https:\/\/sudoesteacontece.com.br\/#organization"},"image":{"@id":"https:\/\/sudoesteacontece.com.br\/?p=10281#primaryimage"},"thumbnailUrl":"https:\/\/sudoesteacontece.com.br\/wp-content\/uploads\/2025\/11\/Dono-de-empresa-de-seguranca-vai-a-juri-popular-acusado-de-matar-homem-durante-tentativa-de-furto-em-Brumado-FORUM-BRUMADO-SUDOESTE-ACONTECE.jpg","articleSection":["Aracatu","Brumado","Justi\u00e7a","Pol\u00edcia"],"inLanguage":"pt-BR","potentialAction":[{"@type":"CommentAction","name":"Comment","target":["https:\/\/sudoesteacontece.com.br\/?p=10281#respond"]}]},{"@type":"WebPage","@id":"https:\/\/sudoesteacontece.com.br\/?p=10281","url":"https:\/\/sudoesteacontece.com.br\/?p=10281","name":"Ex-marido \u00e9 condenado a 15 anos por tentativa de feminic\u00eddio na presen\u00e7a das filhas em Aracatu - Sudoesteacontece","isPartOf":{"@id":"https:\/\/sudoesteacontece.com.br\/#website"},"primaryImageOfPage":{"@id":"https:\/\/sudoesteacontece.com.br\/?p=10281#primaryimage"},"image":{"@id":"https:\/\/sudoesteacontece.com.br\/?p=10281#primaryimage"},"thumbnailUrl":"https:\/\/sudoesteacontece.com.br\/wp-content\/uploads\/2025\/11\/Dono-de-empresa-de-seguranca-vai-a-juri-popular-acusado-de-matar-homem-durante-tentativa-de-furto-em-Brumado-FORUM-BRUMADO-SUDOESTE-ACONTECE.jpg","datePublished":"2026-03-13T15:56:03+00:00","dateModified":"2026-03-13T15:56:07+00:00","breadcrumb":{"@id":"https:\/\/sudoesteacontece.com.br\/?p=10281#breadcrumb"},"inLanguage":"pt-BR","potentialAction":[{"@type":"ReadAction","target":["https:\/\/sudoesteacontece.com.br\/?p=10281"]}]},{"@type":"ImageObject","inLanguage":"pt-BR","@id":"https:\/\/sudoesteacontece.com.br\/?p=10281#primaryimage","url":"https:\/\/sudoesteacontece.com.br\/wp-content\/uploads\/2025\/11\/Dono-de-empresa-de-seguranca-vai-a-juri-popular-acusado-de-matar-homem-durante-tentativa-de-furto-em-Brumado-FORUM-BRUMADO-SUDOESTE-ACONTECE.jpg","contentUrl":"https:\/\/sudoesteacontece.com.br\/wp-content\/uploads\/2025\/11\/Dono-de-empresa-de-seguranca-vai-a-juri-popular-acusado-de-matar-homem-durante-tentativa-de-furto-em-Brumado-FORUM-BRUMADO-SUDOESTE-ACONTECE.jpg","width":900,"height":600,"caption":"FM0 FC011000010:zzzzzz013 50b90 0 066435436c27c1040 92410b229 55 022b ea217 0 0 0 0 0 0 0 0217d171d148 076 0206d0c3d0a8 076 01f5d0d0d0a4 0 0 01e4d118d09c 06e 01d3d131d08f 078 01c2d146d07b 078 01b1d130d070 078 01c1d10bd06b 078 01c7d11bd074 078 01cdd110d082 078 01d3d10bd096 078 01d9d106d09c 078 01dfd10ad0a3 077 01e5d0fbd0a2 077 01ebd139d0a3 077 01f1d15dd0a4 078 01f7d11fd0b4 077 01ebd0fcd0c4 077 01ebd107d0c5 076 0"},{"@type":"BreadcrumbList","@id":"https:\/\/sudoesteacontece.com.br\/?p=10281#breadcrumb","itemListElement":[{"@type":"ListItem","position":1,"name":"In\u00edcio","item":"https:\/\/sudoesteacontece.com.br\/"},{"@type":"ListItem","position":2,"name":"Ex-marido \u00e9 condenado a 15 anos por tentativa de feminic\u00eddio na presen\u00e7a das filhas em Aracatu"}]},{"@type":"WebSite","@id":"https:\/\/sudoesteacontece.com.br\/#website","url":"https:\/\/sudoesteacontece.com.br\/","name":"Sudoesteacontece","description":"","publisher":{"@id":"https:\/\/sudoesteacontece.com.br\/#organization"},"potentialAction":[{"@type":"SearchAction","target":{"@type":"EntryPoint","urlTemplate":"https:\/\/sudoesteacontece.com.br\/?s={search_term_string}"},"query-input":{"@type":"PropertyValueSpecification","valueRequired":true,"valueName":"search_term_string"}}],"inLanguage":"pt-BR"},{"@type":"Organization","@id":"https:\/\/sudoesteacontece.com.br\/#organization","name":"Sudoesteacontece","url":"https:\/\/sudoesteacontece.com.br\/","logo":{"@type":"ImageObject","inLanguage":"pt-BR","@id":"https:\/\/sudoesteacontece.com.br\/#\/schema\/logo\/image\/","url":"https:\/\/sudoesteacontece.com.br\/wp-content\/uploads\/2025\/12\/cropped-logo-2-180x180-1.png","contentUrl":"https:\/\/sudoesteacontece.com.br\/wp-content\/uploads\/2025\/12\/cropped-logo-2-180x180-1.png","width":180,"height":180,"caption":"Sudoesteacontece"},"image":{"@id":"https:\/\/sudoesteacontece.com.br\/#\/schema\/logo\/image\/"},"sameAs":["https:\/\/www.facebook.com\/sudoesteacontece\/?locale=pt_BR"]},{"@type":"Person","@id":"https:\/\/sudoesteacontece.com.br\/#\/schema\/person\/3cf2cf009926a9683ebc29d5379fa79c","name":"Washington Tiago","image":{"@type":"ImageObject","inLanguage":"pt-BR","@id":"https:\/\/sudoesteacontece.com.br\/#\/schema\/person\/image\/","url":"https:\/\/secure.gravatar.com\/avatar\/33c43b8668157e040f9d1fe93c354bf087cbd8ba36270c1163198bd3ddcf2a56?s=96&d=mm&r=g","contentUrl":"https:\/\/secure.gravatar.com\/avatar\/33c43b8668157e040f9d1fe93c354bf087cbd8ba36270c1163198bd3ddcf2a56?s=96&d=mm&r=g","caption":"Washington Tiago"},"url":"https:\/\/sudoesteacontece.com.br\/?author=2"}]}},"_links":{"self":[{"href":"https:\/\/sudoesteacontece.com.br\/index.php?rest_route=\/wp\/v2\/posts\/10281","targetHints":{"allow":["GET"]}}],"collection":[{"href":"https:\/\/sudoesteacontece.com.br\/index.php?rest_route=\/wp\/v2\/posts"}],"about":[{"href":"https:\/\/sudoesteacontece.com.br\/index.php?rest_route=\/wp\/v2\/types\/post"}],"author":[{"embeddable":true,"href":"https:\/\/sudoesteacontece.com.br\/index.php?rest_route=\/wp\/v2\/users\/2"}],"replies":[{"embeddable":true,"href":"https:\/\/sudoesteacontece.com.br\/index.php?rest_route=%2Fwp%2Fv2%2Fcomments&post=10281"}],"version-history":[{"count":0,"href":"https:\/\/sudoesteacontece.com.br\/index.php?rest_route=\/wp\/v2\/posts\/10281\/revisions"}],"wp:featuredmedia":[{"embeddable":true,"href":"https:\/\/sudoesteacontece.com.br\/index.php?rest_route=\/wp\/v2\/media\/1862"}],"wp:attachment":[{"href":"https:\/\/sudoesteacontece.com.br\/index.php?rest_route=%2Fwp%2Fv2%2Fmedia&parent=10281"}],"wp:term":[{"taxonomy":"category","embeddable":true,"href":"https:\/\/sudoesteacontece.com.br\/index.php?rest_route=%2Fwp%2Fv2%2Fcategories&post=10281"},{"taxonomy":"post_tag","embeddable":true,"href":"https:\/\/sudoesteacontece.com.br\/index.php?rest_route=%2Fwp%2Fv2%2Ftags&post=10281"}],"curies":[{"name":"wp","href":"https:\/\/api.w.org\/{rel}","templated":true}]}}