{"id":10283,"date":"2026-03-13T12:59:20","date_gmt":"2026-03-13T15:59:20","guid":{"rendered":"https:\/\/sudoesteacontece.com.br\/?p=10283"},"modified":"2026-03-13T12:59:24","modified_gmt":"2026-03-13T15:59:24","slug":"trabalhador-morre-apos-ataque-de-abelhas-enquanto-operava-trator-na-zona-rural-da-bahia","status":"publish","type":"post","link":"https:\/\/sudoesteacontece.com.br\/?p=10283","title":{"rendered":"Trabalhador morre ap\u00f3s ataque de abelhas enquanto operava trator na zona rural da Bahia"},"content":{"rendered":"<div class=\"wp-block-image\">\n<figure class=\"aligncenter size-full\"><img fetchpriority=\"high\" decoding=\"async\" width=\"900\" height=\"600\" src=\"http:\/\/sudoesteacontece.com.br\/wp-content\/uploads\/2026\/03\/Trabalhador-morre-apos-ataque-de-abelhas-enquanto-operava-trator-na-zona-rural-da-Bahia.jpg\" alt=\"\" class=\"wp-image-10291\" srcset=\"https:\/\/sudoesteacontece.com.br\/wp-content\/uploads\/2026\/03\/Trabalhador-morre-apos-ataque-de-abelhas-enquanto-operava-trator-na-zona-rural-da-Bahia.jpg 900w, https:\/\/sudoesteacontece.com.br\/wp-content\/uploads\/2026\/03\/Trabalhador-morre-apos-ataque-de-abelhas-enquanto-operava-trator-na-zona-rural-da-Bahia-300x200.jpg 300w, https:\/\/sudoesteacontece.com.br\/wp-content\/uploads\/2026\/03\/Trabalhador-morre-apos-ataque-de-abelhas-enquanto-operava-trator-na-zona-rural-da-Bahia-768x512.jpg 768w\" sizes=\"(max-width: 900px) 100vw, 900px\" \/><\/figure>\n<\/div>\n\n\n<p>Homem de 34 anos foi encontrado morto nesta quinta-feira (12) no Projeto Formoso, zona rural de Bom Jesus da Lapa, oeste da Bahia. Valdinei Silva de Oliveira estaria trabalhando com um trator quando um enxame de abelhas teria atacado, segundo a 38\u00aa Companhia Independente de Pol\u00edcia Militar.<\/p>\n\n\n\n<p>Testemunhas relataram que, ao tentar escapar do ataque, o trabalhador correu em dire\u00e7\u00e3o a um canal de \u00e1gua pr\u00f3ximo \u00e0 lavoura. Corpo foi encontrado sem vida nas margens do canal. Populares afirmam que ele sofreu m\u00faltiplas picadas e perdeu o controle, n\u00e3o conseguindo se afastar das abelhas.<\/p>\n\n\n\n<p>Policiais militares isolaram a \u00e1rea e acionaram equipes do Departamento de Pol\u00edcia T\u00e9cnica e da Pol\u00edcia Civil. Procedimentos periciais foram realizados no local para identificar com precis\u00e3o as causas da morte e recolher o corpo, que ser\u00e1 encaminhado para necropsia.<\/p>\n\n\n\n<p>Circunst\u00e2ncias exatas da morte ainda ser\u00e3o esclarecidas ap\u00f3s exames. Autoridades locais refor\u00e7am a necessidade de cuidado em \u00e1reas de vegeta\u00e7\u00e3o e lembram que ataques de enxames podem ser fatais, especialmente quando a v\u00edtima n\u00e3o possui equipamentos de prote\u00e7\u00e3o adequados.<\/p>\n","protected":false},"excerpt":{"rendered":"<p>Homem de 34 anos foi encontrado morto nesta quinta-feira (12) no Projeto Formoso, zona rural de Bom Jesus da Lapa, oeste da Bahia. Valdinei Silva de Oliveira estaria trabalhando com um trator quando um enxame de abelhas teria atacado, segundo a 38\u00aa Companhia Independente de Pol\u00edcia Militar. Testemunhas relataram que, ao tentar escapar do ataque, o trabalhador correu em dire\u00e7\u00e3o a um canal de \u00e1gua pr\u00f3ximo \u00e0 lavoura. Corpo foi encontrado sem vida nas margens do canal. Populares afirmam que ele sofreu m\u00faltiplas picadas e perdeu o controle, n\u00e3o conseguindo se afastar das abelhas. Policiais militares isolaram a \u00e1rea e acionaram equipes do Departamento de Pol\u00edcia T\u00e9cnica e da Pol\u00edcia Civil. Procedimentos periciais foram realizados no local para identificar com precis\u00e3o as causas da morte e recolher o corpo, que ser\u00e1 encaminhado para necropsia. Circunst\u00e2ncias exatas da morte ainda ser\u00e3o esclarecidas ap\u00f3s exames. Autoridades locais refor\u00e7am a necessidade de cuidado em \u00e1reas de vegeta\u00e7\u00e3o e lembram que ataques de enxames podem ser fatais, especialmente quando a v\u00edtima n\u00e3o possui equipamentos de prote\u00e7\u00e3o adequados.<\/p>\n","protected":false},"author":2,"featured_media":0,"comment_status":"open","ping_status":"open","sticky":false,"template":"","format":"standard","meta":{"footnotes":""},"categories":[54,4,3],"tags":[],"class_list":["post-10283","post","type-post","status-publish","format-standard","hentry","category-bom-jesus-da-lapa","category-cidades","category-policia"],"yoast_head":"<!-- This site is optimized with the Yoast SEO plugin v26.5 - https:\/\/yoast.com\/wordpress\/plugins\/seo\/ -->\n<title>Trabalhador morre ap\u00f3s ataque de abelhas enquanto operava trator na zona rural da Bahia - Sudoesteacontece<\/title>\n<meta name=\"robots\" content=\"index, follow, max-snippet:-1, max-image-preview:large, max-video-preview:-1\" \/>\n<link rel=\"canonical\" href=\"https:\/\/sudoesteacontece.com.br\/?p=10283\" \/>\n<meta property=\"og:locale\" content=\"pt_BR\" \/>\n<meta property=\"og:type\" content=\"article\" \/>\n<meta property=\"og:title\" content=\"Trabalhador morre ap\u00f3s ataque de abelhas enquanto operava trator na zona rural da Bahia - Sudoesteacontece\" \/>\n<meta property=\"og:description\" content=\"Homem de 34 anos foi encontrado morto nesta quinta-feira (12) no Projeto Formoso, zona rural de Bom Jesus da Lapa, oeste da Bahia. Valdinei Silva de Oliveira estaria trabalhando com um trator quando um enxame de abelhas teria atacado, segundo a 38\u00aa Companhia Independente de Pol\u00edcia Militar. Testemunhas relataram que, ao tentar escapar do ataque, o trabalhador correu em dire\u00e7\u00e3o a um canal de \u00e1gua pr\u00f3ximo \u00e0 lavoura. Corpo foi encontrado sem vida nas margens do canal. Populares afirmam que ele sofreu m\u00faltiplas picadas e perdeu o controle, n\u00e3o conseguindo se afastar das abelhas. Policiais militares isolaram a \u00e1rea e acionaram equipes do Departamento de Pol\u00edcia T\u00e9cnica e da Pol\u00edcia Civil. Procedimentos periciais foram realizados no local para identificar com precis\u00e3o as causas da morte e recolher o corpo, que ser\u00e1 encaminhado para necropsia. Circunst\u00e2ncias exatas da morte ainda ser\u00e3o esclarecidas ap\u00f3s exames. Autoridades locais refor\u00e7am a necessidade de cuidado em \u00e1reas de vegeta\u00e7\u00e3o e lembram que ataques de enxames podem ser fatais, especialmente quando a v\u00edtima n\u00e3o possui equipamentos de prote\u00e7\u00e3o adequados.\" \/>\n<meta property=\"og:url\" content=\"https:\/\/sudoesteacontece.com.br\/?p=10283\" \/>\n<meta property=\"og:site_name\" content=\"Sudoesteacontece\" \/>\n<meta property=\"article:publisher\" content=\"https:\/\/www.facebook.com\/sudoesteacontece\/?locale=pt_BR\" \/>\n<meta property=\"article:published_time\" content=\"2026-03-13T15:59:20+00:00\" \/>\n<meta property=\"article:modified_time\" content=\"2026-03-13T15:59:24+00:00\" \/>\n<meta property=\"og:image\" content=\"http:\/\/sudoesteacontece.com.br\/wp-content\/uploads\/2026\/03\/Trabalhador-morre-apos-ataque-de-abelhas-enquanto-operava-trator-na-zona-rural-da-Bahia.jpg\" \/>\n<meta name=\"author\" content=\"Washington Tiago\" \/>\n<meta name=\"twitter:card\" content=\"summary_large_image\" \/>\n<meta name=\"twitter:label1\" content=\"Escrito por\" \/>\n\t<meta name=\"twitter:data1\" content=\"Washington Tiago\" \/>\n\t<meta name=\"twitter:label2\" content=\"Est. tempo de leitura\" \/>\n\t<meta name=\"twitter:data2\" content=\"2 minutos\" \/>\n<script type=\"application\/ld+json\" class=\"yoast-schema-graph\">{\"@context\":\"https:\/\/schema.org\",\"@graph\":[{\"@type\":\"Article\",\"@id\":\"https:\/\/sudoesteacontece.com.br\/?p=10283#article\",\"isPartOf\":{\"@id\":\"https:\/\/sudoesteacontece.com.br\/?p=10283\"},\"author\":{\"name\":\"Washington Tiago\",\"@id\":\"https:\/\/sudoesteacontece.com.br\/#\/schema\/person\/3cf2cf009926a9683ebc29d5379fa79c\"},\"headline\":\"Trabalhador morre ap\u00f3s ataque de abelhas enquanto operava trator na zona rural da Bahia\",\"datePublished\":\"2026-03-13T15:59:20+00:00\",\"dateModified\":\"2026-03-13T15:59:24+00:00\",\"mainEntityOfPage\":{\"@id\":\"https:\/\/sudoesteacontece.com.br\/?p=10283\"},\"wordCount\":201,\"commentCount\":0,\"publisher\":{\"@id\":\"https:\/\/sudoesteacontece.com.br\/#organization\"},\"image\":{\"@id\":\"https:\/\/sudoesteacontece.com.br\/?p=10283#primaryimage\"},\"thumbnailUrl\":\"http:\/\/sudoesteacontece.com.br\/wp-content\/uploads\/2026\/03\/Trabalhador-morre-apos-ataque-de-abelhas-enquanto-operava-trator-na-zona-rural-da-Bahia.jpg\",\"articleSection\":[\"Bom Jesus da Lapa\",\"Cidades\",\"Pol\u00edcia\"],\"inLanguage\":\"pt-BR\",\"potentialAction\":[{\"@type\":\"CommentAction\",\"name\":\"Comment\",\"target\":[\"https:\/\/sudoesteacontece.com.br\/?p=10283#respond\"]}]},{\"@type\":\"WebPage\",\"@id\":\"https:\/\/sudoesteacontece.com.br\/?p=10283\",\"url\":\"https:\/\/sudoesteacontece.com.br\/?p=10283\",\"name\":\"Trabalhador morre ap\u00f3s ataque de abelhas enquanto operava trator na zona rural da Bahia - Sudoesteacontece\",\"isPartOf\":{\"@id\":\"https:\/\/sudoesteacontece.com.br\/#website\"},\"primaryImageOfPage\":{\"@id\":\"https:\/\/sudoesteacontece.com.br\/?p=10283#primaryimage\"},\"image\":{\"@id\":\"https:\/\/sudoesteacontece.com.br\/?p=10283#primaryimage\"},\"thumbnailUrl\":\"http:\/\/sudoesteacontece.com.br\/wp-content\/uploads\/2026\/03\/Trabalhador-morre-apos-ataque-de-abelhas-enquanto-operava-trator-na-zona-rural-da-Bahia.jpg\",\"datePublished\":\"2026-03-13T15:59:20+00:00\",\"dateModified\":\"2026-03-13T15:59:24+00:00\",\"breadcrumb\":{\"@id\":\"https:\/\/sudoesteacontece.com.br\/?p=10283#breadcrumb\"},\"inLanguage\":\"pt-BR\",\"potentialAction\":[{\"@type\":\"ReadAction\",\"target\":[\"https:\/\/sudoesteacontece.com.br\/?p=10283\"]}]},{\"@type\":\"ImageObject\",\"inLanguage\":\"pt-BR\",\"@id\":\"https:\/\/sudoesteacontece.com.br\/?p=10283#primaryimage\",\"url\":\"https:\/\/sudoesteacontece.com.br\/wp-content\/uploads\/2026\/03\/Trabalhador-morre-apos-ataque-de-abelhas-enquanto-operava-trator-na-zona-rural-da-Bahia.jpg\",\"contentUrl\":\"https:\/\/sudoesteacontece.com.br\/wp-content\/uploads\/2026\/03\/Trabalhador-morre-apos-ataque-de-abelhas-enquanto-operava-trator-na-zona-rural-da-Bahia.jpg\",\"width\":900,\"height\":600},{\"@type\":\"BreadcrumbList\",\"@id\":\"https:\/\/sudoesteacontece.com.br\/?p=10283#breadcrumb\",\"itemListElement\":[{\"@type\":\"ListItem\",\"position\":1,\"name\":\"In\u00edcio\",\"item\":\"https:\/\/sudoesteacontece.com.br\/\"},{\"@type\":\"ListItem\",\"position\":2,\"name\":\"Trabalhador morre ap\u00f3s ataque de abelhas enquanto operava trator na zona rural da Bahia\"}]},{\"@type\":\"WebSite\",\"@id\":\"https:\/\/sudoesteacontece.com.br\/#website\",\"url\":\"https:\/\/sudoesteacontece.com.br\/\",\"name\":\"Sudoesteacontece\",\"description\":\"\",\"publisher\":{\"@id\":\"https:\/\/sudoesteacontece.com.br\/#organization\"},\"potentialAction\":[{\"@type\":\"SearchAction\",\"target\":{\"@type\":\"EntryPoint\",\"urlTemplate\":\"https:\/\/sudoesteacontece.com.br\/?s={search_term_string}\"},\"query-input\":{\"@type\":\"PropertyValueSpecification\",\"valueRequired\":true,\"valueName\":\"search_term_string\"}}],\"inLanguage\":\"pt-BR\"},{\"@type\":\"Organization\",\"@id\":\"https:\/\/sudoesteacontece.com.br\/#organization\",\"name\":\"Sudoesteacontece\",\"url\":\"https:\/\/sudoesteacontece.com.br\/\",\"logo\":{\"@type\":\"ImageObject\",\"inLanguage\":\"pt-BR\",\"@id\":\"https:\/\/sudoesteacontece.com.br\/#\/schema\/logo\/image\/\",\"url\":\"https:\/\/sudoesteacontece.com.br\/wp-content\/uploads\/2025\/12\/cropped-logo-2-180x180-1.png\",\"contentUrl\":\"https:\/\/sudoesteacontece.com.br\/wp-content\/uploads\/2025\/12\/cropped-logo-2-180x180-1.png\",\"width\":180,\"height\":180,\"caption\":\"Sudoesteacontece\"},\"image\":{\"@id\":\"https:\/\/sudoesteacontece.com.br\/#\/schema\/logo\/image\/\"},\"sameAs\":[\"https:\/\/www.facebook.com\/sudoesteacontece\/?locale=pt_BR\"]},{\"@type\":\"Person\",\"@id\":\"https:\/\/sudoesteacontece.com.br\/#\/schema\/person\/3cf2cf009926a9683ebc29d5379fa79c\",\"name\":\"Washington Tiago\",\"image\":{\"@type\":\"ImageObject\",\"inLanguage\":\"pt-BR\",\"@id\":\"https:\/\/sudoesteacontece.com.br\/#\/schema\/person\/image\/\",\"url\":\"https:\/\/secure.gravatar.com\/avatar\/33c43b8668157e040f9d1fe93c354bf087cbd8ba36270c1163198bd3ddcf2a56?s=96&d=mm&r=g\",\"contentUrl\":\"https:\/\/secure.gravatar.com\/avatar\/33c43b8668157e040f9d1fe93c354bf087cbd8ba36270c1163198bd3ddcf2a56?s=96&d=mm&r=g\",\"caption\":\"Washington Tiago\"},\"url\":\"https:\/\/sudoesteacontece.com.br\/?author=2\"}]}<\/script>\n<!-- \/ Yoast SEO plugin. -->","yoast_head_json":{"title":"Trabalhador morre ap\u00f3s ataque de abelhas enquanto operava trator na zona rural da Bahia - Sudoesteacontece","robots":{"index":"index","follow":"follow","max-snippet":"max-snippet:-1","max-image-preview":"max-image-preview:large","max-video-preview":"max-video-preview:-1"},"canonical":"https:\/\/sudoesteacontece.com.br\/?p=10283","og_locale":"pt_BR","og_type":"article","og_title":"Trabalhador morre ap\u00f3s ataque de abelhas enquanto operava trator na zona rural da Bahia - Sudoesteacontece","og_description":"Homem de 34 anos foi encontrado morto nesta quinta-feira (12) no Projeto Formoso, zona rural de Bom Jesus da Lapa, oeste da Bahia. Valdinei Silva de Oliveira estaria trabalhando com um trator quando um enxame de abelhas teria atacado, segundo a 38\u00aa Companhia Independente de Pol\u00edcia Militar. Testemunhas relataram que, ao tentar escapar do ataque, o trabalhador correu em dire\u00e7\u00e3o a um canal de \u00e1gua pr\u00f3ximo \u00e0 lavoura. Corpo foi encontrado sem vida nas margens do canal. Populares afirmam que ele sofreu m\u00faltiplas picadas e perdeu o controle, n\u00e3o conseguindo se afastar das abelhas. Policiais militares isolaram a \u00e1rea e acionaram equipes do Departamento de Pol\u00edcia T\u00e9cnica e da Pol\u00edcia Civil. Procedimentos periciais foram realizados no local para identificar com precis\u00e3o as causas da morte e recolher o corpo, que ser\u00e1 encaminhado para necropsia. Circunst\u00e2ncias exatas da morte ainda ser\u00e3o esclarecidas ap\u00f3s exames. Autoridades locais refor\u00e7am a necessidade de cuidado em \u00e1reas de vegeta\u00e7\u00e3o e lembram que ataques de enxames podem ser fatais, especialmente quando a v\u00edtima n\u00e3o possui equipamentos de prote\u00e7\u00e3o adequados.","og_url":"https:\/\/sudoesteacontece.com.br\/?p=10283","og_site_name":"Sudoesteacontece","article_publisher":"https:\/\/www.facebook.com\/sudoesteacontece\/?locale=pt_BR","article_published_time":"2026-03-13T15:59:20+00:00","article_modified_time":"2026-03-13T15:59:24+00:00","og_image":[{"url":"http:\/\/sudoesteacontece.com.br\/wp-content\/uploads\/2026\/03\/Trabalhador-morre-apos-ataque-de-abelhas-enquanto-operava-trator-na-zona-rural-da-Bahia.jpg","type":"","width":"","height":""}],"author":"Washington Tiago","twitter_card":"summary_large_image","twitter_misc":{"Escrito por":"Washington Tiago","Est. tempo de leitura":"2 minutos"},"schema":{"@context":"https:\/\/schema.org","@graph":[{"@type":"Article","@id":"https:\/\/sudoesteacontece.com.br\/?p=10283#article","isPartOf":{"@id":"https:\/\/sudoesteacontece.com.br\/?p=10283"},"author":{"name":"Washington Tiago","@id":"https:\/\/sudoesteacontece.com.br\/#\/schema\/person\/3cf2cf009926a9683ebc29d5379fa79c"},"headline":"Trabalhador morre ap\u00f3s ataque de abelhas enquanto operava trator na zona rural da Bahia","datePublished":"2026-03-13T15:59:20+00:00","dateModified":"2026-03-13T15:59:24+00:00","mainEntityOfPage":{"@id":"https:\/\/sudoesteacontece.com.br\/?p=10283"},"wordCount":201,"commentCount":0,"publisher":{"@id":"https:\/\/sudoesteacontece.com.br\/#organization"},"image":{"@id":"https:\/\/sudoesteacontece.com.br\/?p=10283#primaryimage"},"thumbnailUrl":"http:\/\/sudoesteacontece.com.br\/wp-content\/uploads\/2026\/03\/Trabalhador-morre-apos-ataque-de-abelhas-enquanto-operava-trator-na-zona-rural-da-Bahia.jpg","articleSection":["Bom Jesus da Lapa","Cidades","Pol\u00edcia"],"inLanguage":"pt-BR","potentialAction":[{"@type":"CommentAction","name":"Comment","target":["https:\/\/sudoesteacontece.com.br\/?p=10283#respond"]}]},{"@type":"WebPage","@id":"https:\/\/sudoesteacontece.com.br\/?p=10283","url":"https:\/\/sudoesteacontece.com.br\/?p=10283","name":"Trabalhador morre ap\u00f3s ataque de abelhas enquanto operava trator na zona rural da Bahia - Sudoesteacontece","isPartOf":{"@id":"https:\/\/sudoesteacontece.com.br\/#website"},"primaryImageOfPage":{"@id":"https:\/\/sudoesteacontece.com.br\/?p=10283#primaryimage"},"image":{"@id":"https:\/\/sudoesteacontece.com.br\/?p=10283#primaryimage"},"thumbnailUrl":"http:\/\/sudoesteacontece.com.br\/wp-content\/uploads\/2026\/03\/Trabalhador-morre-apos-ataque-de-abelhas-enquanto-operava-trator-na-zona-rural-da-Bahia.jpg","datePublished":"2026-03-13T15:59:20+00:00","dateModified":"2026-03-13T15:59:24+00:00","breadcrumb":{"@id":"https:\/\/sudoesteacontece.com.br\/?p=10283#breadcrumb"},"inLanguage":"pt-BR","potentialAction":[{"@type":"ReadAction","target":["https:\/\/sudoesteacontece.com.br\/?p=10283"]}]},{"@type":"ImageObject","inLanguage":"pt-BR","@id":"https:\/\/sudoesteacontece.com.br\/?p=10283#primaryimage","url":"https:\/\/sudoesteacontece.com.br\/wp-content\/uploads\/2026\/03\/Trabalhador-morre-apos-ataque-de-abelhas-enquanto-operava-trator-na-zona-rural-da-Bahia.jpg","contentUrl":"https:\/\/sudoesteacontece.com.br\/wp-content\/uploads\/2026\/03\/Trabalhador-morre-apos-ataque-de-abelhas-enquanto-operava-trator-na-zona-rural-da-Bahia.jpg","width":900,"height":600},{"@type":"BreadcrumbList","@id":"https:\/\/sudoesteacontece.com.br\/?p=10283#breadcrumb","itemListElement":[{"@type":"ListItem","position":1,"name":"In\u00edcio","item":"https:\/\/sudoesteacontece.com.br\/"},{"@type":"ListItem","position":2,"name":"Trabalhador morre ap\u00f3s ataque de abelhas enquanto operava trator na zona rural da Bahia"}]},{"@type":"WebSite","@id":"https:\/\/sudoesteacontece.com.br\/#website","url":"https:\/\/sudoesteacontece.com.br\/","name":"Sudoesteacontece","description":"","publisher":{"@id":"https:\/\/sudoesteacontece.com.br\/#organization"},"potentialAction":[{"@type":"SearchAction","target":{"@type":"EntryPoint","urlTemplate":"https:\/\/sudoesteacontece.com.br\/?s={search_term_string}"},"query-input":{"@type":"PropertyValueSpecification","valueRequired":true,"valueName":"search_term_string"}}],"inLanguage":"pt-BR"},{"@type":"Organization","@id":"https:\/\/sudoesteacontece.com.br\/#organization","name":"Sudoesteacontece","url":"https:\/\/sudoesteacontece.com.br\/","logo":{"@type":"ImageObject","inLanguage":"pt-BR","@id":"https:\/\/sudoesteacontece.com.br\/#\/schema\/logo\/image\/","url":"https:\/\/sudoesteacontece.com.br\/wp-content\/uploads\/2025\/12\/cropped-logo-2-180x180-1.png","contentUrl":"https:\/\/sudoesteacontece.com.br\/wp-content\/uploads\/2025\/12\/cropped-logo-2-180x180-1.png","width":180,"height":180,"caption":"Sudoesteacontece"},"image":{"@id":"https:\/\/sudoesteacontece.com.br\/#\/schema\/logo\/image\/"},"sameAs":["https:\/\/www.facebook.com\/sudoesteacontece\/?locale=pt_BR"]},{"@type":"Person","@id":"https:\/\/sudoesteacontece.com.br\/#\/schema\/person\/3cf2cf009926a9683ebc29d5379fa79c","name":"Washington Tiago","image":{"@type":"ImageObject","inLanguage":"pt-BR","@id":"https:\/\/sudoesteacontece.com.br\/#\/schema\/person\/image\/","url":"https:\/\/secure.gravatar.com\/avatar\/33c43b8668157e040f9d1fe93c354bf087cbd8ba36270c1163198bd3ddcf2a56?s=96&d=mm&r=g","contentUrl":"https:\/\/secure.gravatar.com\/avatar\/33c43b8668157e040f9d1fe93c354bf087cbd8ba36270c1163198bd3ddcf2a56?s=96&d=mm&r=g","caption":"Washington Tiago"},"url":"https:\/\/sudoesteacontece.com.br\/?author=2"}]}},"_links":{"self":[{"href":"https:\/\/sudoesteacontece.com.br\/index.php?rest_route=\/wp\/v2\/posts\/10283","targetHints":{"allow":["GET"]}}],"collection":[{"href":"https:\/\/sudoesteacontece.com.br\/index.php?rest_route=\/wp\/v2\/posts"}],"about":[{"href":"https:\/\/sudoesteacontece.com.br\/index.php?rest_route=\/wp\/v2\/types\/post"}],"author":[{"embeddable":true,"href":"https:\/\/sudoesteacontece.com.br\/index.php?rest_route=\/wp\/v2\/users\/2"}],"replies":[{"embeddable":true,"href":"https:\/\/sudoesteacontece.com.br\/index.php?rest_route=%2Fwp%2Fv2%2Fcomments&post=10283"}],"version-history":[{"count":0,"href":"https:\/\/sudoesteacontece.com.br\/index.php?rest_route=\/wp\/v2\/posts\/10283\/revisions"}],"wp:attachment":[{"href":"https:\/\/sudoesteacontece.com.br\/index.php?rest_route=%2Fwp%2Fv2%2Fmedia&parent=10283"}],"wp:term":[{"taxonomy":"category","embeddable":true,"href":"https:\/\/sudoesteacontece.com.br\/index.php?rest_route=%2Fwp%2Fv2%2Fcategories&post=10283"},{"taxonomy":"post_tag","embeddable":true,"href":"https:\/\/sudoesteacontece.com.br\/index.php?rest_route=%2Fwp%2Fv2%2Ftags&post=10283"}],"curies":[{"name":"wp","href":"https:\/\/api.w.org\/{rel}","templated":true}]}}