{"id":10287,"date":"2026-03-13T13:06:48","date_gmt":"2026-03-13T16:06:48","guid":{"rendered":"https:\/\/sudoesteacontece.com.br\/?p=10287"},"modified":"2026-03-13T13:06:52","modified_gmt":"2026-03-13T16:06:52","slug":"campanha-a-reeleicao-de-lula-comeca-a-ganhar-forma-com-dois-baianos-em-posicoes-chave","status":"publish","type":"post","link":"https:\/\/sudoesteacontece.com.br\/?p=10287","title":{"rendered":"Campanha \u00e0 reelei\u00e7\u00e3o de Lula come\u00e7a a ganhar forma com dois baianos em posi\u00e7\u00f5es-chave"},"content":{"rendered":"<div class=\"wp-block-image\">\n<figure class=\"aligncenter size-full\"><img fetchpriority=\"high\" decoding=\"async\" width=\"900\" height=\"600\" src=\"http:\/\/sudoesteacontece.com.br\/wp-content\/uploads\/2026\/01\/Lula-demonstra-preocupacao-com-falas-de-Trump-sobre-Colombia-e-Cuba-e-ve-vice-no-comando-da-Venezuela-sudoeste-acontece.jpg\" alt=\"\" class=\"wp-image-5349\" srcset=\"https:\/\/sudoesteacontece.com.br\/wp-content\/uploads\/2026\/01\/Lula-demonstra-preocupacao-com-falas-de-Trump-sobre-Colombia-e-Cuba-e-ve-vice-no-comando-da-Venezuela-sudoeste-acontece.jpg 900w, https:\/\/sudoesteacontece.com.br\/wp-content\/uploads\/2026\/01\/Lula-demonstra-preocupacao-com-falas-de-Trump-sobre-Colombia-e-Cuba-e-ve-vice-no-comando-da-Venezuela-sudoeste-acontece-300x200.jpg 300w, https:\/\/sudoesteacontece.com.br\/wp-content\/uploads\/2026\/01\/Lula-demonstra-preocupacao-com-falas-de-Trump-sobre-Colombia-e-Cuba-e-ve-vice-no-comando-da-Venezuela-sudoeste-acontece-768x512.jpg 768w\" sizes=\"(max-width: 900px) 100vw, 900px\" \/><\/figure>\n<\/div>\n\n\n<p>Forma\u00e7\u00e3o da equipe que comandar\u00e1 a campanha \u00e0 reelei\u00e7\u00e3o do presidente Luiz In\u00e1cio Lula da Silva (PT) em 2026 come\u00e7a a ser definida em Bras\u00edlia. Lista \u00e9 dominada por paulistas, mas dois baianos foram confirmados em posi\u00e7\u00f5es estrat\u00e9gicas, mostrando a for\u00e7a pol\u00edtica da Bahia no projeto nacional do partido.<\/p>\n\n\n\n<p>Comando geral da campanha ficar\u00e1 sob responsabilidade de Edinho Silva, presidente do PT, paulista de confian\u00e7a do presidente. Grupo inclui integrantes da \u201cvelha guarda\u201d petista e pessoas pr\u00f3ximas de Lula, alguns afastados nos \u00faltimos anos. Estrutura j\u00e1 come\u00e7a a definir fun\u00e7\u00f5es estrat\u00e9gicas, com foco em mobiliza\u00e7\u00e3o e comunica\u00e7\u00e3o.<\/p>\n\n\n\n<p>Paulo Okamotto, ex-presidente da Funda\u00e7\u00e3o Perseu Abramo, ficar\u00e1 \u00e0 frente da articula\u00e7\u00e3o dos comit\u00eas populares e da presen\u00e7a digital da campanha. Aloizio Mercadante cuidar\u00e1 da \u00e1rea econ\u00f4mica, e Jos\u00e9 Filippi Jr., ex-prefeito de Diadema (SP), assumir\u00e1 a tesouraria. Todos t\u00eam hist\u00f3rico consolidado no partido e experi\u00eancia em campanhas anteriores.<\/p>\n\n\n\n<p>Agenda pol\u00edtica do presidente ser\u00e1 organizada por Gilberto Carvalho, do Paran\u00e1, que atuou nos dois primeiros mandatos de Lula. Mobiliza\u00e7\u00e3o nos estados ficar\u00e1 sob M\u00f4nica Valente, secret\u00e1ria-executiva do PT nacional, paulista. O grupo ainda poder\u00e1 ser ampliado com outros nomes de destaque, refor\u00e7ando a coordena\u00e7\u00e3o eleitoral.<\/p>\n\n\n\n<p>Entre os baianos confirmados est\u00e1 Jos\u00e9 Sergio Gabrielli, ex-presidente da Petrobras e de Salvador, respons\u00e1vel pela elabora\u00e7\u00e3o do programa de governo. Outro baiano \u00e9 o marqueteiro Raul Rabelo, tamb\u00e9m de Salvador, s\u00f3cio do secret\u00e1rio de Comunica\u00e7\u00e3o Social Sid\u00f4nio Palmeira, que permanecer\u00e1 no governo durante a campanha.<\/p>\n\n\n\n<p>Raul Rabelo tem fortes v\u00ednculos pol\u00edticos na Bahia: filho do advogado Vandilson Costa, ex-deputado estadual, e sobrinho do ex-vice-prefeito Hugo Costa e do vereador Paulo Costa, todos de Guanambi. Presen\u00e7a dos baianos refor\u00e7a influ\u00eancia regional na estrat\u00e9gia nacional e amplia articula\u00e7\u00e3o pol\u00edtica do PT na campanha de 2026.<\/p>\n","protected":false},"excerpt":{"rendered":"<p>Forma\u00e7\u00e3o da equipe que comandar\u00e1 a campanha \u00e0 reelei\u00e7\u00e3o do presidente Luiz In\u00e1cio Lula da Silva (PT) em 2026 come\u00e7a a ser definida em Bras\u00edlia. Lista \u00e9 dominada por paulistas, mas dois baianos foram confirmados em posi\u00e7\u00f5es estrat\u00e9gicas, mostrando a for\u00e7a pol\u00edtica da Bahia no projeto nacional do partido. Comando geral da campanha ficar\u00e1 sob responsabilidade de Edinho Silva, presidente do PT, paulista de confian\u00e7a do presidente. Grupo inclui integrantes da \u201cvelha guarda\u201d petista e pessoas pr\u00f3ximas de Lula, alguns afastados nos \u00faltimos anos. Estrutura j\u00e1 come\u00e7a a definir fun\u00e7\u00f5es estrat\u00e9gicas, com foco em mobiliza\u00e7\u00e3o e comunica\u00e7\u00e3o. Paulo Okamotto, ex-presidente da Funda\u00e7\u00e3o Perseu Abramo, ficar\u00e1 \u00e0 frente da articula\u00e7\u00e3o dos comit\u00eas populares e da presen\u00e7a digital da campanha. Aloizio Mercadante cuidar\u00e1 da \u00e1rea econ\u00f4mica, e Jos\u00e9 Filippi Jr., ex-prefeito de Diadema (SP), assumir\u00e1 a tesouraria. Todos t\u00eam hist\u00f3rico consolidado no partido e experi\u00eancia em campanhas anteriores. Agenda pol\u00edtica do presidente ser\u00e1 organizada por Gilberto Carvalho, do Paran\u00e1, que atuou nos dois primeiros mandatos de Lula. Mobiliza\u00e7\u00e3o nos estados ficar\u00e1 sob M\u00f4nica Valente, secret\u00e1ria-executiva do PT nacional, paulista. O grupo ainda poder\u00e1 ser ampliado com outros nomes de destaque, refor\u00e7ando a coordena\u00e7\u00e3o eleitoral. Entre os baianos confirmados est\u00e1 Jos\u00e9 Sergio Gabrielli, ex-presidente da Petrobras e de Salvador, respons\u00e1vel pela elabora\u00e7\u00e3o do programa de governo. Outro baiano \u00e9 o marqueteiro Raul Rabelo, tamb\u00e9m de Salvador, s\u00f3cio do secret\u00e1rio de Comunica\u00e7\u00e3o Social Sid\u00f4nio Palmeira, que permanecer\u00e1 no governo durante a campanha. Raul Rabelo tem fortes v\u00ednculos pol\u00edticos na Bahia: filho do advogado Vandilson Costa, ex-deputado estadual, e sobrinho do ex-vice-prefeito Hugo Costa e do vereador Paulo Costa, todos de Guanambi. Presen\u00e7a dos baianos refor\u00e7a influ\u00eancia regional na estrat\u00e9gia nacional e amplia articula\u00e7\u00e3o pol\u00edtica do PT na campanha de 2026.<\/p>\n","protected":false},"author":2,"featured_media":0,"comment_status":"open","ping_status":"open","sticky":false,"template":"","format":"standard","meta":{"footnotes":""},"categories":[53,58],"tags":[],"class_list":["post-10287","post","type-post","status-publish","format-standard","hentry","category-brasil","category-eleicoes-2026"],"yoast_head":"<!-- This site is optimized with the Yoast SEO plugin v26.5 - https:\/\/yoast.com\/wordpress\/plugins\/seo\/ -->\n<title>Campanha \u00e0 reelei\u00e7\u00e3o de Lula come\u00e7a a ganhar forma com dois baianos em posi\u00e7\u00f5es-chave - Sudoesteacontece<\/title>\n<meta name=\"robots\" content=\"index, follow, max-snippet:-1, max-image-preview:large, max-video-preview:-1\" \/>\n<link rel=\"canonical\" href=\"https:\/\/sudoesteacontece.com.br\/?p=10287\" \/>\n<meta property=\"og:locale\" content=\"pt_BR\" \/>\n<meta property=\"og:type\" content=\"article\" \/>\n<meta property=\"og:title\" content=\"Campanha \u00e0 reelei\u00e7\u00e3o de Lula come\u00e7a a ganhar forma com dois baianos em posi\u00e7\u00f5es-chave - Sudoesteacontece\" \/>\n<meta property=\"og:description\" content=\"Forma\u00e7\u00e3o da equipe que comandar\u00e1 a campanha \u00e0 reelei\u00e7\u00e3o do presidente Luiz In\u00e1cio Lula da Silva (PT) em 2026 come\u00e7a a ser definida em Bras\u00edlia. Lista \u00e9 dominada por paulistas, mas dois baianos foram confirmados em posi\u00e7\u00f5es estrat\u00e9gicas, mostrando a for\u00e7a pol\u00edtica da Bahia no projeto nacional do partido. Comando geral da campanha ficar\u00e1 sob responsabilidade de Edinho Silva, presidente do PT, paulista de confian\u00e7a do presidente. Grupo inclui integrantes da \u201cvelha guarda\u201d petista e pessoas pr\u00f3ximas de Lula, alguns afastados nos \u00faltimos anos. Estrutura j\u00e1 come\u00e7a a definir fun\u00e7\u00f5es estrat\u00e9gicas, com foco em mobiliza\u00e7\u00e3o e comunica\u00e7\u00e3o. Paulo Okamotto, ex-presidente da Funda\u00e7\u00e3o Perseu Abramo, ficar\u00e1 \u00e0 frente da articula\u00e7\u00e3o dos comit\u00eas populares e da presen\u00e7a digital da campanha. Aloizio Mercadante cuidar\u00e1 da \u00e1rea econ\u00f4mica, e Jos\u00e9 Filippi Jr., ex-prefeito de Diadema (SP), assumir\u00e1 a tesouraria. Todos t\u00eam hist\u00f3rico consolidado no partido e experi\u00eancia em campanhas anteriores. Agenda pol\u00edtica do presidente ser\u00e1 organizada por Gilberto Carvalho, do Paran\u00e1, que atuou nos dois primeiros mandatos de Lula. Mobiliza\u00e7\u00e3o nos estados ficar\u00e1 sob M\u00f4nica Valente, secret\u00e1ria-executiva do PT nacional, paulista. O grupo ainda poder\u00e1 ser ampliado com outros nomes de destaque, refor\u00e7ando a coordena\u00e7\u00e3o eleitoral. Entre os baianos confirmados est\u00e1 Jos\u00e9 Sergio Gabrielli, ex-presidente da Petrobras e de Salvador, respons\u00e1vel pela elabora\u00e7\u00e3o do programa de governo. Outro baiano \u00e9 o marqueteiro Raul Rabelo, tamb\u00e9m de Salvador, s\u00f3cio do secret\u00e1rio de Comunica\u00e7\u00e3o Social Sid\u00f4nio Palmeira, que permanecer\u00e1 no governo durante a campanha. Raul Rabelo tem fortes v\u00ednculos pol\u00edticos na Bahia: filho do advogado Vandilson Costa, ex-deputado estadual, e sobrinho do ex-vice-prefeito Hugo Costa e do vereador Paulo Costa, todos de Guanambi. Presen\u00e7a dos baianos refor\u00e7a influ\u00eancia regional na estrat\u00e9gia nacional e amplia articula\u00e7\u00e3o pol\u00edtica do PT na campanha de 2026.\" \/>\n<meta property=\"og:url\" content=\"https:\/\/sudoesteacontece.com.br\/?p=10287\" \/>\n<meta property=\"og:site_name\" content=\"Sudoesteacontece\" \/>\n<meta property=\"article:publisher\" content=\"https:\/\/www.facebook.com\/sudoesteacontece\/?locale=pt_BR\" \/>\n<meta property=\"article:published_time\" content=\"2026-03-13T16:06:48+00:00\" \/>\n<meta property=\"article:modified_time\" content=\"2026-03-13T16:06:52+00:00\" \/>\n<meta property=\"og:image\" content=\"http:\/\/sudoesteacontece.com.br\/wp-content\/uploads\/2026\/01\/Lula-demonstra-preocupacao-com-falas-de-Trump-sobre-Colombia-e-Cuba-e-ve-vice-no-comando-da-Venezuela-sudoeste-acontece.jpg\" \/>\n<meta name=\"author\" content=\"Washington Tiago\" \/>\n<meta name=\"twitter:card\" content=\"summary_large_image\" \/>\n<meta name=\"twitter:label1\" content=\"Escrito por\" \/>\n\t<meta name=\"twitter:data1\" content=\"Washington Tiago\" \/>\n\t<meta name=\"twitter:label2\" content=\"Est. tempo de leitura\" \/>\n\t<meta name=\"twitter:data2\" content=\"2 minutos\" \/>\n<script type=\"application\/ld+json\" class=\"yoast-schema-graph\">{\"@context\":\"https:\/\/schema.org\",\"@graph\":[{\"@type\":\"Article\",\"@id\":\"https:\/\/sudoesteacontece.com.br\/?p=10287#article\",\"isPartOf\":{\"@id\":\"https:\/\/sudoesteacontece.com.br\/?p=10287\"},\"author\":{\"name\":\"Washington Tiago\",\"@id\":\"https:\/\/sudoesteacontece.com.br\/#\/schema\/person\/3cf2cf009926a9683ebc29d5379fa79c\"},\"headline\":\"Campanha \u00e0 reelei\u00e7\u00e3o de Lula come\u00e7a a ganhar forma com dois baianos em posi\u00e7\u00f5es-chave\",\"datePublished\":\"2026-03-13T16:06:48+00:00\",\"dateModified\":\"2026-03-13T16:06:52+00:00\",\"mainEntityOfPage\":{\"@id\":\"https:\/\/sudoesteacontece.com.br\/?p=10287\"},\"wordCount\":341,\"commentCount\":0,\"publisher\":{\"@id\":\"https:\/\/sudoesteacontece.com.br\/#organization\"},\"image\":{\"@id\":\"https:\/\/sudoesteacontece.com.br\/?p=10287#primaryimage\"},\"thumbnailUrl\":\"http:\/\/sudoesteacontece.com.br\/wp-content\/uploads\/2026\/01\/Lula-demonstra-preocupacao-com-falas-de-Trump-sobre-Colombia-e-Cuba-e-ve-vice-no-comando-da-Venezuela-sudoeste-acontece.jpg\",\"articleSection\":[\"Brasil\",\"Elei\u00e7\u00f5es 2026\"],\"inLanguage\":\"pt-BR\",\"potentialAction\":[{\"@type\":\"CommentAction\",\"name\":\"Comment\",\"target\":[\"https:\/\/sudoesteacontece.com.br\/?p=10287#respond\"]}]},{\"@type\":\"WebPage\",\"@id\":\"https:\/\/sudoesteacontece.com.br\/?p=10287\",\"url\":\"https:\/\/sudoesteacontece.com.br\/?p=10287\",\"name\":\"Campanha \u00e0 reelei\u00e7\u00e3o de Lula come\u00e7a a ganhar forma com dois baianos em posi\u00e7\u00f5es-chave - Sudoesteacontece\",\"isPartOf\":{\"@id\":\"https:\/\/sudoesteacontece.com.br\/#website\"},\"primaryImageOfPage\":{\"@id\":\"https:\/\/sudoesteacontece.com.br\/?p=10287#primaryimage\"},\"image\":{\"@id\":\"https:\/\/sudoesteacontece.com.br\/?p=10287#primaryimage\"},\"thumbnailUrl\":\"http:\/\/sudoesteacontece.com.br\/wp-content\/uploads\/2026\/01\/Lula-demonstra-preocupacao-com-falas-de-Trump-sobre-Colombia-e-Cuba-e-ve-vice-no-comando-da-Venezuela-sudoeste-acontece.jpg\",\"datePublished\":\"2026-03-13T16:06:48+00:00\",\"dateModified\":\"2026-03-13T16:06:52+00:00\",\"breadcrumb\":{\"@id\":\"https:\/\/sudoesteacontece.com.br\/?p=10287#breadcrumb\"},\"inLanguage\":\"pt-BR\",\"potentialAction\":[{\"@type\":\"ReadAction\",\"target\":[\"https:\/\/sudoesteacontece.com.br\/?p=10287\"]}]},{\"@type\":\"ImageObject\",\"inLanguage\":\"pt-BR\",\"@id\":\"https:\/\/sudoesteacontece.com.br\/?p=10287#primaryimage\",\"url\":\"https:\/\/sudoesteacontece.com.br\/wp-content\/uploads\/2026\/01\/Lula-demonstra-preocupacao-com-falas-de-Trump-sobre-Colombia-e-Cuba-e-ve-vice-no-comando-da-Venezuela-sudoeste-acontece.jpg\",\"contentUrl\":\"https:\/\/sudoesteacontece.com.br\/wp-content\/uploads\/2026\/01\/Lula-demonstra-preocupacao-com-falas-de-Trump-sobre-Colombia-e-Cuba-e-ve-vice-no-comando-da-Venezuela-sudoeste-acontece.jpg\",\"width\":900,\"height\":600},{\"@type\":\"BreadcrumbList\",\"@id\":\"https:\/\/sudoesteacontece.com.br\/?p=10287#breadcrumb\",\"itemListElement\":[{\"@type\":\"ListItem\",\"position\":1,\"name\":\"In\u00edcio\",\"item\":\"https:\/\/sudoesteacontece.com.br\/\"},{\"@type\":\"ListItem\",\"position\":2,\"name\":\"Campanha \u00e0 reelei\u00e7\u00e3o de Lula come\u00e7a a ganhar forma com dois baianos em posi\u00e7\u00f5es-chave\"}]},{\"@type\":\"WebSite\",\"@id\":\"https:\/\/sudoesteacontece.com.br\/#website\",\"url\":\"https:\/\/sudoesteacontece.com.br\/\",\"name\":\"Sudoesteacontece\",\"description\":\"\",\"publisher\":{\"@id\":\"https:\/\/sudoesteacontece.com.br\/#organization\"},\"potentialAction\":[{\"@type\":\"SearchAction\",\"target\":{\"@type\":\"EntryPoint\",\"urlTemplate\":\"https:\/\/sudoesteacontece.com.br\/?s={search_term_string}\"},\"query-input\":{\"@type\":\"PropertyValueSpecification\",\"valueRequired\":true,\"valueName\":\"search_term_string\"}}],\"inLanguage\":\"pt-BR\"},{\"@type\":\"Organization\",\"@id\":\"https:\/\/sudoesteacontece.com.br\/#organization\",\"name\":\"Sudoesteacontece\",\"url\":\"https:\/\/sudoesteacontece.com.br\/\",\"logo\":{\"@type\":\"ImageObject\",\"inLanguage\":\"pt-BR\",\"@id\":\"https:\/\/sudoesteacontece.com.br\/#\/schema\/logo\/image\/\",\"url\":\"https:\/\/sudoesteacontece.com.br\/wp-content\/uploads\/2025\/12\/cropped-logo-2-180x180-1.png\",\"contentUrl\":\"https:\/\/sudoesteacontece.com.br\/wp-content\/uploads\/2025\/12\/cropped-logo-2-180x180-1.png\",\"width\":180,\"height\":180,\"caption\":\"Sudoesteacontece\"},\"image\":{\"@id\":\"https:\/\/sudoesteacontece.com.br\/#\/schema\/logo\/image\/\"},\"sameAs\":[\"https:\/\/www.facebook.com\/sudoesteacontece\/?locale=pt_BR\"]},{\"@type\":\"Person\",\"@id\":\"https:\/\/sudoesteacontece.com.br\/#\/schema\/person\/3cf2cf009926a9683ebc29d5379fa79c\",\"name\":\"Washington Tiago\",\"image\":{\"@type\":\"ImageObject\",\"inLanguage\":\"pt-BR\",\"@id\":\"https:\/\/sudoesteacontece.com.br\/#\/schema\/person\/image\/\",\"url\":\"https:\/\/secure.gravatar.com\/avatar\/33c43b8668157e040f9d1fe93c354bf087cbd8ba36270c1163198bd3ddcf2a56?s=96&d=mm&r=g\",\"contentUrl\":\"https:\/\/secure.gravatar.com\/avatar\/33c43b8668157e040f9d1fe93c354bf087cbd8ba36270c1163198bd3ddcf2a56?s=96&d=mm&r=g\",\"caption\":\"Washington Tiago\"},\"url\":\"https:\/\/sudoesteacontece.com.br\/?author=2\"}]}<\/script>\n<!-- \/ Yoast SEO plugin. -->","yoast_head_json":{"title":"Campanha \u00e0 reelei\u00e7\u00e3o de Lula come\u00e7a a ganhar forma com dois baianos em posi\u00e7\u00f5es-chave - Sudoesteacontece","robots":{"index":"index","follow":"follow","max-snippet":"max-snippet:-1","max-image-preview":"max-image-preview:large","max-video-preview":"max-video-preview:-1"},"canonical":"https:\/\/sudoesteacontece.com.br\/?p=10287","og_locale":"pt_BR","og_type":"article","og_title":"Campanha \u00e0 reelei\u00e7\u00e3o de Lula come\u00e7a a ganhar forma com dois baianos em posi\u00e7\u00f5es-chave - Sudoesteacontece","og_description":"Forma\u00e7\u00e3o da equipe que comandar\u00e1 a campanha \u00e0 reelei\u00e7\u00e3o do presidente Luiz In\u00e1cio Lula da Silva (PT) em 2026 come\u00e7a a ser definida em Bras\u00edlia. Lista \u00e9 dominada por paulistas, mas dois baianos foram confirmados em posi\u00e7\u00f5es estrat\u00e9gicas, mostrando a for\u00e7a pol\u00edtica da Bahia no projeto nacional do partido. Comando geral da campanha ficar\u00e1 sob responsabilidade de Edinho Silva, presidente do PT, paulista de confian\u00e7a do presidente. Grupo inclui integrantes da \u201cvelha guarda\u201d petista e pessoas pr\u00f3ximas de Lula, alguns afastados nos \u00faltimos anos. Estrutura j\u00e1 come\u00e7a a definir fun\u00e7\u00f5es estrat\u00e9gicas, com foco em mobiliza\u00e7\u00e3o e comunica\u00e7\u00e3o. Paulo Okamotto, ex-presidente da Funda\u00e7\u00e3o Perseu Abramo, ficar\u00e1 \u00e0 frente da articula\u00e7\u00e3o dos comit\u00eas populares e da presen\u00e7a digital da campanha. Aloizio Mercadante cuidar\u00e1 da \u00e1rea econ\u00f4mica, e Jos\u00e9 Filippi Jr., ex-prefeito de Diadema (SP), assumir\u00e1 a tesouraria. Todos t\u00eam hist\u00f3rico consolidado no partido e experi\u00eancia em campanhas anteriores. Agenda pol\u00edtica do presidente ser\u00e1 organizada por Gilberto Carvalho, do Paran\u00e1, que atuou nos dois primeiros mandatos de Lula. Mobiliza\u00e7\u00e3o nos estados ficar\u00e1 sob M\u00f4nica Valente, secret\u00e1ria-executiva do PT nacional, paulista. O grupo ainda poder\u00e1 ser ampliado com outros nomes de destaque, refor\u00e7ando a coordena\u00e7\u00e3o eleitoral. Entre os baianos confirmados est\u00e1 Jos\u00e9 Sergio Gabrielli, ex-presidente da Petrobras e de Salvador, respons\u00e1vel pela elabora\u00e7\u00e3o do programa de governo. Outro baiano \u00e9 o marqueteiro Raul Rabelo, tamb\u00e9m de Salvador, s\u00f3cio do secret\u00e1rio de Comunica\u00e7\u00e3o Social Sid\u00f4nio Palmeira, que permanecer\u00e1 no governo durante a campanha. Raul Rabelo tem fortes v\u00ednculos pol\u00edticos na Bahia: filho do advogado Vandilson Costa, ex-deputado estadual, e sobrinho do ex-vice-prefeito Hugo Costa e do vereador Paulo Costa, todos de Guanambi. Presen\u00e7a dos baianos refor\u00e7a influ\u00eancia regional na estrat\u00e9gia nacional e amplia articula\u00e7\u00e3o pol\u00edtica do PT na campanha de 2026.","og_url":"https:\/\/sudoesteacontece.com.br\/?p=10287","og_site_name":"Sudoesteacontece","article_publisher":"https:\/\/www.facebook.com\/sudoesteacontece\/?locale=pt_BR","article_published_time":"2026-03-13T16:06:48+00:00","article_modified_time":"2026-03-13T16:06:52+00:00","og_image":[{"url":"http:\/\/sudoesteacontece.com.br\/wp-content\/uploads\/2026\/01\/Lula-demonstra-preocupacao-com-falas-de-Trump-sobre-Colombia-e-Cuba-e-ve-vice-no-comando-da-Venezuela-sudoeste-acontece.jpg","type":"","width":"","height":""}],"author":"Washington Tiago","twitter_card":"summary_large_image","twitter_misc":{"Escrito por":"Washington Tiago","Est. tempo de leitura":"2 minutos"},"schema":{"@context":"https:\/\/schema.org","@graph":[{"@type":"Article","@id":"https:\/\/sudoesteacontece.com.br\/?p=10287#article","isPartOf":{"@id":"https:\/\/sudoesteacontece.com.br\/?p=10287"},"author":{"name":"Washington Tiago","@id":"https:\/\/sudoesteacontece.com.br\/#\/schema\/person\/3cf2cf009926a9683ebc29d5379fa79c"},"headline":"Campanha \u00e0 reelei\u00e7\u00e3o de Lula come\u00e7a a ganhar forma com dois baianos em posi\u00e7\u00f5es-chave","datePublished":"2026-03-13T16:06:48+00:00","dateModified":"2026-03-13T16:06:52+00:00","mainEntityOfPage":{"@id":"https:\/\/sudoesteacontece.com.br\/?p=10287"},"wordCount":341,"commentCount":0,"publisher":{"@id":"https:\/\/sudoesteacontece.com.br\/#organization"},"image":{"@id":"https:\/\/sudoesteacontece.com.br\/?p=10287#primaryimage"},"thumbnailUrl":"http:\/\/sudoesteacontece.com.br\/wp-content\/uploads\/2026\/01\/Lula-demonstra-preocupacao-com-falas-de-Trump-sobre-Colombia-e-Cuba-e-ve-vice-no-comando-da-Venezuela-sudoeste-acontece.jpg","articleSection":["Brasil","Elei\u00e7\u00f5es 2026"],"inLanguage":"pt-BR","potentialAction":[{"@type":"CommentAction","name":"Comment","target":["https:\/\/sudoesteacontece.com.br\/?p=10287#respond"]}]},{"@type":"WebPage","@id":"https:\/\/sudoesteacontece.com.br\/?p=10287","url":"https:\/\/sudoesteacontece.com.br\/?p=10287","name":"Campanha \u00e0 reelei\u00e7\u00e3o de Lula come\u00e7a a ganhar forma com dois baianos em posi\u00e7\u00f5es-chave - Sudoesteacontece","isPartOf":{"@id":"https:\/\/sudoesteacontece.com.br\/#website"},"primaryImageOfPage":{"@id":"https:\/\/sudoesteacontece.com.br\/?p=10287#primaryimage"},"image":{"@id":"https:\/\/sudoesteacontece.com.br\/?p=10287#primaryimage"},"thumbnailUrl":"http:\/\/sudoesteacontece.com.br\/wp-content\/uploads\/2026\/01\/Lula-demonstra-preocupacao-com-falas-de-Trump-sobre-Colombia-e-Cuba-e-ve-vice-no-comando-da-Venezuela-sudoeste-acontece.jpg","datePublished":"2026-03-13T16:06:48+00:00","dateModified":"2026-03-13T16:06:52+00:00","breadcrumb":{"@id":"https:\/\/sudoesteacontece.com.br\/?p=10287#breadcrumb"},"inLanguage":"pt-BR","potentialAction":[{"@type":"ReadAction","target":["https:\/\/sudoesteacontece.com.br\/?p=10287"]}]},{"@type":"ImageObject","inLanguage":"pt-BR","@id":"https:\/\/sudoesteacontece.com.br\/?p=10287#primaryimage","url":"https:\/\/sudoesteacontece.com.br\/wp-content\/uploads\/2026\/01\/Lula-demonstra-preocupacao-com-falas-de-Trump-sobre-Colombia-e-Cuba-e-ve-vice-no-comando-da-Venezuela-sudoeste-acontece.jpg","contentUrl":"https:\/\/sudoesteacontece.com.br\/wp-content\/uploads\/2026\/01\/Lula-demonstra-preocupacao-com-falas-de-Trump-sobre-Colombia-e-Cuba-e-ve-vice-no-comando-da-Venezuela-sudoeste-acontece.jpg","width":900,"height":600},{"@type":"BreadcrumbList","@id":"https:\/\/sudoesteacontece.com.br\/?p=10287#breadcrumb","itemListElement":[{"@type":"ListItem","position":1,"name":"In\u00edcio","item":"https:\/\/sudoesteacontece.com.br\/"},{"@type":"ListItem","position":2,"name":"Campanha \u00e0 reelei\u00e7\u00e3o de Lula come\u00e7a a ganhar forma com dois baianos em posi\u00e7\u00f5es-chave"}]},{"@type":"WebSite","@id":"https:\/\/sudoesteacontece.com.br\/#website","url":"https:\/\/sudoesteacontece.com.br\/","name":"Sudoesteacontece","description":"","publisher":{"@id":"https:\/\/sudoesteacontece.com.br\/#organization"},"potentialAction":[{"@type":"SearchAction","target":{"@type":"EntryPoint","urlTemplate":"https:\/\/sudoesteacontece.com.br\/?s={search_term_string}"},"query-input":{"@type":"PropertyValueSpecification","valueRequired":true,"valueName":"search_term_string"}}],"inLanguage":"pt-BR"},{"@type":"Organization","@id":"https:\/\/sudoesteacontece.com.br\/#organization","name":"Sudoesteacontece","url":"https:\/\/sudoesteacontece.com.br\/","logo":{"@type":"ImageObject","inLanguage":"pt-BR","@id":"https:\/\/sudoesteacontece.com.br\/#\/schema\/logo\/image\/","url":"https:\/\/sudoesteacontece.com.br\/wp-content\/uploads\/2025\/12\/cropped-logo-2-180x180-1.png","contentUrl":"https:\/\/sudoesteacontece.com.br\/wp-content\/uploads\/2025\/12\/cropped-logo-2-180x180-1.png","width":180,"height":180,"caption":"Sudoesteacontece"},"image":{"@id":"https:\/\/sudoesteacontece.com.br\/#\/schema\/logo\/image\/"},"sameAs":["https:\/\/www.facebook.com\/sudoesteacontece\/?locale=pt_BR"]},{"@type":"Person","@id":"https:\/\/sudoesteacontece.com.br\/#\/schema\/person\/3cf2cf009926a9683ebc29d5379fa79c","name":"Washington Tiago","image":{"@type":"ImageObject","inLanguage":"pt-BR","@id":"https:\/\/sudoesteacontece.com.br\/#\/schema\/person\/image\/","url":"https:\/\/secure.gravatar.com\/avatar\/33c43b8668157e040f9d1fe93c354bf087cbd8ba36270c1163198bd3ddcf2a56?s=96&d=mm&r=g","contentUrl":"https:\/\/secure.gravatar.com\/avatar\/33c43b8668157e040f9d1fe93c354bf087cbd8ba36270c1163198bd3ddcf2a56?s=96&d=mm&r=g","caption":"Washington Tiago"},"url":"https:\/\/sudoesteacontece.com.br\/?author=2"}]}},"_links":{"self":[{"href":"https:\/\/sudoesteacontece.com.br\/index.php?rest_route=\/wp\/v2\/posts\/10287","targetHints":{"allow":["GET"]}}],"collection":[{"href":"https:\/\/sudoesteacontece.com.br\/index.php?rest_route=\/wp\/v2\/posts"}],"about":[{"href":"https:\/\/sudoesteacontece.com.br\/index.php?rest_route=\/wp\/v2\/types\/post"}],"author":[{"embeddable":true,"href":"https:\/\/sudoesteacontece.com.br\/index.php?rest_route=\/wp\/v2\/users\/2"}],"replies":[{"embeddable":true,"href":"https:\/\/sudoesteacontece.com.br\/index.php?rest_route=%2Fwp%2Fv2%2Fcomments&post=10287"}],"version-history":[{"count":0,"href":"https:\/\/sudoesteacontece.com.br\/index.php?rest_route=\/wp\/v2\/posts\/10287\/revisions"}],"wp:attachment":[{"href":"https:\/\/sudoesteacontece.com.br\/index.php?rest_route=%2Fwp%2Fv2%2Fmedia&parent=10287"}],"wp:term":[{"taxonomy":"category","embeddable":true,"href":"https:\/\/sudoesteacontece.com.br\/index.php?rest_route=%2Fwp%2Fv2%2Fcategories&post=10287"},{"taxonomy":"post_tag","embeddable":true,"href":"https:\/\/sudoesteacontece.com.br\/index.php?rest_route=%2Fwp%2Fv2%2Ftags&post=10287"}],"curies":[{"name":"wp","href":"https:\/\/api.w.org\/{rel}","templated":true}]}}