{"id":10288,"date":"2026-03-13T13:08:59","date_gmt":"2026-03-13T16:08:59","guid":{"rendered":"https:\/\/sudoesteacontece.com.br\/?p=10288"},"modified":"2026-03-13T13:09:05","modified_gmt":"2026-03-13T16:09:05","slug":"jovem-e-preso-suspeito-de-estupro-de-vulneravel-em-palmas-de-monte-alto","status":"publish","type":"post","link":"https:\/\/sudoesteacontece.com.br\/?p=10288","title":{"rendered":"Jovem \u00e9 preso suspeito de estupro de vulner\u00e1vel em Palmas de Monte Alto"},"content":{"rendered":"<div class=\"wp-block-image\">\n<figure class=\"aligncenter size-full\"><img fetchpriority=\"high\" decoding=\"async\" width=\"900\" height=\"600\" src=\"http:\/\/sudoesteacontece.com.br\/wp-content\/uploads\/2026\/03\/Jovem-e-preso-suspeito-de-estupro-de-vulneravel-em-Palmas-de-Monte-Alto.jpg\" alt=\"\" class=\"wp-image-10298\" srcset=\"https:\/\/sudoesteacontece.com.br\/wp-content\/uploads\/2026\/03\/Jovem-e-preso-suspeito-de-estupro-de-vulneravel-em-Palmas-de-Monte-Alto.jpg 900w, https:\/\/sudoesteacontece.com.br\/wp-content\/uploads\/2026\/03\/Jovem-e-preso-suspeito-de-estupro-de-vulneravel-em-Palmas-de-Monte-Alto-300x200.jpg 300w, https:\/\/sudoesteacontece.com.br\/wp-content\/uploads\/2026\/03\/Jovem-e-preso-suspeito-de-estupro-de-vulneravel-em-Palmas-de-Monte-Alto-768x512.jpg 768w\" sizes=\"(max-width: 900px) 100vw, 900px\" \/><\/figure>\n<\/div>\n\n\n<p>Pol\u00edcia prendeu nesta quinta-feira (12) um jovem de 19 anos suspeito de estupro de vulner\u00e1vel em Palmas de Monte Alto, sudoeste da Bahia. O homem, identificado pelas iniciais H. D. J., foi detido em sua resid\u00eancia no bairro Nova Palmas pela 22\u00aa Coordenadoria Regional de Pol\u00edcia do Interior (Coorpin) e Delegacia local.<\/p>\n\n\n\n<p>Segundo a Pol\u00edcia Civil, o suspeito \u00e9 investigado por manter um relacionamento com uma adolescente de 15 anos desde que ela tinha 11 anos. A v\u00edtima possui defici\u00eancia intelectual e \u00e9 aposentada por invalidez, sem discernimento mental compat\u00edvel com a idade.<\/p>\n\n\n\n<p>Delegado titular do munic\u00edpio, Dr. Denner Lucas \u00c1lvares Brito, coordenou a a\u00e7\u00e3o em parceria com o Conselho Tutelar. Ap\u00f3s a pris\u00e3o, o suspeito foi encaminhado \u00e0 Delegacia de Guanambi para a ado\u00e7\u00e3o dos procedimentos legais, enquanto as investiga\u00e7\u00f5es continuam para apurar a extens\u00e3o dos crimes.<\/p>\n\n\n\n<p>Autoridades refor\u00e7aram a necessidade de den\u00fancias e aten\u00e7\u00e3o a casos de abuso contra crian\u00e7as e adolescentes, especialmente v\u00edtimas em situa\u00e7\u00e3o de vulnerabilidade, destacando que crimes contra menores s\u00e3o tratados com prioridade e rigor pela pol\u00edcia.<\/p>\n","protected":false},"excerpt":{"rendered":"<p>Pol\u00edcia prendeu nesta quinta-feira (12) um jovem de 19 anos suspeito de estupro de vulner\u00e1vel em Palmas de Monte Alto, sudoeste da Bahia. O homem, identificado pelas iniciais H. D. J., foi detido em sua resid\u00eancia no bairro Nova Palmas pela 22\u00aa Coordenadoria Regional de Pol\u00edcia do Interior (Coorpin) e Delegacia local. Segundo a Pol\u00edcia Civil, o suspeito \u00e9 investigado por manter um relacionamento com uma adolescente de 15 anos desde que ela tinha 11 anos. A v\u00edtima possui defici\u00eancia intelectual e \u00e9 aposentada por invalidez, sem discernimento mental compat\u00edvel com a idade. Delegado titular do munic\u00edpio, Dr. Denner Lucas \u00c1lvares Brito, coordenou a a\u00e7\u00e3o em parceria com o Conselho Tutelar. Ap\u00f3s a pris\u00e3o, o suspeito foi encaminhado \u00e0 Delegacia de Guanambi para a ado\u00e7\u00e3o dos procedimentos legais, enquanto as investiga\u00e7\u00f5es continuam para apurar a extens\u00e3o dos crimes. Autoridades refor\u00e7aram a necessidade de den\u00fancias e aten\u00e7\u00e3o a casos de abuso contra crian\u00e7as e adolescentes, especialmente v\u00edtimas em situa\u00e7\u00e3o de vulnerabilidade, destacando que crimes contra menores s\u00e3o tratados com prioridade e rigor pela pol\u00edcia.<\/p>\n","protected":false},"author":1,"featured_media":0,"comment_status":"open","ping_status":"open","sticky":false,"template":"","format":"standard","meta":{"footnotes":""},"categories":[13,48,3],"tags":[],"class_list":["post-10288","post","type-post","status-publish","format-standard","hentry","category-justica","category-palmas-de-monte-alto","category-policia"],"yoast_head":"<!-- This site is optimized with the Yoast SEO plugin v26.5 - https:\/\/yoast.com\/wordpress\/plugins\/seo\/ -->\n<title>Jovem \u00e9 preso suspeito de estupro de vulner\u00e1vel em Palmas de Monte Alto - Sudoesteacontece<\/title>\n<meta name=\"robots\" content=\"index, follow, max-snippet:-1, max-image-preview:large, max-video-preview:-1\" \/>\n<link rel=\"canonical\" href=\"https:\/\/sudoesteacontece.com.br\/?p=10288\" \/>\n<meta property=\"og:locale\" content=\"pt_BR\" \/>\n<meta property=\"og:type\" content=\"article\" \/>\n<meta property=\"og:title\" content=\"Jovem \u00e9 preso suspeito de estupro de vulner\u00e1vel em Palmas de Monte Alto - Sudoesteacontece\" \/>\n<meta property=\"og:description\" content=\"Pol\u00edcia prendeu nesta quinta-feira (12) um jovem de 19 anos suspeito de estupro de vulner\u00e1vel em Palmas de Monte Alto, sudoeste da Bahia. O homem, identificado pelas iniciais H. D. J., foi detido em sua resid\u00eancia no bairro Nova Palmas pela 22\u00aa Coordenadoria Regional de Pol\u00edcia do Interior (Coorpin) e Delegacia local. Segundo a Pol\u00edcia Civil, o suspeito \u00e9 investigado por manter um relacionamento com uma adolescente de 15 anos desde que ela tinha 11 anos. A v\u00edtima possui defici\u00eancia intelectual e \u00e9 aposentada por invalidez, sem discernimento mental compat\u00edvel com a idade. Delegado titular do munic\u00edpio, Dr. Denner Lucas \u00c1lvares Brito, coordenou a a\u00e7\u00e3o em parceria com o Conselho Tutelar. Ap\u00f3s a pris\u00e3o, o suspeito foi encaminhado \u00e0 Delegacia de Guanambi para a ado\u00e7\u00e3o dos procedimentos legais, enquanto as investiga\u00e7\u00f5es continuam para apurar a extens\u00e3o dos crimes. Autoridades refor\u00e7aram a necessidade de den\u00fancias e aten\u00e7\u00e3o a casos de abuso contra crian\u00e7as e adolescentes, especialmente v\u00edtimas em situa\u00e7\u00e3o de vulnerabilidade, destacando que crimes contra menores s\u00e3o tratados com prioridade e rigor pela pol\u00edcia.\" \/>\n<meta property=\"og:url\" content=\"https:\/\/sudoesteacontece.com.br\/?p=10288\" \/>\n<meta property=\"og:site_name\" content=\"Sudoesteacontece\" \/>\n<meta property=\"article:publisher\" content=\"https:\/\/www.facebook.com\/sudoesteacontece\/?locale=pt_BR\" \/>\n<meta property=\"article:published_time\" content=\"2026-03-13T16:08:59+00:00\" \/>\n<meta property=\"article:modified_time\" content=\"2026-03-13T16:09:05+00:00\" \/>\n<meta property=\"og:image\" content=\"http:\/\/sudoesteacontece.com.br\/wp-content\/uploads\/2026\/03\/Jovem-e-preso-suspeito-de-estupro-de-vulneravel-em-Palmas-de-Monte-Alto.jpg\" \/>\n<meta name=\"author\" content=\"sudoesteacontece\" \/>\n<meta name=\"twitter:card\" content=\"summary_large_image\" \/>\n<meta name=\"twitter:label1\" content=\"Escrito por\" \/>\n\t<meta name=\"twitter:data1\" content=\"sudoesteacontece\" \/>\n\t<meta name=\"twitter:label2\" content=\"Est. tempo de leitura\" \/>\n\t<meta name=\"twitter:data2\" content=\"2 minutos\" \/>\n<script type=\"application\/ld+json\" class=\"yoast-schema-graph\">{\"@context\":\"https:\/\/schema.org\",\"@graph\":[{\"@type\":\"Article\",\"@id\":\"https:\/\/sudoesteacontece.com.br\/?p=10288#article\",\"isPartOf\":{\"@id\":\"https:\/\/sudoesteacontece.com.br\/?p=10288\"},\"author\":{\"name\":\"sudoesteacontece\",\"@id\":\"https:\/\/sudoesteacontece.com.br\/#\/schema\/person\/f4b00cd0a26ac17646f19707cdceb2ce\"},\"headline\":\"Jovem \u00e9 preso suspeito de estupro de vulner\u00e1vel em Palmas de Monte Alto\",\"datePublished\":\"2026-03-13T16:08:59+00:00\",\"dateModified\":\"2026-03-13T16:09:05+00:00\",\"mainEntityOfPage\":{\"@id\":\"https:\/\/sudoesteacontece.com.br\/?p=10288\"},\"wordCount\":201,\"commentCount\":0,\"publisher\":{\"@id\":\"https:\/\/sudoesteacontece.com.br\/#organization\"},\"image\":{\"@id\":\"https:\/\/sudoesteacontece.com.br\/?p=10288#primaryimage\"},\"thumbnailUrl\":\"http:\/\/sudoesteacontece.com.br\/wp-content\/uploads\/2026\/03\/Jovem-e-preso-suspeito-de-estupro-de-vulneravel-em-Palmas-de-Monte-Alto.jpg\",\"articleSection\":[\"Justi\u00e7a\",\"Palmas de Monte Alto\",\"Pol\u00edcia\"],\"inLanguage\":\"pt-BR\",\"potentialAction\":[{\"@type\":\"CommentAction\",\"name\":\"Comment\",\"target\":[\"https:\/\/sudoesteacontece.com.br\/?p=10288#respond\"]}]},{\"@type\":\"WebPage\",\"@id\":\"https:\/\/sudoesteacontece.com.br\/?p=10288\",\"url\":\"https:\/\/sudoesteacontece.com.br\/?p=10288\",\"name\":\"Jovem \u00e9 preso suspeito de estupro de vulner\u00e1vel em Palmas de Monte Alto - Sudoesteacontece\",\"isPartOf\":{\"@id\":\"https:\/\/sudoesteacontece.com.br\/#website\"},\"primaryImageOfPage\":{\"@id\":\"https:\/\/sudoesteacontece.com.br\/?p=10288#primaryimage\"},\"image\":{\"@id\":\"https:\/\/sudoesteacontece.com.br\/?p=10288#primaryimage\"},\"thumbnailUrl\":\"http:\/\/sudoesteacontece.com.br\/wp-content\/uploads\/2026\/03\/Jovem-e-preso-suspeito-de-estupro-de-vulneravel-em-Palmas-de-Monte-Alto.jpg\",\"datePublished\":\"2026-03-13T16:08:59+00:00\",\"dateModified\":\"2026-03-13T16:09:05+00:00\",\"breadcrumb\":{\"@id\":\"https:\/\/sudoesteacontece.com.br\/?p=10288#breadcrumb\"},\"inLanguage\":\"pt-BR\",\"potentialAction\":[{\"@type\":\"ReadAction\",\"target\":[\"https:\/\/sudoesteacontece.com.br\/?p=10288\"]}]},{\"@type\":\"ImageObject\",\"inLanguage\":\"pt-BR\",\"@id\":\"https:\/\/sudoesteacontece.com.br\/?p=10288#primaryimage\",\"url\":\"https:\/\/sudoesteacontece.com.br\/wp-content\/uploads\/2026\/03\/Jovem-e-preso-suspeito-de-estupro-de-vulneravel-em-Palmas-de-Monte-Alto.jpg\",\"contentUrl\":\"https:\/\/sudoesteacontece.com.br\/wp-content\/uploads\/2026\/03\/Jovem-e-preso-suspeito-de-estupro-de-vulneravel-em-Palmas-de-Monte-Alto.jpg\",\"width\":900,\"height\":600},{\"@type\":\"BreadcrumbList\",\"@id\":\"https:\/\/sudoesteacontece.com.br\/?p=10288#breadcrumb\",\"itemListElement\":[{\"@type\":\"ListItem\",\"position\":1,\"name\":\"In\u00edcio\",\"item\":\"https:\/\/sudoesteacontece.com.br\/\"},{\"@type\":\"ListItem\",\"position\":2,\"name\":\"Jovem \u00e9 preso suspeito de estupro de vulner\u00e1vel em Palmas de Monte Alto\"}]},{\"@type\":\"WebSite\",\"@id\":\"https:\/\/sudoesteacontece.com.br\/#website\",\"url\":\"https:\/\/sudoesteacontece.com.br\/\",\"name\":\"Sudoesteacontece\",\"description\":\"\",\"publisher\":{\"@id\":\"https:\/\/sudoesteacontece.com.br\/#organization\"},\"potentialAction\":[{\"@type\":\"SearchAction\",\"target\":{\"@type\":\"EntryPoint\",\"urlTemplate\":\"https:\/\/sudoesteacontece.com.br\/?s={search_term_string}\"},\"query-input\":{\"@type\":\"PropertyValueSpecification\",\"valueRequired\":true,\"valueName\":\"search_term_string\"}}],\"inLanguage\":\"pt-BR\"},{\"@type\":\"Organization\",\"@id\":\"https:\/\/sudoesteacontece.com.br\/#organization\",\"name\":\"Sudoesteacontece\",\"url\":\"https:\/\/sudoesteacontece.com.br\/\",\"logo\":{\"@type\":\"ImageObject\",\"inLanguage\":\"pt-BR\",\"@id\":\"https:\/\/sudoesteacontece.com.br\/#\/schema\/logo\/image\/\",\"url\":\"https:\/\/sudoesteacontece.com.br\/wp-content\/uploads\/2025\/12\/cropped-logo-2-180x180-1.png\",\"contentUrl\":\"https:\/\/sudoesteacontece.com.br\/wp-content\/uploads\/2025\/12\/cropped-logo-2-180x180-1.png\",\"width\":180,\"height\":180,\"caption\":\"Sudoesteacontece\"},\"image\":{\"@id\":\"https:\/\/sudoesteacontece.com.br\/#\/schema\/logo\/image\/\"},\"sameAs\":[\"https:\/\/www.facebook.com\/sudoesteacontece\/?locale=pt_BR\"]},{\"@type\":\"Person\",\"@id\":\"https:\/\/sudoesteacontece.com.br\/#\/schema\/person\/f4b00cd0a26ac17646f19707cdceb2ce\",\"name\":\"sudoesteacontece\",\"image\":{\"@type\":\"ImageObject\",\"inLanguage\":\"pt-BR\",\"@id\":\"https:\/\/sudoesteacontece.com.br\/#\/schema\/person\/image\/\",\"url\":\"https:\/\/secure.gravatar.com\/avatar\/704557d1f79b454f041f9e5935f2b0e8393614e97e537fc508d1d628292cacfd?s=96&d=mm&r=g\",\"contentUrl\":\"https:\/\/secure.gravatar.com\/avatar\/704557d1f79b454f041f9e5935f2b0e8393614e97e537fc508d1d628292cacfd?s=96&d=mm&r=g\",\"caption\":\"sudoesteacontece\"},\"sameAs\":[\"http:\/\/sudoesteacontece.com.br\"],\"url\":\"https:\/\/sudoesteacontece.com.br\/?author=1\"}]}<\/script>\n<!-- \/ Yoast SEO plugin. -->","yoast_head_json":{"title":"Jovem \u00e9 preso suspeito de estupro de vulner\u00e1vel em Palmas de Monte Alto - Sudoesteacontece","robots":{"index":"index","follow":"follow","max-snippet":"max-snippet:-1","max-image-preview":"max-image-preview:large","max-video-preview":"max-video-preview:-1"},"canonical":"https:\/\/sudoesteacontece.com.br\/?p=10288","og_locale":"pt_BR","og_type":"article","og_title":"Jovem \u00e9 preso suspeito de estupro de vulner\u00e1vel em Palmas de Monte Alto - Sudoesteacontece","og_description":"Pol\u00edcia prendeu nesta quinta-feira (12) um jovem de 19 anos suspeito de estupro de vulner\u00e1vel em Palmas de Monte Alto, sudoeste da Bahia. O homem, identificado pelas iniciais H. D. J., foi detido em sua resid\u00eancia no bairro Nova Palmas pela 22\u00aa Coordenadoria Regional de Pol\u00edcia do Interior (Coorpin) e Delegacia local. Segundo a Pol\u00edcia Civil, o suspeito \u00e9 investigado por manter um relacionamento com uma adolescente de 15 anos desde que ela tinha 11 anos. A v\u00edtima possui defici\u00eancia intelectual e \u00e9 aposentada por invalidez, sem discernimento mental compat\u00edvel com a idade. Delegado titular do munic\u00edpio, Dr. Denner Lucas \u00c1lvares Brito, coordenou a a\u00e7\u00e3o em parceria com o Conselho Tutelar. Ap\u00f3s a pris\u00e3o, o suspeito foi encaminhado \u00e0 Delegacia de Guanambi para a ado\u00e7\u00e3o dos procedimentos legais, enquanto as investiga\u00e7\u00f5es continuam para apurar a extens\u00e3o dos crimes. Autoridades refor\u00e7aram a necessidade de den\u00fancias e aten\u00e7\u00e3o a casos de abuso contra crian\u00e7as e adolescentes, especialmente v\u00edtimas em situa\u00e7\u00e3o de vulnerabilidade, destacando que crimes contra menores s\u00e3o tratados com prioridade e rigor pela pol\u00edcia.","og_url":"https:\/\/sudoesteacontece.com.br\/?p=10288","og_site_name":"Sudoesteacontece","article_publisher":"https:\/\/www.facebook.com\/sudoesteacontece\/?locale=pt_BR","article_published_time":"2026-03-13T16:08:59+00:00","article_modified_time":"2026-03-13T16:09:05+00:00","og_image":[{"url":"http:\/\/sudoesteacontece.com.br\/wp-content\/uploads\/2026\/03\/Jovem-e-preso-suspeito-de-estupro-de-vulneravel-em-Palmas-de-Monte-Alto.jpg","type":"","width":"","height":""}],"author":"sudoesteacontece","twitter_card":"summary_large_image","twitter_misc":{"Escrito por":"sudoesteacontece","Est. tempo de leitura":"2 minutos"},"schema":{"@context":"https:\/\/schema.org","@graph":[{"@type":"Article","@id":"https:\/\/sudoesteacontece.com.br\/?p=10288#article","isPartOf":{"@id":"https:\/\/sudoesteacontece.com.br\/?p=10288"},"author":{"name":"sudoesteacontece","@id":"https:\/\/sudoesteacontece.com.br\/#\/schema\/person\/f4b00cd0a26ac17646f19707cdceb2ce"},"headline":"Jovem \u00e9 preso suspeito de estupro de vulner\u00e1vel em Palmas de Monte Alto","datePublished":"2026-03-13T16:08:59+00:00","dateModified":"2026-03-13T16:09:05+00:00","mainEntityOfPage":{"@id":"https:\/\/sudoesteacontece.com.br\/?p=10288"},"wordCount":201,"commentCount":0,"publisher":{"@id":"https:\/\/sudoesteacontece.com.br\/#organization"},"image":{"@id":"https:\/\/sudoesteacontece.com.br\/?p=10288#primaryimage"},"thumbnailUrl":"http:\/\/sudoesteacontece.com.br\/wp-content\/uploads\/2026\/03\/Jovem-e-preso-suspeito-de-estupro-de-vulneravel-em-Palmas-de-Monte-Alto.jpg","articleSection":["Justi\u00e7a","Palmas de Monte Alto","Pol\u00edcia"],"inLanguage":"pt-BR","potentialAction":[{"@type":"CommentAction","name":"Comment","target":["https:\/\/sudoesteacontece.com.br\/?p=10288#respond"]}]},{"@type":"WebPage","@id":"https:\/\/sudoesteacontece.com.br\/?p=10288","url":"https:\/\/sudoesteacontece.com.br\/?p=10288","name":"Jovem \u00e9 preso suspeito de estupro de vulner\u00e1vel em Palmas de Monte Alto - Sudoesteacontece","isPartOf":{"@id":"https:\/\/sudoesteacontece.com.br\/#website"},"primaryImageOfPage":{"@id":"https:\/\/sudoesteacontece.com.br\/?p=10288#primaryimage"},"image":{"@id":"https:\/\/sudoesteacontece.com.br\/?p=10288#primaryimage"},"thumbnailUrl":"http:\/\/sudoesteacontece.com.br\/wp-content\/uploads\/2026\/03\/Jovem-e-preso-suspeito-de-estupro-de-vulneravel-em-Palmas-de-Monte-Alto.jpg","datePublished":"2026-03-13T16:08:59+00:00","dateModified":"2026-03-13T16:09:05+00:00","breadcrumb":{"@id":"https:\/\/sudoesteacontece.com.br\/?p=10288#breadcrumb"},"inLanguage":"pt-BR","potentialAction":[{"@type":"ReadAction","target":["https:\/\/sudoesteacontece.com.br\/?p=10288"]}]},{"@type":"ImageObject","inLanguage":"pt-BR","@id":"https:\/\/sudoesteacontece.com.br\/?p=10288#primaryimage","url":"https:\/\/sudoesteacontece.com.br\/wp-content\/uploads\/2026\/03\/Jovem-e-preso-suspeito-de-estupro-de-vulneravel-em-Palmas-de-Monte-Alto.jpg","contentUrl":"https:\/\/sudoesteacontece.com.br\/wp-content\/uploads\/2026\/03\/Jovem-e-preso-suspeito-de-estupro-de-vulneravel-em-Palmas-de-Monte-Alto.jpg","width":900,"height":600},{"@type":"BreadcrumbList","@id":"https:\/\/sudoesteacontece.com.br\/?p=10288#breadcrumb","itemListElement":[{"@type":"ListItem","position":1,"name":"In\u00edcio","item":"https:\/\/sudoesteacontece.com.br\/"},{"@type":"ListItem","position":2,"name":"Jovem \u00e9 preso suspeito de estupro de vulner\u00e1vel em Palmas de Monte Alto"}]},{"@type":"WebSite","@id":"https:\/\/sudoesteacontece.com.br\/#website","url":"https:\/\/sudoesteacontece.com.br\/","name":"Sudoesteacontece","description":"","publisher":{"@id":"https:\/\/sudoesteacontece.com.br\/#organization"},"potentialAction":[{"@type":"SearchAction","target":{"@type":"EntryPoint","urlTemplate":"https:\/\/sudoesteacontece.com.br\/?s={search_term_string}"},"query-input":{"@type":"PropertyValueSpecification","valueRequired":true,"valueName":"search_term_string"}}],"inLanguage":"pt-BR"},{"@type":"Organization","@id":"https:\/\/sudoesteacontece.com.br\/#organization","name":"Sudoesteacontece","url":"https:\/\/sudoesteacontece.com.br\/","logo":{"@type":"ImageObject","inLanguage":"pt-BR","@id":"https:\/\/sudoesteacontece.com.br\/#\/schema\/logo\/image\/","url":"https:\/\/sudoesteacontece.com.br\/wp-content\/uploads\/2025\/12\/cropped-logo-2-180x180-1.png","contentUrl":"https:\/\/sudoesteacontece.com.br\/wp-content\/uploads\/2025\/12\/cropped-logo-2-180x180-1.png","width":180,"height":180,"caption":"Sudoesteacontece"},"image":{"@id":"https:\/\/sudoesteacontece.com.br\/#\/schema\/logo\/image\/"},"sameAs":["https:\/\/www.facebook.com\/sudoesteacontece\/?locale=pt_BR"]},{"@type":"Person","@id":"https:\/\/sudoesteacontece.com.br\/#\/schema\/person\/f4b00cd0a26ac17646f19707cdceb2ce","name":"sudoesteacontece","image":{"@type":"ImageObject","inLanguage":"pt-BR","@id":"https:\/\/sudoesteacontece.com.br\/#\/schema\/person\/image\/","url":"https:\/\/secure.gravatar.com\/avatar\/704557d1f79b454f041f9e5935f2b0e8393614e97e537fc508d1d628292cacfd?s=96&d=mm&r=g","contentUrl":"https:\/\/secure.gravatar.com\/avatar\/704557d1f79b454f041f9e5935f2b0e8393614e97e537fc508d1d628292cacfd?s=96&d=mm&r=g","caption":"sudoesteacontece"},"sameAs":["http:\/\/sudoesteacontece.com.br"],"url":"https:\/\/sudoesteacontece.com.br\/?author=1"}]}},"_links":{"self":[{"href":"https:\/\/sudoesteacontece.com.br\/index.php?rest_route=\/wp\/v2\/posts\/10288","targetHints":{"allow":["GET"]}}],"collection":[{"href":"https:\/\/sudoesteacontece.com.br\/index.php?rest_route=\/wp\/v2\/posts"}],"about":[{"href":"https:\/\/sudoesteacontece.com.br\/index.php?rest_route=\/wp\/v2\/types\/post"}],"author":[{"embeddable":true,"href":"https:\/\/sudoesteacontece.com.br\/index.php?rest_route=\/wp\/v2\/users\/1"}],"replies":[{"embeddable":true,"href":"https:\/\/sudoesteacontece.com.br\/index.php?rest_route=%2Fwp%2Fv2%2Fcomments&post=10288"}],"version-history":[{"count":0,"href":"https:\/\/sudoesteacontece.com.br\/index.php?rest_route=\/wp\/v2\/posts\/10288\/revisions"}],"wp:attachment":[{"href":"https:\/\/sudoesteacontece.com.br\/index.php?rest_route=%2Fwp%2Fv2%2Fmedia&parent=10288"}],"wp:term":[{"taxonomy":"category","embeddable":true,"href":"https:\/\/sudoesteacontece.com.br\/index.php?rest_route=%2Fwp%2Fv2%2Fcategories&post=10288"},{"taxonomy":"post_tag","embeddable":true,"href":"https:\/\/sudoesteacontece.com.br\/index.php?rest_route=%2Fwp%2Fv2%2Ftags&post=10288"}],"curies":[{"name":"wp","href":"https:\/\/api.w.org\/{rel}","templated":true}]}}