{"id":10289,"date":"2026-03-13T13:05:37","date_gmt":"2026-03-13T16:05:37","guid":{"rendered":"https:\/\/sudoesteacontece.com.br\/?p=10289"},"modified":"2026-03-13T13:05:42","modified_gmt":"2026-03-13T16:05:42","slug":"dupla-e-assassinada-a-tiros-em-taperoa-cidade-vive-noite-de-panico","status":"publish","type":"post","link":"https:\/\/sudoesteacontece.com.br\/?p=10289","title":{"rendered":"Dupla \u00e9 assassinada a tiros em Tapero\u00e1; cidade vive noite de p\u00e2nico"},"content":{"rendered":"<div class=\"wp-block-image\">\n<figure class=\"aligncenter size-full\"><img fetchpriority=\"high\" decoding=\"async\" width=\"900\" height=\"600\" src=\"http:\/\/sudoesteacontece.com.br\/wp-content\/uploads\/2026\/03\/Dupla-e-assassinada-a-tiros-em-Taperoa-cidade-vive-noite-de-panico.jpg\" alt=\"\" class=\"wp-image-10295\" srcset=\"https:\/\/sudoesteacontece.com.br\/wp-content\/uploads\/2026\/03\/Dupla-e-assassinada-a-tiros-em-Taperoa-cidade-vive-noite-de-panico.jpg 900w, https:\/\/sudoesteacontece.com.br\/wp-content\/uploads\/2026\/03\/Dupla-e-assassinada-a-tiros-em-Taperoa-cidade-vive-noite-de-panico-300x200.jpg 300w, https:\/\/sudoesteacontece.com.br\/wp-content\/uploads\/2026\/03\/Dupla-e-assassinada-a-tiros-em-Taperoa-cidade-vive-noite-de-panico-768x512.jpg 768w\" sizes=\"(max-width: 900px) 100vw, 900px\" \/><\/figure>\n<\/div>\n\n\n<p>Noite de quinta-feira marcada por tens\u00e3o em Tapero\u00e1, Baixo Sul da Bahia. Dois homens foram mortos a tiros em via p\u00fablica, causando p\u00e2nico entre moradores. Testemunhas relataram correria e gritos durante o ataque, enquanto populares buscavam abrigo para escapar da viol\u00eancia.<\/p>\n\n\n\n<p>Uma das v\u00edtimas j\u00e1 era conhecida da pol\u00edcia por envolvimento em suposto tr\u00e1fico de drogas. At\u00e9 o momento, autoridades n\u00e3o divulgaram identifica\u00e7\u00e3o oficial dos mortos. A cena chamou aten\u00e7\u00e3o da comunidade e gerou ampla repercuss\u00e3o em blogs e sites regionais, preocupando moradores da cidade.<\/p>\n\n\n\n<p>Pol\u00edcia Civil iniciou investiga\u00e7\u00f5es para apurar circunst\u00e2ncias e autores do crime. Nenhum suspeito foi preso at\u00e9 agora. As autoridades trabalham para coletar depoimentos de testemunhas, analisar imagens de c\u00e2meras e seguir todas as medidas necess\u00e1rias para elucidar o homic\u00eddio e responsabilizar os envolvidos.<\/p>\n","protected":false},"excerpt":{"rendered":"<p>Noite de quinta-feira marcada por tens\u00e3o em Tapero\u00e1, Baixo Sul da Bahia. Dois homens foram mortos a tiros em via p\u00fablica, causando p\u00e2nico entre moradores. Testemunhas relataram correria e gritos durante o ataque, enquanto populares buscavam abrigo para escapar da viol\u00eancia. Uma das v\u00edtimas j\u00e1 era conhecida da pol\u00edcia por envolvimento em suposto tr\u00e1fico de drogas. At\u00e9 o momento, autoridades n\u00e3o divulgaram identifica\u00e7\u00e3o oficial dos mortos. A cena chamou aten\u00e7\u00e3o da comunidade e gerou ampla repercuss\u00e3o em blogs e sites regionais, preocupando moradores da cidade. Pol\u00edcia Civil iniciou investiga\u00e7\u00f5es para apurar circunst\u00e2ncias e autores do crime. Nenhum suspeito foi preso at\u00e9 agora. As autoridades trabalham para coletar depoimentos de testemunhas, analisar imagens de c\u00e2meras e seguir todas as medidas necess\u00e1rias para elucidar o homic\u00eddio e responsabilizar os envolvidos.<\/p>\n","protected":false},"author":1,"featured_media":0,"comment_status":"open","ping_status":"open","sticky":false,"template":"","format":"standard","meta":{"footnotes":""},"categories":[4,3],"tags":[],"class_list":["post-10289","post","type-post","status-publish","format-standard","hentry","category-cidades","category-policia"],"yoast_head":"<!-- This site is optimized with the Yoast SEO plugin v26.5 - https:\/\/yoast.com\/wordpress\/plugins\/seo\/ -->\n<title>Dupla \u00e9 assassinada a tiros em Tapero\u00e1; cidade vive noite de p\u00e2nico - Sudoesteacontece<\/title>\n<meta name=\"robots\" content=\"index, follow, max-snippet:-1, max-image-preview:large, max-video-preview:-1\" \/>\n<link rel=\"canonical\" href=\"https:\/\/sudoesteacontece.com.br\/?p=10289\" \/>\n<meta property=\"og:locale\" content=\"pt_BR\" \/>\n<meta property=\"og:type\" content=\"article\" \/>\n<meta property=\"og:title\" content=\"Dupla \u00e9 assassinada a tiros em Tapero\u00e1; cidade vive noite de p\u00e2nico - Sudoesteacontece\" \/>\n<meta property=\"og:description\" content=\"Noite de quinta-feira marcada por tens\u00e3o em Tapero\u00e1, Baixo Sul da Bahia. Dois homens foram mortos a tiros em via p\u00fablica, causando p\u00e2nico entre moradores. Testemunhas relataram correria e gritos durante o ataque, enquanto populares buscavam abrigo para escapar da viol\u00eancia. Uma das v\u00edtimas j\u00e1 era conhecida da pol\u00edcia por envolvimento em suposto tr\u00e1fico de drogas. At\u00e9 o momento, autoridades n\u00e3o divulgaram identifica\u00e7\u00e3o oficial dos mortos. A cena chamou aten\u00e7\u00e3o da comunidade e gerou ampla repercuss\u00e3o em blogs e sites regionais, preocupando moradores da cidade. Pol\u00edcia Civil iniciou investiga\u00e7\u00f5es para apurar circunst\u00e2ncias e autores do crime. Nenhum suspeito foi preso at\u00e9 agora. As autoridades trabalham para coletar depoimentos de testemunhas, analisar imagens de c\u00e2meras e seguir todas as medidas necess\u00e1rias para elucidar o homic\u00eddio e responsabilizar os envolvidos.\" \/>\n<meta property=\"og:url\" content=\"https:\/\/sudoesteacontece.com.br\/?p=10289\" \/>\n<meta property=\"og:site_name\" content=\"Sudoesteacontece\" \/>\n<meta property=\"article:publisher\" content=\"https:\/\/www.facebook.com\/sudoesteacontece\/?locale=pt_BR\" \/>\n<meta property=\"article:published_time\" content=\"2026-03-13T16:05:37+00:00\" \/>\n<meta property=\"article:modified_time\" content=\"2026-03-13T16:05:42+00:00\" \/>\n<meta property=\"og:image\" content=\"http:\/\/sudoesteacontece.com.br\/wp-content\/uploads\/2026\/03\/Dupla-e-assassinada-a-tiros-em-Taperoa-cidade-vive-noite-de-panico.jpg\" \/>\n<meta name=\"author\" content=\"sudoesteacontece\" \/>\n<meta name=\"twitter:card\" content=\"summary_large_image\" \/>\n<meta name=\"twitter:label1\" content=\"Escrito por\" \/>\n\t<meta name=\"twitter:data1\" content=\"sudoesteacontece\" \/>\n\t<meta name=\"twitter:label2\" content=\"Est. tempo de leitura\" \/>\n\t<meta name=\"twitter:data2\" content=\"1 minuto\" \/>\n<script type=\"application\/ld+json\" class=\"yoast-schema-graph\">{\"@context\":\"https:\/\/schema.org\",\"@graph\":[{\"@type\":\"Article\",\"@id\":\"https:\/\/sudoesteacontece.com.br\/?p=10289#article\",\"isPartOf\":{\"@id\":\"https:\/\/sudoesteacontece.com.br\/?p=10289\"},\"author\":{\"name\":\"sudoesteacontece\",\"@id\":\"https:\/\/sudoesteacontece.com.br\/#\/schema\/person\/f4b00cd0a26ac17646f19707cdceb2ce\"},\"headline\":\"Dupla \u00e9 assassinada a tiros em Tapero\u00e1; cidade vive noite de p\u00e2nico\",\"datePublished\":\"2026-03-13T16:05:37+00:00\",\"dateModified\":\"2026-03-13T16:05:42+00:00\",\"mainEntityOfPage\":{\"@id\":\"https:\/\/sudoesteacontece.com.br\/?p=10289\"},\"wordCount\":157,\"commentCount\":0,\"publisher\":{\"@id\":\"https:\/\/sudoesteacontece.com.br\/#organization\"},\"image\":{\"@id\":\"https:\/\/sudoesteacontece.com.br\/?p=10289#primaryimage\"},\"thumbnailUrl\":\"http:\/\/sudoesteacontece.com.br\/wp-content\/uploads\/2026\/03\/Dupla-e-assassinada-a-tiros-em-Taperoa-cidade-vive-noite-de-panico.jpg\",\"articleSection\":[\"Cidades\",\"Pol\u00edcia\"],\"inLanguage\":\"pt-BR\",\"potentialAction\":[{\"@type\":\"CommentAction\",\"name\":\"Comment\",\"target\":[\"https:\/\/sudoesteacontece.com.br\/?p=10289#respond\"]}]},{\"@type\":\"WebPage\",\"@id\":\"https:\/\/sudoesteacontece.com.br\/?p=10289\",\"url\":\"https:\/\/sudoesteacontece.com.br\/?p=10289\",\"name\":\"Dupla \u00e9 assassinada a tiros em Tapero\u00e1; cidade vive noite de p\u00e2nico - Sudoesteacontece\",\"isPartOf\":{\"@id\":\"https:\/\/sudoesteacontece.com.br\/#website\"},\"primaryImageOfPage\":{\"@id\":\"https:\/\/sudoesteacontece.com.br\/?p=10289#primaryimage\"},\"image\":{\"@id\":\"https:\/\/sudoesteacontece.com.br\/?p=10289#primaryimage\"},\"thumbnailUrl\":\"http:\/\/sudoesteacontece.com.br\/wp-content\/uploads\/2026\/03\/Dupla-e-assassinada-a-tiros-em-Taperoa-cidade-vive-noite-de-panico.jpg\",\"datePublished\":\"2026-03-13T16:05:37+00:00\",\"dateModified\":\"2026-03-13T16:05:42+00:00\",\"breadcrumb\":{\"@id\":\"https:\/\/sudoesteacontece.com.br\/?p=10289#breadcrumb\"},\"inLanguage\":\"pt-BR\",\"potentialAction\":[{\"@type\":\"ReadAction\",\"target\":[\"https:\/\/sudoesteacontece.com.br\/?p=10289\"]}]},{\"@type\":\"ImageObject\",\"inLanguage\":\"pt-BR\",\"@id\":\"https:\/\/sudoesteacontece.com.br\/?p=10289#primaryimage\",\"url\":\"https:\/\/sudoesteacontece.com.br\/wp-content\/uploads\/2026\/03\/Dupla-e-assassinada-a-tiros-em-Taperoa-cidade-vive-noite-de-panico.jpg\",\"contentUrl\":\"https:\/\/sudoesteacontece.com.br\/wp-content\/uploads\/2026\/03\/Dupla-e-assassinada-a-tiros-em-Taperoa-cidade-vive-noite-de-panico.jpg\",\"width\":900,\"height\":600},{\"@type\":\"BreadcrumbList\",\"@id\":\"https:\/\/sudoesteacontece.com.br\/?p=10289#breadcrumb\",\"itemListElement\":[{\"@type\":\"ListItem\",\"position\":1,\"name\":\"In\u00edcio\",\"item\":\"https:\/\/sudoesteacontece.com.br\/\"},{\"@type\":\"ListItem\",\"position\":2,\"name\":\"Dupla \u00e9 assassinada a tiros em Tapero\u00e1; cidade vive noite de p\u00e2nico\"}]},{\"@type\":\"WebSite\",\"@id\":\"https:\/\/sudoesteacontece.com.br\/#website\",\"url\":\"https:\/\/sudoesteacontece.com.br\/\",\"name\":\"Sudoesteacontece\",\"description\":\"\",\"publisher\":{\"@id\":\"https:\/\/sudoesteacontece.com.br\/#organization\"},\"potentialAction\":[{\"@type\":\"SearchAction\",\"target\":{\"@type\":\"EntryPoint\",\"urlTemplate\":\"https:\/\/sudoesteacontece.com.br\/?s={search_term_string}\"},\"query-input\":{\"@type\":\"PropertyValueSpecification\",\"valueRequired\":true,\"valueName\":\"search_term_string\"}}],\"inLanguage\":\"pt-BR\"},{\"@type\":\"Organization\",\"@id\":\"https:\/\/sudoesteacontece.com.br\/#organization\",\"name\":\"Sudoesteacontece\",\"url\":\"https:\/\/sudoesteacontece.com.br\/\",\"logo\":{\"@type\":\"ImageObject\",\"inLanguage\":\"pt-BR\",\"@id\":\"https:\/\/sudoesteacontece.com.br\/#\/schema\/logo\/image\/\",\"url\":\"https:\/\/sudoesteacontece.com.br\/wp-content\/uploads\/2025\/12\/cropped-logo-2-180x180-1.png\",\"contentUrl\":\"https:\/\/sudoesteacontece.com.br\/wp-content\/uploads\/2025\/12\/cropped-logo-2-180x180-1.png\",\"width\":180,\"height\":180,\"caption\":\"Sudoesteacontece\"},\"image\":{\"@id\":\"https:\/\/sudoesteacontece.com.br\/#\/schema\/logo\/image\/\"},\"sameAs\":[\"https:\/\/www.facebook.com\/sudoesteacontece\/?locale=pt_BR\"]},{\"@type\":\"Person\",\"@id\":\"https:\/\/sudoesteacontece.com.br\/#\/schema\/person\/f4b00cd0a26ac17646f19707cdceb2ce\",\"name\":\"sudoesteacontece\",\"image\":{\"@type\":\"ImageObject\",\"inLanguage\":\"pt-BR\",\"@id\":\"https:\/\/sudoesteacontece.com.br\/#\/schema\/person\/image\/\",\"url\":\"https:\/\/secure.gravatar.com\/avatar\/704557d1f79b454f041f9e5935f2b0e8393614e97e537fc508d1d628292cacfd?s=96&d=mm&r=g\",\"contentUrl\":\"https:\/\/secure.gravatar.com\/avatar\/704557d1f79b454f041f9e5935f2b0e8393614e97e537fc508d1d628292cacfd?s=96&d=mm&r=g\",\"caption\":\"sudoesteacontece\"},\"sameAs\":[\"http:\/\/sudoesteacontece.com.br\"],\"url\":\"https:\/\/sudoesteacontece.com.br\/?author=1\"}]}<\/script>\n<!-- \/ Yoast SEO plugin. -->","yoast_head_json":{"title":"Dupla \u00e9 assassinada a tiros em Tapero\u00e1; cidade vive noite de p\u00e2nico - Sudoesteacontece","robots":{"index":"index","follow":"follow","max-snippet":"max-snippet:-1","max-image-preview":"max-image-preview:large","max-video-preview":"max-video-preview:-1"},"canonical":"https:\/\/sudoesteacontece.com.br\/?p=10289","og_locale":"pt_BR","og_type":"article","og_title":"Dupla \u00e9 assassinada a tiros em Tapero\u00e1; cidade vive noite de p\u00e2nico - Sudoesteacontece","og_description":"Noite de quinta-feira marcada por tens\u00e3o em Tapero\u00e1, Baixo Sul da Bahia. Dois homens foram mortos a tiros em via p\u00fablica, causando p\u00e2nico entre moradores. Testemunhas relataram correria e gritos durante o ataque, enquanto populares buscavam abrigo para escapar da viol\u00eancia. Uma das v\u00edtimas j\u00e1 era conhecida da pol\u00edcia por envolvimento em suposto tr\u00e1fico de drogas. At\u00e9 o momento, autoridades n\u00e3o divulgaram identifica\u00e7\u00e3o oficial dos mortos. A cena chamou aten\u00e7\u00e3o da comunidade e gerou ampla repercuss\u00e3o em blogs e sites regionais, preocupando moradores da cidade. Pol\u00edcia Civil iniciou investiga\u00e7\u00f5es para apurar circunst\u00e2ncias e autores do crime. Nenhum suspeito foi preso at\u00e9 agora. As autoridades trabalham para coletar depoimentos de testemunhas, analisar imagens de c\u00e2meras e seguir todas as medidas necess\u00e1rias para elucidar o homic\u00eddio e responsabilizar os envolvidos.","og_url":"https:\/\/sudoesteacontece.com.br\/?p=10289","og_site_name":"Sudoesteacontece","article_publisher":"https:\/\/www.facebook.com\/sudoesteacontece\/?locale=pt_BR","article_published_time":"2026-03-13T16:05:37+00:00","article_modified_time":"2026-03-13T16:05:42+00:00","og_image":[{"url":"http:\/\/sudoesteacontece.com.br\/wp-content\/uploads\/2026\/03\/Dupla-e-assassinada-a-tiros-em-Taperoa-cidade-vive-noite-de-panico.jpg","type":"","width":"","height":""}],"author":"sudoesteacontece","twitter_card":"summary_large_image","twitter_misc":{"Escrito por":"sudoesteacontece","Est. tempo de leitura":"1 minuto"},"schema":{"@context":"https:\/\/schema.org","@graph":[{"@type":"Article","@id":"https:\/\/sudoesteacontece.com.br\/?p=10289#article","isPartOf":{"@id":"https:\/\/sudoesteacontece.com.br\/?p=10289"},"author":{"name":"sudoesteacontece","@id":"https:\/\/sudoesteacontece.com.br\/#\/schema\/person\/f4b00cd0a26ac17646f19707cdceb2ce"},"headline":"Dupla \u00e9 assassinada a tiros em Tapero\u00e1; cidade vive noite de p\u00e2nico","datePublished":"2026-03-13T16:05:37+00:00","dateModified":"2026-03-13T16:05:42+00:00","mainEntityOfPage":{"@id":"https:\/\/sudoesteacontece.com.br\/?p=10289"},"wordCount":157,"commentCount":0,"publisher":{"@id":"https:\/\/sudoesteacontece.com.br\/#organization"},"image":{"@id":"https:\/\/sudoesteacontece.com.br\/?p=10289#primaryimage"},"thumbnailUrl":"http:\/\/sudoesteacontece.com.br\/wp-content\/uploads\/2026\/03\/Dupla-e-assassinada-a-tiros-em-Taperoa-cidade-vive-noite-de-panico.jpg","articleSection":["Cidades","Pol\u00edcia"],"inLanguage":"pt-BR","potentialAction":[{"@type":"CommentAction","name":"Comment","target":["https:\/\/sudoesteacontece.com.br\/?p=10289#respond"]}]},{"@type":"WebPage","@id":"https:\/\/sudoesteacontece.com.br\/?p=10289","url":"https:\/\/sudoesteacontece.com.br\/?p=10289","name":"Dupla \u00e9 assassinada a tiros em Tapero\u00e1; cidade vive noite de p\u00e2nico - Sudoesteacontece","isPartOf":{"@id":"https:\/\/sudoesteacontece.com.br\/#website"},"primaryImageOfPage":{"@id":"https:\/\/sudoesteacontece.com.br\/?p=10289#primaryimage"},"image":{"@id":"https:\/\/sudoesteacontece.com.br\/?p=10289#primaryimage"},"thumbnailUrl":"http:\/\/sudoesteacontece.com.br\/wp-content\/uploads\/2026\/03\/Dupla-e-assassinada-a-tiros-em-Taperoa-cidade-vive-noite-de-panico.jpg","datePublished":"2026-03-13T16:05:37+00:00","dateModified":"2026-03-13T16:05:42+00:00","breadcrumb":{"@id":"https:\/\/sudoesteacontece.com.br\/?p=10289#breadcrumb"},"inLanguage":"pt-BR","potentialAction":[{"@type":"ReadAction","target":["https:\/\/sudoesteacontece.com.br\/?p=10289"]}]},{"@type":"ImageObject","inLanguage":"pt-BR","@id":"https:\/\/sudoesteacontece.com.br\/?p=10289#primaryimage","url":"https:\/\/sudoesteacontece.com.br\/wp-content\/uploads\/2026\/03\/Dupla-e-assassinada-a-tiros-em-Taperoa-cidade-vive-noite-de-panico.jpg","contentUrl":"https:\/\/sudoesteacontece.com.br\/wp-content\/uploads\/2026\/03\/Dupla-e-assassinada-a-tiros-em-Taperoa-cidade-vive-noite-de-panico.jpg","width":900,"height":600},{"@type":"BreadcrumbList","@id":"https:\/\/sudoesteacontece.com.br\/?p=10289#breadcrumb","itemListElement":[{"@type":"ListItem","position":1,"name":"In\u00edcio","item":"https:\/\/sudoesteacontece.com.br\/"},{"@type":"ListItem","position":2,"name":"Dupla \u00e9 assassinada a tiros em Tapero\u00e1; cidade vive noite de p\u00e2nico"}]},{"@type":"WebSite","@id":"https:\/\/sudoesteacontece.com.br\/#website","url":"https:\/\/sudoesteacontece.com.br\/","name":"Sudoesteacontece","description":"","publisher":{"@id":"https:\/\/sudoesteacontece.com.br\/#organization"},"potentialAction":[{"@type":"SearchAction","target":{"@type":"EntryPoint","urlTemplate":"https:\/\/sudoesteacontece.com.br\/?s={search_term_string}"},"query-input":{"@type":"PropertyValueSpecification","valueRequired":true,"valueName":"search_term_string"}}],"inLanguage":"pt-BR"},{"@type":"Organization","@id":"https:\/\/sudoesteacontece.com.br\/#organization","name":"Sudoesteacontece","url":"https:\/\/sudoesteacontece.com.br\/","logo":{"@type":"ImageObject","inLanguage":"pt-BR","@id":"https:\/\/sudoesteacontece.com.br\/#\/schema\/logo\/image\/","url":"https:\/\/sudoesteacontece.com.br\/wp-content\/uploads\/2025\/12\/cropped-logo-2-180x180-1.png","contentUrl":"https:\/\/sudoesteacontece.com.br\/wp-content\/uploads\/2025\/12\/cropped-logo-2-180x180-1.png","width":180,"height":180,"caption":"Sudoesteacontece"},"image":{"@id":"https:\/\/sudoesteacontece.com.br\/#\/schema\/logo\/image\/"},"sameAs":["https:\/\/www.facebook.com\/sudoesteacontece\/?locale=pt_BR"]},{"@type":"Person","@id":"https:\/\/sudoesteacontece.com.br\/#\/schema\/person\/f4b00cd0a26ac17646f19707cdceb2ce","name":"sudoesteacontece","image":{"@type":"ImageObject","inLanguage":"pt-BR","@id":"https:\/\/sudoesteacontece.com.br\/#\/schema\/person\/image\/","url":"https:\/\/secure.gravatar.com\/avatar\/704557d1f79b454f041f9e5935f2b0e8393614e97e537fc508d1d628292cacfd?s=96&d=mm&r=g","contentUrl":"https:\/\/secure.gravatar.com\/avatar\/704557d1f79b454f041f9e5935f2b0e8393614e97e537fc508d1d628292cacfd?s=96&d=mm&r=g","caption":"sudoesteacontece"},"sameAs":["http:\/\/sudoesteacontece.com.br"],"url":"https:\/\/sudoesteacontece.com.br\/?author=1"}]}},"_links":{"self":[{"href":"https:\/\/sudoesteacontece.com.br\/index.php?rest_route=\/wp\/v2\/posts\/10289","targetHints":{"allow":["GET"]}}],"collection":[{"href":"https:\/\/sudoesteacontece.com.br\/index.php?rest_route=\/wp\/v2\/posts"}],"about":[{"href":"https:\/\/sudoesteacontece.com.br\/index.php?rest_route=\/wp\/v2\/types\/post"}],"author":[{"embeddable":true,"href":"https:\/\/sudoesteacontece.com.br\/index.php?rest_route=\/wp\/v2\/users\/1"}],"replies":[{"embeddable":true,"href":"https:\/\/sudoesteacontece.com.br\/index.php?rest_route=%2Fwp%2Fv2%2Fcomments&post=10289"}],"version-history":[{"count":0,"href":"https:\/\/sudoesteacontece.com.br\/index.php?rest_route=\/wp\/v2\/posts\/10289\/revisions"}],"wp:attachment":[{"href":"https:\/\/sudoesteacontece.com.br\/index.php?rest_route=%2Fwp%2Fv2%2Fmedia&parent=10289"}],"wp:term":[{"taxonomy":"category","embeddable":true,"href":"https:\/\/sudoesteacontece.com.br\/index.php?rest_route=%2Fwp%2Fv2%2Fcategories&post=10289"},{"taxonomy":"post_tag","embeddable":true,"href":"https:\/\/sudoesteacontece.com.br\/index.php?rest_route=%2Fwp%2Fv2%2Ftags&post=10289"}],"curies":[{"name":"wp","href":"https:\/\/api.w.org\/{rel}","templated":true}]}}