{"id":10303,"date":"2026-03-13T17:07:38","date_gmt":"2026-03-13T20:07:38","guid":{"rendered":"https:\/\/sudoesteacontece.com.br\/?p=10303"},"modified":"2026-03-13T17:07:43","modified_gmt":"2026-03-13T20:07:43","slug":"elmar-diz-que-angelo-coronel-esta-proximo-de-se-filiar-ao-republicanos-para-fortalecer-chapa-em-2026","status":"publish","type":"post","link":"https:\/\/sudoesteacontece.com.br\/?p=10303","title":{"rendered":"Elmar diz que Angelo Coronel est\u00e1 pr\u00f3ximo de se filiar ao Republicanos para fortalecer chapa em 2026"},"content":{"rendered":"<div class=\"wp-block-image\">\n<figure class=\"aligncenter size-full\"><img fetchpriority=\"high\" decoding=\"async\" width=\"900\" height=\"600\" src=\"http:\/\/sudoesteacontece.com.br\/wp-content\/uploads\/2026\/03\/Elmar-diz-que-Angelo-Coronel-esta-proximo-de-se-filiar-ao-Republicanos-para-fortalecer-chapa-em-2026.jpg\" alt=\"\" class=\"wp-image-10337\" srcset=\"https:\/\/sudoesteacontece.com.br\/wp-content\/uploads\/2026\/03\/Elmar-diz-que-Angelo-Coronel-esta-proximo-de-se-filiar-ao-Republicanos-para-fortalecer-chapa-em-2026.jpg 900w, https:\/\/sudoesteacontece.com.br\/wp-content\/uploads\/2026\/03\/Elmar-diz-que-Angelo-Coronel-esta-proximo-de-se-filiar-ao-Republicanos-para-fortalecer-chapa-em-2026-300x200.jpg 300w, https:\/\/sudoesteacontece.com.br\/wp-content\/uploads\/2026\/03\/Elmar-diz-que-Angelo-Coronel-esta-proximo-de-se-filiar-ao-Republicanos-para-fortalecer-chapa-em-2026-768x512.jpg 768w\" sizes=\"(max-width: 900px) 100vw, 900px\" \/><\/figure>\n<\/div>\n\n\n<p>Articula\u00e7\u00f5es pol\u00edticas para as elei\u00e7\u00f5es de 2026 avan\u00e7am nos bastidores da Bahia. O deputado federal Elmar Nascimento afirmou que o senador Angelo Coronel est\u00e1 pr\u00f3ximo de se filiar ao Republicanos. Segundo ele, a movimenta\u00e7\u00e3o seria o \u201ccaminho natural\u201d para fortalecer a chapa de oposi\u00e7\u00e3o ao governo estadual.<\/p>\n\n\n\n<p>Declara\u00e7\u00e3o foi dada durante entrevista \u00e0 r\u00e1dio CBN Salvador. De acordo com Elmar, o poss\u00edvel ingresso de Coronel na legenda depende de di\u00e1logo pol\u00edtico com a dire\u00e7\u00e3o do partido. O parlamentar destacou que a negocia\u00e7\u00e3o precisa respeitar a lideran\u00e7a do deputado federal M\u00e1rcio Marinho, respons\u00e1vel por comandar a sigla na Bahia.<\/p>\n\n\n\n<p>Fam\u00edlia Coronel tamb\u00e9m deve acompanhar a mudan\u00e7a partid\u00e1ria. Al\u00e9m do senador, os deputados Diego Coronel, federal, e Angelo Coronel Filho, estadual, s\u00e3o citados nas conversas para migra\u00e7\u00e3o ao Republicanos. A articula\u00e7\u00e3o envolve ainda tratativas com o presidente nacional da legenda, Marcos Pereira.<\/p>\n\n\n\n<p>Estrat\u00e9gia pol\u00edtica busca ampliar a for\u00e7a eleitoral do grupo para a disputa de 2026. Segundo Elmar, caso Coronel optasse por ingressar no Uni\u00e3o Brasil, partido ligado ao ex-prefeito de Salvador ACM Neto, poderia perder o discurso cr\u00edtico \u00e0 chamada \u201cchapa puro-sangue\u201d do Partido dos Trabalhadores.<\/p>\n\n\n\n<p>Cen\u00e1rio tamb\u00e9m envolve negocia\u00e7\u00f5es para ampliar a bancada federal do Republicanos na Bahia. Atualmente com tr\u00eas deputados, a legenda trabalha para chegar a at\u00e9 cinco parlamentares na pr\u00f3xima legislatura. Al\u00e9m de M\u00e1rcio Marinho e Rog\u00e9ria Santos, nomes como Leo Prates e Diego Coronel s\u00e3o citados como poss\u00edveis integrantes da nominata.<\/p>\n\n\n\n<p>Coordena\u00e7\u00e3o das articula\u00e7\u00f5es pol\u00edticas ocorre nos bastidores. Segundo Elmar, o prefeito de Salvador, Bruno Reis, tem participado das conversas para estruturar uma chapa competitiva. A estrat\u00e9gia busca fortalecer o partido tanto na disputa proporcional quanto na majorit\u00e1ria nas elei\u00e7\u00f5es de 2026.<\/p>\n","protected":false},"excerpt":{"rendered":"<p>Articula\u00e7\u00f5es pol\u00edticas para as elei\u00e7\u00f5es de 2026 avan\u00e7am nos bastidores da Bahia. O deputado federal Elmar Nascimento afirmou que o senador Angelo Coronel est\u00e1 pr\u00f3ximo de se filiar ao Republicanos. Segundo ele, a movimenta\u00e7\u00e3o seria o \u201ccaminho natural\u201d para fortalecer a chapa de oposi\u00e7\u00e3o ao governo estadual. Declara\u00e7\u00e3o foi dada durante entrevista \u00e0 r\u00e1dio CBN Salvador. De acordo com Elmar, o poss\u00edvel ingresso de Coronel na legenda depende de di\u00e1logo pol\u00edtico com a dire\u00e7\u00e3o do partido. O parlamentar destacou que a negocia\u00e7\u00e3o precisa respeitar a lideran\u00e7a do deputado federal M\u00e1rcio Marinho, respons\u00e1vel por comandar a sigla na Bahia. Fam\u00edlia Coronel tamb\u00e9m deve acompanhar a mudan\u00e7a partid\u00e1ria. Al\u00e9m do senador, os deputados Diego Coronel, federal, e Angelo Coronel Filho, estadual, s\u00e3o citados nas conversas para migra\u00e7\u00e3o ao Republicanos. A articula\u00e7\u00e3o envolve ainda tratativas com o presidente nacional da legenda, Marcos Pereira. Estrat\u00e9gia pol\u00edtica busca ampliar a for\u00e7a eleitoral do grupo para a disputa de 2026. Segundo Elmar, caso Coronel optasse por ingressar no Uni\u00e3o Brasil, partido ligado ao ex-prefeito de Salvador ACM Neto, poderia perder o discurso cr\u00edtico \u00e0 chamada \u201cchapa puro-sangue\u201d do Partido dos Trabalhadores. Cen\u00e1rio tamb\u00e9m envolve negocia\u00e7\u00f5es para ampliar a bancada federal do Republicanos na Bahia. Atualmente com tr\u00eas deputados, a legenda trabalha para chegar a at\u00e9 cinco parlamentares na pr\u00f3xima legislatura. Al\u00e9m de M\u00e1rcio Marinho e Rog\u00e9ria Santos, nomes como Leo Prates e Diego Coronel s\u00e3o citados como poss\u00edveis integrantes da nominata. Coordena\u00e7\u00e3o das articula\u00e7\u00f5es pol\u00edticas ocorre nos bastidores. Segundo Elmar, o prefeito de Salvador, Bruno Reis, tem participado das conversas para estruturar uma chapa competitiva. A estrat\u00e9gia busca fortalecer o partido tanto na disputa proporcional quanto na majorit\u00e1ria nas elei\u00e7\u00f5es de 2026.<\/p>\n","protected":false},"author":2,"featured_media":0,"comment_status":"open","ping_status":"open","sticky":false,"template":"","format":"standard","meta":{"footnotes":""},"categories":[7,58,6],"tags":[],"class_list":["post-10303","post","type-post","status-publish","format-standard","hentry","category-bahia","category-eleicoes-2026","category-politica"],"yoast_head":"<!-- This site is optimized with the Yoast SEO plugin v26.5 - https:\/\/yoast.com\/wordpress\/plugins\/seo\/ -->\n<title>Elmar diz que Angelo Coronel est\u00e1 pr\u00f3ximo de se filiar ao Republicanos para fortalecer chapa em 2026 - Sudoesteacontece<\/title>\n<meta name=\"robots\" content=\"index, follow, max-snippet:-1, max-image-preview:large, max-video-preview:-1\" \/>\n<link rel=\"canonical\" href=\"https:\/\/sudoesteacontece.com.br\/?p=10303\" \/>\n<meta property=\"og:locale\" content=\"pt_BR\" \/>\n<meta property=\"og:type\" content=\"article\" \/>\n<meta property=\"og:title\" content=\"Elmar diz que Angelo Coronel est\u00e1 pr\u00f3ximo de se filiar ao Republicanos para fortalecer chapa em 2026 - Sudoesteacontece\" \/>\n<meta property=\"og:description\" content=\"Articula\u00e7\u00f5es pol\u00edticas para as elei\u00e7\u00f5es de 2026 avan\u00e7am nos bastidores da Bahia. O deputado federal Elmar Nascimento afirmou que o senador Angelo Coronel est\u00e1 pr\u00f3ximo de se filiar ao Republicanos. Segundo ele, a movimenta\u00e7\u00e3o seria o \u201ccaminho natural\u201d para fortalecer a chapa de oposi\u00e7\u00e3o ao governo estadual. Declara\u00e7\u00e3o foi dada durante entrevista \u00e0 r\u00e1dio CBN Salvador. De acordo com Elmar, o poss\u00edvel ingresso de Coronel na legenda depende de di\u00e1logo pol\u00edtico com a dire\u00e7\u00e3o do partido. O parlamentar destacou que a negocia\u00e7\u00e3o precisa respeitar a lideran\u00e7a do deputado federal M\u00e1rcio Marinho, respons\u00e1vel por comandar a sigla na Bahia. Fam\u00edlia Coronel tamb\u00e9m deve acompanhar a mudan\u00e7a partid\u00e1ria. Al\u00e9m do senador, os deputados Diego Coronel, federal, e Angelo Coronel Filho, estadual, s\u00e3o citados nas conversas para migra\u00e7\u00e3o ao Republicanos. A articula\u00e7\u00e3o envolve ainda tratativas com o presidente nacional da legenda, Marcos Pereira. Estrat\u00e9gia pol\u00edtica busca ampliar a for\u00e7a eleitoral do grupo para a disputa de 2026. Segundo Elmar, caso Coronel optasse por ingressar no Uni\u00e3o Brasil, partido ligado ao ex-prefeito de Salvador ACM Neto, poderia perder o discurso cr\u00edtico \u00e0 chamada \u201cchapa puro-sangue\u201d do Partido dos Trabalhadores. Cen\u00e1rio tamb\u00e9m envolve negocia\u00e7\u00f5es para ampliar a bancada federal do Republicanos na Bahia. Atualmente com tr\u00eas deputados, a legenda trabalha para chegar a at\u00e9 cinco parlamentares na pr\u00f3xima legislatura. Al\u00e9m de M\u00e1rcio Marinho e Rog\u00e9ria Santos, nomes como Leo Prates e Diego Coronel s\u00e3o citados como poss\u00edveis integrantes da nominata. Coordena\u00e7\u00e3o das articula\u00e7\u00f5es pol\u00edticas ocorre nos bastidores. Segundo Elmar, o prefeito de Salvador, Bruno Reis, tem participado das conversas para estruturar uma chapa competitiva. A estrat\u00e9gia busca fortalecer o partido tanto na disputa proporcional quanto na majorit\u00e1ria nas elei\u00e7\u00f5es de 2026.\" \/>\n<meta property=\"og:url\" content=\"https:\/\/sudoesteacontece.com.br\/?p=10303\" \/>\n<meta property=\"og:site_name\" content=\"Sudoesteacontece\" \/>\n<meta property=\"article:publisher\" content=\"https:\/\/www.facebook.com\/sudoesteacontece\/?locale=pt_BR\" \/>\n<meta property=\"article:published_time\" content=\"2026-03-13T20:07:38+00:00\" \/>\n<meta property=\"article:modified_time\" content=\"2026-03-13T20:07:43+00:00\" \/>\n<meta property=\"og:image\" content=\"http:\/\/sudoesteacontece.com.br\/wp-content\/uploads\/2026\/03\/Elmar-diz-que-Angelo-Coronel-esta-proximo-de-se-filiar-ao-Republicanos-para-fortalecer-chapa-em-2026.jpg\" \/>\n<meta name=\"author\" content=\"Washington Tiago\" \/>\n<meta name=\"twitter:card\" content=\"summary_large_image\" \/>\n<meta name=\"twitter:label1\" content=\"Escrito por\" \/>\n\t<meta name=\"twitter:data1\" content=\"Washington Tiago\" \/>\n\t<meta name=\"twitter:label2\" content=\"Est. tempo de leitura\" \/>\n\t<meta name=\"twitter:data2\" content=\"2 minutos\" \/>\n<script type=\"application\/ld+json\" class=\"yoast-schema-graph\">{\"@context\":\"https:\/\/schema.org\",\"@graph\":[{\"@type\":\"Article\",\"@id\":\"https:\/\/sudoesteacontece.com.br\/?p=10303#article\",\"isPartOf\":{\"@id\":\"https:\/\/sudoesteacontece.com.br\/?p=10303\"},\"author\":{\"name\":\"Washington Tiago\",\"@id\":\"https:\/\/sudoesteacontece.com.br\/#\/schema\/person\/3cf2cf009926a9683ebc29d5379fa79c\"},\"headline\":\"Elmar diz que Angelo Coronel est\u00e1 pr\u00f3ximo de se filiar ao Republicanos para fortalecer chapa em 2026\",\"datePublished\":\"2026-03-13T20:07:38+00:00\",\"dateModified\":\"2026-03-13T20:07:43+00:00\",\"mainEntityOfPage\":{\"@id\":\"https:\/\/sudoesteacontece.com.br\/?p=10303\"},\"wordCount\":334,\"commentCount\":0,\"publisher\":{\"@id\":\"https:\/\/sudoesteacontece.com.br\/#organization\"},\"image\":{\"@id\":\"https:\/\/sudoesteacontece.com.br\/?p=10303#primaryimage\"},\"thumbnailUrl\":\"http:\/\/sudoesteacontece.com.br\/wp-content\/uploads\/2026\/03\/Elmar-diz-que-Angelo-Coronel-esta-proximo-de-se-filiar-ao-Republicanos-para-fortalecer-chapa-em-2026.jpg\",\"articleSection\":[\"Bahia\",\"Elei\u00e7\u00f5es 2026\",\"Pol\u00edtica\"],\"inLanguage\":\"pt-BR\",\"potentialAction\":[{\"@type\":\"CommentAction\",\"name\":\"Comment\",\"target\":[\"https:\/\/sudoesteacontece.com.br\/?p=10303#respond\"]}]},{\"@type\":\"WebPage\",\"@id\":\"https:\/\/sudoesteacontece.com.br\/?p=10303\",\"url\":\"https:\/\/sudoesteacontece.com.br\/?p=10303\",\"name\":\"Elmar diz que Angelo Coronel est\u00e1 pr\u00f3ximo de se filiar ao Republicanos para fortalecer chapa em 2026 - Sudoesteacontece\",\"isPartOf\":{\"@id\":\"https:\/\/sudoesteacontece.com.br\/#website\"},\"primaryImageOfPage\":{\"@id\":\"https:\/\/sudoesteacontece.com.br\/?p=10303#primaryimage\"},\"image\":{\"@id\":\"https:\/\/sudoesteacontece.com.br\/?p=10303#primaryimage\"},\"thumbnailUrl\":\"http:\/\/sudoesteacontece.com.br\/wp-content\/uploads\/2026\/03\/Elmar-diz-que-Angelo-Coronel-esta-proximo-de-se-filiar-ao-Republicanos-para-fortalecer-chapa-em-2026.jpg\",\"datePublished\":\"2026-03-13T20:07:38+00:00\",\"dateModified\":\"2026-03-13T20:07:43+00:00\",\"breadcrumb\":{\"@id\":\"https:\/\/sudoesteacontece.com.br\/?p=10303#breadcrumb\"},\"inLanguage\":\"pt-BR\",\"potentialAction\":[{\"@type\":\"ReadAction\",\"target\":[\"https:\/\/sudoesteacontece.com.br\/?p=10303\"]}]},{\"@type\":\"ImageObject\",\"inLanguage\":\"pt-BR\",\"@id\":\"https:\/\/sudoesteacontece.com.br\/?p=10303#primaryimage\",\"url\":\"https:\/\/sudoesteacontece.com.br\/wp-content\/uploads\/2026\/03\/Elmar-diz-que-Angelo-Coronel-esta-proximo-de-se-filiar-ao-Republicanos-para-fortalecer-chapa-em-2026.jpg\",\"contentUrl\":\"https:\/\/sudoesteacontece.com.br\/wp-content\/uploads\/2026\/03\/Elmar-diz-que-Angelo-Coronel-esta-proximo-de-se-filiar-ao-Republicanos-para-fortalecer-chapa-em-2026.jpg\",\"width\":900,\"height\":600},{\"@type\":\"BreadcrumbList\",\"@id\":\"https:\/\/sudoesteacontece.com.br\/?p=10303#breadcrumb\",\"itemListElement\":[{\"@type\":\"ListItem\",\"position\":1,\"name\":\"In\u00edcio\",\"item\":\"https:\/\/sudoesteacontece.com.br\/\"},{\"@type\":\"ListItem\",\"position\":2,\"name\":\"Elmar diz que Angelo Coronel est\u00e1 pr\u00f3ximo de se filiar ao Republicanos para fortalecer chapa em 2026\"}]},{\"@type\":\"WebSite\",\"@id\":\"https:\/\/sudoesteacontece.com.br\/#website\",\"url\":\"https:\/\/sudoesteacontece.com.br\/\",\"name\":\"Sudoesteacontece\",\"description\":\"\",\"publisher\":{\"@id\":\"https:\/\/sudoesteacontece.com.br\/#organization\"},\"potentialAction\":[{\"@type\":\"SearchAction\",\"target\":{\"@type\":\"EntryPoint\",\"urlTemplate\":\"https:\/\/sudoesteacontece.com.br\/?s={search_term_string}\"},\"query-input\":{\"@type\":\"PropertyValueSpecification\",\"valueRequired\":true,\"valueName\":\"search_term_string\"}}],\"inLanguage\":\"pt-BR\"},{\"@type\":\"Organization\",\"@id\":\"https:\/\/sudoesteacontece.com.br\/#organization\",\"name\":\"Sudoesteacontece\",\"url\":\"https:\/\/sudoesteacontece.com.br\/\",\"logo\":{\"@type\":\"ImageObject\",\"inLanguage\":\"pt-BR\",\"@id\":\"https:\/\/sudoesteacontece.com.br\/#\/schema\/logo\/image\/\",\"url\":\"https:\/\/sudoesteacontece.com.br\/wp-content\/uploads\/2025\/12\/cropped-logo-2-180x180-1.png\",\"contentUrl\":\"https:\/\/sudoesteacontece.com.br\/wp-content\/uploads\/2025\/12\/cropped-logo-2-180x180-1.png\",\"width\":180,\"height\":180,\"caption\":\"Sudoesteacontece\"},\"image\":{\"@id\":\"https:\/\/sudoesteacontece.com.br\/#\/schema\/logo\/image\/\"},\"sameAs\":[\"https:\/\/www.facebook.com\/sudoesteacontece\/?locale=pt_BR\"]},{\"@type\":\"Person\",\"@id\":\"https:\/\/sudoesteacontece.com.br\/#\/schema\/person\/3cf2cf009926a9683ebc29d5379fa79c\",\"name\":\"Washington Tiago\",\"image\":{\"@type\":\"ImageObject\",\"inLanguage\":\"pt-BR\",\"@id\":\"https:\/\/sudoesteacontece.com.br\/#\/schema\/person\/image\/\",\"url\":\"https:\/\/secure.gravatar.com\/avatar\/33c43b8668157e040f9d1fe93c354bf087cbd8ba36270c1163198bd3ddcf2a56?s=96&d=mm&r=g\",\"contentUrl\":\"https:\/\/secure.gravatar.com\/avatar\/33c43b8668157e040f9d1fe93c354bf087cbd8ba36270c1163198bd3ddcf2a56?s=96&d=mm&r=g\",\"caption\":\"Washington Tiago\"},\"url\":\"https:\/\/sudoesteacontece.com.br\/?author=2\"}]}<\/script>\n<!-- \/ Yoast SEO plugin. -->","yoast_head_json":{"title":"Elmar diz que Angelo Coronel est\u00e1 pr\u00f3ximo de se filiar ao Republicanos para fortalecer chapa em 2026 - Sudoesteacontece","robots":{"index":"index","follow":"follow","max-snippet":"max-snippet:-1","max-image-preview":"max-image-preview:large","max-video-preview":"max-video-preview:-1"},"canonical":"https:\/\/sudoesteacontece.com.br\/?p=10303","og_locale":"pt_BR","og_type":"article","og_title":"Elmar diz que Angelo Coronel est\u00e1 pr\u00f3ximo de se filiar ao Republicanos para fortalecer chapa em 2026 - Sudoesteacontece","og_description":"Articula\u00e7\u00f5es pol\u00edticas para as elei\u00e7\u00f5es de 2026 avan\u00e7am nos bastidores da Bahia. O deputado federal Elmar Nascimento afirmou que o senador Angelo Coronel est\u00e1 pr\u00f3ximo de se filiar ao Republicanos. Segundo ele, a movimenta\u00e7\u00e3o seria o \u201ccaminho natural\u201d para fortalecer a chapa de oposi\u00e7\u00e3o ao governo estadual. Declara\u00e7\u00e3o foi dada durante entrevista \u00e0 r\u00e1dio CBN Salvador. De acordo com Elmar, o poss\u00edvel ingresso de Coronel na legenda depende de di\u00e1logo pol\u00edtico com a dire\u00e7\u00e3o do partido. O parlamentar destacou que a negocia\u00e7\u00e3o precisa respeitar a lideran\u00e7a do deputado federal M\u00e1rcio Marinho, respons\u00e1vel por comandar a sigla na Bahia. Fam\u00edlia Coronel tamb\u00e9m deve acompanhar a mudan\u00e7a partid\u00e1ria. Al\u00e9m do senador, os deputados Diego Coronel, federal, e Angelo Coronel Filho, estadual, s\u00e3o citados nas conversas para migra\u00e7\u00e3o ao Republicanos. A articula\u00e7\u00e3o envolve ainda tratativas com o presidente nacional da legenda, Marcos Pereira. Estrat\u00e9gia pol\u00edtica busca ampliar a for\u00e7a eleitoral do grupo para a disputa de 2026. Segundo Elmar, caso Coronel optasse por ingressar no Uni\u00e3o Brasil, partido ligado ao ex-prefeito de Salvador ACM Neto, poderia perder o discurso cr\u00edtico \u00e0 chamada \u201cchapa puro-sangue\u201d do Partido dos Trabalhadores. Cen\u00e1rio tamb\u00e9m envolve negocia\u00e7\u00f5es para ampliar a bancada federal do Republicanos na Bahia. Atualmente com tr\u00eas deputados, a legenda trabalha para chegar a at\u00e9 cinco parlamentares na pr\u00f3xima legislatura. Al\u00e9m de M\u00e1rcio Marinho e Rog\u00e9ria Santos, nomes como Leo Prates e Diego Coronel s\u00e3o citados como poss\u00edveis integrantes da nominata. Coordena\u00e7\u00e3o das articula\u00e7\u00f5es pol\u00edticas ocorre nos bastidores. Segundo Elmar, o prefeito de Salvador, Bruno Reis, tem participado das conversas para estruturar uma chapa competitiva. A estrat\u00e9gia busca fortalecer o partido tanto na disputa proporcional quanto na majorit\u00e1ria nas elei\u00e7\u00f5es de 2026.","og_url":"https:\/\/sudoesteacontece.com.br\/?p=10303","og_site_name":"Sudoesteacontece","article_publisher":"https:\/\/www.facebook.com\/sudoesteacontece\/?locale=pt_BR","article_published_time":"2026-03-13T20:07:38+00:00","article_modified_time":"2026-03-13T20:07:43+00:00","og_image":[{"url":"http:\/\/sudoesteacontece.com.br\/wp-content\/uploads\/2026\/03\/Elmar-diz-que-Angelo-Coronel-esta-proximo-de-se-filiar-ao-Republicanos-para-fortalecer-chapa-em-2026.jpg","type":"","width":"","height":""}],"author":"Washington Tiago","twitter_card":"summary_large_image","twitter_misc":{"Escrito por":"Washington Tiago","Est. tempo de leitura":"2 minutos"},"schema":{"@context":"https:\/\/schema.org","@graph":[{"@type":"Article","@id":"https:\/\/sudoesteacontece.com.br\/?p=10303#article","isPartOf":{"@id":"https:\/\/sudoesteacontece.com.br\/?p=10303"},"author":{"name":"Washington Tiago","@id":"https:\/\/sudoesteacontece.com.br\/#\/schema\/person\/3cf2cf009926a9683ebc29d5379fa79c"},"headline":"Elmar diz que Angelo Coronel est\u00e1 pr\u00f3ximo de se filiar ao Republicanos para fortalecer chapa em 2026","datePublished":"2026-03-13T20:07:38+00:00","dateModified":"2026-03-13T20:07:43+00:00","mainEntityOfPage":{"@id":"https:\/\/sudoesteacontece.com.br\/?p=10303"},"wordCount":334,"commentCount":0,"publisher":{"@id":"https:\/\/sudoesteacontece.com.br\/#organization"},"image":{"@id":"https:\/\/sudoesteacontece.com.br\/?p=10303#primaryimage"},"thumbnailUrl":"http:\/\/sudoesteacontece.com.br\/wp-content\/uploads\/2026\/03\/Elmar-diz-que-Angelo-Coronel-esta-proximo-de-se-filiar-ao-Republicanos-para-fortalecer-chapa-em-2026.jpg","articleSection":["Bahia","Elei\u00e7\u00f5es 2026","Pol\u00edtica"],"inLanguage":"pt-BR","potentialAction":[{"@type":"CommentAction","name":"Comment","target":["https:\/\/sudoesteacontece.com.br\/?p=10303#respond"]}]},{"@type":"WebPage","@id":"https:\/\/sudoesteacontece.com.br\/?p=10303","url":"https:\/\/sudoesteacontece.com.br\/?p=10303","name":"Elmar diz que Angelo Coronel est\u00e1 pr\u00f3ximo de se filiar ao Republicanos para fortalecer chapa em 2026 - Sudoesteacontece","isPartOf":{"@id":"https:\/\/sudoesteacontece.com.br\/#website"},"primaryImageOfPage":{"@id":"https:\/\/sudoesteacontece.com.br\/?p=10303#primaryimage"},"image":{"@id":"https:\/\/sudoesteacontece.com.br\/?p=10303#primaryimage"},"thumbnailUrl":"http:\/\/sudoesteacontece.com.br\/wp-content\/uploads\/2026\/03\/Elmar-diz-que-Angelo-Coronel-esta-proximo-de-se-filiar-ao-Republicanos-para-fortalecer-chapa-em-2026.jpg","datePublished":"2026-03-13T20:07:38+00:00","dateModified":"2026-03-13T20:07:43+00:00","breadcrumb":{"@id":"https:\/\/sudoesteacontece.com.br\/?p=10303#breadcrumb"},"inLanguage":"pt-BR","potentialAction":[{"@type":"ReadAction","target":["https:\/\/sudoesteacontece.com.br\/?p=10303"]}]},{"@type":"ImageObject","inLanguage":"pt-BR","@id":"https:\/\/sudoesteacontece.com.br\/?p=10303#primaryimage","url":"https:\/\/sudoesteacontece.com.br\/wp-content\/uploads\/2026\/03\/Elmar-diz-que-Angelo-Coronel-esta-proximo-de-se-filiar-ao-Republicanos-para-fortalecer-chapa-em-2026.jpg","contentUrl":"https:\/\/sudoesteacontece.com.br\/wp-content\/uploads\/2026\/03\/Elmar-diz-que-Angelo-Coronel-esta-proximo-de-se-filiar-ao-Republicanos-para-fortalecer-chapa-em-2026.jpg","width":900,"height":600},{"@type":"BreadcrumbList","@id":"https:\/\/sudoesteacontece.com.br\/?p=10303#breadcrumb","itemListElement":[{"@type":"ListItem","position":1,"name":"In\u00edcio","item":"https:\/\/sudoesteacontece.com.br\/"},{"@type":"ListItem","position":2,"name":"Elmar diz que Angelo Coronel est\u00e1 pr\u00f3ximo de se filiar ao Republicanos para fortalecer chapa em 2026"}]},{"@type":"WebSite","@id":"https:\/\/sudoesteacontece.com.br\/#website","url":"https:\/\/sudoesteacontece.com.br\/","name":"Sudoesteacontece","description":"","publisher":{"@id":"https:\/\/sudoesteacontece.com.br\/#organization"},"potentialAction":[{"@type":"SearchAction","target":{"@type":"EntryPoint","urlTemplate":"https:\/\/sudoesteacontece.com.br\/?s={search_term_string}"},"query-input":{"@type":"PropertyValueSpecification","valueRequired":true,"valueName":"search_term_string"}}],"inLanguage":"pt-BR"},{"@type":"Organization","@id":"https:\/\/sudoesteacontece.com.br\/#organization","name":"Sudoesteacontece","url":"https:\/\/sudoesteacontece.com.br\/","logo":{"@type":"ImageObject","inLanguage":"pt-BR","@id":"https:\/\/sudoesteacontece.com.br\/#\/schema\/logo\/image\/","url":"https:\/\/sudoesteacontece.com.br\/wp-content\/uploads\/2025\/12\/cropped-logo-2-180x180-1.png","contentUrl":"https:\/\/sudoesteacontece.com.br\/wp-content\/uploads\/2025\/12\/cropped-logo-2-180x180-1.png","width":180,"height":180,"caption":"Sudoesteacontece"},"image":{"@id":"https:\/\/sudoesteacontece.com.br\/#\/schema\/logo\/image\/"},"sameAs":["https:\/\/www.facebook.com\/sudoesteacontece\/?locale=pt_BR"]},{"@type":"Person","@id":"https:\/\/sudoesteacontece.com.br\/#\/schema\/person\/3cf2cf009926a9683ebc29d5379fa79c","name":"Washington Tiago","image":{"@type":"ImageObject","inLanguage":"pt-BR","@id":"https:\/\/sudoesteacontece.com.br\/#\/schema\/person\/image\/","url":"https:\/\/secure.gravatar.com\/avatar\/33c43b8668157e040f9d1fe93c354bf087cbd8ba36270c1163198bd3ddcf2a56?s=96&d=mm&r=g","contentUrl":"https:\/\/secure.gravatar.com\/avatar\/33c43b8668157e040f9d1fe93c354bf087cbd8ba36270c1163198bd3ddcf2a56?s=96&d=mm&r=g","caption":"Washington Tiago"},"url":"https:\/\/sudoesteacontece.com.br\/?author=2"}]}},"_links":{"self":[{"href":"https:\/\/sudoesteacontece.com.br\/index.php?rest_route=\/wp\/v2\/posts\/10303","targetHints":{"allow":["GET"]}}],"collection":[{"href":"https:\/\/sudoesteacontece.com.br\/index.php?rest_route=\/wp\/v2\/posts"}],"about":[{"href":"https:\/\/sudoesteacontece.com.br\/index.php?rest_route=\/wp\/v2\/types\/post"}],"author":[{"embeddable":true,"href":"https:\/\/sudoesteacontece.com.br\/index.php?rest_route=\/wp\/v2\/users\/2"}],"replies":[{"embeddable":true,"href":"https:\/\/sudoesteacontece.com.br\/index.php?rest_route=%2Fwp%2Fv2%2Fcomments&post=10303"}],"version-history":[{"count":0,"href":"https:\/\/sudoesteacontece.com.br\/index.php?rest_route=\/wp\/v2\/posts\/10303\/revisions"}],"wp:attachment":[{"href":"https:\/\/sudoesteacontece.com.br\/index.php?rest_route=%2Fwp%2Fv2%2Fmedia&parent=10303"}],"wp:term":[{"taxonomy":"category","embeddable":true,"href":"https:\/\/sudoesteacontece.com.br\/index.php?rest_route=%2Fwp%2Fv2%2Fcategories&post=10303"},{"taxonomy":"post_tag","embeddable":true,"href":"https:\/\/sudoesteacontece.com.br\/index.php?rest_route=%2Fwp%2Fv2%2Ftags&post=10303"}],"curies":[{"name":"wp","href":"https:\/\/api.w.org\/{rel}","templated":true}]}}