{"id":10307,"date":"2026-03-13T17:15:10","date_gmt":"2026-03-13T20:15:10","guid":{"rendered":"https:\/\/sudoesteacontece.com.br\/?p=10307"},"modified":"2026-03-13T17:15:15","modified_gmt":"2026-03-13T20:15:15","slug":"brumado-tera-3a-caminhada-para-jesus-com-louvor-trio-eletrico-e-programacao-para-criancas","status":"publish","type":"post","link":"https:\/\/sudoesteacontece.com.br\/?p=10307","title":{"rendered":"Brumado ter\u00e1 3\u00aa Caminhada Para Jesus com louvor, trio el\u00e9trico e programa\u00e7\u00e3o para crian\u00e7as"},"content":{"rendered":"<div class=\"wp-block-image\">\n<figure class=\"aligncenter size-full\"><img fetchpriority=\"high\" decoding=\"async\" width=\"900\" height=\"600\" src=\"http:\/\/sudoesteacontece.com.br\/wp-content\/uploads\/2026\/03\/Brumado-tera-3a-Caminhada-Para-Jesus-com-louvor-trio-eletrico-e-programacao-para-criancas.jpg\" alt=\"\" class=\"wp-image-10343\" srcset=\"https:\/\/sudoesteacontece.com.br\/wp-content\/uploads\/2026\/03\/Brumado-tera-3a-Caminhada-Para-Jesus-com-louvor-trio-eletrico-e-programacao-para-criancas.jpg 900w, https:\/\/sudoesteacontece.com.br\/wp-content\/uploads\/2026\/03\/Brumado-tera-3a-Caminhada-Para-Jesus-com-louvor-trio-eletrico-e-programacao-para-criancas-300x200.jpg 300w, https:\/\/sudoesteacontece.com.br\/wp-content\/uploads\/2026\/03\/Brumado-tera-3a-Caminhada-Para-Jesus-com-louvor-trio-eletrico-e-programacao-para-criancas-768x512.jpg 768w\" sizes=\"(max-width: 900px) 100vw, 900px\" \/><\/figure>\n<\/div>\n\n\n<p>A comunidade evang\u00e9lica de Brumado realizar\u00e1 no dia 11 de abril a terceira edi\u00e7\u00e3o da Caminhada Para Jesus. O evento religioso deve reunir fi\u00e9is de diferentes igrejas em um momento de f\u00e9, louvor e confraterniza\u00e7\u00e3o pelas ruas da cidade. Organiza\u00e7\u00e3o do evento informou que os preparativos est\u00e3o em fase final.<\/p>\n\n\n\n<p> Segundo Fabr\u00edcio Matos, integrante da coordena\u00e7\u00e3o, a expectativa \u00e9 ampliar a estrutura e garantir mais seguran\u00e7a aos participantes em compara\u00e7\u00e3o com as edi\u00e7\u00f5es anteriores. Programa\u00e7\u00e3o tamb\u00e9m inclui atividades voltadas para o p\u00fablico infantil. Um espa\u00e7o chamado Vila Kids ser\u00e1 montado para receber as crian\u00e7as, com distribui\u00e7\u00e3o de doces, cachorro-quente e outras guloseimas. O local contar\u00e1 ainda com apresenta\u00e7\u00e3o musical do cantor Tio Rodolfo.<\/p>\n\n\n\n<p>Evento ter\u00e1 in\u00edcio \u00e0s 16h com abertura da Vila Kids. A caminhada est\u00e1 marcada para come\u00e7ar \u00e0s 18h, com sa\u00edda do estacionamento da Feira Livre e percurso at\u00e9 a Pra\u00e7a Armindo Azevedo, acompanhada por trio el\u00e9trico ao longo do trajeto. Atra\u00e7\u00f5es musicais confirmadas incluem a banda Meu Minist\u00e9rio e apresenta\u00e7\u00f5es dos cantores Edvenas e Guilherme Camargo. <\/p>\n\n\n\n<p>Durante o percurso e na chegada, tamb\u00e9m est\u00e3o previstos momentos de louvor, prega\u00e7\u00e3o e ora\u00e7\u00e3o. Organiza\u00e7\u00e3o avalia que a mobiliza\u00e7\u00e3o das igrejas e da comunidade tem sido positiva. De acordo com os organizadores, o objetivo \u00e9 promover um evento estruturado e acolhedor para fortalecer a f\u00e9 e a uni\u00e3o entre os participantes.<\/p>\n\n\n\n<p>Interessados em participar podem adquirir a camisa oficial da caminhada pelo valor de R$ 40. A expectativa \u00e9 reunir um grande p\u00fablico na celebra\u00e7\u00e3o religiosa que j\u00e1 se tornou tradicional no calend\u00e1rio evang\u00e9lico do munic\u00edpio.<\/p>\n","protected":false},"excerpt":{"rendered":"<p>A comunidade evang\u00e9lica de Brumado realizar\u00e1 no dia 11 de abril a terceira edi\u00e7\u00e3o da Caminhada Para Jesus. O evento religioso deve reunir fi\u00e9is de diferentes igrejas em um momento de f\u00e9, louvor e confraterniza\u00e7\u00e3o pelas ruas da cidade. Organiza\u00e7\u00e3o do evento informou que os preparativos est\u00e3o em fase final. Segundo Fabr\u00edcio Matos, integrante da coordena\u00e7\u00e3o, a expectativa \u00e9 ampliar a estrutura e garantir mais seguran\u00e7a aos participantes em compara\u00e7\u00e3o com as edi\u00e7\u00f5es anteriores. Programa\u00e7\u00e3o tamb\u00e9m inclui atividades voltadas para o p\u00fablico infantil. Um espa\u00e7o chamado Vila Kids ser\u00e1 montado para receber as crian\u00e7as, com distribui\u00e7\u00e3o de doces, cachorro-quente e outras guloseimas. O local contar\u00e1 ainda com apresenta\u00e7\u00e3o musical do cantor Tio Rodolfo. Evento ter\u00e1 in\u00edcio \u00e0s 16h com abertura da Vila Kids. A caminhada est\u00e1 marcada para come\u00e7ar \u00e0s 18h, com sa\u00edda do estacionamento da Feira Livre e percurso at\u00e9 a Pra\u00e7a Armindo Azevedo, acompanhada por trio el\u00e9trico ao longo do trajeto. Atra\u00e7\u00f5es musicais confirmadas incluem a banda Meu Minist\u00e9rio e apresenta\u00e7\u00f5es dos cantores Edvenas e Guilherme Camargo. Durante o percurso e na chegada, tamb\u00e9m est\u00e3o previstos momentos de louvor, prega\u00e7\u00e3o e ora\u00e7\u00e3o. Organiza\u00e7\u00e3o avalia que a mobiliza\u00e7\u00e3o das igrejas e da comunidade tem sido positiva. De acordo com os organizadores, o objetivo \u00e9 promover um evento estruturado e acolhedor para fortalecer a f\u00e9 e a uni\u00e3o entre os participantes. Interessados em participar podem adquirir a camisa oficial da caminhada pelo valor de R$ 40. A expectativa \u00e9 reunir um grande p\u00fablico na celebra\u00e7\u00e3o religiosa que j\u00e1 se tornou tradicional no calend\u00e1rio evang\u00e9lico do munic\u00edpio.<\/p>\n","protected":false},"author":2,"featured_media":10343,"comment_status":"open","ping_status":"open","sticky":false,"template":"","format":"standard","meta":{"footnotes":""},"categories":[10,4,61],"tags":[],"class_list":["post-10307","post","type-post","status-publish","format-standard","has-post-thumbnail","hentry","category-brumado","category-cidades","category-religiao"],"yoast_head":"<!-- This site is optimized with the Yoast SEO plugin v26.5 - https:\/\/yoast.com\/wordpress\/plugins\/seo\/ -->\n<title>Brumado ter\u00e1 3\u00aa Caminhada Para Jesus com louvor, trio el\u00e9trico e programa\u00e7\u00e3o para crian\u00e7as - Sudoesteacontece<\/title>\n<meta name=\"robots\" content=\"index, follow, max-snippet:-1, max-image-preview:large, max-video-preview:-1\" \/>\n<link rel=\"canonical\" href=\"https:\/\/sudoesteacontece.com.br\/?p=10307\" \/>\n<meta property=\"og:locale\" content=\"pt_BR\" \/>\n<meta property=\"og:type\" content=\"article\" \/>\n<meta property=\"og:title\" content=\"Brumado ter\u00e1 3\u00aa Caminhada Para Jesus com louvor, trio el\u00e9trico e programa\u00e7\u00e3o para crian\u00e7as - Sudoesteacontece\" \/>\n<meta property=\"og:description\" content=\"A comunidade evang\u00e9lica de Brumado realizar\u00e1 no dia 11 de abril a terceira edi\u00e7\u00e3o da Caminhada Para Jesus. O evento religioso deve reunir fi\u00e9is de diferentes igrejas em um momento de f\u00e9, louvor e confraterniza\u00e7\u00e3o pelas ruas da cidade. Organiza\u00e7\u00e3o do evento informou que os preparativos est\u00e3o em fase final. Segundo Fabr\u00edcio Matos, integrante da coordena\u00e7\u00e3o, a expectativa \u00e9 ampliar a estrutura e garantir mais seguran\u00e7a aos participantes em compara\u00e7\u00e3o com as edi\u00e7\u00f5es anteriores. Programa\u00e7\u00e3o tamb\u00e9m inclui atividades voltadas para o p\u00fablico infantil. Um espa\u00e7o chamado Vila Kids ser\u00e1 montado para receber as crian\u00e7as, com distribui\u00e7\u00e3o de doces, cachorro-quente e outras guloseimas. O local contar\u00e1 ainda com apresenta\u00e7\u00e3o musical do cantor Tio Rodolfo. Evento ter\u00e1 in\u00edcio \u00e0s 16h com abertura da Vila Kids. A caminhada est\u00e1 marcada para come\u00e7ar \u00e0s 18h, com sa\u00edda do estacionamento da Feira Livre e percurso at\u00e9 a Pra\u00e7a Armindo Azevedo, acompanhada por trio el\u00e9trico ao longo do trajeto. Atra\u00e7\u00f5es musicais confirmadas incluem a banda Meu Minist\u00e9rio e apresenta\u00e7\u00f5es dos cantores Edvenas e Guilherme Camargo. Durante o percurso e na chegada, tamb\u00e9m est\u00e3o previstos momentos de louvor, prega\u00e7\u00e3o e ora\u00e7\u00e3o. Organiza\u00e7\u00e3o avalia que a mobiliza\u00e7\u00e3o das igrejas e da comunidade tem sido positiva. De acordo com os organizadores, o objetivo \u00e9 promover um evento estruturado e acolhedor para fortalecer a f\u00e9 e a uni\u00e3o entre os participantes. Interessados em participar podem adquirir a camisa oficial da caminhada pelo valor de R$ 40. A expectativa \u00e9 reunir um grande p\u00fablico na celebra\u00e7\u00e3o religiosa que j\u00e1 se tornou tradicional no calend\u00e1rio evang\u00e9lico do munic\u00edpio.\" \/>\n<meta property=\"og:url\" content=\"https:\/\/sudoesteacontece.com.br\/?p=10307\" \/>\n<meta property=\"og:site_name\" content=\"Sudoesteacontece\" \/>\n<meta property=\"article:publisher\" content=\"https:\/\/www.facebook.com\/sudoesteacontece\/?locale=pt_BR\" \/>\n<meta property=\"article:published_time\" content=\"2026-03-13T20:15:10+00:00\" \/>\n<meta property=\"article:modified_time\" content=\"2026-03-13T20:15:15+00:00\" \/>\n<meta property=\"og:image\" content=\"https:\/\/sudoesteacontece.com.br\/wp-content\/uploads\/2026\/03\/Brumado-tera-3a-Caminhada-Para-Jesus-com-louvor-trio-eletrico-e-programacao-para-criancas.jpg\" \/>\n\t<meta property=\"og:image:width\" content=\"900\" \/>\n\t<meta property=\"og:image:height\" content=\"600\" \/>\n\t<meta property=\"og:image:type\" content=\"image\/jpeg\" \/>\n<meta name=\"author\" content=\"Washington Tiago\" \/>\n<meta name=\"twitter:card\" content=\"summary_large_image\" \/>\n<meta name=\"twitter:label1\" content=\"Escrito por\" \/>\n\t<meta name=\"twitter:data1\" content=\"Washington Tiago\" \/>\n\t<meta name=\"twitter:label2\" content=\"Est. tempo de leitura\" \/>\n\t<meta name=\"twitter:data2\" content=\"2 minutos\" \/>\n<script type=\"application\/ld+json\" class=\"yoast-schema-graph\">{\"@context\":\"https:\/\/schema.org\",\"@graph\":[{\"@type\":\"Article\",\"@id\":\"https:\/\/sudoesteacontece.com.br\/?p=10307#article\",\"isPartOf\":{\"@id\":\"https:\/\/sudoesteacontece.com.br\/?p=10307\"},\"author\":{\"name\":\"Washington Tiago\",\"@id\":\"https:\/\/sudoesteacontece.com.br\/#\/schema\/person\/3cf2cf009926a9683ebc29d5379fa79c\"},\"headline\":\"Brumado ter\u00e1 3\u00aa Caminhada Para Jesus com louvor, trio el\u00e9trico e programa\u00e7\u00e3o para crian\u00e7as\",\"datePublished\":\"2026-03-13T20:15:10+00:00\",\"dateModified\":\"2026-03-13T20:15:15+00:00\",\"mainEntityOfPage\":{\"@id\":\"https:\/\/sudoesteacontece.com.br\/?p=10307\"},\"wordCount\":305,\"commentCount\":0,\"publisher\":{\"@id\":\"https:\/\/sudoesteacontece.com.br\/#organization\"},\"image\":{\"@id\":\"https:\/\/sudoesteacontece.com.br\/?p=10307#primaryimage\"},\"thumbnailUrl\":\"https:\/\/sudoesteacontece.com.br\/wp-content\/uploads\/2026\/03\/Brumado-tera-3a-Caminhada-Para-Jesus-com-louvor-trio-eletrico-e-programacao-para-criancas.jpg\",\"articleSection\":[\"Brumado\",\"Cidades\",\"Religi\u00e3o\"],\"inLanguage\":\"pt-BR\",\"potentialAction\":[{\"@type\":\"CommentAction\",\"name\":\"Comment\",\"target\":[\"https:\/\/sudoesteacontece.com.br\/?p=10307#respond\"]}]},{\"@type\":\"WebPage\",\"@id\":\"https:\/\/sudoesteacontece.com.br\/?p=10307\",\"url\":\"https:\/\/sudoesteacontece.com.br\/?p=10307\",\"name\":\"Brumado ter\u00e1 3\u00aa Caminhada Para Jesus com louvor, trio el\u00e9trico e programa\u00e7\u00e3o para crian\u00e7as - Sudoesteacontece\",\"isPartOf\":{\"@id\":\"https:\/\/sudoesteacontece.com.br\/#website\"},\"primaryImageOfPage\":{\"@id\":\"https:\/\/sudoesteacontece.com.br\/?p=10307#primaryimage\"},\"image\":{\"@id\":\"https:\/\/sudoesteacontece.com.br\/?p=10307#primaryimage\"},\"thumbnailUrl\":\"https:\/\/sudoesteacontece.com.br\/wp-content\/uploads\/2026\/03\/Brumado-tera-3a-Caminhada-Para-Jesus-com-louvor-trio-eletrico-e-programacao-para-criancas.jpg\",\"datePublished\":\"2026-03-13T20:15:10+00:00\",\"dateModified\":\"2026-03-13T20:15:15+00:00\",\"breadcrumb\":{\"@id\":\"https:\/\/sudoesteacontece.com.br\/?p=10307#breadcrumb\"},\"inLanguage\":\"pt-BR\",\"potentialAction\":[{\"@type\":\"ReadAction\",\"target\":[\"https:\/\/sudoesteacontece.com.br\/?p=10307\"]}]},{\"@type\":\"ImageObject\",\"inLanguage\":\"pt-BR\",\"@id\":\"https:\/\/sudoesteacontece.com.br\/?p=10307#primaryimage\",\"url\":\"https:\/\/sudoesteacontece.com.br\/wp-content\/uploads\/2026\/03\/Brumado-tera-3a-Caminhada-Para-Jesus-com-louvor-trio-eletrico-e-programacao-para-criancas.jpg\",\"contentUrl\":\"https:\/\/sudoesteacontece.com.br\/wp-content\/uploads\/2026\/03\/Brumado-tera-3a-Caminhada-Para-Jesus-com-louvor-trio-eletrico-e-programacao-para-criancas.jpg\",\"width\":900,\"height\":600},{\"@type\":\"BreadcrumbList\",\"@id\":\"https:\/\/sudoesteacontece.com.br\/?p=10307#breadcrumb\",\"itemListElement\":[{\"@type\":\"ListItem\",\"position\":1,\"name\":\"In\u00edcio\",\"item\":\"https:\/\/sudoesteacontece.com.br\/\"},{\"@type\":\"ListItem\",\"position\":2,\"name\":\"Brumado ter\u00e1 3\u00aa Caminhada Para Jesus com louvor, trio el\u00e9trico e programa\u00e7\u00e3o para crian\u00e7as\"}]},{\"@type\":\"WebSite\",\"@id\":\"https:\/\/sudoesteacontece.com.br\/#website\",\"url\":\"https:\/\/sudoesteacontece.com.br\/\",\"name\":\"Sudoesteacontece\",\"description\":\"\",\"publisher\":{\"@id\":\"https:\/\/sudoesteacontece.com.br\/#organization\"},\"potentialAction\":[{\"@type\":\"SearchAction\",\"target\":{\"@type\":\"EntryPoint\",\"urlTemplate\":\"https:\/\/sudoesteacontece.com.br\/?s={search_term_string}\"},\"query-input\":{\"@type\":\"PropertyValueSpecification\",\"valueRequired\":true,\"valueName\":\"search_term_string\"}}],\"inLanguage\":\"pt-BR\"},{\"@type\":\"Organization\",\"@id\":\"https:\/\/sudoesteacontece.com.br\/#organization\",\"name\":\"Sudoesteacontece\",\"url\":\"https:\/\/sudoesteacontece.com.br\/\",\"logo\":{\"@type\":\"ImageObject\",\"inLanguage\":\"pt-BR\",\"@id\":\"https:\/\/sudoesteacontece.com.br\/#\/schema\/logo\/image\/\",\"url\":\"https:\/\/sudoesteacontece.com.br\/wp-content\/uploads\/2025\/12\/cropped-logo-2-180x180-1.png\",\"contentUrl\":\"https:\/\/sudoesteacontece.com.br\/wp-content\/uploads\/2025\/12\/cropped-logo-2-180x180-1.png\",\"width\":180,\"height\":180,\"caption\":\"Sudoesteacontece\"},\"image\":{\"@id\":\"https:\/\/sudoesteacontece.com.br\/#\/schema\/logo\/image\/\"},\"sameAs\":[\"https:\/\/www.facebook.com\/sudoesteacontece\/?locale=pt_BR\"]},{\"@type\":\"Person\",\"@id\":\"https:\/\/sudoesteacontece.com.br\/#\/schema\/person\/3cf2cf009926a9683ebc29d5379fa79c\",\"name\":\"Washington Tiago\",\"image\":{\"@type\":\"ImageObject\",\"inLanguage\":\"pt-BR\",\"@id\":\"https:\/\/sudoesteacontece.com.br\/#\/schema\/person\/image\/\",\"url\":\"https:\/\/secure.gravatar.com\/avatar\/33c43b8668157e040f9d1fe93c354bf087cbd8ba36270c1163198bd3ddcf2a56?s=96&d=mm&r=g\",\"contentUrl\":\"https:\/\/secure.gravatar.com\/avatar\/33c43b8668157e040f9d1fe93c354bf087cbd8ba36270c1163198bd3ddcf2a56?s=96&d=mm&r=g\",\"caption\":\"Washington Tiago\"},\"url\":\"https:\/\/sudoesteacontece.com.br\/?author=2\"}]}<\/script>\n<!-- \/ Yoast SEO plugin. -->","yoast_head_json":{"title":"Brumado ter\u00e1 3\u00aa Caminhada Para Jesus com louvor, trio el\u00e9trico e programa\u00e7\u00e3o para crian\u00e7as - Sudoesteacontece","robots":{"index":"index","follow":"follow","max-snippet":"max-snippet:-1","max-image-preview":"max-image-preview:large","max-video-preview":"max-video-preview:-1"},"canonical":"https:\/\/sudoesteacontece.com.br\/?p=10307","og_locale":"pt_BR","og_type":"article","og_title":"Brumado ter\u00e1 3\u00aa Caminhada Para Jesus com louvor, trio el\u00e9trico e programa\u00e7\u00e3o para crian\u00e7as - Sudoesteacontece","og_description":"A comunidade evang\u00e9lica de Brumado realizar\u00e1 no dia 11 de abril a terceira edi\u00e7\u00e3o da Caminhada Para Jesus. O evento religioso deve reunir fi\u00e9is de diferentes igrejas em um momento de f\u00e9, louvor e confraterniza\u00e7\u00e3o pelas ruas da cidade. Organiza\u00e7\u00e3o do evento informou que os preparativos est\u00e3o em fase final. Segundo Fabr\u00edcio Matos, integrante da coordena\u00e7\u00e3o, a expectativa \u00e9 ampliar a estrutura e garantir mais seguran\u00e7a aos participantes em compara\u00e7\u00e3o com as edi\u00e7\u00f5es anteriores. Programa\u00e7\u00e3o tamb\u00e9m inclui atividades voltadas para o p\u00fablico infantil. Um espa\u00e7o chamado Vila Kids ser\u00e1 montado para receber as crian\u00e7as, com distribui\u00e7\u00e3o de doces, cachorro-quente e outras guloseimas. O local contar\u00e1 ainda com apresenta\u00e7\u00e3o musical do cantor Tio Rodolfo. Evento ter\u00e1 in\u00edcio \u00e0s 16h com abertura da Vila Kids. A caminhada est\u00e1 marcada para come\u00e7ar \u00e0s 18h, com sa\u00edda do estacionamento da Feira Livre e percurso at\u00e9 a Pra\u00e7a Armindo Azevedo, acompanhada por trio el\u00e9trico ao longo do trajeto. Atra\u00e7\u00f5es musicais confirmadas incluem a banda Meu Minist\u00e9rio e apresenta\u00e7\u00f5es dos cantores Edvenas e Guilherme Camargo. Durante o percurso e na chegada, tamb\u00e9m est\u00e3o previstos momentos de louvor, prega\u00e7\u00e3o e ora\u00e7\u00e3o. Organiza\u00e7\u00e3o avalia que a mobiliza\u00e7\u00e3o das igrejas e da comunidade tem sido positiva. De acordo com os organizadores, o objetivo \u00e9 promover um evento estruturado e acolhedor para fortalecer a f\u00e9 e a uni\u00e3o entre os participantes. Interessados em participar podem adquirir a camisa oficial da caminhada pelo valor de R$ 40. A expectativa \u00e9 reunir um grande p\u00fablico na celebra\u00e7\u00e3o religiosa que j\u00e1 se tornou tradicional no calend\u00e1rio evang\u00e9lico do munic\u00edpio.","og_url":"https:\/\/sudoesteacontece.com.br\/?p=10307","og_site_name":"Sudoesteacontece","article_publisher":"https:\/\/www.facebook.com\/sudoesteacontece\/?locale=pt_BR","article_published_time":"2026-03-13T20:15:10+00:00","article_modified_time":"2026-03-13T20:15:15+00:00","og_image":[{"width":900,"height":600,"url":"https:\/\/sudoesteacontece.com.br\/wp-content\/uploads\/2026\/03\/Brumado-tera-3a-Caminhada-Para-Jesus-com-louvor-trio-eletrico-e-programacao-para-criancas.jpg","type":"image\/jpeg"}],"author":"Washington Tiago","twitter_card":"summary_large_image","twitter_misc":{"Escrito por":"Washington Tiago","Est. tempo de leitura":"2 minutos"},"schema":{"@context":"https:\/\/schema.org","@graph":[{"@type":"Article","@id":"https:\/\/sudoesteacontece.com.br\/?p=10307#article","isPartOf":{"@id":"https:\/\/sudoesteacontece.com.br\/?p=10307"},"author":{"name":"Washington Tiago","@id":"https:\/\/sudoesteacontece.com.br\/#\/schema\/person\/3cf2cf009926a9683ebc29d5379fa79c"},"headline":"Brumado ter\u00e1 3\u00aa Caminhada Para Jesus com louvor, trio el\u00e9trico e programa\u00e7\u00e3o para crian\u00e7as","datePublished":"2026-03-13T20:15:10+00:00","dateModified":"2026-03-13T20:15:15+00:00","mainEntityOfPage":{"@id":"https:\/\/sudoesteacontece.com.br\/?p=10307"},"wordCount":305,"commentCount":0,"publisher":{"@id":"https:\/\/sudoesteacontece.com.br\/#organization"},"image":{"@id":"https:\/\/sudoesteacontece.com.br\/?p=10307#primaryimage"},"thumbnailUrl":"https:\/\/sudoesteacontece.com.br\/wp-content\/uploads\/2026\/03\/Brumado-tera-3a-Caminhada-Para-Jesus-com-louvor-trio-eletrico-e-programacao-para-criancas.jpg","articleSection":["Brumado","Cidades","Religi\u00e3o"],"inLanguage":"pt-BR","potentialAction":[{"@type":"CommentAction","name":"Comment","target":["https:\/\/sudoesteacontece.com.br\/?p=10307#respond"]}]},{"@type":"WebPage","@id":"https:\/\/sudoesteacontece.com.br\/?p=10307","url":"https:\/\/sudoesteacontece.com.br\/?p=10307","name":"Brumado ter\u00e1 3\u00aa Caminhada Para Jesus com louvor, trio el\u00e9trico e programa\u00e7\u00e3o para crian\u00e7as - Sudoesteacontece","isPartOf":{"@id":"https:\/\/sudoesteacontece.com.br\/#website"},"primaryImageOfPage":{"@id":"https:\/\/sudoesteacontece.com.br\/?p=10307#primaryimage"},"image":{"@id":"https:\/\/sudoesteacontece.com.br\/?p=10307#primaryimage"},"thumbnailUrl":"https:\/\/sudoesteacontece.com.br\/wp-content\/uploads\/2026\/03\/Brumado-tera-3a-Caminhada-Para-Jesus-com-louvor-trio-eletrico-e-programacao-para-criancas.jpg","datePublished":"2026-03-13T20:15:10+00:00","dateModified":"2026-03-13T20:15:15+00:00","breadcrumb":{"@id":"https:\/\/sudoesteacontece.com.br\/?p=10307#breadcrumb"},"inLanguage":"pt-BR","potentialAction":[{"@type":"ReadAction","target":["https:\/\/sudoesteacontece.com.br\/?p=10307"]}]},{"@type":"ImageObject","inLanguage":"pt-BR","@id":"https:\/\/sudoesteacontece.com.br\/?p=10307#primaryimage","url":"https:\/\/sudoesteacontece.com.br\/wp-content\/uploads\/2026\/03\/Brumado-tera-3a-Caminhada-Para-Jesus-com-louvor-trio-eletrico-e-programacao-para-criancas.jpg","contentUrl":"https:\/\/sudoesteacontece.com.br\/wp-content\/uploads\/2026\/03\/Brumado-tera-3a-Caminhada-Para-Jesus-com-louvor-trio-eletrico-e-programacao-para-criancas.jpg","width":900,"height":600},{"@type":"BreadcrumbList","@id":"https:\/\/sudoesteacontece.com.br\/?p=10307#breadcrumb","itemListElement":[{"@type":"ListItem","position":1,"name":"In\u00edcio","item":"https:\/\/sudoesteacontece.com.br\/"},{"@type":"ListItem","position":2,"name":"Brumado ter\u00e1 3\u00aa Caminhada Para Jesus com louvor, trio el\u00e9trico e programa\u00e7\u00e3o para crian\u00e7as"}]},{"@type":"WebSite","@id":"https:\/\/sudoesteacontece.com.br\/#website","url":"https:\/\/sudoesteacontece.com.br\/","name":"Sudoesteacontece","description":"","publisher":{"@id":"https:\/\/sudoesteacontece.com.br\/#organization"},"potentialAction":[{"@type":"SearchAction","target":{"@type":"EntryPoint","urlTemplate":"https:\/\/sudoesteacontece.com.br\/?s={search_term_string}"},"query-input":{"@type":"PropertyValueSpecification","valueRequired":true,"valueName":"search_term_string"}}],"inLanguage":"pt-BR"},{"@type":"Organization","@id":"https:\/\/sudoesteacontece.com.br\/#organization","name":"Sudoesteacontece","url":"https:\/\/sudoesteacontece.com.br\/","logo":{"@type":"ImageObject","inLanguage":"pt-BR","@id":"https:\/\/sudoesteacontece.com.br\/#\/schema\/logo\/image\/","url":"https:\/\/sudoesteacontece.com.br\/wp-content\/uploads\/2025\/12\/cropped-logo-2-180x180-1.png","contentUrl":"https:\/\/sudoesteacontece.com.br\/wp-content\/uploads\/2025\/12\/cropped-logo-2-180x180-1.png","width":180,"height":180,"caption":"Sudoesteacontece"},"image":{"@id":"https:\/\/sudoesteacontece.com.br\/#\/schema\/logo\/image\/"},"sameAs":["https:\/\/www.facebook.com\/sudoesteacontece\/?locale=pt_BR"]},{"@type":"Person","@id":"https:\/\/sudoesteacontece.com.br\/#\/schema\/person\/3cf2cf009926a9683ebc29d5379fa79c","name":"Washington Tiago","image":{"@type":"ImageObject","inLanguage":"pt-BR","@id":"https:\/\/sudoesteacontece.com.br\/#\/schema\/person\/image\/","url":"https:\/\/secure.gravatar.com\/avatar\/33c43b8668157e040f9d1fe93c354bf087cbd8ba36270c1163198bd3ddcf2a56?s=96&d=mm&r=g","contentUrl":"https:\/\/secure.gravatar.com\/avatar\/33c43b8668157e040f9d1fe93c354bf087cbd8ba36270c1163198bd3ddcf2a56?s=96&d=mm&r=g","caption":"Washington Tiago"},"url":"https:\/\/sudoesteacontece.com.br\/?author=2"}]}},"_links":{"self":[{"href":"https:\/\/sudoesteacontece.com.br\/index.php?rest_route=\/wp\/v2\/posts\/10307","targetHints":{"allow":["GET"]}}],"collection":[{"href":"https:\/\/sudoesteacontece.com.br\/index.php?rest_route=\/wp\/v2\/posts"}],"about":[{"href":"https:\/\/sudoesteacontece.com.br\/index.php?rest_route=\/wp\/v2\/types\/post"}],"author":[{"embeddable":true,"href":"https:\/\/sudoesteacontece.com.br\/index.php?rest_route=\/wp\/v2\/users\/2"}],"replies":[{"embeddable":true,"href":"https:\/\/sudoesteacontece.com.br\/index.php?rest_route=%2Fwp%2Fv2%2Fcomments&post=10307"}],"version-history":[{"count":0,"href":"https:\/\/sudoesteacontece.com.br\/index.php?rest_route=\/wp\/v2\/posts\/10307\/revisions"}],"wp:featuredmedia":[{"embeddable":true,"href":"https:\/\/sudoesteacontece.com.br\/index.php?rest_route=\/wp\/v2\/media\/10343"}],"wp:attachment":[{"href":"https:\/\/sudoesteacontece.com.br\/index.php?rest_route=%2Fwp%2Fv2%2Fmedia&parent=10307"}],"wp:term":[{"taxonomy":"category","embeddable":true,"href":"https:\/\/sudoesteacontece.com.br\/index.php?rest_route=%2Fwp%2Fv2%2Fcategories&post=10307"},{"taxonomy":"post_tag","embeddable":true,"href":"https:\/\/sudoesteacontece.com.br\/index.php?rest_route=%2Fwp%2Fv2%2Ftags&post=10307"}],"curies":[{"name":"wp","href":"https:\/\/api.w.org\/{rel}","templated":true}]}}