{"id":10308,"date":"2026-03-13T17:17:20","date_gmt":"2026-03-13T20:17:20","guid":{"rendered":"https:\/\/sudoesteacontece.com.br\/?p=10308"},"modified":"2026-03-13T17:17:25","modified_gmt":"2026-03-13T20:17:25","slug":"bolsonaro-e-internado-em-uti-com-infeccao-pulmonar-em-hospital-de-brasilia","status":"publish","type":"post","link":"https:\/\/sudoesteacontece.com.br\/?p=10308","title":{"rendered":"Bolsonaro \u00e9 internado em UTI com infec\u00e7\u00e3o pulmonar em hospital de Bras\u00edlia"},"content":{"rendered":"<div class=\"wp-block-image\">\n<figure class=\"aligncenter size-full\"><img fetchpriority=\"high\" decoding=\"async\" width=\"900\" height=\"600\" src=\"http:\/\/sudoesteacontece.com.br\/wp-content\/uploads\/2026\/03\/Bolsonaro-e-internado-em-UTI-com-infeccao-pulmonar-em-hospital-de-Brasilia.jpg\" alt=\"\" class=\"wp-image-10345\" srcset=\"https:\/\/sudoesteacontece.com.br\/wp-content\/uploads\/2026\/03\/Bolsonaro-e-internado-em-UTI-com-infeccao-pulmonar-em-hospital-de-Brasilia.jpg 900w, https:\/\/sudoesteacontece.com.br\/wp-content\/uploads\/2026\/03\/Bolsonaro-e-internado-em-UTI-com-infeccao-pulmonar-em-hospital-de-Brasilia-300x200.jpg 300w, https:\/\/sudoesteacontece.com.br\/wp-content\/uploads\/2026\/03\/Bolsonaro-e-internado-em-UTI-com-infeccao-pulmonar-em-hospital-de-Brasilia-768x512.jpg 768w\" sizes=\"(max-width: 900px) 100vw, 900px\" \/><\/figure>\n<\/div>\n\n\n<p>O ex-presidente Jair Bolsonaro foi diagnosticado com broncopneumonia bacteriana e est\u00e1 internado na Unidade de Terapia Intensiva (UTI) do Hospital DF Star, em Bras\u00edlia. O quadro de sa\u00fade foi divulgado nesta sexta-feira (13) por meio de comunicado da unidade hospitalar.<\/p>\n\n\n\n<p>Informa\u00e7\u00f5es m\u00e9dicas apontam que Bolsonaro deu entrada no hospital apresentando febre alta, queda na satura\u00e7\u00e3o de oxig\u00eanio, sudorese intensa e calafrios. Diante dos sintomas, a equipe m\u00e9dica iniciou uma s\u00e9rie de exames para avaliar a gravidade da infec\u00e7\u00e3o pulmonar.<\/p>\n\n\n\n<p>Exames realizados ao longo da manh\u00e3 confirmaram o diagn\u00f3stico de broncopneumonia bacteriana, uma infec\u00e7\u00e3o inflamat\u00f3ria que atinge os pulm\u00f5es e pode comprometer a respira\u00e7\u00e3o. O tratamento inclui acompanhamento intensivo, medica\u00e7\u00e3o espec\u00edfica e monitoramento constante da evolu\u00e7\u00e3o do quadro cl\u00ednico.<\/p>\n\n\n\n<p>Comunicado sobre o estado de sa\u00fade foi divulgado nas redes sociais da ex-primeira-dama Michelle Bolsonaro. At\u00e9 o momento, o hospital n\u00e3o informou previs\u00e3o de alta, destacando que o paciente segue sob cuidados da equipe m\u00e9dica na UTI.<\/p>\n\n\n\n<p>Antes da interna\u00e7\u00e3o, Bolsonaro apresentou epis\u00f3dios de v\u00f4mitos e calafrios enquanto estava na Papudinha, onde cumpre pena relacionada \u00e0 condena\u00e7\u00e3o por tentativa de golpe de Estado. O caso segue sendo acompanhado pelas autoridades e pela equipe m\u00e9dica respons\u00e1vel.<\/p>\n","protected":false},"excerpt":{"rendered":"<p>O ex-presidente Jair Bolsonaro foi diagnosticado com broncopneumonia bacteriana e est\u00e1 internado na Unidade de Terapia Intensiva (UTI) do Hospital DF Star, em Bras\u00edlia. O quadro de sa\u00fade foi divulgado nesta sexta-feira (13) por meio de comunicado da unidade hospitalar. Informa\u00e7\u00f5es m\u00e9dicas apontam que Bolsonaro deu entrada no hospital apresentando febre alta, queda na satura\u00e7\u00e3o de oxig\u00eanio, sudorese intensa e calafrios. Diante dos sintomas, a equipe m\u00e9dica iniciou uma s\u00e9rie de exames para avaliar a gravidade da infec\u00e7\u00e3o pulmonar. Exames realizados ao longo da manh\u00e3 confirmaram o diagn\u00f3stico de broncopneumonia bacteriana, uma infec\u00e7\u00e3o inflamat\u00f3ria que atinge os pulm\u00f5es e pode comprometer a respira\u00e7\u00e3o. O tratamento inclui acompanhamento intensivo, medica\u00e7\u00e3o espec\u00edfica e monitoramento constante da evolu\u00e7\u00e3o do quadro cl\u00ednico. Comunicado sobre o estado de sa\u00fade foi divulgado nas redes sociais da ex-primeira-dama Michelle Bolsonaro. At\u00e9 o momento, o hospital n\u00e3o informou previs\u00e3o de alta, destacando que o paciente segue sob cuidados da equipe m\u00e9dica na UTI. Antes da interna\u00e7\u00e3o, Bolsonaro apresentou epis\u00f3dios de v\u00f4mitos e calafrios enquanto estava na Papudinha, onde cumpre pena relacionada \u00e0 condena\u00e7\u00e3o por tentativa de golpe de Estado. O caso segue sendo acompanhado pelas autoridades e pela equipe m\u00e9dica respons\u00e1vel.<\/p>\n","protected":false},"author":2,"featured_media":0,"comment_status":"open","ping_status":"open","sticky":false,"template":"","format":"standard","meta":{"footnotes":""},"categories":[53,58,13,6],"tags":[],"class_list":["post-10308","post","type-post","status-publish","format-standard","hentry","category-brasil","category-eleicoes-2026","category-justica","category-politica"],"yoast_head":"<!-- This site is optimized with the Yoast SEO plugin v26.5 - https:\/\/yoast.com\/wordpress\/plugins\/seo\/ -->\n<title>Bolsonaro \u00e9 internado em UTI com infec\u00e7\u00e3o pulmonar em hospital de Bras\u00edlia - Sudoesteacontece<\/title>\n<meta name=\"robots\" content=\"index, follow, max-snippet:-1, max-image-preview:large, max-video-preview:-1\" \/>\n<link rel=\"canonical\" href=\"https:\/\/sudoesteacontece.com.br\/?p=10308\" \/>\n<meta property=\"og:locale\" content=\"pt_BR\" \/>\n<meta property=\"og:type\" content=\"article\" \/>\n<meta property=\"og:title\" content=\"Bolsonaro \u00e9 internado em UTI com infec\u00e7\u00e3o pulmonar em hospital de Bras\u00edlia - Sudoesteacontece\" \/>\n<meta property=\"og:description\" content=\"O ex-presidente Jair Bolsonaro foi diagnosticado com broncopneumonia bacteriana e est\u00e1 internado na Unidade de Terapia Intensiva (UTI) do Hospital DF Star, em Bras\u00edlia. O quadro de sa\u00fade foi divulgado nesta sexta-feira (13) por meio de comunicado da unidade hospitalar. Informa\u00e7\u00f5es m\u00e9dicas apontam que Bolsonaro deu entrada no hospital apresentando febre alta, queda na satura\u00e7\u00e3o de oxig\u00eanio, sudorese intensa e calafrios. Diante dos sintomas, a equipe m\u00e9dica iniciou uma s\u00e9rie de exames para avaliar a gravidade da infec\u00e7\u00e3o pulmonar. Exames realizados ao longo da manh\u00e3 confirmaram o diagn\u00f3stico de broncopneumonia bacteriana, uma infec\u00e7\u00e3o inflamat\u00f3ria que atinge os pulm\u00f5es e pode comprometer a respira\u00e7\u00e3o. O tratamento inclui acompanhamento intensivo, medica\u00e7\u00e3o espec\u00edfica e monitoramento constante da evolu\u00e7\u00e3o do quadro cl\u00ednico. Comunicado sobre o estado de sa\u00fade foi divulgado nas redes sociais da ex-primeira-dama Michelle Bolsonaro. At\u00e9 o momento, o hospital n\u00e3o informou previs\u00e3o de alta, destacando que o paciente segue sob cuidados da equipe m\u00e9dica na UTI. Antes da interna\u00e7\u00e3o, Bolsonaro apresentou epis\u00f3dios de v\u00f4mitos e calafrios enquanto estava na Papudinha, onde cumpre pena relacionada \u00e0 condena\u00e7\u00e3o por tentativa de golpe de Estado. O caso segue sendo acompanhado pelas autoridades e pela equipe m\u00e9dica respons\u00e1vel.\" \/>\n<meta property=\"og:url\" content=\"https:\/\/sudoesteacontece.com.br\/?p=10308\" \/>\n<meta property=\"og:site_name\" content=\"Sudoesteacontece\" \/>\n<meta property=\"article:publisher\" content=\"https:\/\/www.facebook.com\/sudoesteacontece\/?locale=pt_BR\" \/>\n<meta property=\"article:published_time\" content=\"2026-03-13T20:17:20+00:00\" \/>\n<meta property=\"article:modified_time\" content=\"2026-03-13T20:17:25+00:00\" \/>\n<meta property=\"og:image\" content=\"http:\/\/sudoesteacontece.com.br\/wp-content\/uploads\/2026\/03\/Bolsonaro-e-internado-em-UTI-com-infeccao-pulmonar-em-hospital-de-Brasilia.jpg\" \/>\n<meta name=\"author\" content=\"Washington Tiago\" \/>\n<meta name=\"twitter:card\" content=\"summary_large_image\" \/>\n<meta name=\"twitter:label1\" content=\"Escrito por\" \/>\n\t<meta name=\"twitter:data1\" content=\"Washington Tiago\" \/>\n\t<meta name=\"twitter:label2\" content=\"Est. tempo de leitura\" \/>\n\t<meta name=\"twitter:data2\" content=\"2 minutos\" \/>\n<script type=\"application\/ld+json\" class=\"yoast-schema-graph\">{\"@context\":\"https:\/\/schema.org\",\"@graph\":[{\"@type\":\"Article\",\"@id\":\"https:\/\/sudoesteacontece.com.br\/?p=10308#article\",\"isPartOf\":{\"@id\":\"https:\/\/sudoesteacontece.com.br\/?p=10308\"},\"author\":{\"name\":\"Washington Tiago\",\"@id\":\"https:\/\/sudoesteacontece.com.br\/#\/schema\/person\/3cf2cf009926a9683ebc29d5379fa79c\"},\"headline\":\"Bolsonaro \u00e9 internado em UTI com infec\u00e7\u00e3o pulmonar em hospital de Bras\u00edlia\",\"datePublished\":\"2026-03-13T20:17:20+00:00\",\"dateModified\":\"2026-03-13T20:17:25+00:00\",\"mainEntityOfPage\":{\"@id\":\"https:\/\/sudoesteacontece.com.br\/?p=10308\"},\"wordCount\":232,\"commentCount\":0,\"publisher\":{\"@id\":\"https:\/\/sudoesteacontece.com.br\/#organization\"},\"image\":{\"@id\":\"https:\/\/sudoesteacontece.com.br\/?p=10308#primaryimage\"},\"thumbnailUrl\":\"http:\/\/sudoesteacontece.com.br\/wp-content\/uploads\/2026\/03\/Bolsonaro-e-internado-em-UTI-com-infeccao-pulmonar-em-hospital-de-Brasilia.jpg\",\"articleSection\":[\"Brasil\",\"Elei\u00e7\u00f5es 2026\",\"Justi\u00e7a\",\"Pol\u00edtica\"],\"inLanguage\":\"pt-BR\",\"potentialAction\":[{\"@type\":\"CommentAction\",\"name\":\"Comment\",\"target\":[\"https:\/\/sudoesteacontece.com.br\/?p=10308#respond\"]}]},{\"@type\":\"WebPage\",\"@id\":\"https:\/\/sudoesteacontece.com.br\/?p=10308\",\"url\":\"https:\/\/sudoesteacontece.com.br\/?p=10308\",\"name\":\"Bolsonaro \u00e9 internado em UTI com infec\u00e7\u00e3o pulmonar em hospital de Bras\u00edlia - Sudoesteacontece\",\"isPartOf\":{\"@id\":\"https:\/\/sudoesteacontece.com.br\/#website\"},\"primaryImageOfPage\":{\"@id\":\"https:\/\/sudoesteacontece.com.br\/?p=10308#primaryimage\"},\"image\":{\"@id\":\"https:\/\/sudoesteacontece.com.br\/?p=10308#primaryimage\"},\"thumbnailUrl\":\"http:\/\/sudoesteacontece.com.br\/wp-content\/uploads\/2026\/03\/Bolsonaro-e-internado-em-UTI-com-infeccao-pulmonar-em-hospital-de-Brasilia.jpg\",\"datePublished\":\"2026-03-13T20:17:20+00:00\",\"dateModified\":\"2026-03-13T20:17:25+00:00\",\"breadcrumb\":{\"@id\":\"https:\/\/sudoesteacontece.com.br\/?p=10308#breadcrumb\"},\"inLanguage\":\"pt-BR\",\"potentialAction\":[{\"@type\":\"ReadAction\",\"target\":[\"https:\/\/sudoesteacontece.com.br\/?p=10308\"]}]},{\"@type\":\"ImageObject\",\"inLanguage\":\"pt-BR\",\"@id\":\"https:\/\/sudoesteacontece.com.br\/?p=10308#primaryimage\",\"url\":\"https:\/\/sudoesteacontece.com.br\/wp-content\/uploads\/2026\/03\/Bolsonaro-e-internado-em-UTI-com-infeccao-pulmonar-em-hospital-de-Brasilia.jpg\",\"contentUrl\":\"https:\/\/sudoesteacontece.com.br\/wp-content\/uploads\/2026\/03\/Bolsonaro-e-internado-em-UTI-com-infeccao-pulmonar-em-hospital-de-Brasilia.jpg\",\"width\":900,\"height\":600},{\"@type\":\"BreadcrumbList\",\"@id\":\"https:\/\/sudoesteacontece.com.br\/?p=10308#breadcrumb\",\"itemListElement\":[{\"@type\":\"ListItem\",\"position\":1,\"name\":\"In\u00edcio\",\"item\":\"https:\/\/sudoesteacontece.com.br\/\"},{\"@type\":\"ListItem\",\"position\":2,\"name\":\"Bolsonaro \u00e9 internado em UTI com infec\u00e7\u00e3o pulmonar em hospital de Bras\u00edlia\"}]},{\"@type\":\"WebSite\",\"@id\":\"https:\/\/sudoesteacontece.com.br\/#website\",\"url\":\"https:\/\/sudoesteacontece.com.br\/\",\"name\":\"Sudoesteacontece\",\"description\":\"\",\"publisher\":{\"@id\":\"https:\/\/sudoesteacontece.com.br\/#organization\"},\"potentialAction\":[{\"@type\":\"SearchAction\",\"target\":{\"@type\":\"EntryPoint\",\"urlTemplate\":\"https:\/\/sudoesteacontece.com.br\/?s={search_term_string}\"},\"query-input\":{\"@type\":\"PropertyValueSpecification\",\"valueRequired\":true,\"valueName\":\"search_term_string\"}}],\"inLanguage\":\"pt-BR\"},{\"@type\":\"Organization\",\"@id\":\"https:\/\/sudoesteacontece.com.br\/#organization\",\"name\":\"Sudoesteacontece\",\"url\":\"https:\/\/sudoesteacontece.com.br\/\",\"logo\":{\"@type\":\"ImageObject\",\"inLanguage\":\"pt-BR\",\"@id\":\"https:\/\/sudoesteacontece.com.br\/#\/schema\/logo\/image\/\",\"url\":\"https:\/\/sudoesteacontece.com.br\/wp-content\/uploads\/2025\/12\/cropped-logo-2-180x180-1.png\",\"contentUrl\":\"https:\/\/sudoesteacontece.com.br\/wp-content\/uploads\/2025\/12\/cropped-logo-2-180x180-1.png\",\"width\":180,\"height\":180,\"caption\":\"Sudoesteacontece\"},\"image\":{\"@id\":\"https:\/\/sudoesteacontece.com.br\/#\/schema\/logo\/image\/\"},\"sameAs\":[\"https:\/\/www.facebook.com\/sudoesteacontece\/?locale=pt_BR\"]},{\"@type\":\"Person\",\"@id\":\"https:\/\/sudoesteacontece.com.br\/#\/schema\/person\/3cf2cf009926a9683ebc29d5379fa79c\",\"name\":\"Washington Tiago\",\"image\":{\"@type\":\"ImageObject\",\"inLanguage\":\"pt-BR\",\"@id\":\"https:\/\/sudoesteacontece.com.br\/#\/schema\/person\/image\/\",\"url\":\"https:\/\/secure.gravatar.com\/avatar\/33c43b8668157e040f9d1fe93c354bf087cbd8ba36270c1163198bd3ddcf2a56?s=96&d=mm&r=g\",\"contentUrl\":\"https:\/\/secure.gravatar.com\/avatar\/33c43b8668157e040f9d1fe93c354bf087cbd8ba36270c1163198bd3ddcf2a56?s=96&d=mm&r=g\",\"caption\":\"Washington Tiago\"},\"url\":\"https:\/\/sudoesteacontece.com.br\/?author=2\"}]}<\/script>\n<!-- \/ Yoast SEO plugin. -->","yoast_head_json":{"title":"Bolsonaro \u00e9 internado em UTI com infec\u00e7\u00e3o pulmonar em hospital de Bras\u00edlia - Sudoesteacontece","robots":{"index":"index","follow":"follow","max-snippet":"max-snippet:-1","max-image-preview":"max-image-preview:large","max-video-preview":"max-video-preview:-1"},"canonical":"https:\/\/sudoesteacontece.com.br\/?p=10308","og_locale":"pt_BR","og_type":"article","og_title":"Bolsonaro \u00e9 internado em UTI com infec\u00e7\u00e3o pulmonar em hospital de Bras\u00edlia - Sudoesteacontece","og_description":"O ex-presidente Jair Bolsonaro foi diagnosticado com broncopneumonia bacteriana e est\u00e1 internado na Unidade de Terapia Intensiva (UTI) do Hospital DF Star, em Bras\u00edlia. O quadro de sa\u00fade foi divulgado nesta sexta-feira (13) por meio de comunicado da unidade hospitalar. Informa\u00e7\u00f5es m\u00e9dicas apontam que Bolsonaro deu entrada no hospital apresentando febre alta, queda na satura\u00e7\u00e3o de oxig\u00eanio, sudorese intensa e calafrios. Diante dos sintomas, a equipe m\u00e9dica iniciou uma s\u00e9rie de exames para avaliar a gravidade da infec\u00e7\u00e3o pulmonar. Exames realizados ao longo da manh\u00e3 confirmaram o diagn\u00f3stico de broncopneumonia bacteriana, uma infec\u00e7\u00e3o inflamat\u00f3ria que atinge os pulm\u00f5es e pode comprometer a respira\u00e7\u00e3o. O tratamento inclui acompanhamento intensivo, medica\u00e7\u00e3o espec\u00edfica e monitoramento constante da evolu\u00e7\u00e3o do quadro cl\u00ednico. Comunicado sobre o estado de sa\u00fade foi divulgado nas redes sociais da ex-primeira-dama Michelle Bolsonaro. At\u00e9 o momento, o hospital n\u00e3o informou previs\u00e3o de alta, destacando que o paciente segue sob cuidados da equipe m\u00e9dica na UTI. Antes da interna\u00e7\u00e3o, Bolsonaro apresentou epis\u00f3dios de v\u00f4mitos e calafrios enquanto estava na Papudinha, onde cumpre pena relacionada \u00e0 condena\u00e7\u00e3o por tentativa de golpe de Estado. O caso segue sendo acompanhado pelas autoridades e pela equipe m\u00e9dica respons\u00e1vel.","og_url":"https:\/\/sudoesteacontece.com.br\/?p=10308","og_site_name":"Sudoesteacontece","article_publisher":"https:\/\/www.facebook.com\/sudoesteacontece\/?locale=pt_BR","article_published_time":"2026-03-13T20:17:20+00:00","article_modified_time":"2026-03-13T20:17:25+00:00","og_image":[{"url":"http:\/\/sudoesteacontece.com.br\/wp-content\/uploads\/2026\/03\/Bolsonaro-e-internado-em-UTI-com-infeccao-pulmonar-em-hospital-de-Brasilia.jpg","type":"","width":"","height":""}],"author":"Washington Tiago","twitter_card":"summary_large_image","twitter_misc":{"Escrito por":"Washington Tiago","Est. tempo de leitura":"2 minutos"},"schema":{"@context":"https:\/\/schema.org","@graph":[{"@type":"Article","@id":"https:\/\/sudoesteacontece.com.br\/?p=10308#article","isPartOf":{"@id":"https:\/\/sudoesteacontece.com.br\/?p=10308"},"author":{"name":"Washington Tiago","@id":"https:\/\/sudoesteacontece.com.br\/#\/schema\/person\/3cf2cf009926a9683ebc29d5379fa79c"},"headline":"Bolsonaro \u00e9 internado em UTI com infec\u00e7\u00e3o pulmonar em hospital de Bras\u00edlia","datePublished":"2026-03-13T20:17:20+00:00","dateModified":"2026-03-13T20:17:25+00:00","mainEntityOfPage":{"@id":"https:\/\/sudoesteacontece.com.br\/?p=10308"},"wordCount":232,"commentCount":0,"publisher":{"@id":"https:\/\/sudoesteacontece.com.br\/#organization"},"image":{"@id":"https:\/\/sudoesteacontece.com.br\/?p=10308#primaryimage"},"thumbnailUrl":"http:\/\/sudoesteacontece.com.br\/wp-content\/uploads\/2026\/03\/Bolsonaro-e-internado-em-UTI-com-infeccao-pulmonar-em-hospital-de-Brasilia.jpg","articleSection":["Brasil","Elei\u00e7\u00f5es 2026","Justi\u00e7a","Pol\u00edtica"],"inLanguage":"pt-BR","potentialAction":[{"@type":"CommentAction","name":"Comment","target":["https:\/\/sudoesteacontece.com.br\/?p=10308#respond"]}]},{"@type":"WebPage","@id":"https:\/\/sudoesteacontece.com.br\/?p=10308","url":"https:\/\/sudoesteacontece.com.br\/?p=10308","name":"Bolsonaro \u00e9 internado em UTI com infec\u00e7\u00e3o pulmonar em hospital de Bras\u00edlia - Sudoesteacontece","isPartOf":{"@id":"https:\/\/sudoesteacontece.com.br\/#website"},"primaryImageOfPage":{"@id":"https:\/\/sudoesteacontece.com.br\/?p=10308#primaryimage"},"image":{"@id":"https:\/\/sudoesteacontece.com.br\/?p=10308#primaryimage"},"thumbnailUrl":"http:\/\/sudoesteacontece.com.br\/wp-content\/uploads\/2026\/03\/Bolsonaro-e-internado-em-UTI-com-infeccao-pulmonar-em-hospital-de-Brasilia.jpg","datePublished":"2026-03-13T20:17:20+00:00","dateModified":"2026-03-13T20:17:25+00:00","breadcrumb":{"@id":"https:\/\/sudoesteacontece.com.br\/?p=10308#breadcrumb"},"inLanguage":"pt-BR","potentialAction":[{"@type":"ReadAction","target":["https:\/\/sudoesteacontece.com.br\/?p=10308"]}]},{"@type":"ImageObject","inLanguage":"pt-BR","@id":"https:\/\/sudoesteacontece.com.br\/?p=10308#primaryimage","url":"https:\/\/sudoesteacontece.com.br\/wp-content\/uploads\/2026\/03\/Bolsonaro-e-internado-em-UTI-com-infeccao-pulmonar-em-hospital-de-Brasilia.jpg","contentUrl":"https:\/\/sudoesteacontece.com.br\/wp-content\/uploads\/2026\/03\/Bolsonaro-e-internado-em-UTI-com-infeccao-pulmonar-em-hospital-de-Brasilia.jpg","width":900,"height":600},{"@type":"BreadcrumbList","@id":"https:\/\/sudoesteacontece.com.br\/?p=10308#breadcrumb","itemListElement":[{"@type":"ListItem","position":1,"name":"In\u00edcio","item":"https:\/\/sudoesteacontece.com.br\/"},{"@type":"ListItem","position":2,"name":"Bolsonaro \u00e9 internado em UTI com infec\u00e7\u00e3o pulmonar em hospital de Bras\u00edlia"}]},{"@type":"WebSite","@id":"https:\/\/sudoesteacontece.com.br\/#website","url":"https:\/\/sudoesteacontece.com.br\/","name":"Sudoesteacontece","description":"","publisher":{"@id":"https:\/\/sudoesteacontece.com.br\/#organization"},"potentialAction":[{"@type":"SearchAction","target":{"@type":"EntryPoint","urlTemplate":"https:\/\/sudoesteacontece.com.br\/?s={search_term_string}"},"query-input":{"@type":"PropertyValueSpecification","valueRequired":true,"valueName":"search_term_string"}}],"inLanguage":"pt-BR"},{"@type":"Organization","@id":"https:\/\/sudoesteacontece.com.br\/#organization","name":"Sudoesteacontece","url":"https:\/\/sudoesteacontece.com.br\/","logo":{"@type":"ImageObject","inLanguage":"pt-BR","@id":"https:\/\/sudoesteacontece.com.br\/#\/schema\/logo\/image\/","url":"https:\/\/sudoesteacontece.com.br\/wp-content\/uploads\/2025\/12\/cropped-logo-2-180x180-1.png","contentUrl":"https:\/\/sudoesteacontece.com.br\/wp-content\/uploads\/2025\/12\/cropped-logo-2-180x180-1.png","width":180,"height":180,"caption":"Sudoesteacontece"},"image":{"@id":"https:\/\/sudoesteacontece.com.br\/#\/schema\/logo\/image\/"},"sameAs":["https:\/\/www.facebook.com\/sudoesteacontece\/?locale=pt_BR"]},{"@type":"Person","@id":"https:\/\/sudoesteacontece.com.br\/#\/schema\/person\/3cf2cf009926a9683ebc29d5379fa79c","name":"Washington Tiago","image":{"@type":"ImageObject","inLanguage":"pt-BR","@id":"https:\/\/sudoesteacontece.com.br\/#\/schema\/person\/image\/","url":"https:\/\/secure.gravatar.com\/avatar\/33c43b8668157e040f9d1fe93c354bf087cbd8ba36270c1163198bd3ddcf2a56?s=96&d=mm&r=g","contentUrl":"https:\/\/secure.gravatar.com\/avatar\/33c43b8668157e040f9d1fe93c354bf087cbd8ba36270c1163198bd3ddcf2a56?s=96&d=mm&r=g","caption":"Washington Tiago"},"url":"https:\/\/sudoesteacontece.com.br\/?author=2"}]}},"_links":{"self":[{"href":"https:\/\/sudoesteacontece.com.br\/index.php?rest_route=\/wp\/v2\/posts\/10308","targetHints":{"allow":["GET"]}}],"collection":[{"href":"https:\/\/sudoesteacontece.com.br\/index.php?rest_route=\/wp\/v2\/posts"}],"about":[{"href":"https:\/\/sudoesteacontece.com.br\/index.php?rest_route=\/wp\/v2\/types\/post"}],"author":[{"embeddable":true,"href":"https:\/\/sudoesteacontece.com.br\/index.php?rest_route=\/wp\/v2\/users\/2"}],"replies":[{"embeddable":true,"href":"https:\/\/sudoesteacontece.com.br\/index.php?rest_route=%2Fwp%2Fv2%2Fcomments&post=10308"}],"version-history":[{"count":0,"href":"https:\/\/sudoesteacontece.com.br\/index.php?rest_route=\/wp\/v2\/posts\/10308\/revisions"}],"wp:attachment":[{"href":"https:\/\/sudoesteacontece.com.br\/index.php?rest_route=%2Fwp%2Fv2%2Fmedia&parent=10308"}],"wp:term":[{"taxonomy":"category","embeddable":true,"href":"https:\/\/sudoesteacontece.com.br\/index.php?rest_route=%2Fwp%2Fv2%2Fcategories&post=10308"},{"taxonomy":"post_tag","embeddable":true,"href":"https:\/\/sudoesteacontece.com.br\/index.php?rest_route=%2Fwp%2Fv2%2Ftags&post=10308"}],"curies":[{"name":"wp","href":"https:\/\/api.w.org\/{rel}","templated":true}]}}