{"id":10320,"date":"2026-03-13T17:40:07","date_gmt":"2026-03-13T20:40:07","guid":{"rendered":"https:\/\/sudoesteacontece.com.br\/?p=10320"},"modified":"2026-03-13T17:40:11","modified_gmt":"2026-03-13T20:40:11","slug":"acidente-grave-em-porto-seguro-deixa-duas-mortes-e-uma-mulher-ferida","status":"publish","type":"post","link":"https:\/\/sudoesteacontece.com.br\/?p=10320","title":{"rendered":"Acidente grave em Porto Seguro deixa duas mortes e uma mulher ferida"},"content":{"rendered":"<div class=\"wp-block-image\">\n<figure class=\"aligncenter size-full\"><img fetchpriority=\"high\" decoding=\"async\" width=\"900\" height=\"600\" src=\"http:\/\/sudoesteacontece.com.br\/wp-content\/uploads\/2026\/03\/Acidente-grave-em-Porto-Seguro-deixa-duas-mortes-e-uma-mulher-ferida.jpg\" alt=\"\" class=\"wp-image-10357\" srcset=\"https:\/\/sudoesteacontece.com.br\/wp-content\/uploads\/2026\/03\/Acidente-grave-em-Porto-Seguro-deixa-duas-mortes-e-uma-mulher-ferida.jpg 900w, https:\/\/sudoesteacontece.com.br\/wp-content\/uploads\/2026\/03\/Acidente-grave-em-Porto-Seguro-deixa-duas-mortes-e-uma-mulher-ferida-300x200.jpg 300w, https:\/\/sudoesteacontece.com.br\/wp-content\/uploads\/2026\/03\/Acidente-grave-em-Porto-Seguro-deixa-duas-mortes-e-uma-mulher-ferida-768x512.jpg 768w\" sizes=\"(max-width: 900px) 100vw, 900px\" \/><\/figure>\n<\/div>\n\n\n<p>Uma colis\u00e3o envolvendo dois carros de passeio e uma motocicleta provocou a morte de dois homens na manh\u00e3 desta sexta-feira (13), em Porto Seguro, no Extremo Sul da Bahia. O acidente ocorreu em via p\u00fablica e gerou grande como\u00e7\u00e3o entre testemunhas que passavam pelo local. Segundo relatos de populares, as v\u00edtimas foram atingidas enquanto estavam pr\u00f3ximas aos ve\u00edculos envolvidos na batida. <\/p>\n\n\n\n<p>Apesar da rapidez no atendimento, os dois homens n\u00e3o resistiram aos ferimentos e morreram no local. At\u00e9 o momento, suas identidades n\u00e3o foram divulgadas pelas autoridades. Uma mulher que estava em um dos carros sofreu ferimentos e foi socorrida por equipes de emerg\u00eancia, sendo encaminhada a um hospital da regi\u00e3o. O estado de sa\u00fade dela n\u00e3o foi informado at\u00e9 o momento.<\/p>\n\n\n\n<p>Equipes da Pol\u00edcia Civil da Bahia e da Pol\u00edcia Militar da Bahia estiveram no local para sinalizar a \u00e1rea, apurar as causas do acidente e iniciar os procedimentos legais e periciais. Moradores e motoristas que passavam pelo trecho relataram choque e preocupa\u00e7\u00e3o com a gravidade do acidente. As autoridades seguem investigando as circunst\u00e2ncias que levaram \u00e0 trag\u00e9dia, incluindo a din\u00e2mica da colis\u00e3o e poss\u00edveis responsabilidades.<\/p>\n","protected":false},"excerpt":{"rendered":"<p>Uma colis\u00e3o envolvendo dois carros de passeio e uma motocicleta provocou a morte de dois homens na manh\u00e3 desta sexta-feira (13), em Porto Seguro, no Extremo Sul da Bahia. O acidente ocorreu em via p\u00fablica e gerou grande como\u00e7\u00e3o entre testemunhas que passavam pelo local. Segundo relatos de populares, as v\u00edtimas foram atingidas enquanto estavam pr\u00f3ximas aos ve\u00edculos envolvidos na batida. Apesar da rapidez no atendimento, os dois homens n\u00e3o resistiram aos ferimentos e morreram no local. At\u00e9 o momento, suas identidades n\u00e3o foram divulgadas pelas autoridades. Uma mulher que estava em um dos carros sofreu ferimentos e foi socorrida por equipes de emerg\u00eancia, sendo encaminhada a um hospital da regi\u00e3o. O estado de sa\u00fade dela n\u00e3o foi informado at\u00e9 o momento. Equipes da Pol\u00edcia Civil da Bahia e da Pol\u00edcia Militar da Bahia estiveram no local para sinalizar a \u00e1rea, apurar as causas do acidente e iniciar os procedimentos legais e periciais. Moradores e motoristas que passavam pelo trecho relataram choque e preocupa\u00e7\u00e3o com a gravidade do acidente. As autoridades seguem investigando as circunst\u00e2ncias que levaram \u00e0 trag\u00e9dia, incluindo a din\u00e2mica da colis\u00e3o e poss\u00edveis responsabilidades.<\/p>\n","protected":false},"author":2,"featured_media":0,"comment_status":"open","ping_status":"open","sticky":false,"template":"","format":"standard","meta":{"footnotes":""},"categories":[5],"tags":[],"class_list":["post-10320","post","type-post","status-publish","format-standard","hentry","category-acidente"],"yoast_head":"<!-- This site is optimized with the Yoast SEO plugin v26.5 - https:\/\/yoast.com\/wordpress\/plugins\/seo\/ -->\n<title>Acidente grave em Porto Seguro deixa duas mortes e uma mulher ferida - Sudoesteacontece<\/title>\n<meta name=\"robots\" content=\"index, follow, max-snippet:-1, max-image-preview:large, max-video-preview:-1\" \/>\n<link rel=\"canonical\" href=\"https:\/\/sudoesteacontece.com.br\/?p=10320\" \/>\n<meta property=\"og:locale\" content=\"pt_BR\" \/>\n<meta property=\"og:type\" content=\"article\" \/>\n<meta property=\"og:title\" content=\"Acidente grave em Porto Seguro deixa duas mortes e uma mulher ferida - Sudoesteacontece\" \/>\n<meta property=\"og:description\" content=\"Uma colis\u00e3o envolvendo dois carros de passeio e uma motocicleta provocou a morte de dois homens na manh\u00e3 desta sexta-feira (13), em Porto Seguro, no Extremo Sul da Bahia. O acidente ocorreu em via p\u00fablica e gerou grande como\u00e7\u00e3o entre testemunhas que passavam pelo local. Segundo relatos de populares, as v\u00edtimas foram atingidas enquanto estavam pr\u00f3ximas aos ve\u00edculos envolvidos na batida. Apesar da rapidez no atendimento, os dois homens n\u00e3o resistiram aos ferimentos e morreram no local. At\u00e9 o momento, suas identidades n\u00e3o foram divulgadas pelas autoridades. Uma mulher que estava em um dos carros sofreu ferimentos e foi socorrida por equipes de emerg\u00eancia, sendo encaminhada a um hospital da regi\u00e3o. O estado de sa\u00fade dela n\u00e3o foi informado at\u00e9 o momento. Equipes da Pol\u00edcia Civil da Bahia e da Pol\u00edcia Militar da Bahia estiveram no local para sinalizar a \u00e1rea, apurar as causas do acidente e iniciar os procedimentos legais e periciais. Moradores e motoristas que passavam pelo trecho relataram choque e preocupa\u00e7\u00e3o com a gravidade do acidente. As autoridades seguem investigando as circunst\u00e2ncias que levaram \u00e0 trag\u00e9dia, incluindo a din\u00e2mica da colis\u00e3o e poss\u00edveis responsabilidades.\" \/>\n<meta property=\"og:url\" content=\"https:\/\/sudoesteacontece.com.br\/?p=10320\" \/>\n<meta property=\"og:site_name\" content=\"Sudoesteacontece\" \/>\n<meta property=\"article:publisher\" content=\"https:\/\/www.facebook.com\/sudoesteacontece\/?locale=pt_BR\" \/>\n<meta property=\"article:published_time\" content=\"2026-03-13T20:40:07+00:00\" \/>\n<meta property=\"article:modified_time\" content=\"2026-03-13T20:40:11+00:00\" \/>\n<meta property=\"og:image\" content=\"http:\/\/sudoesteacontece.com.br\/wp-content\/uploads\/2026\/03\/Acidente-grave-em-Porto-Seguro-deixa-duas-mortes-e-uma-mulher-ferida.jpg\" \/>\n<meta name=\"author\" content=\"Washington Tiago\" \/>\n<meta name=\"twitter:card\" content=\"summary_large_image\" \/>\n<meta name=\"twitter:label1\" content=\"Escrito por\" \/>\n\t<meta name=\"twitter:data1\" content=\"Washington Tiago\" \/>\n\t<meta name=\"twitter:label2\" content=\"Est. tempo de leitura\" \/>\n\t<meta name=\"twitter:data2\" content=\"2 minutos\" \/>\n<script type=\"application\/ld+json\" class=\"yoast-schema-graph\">{\"@context\":\"https:\/\/schema.org\",\"@graph\":[{\"@type\":\"Article\",\"@id\":\"https:\/\/sudoesteacontece.com.br\/?p=10320#article\",\"isPartOf\":{\"@id\":\"https:\/\/sudoesteacontece.com.br\/?p=10320\"},\"author\":{\"name\":\"Washington Tiago\",\"@id\":\"https:\/\/sudoesteacontece.com.br\/#\/schema\/person\/3cf2cf009926a9683ebc29d5379fa79c\"},\"headline\":\"Acidente grave em Porto Seguro deixa duas mortes e uma mulher ferida\",\"datePublished\":\"2026-03-13T20:40:07+00:00\",\"dateModified\":\"2026-03-13T20:40:11+00:00\",\"mainEntityOfPage\":{\"@id\":\"https:\/\/sudoesteacontece.com.br\/?p=10320\"},\"wordCount\":217,\"commentCount\":0,\"publisher\":{\"@id\":\"https:\/\/sudoesteacontece.com.br\/#organization\"},\"image\":{\"@id\":\"https:\/\/sudoesteacontece.com.br\/?p=10320#primaryimage\"},\"thumbnailUrl\":\"http:\/\/sudoesteacontece.com.br\/wp-content\/uploads\/2026\/03\/Acidente-grave-em-Porto-Seguro-deixa-duas-mortes-e-uma-mulher-ferida.jpg\",\"articleSection\":[\"Acidente\"],\"inLanguage\":\"pt-BR\",\"potentialAction\":[{\"@type\":\"CommentAction\",\"name\":\"Comment\",\"target\":[\"https:\/\/sudoesteacontece.com.br\/?p=10320#respond\"]}]},{\"@type\":\"WebPage\",\"@id\":\"https:\/\/sudoesteacontece.com.br\/?p=10320\",\"url\":\"https:\/\/sudoesteacontece.com.br\/?p=10320\",\"name\":\"Acidente grave em Porto Seguro deixa duas mortes e uma mulher ferida - Sudoesteacontece\",\"isPartOf\":{\"@id\":\"https:\/\/sudoesteacontece.com.br\/#website\"},\"primaryImageOfPage\":{\"@id\":\"https:\/\/sudoesteacontece.com.br\/?p=10320#primaryimage\"},\"image\":{\"@id\":\"https:\/\/sudoesteacontece.com.br\/?p=10320#primaryimage\"},\"thumbnailUrl\":\"http:\/\/sudoesteacontece.com.br\/wp-content\/uploads\/2026\/03\/Acidente-grave-em-Porto-Seguro-deixa-duas-mortes-e-uma-mulher-ferida.jpg\",\"datePublished\":\"2026-03-13T20:40:07+00:00\",\"dateModified\":\"2026-03-13T20:40:11+00:00\",\"breadcrumb\":{\"@id\":\"https:\/\/sudoesteacontece.com.br\/?p=10320#breadcrumb\"},\"inLanguage\":\"pt-BR\",\"potentialAction\":[{\"@type\":\"ReadAction\",\"target\":[\"https:\/\/sudoesteacontece.com.br\/?p=10320\"]}]},{\"@type\":\"ImageObject\",\"inLanguage\":\"pt-BR\",\"@id\":\"https:\/\/sudoesteacontece.com.br\/?p=10320#primaryimage\",\"url\":\"https:\/\/sudoesteacontece.com.br\/wp-content\/uploads\/2026\/03\/Acidente-grave-em-Porto-Seguro-deixa-duas-mortes-e-uma-mulher-ferida.jpg\",\"contentUrl\":\"https:\/\/sudoesteacontece.com.br\/wp-content\/uploads\/2026\/03\/Acidente-grave-em-Porto-Seguro-deixa-duas-mortes-e-uma-mulher-ferida.jpg\",\"width\":900,\"height\":600},{\"@type\":\"BreadcrumbList\",\"@id\":\"https:\/\/sudoesteacontece.com.br\/?p=10320#breadcrumb\",\"itemListElement\":[{\"@type\":\"ListItem\",\"position\":1,\"name\":\"In\u00edcio\",\"item\":\"https:\/\/sudoesteacontece.com.br\/\"},{\"@type\":\"ListItem\",\"position\":2,\"name\":\"Acidente grave em Porto Seguro deixa duas mortes e uma mulher ferida\"}]},{\"@type\":\"WebSite\",\"@id\":\"https:\/\/sudoesteacontece.com.br\/#website\",\"url\":\"https:\/\/sudoesteacontece.com.br\/\",\"name\":\"Sudoesteacontece\",\"description\":\"\",\"publisher\":{\"@id\":\"https:\/\/sudoesteacontece.com.br\/#organization\"},\"potentialAction\":[{\"@type\":\"SearchAction\",\"target\":{\"@type\":\"EntryPoint\",\"urlTemplate\":\"https:\/\/sudoesteacontece.com.br\/?s={search_term_string}\"},\"query-input\":{\"@type\":\"PropertyValueSpecification\",\"valueRequired\":true,\"valueName\":\"search_term_string\"}}],\"inLanguage\":\"pt-BR\"},{\"@type\":\"Organization\",\"@id\":\"https:\/\/sudoesteacontece.com.br\/#organization\",\"name\":\"Sudoesteacontece\",\"url\":\"https:\/\/sudoesteacontece.com.br\/\",\"logo\":{\"@type\":\"ImageObject\",\"inLanguage\":\"pt-BR\",\"@id\":\"https:\/\/sudoesteacontece.com.br\/#\/schema\/logo\/image\/\",\"url\":\"https:\/\/sudoesteacontece.com.br\/wp-content\/uploads\/2025\/12\/cropped-logo-2-180x180-1.png\",\"contentUrl\":\"https:\/\/sudoesteacontece.com.br\/wp-content\/uploads\/2025\/12\/cropped-logo-2-180x180-1.png\",\"width\":180,\"height\":180,\"caption\":\"Sudoesteacontece\"},\"image\":{\"@id\":\"https:\/\/sudoesteacontece.com.br\/#\/schema\/logo\/image\/\"},\"sameAs\":[\"https:\/\/www.facebook.com\/sudoesteacontece\/?locale=pt_BR\"]},{\"@type\":\"Person\",\"@id\":\"https:\/\/sudoesteacontece.com.br\/#\/schema\/person\/3cf2cf009926a9683ebc29d5379fa79c\",\"name\":\"Washington Tiago\",\"image\":{\"@type\":\"ImageObject\",\"inLanguage\":\"pt-BR\",\"@id\":\"https:\/\/sudoesteacontece.com.br\/#\/schema\/person\/image\/\",\"url\":\"https:\/\/secure.gravatar.com\/avatar\/33c43b8668157e040f9d1fe93c354bf087cbd8ba36270c1163198bd3ddcf2a56?s=96&d=mm&r=g\",\"contentUrl\":\"https:\/\/secure.gravatar.com\/avatar\/33c43b8668157e040f9d1fe93c354bf087cbd8ba36270c1163198bd3ddcf2a56?s=96&d=mm&r=g\",\"caption\":\"Washington Tiago\"},\"url\":\"https:\/\/sudoesteacontece.com.br\/?author=2\"}]}<\/script>\n<!-- \/ Yoast SEO plugin. -->","yoast_head_json":{"title":"Acidente grave em Porto Seguro deixa duas mortes e uma mulher ferida - Sudoesteacontece","robots":{"index":"index","follow":"follow","max-snippet":"max-snippet:-1","max-image-preview":"max-image-preview:large","max-video-preview":"max-video-preview:-1"},"canonical":"https:\/\/sudoesteacontece.com.br\/?p=10320","og_locale":"pt_BR","og_type":"article","og_title":"Acidente grave em Porto Seguro deixa duas mortes e uma mulher ferida - Sudoesteacontece","og_description":"Uma colis\u00e3o envolvendo dois carros de passeio e uma motocicleta provocou a morte de dois homens na manh\u00e3 desta sexta-feira (13), em Porto Seguro, no Extremo Sul da Bahia. O acidente ocorreu em via p\u00fablica e gerou grande como\u00e7\u00e3o entre testemunhas que passavam pelo local. Segundo relatos de populares, as v\u00edtimas foram atingidas enquanto estavam pr\u00f3ximas aos ve\u00edculos envolvidos na batida. Apesar da rapidez no atendimento, os dois homens n\u00e3o resistiram aos ferimentos e morreram no local. At\u00e9 o momento, suas identidades n\u00e3o foram divulgadas pelas autoridades. Uma mulher que estava em um dos carros sofreu ferimentos e foi socorrida por equipes de emerg\u00eancia, sendo encaminhada a um hospital da regi\u00e3o. O estado de sa\u00fade dela n\u00e3o foi informado at\u00e9 o momento. Equipes da Pol\u00edcia Civil da Bahia e da Pol\u00edcia Militar da Bahia estiveram no local para sinalizar a \u00e1rea, apurar as causas do acidente e iniciar os procedimentos legais e periciais. Moradores e motoristas que passavam pelo trecho relataram choque e preocupa\u00e7\u00e3o com a gravidade do acidente. As autoridades seguem investigando as circunst\u00e2ncias que levaram \u00e0 trag\u00e9dia, incluindo a din\u00e2mica da colis\u00e3o e poss\u00edveis responsabilidades.","og_url":"https:\/\/sudoesteacontece.com.br\/?p=10320","og_site_name":"Sudoesteacontece","article_publisher":"https:\/\/www.facebook.com\/sudoesteacontece\/?locale=pt_BR","article_published_time":"2026-03-13T20:40:07+00:00","article_modified_time":"2026-03-13T20:40:11+00:00","og_image":[{"url":"http:\/\/sudoesteacontece.com.br\/wp-content\/uploads\/2026\/03\/Acidente-grave-em-Porto-Seguro-deixa-duas-mortes-e-uma-mulher-ferida.jpg","type":"","width":"","height":""}],"author":"Washington Tiago","twitter_card":"summary_large_image","twitter_misc":{"Escrito por":"Washington Tiago","Est. tempo de leitura":"2 minutos"},"schema":{"@context":"https:\/\/schema.org","@graph":[{"@type":"Article","@id":"https:\/\/sudoesteacontece.com.br\/?p=10320#article","isPartOf":{"@id":"https:\/\/sudoesteacontece.com.br\/?p=10320"},"author":{"name":"Washington Tiago","@id":"https:\/\/sudoesteacontece.com.br\/#\/schema\/person\/3cf2cf009926a9683ebc29d5379fa79c"},"headline":"Acidente grave em Porto Seguro deixa duas mortes e uma mulher ferida","datePublished":"2026-03-13T20:40:07+00:00","dateModified":"2026-03-13T20:40:11+00:00","mainEntityOfPage":{"@id":"https:\/\/sudoesteacontece.com.br\/?p=10320"},"wordCount":217,"commentCount":0,"publisher":{"@id":"https:\/\/sudoesteacontece.com.br\/#organization"},"image":{"@id":"https:\/\/sudoesteacontece.com.br\/?p=10320#primaryimage"},"thumbnailUrl":"http:\/\/sudoesteacontece.com.br\/wp-content\/uploads\/2026\/03\/Acidente-grave-em-Porto-Seguro-deixa-duas-mortes-e-uma-mulher-ferida.jpg","articleSection":["Acidente"],"inLanguage":"pt-BR","potentialAction":[{"@type":"CommentAction","name":"Comment","target":["https:\/\/sudoesteacontece.com.br\/?p=10320#respond"]}]},{"@type":"WebPage","@id":"https:\/\/sudoesteacontece.com.br\/?p=10320","url":"https:\/\/sudoesteacontece.com.br\/?p=10320","name":"Acidente grave em Porto Seguro deixa duas mortes e uma mulher ferida - Sudoesteacontece","isPartOf":{"@id":"https:\/\/sudoesteacontece.com.br\/#website"},"primaryImageOfPage":{"@id":"https:\/\/sudoesteacontece.com.br\/?p=10320#primaryimage"},"image":{"@id":"https:\/\/sudoesteacontece.com.br\/?p=10320#primaryimage"},"thumbnailUrl":"http:\/\/sudoesteacontece.com.br\/wp-content\/uploads\/2026\/03\/Acidente-grave-em-Porto-Seguro-deixa-duas-mortes-e-uma-mulher-ferida.jpg","datePublished":"2026-03-13T20:40:07+00:00","dateModified":"2026-03-13T20:40:11+00:00","breadcrumb":{"@id":"https:\/\/sudoesteacontece.com.br\/?p=10320#breadcrumb"},"inLanguage":"pt-BR","potentialAction":[{"@type":"ReadAction","target":["https:\/\/sudoesteacontece.com.br\/?p=10320"]}]},{"@type":"ImageObject","inLanguage":"pt-BR","@id":"https:\/\/sudoesteacontece.com.br\/?p=10320#primaryimage","url":"https:\/\/sudoesteacontece.com.br\/wp-content\/uploads\/2026\/03\/Acidente-grave-em-Porto-Seguro-deixa-duas-mortes-e-uma-mulher-ferida.jpg","contentUrl":"https:\/\/sudoesteacontece.com.br\/wp-content\/uploads\/2026\/03\/Acidente-grave-em-Porto-Seguro-deixa-duas-mortes-e-uma-mulher-ferida.jpg","width":900,"height":600},{"@type":"BreadcrumbList","@id":"https:\/\/sudoesteacontece.com.br\/?p=10320#breadcrumb","itemListElement":[{"@type":"ListItem","position":1,"name":"In\u00edcio","item":"https:\/\/sudoesteacontece.com.br\/"},{"@type":"ListItem","position":2,"name":"Acidente grave em Porto Seguro deixa duas mortes e uma mulher ferida"}]},{"@type":"WebSite","@id":"https:\/\/sudoesteacontece.com.br\/#website","url":"https:\/\/sudoesteacontece.com.br\/","name":"Sudoesteacontece","description":"","publisher":{"@id":"https:\/\/sudoesteacontece.com.br\/#organization"},"potentialAction":[{"@type":"SearchAction","target":{"@type":"EntryPoint","urlTemplate":"https:\/\/sudoesteacontece.com.br\/?s={search_term_string}"},"query-input":{"@type":"PropertyValueSpecification","valueRequired":true,"valueName":"search_term_string"}}],"inLanguage":"pt-BR"},{"@type":"Organization","@id":"https:\/\/sudoesteacontece.com.br\/#organization","name":"Sudoesteacontece","url":"https:\/\/sudoesteacontece.com.br\/","logo":{"@type":"ImageObject","inLanguage":"pt-BR","@id":"https:\/\/sudoesteacontece.com.br\/#\/schema\/logo\/image\/","url":"https:\/\/sudoesteacontece.com.br\/wp-content\/uploads\/2025\/12\/cropped-logo-2-180x180-1.png","contentUrl":"https:\/\/sudoesteacontece.com.br\/wp-content\/uploads\/2025\/12\/cropped-logo-2-180x180-1.png","width":180,"height":180,"caption":"Sudoesteacontece"},"image":{"@id":"https:\/\/sudoesteacontece.com.br\/#\/schema\/logo\/image\/"},"sameAs":["https:\/\/www.facebook.com\/sudoesteacontece\/?locale=pt_BR"]},{"@type":"Person","@id":"https:\/\/sudoesteacontece.com.br\/#\/schema\/person\/3cf2cf009926a9683ebc29d5379fa79c","name":"Washington Tiago","image":{"@type":"ImageObject","inLanguage":"pt-BR","@id":"https:\/\/sudoesteacontece.com.br\/#\/schema\/person\/image\/","url":"https:\/\/secure.gravatar.com\/avatar\/33c43b8668157e040f9d1fe93c354bf087cbd8ba36270c1163198bd3ddcf2a56?s=96&d=mm&r=g","contentUrl":"https:\/\/secure.gravatar.com\/avatar\/33c43b8668157e040f9d1fe93c354bf087cbd8ba36270c1163198bd3ddcf2a56?s=96&d=mm&r=g","caption":"Washington Tiago"},"url":"https:\/\/sudoesteacontece.com.br\/?author=2"}]}},"_links":{"self":[{"href":"https:\/\/sudoesteacontece.com.br\/index.php?rest_route=\/wp\/v2\/posts\/10320","targetHints":{"allow":["GET"]}}],"collection":[{"href":"https:\/\/sudoesteacontece.com.br\/index.php?rest_route=\/wp\/v2\/posts"}],"about":[{"href":"https:\/\/sudoesteacontece.com.br\/index.php?rest_route=\/wp\/v2\/types\/post"}],"author":[{"embeddable":true,"href":"https:\/\/sudoesteacontece.com.br\/index.php?rest_route=\/wp\/v2\/users\/2"}],"replies":[{"embeddable":true,"href":"https:\/\/sudoesteacontece.com.br\/index.php?rest_route=%2Fwp%2Fv2%2Fcomments&post=10320"}],"version-history":[{"count":0,"href":"https:\/\/sudoesteacontece.com.br\/index.php?rest_route=\/wp\/v2\/posts\/10320\/revisions"}],"wp:attachment":[{"href":"https:\/\/sudoesteacontece.com.br\/index.php?rest_route=%2Fwp%2Fv2%2Fmedia&parent=10320"}],"wp:term":[{"taxonomy":"category","embeddable":true,"href":"https:\/\/sudoesteacontece.com.br\/index.php?rest_route=%2Fwp%2Fv2%2Fcategories&post=10320"},{"taxonomy":"post_tag","embeddable":true,"href":"https:\/\/sudoesteacontece.com.br\/index.php?rest_route=%2Fwp%2Fv2%2Ftags&post=10320"}],"curies":[{"name":"wp","href":"https:\/\/api.w.org\/{rel}","templated":true}]}}