{"id":10322,"date":"2026-03-13T17:42:38","date_gmt":"2026-03-13T20:42:38","guid":{"rendered":"https:\/\/sudoesteacontece.com.br\/?p=10322"},"modified":"2026-03-13T17:42:43","modified_gmt":"2026-03-13T20:42:43","slug":"moradores-de-varzea-grande-em-cacule-denunciam-falta-de-medico-e-problemas-no-atendimento-odontologico","status":"publish","type":"post","link":"https:\/\/sudoesteacontece.com.br\/?p=10322","title":{"rendered":"Moradores de V\u00e1rzea Grande, em Cacul\u00e9, denunciam falta de m\u00e9dico e problemas no atendimento odontol\u00f3gico"},"content":{"rendered":"<div class=\"wp-block-image\">\n<figure class=\"aligncenter size-full\"><img fetchpriority=\"high\" decoding=\"async\" width=\"900\" height=\"600\" src=\"http:\/\/sudoesteacontece.com.br\/wp-content\/uploads\/2026\/03\/cacule-prefeitura.jpg\" alt=\"\" class=\"wp-image-10359\" srcset=\"https:\/\/sudoesteacontece.com.br\/wp-content\/uploads\/2026\/03\/cacule-prefeitura.jpg 900w, https:\/\/sudoesteacontece.com.br\/wp-content\/uploads\/2026\/03\/cacule-prefeitura-300x200.jpg 300w, https:\/\/sudoesteacontece.com.br\/wp-content\/uploads\/2026\/03\/cacule-prefeitura-768x512.jpg 768w\" sizes=\"(max-width: 900px) 100vw, 900px\" \/><\/figure>\n<\/div>\n\n\n<p>Moradores do distrito de V\u00e1rzea Grande, zona rural de Cacul\u00e9, relatam dificuldades no acesso a servi\u00e7os de sa\u00fade no Posto de Sa\u00fade da Fam\u00edlia (PSF) local. Segundo den\u00fancias, h\u00e1 dias em que a unidade funciona sem m\u00e9dico, deixando pacientes sem atendimento.<\/p>\n\n\n\n<p>Paciente que buscava informa\u00e7\u00f5es sobre consultas foi informada por uma agente de sa\u00fade que n\u00e3o havia m\u00e9dico dispon\u00edvel. Situa\u00e7\u00e3o preocupa a popula\u00e7\u00e3o, que depende do PSF para atendimentos b\u00e1sicos de sa\u00fade e precisa aguardar dias ou se deslocar para outras localidades em busca de cuidado.<\/p>\n\n\n\n<p>Problemas no atendimento odontol\u00f3gico tamb\u00e9m foram apontados. Segundo relatos, a caneta odontol\u00f3gica utilizada para procedimentos est\u00e1 quebrada, impedindo a realiza\u00e7\u00e3o de consultas e tratamentos. Como resultado, parte dos atendimentos \u00e9 suspensa ou adiada, afetando a rotina de pacientes da comunidade.<\/p>\n\n\n\n<p>Moradores afirmam que dependem integralmente do servi\u00e7o p\u00fablico e demonstram insatisfa\u00e7\u00e3o com a falta de estrutura e profissionais na unidade. A situa\u00e7\u00e3o tem gerado revolta e exig\u00eancia de provid\u00eancias urgentes por parte da Prefeitura de Cacul\u00e9 e da Secretaria Municipal de Sa\u00fade.<\/p>\n\n\n\n<p>Popula\u00e7\u00e3o solicita que os m\u00e9dicos sejam disponibilizados regularmente e que os equipamentos odontol\u00f3gicos sejam consertados, garantindo funcionamento completo do PSF. Refor\u00e7am ainda a import\u00e2ncia de manuten\u00e7\u00e3o cont\u00ednua da unidade para atender \u00e0s necessidades de sa\u00fade da comunidade.<\/p>\n","protected":false},"excerpt":{"rendered":"<p>Moradores do distrito de V\u00e1rzea Grande, zona rural de Cacul\u00e9, relatam dificuldades no acesso a servi\u00e7os de sa\u00fade no Posto de Sa\u00fade da Fam\u00edlia (PSF) local. Segundo den\u00fancias, h\u00e1 dias em que a unidade funciona sem m\u00e9dico, deixando pacientes sem atendimento. Paciente que buscava informa\u00e7\u00f5es sobre consultas foi informada por uma agente de sa\u00fade que n\u00e3o havia m\u00e9dico dispon\u00edvel. Situa\u00e7\u00e3o preocupa a popula\u00e7\u00e3o, que depende do PSF para atendimentos b\u00e1sicos de sa\u00fade e precisa aguardar dias ou se deslocar para outras localidades em busca de cuidado. Problemas no atendimento odontol\u00f3gico tamb\u00e9m foram apontados. Segundo relatos, a caneta odontol\u00f3gica utilizada para procedimentos est\u00e1 quebrada, impedindo a realiza\u00e7\u00e3o de consultas e tratamentos. Como resultado, parte dos atendimentos \u00e9 suspensa ou adiada, afetando a rotina de pacientes da comunidade. Moradores afirmam que dependem integralmente do servi\u00e7o p\u00fablico e demonstram insatisfa\u00e7\u00e3o com a falta de estrutura e profissionais na unidade. A situa\u00e7\u00e3o tem gerado revolta e exig\u00eancia de provid\u00eancias urgentes por parte da Prefeitura de Cacul\u00e9 e da Secretaria Municipal de Sa\u00fade. Popula\u00e7\u00e3o solicita que os m\u00e9dicos sejam disponibilizados regularmente e que os equipamentos odontol\u00f3gicos sejam consertados, garantindo funcionamento completo do PSF. Refor\u00e7am ainda a import\u00e2ncia de manuten\u00e7\u00e3o cont\u00ednua da unidade para atender \u00e0s necessidades de sa\u00fade da comunidade.<\/p>\n","protected":false},"author":2,"featured_media":0,"comment_status":"open","ping_status":"open","sticky":false,"template":"","format":"standard","meta":{"footnotes":""},"categories":[57,4,6],"tags":[],"class_list":["post-10322","post","type-post","status-publish","format-standard","hentry","category-cacule","category-cidades","category-politica"],"yoast_head":"<!-- This site is optimized with the Yoast SEO plugin v26.5 - https:\/\/yoast.com\/wordpress\/plugins\/seo\/ -->\n<title>Moradores de V\u00e1rzea Grande, em Cacul\u00e9, denunciam falta de m\u00e9dico e problemas no atendimento odontol\u00f3gico - Sudoesteacontece<\/title>\n<meta name=\"robots\" content=\"index, follow, max-snippet:-1, max-image-preview:large, max-video-preview:-1\" \/>\n<link rel=\"canonical\" href=\"http:\/\/sudoesteacontece.com.br\/?p=10322\" \/>\n<meta property=\"og:locale\" content=\"pt_BR\" \/>\n<meta property=\"og:type\" content=\"article\" \/>\n<meta property=\"og:title\" content=\"Moradores de V\u00e1rzea Grande, em Cacul\u00e9, denunciam falta de m\u00e9dico e problemas no atendimento odontol\u00f3gico - Sudoesteacontece\" \/>\n<meta property=\"og:description\" content=\"Moradores do distrito de V\u00e1rzea Grande, zona rural de Cacul\u00e9, relatam dificuldades no acesso a servi\u00e7os de sa\u00fade no Posto de Sa\u00fade da Fam\u00edlia (PSF) local. Segundo den\u00fancias, h\u00e1 dias em que a unidade funciona sem m\u00e9dico, deixando pacientes sem atendimento. Paciente que buscava informa\u00e7\u00f5es sobre consultas foi informada por uma agente de sa\u00fade que n\u00e3o havia m\u00e9dico dispon\u00edvel. Situa\u00e7\u00e3o preocupa a popula\u00e7\u00e3o, que depende do PSF para atendimentos b\u00e1sicos de sa\u00fade e precisa aguardar dias ou se deslocar para outras localidades em busca de cuidado. Problemas no atendimento odontol\u00f3gico tamb\u00e9m foram apontados. Segundo relatos, a caneta odontol\u00f3gica utilizada para procedimentos est\u00e1 quebrada, impedindo a realiza\u00e7\u00e3o de consultas e tratamentos. Como resultado, parte dos atendimentos \u00e9 suspensa ou adiada, afetando a rotina de pacientes da comunidade. Moradores afirmam que dependem integralmente do servi\u00e7o p\u00fablico e demonstram insatisfa\u00e7\u00e3o com a falta de estrutura e profissionais na unidade. A situa\u00e7\u00e3o tem gerado revolta e exig\u00eancia de provid\u00eancias urgentes por parte da Prefeitura de Cacul\u00e9 e da Secretaria Municipal de Sa\u00fade. Popula\u00e7\u00e3o solicita que os m\u00e9dicos sejam disponibilizados regularmente e que os equipamentos odontol\u00f3gicos sejam consertados, garantindo funcionamento completo do PSF. Refor\u00e7am ainda a import\u00e2ncia de manuten\u00e7\u00e3o cont\u00ednua da unidade para atender \u00e0s necessidades de sa\u00fade da comunidade.\" \/>\n<meta property=\"og:url\" content=\"http:\/\/sudoesteacontece.com.br\/?p=10322\" \/>\n<meta property=\"og:site_name\" content=\"Sudoesteacontece\" \/>\n<meta property=\"article:publisher\" content=\"https:\/\/www.facebook.com\/sudoesteacontece\/?locale=pt_BR\" \/>\n<meta property=\"article:published_time\" content=\"2026-03-13T20:42:38+00:00\" \/>\n<meta property=\"article:modified_time\" content=\"2026-03-13T20:42:43+00:00\" \/>\n<meta property=\"og:image\" content=\"http:\/\/sudoesteacontece.com.br\/wp-content\/uploads\/2026\/03\/cacule-prefeitura.jpg\" \/>\n<meta name=\"author\" content=\"Washington Tiago\" \/>\n<meta name=\"twitter:card\" content=\"summary_large_image\" \/>\n<meta name=\"twitter:label1\" content=\"Escrito por\" \/>\n\t<meta name=\"twitter:data1\" content=\"Washington Tiago\" \/>\n\t<meta name=\"twitter:label2\" content=\"Est. tempo de leitura\" \/>\n\t<meta name=\"twitter:data2\" content=\"2 minutos\" \/>\n<script type=\"application\/ld+json\" class=\"yoast-schema-graph\">{\"@context\":\"https:\/\/schema.org\",\"@graph\":[{\"@type\":\"Article\",\"@id\":\"http:\/\/sudoesteacontece.com.br\/?p=10322#article\",\"isPartOf\":{\"@id\":\"http:\/\/sudoesteacontece.com.br\/?p=10322\"},\"author\":{\"name\":\"Washington Tiago\",\"@id\":\"https:\/\/sudoesteacontece.com.br\/#\/schema\/person\/3cf2cf009926a9683ebc29d5379fa79c\"},\"headline\":\"Moradores de V\u00e1rzea Grande, em Cacul\u00e9, denunciam falta de m\u00e9dico e problemas no atendimento odontol\u00f3gico\",\"datePublished\":\"2026-03-13T20:42:38+00:00\",\"dateModified\":\"2026-03-13T20:42:43+00:00\",\"mainEntityOfPage\":{\"@id\":\"http:\/\/sudoesteacontece.com.br\/?p=10322\"},\"wordCount\":257,\"commentCount\":0,\"publisher\":{\"@id\":\"https:\/\/sudoesteacontece.com.br\/#organization\"},\"image\":{\"@id\":\"http:\/\/sudoesteacontece.com.br\/?p=10322#primaryimage\"},\"thumbnailUrl\":\"http:\/\/sudoesteacontece.com.br\/wp-content\/uploads\/2026\/03\/cacule-prefeitura.jpg\",\"articleSection\":[\"Cacul\u00e9\",\"Cidades\",\"Pol\u00edtica\"],\"inLanguage\":\"pt-BR\",\"potentialAction\":[{\"@type\":\"CommentAction\",\"name\":\"Comment\",\"target\":[\"http:\/\/sudoesteacontece.com.br\/?p=10322#respond\"]}]},{\"@type\":\"WebPage\",\"@id\":\"http:\/\/sudoesteacontece.com.br\/?p=10322\",\"url\":\"http:\/\/sudoesteacontece.com.br\/?p=10322\",\"name\":\"Moradores de V\u00e1rzea Grande, em Cacul\u00e9, denunciam falta de m\u00e9dico e problemas no atendimento odontol\u00f3gico - Sudoesteacontece\",\"isPartOf\":{\"@id\":\"https:\/\/sudoesteacontece.com.br\/#website\"},\"primaryImageOfPage\":{\"@id\":\"http:\/\/sudoesteacontece.com.br\/?p=10322#primaryimage\"},\"image\":{\"@id\":\"http:\/\/sudoesteacontece.com.br\/?p=10322#primaryimage\"},\"thumbnailUrl\":\"http:\/\/sudoesteacontece.com.br\/wp-content\/uploads\/2026\/03\/cacule-prefeitura.jpg\",\"datePublished\":\"2026-03-13T20:42:38+00:00\",\"dateModified\":\"2026-03-13T20:42:43+00:00\",\"breadcrumb\":{\"@id\":\"http:\/\/sudoesteacontece.com.br\/?p=10322#breadcrumb\"},\"inLanguage\":\"pt-BR\",\"potentialAction\":[{\"@type\":\"ReadAction\",\"target\":[\"http:\/\/sudoesteacontece.com.br\/?p=10322\"]}]},{\"@type\":\"ImageObject\",\"inLanguage\":\"pt-BR\",\"@id\":\"http:\/\/sudoesteacontece.com.br\/?p=10322#primaryimage\",\"url\":\"https:\/\/sudoesteacontece.com.br\/wp-content\/uploads\/2026\/03\/cacule-prefeitura.jpg\",\"contentUrl\":\"https:\/\/sudoesteacontece.com.br\/wp-content\/uploads\/2026\/03\/cacule-prefeitura.jpg\",\"width\":900,\"height\":600},{\"@type\":\"BreadcrumbList\",\"@id\":\"http:\/\/sudoesteacontece.com.br\/?p=10322#breadcrumb\",\"itemListElement\":[{\"@type\":\"ListItem\",\"position\":1,\"name\":\"In\u00edcio\",\"item\":\"https:\/\/sudoesteacontece.com.br\/\"},{\"@type\":\"ListItem\",\"position\":2,\"name\":\"Moradores de V\u00e1rzea Grande, em Cacul\u00e9, denunciam falta de m\u00e9dico e problemas no atendimento odontol\u00f3gico\"}]},{\"@type\":\"WebSite\",\"@id\":\"https:\/\/sudoesteacontece.com.br\/#website\",\"url\":\"https:\/\/sudoesteacontece.com.br\/\",\"name\":\"Sudoesteacontece\",\"description\":\"\",\"publisher\":{\"@id\":\"https:\/\/sudoesteacontece.com.br\/#organization\"},\"potentialAction\":[{\"@type\":\"SearchAction\",\"target\":{\"@type\":\"EntryPoint\",\"urlTemplate\":\"https:\/\/sudoesteacontece.com.br\/?s={search_term_string}\"},\"query-input\":{\"@type\":\"PropertyValueSpecification\",\"valueRequired\":true,\"valueName\":\"search_term_string\"}}],\"inLanguage\":\"pt-BR\"},{\"@type\":\"Organization\",\"@id\":\"https:\/\/sudoesteacontece.com.br\/#organization\",\"name\":\"Sudoesteacontece\",\"url\":\"https:\/\/sudoesteacontece.com.br\/\",\"logo\":{\"@type\":\"ImageObject\",\"inLanguage\":\"pt-BR\",\"@id\":\"https:\/\/sudoesteacontece.com.br\/#\/schema\/logo\/image\/\",\"url\":\"https:\/\/sudoesteacontece.com.br\/wp-content\/uploads\/2025\/12\/cropped-logo-2-180x180-1.png\",\"contentUrl\":\"https:\/\/sudoesteacontece.com.br\/wp-content\/uploads\/2025\/12\/cropped-logo-2-180x180-1.png\",\"width\":180,\"height\":180,\"caption\":\"Sudoesteacontece\"},\"image\":{\"@id\":\"https:\/\/sudoesteacontece.com.br\/#\/schema\/logo\/image\/\"},\"sameAs\":[\"https:\/\/www.facebook.com\/sudoesteacontece\/?locale=pt_BR\"]},{\"@type\":\"Person\",\"@id\":\"https:\/\/sudoesteacontece.com.br\/#\/schema\/person\/3cf2cf009926a9683ebc29d5379fa79c\",\"name\":\"Washington Tiago\",\"image\":{\"@type\":\"ImageObject\",\"inLanguage\":\"pt-BR\",\"@id\":\"https:\/\/sudoesteacontece.com.br\/#\/schema\/person\/image\/\",\"url\":\"https:\/\/secure.gravatar.com\/avatar\/33c43b8668157e040f9d1fe93c354bf087cbd8ba36270c1163198bd3ddcf2a56?s=96&d=mm&r=g\",\"contentUrl\":\"https:\/\/secure.gravatar.com\/avatar\/33c43b8668157e040f9d1fe93c354bf087cbd8ba36270c1163198bd3ddcf2a56?s=96&d=mm&r=g\",\"caption\":\"Washington Tiago\"},\"url\":\"https:\/\/sudoesteacontece.com.br\/?author=2\"}]}<\/script>\n<!-- \/ Yoast SEO plugin. -->","yoast_head_json":{"title":"Moradores de V\u00e1rzea Grande, em Cacul\u00e9, denunciam falta de m\u00e9dico e problemas no atendimento odontol\u00f3gico - Sudoesteacontece","robots":{"index":"index","follow":"follow","max-snippet":"max-snippet:-1","max-image-preview":"max-image-preview:large","max-video-preview":"max-video-preview:-1"},"canonical":"http:\/\/sudoesteacontece.com.br\/?p=10322","og_locale":"pt_BR","og_type":"article","og_title":"Moradores de V\u00e1rzea Grande, em Cacul\u00e9, denunciam falta de m\u00e9dico e problemas no atendimento odontol\u00f3gico - Sudoesteacontece","og_description":"Moradores do distrito de V\u00e1rzea Grande, zona rural de Cacul\u00e9, relatam dificuldades no acesso a servi\u00e7os de sa\u00fade no Posto de Sa\u00fade da Fam\u00edlia (PSF) local. Segundo den\u00fancias, h\u00e1 dias em que a unidade funciona sem m\u00e9dico, deixando pacientes sem atendimento. Paciente que buscava informa\u00e7\u00f5es sobre consultas foi informada por uma agente de sa\u00fade que n\u00e3o havia m\u00e9dico dispon\u00edvel. Situa\u00e7\u00e3o preocupa a popula\u00e7\u00e3o, que depende do PSF para atendimentos b\u00e1sicos de sa\u00fade e precisa aguardar dias ou se deslocar para outras localidades em busca de cuidado. Problemas no atendimento odontol\u00f3gico tamb\u00e9m foram apontados. Segundo relatos, a caneta odontol\u00f3gica utilizada para procedimentos est\u00e1 quebrada, impedindo a realiza\u00e7\u00e3o de consultas e tratamentos. Como resultado, parte dos atendimentos \u00e9 suspensa ou adiada, afetando a rotina de pacientes da comunidade. Moradores afirmam que dependem integralmente do servi\u00e7o p\u00fablico e demonstram insatisfa\u00e7\u00e3o com a falta de estrutura e profissionais na unidade. A situa\u00e7\u00e3o tem gerado revolta e exig\u00eancia de provid\u00eancias urgentes por parte da Prefeitura de Cacul\u00e9 e da Secretaria Municipal de Sa\u00fade. Popula\u00e7\u00e3o solicita que os m\u00e9dicos sejam disponibilizados regularmente e que os equipamentos odontol\u00f3gicos sejam consertados, garantindo funcionamento completo do PSF. Refor\u00e7am ainda a import\u00e2ncia de manuten\u00e7\u00e3o cont\u00ednua da unidade para atender \u00e0s necessidades de sa\u00fade da comunidade.","og_url":"http:\/\/sudoesteacontece.com.br\/?p=10322","og_site_name":"Sudoesteacontece","article_publisher":"https:\/\/www.facebook.com\/sudoesteacontece\/?locale=pt_BR","article_published_time":"2026-03-13T20:42:38+00:00","article_modified_time":"2026-03-13T20:42:43+00:00","og_image":[{"url":"http:\/\/sudoesteacontece.com.br\/wp-content\/uploads\/2026\/03\/cacule-prefeitura.jpg","type":"","width":"","height":""}],"author":"Washington Tiago","twitter_card":"summary_large_image","twitter_misc":{"Escrito por":"Washington Tiago","Est. tempo de leitura":"2 minutos"},"schema":{"@context":"https:\/\/schema.org","@graph":[{"@type":"Article","@id":"http:\/\/sudoesteacontece.com.br\/?p=10322#article","isPartOf":{"@id":"http:\/\/sudoesteacontece.com.br\/?p=10322"},"author":{"name":"Washington Tiago","@id":"https:\/\/sudoesteacontece.com.br\/#\/schema\/person\/3cf2cf009926a9683ebc29d5379fa79c"},"headline":"Moradores de V\u00e1rzea Grande, em Cacul\u00e9, denunciam falta de m\u00e9dico e problemas no atendimento odontol\u00f3gico","datePublished":"2026-03-13T20:42:38+00:00","dateModified":"2026-03-13T20:42:43+00:00","mainEntityOfPage":{"@id":"http:\/\/sudoesteacontece.com.br\/?p=10322"},"wordCount":257,"commentCount":0,"publisher":{"@id":"https:\/\/sudoesteacontece.com.br\/#organization"},"image":{"@id":"http:\/\/sudoesteacontece.com.br\/?p=10322#primaryimage"},"thumbnailUrl":"http:\/\/sudoesteacontece.com.br\/wp-content\/uploads\/2026\/03\/cacule-prefeitura.jpg","articleSection":["Cacul\u00e9","Cidades","Pol\u00edtica"],"inLanguage":"pt-BR","potentialAction":[{"@type":"CommentAction","name":"Comment","target":["http:\/\/sudoesteacontece.com.br\/?p=10322#respond"]}]},{"@type":"WebPage","@id":"http:\/\/sudoesteacontece.com.br\/?p=10322","url":"http:\/\/sudoesteacontece.com.br\/?p=10322","name":"Moradores de V\u00e1rzea Grande, em Cacul\u00e9, denunciam falta de m\u00e9dico e problemas no atendimento odontol\u00f3gico - Sudoesteacontece","isPartOf":{"@id":"https:\/\/sudoesteacontece.com.br\/#website"},"primaryImageOfPage":{"@id":"http:\/\/sudoesteacontece.com.br\/?p=10322#primaryimage"},"image":{"@id":"http:\/\/sudoesteacontece.com.br\/?p=10322#primaryimage"},"thumbnailUrl":"http:\/\/sudoesteacontece.com.br\/wp-content\/uploads\/2026\/03\/cacule-prefeitura.jpg","datePublished":"2026-03-13T20:42:38+00:00","dateModified":"2026-03-13T20:42:43+00:00","breadcrumb":{"@id":"http:\/\/sudoesteacontece.com.br\/?p=10322#breadcrumb"},"inLanguage":"pt-BR","potentialAction":[{"@type":"ReadAction","target":["http:\/\/sudoesteacontece.com.br\/?p=10322"]}]},{"@type":"ImageObject","inLanguage":"pt-BR","@id":"http:\/\/sudoesteacontece.com.br\/?p=10322#primaryimage","url":"https:\/\/sudoesteacontece.com.br\/wp-content\/uploads\/2026\/03\/cacule-prefeitura.jpg","contentUrl":"https:\/\/sudoesteacontece.com.br\/wp-content\/uploads\/2026\/03\/cacule-prefeitura.jpg","width":900,"height":600},{"@type":"BreadcrumbList","@id":"http:\/\/sudoesteacontece.com.br\/?p=10322#breadcrumb","itemListElement":[{"@type":"ListItem","position":1,"name":"In\u00edcio","item":"https:\/\/sudoesteacontece.com.br\/"},{"@type":"ListItem","position":2,"name":"Moradores de V\u00e1rzea Grande, em Cacul\u00e9, denunciam falta de m\u00e9dico e problemas no atendimento odontol\u00f3gico"}]},{"@type":"WebSite","@id":"https:\/\/sudoesteacontece.com.br\/#website","url":"https:\/\/sudoesteacontece.com.br\/","name":"Sudoesteacontece","description":"","publisher":{"@id":"https:\/\/sudoesteacontece.com.br\/#organization"},"potentialAction":[{"@type":"SearchAction","target":{"@type":"EntryPoint","urlTemplate":"https:\/\/sudoesteacontece.com.br\/?s={search_term_string}"},"query-input":{"@type":"PropertyValueSpecification","valueRequired":true,"valueName":"search_term_string"}}],"inLanguage":"pt-BR"},{"@type":"Organization","@id":"https:\/\/sudoesteacontece.com.br\/#organization","name":"Sudoesteacontece","url":"https:\/\/sudoesteacontece.com.br\/","logo":{"@type":"ImageObject","inLanguage":"pt-BR","@id":"https:\/\/sudoesteacontece.com.br\/#\/schema\/logo\/image\/","url":"https:\/\/sudoesteacontece.com.br\/wp-content\/uploads\/2025\/12\/cropped-logo-2-180x180-1.png","contentUrl":"https:\/\/sudoesteacontece.com.br\/wp-content\/uploads\/2025\/12\/cropped-logo-2-180x180-1.png","width":180,"height":180,"caption":"Sudoesteacontece"},"image":{"@id":"https:\/\/sudoesteacontece.com.br\/#\/schema\/logo\/image\/"},"sameAs":["https:\/\/www.facebook.com\/sudoesteacontece\/?locale=pt_BR"]},{"@type":"Person","@id":"https:\/\/sudoesteacontece.com.br\/#\/schema\/person\/3cf2cf009926a9683ebc29d5379fa79c","name":"Washington Tiago","image":{"@type":"ImageObject","inLanguage":"pt-BR","@id":"https:\/\/sudoesteacontece.com.br\/#\/schema\/person\/image\/","url":"https:\/\/secure.gravatar.com\/avatar\/33c43b8668157e040f9d1fe93c354bf087cbd8ba36270c1163198bd3ddcf2a56?s=96&d=mm&r=g","contentUrl":"https:\/\/secure.gravatar.com\/avatar\/33c43b8668157e040f9d1fe93c354bf087cbd8ba36270c1163198bd3ddcf2a56?s=96&d=mm&r=g","caption":"Washington Tiago"},"url":"https:\/\/sudoesteacontece.com.br\/?author=2"}]}},"_links":{"self":[{"href":"https:\/\/sudoesteacontece.com.br\/index.php?rest_route=\/wp\/v2\/posts\/10322","targetHints":{"allow":["GET"]}}],"collection":[{"href":"https:\/\/sudoesteacontece.com.br\/index.php?rest_route=\/wp\/v2\/posts"}],"about":[{"href":"https:\/\/sudoesteacontece.com.br\/index.php?rest_route=\/wp\/v2\/types\/post"}],"author":[{"embeddable":true,"href":"https:\/\/sudoesteacontece.com.br\/index.php?rest_route=\/wp\/v2\/users\/2"}],"replies":[{"embeddable":true,"href":"https:\/\/sudoesteacontece.com.br\/index.php?rest_route=%2Fwp%2Fv2%2Fcomments&post=10322"}],"version-history":[{"count":0,"href":"https:\/\/sudoesteacontece.com.br\/index.php?rest_route=\/wp\/v2\/posts\/10322\/revisions"}],"wp:attachment":[{"href":"https:\/\/sudoesteacontece.com.br\/index.php?rest_route=%2Fwp%2Fv2%2Fmedia&parent=10322"}],"wp:term":[{"taxonomy":"category","embeddable":true,"href":"https:\/\/sudoesteacontece.com.br\/index.php?rest_route=%2Fwp%2Fv2%2Fcategories&post=10322"},{"taxonomy":"post_tag","embeddable":true,"href":"https:\/\/sudoesteacontece.com.br\/index.php?rest_route=%2Fwp%2Fv2%2Ftags&post=10322"}],"curies":[{"name":"wp","href":"https:\/\/api.w.org\/{rel}","templated":true}]}}