{"id":10325,"date":"2026-03-13T17:48:08","date_gmt":"2026-03-13T20:48:08","guid":{"rendered":"https:\/\/sudoesteacontece.com.br\/?p=10325"},"modified":"2026-03-13T17:48:14","modified_gmt":"2026-03-13T20:48:14","slug":"carleto-deve-aceitar-vice-de-jeronimo-rui-busca-nome-de-confianca-para-suplencia","status":"publish","type":"post","link":"https:\/\/sudoesteacontece.com.br\/?p=10325","title":{"rendered":"Carleto deve aceitar vice de Jer\u00f4nimo; Rui busca nome de confian\u00e7a para supl\u00eancia"},"content":{"rendered":"<div class=\"wp-block-image\">\n<figure class=\"aligncenter size-full\"><img fetchpriority=\"high\" decoding=\"async\" width=\"900\" height=\"600\" src=\"http:\/\/sudoesteacontece.com.br\/wp-content\/uploads\/2026\/03\/Carleto-deve-aceitar-vice-de-Jeronimo-Rui-busca-nome-de-confianca-para-suplencia.jpg\" alt=\"\" class=\"wp-image-10363\" srcset=\"https:\/\/sudoesteacontece.com.br\/wp-content\/uploads\/2026\/03\/Carleto-deve-aceitar-vice-de-Jeronimo-Rui-busca-nome-de-confianca-para-suplencia.jpg 900w, https:\/\/sudoesteacontece.com.br\/wp-content\/uploads\/2026\/03\/Carleto-deve-aceitar-vice-de-Jeronimo-Rui-busca-nome-de-confianca-para-suplencia-300x200.jpg 300w, https:\/\/sudoesteacontece.com.br\/wp-content\/uploads\/2026\/03\/Carleto-deve-aceitar-vice-de-Jeronimo-Rui-busca-nome-de-confianca-para-suplencia-768x512.jpg 768w\" sizes=\"(max-width: 900px) 100vw, 900px\" \/><\/figure>\n<\/div>\n\n\n<p>Articula\u00e7\u00e3o pol\u00edtica do governo projeta como cada vez mais prov\u00e1vel o \u201csim\u201d do ex-deputado federal Ronaldo Carleto, cacique do Avante na Bahia, ao convite para ser candidato a vice-governador na chapa de reelei\u00e7\u00e3o do governador Jer\u00f4nimo Rodrigues.<\/p>\n\n\n\n<p>Com a defini\u00e7\u00e3o de Carleto quase certa, o foco da base agora recai sobre a escolha do primeiro suplente de Rui Costa ao Senado. O nome dever\u00e1 refletir total confian\u00e7a do ministro, garantindo alinhamento pol\u00edtico com a chapa majorit\u00e1ria, assim como ocorreu na negocia\u00e7\u00e3o com Carleto.<\/p>\n\n\n\n<p>Enquanto isso, ala ruisista da base resiste \u00e0 hip\u00f3tese de acomodar o vice-governador Geraldo J\u00fanior na supl\u00eancia do senador Jaques Wagner. A alternativa surgiu ap\u00f3s Geraldo deixar de ser considerado para a vice de Jer\u00f4nimo, mas ainda enfrenta resist\u00eancia interna por falta de express\u00e3o eleitoral.<\/p>\n\n\n\n<p>Recentes epis\u00f3dios pesam contra Geraldo, incluindo envio de mensagem em grupo de WhatsApp com cr\u00edticas ao ministro Rui Costa, considerada ato de deslealdade. Apesar disso, a supl\u00eancia pode se tornar instrumento estrat\u00e9gico para refor\u00e7ar a campanha, compensando quadros da base que n\u00e3o possuem capital eleitoral pr\u00f3prio.<\/p>\n","protected":false},"excerpt":{"rendered":"<p>Articula\u00e7\u00e3o pol\u00edtica do governo projeta como cada vez mais prov\u00e1vel o \u201csim\u201d do ex-deputado federal Ronaldo Carleto, cacique do Avante na Bahia, ao convite para ser candidato a vice-governador na chapa de reelei\u00e7\u00e3o do governador Jer\u00f4nimo Rodrigues. Com a defini\u00e7\u00e3o de Carleto quase certa, o foco da base agora recai sobre a escolha do primeiro suplente de Rui Costa ao Senado. O nome dever\u00e1 refletir total confian\u00e7a do ministro, garantindo alinhamento pol\u00edtico com a chapa majorit\u00e1ria, assim como ocorreu na negocia\u00e7\u00e3o com Carleto. Enquanto isso, ala ruisista da base resiste \u00e0 hip\u00f3tese de acomodar o vice-governador Geraldo J\u00fanior na supl\u00eancia do senador Jaques Wagner. A alternativa surgiu ap\u00f3s Geraldo deixar de ser considerado para a vice de Jer\u00f4nimo, mas ainda enfrenta resist\u00eancia interna por falta de express\u00e3o eleitoral. Recentes epis\u00f3dios pesam contra Geraldo, incluindo envio de mensagem em grupo de WhatsApp com cr\u00edticas ao ministro Rui Costa, considerada ato de deslealdade. Apesar disso, a supl\u00eancia pode se tornar instrumento estrat\u00e9gico para refor\u00e7ar a campanha, compensando quadros da base que n\u00e3o possuem capital eleitoral pr\u00f3prio.<\/p>\n","protected":false},"author":2,"featured_media":0,"comment_status":"open","ping_status":"open","sticky":false,"template":"","format":"standard","meta":{"footnotes":""},"categories":[7,58,6],"tags":[],"class_list":["post-10325","post","type-post","status-publish","format-standard","hentry","category-bahia","category-eleicoes-2026","category-politica"],"yoast_head":"<!-- This site is optimized with the Yoast SEO plugin v26.5 - https:\/\/yoast.com\/wordpress\/plugins\/seo\/ -->\n<title>Carleto deve aceitar vice de Jer\u00f4nimo; Rui busca nome de confian\u00e7a para supl\u00eancia - Sudoesteacontece<\/title>\n<meta name=\"robots\" content=\"index, follow, max-snippet:-1, max-image-preview:large, max-video-preview:-1\" \/>\n<link rel=\"canonical\" href=\"http:\/\/sudoesteacontece.com.br\/?p=10325\" \/>\n<meta property=\"og:locale\" content=\"pt_BR\" \/>\n<meta property=\"og:type\" content=\"article\" \/>\n<meta property=\"og:title\" content=\"Carleto deve aceitar vice de Jer\u00f4nimo; Rui busca nome de confian\u00e7a para supl\u00eancia - Sudoesteacontece\" \/>\n<meta property=\"og:description\" content=\"Articula\u00e7\u00e3o pol\u00edtica do governo projeta como cada vez mais prov\u00e1vel o \u201csim\u201d do ex-deputado federal Ronaldo Carleto, cacique do Avante na Bahia, ao convite para ser candidato a vice-governador na chapa de reelei\u00e7\u00e3o do governador Jer\u00f4nimo Rodrigues. Com a defini\u00e7\u00e3o de Carleto quase certa, o foco da base agora recai sobre a escolha do primeiro suplente de Rui Costa ao Senado. O nome dever\u00e1 refletir total confian\u00e7a do ministro, garantindo alinhamento pol\u00edtico com a chapa majorit\u00e1ria, assim como ocorreu na negocia\u00e7\u00e3o com Carleto. Enquanto isso, ala ruisista da base resiste \u00e0 hip\u00f3tese de acomodar o vice-governador Geraldo J\u00fanior na supl\u00eancia do senador Jaques Wagner. A alternativa surgiu ap\u00f3s Geraldo deixar de ser considerado para a vice de Jer\u00f4nimo, mas ainda enfrenta resist\u00eancia interna por falta de express\u00e3o eleitoral. Recentes epis\u00f3dios pesam contra Geraldo, incluindo envio de mensagem em grupo de WhatsApp com cr\u00edticas ao ministro Rui Costa, considerada ato de deslealdade. Apesar disso, a supl\u00eancia pode se tornar instrumento estrat\u00e9gico para refor\u00e7ar a campanha, compensando quadros da base que n\u00e3o possuem capital eleitoral pr\u00f3prio.\" \/>\n<meta property=\"og:url\" content=\"http:\/\/sudoesteacontece.com.br\/?p=10325\" \/>\n<meta property=\"og:site_name\" content=\"Sudoesteacontece\" \/>\n<meta property=\"article:publisher\" content=\"https:\/\/www.facebook.com\/sudoesteacontece\/?locale=pt_BR\" \/>\n<meta property=\"article:published_time\" content=\"2026-03-13T20:48:08+00:00\" \/>\n<meta property=\"article:modified_time\" content=\"2026-03-13T20:48:14+00:00\" \/>\n<meta property=\"og:image\" content=\"http:\/\/sudoesteacontece.com.br\/wp-content\/uploads\/2026\/03\/Carleto-deve-aceitar-vice-de-Jeronimo-Rui-busca-nome-de-confianca-para-suplencia.jpg\" \/>\n<meta name=\"author\" content=\"Washington Tiago\" \/>\n<meta name=\"twitter:card\" content=\"summary_large_image\" \/>\n<meta name=\"twitter:label1\" content=\"Escrito por\" \/>\n\t<meta name=\"twitter:data1\" content=\"Washington Tiago\" \/>\n\t<meta name=\"twitter:label2\" content=\"Est. tempo de leitura\" \/>\n\t<meta name=\"twitter:data2\" content=\"2 minutos\" \/>\n<script type=\"application\/ld+json\" class=\"yoast-schema-graph\">{\"@context\":\"https:\/\/schema.org\",\"@graph\":[{\"@type\":\"Article\",\"@id\":\"http:\/\/sudoesteacontece.com.br\/?p=10325#article\",\"isPartOf\":{\"@id\":\"http:\/\/sudoesteacontece.com.br\/?p=10325\"},\"author\":{\"name\":\"Washington Tiago\",\"@id\":\"https:\/\/sudoesteacontece.com.br\/#\/schema\/person\/3cf2cf009926a9683ebc29d5379fa79c\"},\"headline\":\"Carleto deve aceitar vice de Jer\u00f4nimo; Rui busca nome de confian\u00e7a para supl\u00eancia\",\"datePublished\":\"2026-03-13T20:48:08+00:00\",\"dateModified\":\"2026-03-13T20:48:14+00:00\",\"mainEntityOfPage\":{\"@id\":\"http:\/\/sudoesteacontece.com.br\/?p=10325\"},\"wordCount\":213,\"commentCount\":0,\"publisher\":{\"@id\":\"https:\/\/sudoesteacontece.com.br\/#organization\"},\"image\":{\"@id\":\"http:\/\/sudoesteacontece.com.br\/?p=10325#primaryimage\"},\"thumbnailUrl\":\"http:\/\/sudoesteacontece.com.br\/wp-content\/uploads\/2026\/03\/Carleto-deve-aceitar-vice-de-Jeronimo-Rui-busca-nome-de-confianca-para-suplencia.jpg\",\"articleSection\":[\"Bahia\",\"Elei\u00e7\u00f5es 2026\",\"Pol\u00edtica\"],\"inLanguage\":\"pt-BR\",\"potentialAction\":[{\"@type\":\"CommentAction\",\"name\":\"Comment\",\"target\":[\"http:\/\/sudoesteacontece.com.br\/?p=10325#respond\"]}]},{\"@type\":\"WebPage\",\"@id\":\"http:\/\/sudoesteacontece.com.br\/?p=10325\",\"url\":\"http:\/\/sudoesteacontece.com.br\/?p=10325\",\"name\":\"Carleto deve aceitar vice de Jer\u00f4nimo; Rui busca nome de confian\u00e7a para supl\u00eancia - Sudoesteacontece\",\"isPartOf\":{\"@id\":\"https:\/\/sudoesteacontece.com.br\/#website\"},\"primaryImageOfPage\":{\"@id\":\"http:\/\/sudoesteacontece.com.br\/?p=10325#primaryimage\"},\"image\":{\"@id\":\"http:\/\/sudoesteacontece.com.br\/?p=10325#primaryimage\"},\"thumbnailUrl\":\"http:\/\/sudoesteacontece.com.br\/wp-content\/uploads\/2026\/03\/Carleto-deve-aceitar-vice-de-Jeronimo-Rui-busca-nome-de-confianca-para-suplencia.jpg\",\"datePublished\":\"2026-03-13T20:48:08+00:00\",\"dateModified\":\"2026-03-13T20:48:14+00:00\",\"breadcrumb\":{\"@id\":\"http:\/\/sudoesteacontece.com.br\/?p=10325#breadcrumb\"},\"inLanguage\":\"pt-BR\",\"potentialAction\":[{\"@type\":\"ReadAction\",\"target\":[\"http:\/\/sudoesteacontece.com.br\/?p=10325\"]}]},{\"@type\":\"ImageObject\",\"inLanguage\":\"pt-BR\",\"@id\":\"http:\/\/sudoesteacontece.com.br\/?p=10325#primaryimage\",\"url\":\"https:\/\/sudoesteacontece.com.br\/wp-content\/uploads\/2026\/03\/Carleto-deve-aceitar-vice-de-Jeronimo-Rui-busca-nome-de-confianca-para-suplencia.jpg\",\"contentUrl\":\"https:\/\/sudoesteacontece.com.br\/wp-content\/uploads\/2026\/03\/Carleto-deve-aceitar-vice-de-Jeronimo-Rui-busca-nome-de-confianca-para-suplencia.jpg\",\"width\":900,\"height\":600},{\"@type\":\"BreadcrumbList\",\"@id\":\"http:\/\/sudoesteacontece.com.br\/?p=10325#breadcrumb\",\"itemListElement\":[{\"@type\":\"ListItem\",\"position\":1,\"name\":\"In\u00edcio\",\"item\":\"https:\/\/sudoesteacontece.com.br\/\"},{\"@type\":\"ListItem\",\"position\":2,\"name\":\"Carleto deve aceitar vice de Jer\u00f4nimo; Rui busca nome de confian\u00e7a para supl\u00eancia\"}]},{\"@type\":\"WebSite\",\"@id\":\"https:\/\/sudoesteacontece.com.br\/#website\",\"url\":\"https:\/\/sudoesteacontece.com.br\/\",\"name\":\"Sudoesteacontece\",\"description\":\"\",\"publisher\":{\"@id\":\"https:\/\/sudoesteacontece.com.br\/#organization\"},\"potentialAction\":[{\"@type\":\"SearchAction\",\"target\":{\"@type\":\"EntryPoint\",\"urlTemplate\":\"https:\/\/sudoesteacontece.com.br\/?s={search_term_string}\"},\"query-input\":{\"@type\":\"PropertyValueSpecification\",\"valueRequired\":true,\"valueName\":\"search_term_string\"}}],\"inLanguage\":\"pt-BR\"},{\"@type\":\"Organization\",\"@id\":\"https:\/\/sudoesteacontece.com.br\/#organization\",\"name\":\"Sudoesteacontece\",\"url\":\"https:\/\/sudoesteacontece.com.br\/\",\"logo\":{\"@type\":\"ImageObject\",\"inLanguage\":\"pt-BR\",\"@id\":\"https:\/\/sudoesteacontece.com.br\/#\/schema\/logo\/image\/\",\"url\":\"https:\/\/sudoesteacontece.com.br\/wp-content\/uploads\/2025\/12\/cropped-logo-2-180x180-1.png\",\"contentUrl\":\"https:\/\/sudoesteacontece.com.br\/wp-content\/uploads\/2025\/12\/cropped-logo-2-180x180-1.png\",\"width\":180,\"height\":180,\"caption\":\"Sudoesteacontece\"},\"image\":{\"@id\":\"https:\/\/sudoesteacontece.com.br\/#\/schema\/logo\/image\/\"},\"sameAs\":[\"https:\/\/www.facebook.com\/sudoesteacontece\/?locale=pt_BR\"]},{\"@type\":\"Person\",\"@id\":\"https:\/\/sudoesteacontece.com.br\/#\/schema\/person\/3cf2cf009926a9683ebc29d5379fa79c\",\"name\":\"Washington Tiago\",\"image\":{\"@type\":\"ImageObject\",\"inLanguage\":\"pt-BR\",\"@id\":\"https:\/\/sudoesteacontece.com.br\/#\/schema\/person\/image\/\",\"url\":\"https:\/\/secure.gravatar.com\/avatar\/33c43b8668157e040f9d1fe93c354bf087cbd8ba36270c1163198bd3ddcf2a56?s=96&d=mm&r=g\",\"contentUrl\":\"https:\/\/secure.gravatar.com\/avatar\/33c43b8668157e040f9d1fe93c354bf087cbd8ba36270c1163198bd3ddcf2a56?s=96&d=mm&r=g\",\"caption\":\"Washington Tiago\"},\"url\":\"https:\/\/sudoesteacontece.com.br\/?author=2\"}]}<\/script>\n<!-- \/ Yoast SEO plugin. -->","yoast_head_json":{"title":"Carleto deve aceitar vice de Jer\u00f4nimo; Rui busca nome de confian\u00e7a para supl\u00eancia - Sudoesteacontece","robots":{"index":"index","follow":"follow","max-snippet":"max-snippet:-1","max-image-preview":"max-image-preview:large","max-video-preview":"max-video-preview:-1"},"canonical":"http:\/\/sudoesteacontece.com.br\/?p=10325","og_locale":"pt_BR","og_type":"article","og_title":"Carleto deve aceitar vice de Jer\u00f4nimo; Rui busca nome de confian\u00e7a para supl\u00eancia - Sudoesteacontece","og_description":"Articula\u00e7\u00e3o pol\u00edtica do governo projeta como cada vez mais prov\u00e1vel o \u201csim\u201d do ex-deputado federal Ronaldo Carleto, cacique do Avante na Bahia, ao convite para ser candidato a vice-governador na chapa de reelei\u00e7\u00e3o do governador Jer\u00f4nimo Rodrigues. Com a defini\u00e7\u00e3o de Carleto quase certa, o foco da base agora recai sobre a escolha do primeiro suplente de Rui Costa ao Senado. O nome dever\u00e1 refletir total confian\u00e7a do ministro, garantindo alinhamento pol\u00edtico com a chapa majorit\u00e1ria, assim como ocorreu na negocia\u00e7\u00e3o com Carleto. Enquanto isso, ala ruisista da base resiste \u00e0 hip\u00f3tese de acomodar o vice-governador Geraldo J\u00fanior na supl\u00eancia do senador Jaques Wagner. A alternativa surgiu ap\u00f3s Geraldo deixar de ser considerado para a vice de Jer\u00f4nimo, mas ainda enfrenta resist\u00eancia interna por falta de express\u00e3o eleitoral. Recentes epis\u00f3dios pesam contra Geraldo, incluindo envio de mensagem em grupo de WhatsApp com cr\u00edticas ao ministro Rui Costa, considerada ato de deslealdade. Apesar disso, a supl\u00eancia pode se tornar instrumento estrat\u00e9gico para refor\u00e7ar a campanha, compensando quadros da base que n\u00e3o possuem capital eleitoral pr\u00f3prio.","og_url":"http:\/\/sudoesteacontece.com.br\/?p=10325","og_site_name":"Sudoesteacontece","article_publisher":"https:\/\/www.facebook.com\/sudoesteacontece\/?locale=pt_BR","article_published_time":"2026-03-13T20:48:08+00:00","article_modified_time":"2026-03-13T20:48:14+00:00","og_image":[{"url":"http:\/\/sudoesteacontece.com.br\/wp-content\/uploads\/2026\/03\/Carleto-deve-aceitar-vice-de-Jeronimo-Rui-busca-nome-de-confianca-para-suplencia.jpg","type":"","width":"","height":""}],"author":"Washington Tiago","twitter_card":"summary_large_image","twitter_misc":{"Escrito por":"Washington Tiago","Est. tempo de leitura":"2 minutos"},"schema":{"@context":"https:\/\/schema.org","@graph":[{"@type":"Article","@id":"http:\/\/sudoesteacontece.com.br\/?p=10325#article","isPartOf":{"@id":"http:\/\/sudoesteacontece.com.br\/?p=10325"},"author":{"name":"Washington Tiago","@id":"https:\/\/sudoesteacontece.com.br\/#\/schema\/person\/3cf2cf009926a9683ebc29d5379fa79c"},"headline":"Carleto deve aceitar vice de Jer\u00f4nimo; Rui busca nome de confian\u00e7a para supl\u00eancia","datePublished":"2026-03-13T20:48:08+00:00","dateModified":"2026-03-13T20:48:14+00:00","mainEntityOfPage":{"@id":"http:\/\/sudoesteacontece.com.br\/?p=10325"},"wordCount":213,"commentCount":0,"publisher":{"@id":"https:\/\/sudoesteacontece.com.br\/#organization"},"image":{"@id":"http:\/\/sudoesteacontece.com.br\/?p=10325#primaryimage"},"thumbnailUrl":"http:\/\/sudoesteacontece.com.br\/wp-content\/uploads\/2026\/03\/Carleto-deve-aceitar-vice-de-Jeronimo-Rui-busca-nome-de-confianca-para-suplencia.jpg","articleSection":["Bahia","Elei\u00e7\u00f5es 2026","Pol\u00edtica"],"inLanguage":"pt-BR","potentialAction":[{"@type":"CommentAction","name":"Comment","target":["http:\/\/sudoesteacontece.com.br\/?p=10325#respond"]}]},{"@type":"WebPage","@id":"http:\/\/sudoesteacontece.com.br\/?p=10325","url":"http:\/\/sudoesteacontece.com.br\/?p=10325","name":"Carleto deve aceitar vice de Jer\u00f4nimo; Rui busca nome de confian\u00e7a para supl\u00eancia - Sudoesteacontece","isPartOf":{"@id":"https:\/\/sudoesteacontece.com.br\/#website"},"primaryImageOfPage":{"@id":"http:\/\/sudoesteacontece.com.br\/?p=10325#primaryimage"},"image":{"@id":"http:\/\/sudoesteacontece.com.br\/?p=10325#primaryimage"},"thumbnailUrl":"http:\/\/sudoesteacontece.com.br\/wp-content\/uploads\/2026\/03\/Carleto-deve-aceitar-vice-de-Jeronimo-Rui-busca-nome-de-confianca-para-suplencia.jpg","datePublished":"2026-03-13T20:48:08+00:00","dateModified":"2026-03-13T20:48:14+00:00","breadcrumb":{"@id":"http:\/\/sudoesteacontece.com.br\/?p=10325#breadcrumb"},"inLanguage":"pt-BR","potentialAction":[{"@type":"ReadAction","target":["http:\/\/sudoesteacontece.com.br\/?p=10325"]}]},{"@type":"ImageObject","inLanguage":"pt-BR","@id":"http:\/\/sudoesteacontece.com.br\/?p=10325#primaryimage","url":"https:\/\/sudoesteacontece.com.br\/wp-content\/uploads\/2026\/03\/Carleto-deve-aceitar-vice-de-Jeronimo-Rui-busca-nome-de-confianca-para-suplencia.jpg","contentUrl":"https:\/\/sudoesteacontece.com.br\/wp-content\/uploads\/2026\/03\/Carleto-deve-aceitar-vice-de-Jeronimo-Rui-busca-nome-de-confianca-para-suplencia.jpg","width":900,"height":600},{"@type":"BreadcrumbList","@id":"http:\/\/sudoesteacontece.com.br\/?p=10325#breadcrumb","itemListElement":[{"@type":"ListItem","position":1,"name":"In\u00edcio","item":"https:\/\/sudoesteacontece.com.br\/"},{"@type":"ListItem","position":2,"name":"Carleto deve aceitar vice de Jer\u00f4nimo; Rui busca nome de confian\u00e7a para supl\u00eancia"}]},{"@type":"WebSite","@id":"https:\/\/sudoesteacontece.com.br\/#website","url":"https:\/\/sudoesteacontece.com.br\/","name":"Sudoesteacontece","description":"","publisher":{"@id":"https:\/\/sudoesteacontece.com.br\/#organization"},"potentialAction":[{"@type":"SearchAction","target":{"@type":"EntryPoint","urlTemplate":"https:\/\/sudoesteacontece.com.br\/?s={search_term_string}"},"query-input":{"@type":"PropertyValueSpecification","valueRequired":true,"valueName":"search_term_string"}}],"inLanguage":"pt-BR"},{"@type":"Organization","@id":"https:\/\/sudoesteacontece.com.br\/#organization","name":"Sudoesteacontece","url":"https:\/\/sudoesteacontece.com.br\/","logo":{"@type":"ImageObject","inLanguage":"pt-BR","@id":"https:\/\/sudoesteacontece.com.br\/#\/schema\/logo\/image\/","url":"https:\/\/sudoesteacontece.com.br\/wp-content\/uploads\/2025\/12\/cropped-logo-2-180x180-1.png","contentUrl":"https:\/\/sudoesteacontece.com.br\/wp-content\/uploads\/2025\/12\/cropped-logo-2-180x180-1.png","width":180,"height":180,"caption":"Sudoesteacontece"},"image":{"@id":"https:\/\/sudoesteacontece.com.br\/#\/schema\/logo\/image\/"},"sameAs":["https:\/\/www.facebook.com\/sudoesteacontece\/?locale=pt_BR"]},{"@type":"Person","@id":"https:\/\/sudoesteacontece.com.br\/#\/schema\/person\/3cf2cf009926a9683ebc29d5379fa79c","name":"Washington Tiago","image":{"@type":"ImageObject","inLanguage":"pt-BR","@id":"https:\/\/sudoesteacontece.com.br\/#\/schema\/person\/image\/","url":"https:\/\/secure.gravatar.com\/avatar\/33c43b8668157e040f9d1fe93c354bf087cbd8ba36270c1163198bd3ddcf2a56?s=96&d=mm&r=g","contentUrl":"https:\/\/secure.gravatar.com\/avatar\/33c43b8668157e040f9d1fe93c354bf087cbd8ba36270c1163198bd3ddcf2a56?s=96&d=mm&r=g","caption":"Washington Tiago"},"url":"https:\/\/sudoesteacontece.com.br\/?author=2"}]}},"_links":{"self":[{"href":"https:\/\/sudoesteacontece.com.br\/index.php?rest_route=\/wp\/v2\/posts\/10325","targetHints":{"allow":["GET"]}}],"collection":[{"href":"https:\/\/sudoesteacontece.com.br\/index.php?rest_route=\/wp\/v2\/posts"}],"about":[{"href":"https:\/\/sudoesteacontece.com.br\/index.php?rest_route=\/wp\/v2\/types\/post"}],"author":[{"embeddable":true,"href":"https:\/\/sudoesteacontece.com.br\/index.php?rest_route=\/wp\/v2\/users\/2"}],"replies":[{"embeddable":true,"href":"https:\/\/sudoesteacontece.com.br\/index.php?rest_route=%2Fwp%2Fv2%2Fcomments&post=10325"}],"version-history":[{"count":0,"href":"https:\/\/sudoesteacontece.com.br\/index.php?rest_route=\/wp\/v2\/posts\/10325\/revisions"}],"wp:attachment":[{"href":"https:\/\/sudoesteacontece.com.br\/index.php?rest_route=%2Fwp%2Fv2%2Fmedia&parent=10325"}],"wp:term":[{"taxonomy":"category","embeddable":true,"href":"https:\/\/sudoesteacontece.com.br\/index.php?rest_route=%2Fwp%2Fv2%2Fcategories&post=10325"},{"taxonomy":"post_tag","embeddable":true,"href":"https:\/\/sudoesteacontece.com.br\/index.php?rest_route=%2Fwp%2Fv2%2Ftags&post=10325"}],"curies":[{"name":"wp","href":"https:\/\/api.w.org\/{rel}","templated":true}]}}