{"id":10329,"date":"2026-03-13T17:57:38","date_gmt":"2026-03-13T20:57:38","guid":{"rendered":"https:\/\/sudoesteacontece.com.br\/?p=10329"},"modified":"2026-03-13T17:57:43","modified_gmt":"2026-03-13T20:57:43","slug":"carreta-da-mamografia-garante-prevencao-e-cuidado-a-saude-da-mulher-em-guajeru","status":"publish","type":"post","link":"https:\/\/sudoesteacontece.com.br\/?p=10329","title":{"rendered":"Carreta da Mamografia garante preven\u00e7\u00e3o e cuidado \u00e0 sa\u00fade da mulher em Guajeru"},"content":{"rendered":"<div class=\"wp-block-image\">\n<figure class=\"aligncenter size-full\"><img fetchpriority=\"high\" decoding=\"async\" width=\"900\" height=\"600\" src=\"http:\/\/sudoesteacontece.com.br\/wp-content\/uploads\/2026\/03\/Carreta-da-Mamografia-garante-prevencao-e-cuidado-a-saude-da-mulher-em-Guajeru.jpg\" alt=\"\" class=\"wp-image-10368\" srcset=\"https:\/\/sudoesteacontece.com.br\/wp-content\/uploads\/2026\/03\/Carreta-da-Mamografia-garante-prevencao-e-cuidado-a-saude-da-mulher-em-Guajeru.jpg 900w, https:\/\/sudoesteacontece.com.br\/wp-content\/uploads\/2026\/03\/Carreta-da-Mamografia-garante-prevencao-e-cuidado-a-saude-da-mulher-em-Guajeru-300x200.jpg 300w, https:\/\/sudoesteacontece.com.br\/wp-content\/uploads\/2026\/03\/Carreta-da-Mamografia-garante-prevencao-e-cuidado-a-saude-da-mulher-em-Guajeru-768x512.jpg 768w\" sizes=\"(max-width: 900px) 100vw, 900px\" \/><\/figure>\n<\/div>\n\n\n<p>Entre os dias 5 e 9 de mar\u00e7o, o munic\u00edpio de Guajeru recebeu a Carreta da Mamografia, refor\u00e7ando os servi\u00e7os de sa\u00fade voltados \u00e0 mulher. A iniciativa possibilitou a realiza\u00e7\u00e3o de exames de rastreamento do c\u00e2ncer de mama para mulheres entre 40 e 74 anos, promovendo preven\u00e7\u00e3o e cuidado em sa\u00fade.<\/p>\n\n\n\n<p>A Secretaria Municipal de Sa\u00fade organizou o atendimento por meio das Unidades B\u00e1sicas de Sa\u00fade, que ficaram respons\u00e1veis pelo agendamento e mobiliza\u00e7\u00e3o das pacientes. A medida garantiu que todas pudessem ser atendidas de forma eficiente, evitando filas e garantindo acesso ao exame.<\/p>\n\n\n\n<p>A a\u00e7\u00e3o integra o compromisso da Prefeitura de Guajeru em priorizar \u00e1reas essenciais, como sa\u00fade, educa\u00e7\u00e3o e assist\u00eancia social, refor\u00e7ando a aten\u00e7\u00e3o \u00e0 preven\u00e7\u00e3o, a qualidade de vida e o cuidado com as mulheres do munic\u00edpio.<\/p>\n","protected":false},"excerpt":{"rendered":"<p>Entre os dias 5 e 9 de mar\u00e7o, o munic\u00edpio de Guajeru recebeu a Carreta da Mamografia, refor\u00e7ando os servi\u00e7os de sa\u00fade voltados \u00e0 mulher. A iniciativa possibilitou a realiza\u00e7\u00e3o de exames de rastreamento do c\u00e2ncer de mama para mulheres entre 40 e 74 anos, promovendo preven\u00e7\u00e3o e cuidado em sa\u00fade. A Secretaria Municipal de Sa\u00fade organizou o atendimento por meio das Unidades B\u00e1sicas de Sa\u00fade, que ficaram respons\u00e1veis pelo agendamento e mobiliza\u00e7\u00e3o das pacientes. A medida garantiu que todas pudessem ser atendidas de forma eficiente, evitando filas e garantindo acesso ao exame. A a\u00e7\u00e3o integra o compromisso da Prefeitura de Guajeru em priorizar \u00e1reas essenciais, como sa\u00fade, educa\u00e7\u00e3o e assist\u00eancia social, refor\u00e7ando a aten\u00e7\u00e3o \u00e0 preven\u00e7\u00e3o, a qualidade de vida e o cuidado com as mulheres do munic\u00edpio.<\/p>\n","protected":false},"author":1,"featured_media":0,"comment_status":"open","ping_status":"open","sticky":false,"template":"","format":"standard","meta":{"footnotes":""},"categories":[90,6,45],"tags":[],"class_list":["post-10329","post","type-post","status-publish","format-standard","hentry","category-guajeru","category-politica","category-saude"],"yoast_head":"<!-- This site is optimized with the Yoast SEO plugin v26.5 - https:\/\/yoast.com\/wordpress\/plugins\/seo\/ -->\n<title>Carreta da Mamografia garante preven\u00e7\u00e3o e cuidado \u00e0 sa\u00fade da mulher em Guajeru - Sudoesteacontece<\/title>\n<meta name=\"robots\" content=\"index, follow, max-snippet:-1, max-image-preview:large, max-video-preview:-1\" \/>\n<link rel=\"canonical\" href=\"https:\/\/sudoesteacontece.com.br\/?p=10329\" \/>\n<meta property=\"og:locale\" content=\"pt_BR\" \/>\n<meta property=\"og:type\" content=\"article\" \/>\n<meta property=\"og:title\" content=\"Carreta da Mamografia garante preven\u00e7\u00e3o e cuidado \u00e0 sa\u00fade da mulher em Guajeru - Sudoesteacontece\" \/>\n<meta property=\"og:description\" content=\"Entre os dias 5 e 9 de mar\u00e7o, o munic\u00edpio de Guajeru recebeu a Carreta da Mamografia, refor\u00e7ando os servi\u00e7os de sa\u00fade voltados \u00e0 mulher. A iniciativa possibilitou a realiza\u00e7\u00e3o de exames de rastreamento do c\u00e2ncer de mama para mulheres entre 40 e 74 anos, promovendo preven\u00e7\u00e3o e cuidado em sa\u00fade. A Secretaria Municipal de Sa\u00fade organizou o atendimento por meio das Unidades B\u00e1sicas de Sa\u00fade, que ficaram respons\u00e1veis pelo agendamento e mobiliza\u00e7\u00e3o das pacientes. A medida garantiu que todas pudessem ser atendidas de forma eficiente, evitando filas e garantindo acesso ao exame. A a\u00e7\u00e3o integra o compromisso da Prefeitura de Guajeru em priorizar \u00e1reas essenciais, como sa\u00fade, educa\u00e7\u00e3o e assist\u00eancia social, refor\u00e7ando a aten\u00e7\u00e3o \u00e0 preven\u00e7\u00e3o, a qualidade de vida e o cuidado com as mulheres do munic\u00edpio.\" \/>\n<meta property=\"og:url\" content=\"https:\/\/sudoesteacontece.com.br\/?p=10329\" \/>\n<meta property=\"og:site_name\" content=\"Sudoesteacontece\" \/>\n<meta property=\"article:publisher\" content=\"https:\/\/www.facebook.com\/sudoesteacontece\/?locale=pt_BR\" \/>\n<meta property=\"article:published_time\" content=\"2026-03-13T20:57:38+00:00\" \/>\n<meta property=\"article:modified_time\" content=\"2026-03-13T20:57:43+00:00\" \/>\n<meta property=\"og:image\" content=\"http:\/\/sudoesteacontece.com.br\/wp-content\/uploads\/2026\/03\/Carreta-da-Mamografia-garante-prevencao-e-cuidado-a-saude-da-mulher-em-Guajeru.jpg\" \/>\n<meta name=\"author\" content=\"sudoesteacontece\" \/>\n<meta name=\"twitter:card\" content=\"summary_large_image\" \/>\n<meta name=\"twitter:label1\" content=\"Escrito por\" \/>\n\t<meta name=\"twitter:data1\" content=\"sudoesteacontece\" \/>\n\t<meta name=\"twitter:label2\" content=\"Est. tempo de leitura\" \/>\n\t<meta name=\"twitter:data2\" content=\"1 minuto\" \/>\n<script type=\"application\/ld+json\" class=\"yoast-schema-graph\">{\"@context\":\"https:\/\/schema.org\",\"@graph\":[{\"@type\":\"Article\",\"@id\":\"https:\/\/sudoesteacontece.com.br\/?p=10329#article\",\"isPartOf\":{\"@id\":\"https:\/\/sudoesteacontece.com.br\/?p=10329\"},\"author\":{\"name\":\"sudoesteacontece\",\"@id\":\"https:\/\/sudoesteacontece.com.br\/#\/schema\/person\/f4b00cd0a26ac17646f19707cdceb2ce\"},\"headline\":\"Carreta da Mamografia garante preven\u00e7\u00e3o e cuidado \u00e0 sa\u00fade da mulher em Guajeru\",\"datePublished\":\"2026-03-13T20:57:38+00:00\",\"dateModified\":\"2026-03-13T20:57:43+00:00\",\"mainEntityOfPage\":{\"@id\":\"https:\/\/sudoesteacontece.com.br\/?p=10329\"},\"wordCount\":159,\"commentCount\":0,\"publisher\":{\"@id\":\"https:\/\/sudoesteacontece.com.br\/#organization\"},\"image\":{\"@id\":\"https:\/\/sudoesteacontece.com.br\/?p=10329#primaryimage\"},\"thumbnailUrl\":\"http:\/\/sudoesteacontece.com.br\/wp-content\/uploads\/2026\/03\/Carreta-da-Mamografia-garante-prevencao-e-cuidado-a-saude-da-mulher-em-Guajeru.jpg\",\"articleSection\":[\"Guajeru\",\"Pol\u00edtica\",\"Sa\u00fade\"],\"inLanguage\":\"pt-BR\",\"potentialAction\":[{\"@type\":\"CommentAction\",\"name\":\"Comment\",\"target\":[\"https:\/\/sudoesteacontece.com.br\/?p=10329#respond\"]}]},{\"@type\":\"WebPage\",\"@id\":\"https:\/\/sudoesteacontece.com.br\/?p=10329\",\"url\":\"https:\/\/sudoesteacontece.com.br\/?p=10329\",\"name\":\"Carreta da Mamografia garante preven\u00e7\u00e3o e cuidado \u00e0 sa\u00fade da mulher em Guajeru - Sudoesteacontece\",\"isPartOf\":{\"@id\":\"https:\/\/sudoesteacontece.com.br\/#website\"},\"primaryImageOfPage\":{\"@id\":\"https:\/\/sudoesteacontece.com.br\/?p=10329#primaryimage\"},\"image\":{\"@id\":\"https:\/\/sudoesteacontece.com.br\/?p=10329#primaryimage\"},\"thumbnailUrl\":\"http:\/\/sudoesteacontece.com.br\/wp-content\/uploads\/2026\/03\/Carreta-da-Mamografia-garante-prevencao-e-cuidado-a-saude-da-mulher-em-Guajeru.jpg\",\"datePublished\":\"2026-03-13T20:57:38+00:00\",\"dateModified\":\"2026-03-13T20:57:43+00:00\",\"breadcrumb\":{\"@id\":\"https:\/\/sudoesteacontece.com.br\/?p=10329#breadcrumb\"},\"inLanguage\":\"pt-BR\",\"potentialAction\":[{\"@type\":\"ReadAction\",\"target\":[\"https:\/\/sudoesteacontece.com.br\/?p=10329\"]}]},{\"@type\":\"ImageObject\",\"inLanguage\":\"pt-BR\",\"@id\":\"https:\/\/sudoesteacontece.com.br\/?p=10329#primaryimage\",\"url\":\"https:\/\/sudoesteacontece.com.br\/wp-content\/uploads\/2026\/03\/Carreta-da-Mamografia-garante-prevencao-e-cuidado-a-saude-da-mulher-em-Guajeru.jpg\",\"contentUrl\":\"https:\/\/sudoesteacontece.com.br\/wp-content\/uploads\/2026\/03\/Carreta-da-Mamografia-garante-prevencao-e-cuidado-a-saude-da-mulher-em-Guajeru.jpg\",\"width\":900,\"height\":600},{\"@type\":\"BreadcrumbList\",\"@id\":\"https:\/\/sudoesteacontece.com.br\/?p=10329#breadcrumb\",\"itemListElement\":[{\"@type\":\"ListItem\",\"position\":1,\"name\":\"In\u00edcio\",\"item\":\"https:\/\/sudoesteacontece.com.br\/\"},{\"@type\":\"ListItem\",\"position\":2,\"name\":\"Carreta da Mamografia garante preven\u00e7\u00e3o e cuidado \u00e0 sa\u00fade da mulher em Guajeru\"}]},{\"@type\":\"WebSite\",\"@id\":\"https:\/\/sudoesteacontece.com.br\/#website\",\"url\":\"https:\/\/sudoesteacontece.com.br\/\",\"name\":\"Sudoesteacontece\",\"description\":\"\",\"publisher\":{\"@id\":\"https:\/\/sudoesteacontece.com.br\/#organization\"},\"potentialAction\":[{\"@type\":\"SearchAction\",\"target\":{\"@type\":\"EntryPoint\",\"urlTemplate\":\"https:\/\/sudoesteacontece.com.br\/?s={search_term_string}\"},\"query-input\":{\"@type\":\"PropertyValueSpecification\",\"valueRequired\":true,\"valueName\":\"search_term_string\"}}],\"inLanguage\":\"pt-BR\"},{\"@type\":\"Organization\",\"@id\":\"https:\/\/sudoesteacontece.com.br\/#organization\",\"name\":\"Sudoesteacontece\",\"url\":\"https:\/\/sudoesteacontece.com.br\/\",\"logo\":{\"@type\":\"ImageObject\",\"inLanguage\":\"pt-BR\",\"@id\":\"https:\/\/sudoesteacontece.com.br\/#\/schema\/logo\/image\/\",\"url\":\"https:\/\/sudoesteacontece.com.br\/wp-content\/uploads\/2025\/12\/cropped-logo-2-180x180-1.png\",\"contentUrl\":\"https:\/\/sudoesteacontece.com.br\/wp-content\/uploads\/2025\/12\/cropped-logo-2-180x180-1.png\",\"width\":180,\"height\":180,\"caption\":\"Sudoesteacontece\"},\"image\":{\"@id\":\"https:\/\/sudoesteacontece.com.br\/#\/schema\/logo\/image\/\"},\"sameAs\":[\"https:\/\/www.facebook.com\/sudoesteacontece\/?locale=pt_BR\"]},{\"@type\":\"Person\",\"@id\":\"https:\/\/sudoesteacontece.com.br\/#\/schema\/person\/f4b00cd0a26ac17646f19707cdceb2ce\",\"name\":\"sudoesteacontece\",\"image\":{\"@type\":\"ImageObject\",\"inLanguage\":\"pt-BR\",\"@id\":\"https:\/\/sudoesteacontece.com.br\/#\/schema\/person\/image\/\",\"url\":\"https:\/\/secure.gravatar.com\/avatar\/704557d1f79b454f041f9e5935f2b0e8393614e97e537fc508d1d628292cacfd?s=96&d=mm&r=g\",\"contentUrl\":\"https:\/\/secure.gravatar.com\/avatar\/704557d1f79b454f041f9e5935f2b0e8393614e97e537fc508d1d628292cacfd?s=96&d=mm&r=g\",\"caption\":\"sudoesteacontece\"},\"sameAs\":[\"http:\/\/sudoesteacontece.com.br\"],\"url\":\"https:\/\/sudoesteacontece.com.br\/?author=1\"}]}<\/script>\n<!-- \/ Yoast SEO plugin. -->","yoast_head_json":{"title":"Carreta da Mamografia garante preven\u00e7\u00e3o e cuidado \u00e0 sa\u00fade da mulher em Guajeru - Sudoesteacontece","robots":{"index":"index","follow":"follow","max-snippet":"max-snippet:-1","max-image-preview":"max-image-preview:large","max-video-preview":"max-video-preview:-1"},"canonical":"https:\/\/sudoesteacontece.com.br\/?p=10329","og_locale":"pt_BR","og_type":"article","og_title":"Carreta da Mamografia garante preven\u00e7\u00e3o e cuidado \u00e0 sa\u00fade da mulher em Guajeru - Sudoesteacontece","og_description":"Entre os dias 5 e 9 de mar\u00e7o, o munic\u00edpio de Guajeru recebeu a Carreta da Mamografia, refor\u00e7ando os servi\u00e7os de sa\u00fade voltados \u00e0 mulher. A iniciativa possibilitou a realiza\u00e7\u00e3o de exames de rastreamento do c\u00e2ncer de mama para mulheres entre 40 e 74 anos, promovendo preven\u00e7\u00e3o e cuidado em sa\u00fade. A Secretaria Municipal de Sa\u00fade organizou o atendimento por meio das Unidades B\u00e1sicas de Sa\u00fade, que ficaram respons\u00e1veis pelo agendamento e mobiliza\u00e7\u00e3o das pacientes. A medida garantiu que todas pudessem ser atendidas de forma eficiente, evitando filas e garantindo acesso ao exame. A a\u00e7\u00e3o integra o compromisso da Prefeitura de Guajeru em priorizar \u00e1reas essenciais, como sa\u00fade, educa\u00e7\u00e3o e assist\u00eancia social, refor\u00e7ando a aten\u00e7\u00e3o \u00e0 preven\u00e7\u00e3o, a qualidade de vida e o cuidado com as mulheres do munic\u00edpio.","og_url":"https:\/\/sudoesteacontece.com.br\/?p=10329","og_site_name":"Sudoesteacontece","article_publisher":"https:\/\/www.facebook.com\/sudoesteacontece\/?locale=pt_BR","article_published_time":"2026-03-13T20:57:38+00:00","article_modified_time":"2026-03-13T20:57:43+00:00","og_image":[{"url":"http:\/\/sudoesteacontece.com.br\/wp-content\/uploads\/2026\/03\/Carreta-da-Mamografia-garante-prevencao-e-cuidado-a-saude-da-mulher-em-Guajeru.jpg","type":"","width":"","height":""}],"author":"sudoesteacontece","twitter_card":"summary_large_image","twitter_misc":{"Escrito por":"sudoesteacontece","Est. tempo de leitura":"1 minuto"},"schema":{"@context":"https:\/\/schema.org","@graph":[{"@type":"Article","@id":"https:\/\/sudoesteacontece.com.br\/?p=10329#article","isPartOf":{"@id":"https:\/\/sudoesteacontece.com.br\/?p=10329"},"author":{"name":"sudoesteacontece","@id":"https:\/\/sudoesteacontece.com.br\/#\/schema\/person\/f4b00cd0a26ac17646f19707cdceb2ce"},"headline":"Carreta da Mamografia garante preven\u00e7\u00e3o e cuidado \u00e0 sa\u00fade da mulher em Guajeru","datePublished":"2026-03-13T20:57:38+00:00","dateModified":"2026-03-13T20:57:43+00:00","mainEntityOfPage":{"@id":"https:\/\/sudoesteacontece.com.br\/?p=10329"},"wordCount":159,"commentCount":0,"publisher":{"@id":"https:\/\/sudoesteacontece.com.br\/#organization"},"image":{"@id":"https:\/\/sudoesteacontece.com.br\/?p=10329#primaryimage"},"thumbnailUrl":"http:\/\/sudoesteacontece.com.br\/wp-content\/uploads\/2026\/03\/Carreta-da-Mamografia-garante-prevencao-e-cuidado-a-saude-da-mulher-em-Guajeru.jpg","articleSection":["Guajeru","Pol\u00edtica","Sa\u00fade"],"inLanguage":"pt-BR","potentialAction":[{"@type":"CommentAction","name":"Comment","target":["https:\/\/sudoesteacontece.com.br\/?p=10329#respond"]}]},{"@type":"WebPage","@id":"https:\/\/sudoesteacontece.com.br\/?p=10329","url":"https:\/\/sudoesteacontece.com.br\/?p=10329","name":"Carreta da Mamografia garante preven\u00e7\u00e3o e cuidado \u00e0 sa\u00fade da mulher em Guajeru - Sudoesteacontece","isPartOf":{"@id":"https:\/\/sudoesteacontece.com.br\/#website"},"primaryImageOfPage":{"@id":"https:\/\/sudoesteacontece.com.br\/?p=10329#primaryimage"},"image":{"@id":"https:\/\/sudoesteacontece.com.br\/?p=10329#primaryimage"},"thumbnailUrl":"http:\/\/sudoesteacontece.com.br\/wp-content\/uploads\/2026\/03\/Carreta-da-Mamografia-garante-prevencao-e-cuidado-a-saude-da-mulher-em-Guajeru.jpg","datePublished":"2026-03-13T20:57:38+00:00","dateModified":"2026-03-13T20:57:43+00:00","breadcrumb":{"@id":"https:\/\/sudoesteacontece.com.br\/?p=10329#breadcrumb"},"inLanguage":"pt-BR","potentialAction":[{"@type":"ReadAction","target":["https:\/\/sudoesteacontece.com.br\/?p=10329"]}]},{"@type":"ImageObject","inLanguage":"pt-BR","@id":"https:\/\/sudoesteacontece.com.br\/?p=10329#primaryimage","url":"https:\/\/sudoesteacontece.com.br\/wp-content\/uploads\/2026\/03\/Carreta-da-Mamografia-garante-prevencao-e-cuidado-a-saude-da-mulher-em-Guajeru.jpg","contentUrl":"https:\/\/sudoesteacontece.com.br\/wp-content\/uploads\/2026\/03\/Carreta-da-Mamografia-garante-prevencao-e-cuidado-a-saude-da-mulher-em-Guajeru.jpg","width":900,"height":600},{"@type":"BreadcrumbList","@id":"https:\/\/sudoesteacontece.com.br\/?p=10329#breadcrumb","itemListElement":[{"@type":"ListItem","position":1,"name":"In\u00edcio","item":"https:\/\/sudoesteacontece.com.br\/"},{"@type":"ListItem","position":2,"name":"Carreta da Mamografia garante preven\u00e7\u00e3o e cuidado \u00e0 sa\u00fade da mulher em Guajeru"}]},{"@type":"WebSite","@id":"https:\/\/sudoesteacontece.com.br\/#website","url":"https:\/\/sudoesteacontece.com.br\/","name":"Sudoesteacontece","description":"","publisher":{"@id":"https:\/\/sudoesteacontece.com.br\/#organization"},"potentialAction":[{"@type":"SearchAction","target":{"@type":"EntryPoint","urlTemplate":"https:\/\/sudoesteacontece.com.br\/?s={search_term_string}"},"query-input":{"@type":"PropertyValueSpecification","valueRequired":true,"valueName":"search_term_string"}}],"inLanguage":"pt-BR"},{"@type":"Organization","@id":"https:\/\/sudoesteacontece.com.br\/#organization","name":"Sudoesteacontece","url":"https:\/\/sudoesteacontece.com.br\/","logo":{"@type":"ImageObject","inLanguage":"pt-BR","@id":"https:\/\/sudoesteacontece.com.br\/#\/schema\/logo\/image\/","url":"https:\/\/sudoesteacontece.com.br\/wp-content\/uploads\/2025\/12\/cropped-logo-2-180x180-1.png","contentUrl":"https:\/\/sudoesteacontece.com.br\/wp-content\/uploads\/2025\/12\/cropped-logo-2-180x180-1.png","width":180,"height":180,"caption":"Sudoesteacontece"},"image":{"@id":"https:\/\/sudoesteacontece.com.br\/#\/schema\/logo\/image\/"},"sameAs":["https:\/\/www.facebook.com\/sudoesteacontece\/?locale=pt_BR"]},{"@type":"Person","@id":"https:\/\/sudoesteacontece.com.br\/#\/schema\/person\/f4b00cd0a26ac17646f19707cdceb2ce","name":"sudoesteacontece","image":{"@type":"ImageObject","inLanguage":"pt-BR","@id":"https:\/\/sudoesteacontece.com.br\/#\/schema\/person\/image\/","url":"https:\/\/secure.gravatar.com\/avatar\/704557d1f79b454f041f9e5935f2b0e8393614e97e537fc508d1d628292cacfd?s=96&d=mm&r=g","contentUrl":"https:\/\/secure.gravatar.com\/avatar\/704557d1f79b454f041f9e5935f2b0e8393614e97e537fc508d1d628292cacfd?s=96&d=mm&r=g","caption":"sudoesteacontece"},"sameAs":["http:\/\/sudoesteacontece.com.br"],"url":"https:\/\/sudoesteacontece.com.br\/?author=1"}]}},"_links":{"self":[{"href":"https:\/\/sudoesteacontece.com.br\/index.php?rest_route=\/wp\/v2\/posts\/10329","targetHints":{"allow":["GET"]}}],"collection":[{"href":"https:\/\/sudoesteacontece.com.br\/index.php?rest_route=\/wp\/v2\/posts"}],"about":[{"href":"https:\/\/sudoesteacontece.com.br\/index.php?rest_route=\/wp\/v2\/types\/post"}],"author":[{"embeddable":true,"href":"https:\/\/sudoesteacontece.com.br\/index.php?rest_route=\/wp\/v2\/users\/1"}],"replies":[{"embeddable":true,"href":"https:\/\/sudoesteacontece.com.br\/index.php?rest_route=%2Fwp%2Fv2%2Fcomments&post=10329"}],"version-history":[{"count":0,"href":"https:\/\/sudoesteacontece.com.br\/index.php?rest_route=\/wp\/v2\/posts\/10329\/revisions"}],"wp:attachment":[{"href":"https:\/\/sudoesteacontece.com.br\/index.php?rest_route=%2Fwp%2Fv2%2Fmedia&parent=10329"}],"wp:term":[{"taxonomy":"category","embeddable":true,"href":"https:\/\/sudoesteacontece.com.br\/index.php?rest_route=%2Fwp%2Fv2%2Fcategories&post=10329"},{"taxonomy":"post_tag","embeddable":true,"href":"https:\/\/sudoesteacontece.com.br\/index.php?rest_route=%2Fwp%2Fv2%2Ftags&post=10329"}],"curies":[{"name":"wp","href":"https:\/\/api.w.org\/{rel}","templated":true}]}}