{"id":10332,"date":"2026-03-13T18:07:45","date_gmt":"2026-03-13T21:07:45","guid":{"rendered":"https:\/\/sudoesteacontece.com.br\/?p=10332"},"modified":"2026-03-13T18:07:51","modified_gmt":"2026-03-13T21:07:51","slug":"caminhada-para-jesus-2026-tera-trio-eletrico-de-ultima-geracao-e-promete-emocionar-fieis-em-brumado","status":"publish","type":"post","link":"https:\/\/sudoesteacontece.com.br\/?p=10332","title":{"rendered":"Caminhada para Jesus 2026 ter\u00e1 trio el\u00e9trico de \u00faltima gera\u00e7\u00e3o e promete emocionar fi\u00e9is em Brumado"},"content":{"rendered":"<div class=\"wp-block-image\">\n<figure class=\"aligncenter size-large\"><img fetchpriority=\"high\" decoding=\"async\" width=\"1024\" height=\"759\" src=\"http:\/\/sudoesteacontece.com.br\/wp-content\/uploads\/2026\/03\/1323-agora-sudoeste-6b124154-a496-4277-af20-c4a63d912299-1024x759.jpg\" alt=\"\" class=\"wp-image-10375\" srcset=\"https:\/\/sudoesteacontece.com.br\/wp-content\/uploads\/2026\/03\/1323-agora-sudoeste-6b124154-a496-4277-af20-c4a63d912299-1024x759.jpg 1024w, https:\/\/sudoesteacontece.com.br\/wp-content\/uploads\/2026\/03\/1323-agora-sudoeste-6b124154-a496-4277-af20-c4a63d912299-300x222.jpg 300w, https:\/\/sudoesteacontece.com.br\/wp-content\/uploads\/2026\/03\/1323-agora-sudoeste-6b124154-a496-4277-af20-c4a63d912299-768x569.jpg 768w, https:\/\/sudoesteacontece.com.br\/wp-content\/uploads\/2026\/03\/1323-agora-sudoeste-6b124154-a496-4277-af20-c4a63d912299-1536x1139.jpg 1536w, https:\/\/sudoesteacontece.com.br\/wp-content\/uploads\/2026\/03\/1323-agora-sudoeste-6b124154-a496-4277-af20-c4a63d912299.jpg 1640w\" sizes=\"(max-width: 1024px) 100vw, 1024px\" \/><\/figure>\n<\/div>\n\n\n<p>Organizadores anunciaram a contrata\u00e7\u00e3o de um dos trios el\u00e9tricos mais modernos da Bahia para a Caminhada para Jesus 2026, marcada para 11 de abril em Brumado. A novidade promete transformar o tradicional evento em uma experi\u00eancia ainda mais emocionante para os fi\u00e9is que participam do louvor.<\/p>\n\n\n\n<p>Equipe respons\u00e1vel destacou que o investimento busca oferecer estrutura de excel\u00eancia aos participantes. \u201cFomos buscar um trio \u00e0 altura do que o povo de Deus merece, para que o nome do Senhor continue sendo glorificado atrav\u00e9s de nossas vidas\u201d, afirmaram em comunicado oficial.<\/p>\n\n\n\n<p>Expectativa \u00e9 que o equipamento proporcione uma experi\u00eancia \u00fanica de adora\u00e7\u00e3o e comunh\u00e3o durante todo o percurso, fortalecendo o v\u00ednculo da comunidade evang\u00e9lica local. Organizadores refor\u00e7am o convite: \u201cVem caminhar pra Jesus conosco!\u201d. O evento j\u00e1 mobiliza grande parte da regi\u00e3o.<\/p>\n\n\n\n<p>Preparativos incluem ainda refor\u00e7o na seguran\u00e7a e na organiza\u00e7\u00e3o do percurso, garantindo que crian\u00e7as, jovens e adultos possam participar de forma tranquila e intensa. A Caminhada para Jesus 2026 aposta em inova\u00e7\u00e3o e devo\u00e7\u00e3o para consolidar seu sucesso.<\/p>\n","protected":false},"excerpt":{"rendered":"<p>Organizadores anunciaram a contrata\u00e7\u00e3o de um dos trios el\u00e9tricos mais modernos da Bahia para a Caminhada para Jesus 2026, marcada para 11 de abril em Brumado. A novidade promete transformar o tradicional evento em uma experi\u00eancia ainda mais emocionante para os fi\u00e9is que participam do louvor. Equipe respons\u00e1vel destacou que o investimento busca oferecer estrutura de excel\u00eancia aos participantes. \u201cFomos buscar um trio \u00e0 altura do que o povo de Deus merece, para que o nome do Senhor continue sendo glorificado atrav\u00e9s de nossas vidas\u201d, afirmaram em comunicado oficial. Expectativa \u00e9 que o equipamento proporcione uma experi\u00eancia \u00fanica de adora\u00e7\u00e3o e comunh\u00e3o durante todo o percurso, fortalecendo o v\u00ednculo da comunidade evang\u00e9lica local. Organizadores refor\u00e7am o convite: \u201cVem caminhar pra Jesus conosco!\u201d. O evento j\u00e1 mobiliza grande parte da regi\u00e3o. Preparativos incluem ainda refor\u00e7o na seguran\u00e7a e na organiza\u00e7\u00e3o do percurso, garantindo que crian\u00e7as, jovens e adultos possam participar de forma tranquila e intensa. A Caminhada para Jesus 2026 aposta em inova\u00e7\u00e3o e devo\u00e7\u00e3o para consolidar seu sucesso.<\/p>\n","protected":false},"author":2,"featured_media":0,"comment_status":"open","ping_status":"open","sticky":false,"template":"","format":"standard","meta":{"footnotes":""},"categories":[10,4,61],"tags":[],"class_list":["post-10332","post","type-post","status-publish","format-standard","hentry","category-brumado","category-cidades","category-religiao"],"yoast_head":"<!-- This site is optimized with the Yoast SEO plugin v26.5 - https:\/\/yoast.com\/wordpress\/plugins\/seo\/ -->\n<title>Caminhada para Jesus 2026 ter\u00e1 trio el\u00e9trico de \u00faltima gera\u00e7\u00e3o e promete emocionar fi\u00e9is em Brumado - Sudoesteacontece<\/title>\n<meta name=\"robots\" content=\"index, follow, max-snippet:-1, max-image-preview:large, max-video-preview:-1\" \/>\n<link rel=\"canonical\" href=\"https:\/\/sudoesteacontece.com.br\/?p=10332\" \/>\n<meta property=\"og:locale\" content=\"pt_BR\" \/>\n<meta property=\"og:type\" content=\"article\" \/>\n<meta property=\"og:title\" content=\"Caminhada para Jesus 2026 ter\u00e1 trio el\u00e9trico de \u00faltima gera\u00e7\u00e3o e promete emocionar fi\u00e9is em Brumado - Sudoesteacontece\" \/>\n<meta property=\"og:description\" content=\"Organizadores anunciaram a contrata\u00e7\u00e3o de um dos trios el\u00e9tricos mais modernos da Bahia para a Caminhada para Jesus 2026, marcada para 11 de abril em Brumado. A novidade promete transformar o tradicional evento em uma experi\u00eancia ainda mais emocionante para os fi\u00e9is que participam do louvor. Equipe respons\u00e1vel destacou que o investimento busca oferecer estrutura de excel\u00eancia aos participantes. \u201cFomos buscar um trio \u00e0 altura do que o povo de Deus merece, para que o nome do Senhor continue sendo glorificado atrav\u00e9s de nossas vidas\u201d, afirmaram em comunicado oficial. Expectativa \u00e9 que o equipamento proporcione uma experi\u00eancia \u00fanica de adora\u00e7\u00e3o e comunh\u00e3o durante todo o percurso, fortalecendo o v\u00ednculo da comunidade evang\u00e9lica local. Organizadores refor\u00e7am o convite: \u201cVem caminhar pra Jesus conosco!\u201d. O evento j\u00e1 mobiliza grande parte da regi\u00e3o. Preparativos incluem ainda refor\u00e7o na seguran\u00e7a e na organiza\u00e7\u00e3o do percurso, garantindo que crian\u00e7as, jovens e adultos possam participar de forma tranquila e intensa. A Caminhada para Jesus 2026 aposta em inova\u00e7\u00e3o e devo\u00e7\u00e3o para consolidar seu sucesso.\" \/>\n<meta property=\"og:url\" content=\"https:\/\/sudoesteacontece.com.br\/?p=10332\" \/>\n<meta property=\"og:site_name\" content=\"Sudoesteacontece\" \/>\n<meta property=\"article:publisher\" content=\"https:\/\/www.facebook.com\/sudoesteacontece\/?locale=pt_BR\" \/>\n<meta property=\"article:published_time\" content=\"2026-03-13T21:07:45+00:00\" \/>\n<meta property=\"article:modified_time\" content=\"2026-03-13T21:07:51+00:00\" \/>\n<meta property=\"og:image\" content=\"http:\/\/sudoesteacontece.com.br\/wp-content\/uploads\/2026\/03\/1323-agora-sudoeste-6b124154-a496-4277-af20-c4a63d912299-1024x759.jpg\" \/>\n<meta name=\"author\" content=\"Washington Tiago\" \/>\n<meta name=\"twitter:card\" content=\"summary_large_image\" \/>\n<meta name=\"twitter:label1\" content=\"Escrito por\" \/>\n\t<meta name=\"twitter:data1\" content=\"Washington Tiago\" \/>\n\t<meta name=\"twitter:label2\" content=\"Est. tempo de leitura\" \/>\n\t<meta name=\"twitter:data2\" content=\"2 minutos\" \/>\n<script type=\"application\/ld+json\" class=\"yoast-schema-graph\">{\"@context\":\"https:\/\/schema.org\",\"@graph\":[{\"@type\":\"Article\",\"@id\":\"https:\/\/sudoesteacontece.com.br\/?p=10332#article\",\"isPartOf\":{\"@id\":\"https:\/\/sudoesteacontece.com.br\/?p=10332\"},\"author\":{\"name\":\"Washington Tiago\",\"@id\":\"https:\/\/sudoesteacontece.com.br\/#\/schema\/person\/3cf2cf009926a9683ebc29d5379fa79c\"},\"headline\":\"Caminhada para Jesus 2026 ter\u00e1 trio el\u00e9trico de \u00faltima gera\u00e7\u00e3o e promete emocionar fi\u00e9is em Brumado\",\"datePublished\":\"2026-03-13T21:07:45+00:00\",\"dateModified\":\"2026-03-13T21:07:51+00:00\",\"mainEntityOfPage\":{\"@id\":\"https:\/\/sudoesteacontece.com.br\/?p=10332\"},\"wordCount\":201,\"commentCount\":0,\"publisher\":{\"@id\":\"https:\/\/sudoesteacontece.com.br\/#organization\"},\"image\":{\"@id\":\"https:\/\/sudoesteacontece.com.br\/?p=10332#primaryimage\"},\"thumbnailUrl\":\"http:\/\/sudoesteacontece.com.br\/wp-content\/uploads\/2026\/03\/1323-agora-sudoeste-6b124154-a496-4277-af20-c4a63d912299-1024x759.jpg\",\"articleSection\":[\"Brumado\",\"Cidades\",\"Religi\u00e3o\"],\"inLanguage\":\"pt-BR\",\"potentialAction\":[{\"@type\":\"CommentAction\",\"name\":\"Comment\",\"target\":[\"https:\/\/sudoesteacontece.com.br\/?p=10332#respond\"]}]},{\"@type\":\"WebPage\",\"@id\":\"https:\/\/sudoesteacontece.com.br\/?p=10332\",\"url\":\"https:\/\/sudoesteacontece.com.br\/?p=10332\",\"name\":\"Caminhada para Jesus 2026 ter\u00e1 trio el\u00e9trico de \u00faltima gera\u00e7\u00e3o e promete emocionar fi\u00e9is em Brumado - Sudoesteacontece\",\"isPartOf\":{\"@id\":\"https:\/\/sudoesteacontece.com.br\/#website\"},\"primaryImageOfPage\":{\"@id\":\"https:\/\/sudoesteacontece.com.br\/?p=10332#primaryimage\"},\"image\":{\"@id\":\"https:\/\/sudoesteacontece.com.br\/?p=10332#primaryimage\"},\"thumbnailUrl\":\"http:\/\/sudoesteacontece.com.br\/wp-content\/uploads\/2026\/03\/1323-agora-sudoeste-6b124154-a496-4277-af20-c4a63d912299-1024x759.jpg\",\"datePublished\":\"2026-03-13T21:07:45+00:00\",\"dateModified\":\"2026-03-13T21:07:51+00:00\",\"breadcrumb\":{\"@id\":\"https:\/\/sudoesteacontece.com.br\/?p=10332#breadcrumb\"},\"inLanguage\":\"pt-BR\",\"potentialAction\":[{\"@type\":\"ReadAction\",\"target\":[\"https:\/\/sudoesteacontece.com.br\/?p=10332\"]}]},{\"@type\":\"ImageObject\",\"inLanguage\":\"pt-BR\",\"@id\":\"https:\/\/sudoesteacontece.com.br\/?p=10332#primaryimage\",\"url\":\"https:\/\/sudoesteacontece.com.br\/wp-content\/uploads\/2026\/03\/1323-agora-sudoeste-6b124154-a496-4277-af20-c4a63d912299.jpg\",\"contentUrl\":\"https:\/\/sudoesteacontece.com.br\/wp-content\/uploads\/2026\/03\/1323-agora-sudoeste-6b124154-a496-4277-af20-c4a63d912299.jpg\",\"width\":1640,\"height\":1216},{\"@type\":\"BreadcrumbList\",\"@id\":\"https:\/\/sudoesteacontece.com.br\/?p=10332#breadcrumb\",\"itemListElement\":[{\"@type\":\"ListItem\",\"position\":1,\"name\":\"In\u00edcio\",\"item\":\"https:\/\/sudoesteacontece.com.br\/\"},{\"@type\":\"ListItem\",\"position\":2,\"name\":\"Caminhada para Jesus 2026 ter\u00e1 trio el\u00e9trico de \u00faltima gera\u00e7\u00e3o e promete emocionar fi\u00e9is em Brumado\"}]},{\"@type\":\"WebSite\",\"@id\":\"https:\/\/sudoesteacontece.com.br\/#website\",\"url\":\"https:\/\/sudoesteacontece.com.br\/\",\"name\":\"Sudoesteacontece\",\"description\":\"\",\"publisher\":{\"@id\":\"https:\/\/sudoesteacontece.com.br\/#organization\"},\"potentialAction\":[{\"@type\":\"SearchAction\",\"target\":{\"@type\":\"EntryPoint\",\"urlTemplate\":\"https:\/\/sudoesteacontece.com.br\/?s={search_term_string}\"},\"query-input\":{\"@type\":\"PropertyValueSpecification\",\"valueRequired\":true,\"valueName\":\"search_term_string\"}}],\"inLanguage\":\"pt-BR\"},{\"@type\":\"Organization\",\"@id\":\"https:\/\/sudoesteacontece.com.br\/#organization\",\"name\":\"Sudoesteacontece\",\"url\":\"https:\/\/sudoesteacontece.com.br\/\",\"logo\":{\"@type\":\"ImageObject\",\"inLanguage\":\"pt-BR\",\"@id\":\"https:\/\/sudoesteacontece.com.br\/#\/schema\/logo\/image\/\",\"url\":\"https:\/\/sudoesteacontece.com.br\/wp-content\/uploads\/2025\/12\/cropped-logo-2-180x180-1.png\",\"contentUrl\":\"https:\/\/sudoesteacontece.com.br\/wp-content\/uploads\/2025\/12\/cropped-logo-2-180x180-1.png\",\"width\":180,\"height\":180,\"caption\":\"Sudoesteacontece\"},\"image\":{\"@id\":\"https:\/\/sudoesteacontece.com.br\/#\/schema\/logo\/image\/\"},\"sameAs\":[\"https:\/\/www.facebook.com\/sudoesteacontece\/?locale=pt_BR\"]},{\"@type\":\"Person\",\"@id\":\"https:\/\/sudoesteacontece.com.br\/#\/schema\/person\/3cf2cf009926a9683ebc29d5379fa79c\",\"name\":\"Washington Tiago\",\"image\":{\"@type\":\"ImageObject\",\"inLanguage\":\"pt-BR\",\"@id\":\"https:\/\/sudoesteacontece.com.br\/#\/schema\/person\/image\/\",\"url\":\"https:\/\/secure.gravatar.com\/avatar\/33c43b8668157e040f9d1fe93c354bf087cbd8ba36270c1163198bd3ddcf2a56?s=96&d=mm&r=g\",\"contentUrl\":\"https:\/\/secure.gravatar.com\/avatar\/33c43b8668157e040f9d1fe93c354bf087cbd8ba36270c1163198bd3ddcf2a56?s=96&d=mm&r=g\",\"caption\":\"Washington Tiago\"},\"url\":\"https:\/\/sudoesteacontece.com.br\/?author=2\"}]}<\/script>\n<!-- \/ Yoast SEO plugin. -->","yoast_head_json":{"title":"Caminhada para Jesus 2026 ter\u00e1 trio el\u00e9trico de \u00faltima gera\u00e7\u00e3o e promete emocionar fi\u00e9is em Brumado - Sudoesteacontece","robots":{"index":"index","follow":"follow","max-snippet":"max-snippet:-1","max-image-preview":"max-image-preview:large","max-video-preview":"max-video-preview:-1"},"canonical":"https:\/\/sudoesteacontece.com.br\/?p=10332","og_locale":"pt_BR","og_type":"article","og_title":"Caminhada para Jesus 2026 ter\u00e1 trio el\u00e9trico de \u00faltima gera\u00e7\u00e3o e promete emocionar fi\u00e9is em Brumado - Sudoesteacontece","og_description":"Organizadores anunciaram a contrata\u00e7\u00e3o de um dos trios el\u00e9tricos mais modernos da Bahia para a Caminhada para Jesus 2026, marcada para 11 de abril em Brumado. A novidade promete transformar o tradicional evento em uma experi\u00eancia ainda mais emocionante para os fi\u00e9is que participam do louvor. Equipe respons\u00e1vel destacou que o investimento busca oferecer estrutura de excel\u00eancia aos participantes. \u201cFomos buscar um trio \u00e0 altura do que o povo de Deus merece, para que o nome do Senhor continue sendo glorificado atrav\u00e9s de nossas vidas\u201d, afirmaram em comunicado oficial. Expectativa \u00e9 que o equipamento proporcione uma experi\u00eancia \u00fanica de adora\u00e7\u00e3o e comunh\u00e3o durante todo o percurso, fortalecendo o v\u00ednculo da comunidade evang\u00e9lica local. Organizadores refor\u00e7am o convite: \u201cVem caminhar pra Jesus conosco!\u201d. O evento j\u00e1 mobiliza grande parte da regi\u00e3o. Preparativos incluem ainda refor\u00e7o na seguran\u00e7a e na organiza\u00e7\u00e3o do percurso, garantindo que crian\u00e7as, jovens e adultos possam participar de forma tranquila e intensa. A Caminhada para Jesus 2026 aposta em inova\u00e7\u00e3o e devo\u00e7\u00e3o para consolidar seu sucesso.","og_url":"https:\/\/sudoesteacontece.com.br\/?p=10332","og_site_name":"Sudoesteacontece","article_publisher":"https:\/\/www.facebook.com\/sudoesteacontece\/?locale=pt_BR","article_published_time":"2026-03-13T21:07:45+00:00","article_modified_time":"2026-03-13T21:07:51+00:00","og_image":[{"url":"http:\/\/sudoesteacontece.com.br\/wp-content\/uploads\/2026\/03\/1323-agora-sudoeste-6b124154-a496-4277-af20-c4a63d912299-1024x759.jpg","type":"","width":"","height":""}],"author":"Washington Tiago","twitter_card":"summary_large_image","twitter_misc":{"Escrito por":"Washington Tiago","Est. tempo de leitura":"2 minutos"},"schema":{"@context":"https:\/\/schema.org","@graph":[{"@type":"Article","@id":"https:\/\/sudoesteacontece.com.br\/?p=10332#article","isPartOf":{"@id":"https:\/\/sudoesteacontece.com.br\/?p=10332"},"author":{"name":"Washington Tiago","@id":"https:\/\/sudoesteacontece.com.br\/#\/schema\/person\/3cf2cf009926a9683ebc29d5379fa79c"},"headline":"Caminhada para Jesus 2026 ter\u00e1 trio el\u00e9trico de \u00faltima gera\u00e7\u00e3o e promete emocionar fi\u00e9is em Brumado","datePublished":"2026-03-13T21:07:45+00:00","dateModified":"2026-03-13T21:07:51+00:00","mainEntityOfPage":{"@id":"https:\/\/sudoesteacontece.com.br\/?p=10332"},"wordCount":201,"commentCount":0,"publisher":{"@id":"https:\/\/sudoesteacontece.com.br\/#organization"},"image":{"@id":"https:\/\/sudoesteacontece.com.br\/?p=10332#primaryimage"},"thumbnailUrl":"http:\/\/sudoesteacontece.com.br\/wp-content\/uploads\/2026\/03\/1323-agora-sudoeste-6b124154-a496-4277-af20-c4a63d912299-1024x759.jpg","articleSection":["Brumado","Cidades","Religi\u00e3o"],"inLanguage":"pt-BR","potentialAction":[{"@type":"CommentAction","name":"Comment","target":["https:\/\/sudoesteacontece.com.br\/?p=10332#respond"]}]},{"@type":"WebPage","@id":"https:\/\/sudoesteacontece.com.br\/?p=10332","url":"https:\/\/sudoesteacontece.com.br\/?p=10332","name":"Caminhada para Jesus 2026 ter\u00e1 trio el\u00e9trico de \u00faltima gera\u00e7\u00e3o e promete emocionar fi\u00e9is em Brumado - Sudoesteacontece","isPartOf":{"@id":"https:\/\/sudoesteacontece.com.br\/#website"},"primaryImageOfPage":{"@id":"https:\/\/sudoesteacontece.com.br\/?p=10332#primaryimage"},"image":{"@id":"https:\/\/sudoesteacontece.com.br\/?p=10332#primaryimage"},"thumbnailUrl":"http:\/\/sudoesteacontece.com.br\/wp-content\/uploads\/2026\/03\/1323-agora-sudoeste-6b124154-a496-4277-af20-c4a63d912299-1024x759.jpg","datePublished":"2026-03-13T21:07:45+00:00","dateModified":"2026-03-13T21:07:51+00:00","breadcrumb":{"@id":"https:\/\/sudoesteacontece.com.br\/?p=10332#breadcrumb"},"inLanguage":"pt-BR","potentialAction":[{"@type":"ReadAction","target":["https:\/\/sudoesteacontece.com.br\/?p=10332"]}]},{"@type":"ImageObject","inLanguage":"pt-BR","@id":"https:\/\/sudoesteacontece.com.br\/?p=10332#primaryimage","url":"https:\/\/sudoesteacontece.com.br\/wp-content\/uploads\/2026\/03\/1323-agora-sudoeste-6b124154-a496-4277-af20-c4a63d912299.jpg","contentUrl":"https:\/\/sudoesteacontece.com.br\/wp-content\/uploads\/2026\/03\/1323-agora-sudoeste-6b124154-a496-4277-af20-c4a63d912299.jpg","width":1640,"height":1216},{"@type":"BreadcrumbList","@id":"https:\/\/sudoesteacontece.com.br\/?p=10332#breadcrumb","itemListElement":[{"@type":"ListItem","position":1,"name":"In\u00edcio","item":"https:\/\/sudoesteacontece.com.br\/"},{"@type":"ListItem","position":2,"name":"Caminhada para Jesus 2026 ter\u00e1 trio el\u00e9trico de \u00faltima gera\u00e7\u00e3o e promete emocionar fi\u00e9is em Brumado"}]},{"@type":"WebSite","@id":"https:\/\/sudoesteacontece.com.br\/#website","url":"https:\/\/sudoesteacontece.com.br\/","name":"Sudoesteacontece","description":"","publisher":{"@id":"https:\/\/sudoesteacontece.com.br\/#organization"},"potentialAction":[{"@type":"SearchAction","target":{"@type":"EntryPoint","urlTemplate":"https:\/\/sudoesteacontece.com.br\/?s={search_term_string}"},"query-input":{"@type":"PropertyValueSpecification","valueRequired":true,"valueName":"search_term_string"}}],"inLanguage":"pt-BR"},{"@type":"Organization","@id":"https:\/\/sudoesteacontece.com.br\/#organization","name":"Sudoesteacontece","url":"https:\/\/sudoesteacontece.com.br\/","logo":{"@type":"ImageObject","inLanguage":"pt-BR","@id":"https:\/\/sudoesteacontece.com.br\/#\/schema\/logo\/image\/","url":"https:\/\/sudoesteacontece.com.br\/wp-content\/uploads\/2025\/12\/cropped-logo-2-180x180-1.png","contentUrl":"https:\/\/sudoesteacontece.com.br\/wp-content\/uploads\/2025\/12\/cropped-logo-2-180x180-1.png","width":180,"height":180,"caption":"Sudoesteacontece"},"image":{"@id":"https:\/\/sudoesteacontece.com.br\/#\/schema\/logo\/image\/"},"sameAs":["https:\/\/www.facebook.com\/sudoesteacontece\/?locale=pt_BR"]},{"@type":"Person","@id":"https:\/\/sudoesteacontece.com.br\/#\/schema\/person\/3cf2cf009926a9683ebc29d5379fa79c","name":"Washington Tiago","image":{"@type":"ImageObject","inLanguage":"pt-BR","@id":"https:\/\/sudoesteacontece.com.br\/#\/schema\/person\/image\/","url":"https:\/\/secure.gravatar.com\/avatar\/33c43b8668157e040f9d1fe93c354bf087cbd8ba36270c1163198bd3ddcf2a56?s=96&d=mm&r=g","contentUrl":"https:\/\/secure.gravatar.com\/avatar\/33c43b8668157e040f9d1fe93c354bf087cbd8ba36270c1163198bd3ddcf2a56?s=96&d=mm&r=g","caption":"Washington Tiago"},"url":"https:\/\/sudoesteacontece.com.br\/?author=2"}]}},"_links":{"self":[{"href":"https:\/\/sudoesteacontece.com.br\/index.php?rest_route=\/wp\/v2\/posts\/10332","targetHints":{"allow":["GET"]}}],"collection":[{"href":"https:\/\/sudoesteacontece.com.br\/index.php?rest_route=\/wp\/v2\/posts"}],"about":[{"href":"https:\/\/sudoesteacontece.com.br\/index.php?rest_route=\/wp\/v2\/types\/post"}],"author":[{"embeddable":true,"href":"https:\/\/sudoesteacontece.com.br\/index.php?rest_route=\/wp\/v2\/users\/2"}],"replies":[{"embeddable":true,"href":"https:\/\/sudoesteacontece.com.br\/index.php?rest_route=%2Fwp%2Fv2%2Fcomments&post=10332"}],"version-history":[{"count":0,"href":"https:\/\/sudoesteacontece.com.br\/index.php?rest_route=\/wp\/v2\/posts\/10332\/revisions"}],"wp:attachment":[{"href":"https:\/\/sudoesteacontece.com.br\/index.php?rest_route=%2Fwp%2Fv2%2Fmedia&parent=10332"}],"wp:term":[{"taxonomy":"category","embeddable":true,"href":"https:\/\/sudoesteacontece.com.br\/index.php?rest_route=%2Fwp%2Fv2%2Fcategories&post=10332"},{"taxonomy":"post_tag","embeddable":true,"href":"https:\/\/sudoesteacontece.com.br\/index.php?rest_route=%2Fwp%2Fv2%2Ftags&post=10332"}],"curies":[{"name":"wp","href":"https:\/\/api.w.org\/{rel}","templated":true}]}}