{"id":10378,"date":"2026-03-13T18:19:53","date_gmt":"2026-03-13T21:19:53","guid":{"rendered":"https:\/\/sudoesteacontece.com.br\/?p=10378"},"modified":"2026-03-13T18:19:58","modified_gmt":"2026-03-13T21:19:58","slug":"rui-costa-diz-que-decisao-sobre-icms-de-combustiveis-nao-pode-ser-isolada-por-governadores","status":"publish","type":"post","link":"https:\/\/sudoesteacontece.com.br\/?p=10378","title":{"rendered":"Rui Costa diz que decis\u00e3o sobre ICMS de combust\u00edveis n\u00e3o pode ser isolada por governadores"},"content":{"rendered":"<div class=\"wp-block-image\">\n<figure class=\"aligncenter size-full\"><img fetchpriority=\"high\" decoding=\"async\" width=\"900\" height=\"600\" src=\"http:\/\/sudoesteacontece.com.br\/wp-content\/uploads\/2026\/02\/Rui-Costa-reage-a-criticas-e-chama-ligacao-do-PT-da-Bahia-com-Banco-Master-de-fantasia-mentirosa.jpg\" alt=\"\" class=\"wp-image-8578\" srcset=\"https:\/\/sudoesteacontece.com.br\/wp-content\/uploads\/2026\/02\/Rui-Costa-reage-a-criticas-e-chama-ligacao-do-PT-da-Bahia-com-Banco-Master-de-fantasia-mentirosa.jpg 900w, https:\/\/sudoesteacontece.com.br\/wp-content\/uploads\/2026\/02\/Rui-Costa-reage-a-criticas-e-chama-ligacao-do-PT-da-Bahia-com-Banco-Master-de-fantasia-mentirosa-300x200.jpg 300w, https:\/\/sudoesteacontece.com.br\/wp-content\/uploads\/2026\/02\/Rui-Costa-reage-a-criticas-e-chama-ligacao-do-PT-da-Bahia-com-Banco-Master-de-fantasia-mentirosa-768x512.jpg 768w\" sizes=\"(max-width: 900px) 100vw, 900px\" \/><\/figure>\n<\/div>\n\n\n<p>O ministro da Casa Civil, Rui Costa, afirmou nesta sexta\u2011feira (13) que uma eventual decis\u00e3o sobre as al\u00edquotas do Imposto sobre Circula\u00e7\u00e3o de Mercadorias e Servi\u00e7os (ICMS) incidente sobre combust\u00edveis n\u00e3o pode ser tomada de forma isolada por governadores dos estados. Segundo ele, qualquer defini\u00e7\u00e3o precisa ser feita de forma conjunta com o Conselho Nacional de Secret\u00e1rios da Fazenda (Comsefaz).<\/p>\n\n\n\n<p>Em entrevista \u00e0 r\u00e1dio Band News FM, Rui Costa criticou medidas anteriores e disse que o governo federal n\u00e3o quer \u201crepetir aquilo que foi feito\u201d em 2022, quando a gest\u00e3o do ex\u2011presidente Jair Bolsonaro (PL) zerou as al\u00edquotas do PIS\/Pasep e da Cofins sobre o diesel. Na vis\u00e3o do ministro, aquela iniciativa representou uma interfer\u00eancia indevida nos tributos estaduais e acabou sendo considerada inconstitucional pelo Supremo Tribunal Federal (STF).<\/p>\n\n\n\n<p>\u201cIsso n\u00e3o pode ser decidido isoladamente por nenhum governador. Tem que ser em conjunto na reuni\u00e3o dos secret\u00e1rios da Fazenda\u201d, declarou Rui Costa, ressaltando que a defini\u00e7\u00e3o de al\u00edquotas do ICMS \u00e9 compet\u00eancia dos entes federativos e n\u00e3o deve ser imposta unilateralmente.<\/p>\n\n\n\n<p>Rui Costa tamb\u00e9m comentou a decis\u00e3o do governo federal publicada na quinta\u2011feira (12), que zerou a al\u00edquota do PIS\/Cofins na importa\u00e7\u00e3o e comercializa\u00e7\u00e3o do diesel com o objetivo de impedir que o consumidor pague um \u201cpre\u00e7o extorsivo\u201d pelo produto.<\/p>\n\n\n\n<p>O ministro afirmou ainda que, at\u00e9 o momento, n\u00e3o houve di\u00e1logo formal entre o governo federal e os 27 governadores para tratar de uma poss\u00edvel mudan\u00e7a nos tributos estaduais que impacte os combust\u00edveis.<\/p>\n","protected":false},"excerpt":{"rendered":"<p>O ministro da Casa Civil, Rui Costa, afirmou nesta sexta\u2011feira (13) que uma eventual decis\u00e3o sobre as al\u00edquotas do Imposto sobre Circula\u00e7\u00e3o de Mercadorias e Servi\u00e7os (ICMS) incidente sobre combust\u00edveis n\u00e3o pode ser tomada de forma isolada por governadores dos estados. Segundo ele, qualquer defini\u00e7\u00e3o precisa ser feita de forma conjunta com o Conselho Nacional de Secret\u00e1rios da Fazenda (Comsefaz). Em entrevista \u00e0 r\u00e1dio Band News FM, Rui Costa criticou medidas anteriores e disse que o governo federal n\u00e3o quer \u201crepetir aquilo que foi feito\u201d em 2022, quando a gest\u00e3o do ex\u2011presidente Jair Bolsonaro (PL) zerou as al\u00edquotas do PIS\/Pasep e da Cofins sobre o diesel. Na vis\u00e3o do ministro, aquela iniciativa representou uma interfer\u00eancia indevida nos tributos estaduais e acabou sendo considerada inconstitucional pelo Supremo Tribunal Federal (STF). \u201cIsso n\u00e3o pode ser decidido isoladamente por nenhum governador. Tem que ser em conjunto na reuni\u00e3o dos secret\u00e1rios da Fazenda\u201d, declarou Rui Costa, ressaltando que a defini\u00e7\u00e3o de al\u00edquotas do ICMS \u00e9 compet\u00eancia dos entes federativos e n\u00e3o deve ser imposta unilateralmente. Rui Costa tamb\u00e9m comentou a decis\u00e3o do governo federal publicada na quinta\u2011feira (12), que zerou a al\u00edquota do PIS\/Cofins na importa\u00e7\u00e3o e comercializa\u00e7\u00e3o do diesel com o objetivo de impedir que o consumidor pague um \u201cpre\u00e7o extorsivo\u201d pelo produto. O ministro afirmou ainda que, at\u00e9 o momento, n\u00e3o houve di\u00e1logo formal entre o governo federal e os 27 governadores para tratar de uma poss\u00edvel mudan\u00e7a nos tributos estaduais que impacte os combust\u00edveis.<\/p>\n","protected":false},"author":2,"featured_media":0,"comment_status":"open","ping_status":"open","sticky":false,"template":"","format":"standard","meta":{"footnotes":""},"categories":[53,59,6],"tags":[],"class_list":["post-10378","post","type-post","status-publish","format-standard","hentry","category-brasil","category-economia","category-politica"],"yoast_head":"<!-- This site is optimized with the Yoast SEO plugin v26.5 - https:\/\/yoast.com\/wordpress\/plugins\/seo\/ -->\n<title>Rui Costa diz que decis\u00e3o sobre ICMS de combust\u00edveis n\u00e3o pode ser isolada por governadores - Sudoesteacontece<\/title>\n<meta name=\"robots\" content=\"index, follow, max-snippet:-1, max-image-preview:large, max-video-preview:-1\" \/>\n<link rel=\"canonical\" href=\"https:\/\/sudoesteacontece.com.br\/?p=10378\" \/>\n<meta property=\"og:locale\" content=\"pt_BR\" \/>\n<meta property=\"og:type\" content=\"article\" \/>\n<meta property=\"og:title\" content=\"Rui Costa diz que decis\u00e3o sobre ICMS de combust\u00edveis n\u00e3o pode ser isolada por governadores - Sudoesteacontece\" \/>\n<meta property=\"og:description\" content=\"O ministro da Casa Civil, Rui Costa, afirmou nesta sexta\u2011feira (13) que uma eventual decis\u00e3o sobre as al\u00edquotas do Imposto sobre Circula\u00e7\u00e3o de Mercadorias e Servi\u00e7os (ICMS) incidente sobre combust\u00edveis n\u00e3o pode ser tomada de forma isolada por governadores dos estados. Segundo ele, qualquer defini\u00e7\u00e3o precisa ser feita de forma conjunta com o Conselho Nacional de Secret\u00e1rios da Fazenda (Comsefaz). Em entrevista \u00e0 r\u00e1dio Band News FM, Rui Costa criticou medidas anteriores e disse que o governo federal n\u00e3o quer \u201crepetir aquilo que foi feito\u201d em 2022, quando a gest\u00e3o do ex\u2011presidente Jair Bolsonaro (PL) zerou as al\u00edquotas do PIS\/Pasep e da Cofins sobre o diesel. Na vis\u00e3o do ministro, aquela iniciativa representou uma interfer\u00eancia indevida nos tributos estaduais e acabou sendo considerada inconstitucional pelo Supremo Tribunal Federal (STF). \u201cIsso n\u00e3o pode ser decidido isoladamente por nenhum governador. Tem que ser em conjunto na reuni\u00e3o dos secret\u00e1rios da Fazenda\u201d, declarou Rui Costa, ressaltando que a defini\u00e7\u00e3o de al\u00edquotas do ICMS \u00e9 compet\u00eancia dos entes federativos e n\u00e3o deve ser imposta unilateralmente. Rui Costa tamb\u00e9m comentou a decis\u00e3o do governo federal publicada na quinta\u2011feira (12), que zerou a al\u00edquota do PIS\/Cofins na importa\u00e7\u00e3o e comercializa\u00e7\u00e3o do diesel com o objetivo de impedir que o consumidor pague um \u201cpre\u00e7o extorsivo\u201d pelo produto. O ministro afirmou ainda que, at\u00e9 o momento, n\u00e3o houve di\u00e1logo formal entre o governo federal e os 27 governadores para tratar de uma poss\u00edvel mudan\u00e7a nos tributos estaduais que impacte os combust\u00edveis.\" \/>\n<meta property=\"og:url\" content=\"https:\/\/sudoesteacontece.com.br\/?p=10378\" \/>\n<meta property=\"og:site_name\" content=\"Sudoesteacontece\" \/>\n<meta property=\"article:publisher\" content=\"https:\/\/www.facebook.com\/sudoesteacontece\/?locale=pt_BR\" \/>\n<meta property=\"article:published_time\" content=\"2026-03-13T21:19:53+00:00\" \/>\n<meta property=\"article:modified_time\" content=\"2026-03-13T21:19:58+00:00\" \/>\n<meta property=\"og:image\" content=\"http:\/\/sudoesteacontece.com.br\/wp-content\/uploads\/2026\/02\/Rui-Costa-reage-a-criticas-e-chama-ligacao-do-PT-da-Bahia-com-Banco-Master-de-fantasia-mentirosa.jpg\" \/>\n<meta name=\"author\" content=\"Washington Tiago\" \/>\n<meta name=\"twitter:card\" content=\"summary_large_image\" \/>\n<meta name=\"twitter:label1\" content=\"Escrito por\" \/>\n\t<meta name=\"twitter:data1\" content=\"Washington Tiago\" \/>\n\t<meta name=\"twitter:label2\" content=\"Est. tempo de leitura\" \/>\n\t<meta name=\"twitter:data2\" content=\"2 minutos\" \/>\n<script type=\"application\/ld+json\" class=\"yoast-schema-graph\">{\"@context\":\"https:\/\/schema.org\",\"@graph\":[{\"@type\":\"Article\",\"@id\":\"https:\/\/sudoesteacontece.com.br\/?p=10378#article\",\"isPartOf\":{\"@id\":\"https:\/\/sudoesteacontece.com.br\/?p=10378\"},\"author\":{\"name\":\"Washington Tiago\",\"@id\":\"https:\/\/sudoesteacontece.com.br\/#\/schema\/person\/3cf2cf009926a9683ebc29d5379fa79c\"},\"headline\":\"Rui Costa diz que decis\u00e3o sobre ICMS de combust\u00edveis n\u00e3o pode ser isolada por governadores\",\"datePublished\":\"2026-03-13T21:19:53+00:00\",\"dateModified\":\"2026-03-13T21:19:58+00:00\",\"mainEntityOfPage\":{\"@id\":\"https:\/\/sudoesteacontece.com.br\/?p=10378\"},\"wordCount\":292,\"commentCount\":0,\"publisher\":{\"@id\":\"https:\/\/sudoesteacontece.com.br\/#organization\"},\"image\":{\"@id\":\"https:\/\/sudoesteacontece.com.br\/?p=10378#primaryimage\"},\"thumbnailUrl\":\"http:\/\/sudoesteacontece.com.br\/wp-content\/uploads\/2026\/02\/Rui-Costa-reage-a-criticas-e-chama-ligacao-do-PT-da-Bahia-com-Banco-Master-de-fantasia-mentirosa.jpg\",\"articleSection\":[\"Brasil\",\"Economia\",\"Pol\u00edtica\"],\"inLanguage\":\"pt-BR\",\"potentialAction\":[{\"@type\":\"CommentAction\",\"name\":\"Comment\",\"target\":[\"https:\/\/sudoesteacontece.com.br\/?p=10378#respond\"]}]},{\"@type\":\"WebPage\",\"@id\":\"https:\/\/sudoesteacontece.com.br\/?p=10378\",\"url\":\"https:\/\/sudoesteacontece.com.br\/?p=10378\",\"name\":\"Rui Costa diz que decis\u00e3o sobre ICMS de combust\u00edveis n\u00e3o pode ser isolada por governadores - Sudoesteacontece\",\"isPartOf\":{\"@id\":\"https:\/\/sudoesteacontece.com.br\/#website\"},\"primaryImageOfPage\":{\"@id\":\"https:\/\/sudoesteacontece.com.br\/?p=10378#primaryimage\"},\"image\":{\"@id\":\"https:\/\/sudoesteacontece.com.br\/?p=10378#primaryimage\"},\"thumbnailUrl\":\"http:\/\/sudoesteacontece.com.br\/wp-content\/uploads\/2026\/02\/Rui-Costa-reage-a-criticas-e-chama-ligacao-do-PT-da-Bahia-com-Banco-Master-de-fantasia-mentirosa.jpg\",\"datePublished\":\"2026-03-13T21:19:53+00:00\",\"dateModified\":\"2026-03-13T21:19:58+00:00\",\"breadcrumb\":{\"@id\":\"https:\/\/sudoesteacontece.com.br\/?p=10378#breadcrumb\"},\"inLanguage\":\"pt-BR\",\"potentialAction\":[{\"@type\":\"ReadAction\",\"target\":[\"https:\/\/sudoesteacontece.com.br\/?p=10378\"]}]},{\"@type\":\"ImageObject\",\"inLanguage\":\"pt-BR\",\"@id\":\"https:\/\/sudoesteacontece.com.br\/?p=10378#primaryimage\",\"url\":\"https:\/\/sudoesteacontece.com.br\/wp-content\/uploads\/2026\/02\/Rui-Costa-reage-a-criticas-e-chama-ligacao-do-PT-da-Bahia-com-Banco-Master-de-fantasia-mentirosa.jpg\",\"contentUrl\":\"https:\/\/sudoesteacontece.com.br\/wp-content\/uploads\/2026\/02\/Rui-Costa-reage-a-criticas-e-chama-ligacao-do-PT-da-Bahia-com-Banco-Master-de-fantasia-mentirosa.jpg\",\"width\":900,\"height\":600},{\"@type\":\"BreadcrumbList\",\"@id\":\"https:\/\/sudoesteacontece.com.br\/?p=10378#breadcrumb\",\"itemListElement\":[{\"@type\":\"ListItem\",\"position\":1,\"name\":\"In\u00edcio\",\"item\":\"https:\/\/sudoesteacontece.com.br\/\"},{\"@type\":\"ListItem\",\"position\":2,\"name\":\"Rui Costa diz que decis\u00e3o sobre ICMS de combust\u00edveis n\u00e3o pode ser isolada por governadores\"}]},{\"@type\":\"WebSite\",\"@id\":\"https:\/\/sudoesteacontece.com.br\/#website\",\"url\":\"https:\/\/sudoesteacontece.com.br\/\",\"name\":\"Sudoesteacontece\",\"description\":\"\",\"publisher\":{\"@id\":\"https:\/\/sudoesteacontece.com.br\/#organization\"},\"potentialAction\":[{\"@type\":\"SearchAction\",\"target\":{\"@type\":\"EntryPoint\",\"urlTemplate\":\"https:\/\/sudoesteacontece.com.br\/?s={search_term_string}\"},\"query-input\":{\"@type\":\"PropertyValueSpecification\",\"valueRequired\":true,\"valueName\":\"search_term_string\"}}],\"inLanguage\":\"pt-BR\"},{\"@type\":\"Organization\",\"@id\":\"https:\/\/sudoesteacontece.com.br\/#organization\",\"name\":\"Sudoesteacontece\",\"url\":\"https:\/\/sudoesteacontece.com.br\/\",\"logo\":{\"@type\":\"ImageObject\",\"inLanguage\":\"pt-BR\",\"@id\":\"https:\/\/sudoesteacontece.com.br\/#\/schema\/logo\/image\/\",\"url\":\"https:\/\/sudoesteacontece.com.br\/wp-content\/uploads\/2025\/12\/cropped-logo-2-180x180-1.png\",\"contentUrl\":\"https:\/\/sudoesteacontece.com.br\/wp-content\/uploads\/2025\/12\/cropped-logo-2-180x180-1.png\",\"width\":180,\"height\":180,\"caption\":\"Sudoesteacontece\"},\"image\":{\"@id\":\"https:\/\/sudoesteacontece.com.br\/#\/schema\/logo\/image\/\"},\"sameAs\":[\"https:\/\/www.facebook.com\/sudoesteacontece\/?locale=pt_BR\"]},{\"@type\":\"Person\",\"@id\":\"https:\/\/sudoesteacontece.com.br\/#\/schema\/person\/3cf2cf009926a9683ebc29d5379fa79c\",\"name\":\"Washington Tiago\",\"image\":{\"@type\":\"ImageObject\",\"inLanguage\":\"pt-BR\",\"@id\":\"https:\/\/sudoesteacontece.com.br\/#\/schema\/person\/image\/\",\"url\":\"https:\/\/secure.gravatar.com\/avatar\/33c43b8668157e040f9d1fe93c354bf087cbd8ba36270c1163198bd3ddcf2a56?s=96&d=mm&r=g\",\"contentUrl\":\"https:\/\/secure.gravatar.com\/avatar\/33c43b8668157e040f9d1fe93c354bf087cbd8ba36270c1163198bd3ddcf2a56?s=96&d=mm&r=g\",\"caption\":\"Washington Tiago\"},\"url\":\"https:\/\/sudoesteacontece.com.br\/?author=2\"}]}<\/script>\n<!-- \/ Yoast SEO plugin. -->","yoast_head_json":{"title":"Rui Costa diz que decis\u00e3o sobre ICMS de combust\u00edveis n\u00e3o pode ser isolada por governadores - Sudoesteacontece","robots":{"index":"index","follow":"follow","max-snippet":"max-snippet:-1","max-image-preview":"max-image-preview:large","max-video-preview":"max-video-preview:-1"},"canonical":"https:\/\/sudoesteacontece.com.br\/?p=10378","og_locale":"pt_BR","og_type":"article","og_title":"Rui Costa diz que decis\u00e3o sobre ICMS de combust\u00edveis n\u00e3o pode ser isolada por governadores - Sudoesteacontece","og_description":"O ministro da Casa Civil, Rui Costa, afirmou nesta sexta\u2011feira (13) que uma eventual decis\u00e3o sobre as al\u00edquotas do Imposto sobre Circula\u00e7\u00e3o de Mercadorias e Servi\u00e7os (ICMS) incidente sobre combust\u00edveis n\u00e3o pode ser tomada de forma isolada por governadores dos estados. Segundo ele, qualquer defini\u00e7\u00e3o precisa ser feita de forma conjunta com o Conselho Nacional de Secret\u00e1rios da Fazenda (Comsefaz). Em entrevista \u00e0 r\u00e1dio Band News FM, Rui Costa criticou medidas anteriores e disse que o governo federal n\u00e3o quer \u201crepetir aquilo que foi feito\u201d em 2022, quando a gest\u00e3o do ex\u2011presidente Jair Bolsonaro (PL) zerou as al\u00edquotas do PIS\/Pasep e da Cofins sobre o diesel. Na vis\u00e3o do ministro, aquela iniciativa representou uma interfer\u00eancia indevida nos tributos estaduais e acabou sendo considerada inconstitucional pelo Supremo Tribunal Federal (STF). \u201cIsso n\u00e3o pode ser decidido isoladamente por nenhum governador. Tem que ser em conjunto na reuni\u00e3o dos secret\u00e1rios da Fazenda\u201d, declarou Rui Costa, ressaltando que a defini\u00e7\u00e3o de al\u00edquotas do ICMS \u00e9 compet\u00eancia dos entes federativos e n\u00e3o deve ser imposta unilateralmente. Rui Costa tamb\u00e9m comentou a decis\u00e3o do governo federal publicada na quinta\u2011feira (12), que zerou a al\u00edquota do PIS\/Cofins na importa\u00e7\u00e3o e comercializa\u00e7\u00e3o do diesel com o objetivo de impedir que o consumidor pague um \u201cpre\u00e7o extorsivo\u201d pelo produto. O ministro afirmou ainda que, at\u00e9 o momento, n\u00e3o houve di\u00e1logo formal entre o governo federal e os 27 governadores para tratar de uma poss\u00edvel mudan\u00e7a nos tributos estaduais que impacte os combust\u00edveis.","og_url":"https:\/\/sudoesteacontece.com.br\/?p=10378","og_site_name":"Sudoesteacontece","article_publisher":"https:\/\/www.facebook.com\/sudoesteacontece\/?locale=pt_BR","article_published_time":"2026-03-13T21:19:53+00:00","article_modified_time":"2026-03-13T21:19:58+00:00","og_image":[{"url":"http:\/\/sudoesteacontece.com.br\/wp-content\/uploads\/2026\/02\/Rui-Costa-reage-a-criticas-e-chama-ligacao-do-PT-da-Bahia-com-Banco-Master-de-fantasia-mentirosa.jpg","type":"","width":"","height":""}],"author":"Washington Tiago","twitter_card":"summary_large_image","twitter_misc":{"Escrito por":"Washington Tiago","Est. tempo de leitura":"2 minutos"},"schema":{"@context":"https:\/\/schema.org","@graph":[{"@type":"Article","@id":"https:\/\/sudoesteacontece.com.br\/?p=10378#article","isPartOf":{"@id":"https:\/\/sudoesteacontece.com.br\/?p=10378"},"author":{"name":"Washington Tiago","@id":"https:\/\/sudoesteacontece.com.br\/#\/schema\/person\/3cf2cf009926a9683ebc29d5379fa79c"},"headline":"Rui Costa diz que decis\u00e3o sobre ICMS de combust\u00edveis n\u00e3o pode ser isolada por governadores","datePublished":"2026-03-13T21:19:53+00:00","dateModified":"2026-03-13T21:19:58+00:00","mainEntityOfPage":{"@id":"https:\/\/sudoesteacontece.com.br\/?p=10378"},"wordCount":292,"commentCount":0,"publisher":{"@id":"https:\/\/sudoesteacontece.com.br\/#organization"},"image":{"@id":"https:\/\/sudoesteacontece.com.br\/?p=10378#primaryimage"},"thumbnailUrl":"http:\/\/sudoesteacontece.com.br\/wp-content\/uploads\/2026\/02\/Rui-Costa-reage-a-criticas-e-chama-ligacao-do-PT-da-Bahia-com-Banco-Master-de-fantasia-mentirosa.jpg","articleSection":["Brasil","Economia","Pol\u00edtica"],"inLanguage":"pt-BR","potentialAction":[{"@type":"CommentAction","name":"Comment","target":["https:\/\/sudoesteacontece.com.br\/?p=10378#respond"]}]},{"@type":"WebPage","@id":"https:\/\/sudoesteacontece.com.br\/?p=10378","url":"https:\/\/sudoesteacontece.com.br\/?p=10378","name":"Rui Costa diz que decis\u00e3o sobre ICMS de combust\u00edveis n\u00e3o pode ser isolada por governadores - Sudoesteacontece","isPartOf":{"@id":"https:\/\/sudoesteacontece.com.br\/#website"},"primaryImageOfPage":{"@id":"https:\/\/sudoesteacontece.com.br\/?p=10378#primaryimage"},"image":{"@id":"https:\/\/sudoesteacontece.com.br\/?p=10378#primaryimage"},"thumbnailUrl":"http:\/\/sudoesteacontece.com.br\/wp-content\/uploads\/2026\/02\/Rui-Costa-reage-a-criticas-e-chama-ligacao-do-PT-da-Bahia-com-Banco-Master-de-fantasia-mentirosa.jpg","datePublished":"2026-03-13T21:19:53+00:00","dateModified":"2026-03-13T21:19:58+00:00","breadcrumb":{"@id":"https:\/\/sudoesteacontece.com.br\/?p=10378#breadcrumb"},"inLanguage":"pt-BR","potentialAction":[{"@type":"ReadAction","target":["https:\/\/sudoesteacontece.com.br\/?p=10378"]}]},{"@type":"ImageObject","inLanguage":"pt-BR","@id":"https:\/\/sudoesteacontece.com.br\/?p=10378#primaryimage","url":"https:\/\/sudoesteacontece.com.br\/wp-content\/uploads\/2026\/02\/Rui-Costa-reage-a-criticas-e-chama-ligacao-do-PT-da-Bahia-com-Banco-Master-de-fantasia-mentirosa.jpg","contentUrl":"https:\/\/sudoesteacontece.com.br\/wp-content\/uploads\/2026\/02\/Rui-Costa-reage-a-criticas-e-chama-ligacao-do-PT-da-Bahia-com-Banco-Master-de-fantasia-mentirosa.jpg","width":900,"height":600},{"@type":"BreadcrumbList","@id":"https:\/\/sudoesteacontece.com.br\/?p=10378#breadcrumb","itemListElement":[{"@type":"ListItem","position":1,"name":"In\u00edcio","item":"https:\/\/sudoesteacontece.com.br\/"},{"@type":"ListItem","position":2,"name":"Rui Costa diz que decis\u00e3o sobre ICMS de combust\u00edveis n\u00e3o pode ser isolada por governadores"}]},{"@type":"WebSite","@id":"https:\/\/sudoesteacontece.com.br\/#website","url":"https:\/\/sudoesteacontece.com.br\/","name":"Sudoesteacontece","description":"","publisher":{"@id":"https:\/\/sudoesteacontece.com.br\/#organization"},"potentialAction":[{"@type":"SearchAction","target":{"@type":"EntryPoint","urlTemplate":"https:\/\/sudoesteacontece.com.br\/?s={search_term_string}"},"query-input":{"@type":"PropertyValueSpecification","valueRequired":true,"valueName":"search_term_string"}}],"inLanguage":"pt-BR"},{"@type":"Organization","@id":"https:\/\/sudoesteacontece.com.br\/#organization","name":"Sudoesteacontece","url":"https:\/\/sudoesteacontece.com.br\/","logo":{"@type":"ImageObject","inLanguage":"pt-BR","@id":"https:\/\/sudoesteacontece.com.br\/#\/schema\/logo\/image\/","url":"https:\/\/sudoesteacontece.com.br\/wp-content\/uploads\/2025\/12\/cropped-logo-2-180x180-1.png","contentUrl":"https:\/\/sudoesteacontece.com.br\/wp-content\/uploads\/2025\/12\/cropped-logo-2-180x180-1.png","width":180,"height":180,"caption":"Sudoesteacontece"},"image":{"@id":"https:\/\/sudoesteacontece.com.br\/#\/schema\/logo\/image\/"},"sameAs":["https:\/\/www.facebook.com\/sudoesteacontece\/?locale=pt_BR"]},{"@type":"Person","@id":"https:\/\/sudoesteacontece.com.br\/#\/schema\/person\/3cf2cf009926a9683ebc29d5379fa79c","name":"Washington Tiago","image":{"@type":"ImageObject","inLanguage":"pt-BR","@id":"https:\/\/sudoesteacontece.com.br\/#\/schema\/person\/image\/","url":"https:\/\/secure.gravatar.com\/avatar\/33c43b8668157e040f9d1fe93c354bf087cbd8ba36270c1163198bd3ddcf2a56?s=96&d=mm&r=g","contentUrl":"https:\/\/secure.gravatar.com\/avatar\/33c43b8668157e040f9d1fe93c354bf087cbd8ba36270c1163198bd3ddcf2a56?s=96&d=mm&r=g","caption":"Washington Tiago"},"url":"https:\/\/sudoesteacontece.com.br\/?author=2"}]}},"_links":{"self":[{"href":"https:\/\/sudoesteacontece.com.br\/index.php?rest_route=\/wp\/v2\/posts\/10378","targetHints":{"allow":["GET"]}}],"collection":[{"href":"https:\/\/sudoesteacontece.com.br\/index.php?rest_route=\/wp\/v2\/posts"}],"about":[{"href":"https:\/\/sudoesteacontece.com.br\/index.php?rest_route=\/wp\/v2\/types\/post"}],"author":[{"embeddable":true,"href":"https:\/\/sudoesteacontece.com.br\/index.php?rest_route=\/wp\/v2\/users\/2"}],"replies":[{"embeddable":true,"href":"https:\/\/sudoesteacontece.com.br\/index.php?rest_route=%2Fwp%2Fv2%2Fcomments&post=10378"}],"version-history":[{"count":0,"href":"https:\/\/sudoesteacontece.com.br\/index.php?rest_route=\/wp\/v2\/posts\/10378\/revisions"}],"wp:attachment":[{"href":"https:\/\/sudoesteacontece.com.br\/index.php?rest_route=%2Fwp%2Fv2%2Fmedia&parent=10378"}],"wp:term":[{"taxonomy":"category","embeddable":true,"href":"https:\/\/sudoesteacontece.com.br\/index.php?rest_route=%2Fwp%2Fv2%2Fcategories&post=10378"},{"taxonomy":"post_tag","embeddable":true,"href":"https:\/\/sudoesteacontece.com.br\/index.php?rest_route=%2Fwp%2Fv2%2Ftags&post=10378"}],"curies":[{"name":"wp","href":"https:\/\/api.w.org\/{rel}","templated":true}]}}