{"id":10393,"date":"2026-03-14T12:50:36","date_gmt":"2026-03-14T15:50:36","guid":{"rendered":"https:\/\/sudoesteacontece.com.br\/?p=10393"},"modified":"2026-03-14T12:50:41","modified_gmt":"2026-03-14T15:50:41","slug":"tres-moradores-de-candido-sales-morrem-em-grave-acidente-na-cidade-de-mata-verde","status":"publish","type":"post","link":"https:\/\/sudoesteacontece.com.br\/?p=10393","title":{"rendered":"Tr\u00eas moradores de C\u00e2ndido Sales morrem em grave acidente na cidade de Mata Verde"},"content":{"rendered":"<div class=\"wp-block-image\">\n<figure class=\"aligncenter size-full\"><img fetchpriority=\"high\" decoding=\"async\" width=\"900\" height=\"600\" src=\"http:\/\/sudoesteacontece.com.br\/wp-content\/uploads\/2026\/03\/Tres-moradores-de-Candido-Sales-morrem-em-grave-acidente-na-cidade-de-Mata-Verde.jpg\" alt=\"\" class=\"wp-image-10421\" srcset=\"https:\/\/sudoesteacontece.com.br\/wp-content\/uploads\/2026\/03\/Tres-moradores-de-Candido-Sales-morrem-em-grave-acidente-na-cidade-de-Mata-Verde.jpg 900w, https:\/\/sudoesteacontece.com.br\/wp-content\/uploads\/2026\/03\/Tres-moradores-de-Candido-Sales-morrem-em-grave-acidente-na-cidade-de-Mata-Verde-300x200.jpg 300w, https:\/\/sudoesteacontece.com.br\/wp-content\/uploads\/2026\/03\/Tres-moradores-de-Candido-Sales-morrem-em-grave-acidente-na-cidade-de-Mata-Verde-768x512.jpg 768w\" sizes=\"(max-width: 900px) 100vw, 900px\" \/><\/figure>\n<\/div>\n\n\n<p>Trag\u00e9dia marcou a regi\u00e3o sudoeste da Bahia ap\u00f3s um grave acidente de tr\u00e2nsito que resultou na morte de tr\u00eas moradores de C\u00e2ndido Sales. O caso aconteceu nas proximidades do munic\u00edpio de Mata Verde, em Minas Gerais, e provocou forte como\u00e7\u00e3o entre familiares, amigos e moradores da cidade baiana.<\/p>\n\n\n\n<p>Acidente envolveu um ve\u00edculo onde estavam cinco pessoas no momento da ocorr\u00eancia. Informa\u00e7\u00f5es preliminares indicam que tr\u00eas ocupantes morreram ainda no local devido \u00e0 gravidade dos ferimentos, antes mesmo da chegada das equipes de socorro. Outras v\u00edtimas que estavam no ve\u00edculo foram socorridas e encaminhadas para atendimento m\u00e9dico.<\/p>\n\n\n\n<p>V\u00edtimas fatais eram moradores da cidade de C\u00e2ndido Sales, munic\u00edpio localizado no sudoeste da Bahia e pr\u00f3ximo \u00e0 divisa com Minas Gerais. A not\u00edcia se espalhou rapidamente pela regi\u00e3o, gerando grande como\u00e7\u00e3o entre moradores que lamentaram a perda repentina dos conterr\u00e2neos.<\/p>\n\n\n\n<p>Equipes de resgate e autoridades locais foram acionadas para atender a ocorr\u00eancia e controlar a situa\u00e7\u00e3o na rodovia. A \u00e1rea foi isolada para o trabalho das equipes respons\u00e1veis pela per\u00edcia, que buscam entender as circunst\u00e2ncias do acidente e o que pode ter provocado a trag\u00e9dia.<\/p>\n\n\n\n<p>Investiga\u00e7\u00e3o deve apurar detalhes da din\u00e2mica da colis\u00e3o, incluindo poss\u00edveis fatores como condi\u00e7\u00f5es da pista, velocidade dos ve\u00edculos e outras circunst\u00e2ncias que possam ter contribu\u00eddo para o acidente. At\u00e9 o momento, as identidades das v\u00edtimas n\u00e3o haviam sido divulgadas oficialmente pelas autoridades respons\u00e1veis.<\/p>\n\n\n\n<p>Como\u00e7\u00e3o tomou conta de C\u00e2ndido Sales ap\u00f3s a confirma\u00e7\u00e3o das mortes. Amigos e familiares utilizaram redes sociais para prestar homenagens e mensagens de despedida \u00e0s v\u00edtimas, enquanto a cidade acompanha com tristeza mais uma trag\u00e9dia envolvendo moradores da regi\u00e3o.<\/p>\n\n\n\n<p>Novas informa\u00e7\u00f5es sobre o caso devem ser divulgadas pelas autoridades nas pr\u00f3ximas horas, \u00e0 medida que os levantamentos oficiais forem conclu\u00eddos e os familiares das v\u00edtimas forem comunicados sobre os procedimentos legais e funer\u00e1rios.<\/p>\n","protected":false},"excerpt":{"rendered":"<p>Trag\u00e9dia marcou a regi\u00e3o sudoeste da Bahia ap\u00f3s um grave acidente de tr\u00e2nsito que resultou na morte de tr\u00eas moradores de C\u00e2ndido Sales. O caso aconteceu nas proximidades do munic\u00edpio de Mata Verde, em Minas Gerais, e provocou forte como\u00e7\u00e3o entre familiares, amigos e moradores da cidade baiana. Acidente envolveu um ve\u00edculo onde estavam cinco pessoas no momento da ocorr\u00eancia. Informa\u00e7\u00f5es preliminares indicam que tr\u00eas ocupantes morreram ainda no local devido \u00e0 gravidade dos ferimentos, antes mesmo da chegada das equipes de socorro. Outras v\u00edtimas que estavam no ve\u00edculo foram socorridas e encaminhadas para atendimento m\u00e9dico. V\u00edtimas fatais eram moradores da cidade de C\u00e2ndido Sales, munic\u00edpio localizado no sudoeste da Bahia e pr\u00f3ximo \u00e0 divisa com Minas Gerais. A not\u00edcia se espalhou rapidamente pela regi\u00e3o, gerando grande como\u00e7\u00e3o entre moradores que lamentaram a perda repentina dos conterr\u00e2neos. Equipes de resgate e autoridades locais foram acionadas para atender a ocorr\u00eancia e controlar a situa\u00e7\u00e3o na rodovia. A \u00e1rea foi isolada para o trabalho das equipes respons\u00e1veis pela per\u00edcia, que buscam entender as circunst\u00e2ncias do acidente e o que pode ter provocado a trag\u00e9dia. Investiga\u00e7\u00e3o deve apurar detalhes da din\u00e2mica da colis\u00e3o, incluindo poss\u00edveis fatores como condi\u00e7\u00f5es da pista, velocidade dos ve\u00edculos e outras circunst\u00e2ncias que possam ter contribu\u00eddo para o acidente. At\u00e9 o momento, as identidades das v\u00edtimas n\u00e3o haviam sido divulgadas oficialmente pelas autoridades respons\u00e1veis. Como\u00e7\u00e3o tomou conta de C\u00e2ndido Sales ap\u00f3s a confirma\u00e7\u00e3o das mortes. Amigos e familiares utilizaram redes sociais para prestar homenagens e mensagens de despedida \u00e0s v\u00edtimas, enquanto a cidade acompanha com tristeza mais uma trag\u00e9dia envolvendo moradores da regi\u00e3o. Novas informa\u00e7\u00f5es sobre o caso devem ser divulgadas pelas autoridades nas pr\u00f3ximas horas, \u00e0 medida que os levantamentos oficiais forem conclu\u00eddos e os familiares das v\u00edtimas forem comunicados sobre os procedimentos legais e funer\u00e1rios.<\/p>\n","protected":false},"author":2,"featured_media":10421,"comment_status":"open","ping_status":"open","sticky":false,"template":"","format":"standard","meta":{"footnotes":""},"categories":[5,103,4],"tags":[],"class_list":["post-10393","post","type-post","status-publish","format-standard","has-post-thumbnail","hentry","category-acidente","category-candido-sales","category-cidades"],"yoast_head":"<!-- This site is optimized with the Yoast SEO plugin v26.5 - https:\/\/yoast.com\/wordpress\/plugins\/seo\/ -->\n<title>Tr\u00eas moradores de C\u00e2ndido Sales morrem em grave acidente na cidade de Mata Verde - Sudoesteacontece<\/title>\n<meta name=\"robots\" content=\"index, follow, max-snippet:-1, max-image-preview:large, max-video-preview:-1\" \/>\n<link rel=\"canonical\" href=\"https:\/\/sudoesteacontece.com.br\/?p=10393\" \/>\n<meta property=\"og:locale\" content=\"pt_BR\" \/>\n<meta property=\"og:type\" content=\"article\" \/>\n<meta property=\"og:title\" content=\"Tr\u00eas moradores de C\u00e2ndido Sales morrem em grave acidente na cidade de Mata Verde - Sudoesteacontece\" \/>\n<meta property=\"og:description\" content=\"Trag\u00e9dia marcou a regi\u00e3o sudoeste da Bahia ap\u00f3s um grave acidente de tr\u00e2nsito que resultou na morte de tr\u00eas moradores de C\u00e2ndido Sales. O caso aconteceu nas proximidades do munic\u00edpio de Mata Verde, em Minas Gerais, e provocou forte como\u00e7\u00e3o entre familiares, amigos e moradores da cidade baiana. Acidente envolveu um ve\u00edculo onde estavam cinco pessoas no momento da ocorr\u00eancia. Informa\u00e7\u00f5es preliminares indicam que tr\u00eas ocupantes morreram ainda no local devido \u00e0 gravidade dos ferimentos, antes mesmo da chegada das equipes de socorro. Outras v\u00edtimas que estavam no ve\u00edculo foram socorridas e encaminhadas para atendimento m\u00e9dico. V\u00edtimas fatais eram moradores da cidade de C\u00e2ndido Sales, munic\u00edpio localizado no sudoeste da Bahia e pr\u00f3ximo \u00e0 divisa com Minas Gerais. A not\u00edcia se espalhou rapidamente pela regi\u00e3o, gerando grande como\u00e7\u00e3o entre moradores que lamentaram a perda repentina dos conterr\u00e2neos. Equipes de resgate e autoridades locais foram acionadas para atender a ocorr\u00eancia e controlar a situa\u00e7\u00e3o na rodovia. A \u00e1rea foi isolada para o trabalho das equipes respons\u00e1veis pela per\u00edcia, que buscam entender as circunst\u00e2ncias do acidente e o que pode ter provocado a trag\u00e9dia. Investiga\u00e7\u00e3o deve apurar detalhes da din\u00e2mica da colis\u00e3o, incluindo poss\u00edveis fatores como condi\u00e7\u00f5es da pista, velocidade dos ve\u00edculos e outras circunst\u00e2ncias que possam ter contribu\u00eddo para o acidente. At\u00e9 o momento, as identidades das v\u00edtimas n\u00e3o haviam sido divulgadas oficialmente pelas autoridades respons\u00e1veis. Como\u00e7\u00e3o tomou conta de C\u00e2ndido Sales ap\u00f3s a confirma\u00e7\u00e3o das mortes. Amigos e familiares utilizaram redes sociais para prestar homenagens e mensagens de despedida \u00e0s v\u00edtimas, enquanto a cidade acompanha com tristeza mais uma trag\u00e9dia envolvendo moradores da regi\u00e3o. Novas informa\u00e7\u00f5es sobre o caso devem ser divulgadas pelas autoridades nas pr\u00f3ximas horas, \u00e0 medida que os levantamentos oficiais forem conclu\u00eddos e os familiares das v\u00edtimas forem comunicados sobre os procedimentos legais e funer\u00e1rios.\" \/>\n<meta property=\"og:url\" content=\"https:\/\/sudoesteacontece.com.br\/?p=10393\" \/>\n<meta property=\"og:site_name\" content=\"Sudoesteacontece\" \/>\n<meta property=\"article:publisher\" content=\"https:\/\/www.facebook.com\/sudoesteacontece\/?locale=pt_BR\" \/>\n<meta property=\"article:published_time\" content=\"2026-03-14T15:50:36+00:00\" \/>\n<meta property=\"article:modified_time\" content=\"2026-03-14T15:50:41+00:00\" \/>\n<meta property=\"og:image\" content=\"https:\/\/sudoesteacontece.com.br\/wp-content\/uploads\/2026\/03\/Tres-moradores-de-Candido-Sales-morrem-em-grave-acidente-na-cidade-de-Mata-Verde.jpg\" \/>\n\t<meta property=\"og:image:width\" content=\"900\" \/>\n\t<meta property=\"og:image:height\" content=\"600\" \/>\n\t<meta property=\"og:image:type\" content=\"image\/jpeg\" \/>\n<meta name=\"author\" content=\"Washington Tiago\" \/>\n<meta name=\"twitter:card\" content=\"summary_large_image\" \/>\n<meta name=\"twitter:label1\" content=\"Escrito por\" \/>\n\t<meta name=\"twitter:data1\" content=\"Washington Tiago\" \/>\n\t<meta name=\"twitter:label2\" content=\"Est. tempo de leitura\" \/>\n\t<meta name=\"twitter:data2\" content=\"3 minutos\" \/>\n<script type=\"application\/ld+json\" class=\"yoast-schema-graph\">{\"@context\":\"https:\/\/schema.org\",\"@graph\":[{\"@type\":\"Article\",\"@id\":\"https:\/\/sudoesteacontece.com.br\/?p=10393#article\",\"isPartOf\":{\"@id\":\"https:\/\/sudoesteacontece.com.br\/?p=10393\"},\"author\":{\"name\":\"Washington Tiago\",\"@id\":\"https:\/\/sudoesteacontece.com.br\/#\/schema\/person\/3cf2cf009926a9683ebc29d5379fa79c\"},\"headline\":\"Tr\u00eas moradores de C\u00e2ndido Sales morrem em grave acidente na cidade de Mata Verde\",\"datePublished\":\"2026-03-14T15:50:36+00:00\",\"dateModified\":\"2026-03-14T15:50:41+00:00\",\"mainEntityOfPage\":{\"@id\":\"https:\/\/sudoesteacontece.com.br\/?p=10393\"},\"wordCount\":363,\"commentCount\":0,\"publisher\":{\"@id\":\"https:\/\/sudoesteacontece.com.br\/#organization\"},\"image\":{\"@id\":\"https:\/\/sudoesteacontece.com.br\/?p=10393#primaryimage\"},\"thumbnailUrl\":\"https:\/\/sudoesteacontece.com.br\/wp-content\/uploads\/2026\/03\/Tres-moradores-de-Candido-Sales-morrem-em-grave-acidente-na-cidade-de-Mata-Verde.jpg\",\"articleSection\":[\"Acidente\",\"C\u00e2ndido Sales\",\"Cidades\"],\"inLanguage\":\"pt-BR\",\"potentialAction\":[{\"@type\":\"CommentAction\",\"name\":\"Comment\",\"target\":[\"https:\/\/sudoesteacontece.com.br\/?p=10393#respond\"]}]},{\"@type\":\"WebPage\",\"@id\":\"https:\/\/sudoesteacontece.com.br\/?p=10393\",\"url\":\"https:\/\/sudoesteacontece.com.br\/?p=10393\",\"name\":\"Tr\u00eas moradores de C\u00e2ndido Sales morrem em grave acidente na cidade de Mata Verde - Sudoesteacontece\",\"isPartOf\":{\"@id\":\"https:\/\/sudoesteacontece.com.br\/#website\"},\"primaryImageOfPage\":{\"@id\":\"https:\/\/sudoesteacontece.com.br\/?p=10393#primaryimage\"},\"image\":{\"@id\":\"https:\/\/sudoesteacontece.com.br\/?p=10393#primaryimage\"},\"thumbnailUrl\":\"https:\/\/sudoesteacontece.com.br\/wp-content\/uploads\/2026\/03\/Tres-moradores-de-Candido-Sales-morrem-em-grave-acidente-na-cidade-de-Mata-Verde.jpg\",\"datePublished\":\"2026-03-14T15:50:36+00:00\",\"dateModified\":\"2026-03-14T15:50:41+00:00\",\"breadcrumb\":{\"@id\":\"https:\/\/sudoesteacontece.com.br\/?p=10393#breadcrumb\"},\"inLanguage\":\"pt-BR\",\"potentialAction\":[{\"@type\":\"ReadAction\",\"target\":[\"https:\/\/sudoesteacontece.com.br\/?p=10393\"]}]},{\"@type\":\"ImageObject\",\"inLanguage\":\"pt-BR\",\"@id\":\"https:\/\/sudoesteacontece.com.br\/?p=10393#primaryimage\",\"url\":\"https:\/\/sudoesteacontece.com.br\/wp-content\/uploads\/2026\/03\/Tres-moradores-de-Candido-Sales-morrem-em-grave-acidente-na-cidade-de-Mata-Verde.jpg\",\"contentUrl\":\"https:\/\/sudoesteacontece.com.br\/wp-content\/uploads\/2026\/03\/Tres-moradores-de-Candido-Sales-morrem-em-grave-acidente-na-cidade-de-Mata-Verde.jpg\",\"width\":900,\"height\":600},{\"@type\":\"BreadcrumbList\",\"@id\":\"https:\/\/sudoesteacontece.com.br\/?p=10393#breadcrumb\",\"itemListElement\":[{\"@type\":\"ListItem\",\"position\":1,\"name\":\"In\u00edcio\",\"item\":\"https:\/\/sudoesteacontece.com.br\/\"},{\"@type\":\"ListItem\",\"position\":2,\"name\":\"Tr\u00eas moradores de C\u00e2ndido Sales morrem em grave acidente na cidade de Mata Verde\"}]},{\"@type\":\"WebSite\",\"@id\":\"https:\/\/sudoesteacontece.com.br\/#website\",\"url\":\"https:\/\/sudoesteacontece.com.br\/\",\"name\":\"Sudoesteacontece\",\"description\":\"\",\"publisher\":{\"@id\":\"https:\/\/sudoesteacontece.com.br\/#organization\"},\"potentialAction\":[{\"@type\":\"SearchAction\",\"target\":{\"@type\":\"EntryPoint\",\"urlTemplate\":\"https:\/\/sudoesteacontece.com.br\/?s={search_term_string}\"},\"query-input\":{\"@type\":\"PropertyValueSpecification\",\"valueRequired\":true,\"valueName\":\"search_term_string\"}}],\"inLanguage\":\"pt-BR\"},{\"@type\":\"Organization\",\"@id\":\"https:\/\/sudoesteacontece.com.br\/#organization\",\"name\":\"Sudoesteacontece\",\"url\":\"https:\/\/sudoesteacontece.com.br\/\",\"logo\":{\"@type\":\"ImageObject\",\"inLanguage\":\"pt-BR\",\"@id\":\"https:\/\/sudoesteacontece.com.br\/#\/schema\/logo\/image\/\",\"url\":\"https:\/\/sudoesteacontece.com.br\/wp-content\/uploads\/2025\/12\/cropped-logo-2-180x180-1.png\",\"contentUrl\":\"https:\/\/sudoesteacontece.com.br\/wp-content\/uploads\/2025\/12\/cropped-logo-2-180x180-1.png\",\"width\":180,\"height\":180,\"caption\":\"Sudoesteacontece\"},\"image\":{\"@id\":\"https:\/\/sudoesteacontece.com.br\/#\/schema\/logo\/image\/\"},\"sameAs\":[\"https:\/\/www.facebook.com\/sudoesteacontece\/?locale=pt_BR\"]},{\"@type\":\"Person\",\"@id\":\"https:\/\/sudoesteacontece.com.br\/#\/schema\/person\/3cf2cf009926a9683ebc29d5379fa79c\",\"name\":\"Washington Tiago\",\"image\":{\"@type\":\"ImageObject\",\"inLanguage\":\"pt-BR\",\"@id\":\"https:\/\/sudoesteacontece.com.br\/#\/schema\/person\/image\/\",\"url\":\"https:\/\/secure.gravatar.com\/avatar\/33c43b8668157e040f9d1fe93c354bf087cbd8ba36270c1163198bd3ddcf2a56?s=96&d=mm&r=g\",\"contentUrl\":\"https:\/\/secure.gravatar.com\/avatar\/33c43b8668157e040f9d1fe93c354bf087cbd8ba36270c1163198bd3ddcf2a56?s=96&d=mm&r=g\",\"caption\":\"Washington Tiago\"},\"url\":\"https:\/\/sudoesteacontece.com.br\/?author=2\"}]}<\/script>\n<!-- \/ Yoast SEO plugin. -->","yoast_head_json":{"title":"Tr\u00eas moradores de C\u00e2ndido Sales morrem em grave acidente na cidade de Mata Verde - Sudoesteacontece","robots":{"index":"index","follow":"follow","max-snippet":"max-snippet:-1","max-image-preview":"max-image-preview:large","max-video-preview":"max-video-preview:-1"},"canonical":"https:\/\/sudoesteacontece.com.br\/?p=10393","og_locale":"pt_BR","og_type":"article","og_title":"Tr\u00eas moradores de C\u00e2ndido Sales morrem em grave acidente na cidade de Mata Verde - Sudoesteacontece","og_description":"Trag\u00e9dia marcou a regi\u00e3o sudoeste da Bahia ap\u00f3s um grave acidente de tr\u00e2nsito que resultou na morte de tr\u00eas moradores de C\u00e2ndido Sales. O caso aconteceu nas proximidades do munic\u00edpio de Mata Verde, em Minas Gerais, e provocou forte como\u00e7\u00e3o entre familiares, amigos e moradores da cidade baiana. Acidente envolveu um ve\u00edculo onde estavam cinco pessoas no momento da ocorr\u00eancia. Informa\u00e7\u00f5es preliminares indicam que tr\u00eas ocupantes morreram ainda no local devido \u00e0 gravidade dos ferimentos, antes mesmo da chegada das equipes de socorro. Outras v\u00edtimas que estavam no ve\u00edculo foram socorridas e encaminhadas para atendimento m\u00e9dico. V\u00edtimas fatais eram moradores da cidade de C\u00e2ndido Sales, munic\u00edpio localizado no sudoeste da Bahia e pr\u00f3ximo \u00e0 divisa com Minas Gerais. A not\u00edcia se espalhou rapidamente pela regi\u00e3o, gerando grande como\u00e7\u00e3o entre moradores que lamentaram a perda repentina dos conterr\u00e2neos. Equipes de resgate e autoridades locais foram acionadas para atender a ocorr\u00eancia e controlar a situa\u00e7\u00e3o na rodovia. A \u00e1rea foi isolada para o trabalho das equipes respons\u00e1veis pela per\u00edcia, que buscam entender as circunst\u00e2ncias do acidente e o que pode ter provocado a trag\u00e9dia. Investiga\u00e7\u00e3o deve apurar detalhes da din\u00e2mica da colis\u00e3o, incluindo poss\u00edveis fatores como condi\u00e7\u00f5es da pista, velocidade dos ve\u00edculos e outras circunst\u00e2ncias que possam ter contribu\u00eddo para o acidente. At\u00e9 o momento, as identidades das v\u00edtimas n\u00e3o haviam sido divulgadas oficialmente pelas autoridades respons\u00e1veis. Como\u00e7\u00e3o tomou conta de C\u00e2ndido Sales ap\u00f3s a confirma\u00e7\u00e3o das mortes. Amigos e familiares utilizaram redes sociais para prestar homenagens e mensagens de despedida \u00e0s v\u00edtimas, enquanto a cidade acompanha com tristeza mais uma trag\u00e9dia envolvendo moradores da regi\u00e3o. Novas informa\u00e7\u00f5es sobre o caso devem ser divulgadas pelas autoridades nas pr\u00f3ximas horas, \u00e0 medida que os levantamentos oficiais forem conclu\u00eddos e os familiares das v\u00edtimas forem comunicados sobre os procedimentos legais e funer\u00e1rios.","og_url":"https:\/\/sudoesteacontece.com.br\/?p=10393","og_site_name":"Sudoesteacontece","article_publisher":"https:\/\/www.facebook.com\/sudoesteacontece\/?locale=pt_BR","article_published_time":"2026-03-14T15:50:36+00:00","article_modified_time":"2026-03-14T15:50:41+00:00","og_image":[{"width":900,"height":600,"url":"https:\/\/sudoesteacontece.com.br\/wp-content\/uploads\/2026\/03\/Tres-moradores-de-Candido-Sales-morrem-em-grave-acidente-na-cidade-de-Mata-Verde.jpg","type":"image\/jpeg"}],"author":"Washington Tiago","twitter_card":"summary_large_image","twitter_misc":{"Escrito por":"Washington Tiago","Est. tempo de leitura":"3 minutos"},"schema":{"@context":"https:\/\/schema.org","@graph":[{"@type":"Article","@id":"https:\/\/sudoesteacontece.com.br\/?p=10393#article","isPartOf":{"@id":"https:\/\/sudoesteacontece.com.br\/?p=10393"},"author":{"name":"Washington Tiago","@id":"https:\/\/sudoesteacontece.com.br\/#\/schema\/person\/3cf2cf009926a9683ebc29d5379fa79c"},"headline":"Tr\u00eas moradores de C\u00e2ndido Sales morrem em grave acidente na cidade de Mata Verde","datePublished":"2026-03-14T15:50:36+00:00","dateModified":"2026-03-14T15:50:41+00:00","mainEntityOfPage":{"@id":"https:\/\/sudoesteacontece.com.br\/?p=10393"},"wordCount":363,"commentCount":0,"publisher":{"@id":"https:\/\/sudoesteacontece.com.br\/#organization"},"image":{"@id":"https:\/\/sudoesteacontece.com.br\/?p=10393#primaryimage"},"thumbnailUrl":"https:\/\/sudoesteacontece.com.br\/wp-content\/uploads\/2026\/03\/Tres-moradores-de-Candido-Sales-morrem-em-grave-acidente-na-cidade-de-Mata-Verde.jpg","articleSection":["Acidente","C\u00e2ndido Sales","Cidades"],"inLanguage":"pt-BR","potentialAction":[{"@type":"CommentAction","name":"Comment","target":["https:\/\/sudoesteacontece.com.br\/?p=10393#respond"]}]},{"@type":"WebPage","@id":"https:\/\/sudoesteacontece.com.br\/?p=10393","url":"https:\/\/sudoesteacontece.com.br\/?p=10393","name":"Tr\u00eas moradores de C\u00e2ndido Sales morrem em grave acidente na cidade de Mata Verde - Sudoesteacontece","isPartOf":{"@id":"https:\/\/sudoesteacontece.com.br\/#website"},"primaryImageOfPage":{"@id":"https:\/\/sudoesteacontece.com.br\/?p=10393#primaryimage"},"image":{"@id":"https:\/\/sudoesteacontece.com.br\/?p=10393#primaryimage"},"thumbnailUrl":"https:\/\/sudoesteacontece.com.br\/wp-content\/uploads\/2026\/03\/Tres-moradores-de-Candido-Sales-morrem-em-grave-acidente-na-cidade-de-Mata-Verde.jpg","datePublished":"2026-03-14T15:50:36+00:00","dateModified":"2026-03-14T15:50:41+00:00","breadcrumb":{"@id":"https:\/\/sudoesteacontece.com.br\/?p=10393#breadcrumb"},"inLanguage":"pt-BR","potentialAction":[{"@type":"ReadAction","target":["https:\/\/sudoesteacontece.com.br\/?p=10393"]}]},{"@type":"ImageObject","inLanguage":"pt-BR","@id":"https:\/\/sudoesteacontece.com.br\/?p=10393#primaryimage","url":"https:\/\/sudoesteacontece.com.br\/wp-content\/uploads\/2026\/03\/Tres-moradores-de-Candido-Sales-morrem-em-grave-acidente-na-cidade-de-Mata-Verde.jpg","contentUrl":"https:\/\/sudoesteacontece.com.br\/wp-content\/uploads\/2026\/03\/Tres-moradores-de-Candido-Sales-morrem-em-grave-acidente-na-cidade-de-Mata-Verde.jpg","width":900,"height":600},{"@type":"BreadcrumbList","@id":"https:\/\/sudoesteacontece.com.br\/?p=10393#breadcrumb","itemListElement":[{"@type":"ListItem","position":1,"name":"In\u00edcio","item":"https:\/\/sudoesteacontece.com.br\/"},{"@type":"ListItem","position":2,"name":"Tr\u00eas moradores de C\u00e2ndido Sales morrem em grave acidente na cidade de Mata Verde"}]},{"@type":"WebSite","@id":"https:\/\/sudoesteacontece.com.br\/#website","url":"https:\/\/sudoesteacontece.com.br\/","name":"Sudoesteacontece","description":"","publisher":{"@id":"https:\/\/sudoesteacontece.com.br\/#organization"},"potentialAction":[{"@type":"SearchAction","target":{"@type":"EntryPoint","urlTemplate":"https:\/\/sudoesteacontece.com.br\/?s={search_term_string}"},"query-input":{"@type":"PropertyValueSpecification","valueRequired":true,"valueName":"search_term_string"}}],"inLanguage":"pt-BR"},{"@type":"Organization","@id":"https:\/\/sudoesteacontece.com.br\/#organization","name":"Sudoesteacontece","url":"https:\/\/sudoesteacontece.com.br\/","logo":{"@type":"ImageObject","inLanguage":"pt-BR","@id":"https:\/\/sudoesteacontece.com.br\/#\/schema\/logo\/image\/","url":"https:\/\/sudoesteacontece.com.br\/wp-content\/uploads\/2025\/12\/cropped-logo-2-180x180-1.png","contentUrl":"https:\/\/sudoesteacontece.com.br\/wp-content\/uploads\/2025\/12\/cropped-logo-2-180x180-1.png","width":180,"height":180,"caption":"Sudoesteacontece"},"image":{"@id":"https:\/\/sudoesteacontece.com.br\/#\/schema\/logo\/image\/"},"sameAs":["https:\/\/www.facebook.com\/sudoesteacontece\/?locale=pt_BR"]},{"@type":"Person","@id":"https:\/\/sudoesteacontece.com.br\/#\/schema\/person\/3cf2cf009926a9683ebc29d5379fa79c","name":"Washington Tiago","image":{"@type":"ImageObject","inLanguage":"pt-BR","@id":"https:\/\/sudoesteacontece.com.br\/#\/schema\/person\/image\/","url":"https:\/\/secure.gravatar.com\/avatar\/33c43b8668157e040f9d1fe93c354bf087cbd8ba36270c1163198bd3ddcf2a56?s=96&d=mm&r=g","contentUrl":"https:\/\/secure.gravatar.com\/avatar\/33c43b8668157e040f9d1fe93c354bf087cbd8ba36270c1163198bd3ddcf2a56?s=96&d=mm&r=g","caption":"Washington Tiago"},"url":"https:\/\/sudoesteacontece.com.br\/?author=2"}]}},"_links":{"self":[{"href":"https:\/\/sudoesteacontece.com.br\/index.php?rest_route=\/wp\/v2\/posts\/10393","targetHints":{"allow":["GET"]}}],"collection":[{"href":"https:\/\/sudoesteacontece.com.br\/index.php?rest_route=\/wp\/v2\/posts"}],"about":[{"href":"https:\/\/sudoesteacontece.com.br\/index.php?rest_route=\/wp\/v2\/types\/post"}],"author":[{"embeddable":true,"href":"https:\/\/sudoesteacontece.com.br\/index.php?rest_route=\/wp\/v2\/users\/2"}],"replies":[{"embeddable":true,"href":"https:\/\/sudoesteacontece.com.br\/index.php?rest_route=%2Fwp%2Fv2%2Fcomments&post=10393"}],"version-history":[{"count":0,"href":"https:\/\/sudoesteacontece.com.br\/index.php?rest_route=\/wp\/v2\/posts\/10393\/revisions"}],"wp:featuredmedia":[{"embeddable":true,"href":"https:\/\/sudoesteacontece.com.br\/index.php?rest_route=\/wp\/v2\/media\/10421"}],"wp:attachment":[{"href":"https:\/\/sudoesteacontece.com.br\/index.php?rest_route=%2Fwp%2Fv2%2Fmedia&parent=10393"}],"wp:term":[{"taxonomy":"category","embeddable":true,"href":"https:\/\/sudoesteacontece.com.br\/index.php?rest_route=%2Fwp%2Fv2%2Fcategories&post=10393"},{"taxonomy":"post_tag","embeddable":true,"href":"https:\/\/sudoesteacontece.com.br\/index.php?rest_route=%2Fwp%2Fv2%2Ftags&post=10393"}],"curies":[{"name":"wp","href":"https:\/\/api.w.org\/{rel}","templated":true}]}}