{"id":10395,"date":"2026-03-14T12:53:33","date_gmt":"2026-03-14T15:53:33","guid":{"rendered":"https:\/\/sudoesteacontece.com.br\/?p=10395"},"modified":"2026-03-14T12:53:37","modified_gmt":"2026-03-14T15:53:37","slug":"vereadores-de-guanambi-participam-de-congresso-estadual-em-salvador-e-reforcam-capacitacao-do-legislativo","status":"publish","type":"post","link":"https:\/\/sudoesteacontece.com.br\/?p=10395","title":{"rendered":"Vereadores de Guanambi participam de congresso estadual em Salvador e refor\u00e7am capacita\u00e7\u00e3o do Legislativo"},"content":{"rendered":"<div class=\"wp-block-image\">\n<figure class=\"aligncenter size-full\"><img fetchpriority=\"high\" decoding=\"async\" width=\"900\" height=\"600\" src=\"http:\/\/sudoesteacontece.com.br\/wp-content\/uploads\/2026\/03\/Vereadores-de-Guanambi-participam-de-congresso-estadual-em-Salvador-e-reforcam-capacitacao-do-Legislativo.jpg\" alt=\"\" class=\"wp-image-10423\" srcset=\"https:\/\/sudoesteacontece.com.br\/wp-content\/uploads\/2026\/03\/Vereadores-de-Guanambi-participam-de-congresso-estadual-em-Salvador-e-reforcam-capacitacao-do-Legislativo.jpg 900w, https:\/\/sudoesteacontece.com.br\/wp-content\/uploads\/2026\/03\/Vereadores-de-Guanambi-participam-de-congresso-estadual-em-Salvador-e-reforcam-capacitacao-do-Legislativo-300x200.jpg 300w, https:\/\/sudoesteacontece.com.br\/wp-content\/uploads\/2026\/03\/Vereadores-de-Guanambi-participam-de-congresso-estadual-em-Salvador-e-reforcam-capacitacao-do-Legislativo-768x512.jpg 768w\" sizes=\"(max-width: 900px) 100vw, 900px\" \/><\/figure>\n<\/div>\n\n\n<p>Representantes da C\u00e2mara Municipal de Guanambi participaram do 4\u00ba Congresso Baiano de Vereadores, realizado entre os dias 11 e 13 de mar\u00e7o, em Salvador. O encontro reuniu parlamentares de diversas cidades do estado para debates, capacita\u00e7\u00f5es e troca de experi\u00eancias voltadas ao fortalecimento do trabalho legislativo nos munic\u00edpios baianos.<\/p>\n\n\n\n<p>Delega\u00e7\u00e3o de Guanambi contou com a presen\u00e7a dos vereadores Andr\u00e9 Moitinho, Maria Silvia (Lilia), Edimiria Paes (Miria Paes), Edmilson Ferreira, Jairo Pereira (Dau de Jairo), Cl\u00e1udio Fiuza, Joventino Malheiros (Neto de Dim), William Rodrigues (William de Zaqueu), Jos\u00e9 Ant\u00f4nio (Tony A\u00ed Dentro) e H\u00e9lio Pereira (Lel\u00e9), que participaram da programa\u00e7\u00e3o ao longo dos tr\u00eas dias do evento.<\/p>\n\n\n\n<p>Programa\u00e7\u00e3o do congresso aconteceu no Fiesta Convention Center, espa\u00e7o que recebeu vereadores de diferentes regi\u00f5es da Bahia. Durante o encontro, os participantes acompanharam palestras, debates e atividades de capacita\u00e7\u00e3o voltadas ao aprimoramento das fun\u00e7\u00f5es legislativas e \u00e0 melhoria da gest\u00e3o p\u00fablica municipal.<\/p>\n\n\n\n<p>Especialistas convidados conduziram discuss\u00f5es sobre temas considerados essenciais para o exerc\u00edcio do mandato parlamentar. Entre os assuntos abordados estiveram autismo, causa animal, orat\u00f3ria e comunica\u00e7\u00e3o, processo legislativo, \u00e9tica e decoro parlamentar, al\u00e9m de debates sobre a reforma tribut\u00e1ria e desafios da administra\u00e7\u00e3o p\u00fablica.<\/p>\n\n\n\n<p>Participa\u00e7\u00e3o no evento tamb\u00e9m proporcionou momentos de integra\u00e7\u00e3o entre vereadores de diferentes cidades. O interc\u00e2mbio de experi\u00eancias permitiu discutir pr\u00e1ticas adotadas em outros munic\u00edpios e refletir sobre estrat\u00e9gias que podem fortalecer o funcionamento das c\u00e2maras municipais.<\/p>\n\n\n\n<p>Avalia\u00e7\u00e3o positiva foi destacada pelo presidente da C\u00e2mara de Guanambi, Fausto Azevedo. Segundo ele, encontros desse tipo ampliam o conhecimento dos parlamentares e contribuem para melhorar a atua\u00e7\u00e3o do legislativo local.<\/p>\n\n\n\n<p>Import\u00e2ncia da capacita\u00e7\u00e3o foi ressaltada pelo presidente ao comentar os resultados da participa\u00e7\u00e3o no congresso. \u201cEventos como este s\u00e3o importantes para que os vereadores possam se atualizar, trocar experi\u00eancias e trazer novos conhecimentos que contribuam para melhorar cada vez mais o trabalho realizado em nosso munic\u00edpio\u201d, afirmou.<\/p>\n","protected":false},"excerpt":{"rendered":"<p>Representantes da C\u00e2mara Municipal de Guanambi participaram do 4\u00ba Congresso Baiano de Vereadores, realizado entre os dias 11 e 13 de mar\u00e7o, em Salvador. O encontro reuniu parlamentares de diversas cidades do estado para debates, capacita\u00e7\u00f5es e troca de experi\u00eancias voltadas ao fortalecimento do trabalho legislativo nos munic\u00edpios baianos. Delega\u00e7\u00e3o de Guanambi contou com a presen\u00e7a dos vereadores Andr\u00e9 Moitinho, Maria Silvia (Lilia), Edimiria Paes (Miria Paes), Edmilson Ferreira, Jairo Pereira (Dau de Jairo), Cl\u00e1udio Fiuza, Joventino Malheiros (Neto de Dim), William Rodrigues (William de Zaqueu), Jos\u00e9 Ant\u00f4nio (Tony A\u00ed Dentro) e H\u00e9lio Pereira (Lel\u00e9), que participaram da programa\u00e7\u00e3o ao longo dos tr\u00eas dias do evento. Programa\u00e7\u00e3o do congresso aconteceu no Fiesta Convention Center, espa\u00e7o que recebeu vereadores de diferentes regi\u00f5es da Bahia. Durante o encontro, os participantes acompanharam palestras, debates e atividades de capacita\u00e7\u00e3o voltadas ao aprimoramento das fun\u00e7\u00f5es legislativas e \u00e0 melhoria da gest\u00e3o p\u00fablica municipal. Especialistas convidados conduziram discuss\u00f5es sobre temas considerados essenciais para o exerc\u00edcio do mandato parlamentar. Entre os assuntos abordados estiveram autismo, causa animal, orat\u00f3ria e comunica\u00e7\u00e3o, processo legislativo, \u00e9tica e decoro parlamentar, al\u00e9m de debates sobre a reforma tribut\u00e1ria e desafios da administra\u00e7\u00e3o p\u00fablica. Participa\u00e7\u00e3o no evento tamb\u00e9m proporcionou momentos de integra\u00e7\u00e3o entre vereadores de diferentes cidades. O interc\u00e2mbio de experi\u00eancias permitiu discutir pr\u00e1ticas adotadas em outros munic\u00edpios e refletir sobre estrat\u00e9gias que podem fortalecer o funcionamento das c\u00e2maras municipais. Avalia\u00e7\u00e3o positiva foi destacada pelo presidente da C\u00e2mara de Guanambi, Fausto Azevedo. Segundo ele, encontros desse tipo ampliam o conhecimento dos parlamentares e contribuem para melhorar a atua\u00e7\u00e3o do legislativo local. Import\u00e2ncia da capacita\u00e7\u00e3o foi ressaltada pelo presidente ao comentar os resultados da participa\u00e7\u00e3o no congresso. \u201cEventos como este s\u00e3o importantes para que os vereadores possam se atualizar, trocar experi\u00eancias e trazer novos conhecimentos que contribuam para melhorar cada vez mais o trabalho realizado em nosso munic\u00edpio\u201d, afirmou.<\/p>\n","protected":false},"author":2,"featured_media":10423,"comment_status":"open","ping_status":"open","sticky":false,"template":"","format":"standard","meta":{"footnotes":""},"categories":[4,17,6],"tags":[],"class_list":["post-10395","post","type-post","status-publish","format-standard","has-post-thumbnail","hentry","category-cidades","category-guanambi","category-politica"],"yoast_head":"<!-- This site is optimized with the Yoast SEO plugin v26.5 - https:\/\/yoast.com\/wordpress\/plugins\/seo\/ -->\n<title>Vereadores de Guanambi participam de congresso estadual em Salvador e refor\u00e7am capacita\u00e7\u00e3o do Legislativo - Sudoesteacontece<\/title>\n<meta name=\"robots\" content=\"index, follow, max-snippet:-1, max-image-preview:large, max-video-preview:-1\" \/>\n<link rel=\"canonical\" href=\"https:\/\/sudoesteacontece.com.br\/?p=10395\" \/>\n<meta property=\"og:locale\" content=\"pt_BR\" \/>\n<meta property=\"og:type\" content=\"article\" \/>\n<meta property=\"og:title\" content=\"Vereadores de Guanambi participam de congresso estadual em Salvador e refor\u00e7am capacita\u00e7\u00e3o do Legislativo - Sudoesteacontece\" \/>\n<meta property=\"og:description\" content=\"Representantes da C\u00e2mara Municipal de Guanambi participaram do 4\u00ba Congresso Baiano de Vereadores, realizado entre os dias 11 e 13 de mar\u00e7o, em Salvador. O encontro reuniu parlamentares de diversas cidades do estado para debates, capacita\u00e7\u00f5es e troca de experi\u00eancias voltadas ao fortalecimento do trabalho legislativo nos munic\u00edpios baianos. Delega\u00e7\u00e3o de Guanambi contou com a presen\u00e7a dos vereadores Andr\u00e9 Moitinho, Maria Silvia (Lilia), Edimiria Paes (Miria Paes), Edmilson Ferreira, Jairo Pereira (Dau de Jairo), Cl\u00e1udio Fiuza, Joventino Malheiros (Neto de Dim), William Rodrigues (William de Zaqueu), Jos\u00e9 Ant\u00f4nio (Tony A\u00ed Dentro) e H\u00e9lio Pereira (Lel\u00e9), que participaram da programa\u00e7\u00e3o ao longo dos tr\u00eas dias do evento. Programa\u00e7\u00e3o do congresso aconteceu no Fiesta Convention Center, espa\u00e7o que recebeu vereadores de diferentes regi\u00f5es da Bahia. Durante o encontro, os participantes acompanharam palestras, debates e atividades de capacita\u00e7\u00e3o voltadas ao aprimoramento das fun\u00e7\u00f5es legislativas e \u00e0 melhoria da gest\u00e3o p\u00fablica municipal. Especialistas convidados conduziram discuss\u00f5es sobre temas considerados essenciais para o exerc\u00edcio do mandato parlamentar. Entre os assuntos abordados estiveram autismo, causa animal, orat\u00f3ria e comunica\u00e7\u00e3o, processo legislativo, \u00e9tica e decoro parlamentar, al\u00e9m de debates sobre a reforma tribut\u00e1ria e desafios da administra\u00e7\u00e3o p\u00fablica. Participa\u00e7\u00e3o no evento tamb\u00e9m proporcionou momentos de integra\u00e7\u00e3o entre vereadores de diferentes cidades. O interc\u00e2mbio de experi\u00eancias permitiu discutir pr\u00e1ticas adotadas em outros munic\u00edpios e refletir sobre estrat\u00e9gias que podem fortalecer o funcionamento das c\u00e2maras municipais. Avalia\u00e7\u00e3o positiva foi destacada pelo presidente da C\u00e2mara de Guanambi, Fausto Azevedo. Segundo ele, encontros desse tipo ampliam o conhecimento dos parlamentares e contribuem para melhorar a atua\u00e7\u00e3o do legislativo local. Import\u00e2ncia da capacita\u00e7\u00e3o foi ressaltada pelo presidente ao comentar os resultados da participa\u00e7\u00e3o no congresso. \u201cEventos como este s\u00e3o importantes para que os vereadores possam se atualizar, trocar experi\u00eancias e trazer novos conhecimentos que contribuam para melhorar cada vez mais o trabalho realizado em nosso munic\u00edpio\u201d, afirmou.\" \/>\n<meta property=\"og:url\" content=\"https:\/\/sudoesteacontece.com.br\/?p=10395\" \/>\n<meta property=\"og:site_name\" content=\"Sudoesteacontece\" \/>\n<meta property=\"article:publisher\" content=\"https:\/\/www.facebook.com\/sudoesteacontece\/?locale=pt_BR\" \/>\n<meta property=\"article:published_time\" content=\"2026-03-14T15:53:33+00:00\" \/>\n<meta property=\"article:modified_time\" content=\"2026-03-14T15:53:37+00:00\" \/>\n<meta property=\"og:image\" content=\"https:\/\/sudoesteacontece.com.br\/wp-content\/uploads\/2026\/03\/Vereadores-de-Guanambi-participam-de-congresso-estadual-em-Salvador-e-reforcam-capacitacao-do-Legislativo.jpg\" \/>\n\t<meta property=\"og:image:width\" content=\"900\" \/>\n\t<meta property=\"og:image:height\" content=\"600\" \/>\n\t<meta property=\"og:image:type\" content=\"image\/jpeg\" \/>\n<meta name=\"author\" content=\"Washington Tiago\" \/>\n<meta name=\"twitter:card\" content=\"summary_large_image\" \/>\n<meta name=\"twitter:label1\" content=\"Escrito por\" \/>\n\t<meta name=\"twitter:data1\" content=\"Washington Tiago\" \/>\n\t<meta name=\"twitter:label2\" content=\"Est. tempo de leitura\" \/>\n\t<meta name=\"twitter:data2\" content=\"3 minutos\" \/>\n<script type=\"application\/ld+json\" class=\"yoast-schema-graph\">{\"@context\":\"https:\/\/schema.org\",\"@graph\":[{\"@type\":\"Article\",\"@id\":\"https:\/\/sudoesteacontece.com.br\/?p=10395#article\",\"isPartOf\":{\"@id\":\"https:\/\/sudoesteacontece.com.br\/?p=10395\"},\"author\":{\"name\":\"Washington Tiago\",\"@id\":\"https:\/\/sudoesteacontece.com.br\/#\/schema\/person\/3cf2cf009926a9683ebc29d5379fa79c\"},\"headline\":\"Vereadores de Guanambi participam de congresso estadual em Salvador e refor\u00e7am capacita\u00e7\u00e3o do Legislativo\",\"datePublished\":\"2026-03-14T15:53:33+00:00\",\"dateModified\":\"2026-03-14T15:53:37+00:00\",\"mainEntityOfPage\":{\"@id\":\"https:\/\/sudoesteacontece.com.br\/?p=10395\"},\"wordCount\":362,\"commentCount\":0,\"publisher\":{\"@id\":\"https:\/\/sudoesteacontece.com.br\/#organization\"},\"image\":{\"@id\":\"https:\/\/sudoesteacontece.com.br\/?p=10395#primaryimage\"},\"thumbnailUrl\":\"https:\/\/sudoesteacontece.com.br\/wp-content\/uploads\/2026\/03\/Vereadores-de-Guanambi-participam-de-congresso-estadual-em-Salvador-e-reforcam-capacitacao-do-Legislativo.jpg\",\"articleSection\":[\"Cidades\",\"Guanambi\",\"Pol\u00edtica\"],\"inLanguage\":\"pt-BR\",\"potentialAction\":[{\"@type\":\"CommentAction\",\"name\":\"Comment\",\"target\":[\"https:\/\/sudoesteacontece.com.br\/?p=10395#respond\"]}]},{\"@type\":\"WebPage\",\"@id\":\"https:\/\/sudoesteacontece.com.br\/?p=10395\",\"url\":\"https:\/\/sudoesteacontece.com.br\/?p=10395\",\"name\":\"Vereadores de Guanambi participam de congresso estadual em Salvador e refor\u00e7am capacita\u00e7\u00e3o do Legislativo - Sudoesteacontece\",\"isPartOf\":{\"@id\":\"https:\/\/sudoesteacontece.com.br\/#website\"},\"primaryImageOfPage\":{\"@id\":\"https:\/\/sudoesteacontece.com.br\/?p=10395#primaryimage\"},\"image\":{\"@id\":\"https:\/\/sudoesteacontece.com.br\/?p=10395#primaryimage\"},\"thumbnailUrl\":\"https:\/\/sudoesteacontece.com.br\/wp-content\/uploads\/2026\/03\/Vereadores-de-Guanambi-participam-de-congresso-estadual-em-Salvador-e-reforcam-capacitacao-do-Legislativo.jpg\",\"datePublished\":\"2026-03-14T15:53:33+00:00\",\"dateModified\":\"2026-03-14T15:53:37+00:00\",\"breadcrumb\":{\"@id\":\"https:\/\/sudoesteacontece.com.br\/?p=10395#breadcrumb\"},\"inLanguage\":\"pt-BR\",\"potentialAction\":[{\"@type\":\"ReadAction\",\"target\":[\"https:\/\/sudoesteacontece.com.br\/?p=10395\"]}]},{\"@type\":\"ImageObject\",\"inLanguage\":\"pt-BR\",\"@id\":\"https:\/\/sudoesteacontece.com.br\/?p=10395#primaryimage\",\"url\":\"https:\/\/sudoesteacontece.com.br\/wp-content\/uploads\/2026\/03\/Vereadores-de-Guanambi-participam-de-congresso-estadual-em-Salvador-e-reforcam-capacitacao-do-Legislativo.jpg\",\"contentUrl\":\"https:\/\/sudoesteacontece.com.br\/wp-content\/uploads\/2026\/03\/Vereadores-de-Guanambi-participam-de-congresso-estadual-em-Salvador-e-reforcam-capacitacao-do-Legislativo.jpg\",\"width\":900,\"height\":600},{\"@type\":\"BreadcrumbList\",\"@id\":\"https:\/\/sudoesteacontece.com.br\/?p=10395#breadcrumb\",\"itemListElement\":[{\"@type\":\"ListItem\",\"position\":1,\"name\":\"In\u00edcio\",\"item\":\"https:\/\/sudoesteacontece.com.br\/\"},{\"@type\":\"ListItem\",\"position\":2,\"name\":\"Vereadores de Guanambi participam de congresso estadual em Salvador e refor\u00e7am capacita\u00e7\u00e3o do Legislativo\"}]},{\"@type\":\"WebSite\",\"@id\":\"https:\/\/sudoesteacontece.com.br\/#website\",\"url\":\"https:\/\/sudoesteacontece.com.br\/\",\"name\":\"Sudoesteacontece\",\"description\":\"\",\"publisher\":{\"@id\":\"https:\/\/sudoesteacontece.com.br\/#organization\"},\"potentialAction\":[{\"@type\":\"SearchAction\",\"target\":{\"@type\":\"EntryPoint\",\"urlTemplate\":\"https:\/\/sudoesteacontece.com.br\/?s={search_term_string}\"},\"query-input\":{\"@type\":\"PropertyValueSpecification\",\"valueRequired\":true,\"valueName\":\"search_term_string\"}}],\"inLanguage\":\"pt-BR\"},{\"@type\":\"Organization\",\"@id\":\"https:\/\/sudoesteacontece.com.br\/#organization\",\"name\":\"Sudoesteacontece\",\"url\":\"https:\/\/sudoesteacontece.com.br\/\",\"logo\":{\"@type\":\"ImageObject\",\"inLanguage\":\"pt-BR\",\"@id\":\"https:\/\/sudoesteacontece.com.br\/#\/schema\/logo\/image\/\",\"url\":\"https:\/\/sudoesteacontece.com.br\/wp-content\/uploads\/2025\/12\/cropped-logo-2-180x180-1.png\",\"contentUrl\":\"https:\/\/sudoesteacontece.com.br\/wp-content\/uploads\/2025\/12\/cropped-logo-2-180x180-1.png\",\"width\":180,\"height\":180,\"caption\":\"Sudoesteacontece\"},\"image\":{\"@id\":\"https:\/\/sudoesteacontece.com.br\/#\/schema\/logo\/image\/\"},\"sameAs\":[\"https:\/\/www.facebook.com\/sudoesteacontece\/?locale=pt_BR\"]},{\"@type\":\"Person\",\"@id\":\"https:\/\/sudoesteacontece.com.br\/#\/schema\/person\/3cf2cf009926a9683ebc29d5379fa79c\",\"name\":\"Washington Tiago\",\"image\":{\"@type\":\"ImageObject\",\"inLanguage\":\"pt-BR\",\"@id\":\"https:\/\/sudoesteacontece.com.br\/#\/schema\/person\/image\/\",\"url\":\"https:\/\/secure.gravatar.com\/avatar\/33c43b8668157e040f9d1fe93c354bf087cbd8ba36270c1163198bd3ddcf2a56?s=96&d=mm&r=g\",\"contentUrl\":\"https:\/\/secure.gravatar.com\/avatar\/33c43b8668157e040f9d1fe93c354bf087cbd8ba36270c1163198bd3ddcf2a56?s=96&d=mm&r=g\",\"caption\":\"Washington Tiago\"},\"url\":\"https:\/\/sudoesteacontece.com.br\/?author=2\"}]}<\/script>\n<!-- \/ Yoast SEO plugin. -->","yoast_head_json":{"title":"Vereadores de Guanambi participam de congresso estadual em Salvador e refor\u00e7am capacita\u00e7\u00e3o do Legislativo - Sudoesteacontece","robots":{"index":"index","follow":"follow","max-snippet":"max-snippet:-1","max-image-preview":"max-image-preview:large","max-video-preview":"max-video-preview:-1"},"canonical":"https:\/\/sudoesteacontece.com.br\/?p=10395","og_locale":"pt_BR","og_type":"article","og_title":"Vereadores de Guanambi participam de congresso estadual em Salvador e refor\u00e7am capacita\u00e7\u00e3o do Legislativo - Sudoesteacontece","og_description":"Representantes da C\u00e2mara Municipal de Guanambi participaram do 4\u00ba Congresso Baiano de Vereadores, realizado entre os dias 11 e 13 de mar\u00e7o, em Salvador. O encontro reuniu parlamentares de diversas cidades do estado para debates, capacita\u00e7\u00f5es e troca de experi\u00eancias voltadas ao fortalecimento do trabalho legislativo nos munic\u00edpios baianos. Delega\u00e7\u00e3o de Guanambi contou com a presen\u00e7a dos vereadores Andr\u00e9 Moitinho, Maria Silvia (Lilia), Edimiria Paes (Miria Paes), Edmilson Ferreira, Jairo Pereira (Dau de Jairo), Cl\u00e1udio Fiuza, Joventino Malheiros (Neto de Dim), William Rodrigues (William de Zaqueu), Jos\u00e9 Ant\u00f4nio (Tony A\u00ed Dentro) e H\u00e9lio Pereira (Lel\u00e9), que participaram da programa\u00e7\u00e3o ao longo dos tr\u00eas dias do evento. Programa\u00e7\u00e3o do congresso aconteceu no Fiesta Convention Center, espa\u00e7o que recebeu vereadores de diferentes regi\u00f5es da Bahia. Durante o encontro, os participantes acompanharam palestras, debates e atividades de capacita\u00e7\u00e3o voltadas ao aprimoramento das fun\u00e7\u00f5es legislativas e \u00e0 melhoria da gest\u00e3o p\u00fablica municipal. Especialistas convidados conduziram discuss\u00f5es sobre temas considerados essenciais para o exerc\u00edcio do mandato parlamentar. Entre os assuntos abordados estiveram autismo, causa animal, orat\u00f3ria e comunica\u00e7\u00e3o, processo legislativo, \u00e9tica e decoro parlamentar, al\u00e9m de debates sobre a reforma tribut\u00e1ria e desafios da administra\u00e7\u00e3o p\u00fablica. Participa\u00e7\u00e3o no evento tamb\u00e9m proporcionou momentos de integra\u00e7\u00e3o entre vereadores de diferentes cidades. O interc\u00e2mbio de experi\u00eancias permitiu discutir pr\u00e1ticas adotadas em outros munic\u00edpios e refletir sobre estrat\u00e9gias que podem fortalecer o funcionamento das c\u00e2maras municipais. Avalia\u00e7\u00e3o positiva foi destacada pelo presidente da C\u00e2mara de Guanambi, Fausto Azevedo. Segundo ele, encontros desse tipo ampliam o conhecimento dos parlamentares e contribuem para melhorar a atua\u00e7\u00e3o do legislativo local. Import\u00e2ncia da capacita\u00e7\u00e3o foi ressaltada pelo presidente ao comentar os resultados da participa\u00e7\u00e3o no congresso. \u201cEventos como este s\u00e3o importantes para que os vereadores possam se atualizar, trocar experi\u00eancias e trazer novos conhecimentos que contribuam para melhorar cada vez mais o trabalho realizado em nosso munic\u00edpio\u201d, afirmou.","og_url":"https:\/\/sudoesteacontece.com.br\/?p=10395","og_site_name":"Sudoesteacontece","article_publisher":"https:\/\/www.facebook.com\/sudoesteacontece\/?locale=pt_BR","article_published_time":"2026-03-14T15:53:33+00:00","article_modified_time":"2026-03-14T15:53:37+00:00","og_image":[{"width":900,"height":600,"url":"https:\/\/sudoesteacontece.com.br\/wp-content\/uploads\/2026\/03\/Vereadores-de-Guanambi-participam-de-congresso-estadual-em-Salvador-e-reforcam-capacitacao-do-Legislativo.jpg","type":"image\/jpeg"}],"author":"Washington Tiago","twitter_card":"summary_large_image","twitter_misc":{"Escrito por":"Washington Tiago","Est. tempo de leitura":"3 minutos"},"schema":{"@context":"https:\/\/schema.org","@graph":[{"@type":"Article","@id":"https:\/\/sudoesteacontece.com.br\/?p=10395#article","isPartOf":{"@id":"https:\/\/sudoesteacontece.com.br\/?p=10395"},"author":{"name":"Washington Tiago","@id":"https:\/\/sudoesteacontece.com.br\/#\/schema\/person\/3cf2cf009926a9683ebc29d5379fa79c"},"headline":"Vereadores de Guanambi participam de congresso estadual em Salvador e refor\u00e7am capacita\u00e7\u00e3o do Legislativo","datePublished":"2026-03-14T15:53:33+00:00","dateModified":"2026-03-14T15:53:37+00:00","mainEntityOfPage":{"@id":"https:\/\/sudoesteacontece.com.br\/?p=10395"},"wordCount":362,"commentCount":0,"publisher":{"@id":"https:\/\/sudoesteacontece.com.br\/#organization"},"image":{"@id":"https:\/\/sudoesteacontece.com.br\/?p=10395#primaryimage"},"thumbnailUrl":"https:\/\/sudoesteacontece.com.br\/wp-content\/uploads\/2026\/03\/Vereadores-de-Guanambi-participam-de-congresso-estadual-em-Salvador-e-reforcam-capacitacao-do-Legislativo.jpg","articleSection":["Cidades","Guanambi","Pol\u00edtica"],"inLanguage":"pt-BR","potentialAction":[{"@type":"CommentAction","name":"Comment","target":["https:\/\/sudoesteacontece.com.br\/?p=10395#respond"]}]},{"@type":"WebPage","@id":"https:\/\/sudoesteacontece.com.br\/?p=10395","url":"https:\/\/sudoesteacontece.com.br\/?p=10395","name":"Vereadores de Guanambi participam de congresso estadual em Salvador e refor\u00e7am capacita\u00e7\u00e3o do Legislativo - Sudoesteacontece","isPartOf":{"@id":"https:\/\/sudoesteacontece.com.br\/#website"},"primaryImageOfPage":{"@id":"https:\/\/sudoesteacontece.com.br\/?p=10395#primaryimage"},"image":{"@id":"https:\/\/sudoesteacontece.com.br\/?p=10395#primaryimage"},"thumbnailUrl":"https:\/\/sudoesteacontece.com.br\/wp-content\/uploads\/2026\/03\/Vereadores-de-Guanambi-participam-de-congresso-estadual-em-Salvador-e-reforcam-capacitacao-do-Legislativo.jpg","datePublished":"2026-03-14T15:53:33+00:00","dateModified":"2026-03-14T15:53:37+00:00","breadcrumb":{"@id":"https:\/\/sudoesteacontece.com.br\/?p=10395#breadcrumb"},"inLanguage":"pt-BR","potentialAction":[{"@type":"ReadAction","target":["https:\/\/sudoesteacontece.com.br\/?p=10395"]}]},{"@type":"ImageObject","inLanguage":"pt-BR","@id":"https:\/\/sudoesteacontece.com.br\/?p=10395#primaryimage","url":"https:\/\/sudoesteacontece.com.br\/wp-content\/uploads\/2026\/03\/Vereadores-de-Guanambi-participam-de-congresso-estadual-em-Salvador-e-reforcam-capacitacao-do-Legislativo.jpg","contentUrl":"https:\/\/sudoesteacontece.com.br\/wp-content\/uploads\/2026\/03\/Vereadores-de-Guanambi-participam-de-congresso-estadual-em-Salvador-e-reforcam-capacitacao-do-Legislativo.jpg","width":900,"height":600},{"@type":"BreadcrumbList","@id":"https:\/\/sudoesteacontece.com.br\/?p=10395#breadcrumb","itemListElement":[{"@type":"ListItem","position":1,"name":"In\u00edcio","item":"https:\/\/sudoesteacontece.com.br\/"},{"@type":"ListItem","position":2,"name":"Vereadores de Guanambi participam de congresso estadual em Salvador e refor\u00e7am capacita\u00e7\u00e3o do Legislativo"}]},{"@type":"WebSite","@id":"https:\/\/sudoesteacontece.com.br\/#website","url":"https:\/\/sudoesteacontece.com.br\/","name":"Sudoesteacontece","description":"","publisher":{"@id":"https:\/\/sudoesteacontece.com.br\/#organization"},"potentialAction":[{"@type":"SearchAction","target":{"@type":"EntryPoint","urlTemplate":"https:\/\/sudoesteacontece.com.br\/?s={search_term_string}"},"query-input":{"@type":"PropertyValueSpecification","valueRequired":true,"valueName":"search_term_string"}}],"inLanguage":"pt-BR"},{"@type":"Organization","@id":"https:\/\/sudoesteacontece.com.br\/#organization","name":"Sudoesteacontece","url":"https:\/\/sudoesteacontece.com.br\/","logo":{"@type":"ImageObject","inLanguage":"pt-BR","@id":"https:\/\/sudoesteacontece.com.br\/#\/schema\/logo\/image\/","url":"https:\/\/sudoesteacontece.com.br\/wp-content\/uploads\/2025\/12\/cropped-logo-2-180x180-1.png","contentUrl":"https:\/\/sudoesteacontece.com.br\/wp-content\/uploads\/2025\/12\/cropped-logo-2-180x180-1.png","width":180,"height":180,"caption":"Sudoesteacontece"},"image":{"@id":"https:\/\/sudoesteacontece.com.br\/#\/schema\/logo\/image\/"},"sameAs":["https:\/\/www.facebook.com\/sudoesteacontece\/?locale=pt_BR"]},{"@type":"Person","@id":"https:\/\/sudoesteacontece.com.br\/#\/schema\/person\/3cf2cf009926a9683ebc29d5379fa79c","name":"Washington Tiago","image":{"@type":"ImageObject","inLanguage":"pt-BR","@id":"https:\/\/sudoesteacontece.com.br\/#\/schema\/person\/image\/","url":"https:\/\/secure.gravatar.com\/avatar\/33c43b8668157e040f9d1fe93c354bf087cbd8ba36270c1163198bd3ddcf2a56?s=96&d=mm&r=g","contentUrl":"https:\/\/secure.gravatar.com\/avatar\/33c43b8668157e040f9d1fe93c354bf087cbd8ba36270c1163198bd3ddcf2a56?s=96&d=mm&r=g","caption":"Washington Tiago"},"url":"https:\/\/sudoesteacontece.com.br\/?author=2"}]}},"_links":{"self":[{"href":"https:\/\/sudoesteacontece.com.br\/index.php?rest_route=\/wp\/v2\/posts\/10395","targetHints":{"allow":["GET"]}}],"collection":[{"href":"https:\/\/sudoesteacontece.com.br\/index.php?rest_route=\/wp\/v2\/posts"}],"about":[{"href":"https:\/\/sudoesteacontece.com.br\/index.php?rest_route=\/wp\/v2\/types\/post"}],"author":[{"embeddable":true,"href":"https:\/\/sudoesteacontece.com.br\/index.php?rest_route=\/wp\/v2\/users\/2"}],"replies":[{"embeddable":true,"href":"https:\/\/sudoesteacontece.com.br\/index.php?rest_route=%2Fwp%2Fv2%2Fcomments&post=10395"}],"version-history":[{"count":0,"href":"https:\/\/sudoesteacontece.com.br\/index.php?rest_route=\/wp\/v2\/posts\/10395\/revisions"}],"wp:featuredmedia":[{"embeddable":true,"href":"https:\/\/sudoesteacontece.com.br\/index.php?rest_route=\/wp\/v2\/media\/10423"}],"wp:attachment":[{"href":"https:\/\/sudoesteacontece.com.br\/index.php?rest_route=%2Fwp%2Fv2%2Fmedia&parent=10395"}],"wp:term":[{"taxonomy":"category","embeddable":true,"href":"https:\/\/sudoesteacontece.com.br\/index.php?rest_route=%2Fwp%2Fv2%2Fcategories&post=10395"},{"taxonomy":"post_tag","embeddable":true,"href":"https:\/\/sudoesteacontece.com.br\/index.php?rest_route=%2Fwp%2Fv2%2Ftags&post=10395"}],"curies":[{"name":"wp","href":"https:\/\/api.w.org\/{rel}","templated":true}]}}