{"id":10397,"date":"2026-03-14T12:55:50","date_gmt":"2026-03-14T15:55:50","guid":{"rendered":"https:\/\/sudoesteacontece.com.br\/?p=10397"},"modified":"2026-03-14T12:55:54","modified_gmt":"2026-03-14T15:55:54","slug":"vitoria-recebe-o-atletico-mg-no-barradao-pelo-brasileirao-veja-onde-assistir-e-as-provaveis-escalacoes","status":"publish","type":"post","link":"https:\/\/sudoesteacontece.com.br\/?p=10397","title":{"rendered":"Vit\u00f3ria recebe o Atl\u00e9tico-MG no Barrad\u00e3o pelo Brasileir\u00e3o; veja onde assistir e as prov\u00e1veis escala\u00e7\u00f5es"},"content":{"rendered":"<div class=\"wp-block-image\">\n<figure class=\"aligncenter size-full\"><img fetchpriority=\"high\" decoding=\"async\" width=\"900\" height=\"600\" src=\"http:\/\/sudoesteacontece.com.br\/wp-content\/uploads\/2026\/03\/Vitoria-recebe-o-Atletico-MG-no-Barradao-pelo-Brasileirao-veja-onde-assistir-e-as-provaveis-escalacoes.jpg\" alt=\"\" class=\"wp-image-10425\" srcset=\"https:\/\/sudoesteacontece.com.br\/wp-content\/uploads\/2026\/03\/Vitoria-recebe-o-Atletico-MG-no-Barradao-pelo-Brasileirao-veja-onde-assistir-e-as-provaveis-escalacoes.jpg 900w, https:\/\/sudoesteacontece.com.br\/wp-content\/uploads\/2026\/03\/Vitoria-recebe-o-Atletico-MG-no-Barradao-pelo-Brasileirao-veja-onde-assistir-e-as-provaveis-escalacoes-300x200.jpg 300w, https:\/\/sudoesteacontece.com.br\/wp-content\/uploads\/2026\/03\/Vitoria-recebe-o-Atletico-MG-no-Barradao-pelo-Brasileirao-veja-onde-assistir-e-as-provaveis-escalacoes-768x512.jpg 768w\" sizes=\"(max-width: 900px) 100vw, 900px\" \/><\/figure>\n<\/div>\n\n\n<p>Duelo importante movimenta a sexta rodada do Campeonato Brasileiro S\u00e9rie A neste s\u00e1bado (14). O Esporte Clube Vit\u00f3ria enfrenta o Clube Atl\u00e9tico Mineiro a partir das 18h30, no Est\u00e1dio Manoel Barradas, em Salvador. Momento na tabela coloca as duas equipes pr\u00f3ximas na classifica\u00e7\u00e3o. O Vit\u00f3ria ocupa a 16\u00aa posi\u00e7\u00e3o com quatro pontos, enquanto o Atl\u00e9tico-MG aparece em 13\u00ba lugar com cinco pontos. <\/p>\n\n\n\n<p>A partida \u00e9 vista como oportunidade para os dois clubes se afastarem da parte inferior da tabela logo no in\u00edcio da competi\u00e7\u00e3o. Hist\u00f3rico recente favorece o time baiano quando o confronto acontece em Salvador. Na edi\u00e7\u00e3o passada do Brasileir\u00e3o, o Rubro-Negro venceu o Galo por 1 a 0 no Barrad\u00e3o, resultado que refor\u00e7a a confian\u00e7a da torcida para o novo encontro entre as equipes.<\/p>\n\n\n\n<p>Campanha do Vit\u00f3ria tem sido marcada por altos e baixos neste come\u00e7o de campeonato. A equipe venceu o Clube do Remo na estreia, mas acabou derrotada por Sociedade Esportiva Palmeiras e Clube de Regatas do Flamengo nas rodadas seguintes. Mesmo assim, o time segue fora da zona de rebaixamento. Empate no cl\u00e1ssico contra o Esporte Clube Bahia no Ba-Vi 507, disputado no meio da semana, ajudou a reduzir a press\u00e3o sobre o t\u00e9cnico Jair Ventura ap\u00f3s a perda do t\u00edtulo estadual para o rival.<\/p>\n\n\n\n<p>Desfalque importante preocupa a comiss\u00e3o t\u00e9cnica rubro-negra. O zagueiro Edu sofreu ruptura no tend\u00e3o de Aquiles e precisar\u00e1 passar por cirurgia, ficando afastado dos gramados por um per\u00edodo estimado entre seis e oito meses. Em contrapartida, o atacante Diego Tarzia pode aparecer entre os relacionados e aumentar as op\u00e7\u00f5es ofensivas. Mudan\u00e7a no comando t\u00e9cnico tamb\u00e9m marcou o in\u00edcio de temporada do Atl\u00e9tico-MG. O clube demitiu Jorge Sampaoli ap\u00f3s a reta final de 2025 e apostou na chegada do argentino Eduardo Dom\u00ednguez para tentar reorganizar a equipe.<\/p>\n\n\n\n<p>Al\u00edvio recente veio na \u00faltima rodada do Brasileir\u00e3o, quando o Galo venceu o Sport Club Internacional por 1 a 0 em Belo Horizonte. O resultado deu f\u00f4lego ao time mineiro ap\u00f3s o vice-campeonato estadual. Arbitragem da partida ser\u00e1 comandada por Jo\u00e3o Vitor Gobi, de S\u00e3o Paulo. Ele ter\u00e1 como assistentes Neuza In\u00eas Back e Lu\u00eds Felipe Gon\u00e7alves Corr\u00eaa. O \u00e1rbitro de v\u00eddeo ser\u00e1 Daniel Nobre Bins. Transmiss\u00e3o do confronto ser\u00e1 feita ao vivo pelos canais Premiere e SporTV.<\/p>\n\n\n\n<p><\/p>\n","protected":false},"excerpt":{"rendered":"<p>Duelo importante movimenta a sexta rodada do Campeonato Brasileiro S\u00e9rie A neste s\u00e1bado (14). O Esporte Clube Vit\u00f3ria enfrenta o Clube Atl\u00e9tico Mineiro a partir das 18h30, no Est\u00e1dio Manoel Barradas, em Salvador. Momento na tabela coloca as duas equipes pr\u00f3ximas na classifica\u00e7\u00e3o. O Vit\u00f3ria ocupa a 16\u00aa posi\u00e7\u00e3o com quatro pontos, enquanto o Atl\u00e9tico-MG aparece em 13\u00ba lugar com cinco pontos. A partida \u00e9 vista como oportunidade para os dois clubes se afastarem da parte inferior da tabela logo no in\u00edcio da competi\u00e7\u00e3o. Hist\u00f3rico recente favorece o time baiano quando o confronto acontece em Salvador. Na edi\u00e7\u00e3o passada do Brasileir\u00e3o, o Rubro-Negro venceu o Galo por 1 a 0 no Barrad\u00e3o, resultado que refor\u00e7a a confian\u00e7a da torcida para o novo encontro entre as equipes. Campanha do Vit\u00f3ria tem sido marcada por altos e baixos neste come\u00e7o de campeonato. A equipe venceu o Clube do Remo na estreia, mas acabou derrotada por Sociedade Esportiva Palmeiras e Clube de Regatas do Flamengo nas rodadas seguintes. Mesmo assim, o time segue fora da zona de rebaixamento. Empate no cl\u00e1ssico contra o Esporte Clube Bahia no Ba-Vi 507, disputado no meio da semana, ajudou a reduzir a press\u00e3o sobre o t\u00e9cnico Jair Ventura ap\u00f3s a perda do t\u00edtulo estadual para o rival. Desfalque importante preocupa a comiss\u00e3o t\u00e9cnica rubro-negra. O zagueiro Edu sofreu ruptura no tend\u00e3o de Aquiles e precisar\u00e1 passar por cirurgia, ficando afastado dos gramados por um per\u00edodo estimado entre seis e oito meses. Em contrapartida, o atacante Diego Tarzia pode aparecer entre os relacionados e aumentar as op\u00e7\u00f5es ofensivas. Mudan\u00e7a no comando t\u00e9cnico tamb\u00e9m marcou o in\u00edcio de temporada do Atl\u00e9tico-MG. O clube demitiu Jorge Sampaoli ap\u00f3s a reta final de 2025 e apostou na chegada do argentino Eduardo Dom\u00ednguez para tentar reorganizar a equipe. Al\u00edvio recente veio na \u00faltima rodada do Brasileir\u00e3o, quando o Galo venceu o Sport Club Internacional por 1 a 0 em Belo Horizonte. O resultado deu f\u00f4lego ao time mineiro ap\u00f3s o vice-campeonato estadual. Arbitragem da partida ser\u00e1 comandada por Jo\u00e3o Vitor Gobi, de S\u00e3o Paulo. Ele ter\u00e1 como assistentes Neuza In\u00eas Back e Lu\u00eds Felipe Gon\u00e7alves Corr\u00eaa. O \u00e1rbitro de v\u00eddeo ser\u00e1 Daniel Nobre Bins. Transmiss\u00e3o do confronto ser\u00e1 feita ao vivo pelos canais Premiere e SporTV.<\/p>\n","protected":false},"author":2,"featured_media":0,"comment_status":"open","ping_status":"open","sticky":false,"template":"","format":"standard","meta":{"footnotes":""},"categories":[7,52],"tags":[],"class_list":["post-10397","post","type-post","status-publish","format-standard","hentry","category-bahia","category-esporte"],"yoast_head":"<!-- This site is optimized with the Yoast SEO plugin v26.5 - https:\/\/yoast.com\/wordpress\/plugins\/seo\/ -->\n<title>Vit\u00f3ria recebe o Atl\u00e9tico-MG no Barrad\u00e3o pelo Brasileir\u00e3o; veja onde assistir e as prov\u00e1veis escala\u00e7\u00f5es - Sudoesteacontece<\/title>\n<meta name=\"robots\" content=\"index, follow, max-snippet:-1, max-image-preview:large, max-video-preview:-1\" \/>\n<link rel=\"canonical\" href=\"https:\/\/sudoesteacontece.com.br\/?p=10397\" \/>\n<meta property=\"og:locale\" content=\"pt_BR\" \/>\n<meta property=\"og:type\" content=\"article\" \/>\n<meta property=\"og:title\" content=\"Vit\u00f3ria recebe o Atl\u00e9tico-MG no Barrad\u00e3o pelo Brasileir\u00e3o; veja onde assistir e as prov\u00e1veis escala\u00e7\u00f5es - Sudoesteacontece\" \/>\n<meta property=\"og:description\" content=\"Duelo importante movimenta a sexta rodada do Campeonato Brasileiro S\u00e9rie A neste s\u00e1bado (14). O Esporte Clube Vit\u00f3ria enfrenta o Clube Atl\u00e9tico Mineiro a partir das 18h30, no Est\u00e1dio Manoel Barradas, em Salvador. Momento na tabela coloca as duas equipes pr\u00f3ximas na classifica\u00e7\u00e3o. O Vit\u00f3ria ocupa a 16\u00aa posi\u00e7\u00e3o com quatro pontos, enquanto o Atl\u00e9tico-MG aparece em 13\u00ba lugar com cinco pontos. A partida \u00e9 vista como oportunidade para os dois clubes se afastarem da parte inferior da tabela logo no in\u00edcio da competi\u00e7\u00e3o. Hist\u00f3rico recente favorece o time baiano quando o confronto acontece em Salvador. Na edi\u00e7\u00e3o passada do Brasileir\u00e3o, o Rubro-Negro venceu o Galo por 1 a 0 no Barrad\u00e3o, resultado que refor\u00e7a a confian\u00e7a da torcida para o novo encontro entre as equipes. Campanha do Vit\u00f3ria tem sido marcada por altos e baixos neste come\u00e7o de campeonato. A equipe venceu o Clube do Remo na estreia, mas acabou derrotada por Sociedade Esportiva Palmeiras e Clube de Regatas do Flamengo nas rodadas seguintes. Mesmo assim, o time segue fora da zona de rebaixamento. Empate no cl\u00e1ssico contra o Esporte Clube Bahia no Ba-Vi 507, disputado no meio da semana, ajudou a reduzir a press\u00e3o sobre o t\u00e9cnico Jair Ventura ap\u00f3s a perda do t\u00edtulo estadual para o rival. Desfalque importante preocupa a comiss\u00e3o t\u00e9cnica rubro-negra. O zagueiro Edu sofreu ruptura no tend\u00e3o de Aquiles e precisar\u00e1 passar por cirurgia, ficando afastado dos gramados por um per\u00edodo estimado entre seis e oito meses. Em contrapartida, o atacante Diego Tarzia pode aparecer entre os relacionados e aumentar as op\u00e7\u00f5es ofensivas. Mudan\u00e7a no comando t\u00e9cnico tamb\u00e9m marcou o in\u00edcio de temporada do Atl\u00e9tico-MG. O clube demitiu Jorge Sampaoli ap\u00f3s a reta final de 2025 e apostou na chegada do argentino Eduardo Dom\u00ednguez para tentar reorganizar a equipe. Al\u00edvio recente veio na \u00faltima rodada do Brasileir\u00e3o, quando o Galo venceu o Sport Club Internacional por 1 a 0 em Belo Horizonte. O resultado deu f\u00f4lego ao time mineiro ap\u00f3s o vice-campeonato estadual. Arbitragem da partida ser\u00e1 comandada por Jo\u00e3o Vitor Gobi, de S\u00e3o Paulo. Ele ter\u00e1 como assistentes Neuza In\u00eas Back e Lu\u00eds Felipe Gon\u00e7alves Corr\u00eaa. O \u00e1rbitro de v\u00eddeo ser\u00e1 Daniel Nobre Bins. Transmiss\u00e3o do confronto ser\u00e1 feita ao vivo pelos canais Premiere e SporTV.\" \/>\n<meta property=\"og:url\" content=\"https:\/\/sudoesteacontece.com.br\/?p=10397\" \/>\n<meta property=\"og:site_name\" content=\"Sudoesteacontece\" \/>\n<meta property=\"article:publisher\" content=\"https:\/\/www.facebook.com\/sudoesteacontece\/?locale=pt_BR\" \/>\n<meta property=\"article:published_time\" content=\"2026-03-14T15:55:50+00:00\" \/>\n<meta property=\"article:modified_time\" content=\"2026-03-14T15:55:54+00:00\" \/>\n<meta property=\"og:image\" content=\"http:\/\/sudoesteacontece.com.br\/wp-content\/uploads\/2026\/03\/Vitoria-recebe-o-Atletico-MG-no-Barradao-pelo-Brasileirao-veja-onde-assistir-e-as-provaveis-escalacoes.jpg\" \/>\n<meta name=\"author\" content=\"Washington Tiago\" \/>\n<meta name=\"twitter:card\" content=\"summary_large_image\" \/>\n<meta name=\"twitter:label1\" content=\"Escrito por\" \/>\n\t<meta name=\"twitter:data1\" content=\"Washington Tiago\" \/>\n\t<meta name=\"twitter:label2\" content=\"Est. tempo de leitura\" \/>\n\t<meta name=\"twitter:data2\" content=\"3 minutos\" \/>\n<script type=\"application\/ld+json\" class=\"yoast-schema-graph\">{\"@context\":\"https:\/\/schema.org\",\"@graph\":[{\"@type\":\"Article\",\"@id\":\"https:\/\/sudoesteacontece.com.br\/?p=10397#article\",\"isPartOf\":{\"@id\":\"https:\/\/sudoesteacontece.com.br\/?p=10397\"},\"author\":{\"name\":\"Washington Tiago\",\"@id\":\"https:\/\/sudoesteacontece.com.br\/#\/schema\/person\/3cf2cf009926a9683ebc29d5379fa79c\"},\"headline\":\"Vit\u00f3ria recebe o Atl\u00e9tico-MG no Barrad\u00e3o pelo Brasileir\u00e3o; veja onde assistir e as prov\u00e1veis escala\u00e7\u00f5es\",\"datePublished\":\"2026-03-14T15:55:50+00:00\",\"dateModified\":\"2026-03-14T15:55:54+00:00\",\"mainEntityOfPage\":{\"@id\":\"https:\/\/sudoesteacontece.com.br\/?p=10397\"},\"wordCount\":434,\"commentCount\":0,\"publisher\":{\"@id\":\"https:\/\/sudoesteacontece.com.br\/#organization\"},\"image\":{\"@id\":\"https:\/\/sudoesteacontece.com.br\/?p=10397#primaryimage\"},\"thumbnailUrl\":\"http:\/\/sudoesteacontece.com.br\/wp-content\/uploads\/2026\/03\/Vitoria-recebe-o-Atletico-MG-no-Barradao-pelo-Brasileirao-veja-onde-assistir-e-as-provaveis-escalacoes.jpg\",\"articleSection\":[\"Bahia\",\"Esporte\"],\"inLanguage\":\"pt-BR\",\"potentialAction\":[{\"@type\":\"CommentAction\",\"name\":\"Comment\",\"target\":[\"https:\/\/sudoesteacontece.com.br\/?p=10397#respond\"]}]},{\"@type\":\"WebPage\",\"@id\":\"https:\/\/sudoesteacontece.com.br\/?p=10397\",\"url\":\"https:\/\/sudoesteacontece.com.br\/?p=10397\",\"name\":\"Vit\u00f3ria recebe o Atl\u00e9tico-MG no Barrad\u00e3o pelo Brasileir\u00e3o; veja onde assistir e as prov\u00e1veis escala\u00e7\u00f5es - Sudoesteacontece\",\"isPartOf\":{\"@id\":\"https:\/\/sudoesteacontece.com.br\/#website\"},\"primaryImageOfPage\":{\"@id\":\"https:\/\/sudoesteacontece.com.br\/?p=10397#primaryimage\"},\"image\":{\"@id\":\"https:\/\/sudoesteacontece.com.br\/?p=10397#primaryimage\"},\"thumbnailUrl\":\"http:\/\/sudoesteacontece.com.br\/wp-content\/uploads\/2026\/03\/Vitoria-recebe-o-Atletico-MG-no-Barradao-pelo-Brasileirao-veja-onde-assistir-e-as-provaveis-escalacoes.jpg\",\"datePublished\":\"2026-03-14T15:55:50+00:00\",\"dateModified\":\"2026-03-14T15:55:54+00:00\",\"breadcrumb\":{\"@id\":\"https:\/\/sudoesteacontece.com.br\/?p=10397#breadcrumb\"},\"inLanguage\":\"pt-BR\",\"potentialAction\":[{\"@type\":\"ReadAction\",\"target\":[\"https:\/\/sudoesteacontece.com.br\/?p=10397\"]}]},{\"@type\":\"ImageObject\",\"inLanguage\":\"pt-BR\",\"@id\":\"https:\/\/sudoesteacontece.com.br\/?p=10397#primaryimage\",\"url\":\"https:\/\/sudoesteacontece.com.br\/wp-content\/uploads\/2026\/03\/Vitoria-recebe-o-Atletico-MG-no-Barradao-pelo-Brasileirao-veja-onde-assistir-e-as-provaveis-escalacoes.jpg\",\"contentUrl\":\"https:\/\/sudoesteacontece.com.br\/wp-content\/uploads\/2026\/03\/Vitoria-recebe-o-Atletico-MG-no-Barradao-pelo-Brasileirao-veja-onde-assistir-e-as-provaveis-escalacoes.jpg\",\"width\":900,\"height\":600},{\"@type\":\"BreadcrumbList\",\"@id\":\"https:\/\/sudoesteacontece.com.br\/?p=10397#breadcrumb\",\"itemListElement\":[{\"@type\":\"ListItem\",\"position\":1,\"name\":\"In\u00edcio\",\"item\":\"https:\/\/sudoesteacontece.com.br\/\"},{\"@type\":\"ListItem\",\"position\":2,\"name\":\"Vit\u00f3ria recebe o Atl\u00e9tico-MG no Barrad\u00e3o pelo Brasileir\u00e3o; veja onde assistir e as prov\u00e1veis escala\u00e7\u00f5es\"}]},{\"@type\":\"WebSite\",\"@id\":\"https:\/\/sudoesteacontece.com.br\/#website\",\"url\":\"https:\/\/sudoesteacontece.com.br\/\",\"name\":\"Sudoesteacontece\",\"description\":\"\",\"publisher\":{\"@id\":\"https:\/\/sudoesteacontece.com.br\/#organization\"},\"potentialAction\":[{\"@type\":\"SearchAction\",\"target\":{\"@type\":\"EntryPoint\",\"urlTemplate\":\"https:\/\/sudoesteacontece.com.br\/?s={search_term_string}\"},\"query-input\":{\"@type\":\"PropertyValueSpecification\",\"valueRequired\":true,\"valueName\":\"search_term_string\"}}],\"inLanguage\":\"pt-BR\"},{\"@type\":\"Organization\",\"@id\":\"https:\/\/sudoesteacontece.com.br\/#organization\",\"name\":\"Sudoesteacontece\",\"url\":\"https:\/\/sudoesteacontece.com.br\/\",\"logo\":{\"@type\":\"ImageObject\",\"inLanguage\":\"pt-BR\",\"@id\":\"https:\/\/sudoesteacontece.com.br\/#\/schema\/logo\/image\/\",\"url\":\"https:\/\/sudoesteacontece.com.br\/wp-content\/uploads\/2025\/12\/cropped-logo-2-180x180-1.png\",\"contentUrl\":\"https:\/\/sudoesteacontece.com.br\/wp-content\/uploads\/2025\/12\/cropped-logo-2-180x180-1.png\",\"width\":180,\"height\":180,\"caption\":\"Sudoesteacontece\"},\"image\":{\"@id\":\"https:\/\/sudoesteacontece.com.br\/#\/schema\/logo\/image\/\"},\"sameAs\":[\"https:\/\/www.facebook.com\/sudoesteacontece\/?locale=pt_BR\"]},{\"@type\":\"Person\",\"@id\":\"https:\/\/sudoesteacontece.com.br\/#\/schema\/person\/3cf2cf009926a9683ebc29d5379fa79c\",\"name\":\"Washington Tiago\",\"image\":{\"@type\":\"ImageObject\",\"inLanguage\":\"pt-BR\",\"@id\":\"https:\/\/sudoesteacontece.com.br\/#\/schema\/person\/image\/\",\"url\":\"https:\/\/secure.gravatar.com\/avatar\/33c43b8668157e040f9d1fe93c354bf087cbd8ba36270c1163198bd3ddcf2a56?s=96&d=mm&r=g\",\"contentUrl\":\"https:\/\/secure.gravatar.com\/avatar\/33c43b8668157e040f9d1fe93c354bf087cbd8ba36270c1163198bd3ddcf2a56?s=96&d=mm&r=g\",\"caption\":\"Washington Tiago\"},\"url\":\"https:\/\/sudoesteacontece.com.br\/?author=2\"}]}<\/script>\n<!-- \/ Yoast SEO plugin. -->","yoast_head_json":{"title":"Vit\u00f3ria recebe o Atl\u00e9tico-MG no Barrad\u00e3o pelo Brasileir\u00e3o; veja onde assistir e as prov\u00e1veis escala\u00e7\u00f5es - Sudoesteacontece","robots":{"index":"index","follow":"follow","max-snippet":"max-snippet:-1","max-image-preview":"max-image-preview:large","max-video-preview":"max-video-preview:-1"},"canonical":"https:\/\/sudoesteacontece.com.br\/?p=10397","og_locale":"pt_BR","og_type":"article","og_title":"Vit\u00f3ria recebe o Atl\u00e9tico-MG no Barrad\u00e3o pelo Brasileir\u00e3o; veja onde assistir e as prov\u00e1veis escala\u00e7\u00f5es - Sudoesteacontece","og_description":"Duelo importante movimenta a sexta rodada do Campeonato Brasileiro S\u00e9rie A neste s\u00e1bado (14). O Esporte Clube Vit\u00f3ria enfrenta o Clube Atl\u00e9tico Mineiro a partir das 18h30, no Est\u00e1dio Manoel Barradas, em Salvador. Momento na tabela coloca as duas equipes pr\u00f3ximas na classifica\u00e7\u00e3o. O Vit\u00f3ria ocupa a 16\u00aa posi\u00e7\u00e3o com quatro pontos, enquanto o Atl\u00e9tico-MG aparece em 13\u00ba lugar com cinco pontos. A partida \u00e9 vista como oportunidade para os dois clubes se afastarem da parte inferior da tabela logo no in\u00edcio da competi\u00e7\u00e3o. Hist\u00f3rico recente favorece o time baiano quando o confronto acontece em Salvador. Na edi\u00e7\u00e3o passada do Brasileir\u00e3o, o Rubro-Negro venceu o Galo por 1 a 0 no Barrad\u00e3o, resultado que refor\u00e7a a confian\u00e7a da torcida para o novo encontro entre as equipes. Campanha do Vit\u00f3ria tem sido marcada por altos e baixos neste come\u00e7o de campeonato. A equipe venceu o Clube do Remo na estreia, mas acabou derrotada por Sociedade Esportiva Palmeiras e Clube de Regatas do Flamengo nas rodadas seguintes. Mesmo assim, o time segue fora da zona de rebaixamento. Empate no cl\u00e1ssico contra o Esporte Clube Bahia no Ba-Vi 507, disputado no meio da semana, ajudou a reduzir a press\u00e3o sobre o t\u00e9cnico Jair Ventura ap\u00f3s a perda do t\u00edtulo estadual para o rival. Desfalque importante preocupa a comiss\u00e3o t\u00e9cnica rubro-negra. O zagueiro Edu sofreu ruptura no tend\u00e3o de Aquiles e precisar\u00e1 passar por cirurgia, ficando afastado dos gramados por um per\u00edodo estimado entre seis e oito meses. Em contrapartida, o atacante Diego Tarzia pode aparecer entre os relacionados e aumentar as op\u00e7\u00f5es ofensivas. Mudan\u00e7a no comando t\u00e9cnico tamb\u00e9m marcou o in\u00edcio de temporada do Atl\u00e9tico-MG. O clube demitiu Jorge Sampaoli ap\u00f3s a reta final de 2025 e apostou na chegada do argentino Eduardo Dom\u00ednguez para tentar reorganizar a equipe. Al\u00edvio recente veio na \u00faltima rodada do Brasileir\u00e3o, quando o Galo venceu o Sport Club Internacional por 1 a 0 em Belo Horizonte. O resultado deu f\u00f4lego ao time mineiro ap\u00f3s o vice-campeonato estadual. Arbitragem da partida ser\u00e1 comandada por Jo\u00e3o Vitor Gobi, de S\u00e3o Paulo. Ele ter\u00e1 como assistentes Neuza In\u00eas Back e Lu\u00eds Felipe Gon\u00e7alves Corr\u00eaa. O \u00e1rbitro de v\u00eddeo ser\u00e1 Daniel Nobre Bins. Transmiss\u00e3o do confronto ser\u00e1 feita ao vivo pelos canais Premiere e SporTV.","og_url":"https:\/\/sudoesteacontece.com.br\/?p=10397","og_site_name":"Sudoesteacontece","article_publisher":"https:\/\/www.facebook.com\/sudoesteacontece\/?locale=pt_BR","article_published_time":"2026-03-14T15:55:50+00:00","article_modified_time":"2026-03-14T15:55:54+00:00","og_image":[{"url":"http:\/\/sudoesteacontece.com.br\/wp-content\/uploads\/2026\/03\/Vitoria-recebe-o-Atletico-MG-no-Barradao-pelo-Brasileirao-veja-onde-assistir-e-as-provaveis-escalacoes.jpg","type":"","width":"","height":""}],"author":"Washington Tiago","twitter_card":"summary_large_image","twitter_misc":{"Escrito por":"Washington Tiago","Est. tempo de leitura":"3 minutos"},"schema":{"@context":"https:\/\/schema.org","@graph":[{"@type":"Article","@id":"https:\/\/sudoesteacontece.com.br\/?p=10397#article","isPartOf":{"@id":"https:\/\/sudoesteacontece.com.br\/?p=10397"},"author":{"name":"Washington Tiago","@id":"https:\/\/sudoesteacontece.com.br\/#\/schema\/person\/3cf2cf009926a9683ebc29d5379fa79c"},"headline":"Vit\u00f3ria recebe o Atl\u00e9tico-MG no Barrad\u00e3o pelo Brasileir\u00e3o; veja onde assistir e as prov\u00e1veis escala\u00e7\u00f5es","datePublished":"2026-03-14T15:55:50+00:00","dateModified":"2026-03-14T15:55:54+00:00","mainEntityOfPage":{"@id":"https:\/\/sudoesteacontece.com.br\/?p=10397"},"wordCount":434,"commentCount":0,"publisher":{"@id":"https:\/\/sudoesteacontece.com.br\/#organization"},"image":{"@id":"https:\/\/sudoesteacontece.com.br\/?p=10397#primaryimage"},"thumbnailUrl":"http:\/\/sudoesteacontece.com.br\/wp-content\/uploads\/2026\/03\/Vitoria-recebe-o-Atletico-MG-no-Barradao-pelo-Brasileirao-veja-onde-assistir-e-as-provaveis-escalacoes.jpg","articleSection":["Bahia","Esporte"],"inLanguage":"pt-BR","potentialAction":[{"@type":"CommentAction","name":"Comment","target":["https:\/\/sudoesteacontece.com.br\/?p=10397#respond"]}]},{"@type":"WebPage","@id":"https:\/\/sudoesteacontece.com.br\/?p=10397","url":"https:\/\/sudoesteacontece.com.br\/?p=10397","name":"Vit\u00f3ria recebe o Atl\u00e9tico-MG no Barrad\u00e3o pelo Brasileir\u00e3o; veja onde assistir e as prov\u00e1veis escala\u00e7\u00f5es - Sudoesteacontece","isPartOf":{"@id":"https:\/\/sudoesteacontece.com.br\/#website"},"primaryImageOfPage":{"@id":"https:\/\/sudoesteacontece.com.br\/?p=10397#primaryimage"},"image":{"@id":"https:\/\/sudoesteacontece.com.br\/?p=10397#primaryimage"},"thumbnailUrl":"http:\/\/sudoesteacontece.com.br\/wp-content\/uploads\/2026\/03\/Vitoria-recebe-o-Atletico-MG-no-Barradao-pelo-Brasileirao-veja-onde-assistir-e-as-provaveis-escalacoes.jpg","datePublished":"2026-03-14T15:55:50+00:00","dateModified":"2026-03-14T15:55:54+00:00","breadcrumb":{"@id":"https:\/\/sudoesteacontece.com.br\/?p=10397#breadcrumb"},"inLanguage":"pt-BR","potentialAction":[{"@type":"ReadAction","target":["https:\/\/sudoesteacontece.com.br\/?p=10397"]}]},{"@type":"ImageObject","inLanguage":"pt-BR","@id":"https:\/\/sudoesteacontece.com.br\/?p=10397#primaryimage","url":"https:\/\/sudoesteacontece.com.br\/wp-content\/uploads\/2026\/03\/Vitoria-recebe-o-Atletico-MG-no-Barradao-pelo-Brasileirao-veja-onde-assistir-e-as-provaveis-escalacoes.jpg","contentUrl":"https:\/\/sudoesteacontece.com.br\/wp-content\/uploads\/2026\/03\/Vitoria-recebe-o-Atletico-MG-no-Barradao-pelo-Brasileirao-veja-onde-assistir-e-as-provaveis-escalacoes.jpg","width":900,"height":600},{"@type":"BreadcrumbList","@id":"https:\/\/sudoesteacontece.com.br\/?p=10397#breadcrumb","itemListElement":[{"@type":"ListItem","position":1,"name":"In\u00edcio","item":"https:\/\/sudoesteacontece.com.br\/"},{"@type":"ListItem","position":2,"name":"Vit\u00f3ria recebe o Atl\u00e9tico-MG no Barrad\u00e3o pelo Brasileir\u00e3o; veja onde assistir e as prov\u00e1veis escala\u00e7\u00f5es"}]},{"@type":"WebSite","@id":"https:\/\/sudoesteacontece.com.br\/#website","url":"https:\/\/sudoesteacontece.com.br\/","name":"Sudoesteacontece","description":"","publisher":{"@id":"https:\/\/sudoesteacontece.com.br\/#organization"},"potentialAction":[{"@type":"SearchAction","target":{"@type":"EntryPoint","urlTemplate":"https:\/\/sudoesteacontece.com.br\/?s={search_term_string}"},"query-input":{"@type":"PropertyValueSpecification","valueRequired":true,"valueName":"search_term_string"}}],"inLanguage":"pt-BR"},{"@type":"Organization","@id":"https:\/\/sudoesteacontece.com.br\/#organization","name":"Sudoesteacontece","url":"https:\/\/sudoesteacontece.com.br\/","logo":{"@type":"ImageObject","inLanguage":"pt-BR","@id":"https:\/\/sudoesteacontece.com.br\/#\/schema\/logo\/image\/","url":"https:\/\/sudoesteacontece.com.br\/wp-content\/uploads\/2025\/12\/cropped-logo-2-180x180-1.png","contentUrl":"https:\/\/sudoesteacontece.com.br\/wp-content\/uploads\/2025\/12\/cropped-logo-2-180x180-1.png","width":180,"height":180,"caption":"Sudoesteacontece"},"image":{"@id":"https:\/\/sudoesteacontece.com.br\/#\/schema\/logo\/image\/"},"sameAs":["https:\/\/www.facebook.com\/sudoesteacontece\/?locale=pt_BR"]},{"@type":"Person","@id":"https:\/\/sudoesteacontece.com.br\/#\/schema\/person\/3cf2cf009926a9683ebc29d5379fa79c","name":"Washington Tiago","image":{"@type":"ImageObject","inLanguage":"pt-BR","@id":"https:\/\/sudoesteacontece.com.br\/#\/schema\/person\/image\/","url":"https:\/\/secure.gravatar.com\/avatar\/33c43b8668157e040f9d1fe93c354bf087cbd8ba36270c1163198bd3ddcf2a56?s=96&d=mm&r=g","contentUrl":"https:\/\/secure.gravatar.com\/avatar\/33c43b8668157e040f9d1fe93c354bf087cbd8ba36270c1163198bd3ddcf2a56?s=96&d=mm&r=g","caption":"Washington Tiago"},"url":"https:\/\/sudoesteacontece.com.br\/?author=2"}]}},"_links":{"self":[{"href":"https:\/\/sudoesteacontece.com.br\/index.php?rest_route=\/wp\/v2\/posts\/10397","targetHints":{"allow":["GET"]}}],"collection":[{"href":"https:\/\/sudoesteacontece.com.br\/index.php?rest_route=\/wp\/v2\/posts"}],"about":[{"href":"https:\/\/sudoesteacontece.com.br\/index.php?rest_route=\/wp\/v2\/types\/post"}],"author":[{"embeddable":true,"href":"https:\/\/sudoesteacontece.com.br\/index.php?rest_route=\/wp\/v2\/users\/2"}],"replies":[{"embeddable":true,"href":"https:\/\/sudoesteacontece.com.br\/index.php?rest_route=%2Fwp%2Fv2%2Fcomments&post=10397"}],"version-history":[{"count":0,"href":"https:\/\/sudoesteacontece.com.br\/index.php?rest_route=\/wp\/v2\/posts\/10397\/revisions"}],"wp:attachment":[{"href":"https:\/\/sudoesteacontece.com.br\/index.php?rest_route=%2Fwp%2Fv2%2Fmedia&parent=10397"}],"wp:term":[{"taxonomy":"category","embeddable":true,"href":"https:\/\/sudoesteacontece.com.br\/index.php?rest_route=%2Fwp%2Fv2%2Fcategories&post=10397"},{"taxonomy":"post_tag","embeddable":true,"href":"https:\/\/sudoesteacontece.com.br\/index.php?rest_route=%2Fwp%2Fv2%2Ftags&post=10397"}],"curies":[{"name":"wp","href":"https:\/\/api.w.org\/{rel}","templated":true}]}}