{"id":10398,"date":"2026-03-14T12:59:30","date_gmt":"2026-03-14T15:59:30","guid":{"rendered":"https:\/\/sudoesteacontece.com.br\/?p=10398"},"modified":"2026-03-14T12:59:34","modified_gmt":"2026-03-14T15:59:34","slug":"filha-do-cantor-amado-batista-morre-aos-46-anos-apos-lutar-contra-cancer-no-figado","status":"publish","type":"post","link":"https:\/\/sudoesteacontece.com.br\/?p=10398","title":{"rendered":"Filha do cantor Amado Batista morre aos 46 anos ap\u00f3s lutar contra c\u00e2ncer no f\u00edgado"},"content":{"rendered":"<div class=\"wp-block-image\">\n<figure class=\"aligncenter size-full\"><img fetchpriority=\"high\" decoding=\"async\" width=\"900\" height=\"600\" src=\"http:\/\/sudoesteacontece.com.br\/wp-content\/uploads\/2026\/03\/Filha-do-cantor-Amado-Batista-morre-aos-46-anos-apos-lutar-contra-cancer-no-figado.jpg\" alt=\"\" class=\"wp-image-10427\" srcset=\"https:\/\/sudoesteacontece.com.br\/wp-content\/uploads\/2026\/03\/Filha-do-cantor-Amado-Batista-morre-aos-46-anos-apos-lutar-contra-cancer-no-figado.jpg 900w, https:\/\/sudoesteacontece.com.br\/wp-content\/uploads\/2026\/03\/Filha-do-cantor-Amado-Batista-morre-aos-46-anos-apos-lutar-contra-cancer-no-figado-300x200.jpg 300w, https:\/\/sudoesteacontece.com.br\/wp-content\/uploads\/2026\/03\/Filha-do-cantor-Amado-Batista-morre-aos-46-anos-apos-lutar-contra-cancer-no-figado-768x512.jpg 768w\" sizes=\"(max-width: 900px) 100vw, 900px\" \/><\/figure>\n<\/div>\n\n\n<p>Luto marcou a fam\u00edlia do cantor Amado Batista ap\u00f3s a morte de sua filha Lorena Batista, aos 46 anos. Ela faleceu na sexta-feira (13), em Goi\u00e2nia, ap\u00f3s enfrentar uma batalha contra um c\u00e2ncer diagnosticado cerca de um ano antes. Tratamento vinha sendo realizado no Hospital S\u00e3o Francisco, onde Lorena estava internada nos \u00faltimos dias. <\/p>\n\n\n\n<p>A morte foi confirmada por familiares, que acompanharam de perto o per\u00edodo de luta contra a doen\u00e7a. Diagn\u00f3stico havia sido revelado pela pr\u00f3pria Lorena nas redes sociais no ano passado. Na ocasi\u00e3o, ela contou aos seguidores que havia descoberto um problema grave de sa\u00fade pouco tempo depois de um projeto musical gravado pelo pai.<\/p>\n\n\n\n<p>Coragem marcou as palavras da filha do cantor ao comentar a doen\u00e7a publicamente. Em um v\u00eddeo publicado nas redes sociais, ela afirmou que enfrentaria o tratamento com f\u00e9 e determina\u00e7\u00e3o, destacando a import\u00e2ncia de lutar mesmo diante das dificuldades.<\/p>\n\n\n\n<p>Informa\u00e7\u00f5es da fam\u00edlia indicam que o c\u00e2ncer estava localizado no f\u00edgado e se tratava de uma neoplasia maligna. Segundo relatos, a doen\u00e7a j\u00e1 havia se espalhado para outras partes do corpo, quadro conhecido como met\u00e1stase, o que agravou o estado de sa\u00fade. Despedida foi descrita por familiares como um momento de profunda dor. <\/p>\n\n\n\n<p>Lorena Batista deixa um filho de tr\u00eas anos e era a \u00fanica filha mulher do cantor, fruto do segundo casamento do artista. Homenagem emocionada foi publicada por Amado Batista ap\u00f3s a confirma\u00e7\u00e3o da morte. Em mensagem nas redes sociais, o cantor afirmou que a perda da filha representa um dos momentos mais dif\u00edceis de sua vida e comparou a dor a \u201cuma m\u00fasica que termina antes da hora\u201d.<\/p>\n\n\n\n<p>Vel\u00f3rio ser\u00e1 realizado em cerim\u00f4nia reservada apenas para familiares e amigos mais pr\u00f3ximos. A fam\u00edlia optou por manter a despedida em clima de privacidade, diante do momento delicado enfrentado ap\u00f3s a perda.<\/p>\n","protected":false},"excerpt":{"rendered":"<p>Luto marcou a fam\u00edlia do cantor Amado Batista ap\u00f3s a morte de sua filha Lorena Batista, aos 46 anos. Ela faleceu na sexta-feira (13), em Goi\u00e2nia, ap\u00f3s enfrentar uma batalha contra um c\u00e2ncer diagnosticado cerca de um ano antes. Tratamento vinha sendo realizado no Hospital S\u00e3o Francisco, onde Lorena estava internada nos \u00faltimos dias. A morte foi confirmada por familiares, que acompanharam de perto o per\u00edodo de luta contra a doen\u00e7a. Diagn\u00f3stico havia sido revelado pela pr\u00f3pria Lorena nas redes sociais no ano passado. Na ocasi\u00e3o, ela contou aos seguidores que havia descoberto um problema grave de sa\u00fade pouco tempo depois de um projeto musical gravado pelo pai. Coragem marcou as palavras da filha do cantor ao comentar a doen\u00e7a publicamente. Em um v\u00eddeo publicado nas redes sociais, ela afirmou que enfrentaria o tratamento com f\u00e9 e determina\u00e7\u00e3o, destacando a import\u00e2ncia de lutar mesmo diante das dificuldades. Informa\u00e7\u00f5es da fam\u00edlia indicam que o c\u00e2ncer estava localizado no f\u00edgado e se tratava de uma neoplasia maligna. Segundo relatos, a doen\u00e7a j\u00e1 havia se espalhado para outras partes do corpo, quadro conhecido como met\u00e1stase, o que agravou o estado de sa\u00fade. Despedida foi descrita por familiares como um momento de profunda dor. Lorena Batista deixa um filho de tr\u00eas anos e era a \u00fanica filha mulher do cantor, fruto do segundo casamento do artista. Homenagem emocionada foi publicada por Amado Batista ap\u00f3s a confirma\u00e7\u00e3o da morte. Em mensagem nas redes sociais, o cantor afirmou que a perda da filha representa um dos momentos mais dif\u00edceis de sua vida e comparou a dor a \u201cuma m\u00fasica que termina antes da hora\u201d. Vel\u00f3rio ser\u00e1 realizado em cerim\u00f4nia reservada apenas para familiares e amigos mais pr\u00f3ximos. A fam\u00edlia optou por manter a despedida em clima de privacidade, diante do momento delicado enfrentado ap\u00f3s a perda.<\/p>\n","protected":false},"author":2,"featured_media":0,"comment_status":"open","ping_status":"open","sticky":false,"template":"","format":"standard","meta":{"footnotes":""},"categories":[16],"tags":[],"class_list":["post-10398","post","type-post","status-publish","format-standard","hentry","category-tv-radio-e-cinema"],"yoast_head":"<!-- This site is optimized with the Yoast SEO plugin v26.5 - https:\/\/yoast.com\/wordpress\/plugins\/seo\/ -->\n<title>Filha do cantor Amado Batista morre aos 46 anos ap\u00f3s lutar contra c\u00e2ncer no f\u00edgado - Sudoesteacontece<\/title>\n<meta name=\"robots\" content=\"index, follow, max-snippet:-1, max-image-preview:large, max-video-preview:-1\" \/>\n<link rel=\"canonical\" href=\"https:\/\/sudoesteacontece.com.br\/?p=10398\" \/>\n<meta property=\"og:locale\" content=\"pt_BR\" \/>\n<meta property=\"og:type\" content=\"article\" \/>\n<meta property=\"og:title\" content=\"Filha do cantor Amado Batista morre aos 46 anos ap\u00f3s lutar contra c\u00e2ncer no f\u00edgado - Sudoesteacontece\" \/>\n<meta property=\"og:description\" content=\"Luto marcou a fam\u00edlia do cantor Amado Batista ap\u00f3s a morte de sua filha Lorena Batista, aos 46 anos. Ela faleceu na sexta-feira (13), em Goi\u00e2nia, ap\u00f3s enfrentar uma batalha contra um c\u00e2ncer diagnosticado cerca de um ano antes. Tratamento vinha sendo realizado no Hospital S\u00e3o Francisco, onde Lorena estava internada nos \u00faltimos dias. A morte foi confirmada por familiares, que acompanharam de perto o per\u00edodo de luta contra a doen\u00e7a. Diagn\u00f3stico havia sido revelado pela pr\u00f3pria Lorena nas redes sociais no ano passado. Na ocasi\u00e3o, ela contou aos seguidores que havia descoberto um problema grave de sa\u00fade pouco tempo depois de um projeto musical gravado pelo pai. Coragem marcou as palavras da filha do cantor ao comentar a doen\u00e7a publicamente. Em um v\u00eddeo publicado nas redes sociais, ela afirmou que enfrentaria o tratamento com f\u00e9 e determina\u00e7\u00e3o, destacando a import\u00e2ncia de lutar mesmo diante das dificuldades. Informa\u00e7\u00f5es da fam\u00edlia indicam que o c\u00e2ncer estava localizado no f\u00edgado e se tratava de uma neoplasia maligna. Segundo relatos, a doen\u00e7a j\u00e1 havia se espalhado para outras partes do corpo, quadro conhecido como met\u00e1stase, o que agravou o estado de sa\u00fade. Despedida foi descrita por familiares como um momento de profunda dor. Lorena Batista deixa um filho de tr\u00eas anos e era a \u00fanica filha mulher do cantor, fruto do segundo casamento do artista. Homenagem emocionada foi publicada por Amado Batista ap\u00f3s a confirma\u00e7\u00e3o da morte. Em mensagem nas redes sociais, o cantor afirmou que a perda da filha representa um dos momentos mais dif\u00edceis de sua vida e comparou a dor a \u201cuma m\u00fasica que termina antes da hora\u201d. Vel\u00f3rio ser\u00e1 realizado em cerim\u00f4nia reservada apenas para familiares e amigos mais pr\u00f3ximos. A fam\u00edlia optou por manter a despedida em clima de privacidade, diante do momento delicado enfrentado ap\u00f3s a perda.\" \/>\n<meta property=\"og:url\" content=\"https:\/\/sudoesteacontece.com.br\/?p=10398\" \/>\n<meta property=\"og:site_name\" content=\"Sudoesteacontece\" \/>\n<meta property=\"article:publisher\" content=\"https:\/\/www.facebook.com\/sudoesteacontece\/?locale=pt_BR\" \/>\n<meta property=\"article:published_time\" content=\"2026-03-14T15:59:30+00:00\" \/>\n<meta property=\"article:modified_time\" content=\"2026-03-14T15:59:34+00:00\" \/>\n<meta property=\"og:image\" content=\"http:\/\/sudoesteacontece.com.br\/wp-content\/uploads\/2026\/03\/Filha-do-cantor-Amado-Batista-morre-aos-46-anos-apos-lutar-contra-cancer-no-figado.jpg\" \/>\n<meta name=\"author\" content=\"Washington Tiago\" \/>\n<meta name=\"twitter:card\" content=\"summary_large_image\" \/>\n<meta name=\"twitter:label1\" content=\"Escrito por\" \/>\n\t<meta name=\"twitter:data1\" content=\"Washington Tiago\" \/>\n\t<meta name=\"twitter:label2\" content=\"Est. tempo de leitura\" \/>\n\t<meta name=\"twitter:data2\" content=\"2 minutos\" \/>\n<script type=\"application\/ld+json\" class=\"yoast-schema-graph\">{\"@context\":\"https:\/\/schema.org\",\"@graph\":[{\"@type\":\"Article\",\"@id\":\"https:\/\/sudoesteacontece.com.br\/?p=10398#article\",\"isPartOf\":{\"@id\":\"https:\/\/sudoesteacontece.com.br\/?p=10398\"},\"author\":{\"name\":\"Washington Tiago\",\"@id\":\"https:\/\/sudoesteacontece.com.br\/#\/schema\/person\/3cf2cf009926a9683ebc29d5379fa79c\"},\"headline\":\"Filha do cantor Amado Batista morre aos 46 anos ap\u00f3s lutar contra c\u00e2ncer no f\u00edgado\",\"datePublished\":\"2026-03-14T15:59:30+00:00\",\"dateModified\":\"2026-03-14T15:59:34+00:00\",\"mainEntityOfPage\":{\"@id\":\"https:\/\/sudoesteacontece.com.br\/?p=10398\"},\"wordCount\":348,\"commentCount\":0,\"publisher\":{\"@id\":\"https:\/\/sudoesteacontece.com.br\/#organization\"},\"image\":{\"@id\":\"https:\/\/sudoesteacontece.com.br\/?p=10398#primaryimage\"},\"thumbnailUrl\":\"http:\/\/sudoesteacontece.com.br\/wp-content\/uploads\/2026\/03\/Filha-do-cantor-Amado-Batista-morre-aos-46-anos-apos-lutar-contra-cancer-no-figado.jpg\",\"articleSection\":[\"TV, R\u00e1dio e Cinema\"],\"inLanguage\":\"pt-BR\",\"potentialAction\":[{\"@type\":\"CommentAction\",\"name\":\"Comment\",\"target\":[\"https:\/\/sudoesteacontece.com.br\/?p=10398#respond\"]}]},{\"@type\":\"WebPage\",\"@id\":\"https:\/\/sudoesteacontece.com.br\/?p=10398\",\"url\":\"https:\/\/sudoesteacontece.com.br\/?p=10398\",\"name\":\"Filha do cantor Amado Batista morre aos 46 anos ap\u00f3s lutar contra c\u00e2ncer no f\u00edgado - Sudoesteacontece\",\"isPartOf\":{\"@id\":\"https:\/\/sudoesteacontece.com.br\/#website\"},\"primaryImageOfPage\":{\"@id\":\"https:\/\/sudoesteacontece.com.br\/?p=10398#primaryimage\"},\"image\":{\"@id\":\"https:\/\/sudoesteacontece.com.br\/?p=10398#primaryimage\"},\"thumbnailUrl\":\"http:\/\/sudoesteacontece.com.br\/wp-content\/uploads\/2026\/03\/Filha-do-cantor-Amado-Batista-morre-aos-46-anos-apos-lutar-contra-cancer-no-figado.jpg\",\"datePublished\":\"2026-03-14T15:59:30+00:00\",\"dateModified\":\"2026-03-14T15:59:34+00:00\",\"breadcrumb\":{\"@id\":\"https:\/\/sudoesteacontece.com.br\/?p=10398#breadcrumb\"},\"inLanguage\":\"pt-BR\",\"potentialAction\":[{\"@type\":\"ReadAction\",\"target\":[\"https:\/\/sudoesteacontece.com.br\/?p=10398\"]}]},{\"@type\":\"ImageObject\",\"inLanguage\":\"pt-BR\",\"@id\":\"https:\/\/sudoesteacontece.com.br\/?p=10398#primaryimage\",\"url\":\"https:\/\/sudoesteacontece.com.br\/wp-content\/uploads\/2026\/03\/Filha-do-cantor-Amado-Batista-morre-aos-46-anos-apos-lutar-contra-cancer-no-figado.jpg\",\"contentUrl\":\"https:\/\/sudoesteacontece.com.br\/wp-content\/uploads\/2026\/03\/Filha-do-cantor-Amado-Batista-morre-aos-46-anos-apos-lutar-contra-cancer-no-figado.jpg\",\"width\":900,\"height\":600},{\"@type\":\"BreadcrumbList\",\"@id\":\"https:\/\/sudoesteacontece.com.br\/?p=10398#breadcrumb\",\"itemListElement\":[{\"@type\":\"ListItem\",\"position\":1,\"name\":\"In\u00edcio\",\"item\":\"https:\/\/sudoesteacontece.com.br\/\"},{\"@type\":\"ListItem\",\"position\":2,\"name\":\"Filha do cantor Amado Batista morre aos 46 anos ap\u00f3s lutar contra c\u00e2ncer no f\u00edgado\"}]},{\"@type\":\"WebSite\",\"@id\":\"https:\/\/sudoesteacontece.com.br\/#website\",\"url\":\"https:\/\/sudoesteacontece.com.br\/\",\"name\":\"Sudoesteacontece\",\"description\":\"\",\"publisher\":{\"@id\":\"https:\/\/sudoesteacontece.com.br\/#organization\"},\"potentialAction\":[{\"@type\":\"SearchAction\",\"target\":{\"@type\":\"EntryPoint\",\"urlTemplate\":\"https:\/\/sudoesteacontece.com.br\/?s={search_term_string}\"},\"query-input\":{\"@type\":\"PropertyValueSpecification\",\"valueRequired\":true,\"valueName\":\"search_term_string\"}}],\"inLanguage\":\"pt-BR\"},{\"@type\":\"Organization\",\"@id\":\"https:\/\/sudoesteacontece.com.br\/#organization\",\"name\":\"Sudoesteacontece\",\"url\":\"https:\/\/sudoesteacontece.com.br\/\",\"logo\":{\"@type\":\"ImageObject\",\"inLanguage\":\"pt-BR\",\"@id\":\"https:\/\/sudoesteacontece.com.br\/#\/schema\/logo\/image\/\",\"url\":\"https:\/\/sudoesteacontece.com.br\/wp-content\/uploads\/2025\/12\/cropped-logo-2-180x180-1.png\",\"contentUrl\":\"https:\/\/sudoesteacontece.com.br\/wp-content\/uploads\/2025\/12\/cropped-logo-2-180x180-1.png\",\"width\":180,\"height\":180,\"caption\":\"Sudoesteacontece\"},\"image\":{\"@id\":\"https:\/\/sudoesteacontece.com.br\/#\/schema\/logo\/image\/\"},\"sameAs\":[\"https:\/\/www.facebook.com\/sudoesteacontece\/?locale=pt_BR\"]},{\"@type\":\"Person\",\"@id\":\"https:\/\/sudoesteacontece.com.br\/#\/schema\/person\/3cf2cf009926a9683ebc29d5379fa79c\",\"name\":\"Washington Tiago\",\"image\":{\"@type\":\"ImageObject\",\"inLanguage\":\"pt-BR\",\"@id\":\"https:\/\/sudoesteacontece.com.br\/#\/schema\/person\/image\/\",\"url\":\"https:\/\/secure.gravatar.com\/avatar\/33c43b8668157e040f9d1fe93c354bf087cbd8ba36270c1163198bd3ddcf2a56?s=96&d=mm&r=g\",\"contentUrl\":\"https:\/\/secure.gravatar.com\/avatar\/33c43b8668157e040f9d1fe93c354bf087cbd8ba36270c1163198bd3ddcf2a56?s=96&d=mm&r=g\",\"caption\":\"Washington Tiago\"},\"url\":\"https:\/\/sudoesteacontece.com.br\/?author=2\"}]}<\/script>\n<!-- \/ Yoast SEO plugin. -->","yoast_head_json":{"title":"Filha do cantor Amado Batista morre aos 46 anos ap\u00f3s lutar contra c\u00e2ncer no f\u00edgado - Sudoesteacontece","robots":{"index":"index","follow":"follow","max-snippet":"max-snippet:-1","max-image-preview":"max-image-preview:large","max-video-preview":"max-video-preview:-1"},"canonical":"https:\/\/sudoesteacontece.com.br\/?p=10398","og_locale":"pt_BR","og_type":"article","og_title":"Filha do cantor Amado Batista morre aos 46 anos ap\u00f3s lutar contra c\u00e2ncer no f\u00edgado - Sudoesteacontece","og_description":"Luto marcou a fam\u00edlia do cantor Amado Batista ap\u00f3s a morte de sua filha Lorena Batista, aos 46 anos. Ela faleceu na sexta-feira (13), em Goi\u00e2nia, ap\u00f3s enfrentar uma batalha contra um c\u00e2ncer diagnosticado cerca de um ano antes. Tratamento vinha sendo realizado no Hospital S\u00e3o Francisco, onde Lorena estava internada nos \u00faltimos dias. A morte foi confirmada por familiares, que acompanharam de perto o per\u00edodo de luta contra a doen\u00e7a. Diagn\u00f3stico havia sido revelado pela pr\u00f3pria Lorena nas redes sociais no ano passado. Na ocasi\u00e3o, ela contou aos seguidores que havia descoberto um problema grave de sa\u00fade pouco tempo depois de um projeto musical gravado pelo pai. Coragem marcou as palavras da filha do cantor ao comentar a doen\u00e7a publicamente. Em um v\u00eddeo publicado nas redes sociais, ela afirmou que enfrentaria o tratamento com f\u00e9 e determina\u00e7\u00e3o, destacando a import\u00e2ncia de lutar mesmo diante das dificuldades. Informa\u00e7\u00f5es da fam\u00edlia indicam que o c\u00e2ncer estava localizado no f\u00edgado e se tratava de uma neoplasia maligna. Segundo relatos, a doen\u00e7a j\u00e1 havia se espalhado para outras partes do corpo, quadro conhecido como met\u00e1stase, o que agravou o estado de sa\u00fade. Despedida foi descrita por familiares como um momento de profunda dor. Lorena Batista deixa um filho de tr\u00eas anos e era a \u00fanica filha mulher do cantor, fruto do segundo casamento do artista. Homenagem emocionada foi publicada por Amado Batista ap\u00f3s a confirma\u00e7\u00e3o da morte. Em mensagem nas redes sociais, o cantor afirmou que a perda da filha representa um dos momentos mais dif\u00edceis de sua vida e comparou a dor a \u201cuma m\u00fasica que termina antes da hora\u201d. Vel\u00f3rio ser\u00e1 realizado em cerim\u00f4nia reservada apenas para familiares e amigos mais pr\u00f3ximos. A fam\u00edlia optou por manter a despedida em clima de privacidade, diante do momento delicado enfrentado ap\u00f3s a perda.","og_url":"https:\/\/sudoesteacontece.com.br\/?p=10398","og_site_name":"Sudoesteacontece","article_publisher":"https:\/\/www.facebook.com\/sudoesteacontece\/?locale=pt_BR","article_published_time":"2026-03-14T15:59:30+00:00","article_modified_time":"2026-03-14T15:59:34+00:00","og_image":[{"url":"http:\/\/sudoesteacontece.com.br\/wp-content\/uploads\/2026\/03\/Filha-do-cantor-Amado-Batista-morre-aos-46-anos-apos-lutar-contra-cancer-no-figado.jpg","type":"","width":"","height":""}],"author":"Washington Tiago","twitter_card":"summary_large_image","twitter_misc":{"Escrito por":"Washington Tiago","Est. tempo de leitura":"2 minutos"},"schema":{"@context":"https:\/\/schema.org","@graph":[{"@type":"Article","@id":"https:\/\/sudoesteacontece.com.br\/?p=10398#article","isPartOf":{"@id":"https:\/\/sudoesteacontece.com.br\/?p=10398"},"author":{"name":"Washington Tiago","@id":"https:\/\/sudoesteacontece.com.br\/#\/schema\/person\/3cf2cf009926a9683ebc29d5379fa79c"},"headline":"Filha do cantor Amado Batista morre aos 46 anos ap\u00f3s lutar contra c\u00e2ncer no f\u00edgado","datePublished":"2026-03-14T15:59:30+00:00","dateModified":"2026-03-14T15:59:34+00:00","mainEntityOfPage":{"@id":"https:\/\/sudoesteacontece.com.br\/?p=10398"},"wordCount":348,"commentCount":0,"publisher":{"@id":"https:\/\/sudoesteacontece.com.br\/#organization"},"image":{"@id":"https:\/\/sudoesteacontece.com.br\/?p=10398#primaryimage"},"thumbnailUrl":"http:\/\/sudoesteacontece.com.br\/wp-content\/uploads\/2026\/03\/Filha-do-cantor-Amado-Batista-morre-aos-46-anos-apos-lutar-contra-cancer-no-figado.jpg","articleSection":["TV, R\u00e1dio e Cinema"],"inLanguage":"pt-BR","potentialAction":[{"@type":"CommentAction","name":"Comment","target":["https:\/\/sudoesteacontece.com.br\/?p=10398#respond"]}]},{"@type":"WebPage","@id":"https:\/\/sudoesteacontece.com.br\/?p=10398","url":"https:\/\/sudoesteacontece.com.br\/?p=10398","name":"Filha do cantor Amado Batista morre aos 46 anos ap\u00f3s lutar contra c\u00e2ncer no f\u00edgado - Sudoesteacontece","isPartOf":{"@id":"https:\/\/sudoesteacontece.com.br\/#website"},"primaryImageOfPage":{"@id":"https:\/\/sudoesteacontece.com.br\/?p=10398#primaryimage"},"image":{"@id":"https:\/\/sudoesteacontece.com.br\/?p=10398#primaryimage"},"thumbnailUrl":"http:\/\/sudoesteacontece.com.br\/wp-content\/uploads\/2026\/03\/Filha-do-cantor-Amado-Batista-morre-aos-46-anos-apos-lutar-contra-cancer-no-figado.jpg","datePublished":"2026-03-14T15:59:30+00:00","dateModified":"2026-03-14T15:59:34+00:00","breadcrumb":{"@id":"https:\/\/sudoesteacontece.com.br\/?p=10398#breadcrumb"},"inLanguage":"pt-BR","potentialAction":[{"@type":"ReadAction","target":["https:\/\/sudoesteacontece.com.br\/?p=10398"]}]},{"@type":"ImageObject","inLanguage":"pt-BR","@id":"https:\/\/sudoesteacontece.com.br\/?p=10398#primaryimage","url":"https:\/\/sudoesteacontece.com.br\/wp-content\/uploads\/2026\/03\/Filha-do-cantor-Amado-Batista-morre-aos-46-anos-apos-lutar-contra-cancer-no-figado.jpg","contentUrl":"https:\/\/sudoesteacontece.com.br\/wp-content\/uploads\/2026\/03\/Filha-do-cantor-Amado-Batista-morre-aos-46-anos-apos-lutar-contra-cancer-no-figado.jpg","width":900,"height":600},{"@type":"BreadcrumbList","@id":"https:\/\/sudoesteacontece.com.br\/?p=10398#breadcrumb","itemListElement":[{"@type":"ListItem","position":1,"name":"In\u00edcio","item":"https:\/\/sudoesteacontece.com.br\/"},{"@type":"ListItem","position":2,"name":"Filha do cantor Amado Batista morre aos 46 anos ap\u00f3s lutar contra c\u00e2ncer no f\u00edgado"}]},{"@type":"WebSite","@id":"https:\/\/sudoesteacontece.com.br\/#website","url":"https:\/\/sudoesteacontece.com.br\/","name":"Sudoesteacontece","description":"","publisher":{"@id":"https:\/\/sudoesteacontece.com.br\/#organization"},"potentialAction":[{"@type":"SearchAction","target":{"@type":"EntryPoint","urlTemplate":"https:\/\/sudoesteacontece.com.br\/?s={search_term_string}"},"query-input":{"@type":"PropertyValueSpecification","valueRequired":true,"valueName":"search_term_string"}}],"inLanguage":"pt-BR"},{"@type":"Organization","@id":"https:\/\/sudoesteacontece.com.br\/#organization","name":"Sudoesteacontece","url":"https:\/\/sudoesteacontece.com.br\/","logo":{"@type":"ImageObject","inLanguage":"pt-BR","@id":"https:\/\/sudoesteacontece.com.br\/#\/schema\/logo\/image\/","url":"https:\/\/sudoesteacontece.com.br\/wp-content\/uploads\/2025\/12\/cropped-logo-2-180x180-1.png","contentUrl":"https:\/\/sudoesteacontece.com.br\/wp-content\/uploads\/2025\/12\/cropped-logo-2-180x180-1.png","width":180,"height":180,"caption":"Sudoesteacontece"},"image":{"@id":"https:\/\/sudoesteacontece.com.br\/#\/schema\/logo\/image\/"},"sameAs":["https:\/\/www.facebook.com\/sudoesteacontece\/?locale=pt_BR"]},{"@type":"Person","@id":"https:\/\/sudoesteacontece.com.br\/#\/schema\/person\/3cf2cf009926a9683ebc29d5379fa79c","name":"Washington Tiago","image":{"@type":"ImageObject","inLanguage":"pt-BR","@id":"https:\/\/sudoesteacontece.com.br\/#\/schema\/person\/image\/","url":"https:\/\/secure.gravatar.com\/avatar\/33c43b8668157e040f9d1fe93c354bf087cbd8ba36270c1163198bd3ddcf2a56?s=96&d=mm&r=g","contentUrl":"https:\/\/secure.gravatar.com\/avatar\/33c43b8668157e040f9d1fe93c354bf087cbd8ba36270c1163198bd3ddcf2a56?s=96&d=mm&r=g","caption":"Washington Tiago"},"url":"https:\/\/sudoesteacontece.com.br\/?author=2"}]}},"_links":{"self":[{"href":"https:\/\/sudoesteacontece.com.br\/index.php?rest_route=\/wp\/v2\/posts\/10398","targetHints":{"allow":["GET"]}}],"collection":[{"href":"https:\/\/sudoesteacontece.com.br\/index.php?rest_route=\/wp\/v2\/posts"}],"about":[{"href":"https:\/\/sudoesteacontece.com.br\/index.php?rest_route=\/wp\/v2\/types\/post"}],"author":[{"embeddable":true,"href":"https:\/\/sudoesteacontece.com.br\/index.php?rest_route=\/wp\/v2\/users\/2"}],"replies":[{"embeddable":true,"href":"https:\/\/sudoesteacontece.com.br\/index.php?rest_route=%2Fwp%2Fv2%2Fcomments&post=10398"}],"version-history":[{"count":0,"href":"https:\/\/sudoesteacontece.com.br\/index.php?rest_route=\/wp\/v2\/posts\/10398\/revisions"}],"wp:attachment":[{"href":"https:\/\/sudoesteacontece.com.br\/index.php?rest_route=%2Fwp%2Fv2%2Fmedia&parent=10398"}],"wp:term":[{"taxonomy":"category","embeddable":true,"href":"https:\/\/sudoesteacontece.com.br\/index.php?rest_route=%2Fwp%2Fv2%2Fcategories&post=10398"},{"taxonomy":"post_tag","embeddable":true,"href":"https:\/\/sudoesteacontece.com.br\/index.php?rest_route=%2Fwp%2Fv2%2Ftags&post=10398"}],"curies":[{"name":"wp","href":"https:\/\/api.w.org\/{rel}","templated":true}]}}