{"id":10399,"date":"2026-03-14T13:26:16","date_gmt":"2026-03-14T16:26:16","guid":{"rendered":"https:\/\/sudoesteacontece.com.br\/?p=10399"},"modified":"2026-03-14T13:26:21","modified_gmt":"2026-03-14T16:26:21","slug":"infeccoes-respiratorias-disparam-no-brasil-e-acendem-alerta-para-hospitais-e-autoridades","status":"publish","type":"post","link":"https:\/\/sudoesteacontece.com.br\/?p=10399","title":{"rendered":"Infec\u00e7\u00f5es respirat\u00f3rias disparam no Brasil e acendem alerta para hospitais e autoridades"},"content":{"rendered":"<div class=\"wp-block-image\">\n<figure class=\"aligncenter size-full\"><img fetchpriority=\"high\" decoding=\"async\" width=\"900\" height=\"600\" src=\"http:\/\/sudoesteacontece.com.br\/wp-content\/uploads\/2026\/03\/Infeccoes-respiratorias-disparam-no-Brasil-e-acendem-alerta-para-hospitais-e-autoridades.jpg\" alt=\"\" class=\"wp-image-10442\" srcset=\"https:\/\/sudoesteacontece.com.br\/wp-content\/uploads\/2026\/03\/Infeccoes-respiratorias-disparam-no-Brasil-e-acendem-alerta-para-hospitais-e-autoridades.jpg 900w, https:\/\/sudoesteacontece.com.br\/wp-content\/uploads\/2026\/03\/Infeccoes-respiratorias-disparam-no-Brasil-e-acendem-alerta-para-hospitais-e-autoridades-300x200.jpg 300w, https:\/\/sudoesteacontece.com.br\/wp-content\/uploads\/2026\/03\/Infeccoes-respiratorias-disparam-no-Brasil-e-acendem-alerta-para-hospitais-e-autoridades-768x512.jpg 768w\" sizes=\"(max-width: 900px) 100vw, 900px\" \/><\/figure>\n<\/div>\n\n\n<p>Casos graves de infec\u00e7\u00f5es respirat\u00f3rias seguem em alta no Brasil, segundo boletim divulgado pela Fiocruz nesta sexta-feira (13). A S\u00edndrome Respirat\u00f3ria Aguda Grave (SRAG) apresenta crescimento em praticamente todo o pa\u00eds, com exce\u00e7\u00e3o do Tocantins, evidenciando press\u00e3o sobre sistemas de sa\u00fade e aten\u00e7\u00e3o redobrada para crian\u00e7as e idosos.<\/p>\n\n\n\n<p>Levantamento do InfoGripe aponta que 12 estados est\u00e3o em n\u00edveis de alerta, risco ou alto risco, incluindo Acre, Amazonas, Par\u00e1, Amap\u00e1, Rond\u00f4nia, Roraima, Mato Grosso, Mato Grosso do Sul, Goi\u00e1s, Distrito Federal, Cear\u00e1 e Sergipe. O crescimento dos casos graves est\u00e1 associado, principalmente, \u00e0 circula\u00e7\u00e3o intensa do rinov\u00edrus, especialmente entre crian\u00e7as de 2 a 14 anos.<\/p>\n\n\n\n<p>Al\u00e9m do rinov\u00edrus, outros v\u00edrus contribuem para o aumento das hospitaliza\u00e7\u00f5es. A influenza A representa 20,8% das infec\u00e7\u00f5es positivas, com maior impacto no Norte e Nordeste, enquanto o SARS-CoV-2 (COVID-19) corresponde a 15,8% e o V\u00edrus Sincicial Respirat\u00f3rio (VSR) a 13,5%. Esses agentes refor\u00e7am a necessidade de monitoramento constante das unidades de sa\u00fade.<\/p>\n\n\n\n<p>Entre as capitais, 15 das 27 apresentam tend\u00eancia de crescimento da SRAG nas \u00faltimas seis semanas. Cidades como Aracaju, Bel\u00e9m, Belo Horizonte, Bras\u00edlia, Fortaleza, Recife e S\u00e3o Lu\u00eds registram aumento de casos, o que acende alerta para equipes m\u00e9dicas e gestores p\u00fablicos, principalmente para a aten\u00e7\u00e3o de crian\u00e7as e adolescentes.<\/p>\n\n\n\n<p>Casos de SRAG associados \u00e0 COVID-19 apresentam leve crescimento em estados como S\u00e3o Paulo e Rio de Janeiro, por\u00e9m ainda em n\u00edveis baixos, sem impacto significativo nas interna\u00e7\u00f5es hospitalares. Especialistas destacam que a combina\u00e7\u00e3o de v\u00edrus respirat\u00f3rios, especialmente o rinov\u00edrus e a influenza A, contribui para sobrecarga parcial de hospitais em regi\u00f5es mais afetadas.<\/p>\n\n\n\n<p>Autoridades de sa\u00fade refor\u00e7am a import\u00e2ncia da vacina\u00e7\u00e3o, da higiene respirat\u00f3ria e do acompanhamento m\u00e9dico imediato em caso de sintomas graves. O aumento expressivo de infec\u00e7\u00f5es respirat\u00f3rias evidencia a necessidade de aten\u00e7\u00e3o cont\u00ednua, principalmente para p\u00fablicos vulner\u00e1veis, como crian\u00e7as, idosos e pessoas com comorbidades.<\/p>\n","protected":false},"excerpt":{"rendered":"<p>Casos graves de infec\u00e7\u00f5es respirat\u00f3rias seguem em alta no Brasil, segundo boletim divulgado pela Fiocruz nesta sexta-feira (13). A S\u00edndrome Respirat\u00f3ria Aguda Grave (SRAG) apresenta crescimento em praticamente todo o pa\u00eds, com exce\u00e7\u00e3o do Tocantins, evidenciando press\u00e3o sobre sistemas de sa\u00fade e aten\u00e7\u00e3o redobrada para crian\u00e7as e idosos. Levantamento do InfoGripe aponta que 12 estados est\u00e3o em n\u00edveis de alerta, risco ou alto risco, incluindo Acre, Amazonas, Par\u00e1, Amap\u00e1, Rond\u00f4nia, Roraima, Mato Grosso, Mato Grosso do Sul, Goi\u00e1s, Distrito Federal, Cear\u00e1 e Sergipe. O crescimento dos casos graves est\u00e1 associado, principalmente, \u00e0 circula\u00e7\u00e3o intensa do rinov\u00edrus, especialmente entre crian\u00e7as de 2 a 14 anos. Al\u00e9m do rinov\u00edrus, outros v\u00edrus contribuem para o aumento das hospitaliza\u00e7\u00f5es. A influenza A representa 20,8% das infec\u00e7\u00f5es positivas, com maior impacto no Norte e Nordeste, enquanto o SARS-CoV-2 (COVID-19) corresponde a 15,8% e o V\u00edrus Sincicial Respirat\u00f3rio (VSR) a 13,5%. Esses agentes refor\u00e7am a necessidade de monitoramento constante das unidades de sa\u00fade. Entre as capitais, 15 das 27 apresentam tend\u00eancia de crescimento da SRAG nas \u00faltimas seis semanas. Cidades como Aracaju, Bel\u00e9m, Belo Horizonte, Bras\u00edlia, Fortaleza, Recife e S\u00e3o Lu\u00eds registram aumento de casos, o que acende alerta para equipes m\u00e9dicas e gestores p\u00fablicos, principalmente para a aten\u00e7\u00e3o de crian\u00e7as e adolescentes. Casos de SRAG associados \u00e0 COVID-19 apresentam leve crescimento em estados como S\u00e3o Paulo e Rio de Janeiro, por\u00e9m ainda em n\u00edveis baixos, sem impacto significativo nas interna\u00e7\u00f5es hospitalares. Especialistas destacam que a combina\u00e7\u00e3o de v\u00edrus respirat\u00f3rios, especialmente o rinov\u00edrus e a influenza A, contribui para sobrecarga parcial de hospitais em regi\u00f5es mais afetadas. Autoridades de sa\u00fade refor\u00e7am a import\u00e2ncia da vacina\u00e7\u00e3o, da higiene respirat\u00f3ria e do acompanhamento m\u00e9dico imediato em caso de sintomas graves. O aumento expressivo de infec\u00e7\u00f5es respirat\u00f3rias evidencia a necessidade de aten\u00e7\u00e3o cont\u00ednua, principalmente para p\u00fablicos vulner\u00e1veis, como crian\u00e7as, idosos e pessoas com comorbidades.<\/p>\n","protected":false},"author":1,"featured_media":0,"comment_status":"open","ping_status":"open","sticky":false,"template":"","format":"standard","meta":{"footnotes":""},"categories":[53,6,45],"tags":[],"class_list":["post-10399","post","type-post","status-publish","format-standard","hentry","category-brasil","category-politica","category-saude"],"yoast_head":"<!-- This site is optimized with the Yoast SEO plugin v26.5 - https:\/\/yoast.com\/wordpress\/plugins\/seo\/ -->\n<title>Infec\u00e7\u00f5es respirat\u00f3rias disparam no Brasil e acendem alerta para hospitais e autoridades - Sudoesteacontece<\/title>\n<meta name=\"robots\" content=\"index, follow, max-snippet:-1, max-image-preview:large, max-video-preview:-1\" \/>\n<link rel=\"canonical\" href=\"https:\/\/sudoesteacontece.com.br\/?p=10399\" \/>\n<meta property=\"og:locale\" content=\"pt_BR\" \/>\n<meta property=\"og:type\" content=\"article\" \/>\n<meta property=\"og:title\" content=\"Infec\u00e7\u00f5es respirat\u00f3rias disparam no Brasil e acendem alerta para hospitais e autoridades - Sudoesteacontece\" \/>\n<meta property=\"og:description\" content=\"Casos graves de infec\u00e7\u00f5es respirat\u00f3rias seguem em alta no Brasil, segundo boletim divulgado pela Fiocruz nesta sexta-feira (13). A S\u00edndrome Respirat\u00f3ria Aguda Grave (SRAG) apresenta crescimento em praticamente todo o pa\u00eds, com exce\u00e7\u00e3o do Tocantins, evidenciando press\u00e3o sobre sistemas de sa\u00fade e aten\u00e7\u00e3o redobrada para crian\u00e7as e idosos. Levantamento do InfoGripe aponta que 12 estados est\u00e3o em n\u00edveis de alerta, risco ou alto risco, incluindo Acre, Amazonas, Par\u00e1, Amap\u00e1, Rond\u00f4nia, Roraima, Mato Grosso, Mato Grosso do Sul, Goi\u00e1s, Distrito Federal, Cear\u00e1 e Sergipe. O crescimento dos casos graves est\u00e1 associado, principalmente, \u00e0 circula\u00e7\u00e3o intensa do rinov\u00edrus, especialmente entre crian\u00e7as de 2 a 14 anos. Al\u00e9m do rinov\u00edrus, outros v\u00edrus contribuem para o aumento das hospitaliza\u00e7\u00f5es. A influenza A representa 20,8% das infec\u00e7\u00f5es positivas, com maior impacto no Norte e Nordeste, enquanto o SARS-CoV-2 (COVID-19) corresponde a 15,8% e o V\u00edrus Sincicial Respirat\u00f3rio (VSR) a 13,5%. Esses agentes refor\u00e7am a necessidade de monitoramento constante das unidades de sa\u00fade. Entre as capitais, 15 das 27 apresentam tend\u00eancia de crescimento da SRAG nas \u00faltimas seis semanas. Cidades como Aracaju, Bel\u00e9m, Belo Horizonte, Bras\u00edlia, Fortaleza, Recife e S\u00e3o Lu\u00eds registram aumento de casos, o que acende alerta para equipes m\u00e9dicas e gestores p\u00fablicos, principalmente para a aten\u00e7\u00e3o de crian\u00e7as e adolescentes. Casos de SRAG associados \u00e0 COVID-19 apresentam leve crescimento em estados como S\u00e3o Paulo e Rio de Janeiro, por\u00e9m ainda em n\u00edveis baixos, sem impacto significativo nas interna\u00e7\u00f5es hospitalares. Especialistas destacam que a combina\u00e7\u00e3o de v\u00edrus respirat\u00f3rios, especialmente o rinov\u00edrus e a influenza A, contribui para sobrecarga parcial de hospitais em regi\u00f5es mais afetadas. Autoridades de sa\u00fade refor\u00e7am a import\u00e2ncia da vacina\u00e7\u00e3o, da higiene respirat\u00f3ria e do acompanhamento m\u00e9dico imediato em caso de sintomas graves. O aumento expressivo de infec\u00e7\u00f5es respirat\u00f3rias evidencia a necessidade de aten\u00e7\u00e3o cont\u00ednua, principalmente para p\u00fablicos vulner\u00e1veis, como crian\u00e7as, idosos e pessoas com comorbidades.\" \/>\n<meta property=\"og:url\" content=\"https:\/\/sudoesteacontece.com.br\/?p=10399\" \/>\n<meta property=\"og:site_name\" content=\"Sudoesteacontece\" \/>\n<meta property=\"article:publisher\" content=\"https:\/\/www.facebook.com\/sudoesteacontece\/?locale=pt_BR\" \/>\n<meta property=\"article:published_time\" content=\"2026-03-14T16:26:16+00:00\" \/>\n<meta property=\"article:modified_time\" content=\"2026-03-14T16:26:21+00:00\" \/>\n<meta property=\"og:image\" content=\"http:\/\/sudoesteacontece.com.br\/wp-content\/uploads\/2026\/03\/Infeccoes-respiratorias-disparam-no-Brasil-e-acendem-alerta-para-hospitais-e-autoridades.jpg\" \/>\n<meta name=\"author\" content=\"sudoesteacontece\" \/>\n<meta name=\"twitter:card\" content=\"summary_large_image\" \/>\n<meta name=\"twitter:label1\" content=\"Escrito por\" \/>\n\t<meta name=\"twitter:data1\" content=\"sudoesteacontece\" \/>\n\t<meta name=\"twitter:label2\" content=\"Est. tempo de leitura\" \/>\n\t<meta name=\"twitter:data2\" content=\"2 minutos\" \/>\n<script type=\"application\/ld+json\" class=\"yoast-schema-graph\">{\"@context\":\"https:\/\/schema.org\",\"@graph\":[{\"@type\":\"Article\",\"@id\":\"https:\/\/sudoesteacontece.com.br\/?p=10399#article\",\"isPartOf\":{\"@id\":\"https:\/\/sudoesteacontece.com.br\/?p=10399\"},\"author\":{\"name\":\"sudoesteacontece\",\"@id\":\"https:\/\/sudoesteacontece.com.br\/#\/schema\/person\/f4b00cd0a26ac17646f19707cdceb2ce\"},\"headline\":\"Infec\u00e7\u00f5es respirat\u00f3rias disparam no Brasil e acendem alerta para hospitais e autoridades\",\"datePublished\":\"2026-03-14T16:26:16+00:00\",\"dateModified\":\"2026-03-14T16:26:21+00:00\",\"mainEntityOfPage\":{\"@id\":\"https:\/\/sudoesteacontece.com.br\/?p=10399\"},\"wordCount\":365,\"commentCount\":0,\"publisher\":{\"@id\":\"https:\/\/sudoesteacontece.com.br\/#organization\"},\"image\":{\"@id\":\"https:\/\/sudoesteacontece.com.br\/?p=10399#primaryimage\"},\"thumbnailUrl\":\"http:\/\/sudoesteacontece.com.br\/wp-content\/uploads\/2026\/03\/Infeccoes-respiratorias-disparam-no-Brasil-e-acendem-alerta-para-hospitais-e-autoridades.jpg\",\"articleSection\":[\"Brasil\",\"Pol\u00edtica\",\"Sa\u00fade\"],\"inLanguage\":\"pt-BR\",\"potentialAction\":[{\"@type\":\"CommentAction\",\"name\":\"Comment\",\"target\":[\"https:\/\/sudoesteacontece.com.br\/?p=10399#respond\"]}]},{\"@type\":\"WebPage\",\"@id\":\"https:\/\/sudoesteacontece.com.br\/?p=10399\",\"url\":\"https:\/\/sudoesteacontece.com.br\/?p=10399\",\"name\":\"Infec\u00e7\u00f5es respirat\u00f3rias disparam no Brasil e acendem alerta para hospitais e autoridades - Sudoesteacontece\",\"isPartOf\":{\"@id\":\"https:\/\/sudoesteacontece.com.br\/#website\"},\"primaryImageOfPage\":{\"@id\":\"https:\/\/sudoesteacontece.com.br\/?p=10399#primaryimage\"},\"image\":{\"@id\":\"https:\/\/sudoesteacontece.com.br\/?p=10399#primaryimage\"},\"thumbnailUrl\":\"http:\/\/sudoesteacontece.com.br\/wp-content\/uploads\/2026\/03\/Infeccoes-respiratorias-disparam-no-Brasil-e-acendem-alerta-para-hospitais-e-autoridades.jpg\",\"datePublished\":\"2026-03-14T16:26:16+00:00\",\"dateModified\":\"2026-03-14T16:26:21+00:00\",\"breadcrumb\":{\"@id\":\"https:\/\/sudoesteacontece.com.br\/?p=10399#breadcrumb\"},\"inLanguage\":\"pt-BR\",\"potentialAction\":[{\"@type\":\"ReadAction\",\"target\":[\"https:\/\/sudoesteacontece.com.br\/?p=10399\"]}]},{\"@type\":\"ImageObject\",\"inLanguage\":\"pt-BR\",\"@id\":\"https:\/\/sudoesteacontece.com.br\/?p=10399#primaryimage\",\"url\":\"https:\/\/sudoesteacontece.com.br\/wp-content\/uploads\/2026\/03\/Infeccoes-respiratorias-disparam-no-Brasil-e-acendem-alerta-para-hospitais-e-autoridades.jpg\",\"contentUrl\":\"https:\/\/sudoesteacontece.com.br\/wp-content\/uploads\/2026\/03\/Infeccoes-respiratorias-disparam-no-Brasil-e-acendem-alerta-para-hospitais-e-autoridades.jpg\",\"width\":900,\"height\":600},{\"@type\":\"BreadcrumbList\",\"@id\":\"https:\/\/sudoesteacontece.com.br\/?p=10399#breadcrumb\",\"itemListElement\":[{\"@type\":\"ListItem\",\"position\":1,\"name\":\"In\u00edcio\",\"item\":\"https:\/\/sudoesteacontece.com.br\/\"},{\"@type\":\"ListItem\",\"position\":2,\"name\":\"Infec\u00e7\u00f5es respirat\u00f3rias disparam no Brasil e acendem alerta para hospitais e autoridades\"}]},{\"@type\":\"WebSite\",\"@id\":\"https:\/\/sudoesteacontece.com.br\/#website\",\"url\":\"https:\/\/sudoesteacontece.com.br\/\",\"name\":\"Sudoesteacontece\",\"description\":\"\",\"publisher\":{\"@id\":\"https:\/\/sudoesteacontece.com.br\/#organization\"},\"potentialAction\":[{\"@type\":\"SearchAction\",\"target\":{\"@type\":\"EntryPoint\",\"urlTemplate\":\"https:\/\/sudoesteacontece.com.br\/?s={search_term_string}\"},\"query-input\":{\"@type\":\"PropertyValueSpecification\",\"valueRequired\":true,\"valueName\":\"search_term_string\"}}],\"inLanguage\":\"pt-BR\"},{\"@type\":\"Organization\",\"@id\":\"https:\/\/sudoesteacontece.com.br\/#organization\",\"name\":\"Sudoesteacontece\",\"url\":\"https:\/\/sudoesteacontece.com.br\/\",\"logo\":{\"@type\":\"ImageObject\",\"inLanguage\":\"pt-BR\",\"@id\":\"https:\/\/sudoesteacontece.com.br\/#\/schema\/logo\/image\/\",\"url\":\"https:\/\/sudoesteacontece.com.br\/wp-content\/uploads\/2025\/12\/cropped-logo-2-180x180-1.png\",\"contentUrl\":\"https:\/\/sudoesteacontece.com.br\/wp-content\/uploads\/2025\/12\/cropped-logo-2-180x180-1.png\",\"width\":180,\"height\":180,\"caption\":\"Sudoesteacontece\"},\"image\":{\"@id\":\"https:\/\/sudoesteacontece.com.br\/#\/schema\/logo\/image\/\"},\"sameAs\":[\"https:\/\/www.facebook.com\/sudoesteacontece\/?locale=pt_BR\"]},{\"@type\":\"Person\",\"@id\":\"https:\/\/sudoesteacontece.com.br\/#\/schema\/person\/f4b00cd0a26ac17646f19707cdceb2ce\",\"name\":\"sudoesteacontece\",\"image\":{\"@type\":\"ImageObject\",\"inLanguage\":\"pt-BR\",\"@id\":\"https:\/\/sudoesteacontece.com.br\/#\/schema\/person\/image\/\",\"url\":\"https:\/\/secure.gravatar.com\/avatar\/704557d1f79b454f041f9e5935f2b0e8393614e97e537fc508d1d628292cacfd?s=96&d=mm&r=g\",\"contentUrl\":\"https:\/\/secure.gravatar.com\/avatar\/704557d1f79b454f041f9e5935f2b0e8393614e97e537fc508d1d628292cacfd?s=96&d=mm&r=g\",\"caption\":\"sudoesteacontece\"},\"sameAs\":[\"http:\/\/sudoesteacontece.com.br\"],\"url\":\"https:\/\/sudoesteacontece.com.br\/?author=1\"}]}<\/script>\n<!-- \/ Yoast SEO plugin. -->","yoast_head_json":{"title":"Infec\u00e7\u00f5es respirat\u00f3rias disparam no Brasil e acendem alerta para hospitais e autoridades - Sudoesteacontece","robots":{"index":"index","follow":"follow","max-snippet":"max-snippet:-1","max-image-preview":"max-image-preview:large","max-video-preview":"max-video-preview:-1"},"canonical":"https:\/\/sudoesteacontece.com.br\/?p=10399","og_locale":"pt_BR","og_type":"article","og_title":"Infec\u00e7\u00f5es respirat\u00f3rias disparam no Brasil e acendem alerta para hospitais e autoridades - Sudoesteacontece","og_description":"Casos graves de infec\u00e7\u00f5es respirat\u00f3rias seguem em alta no Brasil, segundo boletim divulgado pela Fiocruz nesta sexta-feira (13). A S\u00edndrome Respirat\u00f3ria Aguda Grave (SRAG) apresenta crescimento em praticamente todo o pa\u00eds, com exce\u00e7\u00e3o do Tocantins, evidenciando press\u00e3o sobre sistemas de sa\u00fade e aten\u00e7\u00e3o redobrada para crian\u00e7as e idosos. Levantamento do InfoGripe aponta que 12 estados est\u00e3o em n\u00edveis de alerta, risco ou alto risco, incluindo Acre, Amazonas, Par\u00e1, Amap\u00e1, Rond\u00f4nia, Roraima, Mato Grosso, Mato Grosso do Sul, Goi\u00e1s, Distrito Federal, Cear\u00e1 e Sergipe. O crescimento dos casos graves est\u00e1 associado, principalmente, \u00e0 circula\u00e7\u00e3o intensa do rinov\u00edrus, especialmente entre crian\u00e7as de 2 a 14 anos. Al\u00e9m do rinov\u00edrus, outros v\u00edrus contribuem para o aumento das hospitaliza\u00e7\u00f5es. A influenza A representa 20,8% das infec\u00e7\u00f5es positivas, com maior impacto no Norte e Nordeste, enquanto o SARS-CoV-2 (COVID-19) corresponde a 15,8% e o V\u00edrus Sincicial Respirat\u00f3rio (VSR) a 13,5%. Esses agentes refor\u00e7am a necessidade de monitoramento constante das unidades de sa\u00fade. Entre as capitais, 15 das 27 apresentam tend\u00eancia de crescimento da SRAG nas \u00faltimas seis semanas. Cidades como Aracaju, Bel\u00e9m, Belo Horizonte, Bras\u00edlia, Fortaleza, Recife e S\u00e3o Lu\u00eds registram aumento de casos, o que acende alerta para equipes m\u00e9dicas e gestores p\u00fablicos, principalmente para a aten\u00e7\u00e3o de crian\u00e7as e adolescentes. Casos de SRAG associados \u00e0 COVID-19 apresentam leve crescimento em estados como S\u00e3o Paulo e Rio de Janeiro, por\u00e9m ainda em n\u00edveis baixos, sem impacto significativo nas interna\u00e7\u00f5es hospitalares. Especialistas destacam que a combina\u00e7\u00e3o de v\u00edrus respirat\u00f3rios, especialmente o rinov\u00edrus e a influenza A, contribui para sobrecarga parcial de hospitais em regi\u00f5es mais afetadas. Autoridades de sa\u00fade refor\u00e7am a import\u00e2ncia da vacina\u00e7\u00e3o, da higiene respirat\u00f3ria e do acompanhamento m\u00e9dico imediato em caso de sintomas graves. O aumento expressivo de infec\u00e7\u00f5es respirat\u00f3rias evidencia a necessidade de aten\u00e7\u00e3o cont\u00ednua, principalmente para p\u00fablicos vulner\u00e1veis, como crian\u00e7as, idosos e pessoas com comorbidades.","og_url":"https:\/\/sudoesteacontece.com.br\/?p=10399","og_site_name":"Sudoesteacontece","article_publisher":"https:\/\/www.facebook.com\/sudoesteacontece\/?locale=pt_BR","article_published_time":"2026-03-14T16:26:16+00:00","article_modified_time":"2026-03-14T16:26:21+00:00","og_image":[{"url":"http:\/\/sudoesteacontece.com.br\/wp-content\/uploads\/2026\/03\/Infeccoes-respiratorias-disparam-no-Brasil-e-acendem-alerta-para-hospitais-e-autoridades.jpg","type":"","width":"","height":""}],"author":"sudoesteacontece","twitter_card":"summary_large_image","twitter_misc":{"Escrito por":"sudoesteacontece","Est. tempo de leitura":"2 minutos"},"schema":{"@context":"https:\/\/schema.org","@graph":[{"@type":"Article","@id":"https:\/\/sudoesteacontece.com.br\/?p=10399#article","isPartOf":{"@id":"https:\/\/sudoesteacontece.com.br\/?p=10399"},"author":{"name":"sudoesteacontece","@id":"https:\/\/sudoesteacontece.com.br\/#\/schema\/person\/f4b00cd0a26ac17646f19707cdceb2ce"},"headline":"Infec\u00e7\u00f5es respirat\u00f3rias disparam no Brasil e acendem alerta para hospitais e autoridades","datePublished":"2026-03-14T16:26:16+00:00","dateModified":"2026-03-14T16:26:21+00:00","mainEntityOfPage":{"@id":"https:\/\/sudoesteacontece.com.br\/?p=10399"},"wordCount":365,"commentCount":0,"publisher":{"@id":"https:\/\/sudoesteacontece.com.br\/#organization"},"image":{"@id":"https:\/\/sudoesteacontece.com.br\/?p=10399#primaryimage"},"thumbnailUrl":"http:\/\/sudoesteacontece.com.br\/wp-content\/uploads\/2026\/03\/Infeccoes-respiratorias-disparam-no-Brasil-e-acendem-alerta-para-hospitais-e-autoridades.jpg","articleSection":["Brasil","Pol\u00edtica","Sa\u00fade"],"inLanguage":"pt-BR","potentialAction":[{"@type":"CommentAction","name":"Comment","target":["https:\/\/sudoesteacontece.com.br\/?p=10399#respond"]}]},{"@type":"WebPage","@id":"https:\/\/sudoesteacontece.com.br\/?p=10399","url":"https:\/\/sudoesteacontece.com.br\/?p=10399","name":"Infec\u00e7\u00f5es respirat\u00f3rias disparam no Brasil e acendem alerta para hospitais e autoridades - Sudoesteacontece","isPartOf":{"@id":"https:\/\/sudoesteacontece.com.br\/#website"},"primaryImageOfPage":{"@id":"https:\/\/sudoesteacontece.com.br\/?p=10399#primaryimage"},"image":{"@id":"https:\/\/sudoesteacontece.com.br\/?p=10399#primaryimage"},"thumbnailUrl":"http:\/\/sudoesteacontece.com.br\/wp-content\/uploads\/2026\/03\/Infeccoes-respiratorias-disparam-no-Brasil-e-acendem-alerta-para-hospitais-e-autoridades.jpg","datePublished":"2026-03-14T16:26:16+00:00","dateModified":"2026-03-14T16:26:21+00:00","breadcrumb":{"@id":"https:\/\/sudoesteacontece.com.br\/?p=10399#breadcrumb"},"inLanguage":"pt-BR","potentialAction":[{"@type":"ReadAction","target":["https:\/\/sudoesteacontece.com.br\/?p=10399"]}]},{"@type":"ImageObject","inLanguage":"pt-BR","@id":"https:\/\/sudoesteacontece.com.br\/?p=10399#primaryimage","url":"https:\/\/sudoesteacontece.com.br\/wp-content\/uploads\/2026\/03\/Infeccoes-respiratorias-disparam-no-Brasil-e-acendem-alerta-para-hospitais-e-autoridades.jpg","contentUrl":"https:\/\/sudoesteacontece.com.br\/wp-content\/uploads\/2026\/03\/Infeccoes-respiratorias-disparam-no-Brasil-e-acendem-alerta-para-hospitais-e-autoridades.jpg","width":900,"height":600},{"@type":"BreadcrumbList","@id":"https:\/\/sudoesteacontece.com.br\/?p=10399#breadcrumb","itemListElement":[{"@type":"ListItem","position":1,"name":"In\u00edcio","item":"https:\/\/sudoesteacontece.com.br\/"},{"@type":"ListItem","position":2,"name":"Infec\u00e7\u00f5es respirat\u00f3rias disparam no Brasil e acendem alerta para hospitais e autoridades"}]},{"@type":"WebSite","@id":"https:\/\/sudoesteacontece.com.br\/#website","url":"https:\/\/sudoesteacontece.com.br\/","name":"Sudoesteacontece","description":"","publisher":{"@id":"https:\/\/sudoesteacontece.com.br\/#organization"},"potentialAction":[{"@type":"SearchAction","target":{"@type":"EntryPoint","urlTemplate":"https:\/\/sudoesteacontece.com.br\/?s={search_term_string}"},"query-input":{"@type":"PropertyValueSpecification","valueRequired":true,"valueName":"search_term_string"}}],"inLanguage":"pt-BR"},{"@type":"Organization","@id":"https:\/\/sudoesteacontece.com.br\/#organization","name":"Sudoesteacontece","url":"https:\/\/sudoesteacontece.com.br\/","logo":{"@type":"ImageObject","inLanguage":"pt-BR","@id":"https:\/\/sudoesteacontece.com.br\/#\/schema\/logo\/image\/","url":"https:\/\/sudoesteacontece.com.br\/wp-content\/uploads\/2025\/12\/cropped-logo-2-180x180-1.png","contentUrl":"https:\/\/sudoesteacontece.com.br\/wp-content\/uploads\/2025\/12\/cropped-logo-2-180x180-1.png","width":180,"height":180,"caption":"Sudoesteacontece"},"image":{"@id":"https:\/\/sudoesteacontece.com.br\/#\/schema\/logo\/image\/"},"sameAs":["https:\/\/www.facebook.com\/sudoesteacontece\/?locale=pt_BR"]},{"@type":"Person","@id":"https:\/\/sudoesteacontece.com.br\/#\/schema\/person\/f4b00cd0a26ac17646f19707cdceb2ce","name":"sudoesteacontece","image":{"@type":"ImageObject","inLanguage":"pt-BR","@id":"https:\/\/sudoesteacontece.com.br\/#\/schema\/person\/image\/","url":"https:\/\/secure.gravatar.com\/avatar\/704557d1f79b454f041f9e5935f2b0e8393614e97e537fc508d1d628292cacfd?s=96&d=mm&r=g","contentUrl":"https:\/\/secure.gravatar.com\/avatar\/704557d1f79b454f041f9e5935f2b0e8393614e97e537fc508d1d628292cacfd?s=96&d=mm&r=g","caption":"sudoesteacontece"},"sameAs":["http:\/\/sudoesteacontece.com.br"],"url":"https:\/\/sudoesteacontece.com.br\/?author=1"}]}},"_links":{"self":[{"href":"https:\/\/sudoesteacontece.com.br\/index.php?rest_route=\/wp\/v2\/posts\/10399","targetHints":{"allow":["GET"]}}],"collection":[{"href":"https:\/\/sudoesteacontece.com.br\/index.php?rest_route=\/wp\/v2\/posts"}],"about":[{"href":"https:\/\/sudoesteacontece.com.br\/index.php?rest_route=\/wp\/v2\/types\/post"}],"author":[{"embeddable":true,"href":"https:\/\/sudoesteacontece.com.br\/index.php?rest_route=\/wp\/v2\/users\/1"}],"replies":[{"embeddable":true,"href":"https:\/\/sudoesteacontece.com.br\/index.php?rest_route=%2Fwp%2Fv2%2Fcomments&post=10399"}],"version-history":[{"count":0,"href":"https:\/\/sudoesteacontece.com.br\/index.php?rest_route=\/wp\/v2\/posts\/10399\/revisions"}],"wp:attachment":[{"href":"https:\/\/sudoesteacontece.com.br\/index.php?rest_route=%2Fwp%2Fv2%2Fmedia&parent=10399"}],"wp:term":[{"taxonomy":"category","embeddable":true,"href":"https:\/\/sudoesteacontece.com.br\/index.php?rest_route=%2Fwp%2Fv2%2Fcategories&post=10399"},{"taxonomy":"post_tag","embeddable":true,"href":"https:\/\/sudoesteacontece.com.br\/index.php?rest_route=%2Fwp%2Fv2%2Ftags&post=10399"}],"curies":[{"name":"wp","href":"https:\/\/api.w.org\/{rel}","templated":true}]}}