{"id":10400,"date":"2026-03-14T13:08:43","date_gmt":"2026-03-14T16:08:43","guid":{"rendered":"https:\/\/sudoesteacontece.com.br\/?p=10400"},"modified":"2026-03-14T13:08:47","modified_gmt":"2026-03-14T16:08:47","slug":"luto-em-vitoria-da-conquista-morre-ederlinda-grisi-a-dona-linda-referencia-no-comercio-da-cidade","status":"publish","type":"post","link":"https:\/\/sudoesteacontece.com.br\/?p=10400","title":{"rendered":"Luto em Vit\u00f3ria da Conquista: morre Ederlinda Grisi, a \u201cDona Linda\u201d, refer\u00eancia no com\u00e9rcio da cidade"},"content":{"rendered":"<div class=\"wp-block-image\">\n<figure class=\"aligncenter size-full\"><img fetchpriority=\"high\" decoding=\"async\" width=\"900\" height=\"600\" src=\"http:\/\/sudoesteacontece.com.br\/wp-content\/uploads\/2026\/03\/Luto-em-Vitoria-da-Conquista-morre-Ederlinda-Grisi-a-Dona-Linda-referencia-no-comercio-da-cidade.jpg\" alt=\"\" class=\"wp-image-10434\" srcset=\"https:\/\/sudoesteacontece.com.br\/wp-content\/uploads\/2026\/03\/Luto-em-Vitoria-da-Conquista-morre-Ederlinda-Grisi-a-Dona-Linda-referencia-no-comercio-da-cidade.jpg 900w, https:\/\/sudoesteacontece.com.br\/wp-content\/uploads\/2026\/03\/Luto-em-Vitoria-da-Conquista-morre-Ederlinda-Grisi-a-Dona-Linda-referencia-no-comercio-da-cidade-300x200.jpg 300w, https:\/\/sudoesteacontece.com.br\/wp-content\/uploads\/2026\/03\/Luto-em-Vitoria-da-Conquista-morre-Ederlinda-Grisi-a-Dona-Linda-referencia-no-comercio-da-cidade-768x512.jpg 768w\" sizes=\"(max-width: 900px) 100vw, 900px\" \/><\/figure>\n<\/div>\n\n\n<p>Tristeza tomou conta de Vit\u00f3ria da Conquista ap\u00f3s a morte da comerciante Ederlinda Grisi Rocha, conhecida carinhosamente como Dona Linda. Figura muito respeitada no com\u00e9rcio local, ela faleceu na madrugada desta sexta-feira (13), deixando familiares, amigos e clientes profundamente abalados com a not\u00edcia.<\/p>\n\n\n\n<p>Conhecida por d\u00e9cadas de trabalho e dedica\u00e7\u00e3o, Dona Linda construiu uma hist\u00f3ria marcante \u00e0 frente da loja Linda Decora\u00e7\u00f5es. Seu nome se tornou refer\u00eancia entre clientes e comerciantes da cidade, resultado de uma trajet\u00f3ria marcada por esfor\u00e7o, compromisso com o trabalho e aten\u00e7\u00e3o especial \u00e0s pessoas que faziam parte do seu cotidiano.<\/p>\n\n\n\n<p>Trajet\u00f3ria da comerciante tamb\u00e9m foi marcada pela forte liga\u00e7\u00e3o com a fam\u00edlia e com a comunidade conquistense. Ela foi casada por 61 anos com Zito, conhecido pelo antigo Magazine Aracy, formando uma fam\u00edlia que sempre esteve ligada ao com\u00e9rcio tradicional da cidade.<\/p>\n\n\n\n<p>Fam\u00edlia informou que Dona Linda deixa os filhos F\u00e1bio Grisi, Anselmo Grisi, S\u00e9rgio Grisi, Marcelo Grisi e Patr\u00edcia Grisi. Entre eles, Anselmo Grisi atua como pastor da Igreja Batista Nacional Candeias e estava em S\u00e3o Paulo com a esposa, tentando retornar para participar das despedidas da m\u00e3e.<\/p>\n\n\n\n<p>Vel\u00f3rio come\u00e7ou na tarde desta sexta-feira (13), a partir das 13h, na Igreja Batista Nacional Candeias, localizada na Rua P\u00e9ricles Gusm\u00e3o, ao lado do Lions Club. O momento re\u00fane familiares, amigos e membros da comunidade que comparecem para prestar as \u00faltimas homenagens \u00e0 comerciante.<\/p>\n\n\n\n<p>Sepultamento est\u00e1 previsto para acontecer neste s\u00e1bado (14), no Cemit\u00e9rio Parque da Cidade, em Vit\u00f3ria da Conquista. A despedida marca o encerramento de uma trajet\u00f3ria lembrada por muitos como exemplo de trabalho, dedica\u00e7\u00e3o e presen\u00e7a marcante no com\u00e9rcio local.<\/p>\n\n\n\n<p>Legado deixado por Dona Linda permanece vivo na mem\u00f3ria de quem conviveu com ela ao longo de d\u00e9cadas. Clientes, amigos e familiares recordam a comerciante como uma mulher acolhedora, trabalhadora e profundamente ligada \u00e0 hist\u00f3ria do com\u00e9rcio conquistense.<\/p>\n","protected":false},"excerpt":{"rendered":"<p>Tristeza tomou conta de Vit\u00f3ria da Conquista ap\u00f3s a morte da comerciante Ederlinda Grisi Rocha, conhecida carinhosamente como Dona Linda. Figura muito respeitada no com\u00e9rcio local, ela faleceu na madrugada desta sexta-feira (13), deixando familiares, amigos e clientes profundamente abalados com a not\u00edcia. Conhecida por d\u00e9cadas de trabalho e dedica\u00e7\u00e3o, Dona Linda construiu uma hist\u00f3ria marcante \u00e0 frente da loja Linda Decora\u00e7\u00f5es. Seu nome se tornou refer\u00eancia entre clientes e comerciantes da cidade, resultado de uma trajet\u00f3ria marcada por esfor\u00e7o, compromisso com o trabalho e aten\u00e7\u00e3o especial \u00e0s pessoas que faziam parte do seu cotidiano. Trajet\u00f3ria da comerciante tamb\u00e9m foi marcada pela forte liga\u00e7\u00e3o com a fam\u00edlia e com a comunidade conquistense. Ela foi casada por 61 anos com Zito, conhecido pelo antigo Magazine Aracy, formando uma fam\u00edlia que sempre esteve ligada ao com\u00e9rcio tradicional da cidade. Fam\u00edlia informou que Dona Linda deixa os filhos F\u00e1bio Grisi, Anselmo Grisi, S\u00e9rgio Grisi, Marcelo Grisi e Patr\u00edcia Grisi. Entre eles, Anselmo Grisi atua como pastor da Igreja Batista Nacional Candeias e estava em S\u00e3o Paulo com a esposa, tentando retornar para participar das despedidas da m\u00e3e. Vel\u00f3rio come\u00e7ou na tarde desta sexta-feira (13), a partir das 13h, na Igreja Batista Nacional Candeias, localizada na Rua P\u00e9ricles Gusm\u00e3o, ao lado do Lions Club. O momento re\u00fane familiares, amigos e membros da comunidade que comparecem para prestar as \u00faltimas homenagens \u00e0 comerciante. Sepultamento est\u00e1 previsto para acontecer neste s\u00e1bado (14), no Cemit\u00e9rio Parque da Cidade, em Vit\u00f3ria da Conquista. A despedida marca o encerramento de uma trajet\u00f3ria lembrada por muitos como exemplo de trabalho, dedica\u00e7\u00e3o e presen\u00e7a marcante no com\u00e9rcio local. Legado deixado por Dona Linda permanece vivo na mem\u00f3ria de quem conviveu com ela ao longo de d\u00e9cadas. Clientes, amigos e familiares recordam a comerciante como uma mulher acolhedora, trabalhadora e profundamente ligada \u00e0 hist\u00f3ria do com\u00e9rcio conquistense.<\/p>\n","protected":false},"author":2,"featured_media":0,"comment_status":"open","ping_status":"open","sticky":false,"template":"","format":"standard","meta":{"footnotes":""},"categories":[4,8],"tags":[],"class_list":["post-10400","post","type-post","status-publish","format-standard","hentry","category-cidades","category-vitoria-da-conquista"],"yoast_head":"<!-- This site is optimized with the Yoast SEO plugin v26.5 - https:\/\/yoast.com\/wordpress\/plugins\/seo\/ -->\n<title>Luto em Vit\u00f3ria da Conquista: morre Ederlinda Grisi, a \u201cDona Linda\u201d, refer\u00eancia no com\u00e9rcio da cidade - Sudoesteacontece<\/title>\n<meta name=\"robots\" content=\"index, follow, max-snippet:-1, max-image-preview:large, max-video-preview:-1\" \/>\n<link rel=\"canonical\" href=\"https:\/\/sudoesteacontece.com.br\/?p=10400\" \/>\n<meta property=\"og:locale\" content=\"pt_BR\" \/>\n<meta property=\"og:type\" content=\"article\" \/>\n<meta property=\"og:title\" content=\"Luto em Vit\u00f3ria da Conquista: morre Ederlinda Grisi, a \u201cDona Linda\u201d, refer\u00eancia no com\u00e9rcio da cidade - Sudoesteacontece\" \/>\n<meta property=\"og:description\" content=\"Tristeza tomou conta de Vit\u00f3ria da Conquista ap\u00f3s a morte da comerciante Ederlinda Grisi Rocha, conhecida carinhosamente como Dona Linda. Figura muito respeitada no com\u00e9rcio local, ela faleceu na madrugada desta sexta-feira (13), deixando familiares, amigos e clientes profundamente abalados com a not\u00edcia. Conhecida por d\u00e9cadas de trabalho e dedica\u00e7\u00e3o, Dona Linda construiu uma hist\u00f3ria marcante \u00e0 frente da loja Linda Decora\u00e7\u00f5es. Seu nome se tornou refer\u00eancia entre clientes e comerciantes da cidade, resultado de uma trajet\u00f3ria marcada por esfor\u00e7o, compromisso com o trabalho e aten\u00e7\u00e3o especial \u00e0s pessoas que faziam parte do seu cotidiano. Trajet\u00f3ria da comerciante tamb\u00e9m foi marcada pela forte liga\u00e7\u00e3o com a fam\u00edlia e com a comunidade conquistense. Ela foi casada por 61 anos com Zito, conhecido pelo antigo Magazine Aracy, formando uma fam\u00edlia que sempre esteve ligada ao com\u00e9rcio tradicional da cidade. Fam\u00edlia informou que Dona Linda deixa os filhos F\u00e1bio Grisi, Anselmo Grisi, S\u00e9rgio Grisi, Marcelo Grisi e Patr\u00edcia Grisi. Entre eles, Anselmo Grisi atua como pastor da Igreja Batista Nacional Candeias e estava em S\u00e3o Paulo com a esposa, tentando retornar para participar das despedidas da m\u00e3e. Vel\u00f3rio come\u00e7ou na tarde desta sexta-feira (13), a partir das 13h, na Igreja Batista Nacional Candeias, localizada na Rua P\u00e9ricles Gusm\u00e3o, ao lado do Lions Club. O momento re\u00fane familiares, amigos e membros da comunidade que comparecem para prestar as \u00faltimas homenagens \u00e0 comerciante. Sepultamento est\u00e1 previsto para acontecer neste s\u00e1bado (14), no Cemit\u00e9rio Parque da Cidade, em Vit\u00f3ria da Conquista. A despedida marca o encerramento de uma trajet\u00f3ria lembrada por muitos como exemplo de trabalho, dedica\u00e7\u00e3o e presen\u00e7a marcante no com\u00e9rcio local. Legado deixado por Dona Linda permanece vivo na mem\u00f3ria de quem conviveu com ela ao longo de d\u00e9cadas. Clientes, amigos e familiares recordam a comerciante como uma mulher acolhedora, trabalhadora e profundamente ligada \u00e0 hist\u00f3ria do com\u00e9rcio conquistense.\" \/>\n<meta property=\"og:url\" content=\"https:\/\/sudoesteacontece.com.br\/?p=10400\" \/>\n<meta property=\"og:site_name\" content=\"Sudoesteacontece\" \/>\n<meta property=\"article:publisher\" content=\"https:\/\/www.facebook.com\/sudoesteacontece\/?locale=pt_BR\" \/>\n<meta property=\"article:published_time\" content=\"2026-03-14T16:08:43+00:00\" \/>\n<meta property=\"article:modified_time\" content=\"2026-03-14T16:08:47+00:00\" \/>\n<meta property=\"og:image\" content=\"http:\/\/sudoesteacontece.com.br\/wp-content\/uploads\/2026\/03\/Luto-em-Vitoria-da-Conquista-morre-Ederlinda-Grisi-a-Dona-Linda-referencia-no-comercio-da-cidade.jpg\" \/>\n<meta name=\"author\" content=\"Washington Tiago\" \/>\n<meta name=\"twitter:card\" content=\"summary_large_image\" \/>\n<meta name=\"twitter:label1\" content=\"Escrito por\" \/>\n\t<meta name=\"twitter:data1\" content=\"Washington Tiago\" \/>\n\t<meta name=\"twitter:label2\" content=\"Est. tempo de leitura\" \/>\n\t<meta name=\"twitter:data2\" content=\"2 minutos\" \/>\n<script type=\"application\/ld+json\" class=\"yoast-schema-graph\">{\"@context\":\"https:\/\/schema.org\",\"@graph\":[{\"@type\":\"Article\",\"@id\":\"https:\/\/sudoesteacontece.com.br\/?p=10400#article\",\"isPartOf\":{\"@id\":\"https:\/\/sudoesteacontece.com.br\/?p=10400\"},\"author\":{\"name\":\"Washington Tiago\",\"@id\":\"https:\/\/sudoesteacontece.com.br\/#\/schema\/person\/3cf2cf009926a9683ebc29d5379fa79c\"},\"headline\":\"Luto em Vit\u00f3ria da Conquista: morre Ederlinda Grisi, a \u201cDona Linda\u201d, refer\u00eancia no com\u00e9rcio da cidade\",\"datePublished\":\"2026-03-14T16:08:43+00:00\",\"dateModified\":\"2026-03-14T16:08:47+00:00\",\"mainEntityOfPage\":{\"@id\":\"https:\/\/sudoesteacontece.com.br\/?p=10400\"},\"wordCount\":357,\"commentCount\":0,\"publisher\":{\"@id\":\"https:\/\/sudoesteacontece.com.br\/#organization\"},\"image\":{\"@id\":\"https:\/\/sudoesteacontece.com.br\/?p=10400#primaryimage\"},\"thumbnailUrl\":\"http:\/\/sudoesteacontece.com.br\/wp-content\/uploads\/2026\/03\/Luto-em-Vitoria-da-Conquista-morre-Ederlinda-Grisi-a-Dona-Linda-referencia-no-comercio-da-cidade.jpg\",\"articleSection\":[\"Cidades\",\"Vit\u00f3ria da Conquista\"],\"inLanguage\":\"pt-BR\",\"potentialAction\":[{\"@type\":\"CommentAction\",\"name\":\"Comment\",\"target\":[\"https:\/\/sudoesteacontece.com.br\/?p=10400#respond\"]}]},{\"@type\":\"WebPage\",\"@id\":\"https:\/\/sudoesteacontece.com.br\/?p=10400\",\"url\":\"https:\/\/sudoesteacontece.com.br\/?p=10400\",\"name\":\"Luto em Vit\u00f3ria da Conquista: morre Ederlinda Grisi, a \u201cDona Linda\u201d, refer\u00eancia no com\u00e9rcio da cidade - Sudoesteacontece\",\"isPartOf\":{\"@id\":\"https:\/\/sudoesteacontece.com.br\/#website\"},\"primaryImageOfPage\":{\"@id\":\"https:\/\/sudoesteacontece.com.br\/?p=10400#primaryimage\"},\"image\":{\"@id\":\"https:\/\/sudoesteacontece.com.br\/?p=10400#primaryimage\"},\"thumbnailUrl\":\"http:\/\/sudoesteacontece.com.br\/wp-content\/uploads\/2026\/03\/Luto-em-Vitoria-da-Conquista-morre-Ederlinda-Grisi-a-Dona-Linda-referencia-no-comercio-da-cidade.jpg\",\"datePublished\":\"2026-03-14T16:08:43+00:00\",\"dateModified\":\"2026-03-14T16:08:47+00:00\",\"breadcrumb\":{\"@id\":\"https:\/\/sudoesteacontece.com.br\/?p=10400#breadcrumb\"},\"inLanguage\":\"pt-BR\",\"potentialAction\":[{\"@type\":\"ReadAction\",\"target\":[\"https:\/\/sudoesteacontece.com.br\/?p=10400\"]}]},{\"@type\":\"ImageObject\",\"inLanguage\":\"pt-BR\",\"@id\":\"https:\/\/sudoesteacontece.com.br\/?p=10400#primaryimage\",\"url\":\"https:\/\/sudoesteacontece.com.br\/wp-content\/uploads\/2026\/03\/Luto-em-Vitoria-da-Conquista-morre-Ederlinda-Grisi-a-Dona-Linda-referencia-no-comercio-da-cidade.jpg\",\"contentUrl\":\"https:\/\/sudoesteacontece.com.br\/wp-content\/uploads\/2026\/03\/Luto-em-Vitoria-da-Conquista-morre-Ederlinda-Grisi-a-Dona-Linda-referencia-no-comercio-da-cidade.jpg\",\"width\":900,\"height\":600},{\"@type\":\"BreadcrumbList\",\"@id\":\"https:\/\/sudoesteacontece.com.br\/?p=10400#breadcrumb\",\"itemListElement\":[{\"@type\":\"ListItem\",\"position\":1,\"name\":\"In\u00edcio\",\"item\":\"https:\/\/sudoesteacontece.com.br\/\"},{\"@type\":\"ListItem\",\"position\":2,\"name\":\"Luto em Vit\u00f3ria da Conquista: morre Ederlinda Grisi, a \u201cDona Linda\u201d, refer\u00eancia no com\u00e9rcio da cidade\"}]},{\"@type\":\"WebSite\",\"@id\":\"https:\/\/sudoesteacontece.com.br\/#website\",\"url\":\"https:\/\/sudoesteacontece.com.br\/\",\"name\":\"Sudoesteacontece\",\"description\":\"\",\"publisher\":{\"@id\":\"https:\/\/sudoesteacontece.com.br\/#organization\"},\"potentialAction\":[{\"@type\":\"SearchAction\",\"target\":{\"@type\":\"EntryPoint\",\"urlTemplate\":\"https:\/\/sudoesteacontece.com.br\/?s={search_term_string}\"},\"query-input\":{\"@type\":\"PropertyValueSpecification\",\"valueRequired\":true,\"valueName\":\"search_term_string\"}}],\"inLanguage\":\"pt-BR\"},{\"@type\":\"Organization\",\"@id\":\"https:\/\/sudoesteacontece.com.br\/#organization\",\"name\":\"Sudoesteacontece\",\"url\":\"https:\/\/sudoesteacontece.com.br\/\",\"logo\":{\"@type\":\"ImageObject\",\"inLanguage\":\"pt-BR\",\"@id\":\"https:\/\/sudoesteacontece.com.br\/#\/schema\/logo\/image\/\",\"url\":\"https:\/\/sudoesteacontece.com.br\/wp-content\/uploads\/2025\/12\/cropped-logo-2-180x180-1.png\",\"contentUrl\":\"https:\/\/sudoesteacontece.com.br\/wp-content\/uploads\/2025\/12\/cropped-logo-2-180x180-1.png\",\"width\":180,\"height\":180,\"caption\":\"Sudoesteacontece\"},\"image\":{\"@id\":\"https:\/\/sudoesteacontece.com.br\/#\/schema\/logo\/image\/\"},\"sameAs\":[\"https:\/\/www.facebook.com\/sudoesteacontece\/?locale=pt_BR\"]},{\"@type\":\"Person\",\"@id\":\"https:\/\/sudoesteacontece.com.br\/#\/schema\/person\/3cf2cf009926a9683ebc29d5379fa79c\",\"name\":\"Washington Tiago\",\"image\":{\"@type\":\"ImageObject\",\"inLanguage\":\"pt-BR\",\"@id\":\"https:\/\/sudoesteacontece.com.br\/#\/schema\/person\/image\/\",\"url\":\"https:\/\/secure.gravatar.com\/avatar\/33c43b8668157e040f9d1fe93c354bf087cbd8ba36270c1163198bd3ddcf2a56?s=96&d=mm&r=g\",\"contentUrl\":\"https:\/\/secure.gravatar.com\/avatar\/33c43b8668157e040f9d1fe93c354bf087cbd8ba36270c1163198bd3ddcf2a56?s=96&d=mm&r=g\",\"caption\":\"Washington Tiago\"},\"url\":\"https:\/\/sudoesteacontece.com.br\/?author=2\"}]}<\/script>\n<!-- \/ Yoast SEO plugin. -->","yoast_head_json":{"title":"Luto em Vit\u00f3ria da Conquista: morre Ederlinda Grisi, a \u201cDona Linda\u201d, refer\u00eancia no com\u00e9rcio da cidade - Sudoesteacontece","robots":{"index":"index","follow":"follow","max-snippet":"max-snippet:-1","max-image-preview":"max-image-preview:large","max-video-preview":"max-video-preview:-1"},"canonical":"https:\/\/sudoesteacontece.com.br\/?p=10400","og_locale":"pt_BR","og_type":"article","og_title":"Luto em Vit\u00f3ria da Conquista: morre Ederlinda Grisi, a \u201cDona Linda\u201d, refer\u00eancia no com\u00e9rcio da cidade - Sudoesteacontece","og_description":"Tristeza tomou conta de Vit\u00f3ria da Conquista ap\u00f3s a morte da comerciante Ederlinda Grisi Rocha, conhecida carinhosamente como Dona Linda. Figura muito respeitada no com\u00e9rcio local, ela faleceu na madrugada desta sexta-feira (13), deixando familiares, amigos e clientes profundamente abalados com a not\u00edcia. Conhecida por d\u00e9cadas de trabalho e dedica\u00e7\u00e3o, Dona Linda construiu uma hist\u00f3ria marcante \u00e0 frente da loja Linda Decora\u00e7\u00f5es. Seu nome se tornou refer\u00eancia entre clientes e comerciantes da cidade, resultado de uma trajet\u00f3ria marcada por esfor\u00e7o, compromisso com o trabalho e aten\u00e7\u00e3o especial \u00e0s pessoas que faziam parte do seu cotidiano. Trajet\u00f3ria da comerciante tamb\u00e9m foi marcada pela forte liga\u00e7\u00e3o com a fam\u00edlia e com a comunidade conquistense. Ela foi casada por 61 anos com Zito, conhecido pelo antigo Magazine Aracy, formando uma fam\u00edlia que sempre esteve ligada ao com\u00e9rcio tradicional da cidade. Fam\u00edlia informou que Dona Linda deixa os filhos F\u00e1bio Grisi, Anselmo Grisi, S\u00e9rgio Grisi, Marcelo Grisi e Patr\u00edcia Grisi. Entre eles, Anselmo Grisi atua como pastor da Igreja Batista Nacional Candeias e estava em S\u00e3o Paulo com a esposa, tentando retornar para participar das despedidas da m\u00e3e. Vel\u00f3rio come\u00e7ou na tarde desta sexta-feira (13), a partir das 13h, na Igreja Batista Nacional Candeias, localizada na Rua P\u00e9ricles Gusm\u00e3o, ao lado do Lions Club. O momento re\u00fane familiares, amigos e membros da comunidade que comparecem para prestar as \u00faltimas homenagens \u00e0 comerciante. Sepultamento est\u00e1 previsto para acontecer neste s\u00e1bado (14), no Cemit\u00e9rio Parque da Cidade, em Vit\u00f3ria da Conquista. A despedida marca o encerramento de uma trajet\u00f3ria lembrada por muitos como exemplo de trabalho, dedica\u00e7\u00e3o e presen\u00e7a marcante no com\u00e9rcio local. Legado deixado por Dona Linda permanece vivo na mem\u00f3ria de quem conviveu com ela ao longo de d\u00e9cadas. Clientes, amigos e familiares recordam a comerciante como uma mulher acolhedora, trabalhadora e profundamente ligada \u00e0 hist\u00f3ria do com\u00e9rcio conquistense.","og_url":"https:\/\/sudoesteacontece.com.br\/?p=10400","og_site_name":"Sudoesteacontece","article_publisher":"https:\/\/www.facebook.com\/sudoesteacontece\/?locale=pt_BR","article_published_time":"2026-03-14T16:08:43+00:00","article_modified_time":"2026-03-14T16:08:47+00:00","og_image":[{"url":"http:\/\/sudoesteacontece.com.br\/wp-content\/uploads\/2026\/03\/Luto-em-Vitoria-da-Conquista-morre-Ederlinda-Grisi-a-Dona-Linda-referencia-no-comercio-da-cidade.jpg","type":"","width":"","height":""}],"author":"Washington Tiago","twitter_card":"summary_large_image","twitter_misc":{"Escrito por":"Washington Tiago","Est. tempo de leitura":"2 minutos"},"schema":{"@context":"https:\/\/schema.org","@graph":[{"@type":"Article","@id":"https:\/\/sudoesteacontece.com.br\/?p=10400#article","isPartOf":{"@id":"https:\/\/sudoesteacontece.com.br\/?p=10400"},"author":{"name":"Washington Tiago","@id":"https:\/\/sudoesteacontece.com.br\/#\/schema\/person\/3cf2cf009926a9683ebc29d5379fa79c"},"headline":"Luto em Vit\u00f3ria da Conquista: morre Ederlinda Grisi, a \u201cDona Linda\u201d, refer\u00eancia no com\u00e9rcio da cidade","datePublished":"2026-03-14T16:08:43+00:00","dateModified":"2026-03-14T16:08:47+00:00","mainEntityOfPage":{"@id":"https:\/\/sudoesteacontece.com.br\/?p=10400"},"wordCount":357,"commentCount":0,"publisher":{"@id":"https:\/\/sudoesteacontece.com.br\/#organization"},"image":{"@id":"https:\/\/sudoesteacontece.com.br\/?p=10400#primaryimage"},"thumbnailUrl":"http:\/\/sudoesteacontece.com.br\/wp-content\/uploads\/2026\/03\/Luto-em-Vitoria-da-Conquista-morre-Ederlinda-Grisi-a-Dona-Linda-referencia-no-comercio-da-cidade.jpg","articleSection":["Cidades","Vit\u00f3ria da Conquista"],"inLanguage":"pt-BR","potentialAction":[{"@type":"CommentAction","name":"Comment","target":["https:\/\/sudoesteacontece.com.br\/?p=10400#respond"]}]},{"@type":"WebPage","@id":"https:\/\/sudoesteacontece.com.br\/?p=10400","url":"https:\/\/sudoesteacontece.com.br\/?p=10400","name":"Luto em Vit\u00f3ria da Conquista: morre Ederlinda Grisi, a \u201cDona Linda\u201d, refer\u00eancia no com\u00e9rcio da cidade - Sudoesteacontece","isPartOf":{"@id":"https:\/\/sudoesteacontece.com.br\/#website"},"primaryImageOfPage":{"@id":"https:\/\/sudoesteacontece.com.br\/?p=10400#primaryimage"},"image":{"@id":"https:\/\/sudoesteacontece.com.br\/?p=10400#primaryimage"},"thumbnailUrl":"http:\/\/sudoesteacontece.com.br\/wp-content\/uploads\/2026\/03\/Luto-em-Vitoria-da-Conquista-morre-Ederlinda-Grisi-a-Dona-Linda-referencia-no-comercio-da-cidade.jpg","datePublished":"2026-03-14T16:08:43+00:00","dateModified":"2026-03-14T16:08:47+00:00","breadcrumb":{"@id":"https:\/\/sudoesteacontece.com.br\/?p=10400#breadcrumb"},"inLanguage":"pt-BR","potentialAction":[{"@type":"ReadAction","target":["https:\/\/sudoesteacontece.com.br\/?p=10400"]}]},{"@type":"ImageObject","inLanguage":"pt-BR","@id":"https:\/\/sudoesteacontece.com.br\/?p=10400#primaryimage","url":"https:\/\/sudoesteacontece.com.br\/wp-content\/uploads\/2026\/03\/Luto-em-Vitoria-da-Conquista-morre-Ederlinda-Grisi-a-Dona-Linda-referencia-no-comercio-da-cidade.jpg","contentUrl":"https:\/\/sudoesteacontece.com.br\/wp-content\/uploads\/2026\/03\/Luto-em-Vitoria-da-Conquista-morre-Ederlinda-Grisi-a-Dona-Linda-referencia-no-comercio-da-cidade.jpg","width":900,"height":600},{"@type":"BreadcrumbList","@id":"https:\/\/sudoesteacontece.com.br\/?p=10400#breadcrumb","itemListElement":[{"@type":"ListItem","position":1,"name":"In\u00edcio","item":"https:\/\/sudoesteacontece.com.br\/"},{"@type":"ListItem","position":2,"name":"Luto em Vit\u00f3ria da Conquista: morre Ederlinda Grisi, a \u201cDona Linda\u201d, refer\u00eancia no com\u00e9rcio da cidade"}]},{"@type":"WebSite","@id":"https:\/\/sudoesteacontece.com.br\/#website","url":"https:\/\/sudoesteacontece.com.br\/","name":"Sudoesteacontece","description":"","publisher":{"@id":"https:\/\/sudoesteacontece.com.br\/#organization"},"potentialAction":[{"@type":"SearchAction","target":{"@type":"EntryPoint","urlTemplate":"https:\/\/sudoesteacontece.com.br\/?s={search_term_string}"},"query-input":{"@type":"PropertyValueSpecification","valueRequired":true,"valueName":"search_term_string"}}],"inLanguage":"pt-BR"},{"@type":"Organization","@id":"https:\/\/sudoesteacontece.com.br\/#organization","name":"Sudoesteacontece","url":"https:\/\/sudoesteacontece.com.br\/","logo":{"@type":"ImageObject","inLanguage":"pt-BR","@id":"https:\/\/sudoesteacontece.com.br\/#\/schema\/logo\/image\/","url":"https:\/\/sudoesteacontece.com.br\/wp-content\/uploads\/2025\/12\/cropped-logo-2-180x180-1.png","contentUrl":"https:\/\/sudoesteacontece.com.br\/wp-content\/uploads\/2025\/12\/cropped-logo-2-180x180-1.png","width":180,"height":180,"caption":"Sudoesteacontece"},"image":{"@id":"https:\/\/sudoesteacontece.com.br\/#\/schema\/logo\/image\/"},"sameAs":["https:\/\/www.facebook.com\/sudoesteacontece\/?locale=pt_BR"]},{"@type":"Person","@id":"https:\/\/sudoesteacontece.com.br\/#\/schema\/person\/3cf2cf009926a9683ebc29d5379fa79c","name":"Washington Tiago","image":{"@type":"ImageObject","inLanguage":"pt-BR","@id":"https:\/\/sudoesteacontece.com.br\/#\/schema\/person\/image\/","url":"https:\/\/secure.gravatar.com\/avatar\/33c43b8668157e040f9d1fe93c354bf087cbd8ba36270c1163198bd3ddcf2a56?s=96&d=mm&r=g","contentUrl":"https:\/\/secure.gravatar.com\/avatar\/33c43b8668157e040f9d1fe93c354bf087cbd8ba36270c1163198bd3ddcf2a56?s=96&d=mm&r=g","caption":"Washington Tiago"},"url":"https:\/\/sudoesteacontece.com.br\/?author=2"}]}},"_links":{"self":[{"href":"https:\/\/sudoesteacontece.com.br\/index.php?rest_route=\/wp\/v2\/posts\/10400","targetHints":{"allow":["GET"]}}],"collection":[{"href":"https:\/\/sudoesteacontece.com.br\/index.php?rest_route=\/wp\/v2\/posts"}],"about":[{"href":"https:\/\/sudoesteacontece.com.br\/index.php?rest_route=\/wp\/v2\/types\/post"}],"author":[{"embeddable":true,"href":"https:\/\/sudoesteacontece.com.br\/index.php?rest_route=\/wp\/v2\/users\/2"}],"replies":[{"embeddable":true,"href":"https:\/\/sudoesteacontece.com.br\/index.php?rest_route=%2Fwp%2Fv2%2Fcomments&post=10400"}],"version-history":[{"count":0,"href":"https:\/\/sudoesteacontece.com.br\/index.php?rest_route=\/wp\/v2\/posts\/10400\/revisions"}],"wp:attachment":[{"href":"https:\/\/sudoesteacontece.com.br\/index.php?rest_route=%2Fwp%2Fv2%2Fmedia&parent=10400"}],"wp:term":[{"taxonomy":"category","embeddable":true,"href":"https:\/\/sudoesteacontece.com.br\/index.php?rest_route=%2Fwp%2Fv2%2Fcategories&post=10400"},{"taxonomy":"post_tag","embeddable":true,"href":"https:\/\/sudoesteacontece.com.br\/index.php?rest_route=%2Fwp%2Fv2%2Ftags&post=10400"}],"curies":[{"name":"wp","href":"https:\/\/api.w.org\/{rel}","templated":true}]}}