{"id":10402,"date":"2026-03-14T13:07:10","date_gmt":"2026-03-14T16:07:10","guid":{"rendered":"https:\/\/sudoesteacontece.com.br\/?p=10402"},"modified":"2026-03-14T13:07:14","modified_gmt":"2026-03-14T16:07:14","slug":"homem-e-morto-a-facadas-em-manoel-vitorino-companheira-e-apontada-como-suspeita-do-crime","status":"publish","type":"post","link":"https:\/\/sudoesteacontece.com.br\/?p=10402","title":{"rendered":"Homem \u00e9 morto a facadas em Manoel Vitorino; companheira \u00e9 apontada como suspeita do crime"},"content":{"rendered":"<div class=\"wp-block-image\">\n<figure class=\"aligncenter size-full\"><img fetchpriority=\"high\" decoding=\"async\" width=\"900\" height=\"600\" src=\"http:\/\/sudoesteacontece.com.br\/wp-content\/uploads\/2026\/03\/Novo-Projeto-24.jpg\" alt=\"\" class=\"wp-image-10432\" srcset=\"https:\/\/sudoesteacontece.com.br\/wp-content\/uploads\/2026\/03\/Novo-Projeto-24.jpg 900w, https:\/\/sudoesteacontece.com.br\/wp-content\/uploads\/2026\/03\/Novo-Projeto-24-300x200.jpg 300w, https:\/\/sudoesteacontece.com.br\/wp-content\/uploads\/2026\/03\/Novo-Projeto-24-768x512.jpg 768w\" sizes=\"(max-width: 900px) 100vw, 900px\" \/><\/figure>\n<\/div>\n\n\n<p>Crime violento abalou moradores de Manoel Vitorino, no sudoeste da Bahia, na tarde desta sexta-feira (13). Um homem foi encontrado morto dentro de uma resid\u00eancia ap\u00f3s sofrer v\u00e1rios golpes de faca. A ocorr\u00eancia mobilizou equipes da Pol\u00edcia Militar e do Servi\u00e7o de Atendimento M\u00f3vel de Urg\u00eancia (SAMU), que foram acionadas para atender a situa\u00e7\u00e3o.<\/p>\n\n\n\n<p>V\u00edtima foi identificada como Erivan Rodrigues dos Santos. Informa\u00e7\u00f5es iniciais apontam que ele foi atacado dentro da pr\u00f3pria casa, em circunst\u00e2ncias que ainda est\u00e3o sendo apuradas pelas autoridades. Quando as equipes de socorro chegaram ao local, o homem j\u00e1 n\u00e3o apresentava sinais vitais, e a morte foi confirmada ainda na resid\u00eancia.<\/p>\n\n\n\n<p>Suspeita do crime \u00e9 a companheira da v\u00edtima, apontada por relatos iniciais como poss\u00edvel autora das facadas. Circunst\u00e2ncias que levaram ao ataque ainda n\u00e3o foram esclarecidas, e a pol\u00edcia busca entender se houve discuss\u00e3o ou algum tipo de conflito antes do epis\u00f3dio que terminou em trag\u00e9dia.<\/p>\n\n\n\n<p>Guarni\u00e7\u00f5es da Pol\u00edcia Militar isolaram a \u00e1rea para preservar o local do crime e permitir o trabalho da per\u00edcia. O caso gerou forte repercuss\u00e3o entre moradores da cidade, que ficaram chocados com a viol\u00eancia registrada dentro de uma casa, em uma comunidade considerada tranquila.<\/p>\n\n\n\n<p>Peritos do Departamento de Pol\u00edcia T\u00e9cnica realizaram o levantamento cadav\u00e9rico e coletaram evid\u00eancias que podem ajudar na investiga\u00e7\u00e3o. Ap\u00f3s os procedimentos, o corpo foi encaminhado para o Instituto M\u00e9dico Legal (IML) da regi\u00e3o, onde deve passar por exames para determinar detalhes da morte.<\/p>\n\n\n\n<p>Investiga\u00e7\u00e3o ficar\u00e1 sob responsabilidade da Pol\u00edcia Civil, que pretende ouvir testemunhas e analisar todas as circunst\u00e2ncias do ocorrido. Autoridades trabalham para esclarecer a din\u00e2mica do crime e confirmar a participa\u00e7\u00e3o da suspeita no homic\u00eddio.<\/p>\n\n\n\n<p>Como\u00e7\u00e3o tomou conta da cidade ap\u00f3s a divulga\u00e7\u00e3o do caso. Familiares e moradores aguardam respostas sobre o que teria provocado a morte de Erivan, enquanto a pol\u00edcia tenta reconstruir os momentos que antecederam o crime.<\/p>\n","protected":false},"excerpt":{"rendered":"<p>Crime violento abalou moradores de Manoel Vitorino, no sudoeste da Bahia, na tarde desta sexta-feira (13). Um homem foi encontrado morto dentro de uma resid\u00eancia ap\u00f3s sofrer v\u00e1rios golpes de faca. A ocorr\u00eancia mobilizou equipes da Pol\u00edcia Militar e do Servi\u00e7o de Atendimento M\u00f3vel de Urg\u00eancia (SAMU), que foram acionadas para atender a situa\u00e7\u00e3o. V\u00edtima foi identificada como Erivan Rodrigues dos Santos. Informa\u00e7\u00f5es iniciais apontam que ele foi atacado dentro da pr\u00f3pria casa, em circunst\u00e2ncias que ainda est\u00e3o sendo apuradas pelas autoridades. Quando as equipes de socorro chegaram ao local, o homem j\u00e1 n\u00e3o apresentava sinais vitais, e a morte foi confirmada ainda na resid\u00eancia. Suspeita do crime \u00e9 a companheira da v\u00edtima, apontada por relatos iniciais como poss\u00edvel autora das facadas. Circunst\u00e2ncias que levaram ao ataque ainda n\u00e3o foram esclarecidas, e a pol\u00edcia busca entender se houve discuss\u00e3o ou algum tipo de conflito antes do epis\u00f3dio que terminou em trag\u00e9dia. Guarni\u00e7\u00f5es da Pol\u00edcia Militar isolaram a \u00e1rea para preservar o local do crime e permitir o trabalho da per\u00edcia. O caso gerou forte repercuss\u00e3o entre moradores da cidade, que ficaram chocados com a viol\u00eancia registrada dentro de uma casa, em uma comunidade considerada tranquila. Peritos do Departamento de Pol\u00edcia T\u00e9cnica realizaram o levantamento cadav\u00e9rico e coletaram evid\u00eancias que podem ajudar na investiga\u00e7\u00e3o. Ap\u00f3s os procedimentos, o corpo foi encaminhado para o Instituto M\u00e9dico Legal (IML) da regi\u00e3o, onde deve passar por exames para determinar detalhes da morte. Investiga\u00e7\u00e3o ficar\u00e1 sob responsabilidade da Pol\u00edcia Civil, que pretende ouvir testemunhas e analisar todas as circunst\u00e2ncias do ocorrido. Autoridades trabalham para esclarecer a din\u00e2mica do crime e confirmar a participa\u00e7\u00e3o da suspeita no homic\u00eddio. Como\u00e7\u00e3o tomou conta da cidade ap\u00f3s a divulga\u00e7\u00e3o do caso. Familiares e moradores aguardam respostas sobre o que teria provocado a morte de Erivan, enquanto a pol\u00edcia tenta reconstruir os momentos que antecederam o crime.<\/p>\n","protected":false},"author":2,"featured_media":0,"comment_status":"open","ping_status":"open","sticky":false,"template":"","format":"standard","meta":{"footnotes":""},"categories":[4,3],"tags":[],"class_list":["post-10402","post","type-post","status-publish","format-standard","hentry","category-cidades","category-policia"],"yoast_head":"<!-- This site is optimized with the Yoast SEO plugin v26.5 - https:\/\/yoast.com\/wordpress\/plugins\/seo\/ -->\n<title>Homem \u00e9 morto a facadas em Manoel Vitorino; companheira \u00e9 apontada como suspeita do crime - Sudoesteacontece<\/title>\n<meta name=\"robots\" content=\"index, follow, max-snippet:-1, max-image-preview:large, max-video-preview:-1\" \/>\n<link rel=\"canonical\" href=\"https:\/\/sudoesteacontece.com.br\/?p=10402\" \/>\n<meta property=\"og:locale\" content=\"pt_BR\" \/>\n<meta property=\"og:type\" content=\"article\" \/>\n<meta property=\"og:title\" content=\"Homem \u00e9 morto a facadas em Manoel Vitorino; companheira \u00e9 apontada como suspeita do crime - Sudoesteacontece\" \/>\n<meta property=\"og:description\" content=\"Crime violento abalou moradores de Manoel Vitorino, no sudoeste da Bahia, na tarde desta sexta-feira (13). Um homem foi encontrado morto dentro de uma resid\u00eancia ap\u00f3s sofrer v\u00e1rios golpes de faca. A ocorr\u00eancia mobilizou equipes da Pol\u00edcia Militar e do Servi\u00e7o de Atendimento M\u00f3vel de Urg\u00eancia (SAMU), que foram acionadas para atender a situa\u00e7\u00e3o. V\u00edtima foi identificada como Erivan Rodrigues dos Santos. Informa\u00e7\u00f5es iniciais apontam que ele foi atacado dentro da pr\u00f3pria casa, em circunst\u00e2ncias que ainda est\u00e3o sendo apuradas pelas autoridades. Quando as equipes de socorro chegaram ao local, o homem j\u00e1 n\u00e3o apresentava sinais vitais, e a morte foi confirmada ainda na resid\u00eancia. Suspeita do crime \u00e9 a companheira da v\u00edtima, apontada por relatos iniciais como poss\u00edvel autora das facadas. Circunst\u00e2ncias que levaram ao ataque ainda n\u00e3o foram esclarecidas, e a pol\u00edcia busca entender se houve discuss\u00e3o ou algum tipo de conflito antes do epis\u00f3dio que terminou em trag\u00e9dia. Guarni\u00e7\u00f5es da Pol\u00edcia Militar isolaram a \u00e1rea para preservar o local do crime e permitir o trabalho da per\u00edcia. O caso gerou forte repercuss\u00e3o entre moradores da cidade, que ficaram chocados com a viol\u00eancia registrada dentro de uma casa, em uma comunidade considerada tranquila. Peritos do Departamento de Pol\u00edcia T\u00e9cnica realizaram o levantamento cadav\u00e9rico e coletaram evid\u00eancias que podem ajudar na investiga\u00e7\u00e3o. Ap\u00f3s os procedimentos, o corpo foi encaminhado para o Instituto M\u00e9dico Legal (IML) da regi\u00e3o, onde deve passar por exames para determinar detalhes da morte. Investiga\u00e7\u00e3o ficar\u00e1 sob responsabilidade da Pol\u00edcia Civil, que pretende ouvir testemunhas e analisar todas as circunst\u00e2ncias do ocorrido. Autoridades trabalham para esclarecer a din\u00e2mica do crime e confirmar a participa\u00e7\u00e3o da suspeita no homic\u00eddio. Como\u00e7\u00e3o tomou conta da cidade ap\u00f3s a divulga\u00e7\u00e3o do caso. Familiares e moradores aguardam respostas sobre o que teria provocado a morte de Erivan, enquanto a pol\u00edcia tenta reconstruir os momentos que antecederam o crime.\" \/>\n<meta property=\"og:url\" content=\"https:\/\/sudoesteacontece.com.br\/?p=10402\" \/>\n<meta property=\"og:site_name\" content=\"Sudoesteacontece\" \/>\n<meta property=\"article:publisher\" content=\"https:\/\/www.facebook.com\/sudoesteacontece\/?locale=pt_BR\" \/>\n<meta property=\"article:published_time\" content=\"2026-03-14T16:07:10+00:00\" \/>\n<meta property=\"article:modified_time\" content=\"2026-03-14T16:07:14+00:00\" \/>\n<meta property=\"og:image\" content=\"http:\/\/sudoesteacontece.com.br\/wp-content\/uploads\/2026\/03\/Novo-Projeto-24.jpg\" \/>\n<meta name=\"author\" content=\"Washington Tiago\" \/>\n<meta name=\"twitter:card\" content=\"summary_large_image\" \/>\n<meta name=\"twitter:label1\" content=\"Escrito por\" \/>\n\t<meta name=\"twitter:data1\" content=\"Washington Tiago\" \/>\n\t<meta name=\"twitter:label2\" content=\"Est. tempo de leitura\" \/>\n\t<meta name=\"twitter:data2\" content=\"2 minutos\" \/>\n<script type=\"application\/ld+json\" class=\"yoast-schema-graph\">{\"@context\":\"https:\/\/schema.org\",\"@graph\":[{\"@type\":\"Article\",\"@id\":\"https:\/\/sudoesteacontece.com.br\/?p=10402#article\",\"isPartOf\":{\"@id\":\"https:\/\/sudoesteacontece.com.br\/?p=10402\"},\"author\":{\"name\":\"Washington Tiago\",\"@id\":\"https:\/\/sudoesteacontece.com.br\/#\/schema\/person\/3cf2cf009926a9683ebc29d5379fa79c\"},\"headline\":\"Homem \u00e9 morto a facadas em Manoel Vitorino; companheira \u00e9 apontada como suspeita do crime\",\"datePublished\":\"2026-03-14T16:07:10+00:00\",\"dateModified\":\"2026-03-14T16:07:14+00:00\",\"mainEntityOfPage\":{\"@id\":\"https:\/\/sudoesteacontece.com.br\/?p=10402\"},\"wordCount\":365,\"commentCount\":0,\"publisher\":{\"@id\":\"https:\/\/sudoesteacontece.com.br\/#organization\"},\"image\":{\"@id\":\"https:\/\/sudoesteacontece.com.br\/?p=10402#primaryimage\"},\"thumbnailUrl\":\"http:\/\/sudoesteacontece.com.br\/wp-content\/uploads\/2026\/03\/Novo-Projeto-24.jpg\",\"articleSection\":[\"Cidades\",\"Pol\u00edcia\"],\"inLanguage\":\"pt-BR\",\"potentialAction\":[{\"@type\":\"CommentAction\",\"name\":\"Comment\",\"target\":[\"https:\/\/sudoesteacontece.com.br\/?p=10402#respond\"]}]},{\"@type\":\"WebPage\",\"@id\":\"https:\/\/sudoesteacontece.com.br\/?p=10402\",\"url\":\"https:\/\/sudoesteacontece.com.br\/?p=10402\",\"name\":\"Homem \u00e9 morto a facadas em Manoel Vitorino; companheira \u00e9 apontada como suspeita do crime - Sudoesteacontece\",\"isPartOf\":{\"@id\":\"https:\/\/sudoesteacontece.com.br\/#website\"},\"primaryImageOfPage\":{\"@id\":\"https:\/\/sudoesteacontece.com.br\/?p=10402#primaryimage\"},\"image\":{\"@id\":\"https:\/\/sudoesteacontece.com.br\/?p=10402#primaryimage\"},\"thumbnailUrl\":\"http:\/\/sudoesteacontece.com.br\/wp-content\/uploads\/2026\/03\/Novo-Projeto-24.jpg\",\"datePublished\":\"2026-03-14T16:07:10+00:00\",\"dateModified\":\"2026-03-14T16:07:14+00:00\",\"breadcrumb\":{\"@id\":\"https:\/\/sudoesteacontece.com.br\/?p=10402#breadcrumb\"},\"inLanguage\":\"pt-BR\",\"potentialAction\":[{\"@type\":\"ReadAction\",\"target\":[\"https:\/\/sudoesteacontece.com.br\/?p=10402\"]}]},{\"@type\":\"ImageObject\",\"inLanguage\":\"pt-BR\",\"@id\":\"https:\/\/sudoesteacontece.com.br\/?p=10402#primaryimage\",\"url\":\"https:\/\/sudoesteacontece.com.br\/wp-content\/uploads\/2026\/03\/Novo-Projeto-24.jpg\",\"contentUrl\":\"https:\/\/sudoesteacontece.com.br\/wp-content\/uploads\/2026\/03\/Novo-Projeto-24.jpg\",\"width\":900,\"height\":600},{\"@type\":\"BreadcrumbList\",\"@id\":\"https:\/\/sudoesteacontece.com.br\/?p=10402#breadcrumb\",\"itemListElement\":[{\"@type\":\"ListItem\",\"position\":1,\"name\":\"In\u00edcio\",\"item\":\"https:\/\/sudoesteacontece.com.br\/\"},{\"@type\":\"ListItem\",\"position\":2,\"name\":\"Homem \u00e9 morto a facadas em Manoel Vitorino; companheira \u00e9 apontada como suspeita do crime\"}]},{\"@type\":\"WebSite\",\"@id\":\"https:\/\/sudoesteacontece.com.br\/#website\",\"url\":\"https:\/\/sudoesteacontece.com.br\/\",\"name\":\"Sudoesteacontece\",\"description\":\"\",\"publisher\":{\"@id\":\"https:\/\/sudoesteacontece.com.br\/#organization\"},\"potentialAction\":[{\"@type\":\"SearchAction\",\"target\":{\"@type\":\"EntryPoint\",\"urlTemplate\":\"https:\/\/sudoesteacontece.com.br\/?s={search_term_string}\"},\"query-input\":{\"@type\":\"PropertyValueSpecification\",\"valueRequired\":true,\"valueName\":\"search_term_string\"}}],\"inLanguage\":\"pt-BR\"},{\"@type\":\"Organization\",\"@id\":\"https:\/\/sudoesteacontece.com.br\/#organization\",\"name\":\"Sudoesteacontece\",\"url\":\"https:\/\/sudoesteacontece.com.br\/\",\"logo\":{\"@type\":\"ImageObject\",\"inLanguage\":\"pt-BR\",\"@id\":\"https:\/\/sudoesteacontece.com.br\/#\/schema\/logo\/image\/\",\"url\":\"https:\/\/sudoesteacontece.com.br\/wp-content\/uploads\/2025\/12\/cropped-logo-2-180x180-1.png\",\"contentUrl\":\"https:\/\/sudoesteacontece.com.br\/wp-content\/uploads\/2025\/12\/cropped-logo-2-180x180-1.png\",\"width\":180,\"height\":180,\"caption\":\"Sudoesteacontece\"},\"image\":{\"@id\":\"https:\/\/sudoesteacontece.com.br\/#\/schema\/logo\/image\/\"},\"sameAs\":[\"https:\/\/www.facebook.com\/sudoesteacontece\/?locale=pt_BR\"]},{\"@type\":\"Person\",\"@id\":\"https:\/\/sudoesteacontece.com.br\/#\/schema\/person\/3cf2cf009926a9683ebc29d5379fa79c\",\"name\":\"Washington Tiago\",\"image\":{\"@type\":\"ImageObject\",\"inLanguage\":\"pt-BR\",\"@id\":\"https:\/\/sudoesteacontece.com.br\/#\/schema\/person\/image\/\",\"url\":\"https:\/\/secure.gravatar.com\/avatar\/33c43b8668157e040f9d1fe93c354bf087cbd8ba36270c1163198bd3ddcf2a56?s=96&d=mm&r=g\",\"contentUrl\":\"https:\/\/secure.gravatar.com\/avatar\/33c43b8668157e040f9d1fe93c354bf087cbd8ba36270c1163198bd3ddcf2a56?s=96&d=mm&r=g\",\"caption\":\"Washington Tiago\"},\"url\":\"https:\/\/sudoesteacontece.com.br\/?author=2\"}]}<\/script>\n<!-- \/ Yoast SEO plugin. -->","yoast_head_json":{"title":"Homem \u00e9 morto a facadas em Manoel Vitorino; companheira \u00e9 apontada como suspeita do crime - Sudoesteacontece","robots":{"index":"index","follow":"follow","max-snippet":"max-snippet:-1","max-image-preview":"max-image-preview:large","max-video-preview":"max-video-preview:-1"},"canonical":"https:\/\/sudoesteacontece.com.br\/?p=10402","og_locale":"pt_BR","og_type":"article","og_title":"Homem \u00e9 morto a facadas em Manoel Vitorino; companheira \u00e9 apontada como suspeita do crime - Sudoesteacontece","og_description":"Crime violento abalou moradores de Manoel Vitorino, no sudoeste da Bahia, na tarde desta sexta-feira (13). Um homem foi encontrado morto dentro de uma resid\u00eancia ap\u00f3s sofrer v\u00e1rios golpes de faca. A ocorr\u00eancia mobilizou equipes da Pol\u00edcia Militar e do Servi\u00e7o de Atendimento M\u00f3vel de Urg\u00eancia (SAMU), que foram acionadas para atender a situa\u00e7\u00e3o. V\u00edtima foi identificada como Erivan Rodrigues dos Santos. Informa\u00e7\u00f5es iniciais apontam que ele foi atacado dentro da pr\u00f3pria casa, em circunst\u00e2ncias que ainda est\u00e3o sendo apuradas pelas autoridades. Quando as equipes de socorro chegaram ao local, o homem j\u00e1 n\u00e3o apresentava sinais vitais, e a morte foi confirmada ainda na resid\u00eancia. Suspeita do crime \u00e9 a companheira da v\u00edtima, apontada por relatos iniciais como poss\u00edvel autora das facadas. Circunst\u00e2ncias que levaram ao ataque ainda n\u00e3o foram esclarecidas, e a pol\u00edcia busca entender se houve discuss\u00e3o ou algum tipo de conflito antes do epis\u00f3dio que terminou em trag\u00e9dia. Guarni\u00e7\u00f5es da Pol\u00edcia Militar isolaram a \u00e1rea para preservar o local do crime e permitir o trabalho da per\u00edcia. O caso gerou forte repercuss\u00e3o entre moradores da cidade, que ficaram chocados com a viol\u00eancia registrada dentro de uma casa, em uma comunidade considerada tranquila. Peritos do Departamento de Pol\u00edcia T\u00e9cnica realizaram o levantamento cadav\u00e9rico e coletaram evid\u00eancias que podem ajudar na investiga\u00e7\u00e3o. Ap\u00f3s os procedimentos, o corpo foi encaminhado para o Instituto M\u00e9dico Legal (IML) da regi\u00e3o, onde deve passar por exames para determinar detalhes da morte. Investiga\u00e7\u00e3o ficar\u00e1 sob responsabilidade da Pol\u00edcia Civil, que pretende ouvir testemunhas e analisar todas as circunst\u00e2ncias do ocorrido. Autoridades trabalham para esclarecer a din\u00e2mica do crime e confirmar a participa\u00e7\u00e3o da suspeita no homic\u00eddio. Como\u00e7\u00e3o tomou conta da cidade ap\u00f3s a divulga\u00e7\u00e3o do caso. Familiares e moradores aguardam respostas sobre o que teria provocado a morte de Erivan, enquanto a pol\u00edcia tenta reconstruir os momentos que antecederam o crime.","og_url":"https:\/\/sudoesteacontece.com.br\/?p=10402","og_site_name":"Sudoesteacontece","article_publisher":"https:\/\/www.facebook.com\/sudoesteacontece\/?locale=pt_BR","article_published_time":"2026-03-14T16:07:10+00:00","article_modified_time":"2026-03-14T16:07:14+00:00","og_image":[{"url":"http:\/\/sudoesteacontece.com.br\/wp-content\/uploads\/2026\/03\/Novo-Projeto-24.jpg","type":"","width":"","height":""}],"author":"Washington Tiago","twitter_card":"summary_large_image","twitter_misc":{"Escrito por":"Washington Tiago","Est. tempo de leitura":"2 minutos"},"schema":{"@context":"https:\/\/schema.org","@graph":[{"@type":"Article","@id":"https:\/\/sudoesteacontece.com.br\/?p=10402#article","isPartOf":{"@id":"https:\/\/sudoesteacontece.com.br\/?p=10402"},"author":{"name":"Washington Tiago","@id":"https:\/\/sudoesteacontece.com.br\/#\/schema\/person\/3cf2cf009926a9683ebc29d5379fa79c"},"headline":"Homem \u00e9 morto a facadas em Manoel Vitorino; companheira \u00e9 apontada como suspeita do crime","datePublished":"2026-03-14T16:07:10+00:00","dateModified":"2026-03-14T16:07:14+00:00","mainEntityOfPage":{"@id":"https:\/\/sudoesteacontece.com.br\/?p=10402"},"wordCount":365,"commentCount":0,"publisher":{"@id":"https:\/\/sudoesteacontece.com.br\/#organization"},"image":{"@id":"https:\/\/sudoesteacontece.com.br\/?p=10402#primaryimage"},"thumbnailUrl":"http:\/\/sudoesteacontece.com.br\/wp-content\/uploads\/2026\/03\/Novo-Projeto-24.jpg","articleSection":["Cidades","Pol\u00edcia"],"inLanguage":"pt-BR","potentialAction":[{"@type":"CommentAction","name":"Comment","target":["https:\/\/sudoesteacontece.com.br\/?p=10402#respond"]}]},{"@type":"WebPage","@id":"https:\/\/sudoesteacontece.com.br\/?p=10402","url":"https:\/\/sudoesteacontece.com.br\/?p=10402","name":"Homem \u00e9 morto a facadas em Manoel Vitorino; companheira \u00e9 apontada como suspeita do crime - Sudoesteacontece","isPartOf":{"@id":"https:\/\/sudoesteacontece.com.br\/#website"},"primaryImageOfPage":{"@id":"https:\/\/sudoesteacontece.com.br\/?p=10402#primaryimage"},"image":{"@id":"https:\/\/sudoesteacontece.com.br\/?p=10402#primaryimage"},"thumbnailUrl":"http:\/\/sudoesteacontece.com.br\/wp-content\/uploads\/2026\/03\/Novo-Projeto-24.jpg","datePublished":"2026-03-14T16:07:10+00:00","dateModified":"2026-03-14T16:07:14+00:00","breadcrumb":{"@id":"https:\/\/sudoesteacontece.com.br\/?p=10402#breadcrumb"},"inLanguage":"pt-BR","potentialAction":[{"@type":"ReadAction","target":["https:\/\/sudoesteacontece.com.br\/?p=10402"]}]},{"@type":"ImageObject","inLanguage":"pt-BR","@id":"https:\/\/sudoesteacontece.com.br\/?p=10402#primaryimage","url":"https:\/\/sudoesteacontece.com.br\/wp-content\/uploads\/2026\/03\/Novo-Projeto-24.jpg","contentUrl":"https:\/\/sudoesteacontece.com.br\/wp-content\/uploads\/2026\/03\/Novo-Projeto-24.jpg","width":900,"height":600},{"@type":"BreadcrumbList","@id":"https:\/\/sudoesteacontece.com.br\/?p=10402#breadcrumb","itemListElement":[{"@type":"ListItem","position":1,"name":"In\u00edcio","item":"https:\/\/sudoesteacontece.com.br\/"},{"@type":"ListItem","position":2,"name":"Homem \u00e9 morto a facadas em Manoel Vitorino; companheira \u00e9 apontada como suspeita do crime"}]},{"@type":"WebSite","@id":"https:\/\/sudoesteacontece.com.br\/#website","url":"https:\/\/sudoesteacontece.com.br\/","name":"Sudoesteacontece","description":"","publisher":{"@id":"https:\/\/sudoesteacontece.com.br\/#organization"},"potentialAction":[{"@type":"SearchAction","target":{"@type":"EntryPoint","urlTemplate":"https:\/\/sudoesteacontece.com.br\/?s={search_term_string}"},"query-input":{"@type":"PropertyValueSpecification","valueRequired":true,"valueName":"search_term_string"}}],"inLanguage":"pt-BR"},{"@type":"Organization","@id":"https:\/\/sudoesteacontece.com.br\/#organization","name":"Sudoesteacontece","url":"https:\/\/sudoesteacontece.com.br\/","logo":{"@type":"ImageObject","inLanguage":"pt-BR","@id":"https:\/\/sudoesteacontece.com.br\/#\/schema\/logo\/image\/","url":"https:\/\/sudoesteacontece.com.br\/wp-content\/uploads\/2025\/12\/cropped-logo-2-180x180-1.png","contentUrl":"https:\/\/sudoesteacontece.com.br\/wp-content\/uploads\/2025\/12\/cropped-logo-2-180x180-1.png","width":180,"height":180,"caption":"Sudoesteacontece"},"image":{"@id":"https:\/\/sudoesteacontece.com.br\/#\/schema\/logo\/image\/"},"sameAs":["https:\/\/www.facebook.com\/sudoesteacontece\/?locale=pt_BR"]},{"@type":"Person","@id":"https:\/\/sudoesteacontece.com.br\/#\/schema\/person\/3cf2cf009926a9683ebc29d5379fa79c","name":"Washington Tiago","image":{"@type":"ImageObject","inLanguage":"pt-BR","@id":"https:\/\/sudoesteacontece.com.br\/#\/schema\/person\/image\/","url":"https:\/\/secure.gravatar.com\/avatar\/33c43b8668157e040f9d1fe93c354bf087cbd8ba36270c1163198bd3ddcf2a56?s=96&d=mm&r=g","contentUrl":"https:\/\/secure.gravatar.com\/avatar\/33c43b8668157e040f9d1fe93c354bf087cbd8ba36270c1163198bd3ddcf2a56?s=96&d=mm&r=g","caption":"Washington Tiago"},"url":"https:\/\/sudoesteacontece.com.br\/?author=2"}]}},"_links":{"self":[{"href":"https:\/\/sudoesteacontece.com.br\/index.php?rest_route=\/wp\/v2\/posts\/10402","targetHints":{"allow":["GET"]}}],"collection":[{"href":"https:\/\/sudoesteacontece.com.br\/index.php?rest_route=\/wp\/v2\/posts"}],"about":[{"href":"https:\/\/sudoesteacontece.com.br\/index.php?rest_route=\/wp\/v2\/types\/post"}],"author":[{"embeddable":true,"href":"https:\/\/sudoesteacontece.com.br\/index.php?rest_route=\/wp\/v2\/users\/2"}],"replies":[{"embeddable":true,"href":"https:\/\/sudoesteacontece.com.br\/index.php?rest_route=%2Fwp%2Fv2%2Fcomments&post=10402"}],"version-history":[{"count":0,"href":"https:\/\/sudoesteacontece.com.br\/index.php?rest_route=\/wp\/v2\/posts\/10402\/revisions"}],"wp:attachment":[{"href":"https:\/\/sudoesteacontece.com.br\/index.php?rest_route=%2Fwp%2Fv2%2Fmedia&parent=10402"}],"wp:term":[{"taxonomy":"category","embeddable":true,"href":"https:\/\/sudoesteacontece.com.br\/index.php?rest_route=%2Fwp%2Fv2%2Fcategories&post=10402"},{"taxonomy":"post_tag","embeddable":true,"href":"https:\/\/sudoesteacontece.com.br\/index.php?rest_route=%2Fwp%2Fv2%2Ftags&post=10402"}],"curies":[{"name":"wp","href":"https:\/\/api.w.org\/{rel}","templated":true}]}}