{"id":10403,"date":"2026-03-14T13:04:07","date_gmt":"2026-03-14T16:04:07","guid":{"rendered":"https:\/\/sudoesteacontece.com.br\/?p=10403"},"modified":"2026-03-14T13:04:11","modified_gmt":"2026-03-14T16:04:11","slug":"projeto-de-lei-propoe-recomposicao-salarial-para-servidores-do-saae-de-macaubas-e-gera-debate-na-cidade","status":"publish","type":"post","link":"https:\/\/sudoesteacontece.com.br\/?p=10403","title":{"rendered":"Projeto de lei prop\u00f5e recomposi\u00e7\u00e3o salarial para servidores do SAAE de Maca\u00fabas e gera debate na cidade"},"content":{"rendered":"<div class=\"wp-block-image\">\n<figure class=\"aligncenter size-full\"><img fetchpriority=\"high\" decoding=\"async\" width=\"1000\" height=\"750\" src=\"http:\/\/sudoesteacontece.com.br\/wp-content\/uploads\/2025\/10\/Macaubas-recebe-4a-Copa-Ery-Thai-com-luta-internacional-e-promessa-de-grandes-emocoes-sudoeste-acontece.jpg\" alt=\"\" class=\"wp-image-1435\" srcset=\"https:\/\/sudoesteacontece.com.br\/wp-content\/uploads\/2025\/10\/Macaubas-recebe-4a-Copa-Ery-Thai-com-luta-internacional-e-promessa-de-grandes-emocoes-sudoeste-acontece.jpg 1000w, https:\/\/sudoesteacontece.com.br\/wp-content\/uploads\/2025\/10\/Macaubas-recebe-4a-Copa-Ery-Thai-com-luta-internacional-e-promessa-de-grandes-emocoes-sudoeste-acontece-300x225.jpg 300w, https:\/\/sudoesteacontece.com.br\/wp-content\/uploads\/2025\/10\/Macaubas-recebe-4a-Copa-Ery-Thai-com-luta-internacional-e-promessa-de-grandes-emocoes-sudoeste-acontece-768x576.jpg 768w\" sizes=\"(max-width: 1000px) 100vw, 1000px\" \/><\/figure>\n<\/div>\n\n\n<p>Projeto de lei encaminhado \u00e0 C\u00e2mara Municipal de Maca\u00fabas pelo prefeito Alo\u00edsio Miguel Rebonato prop\u00f5e recomposi\u00e7\u00e3o salarial para servidores do SAAE de Maca\u00fabas. A proposta, enviada no dia 3 de mar\u00e7o de 2026, busca atualizar os sal\u00e1rios com base na infla\u00e7\u00e3o acumulada dos \u00faltimos anos.<\/p>\n\n\n\n<p>Texto do projeto prev\u00ea recomposi\u00e7\u00e3o de 9,41% para os servidores, corre\u00e7\u00e3o referente ao per\u00edodo de maio de 2023 a abril de 2025 e aplica\u00e7\u00e3o baseada nos \u00edndices de infla\u00e7\u00e3o medidos pelo INPC\/IBGE. Al\u00e9m disso, cria uma data-base anual em maio para futuras revis\u00f5es salariais, sem representar aumento real, apenas preservando o poder de compra dos trabalhadores.<\/p>\n\n\n\n<p>Segundo o Executivo, despesas decorrentes da recomposi\u00e7\u00e3o salarial ser\u00e3o custeadas com recursos pr\u00f3prios do or\u00e7amento do SAAE. A justificativa refor\u00e7a que a medida segue o artigo 37 da Constitui\u00e7\u00e3o Federal e visa manter os trabalhadores valorizados enquanto garantem servi\u00e7os essenciais \u00e0 popula\u00e7\u00e3o.<\/p>\n\n\n\n<p>Dirigente sindical Noel Santos afirmou \u00e0 R\u00e1dio Maca\u00fabas FM que a recomposi\u00e7\u00e3o salarial \u00e9 uma reivindica\u00e7\u00e3o antiga, pois os servidores est\u00e3o h\u00e1 cerca de tr\u00eas anos sem reajuste. Ele destacou que o objetivo \u00e9 preservar o poder de compra diante do aumento de despesas b\u00e1sicas, como alimenta\u00e7\u00e3o e transporte.<\/p>\n\n\n\n<p>Categoria chegou a aprovar paralisa\u00e7\u00e3o para o dia 9 de mar\u00e7o, pressionando pela recomposi\u00e7\u00e3o salarial. A mobiliza\u00e7\u00e3o, por\u00e9m, foi suspensa ap\u00f3s o projeto ser encaminhado \u00e0 C\u00e2mara, priorizando o di\u00e1logo e evitando impactos no abastecimento de \u00e1gua, considerado servi\u00e7o essencial \u00e0 popula\u00e7\u00e3o.<\/p>\n\n\n\n<p>SAAE \u00e9 respons\u00e1vel pelo abastecimento de \u00e1gua e servi\u00e7os de saneamento em Maca\u00fabas. Executivo refor\u00e7a que valorizar os servidores da autarquia \u00e9 fundamental para garantir continuidade, efici\u00eancia e qualidade nos servi\u00e7os prestados diariamente \u00e0 popula\u00e7\u00e3o local.<\/p>\n\n\n\n<p>Agora, o Projeto de Lei n\u00ba 248\/2026 ser\u00e1 analisado e votado pelos vereadores da C\u00e2mara Municipal. Caso aprovado, a recomposi\u00e7\u00e3o salarial passar\u00e1 a valer no m\u00eas seguinte \u00e0 publica\u00e7\u00e3o da lei, mantendo a aten\u00e7\u00e3o de trabalhadores, sindicato e moradores sobre os impactos no or\u00e7amento e no servi\u00e7o essencial da cidade.<\/p>\n","protected":false},"excerpt":{"rendered":"<p>Projeto de lei encaminhado \u00e0 C\u00e2mara Municipal de Maca\u00fabas pelo prefeito Alo\u00edsio Miguel Rebonato prop\u00f5e recomposi\u00e7\u00e3o salarial para servidores do SAAE de Maca\u00fabas. A proposta, enviada no dia 3 de mar\u00e7o de 2026, busca atualizar os sal\u00e1rios com base na infla\u00e7\u00e3o acumulada dos \u00faltimos anos. Texto do projeto prev\u00ea recomposi\u00e7\u00e3o de 9,41% para os servidores, corre\u00e7\u00e3o referente ao per\u00edodo de maio de 2023 a abril de 2025 e aplica\u00e7\u00e3o baseada nos \u00edndices de infla\u00e7\u00e3o medidos pelo INPC\/IBGE. Al\u00e9m disso, cria uma data-base anual em maio para futuras revis\u00f5es salariais, sem representar aumento real, apenas preservando o poder de compra dos trabalhadores. Segundo o Executivo, despesas decorrentes da recomposi\u00e7\u00e3o salarial ser\u00e3o custeadas com recursos pr\u00f3prios do or\u00e7amento do SAAE. A justificativa refor\u00e7a que a medida segue o artigo 37 da Constitui\u00e7\u00e3o Federal e visa manter os trabalhadores valorizados enquanto garantem servi\u00e7os essenciais \u00e0 popula\u00e7\u00e3o. Dirigente sindical Noel Santos afirmou \u00e0 R\u00e1dio Maca\u00fabas FM que a recomposi\u00e7\u00e3o salarial \u00e9 uma reivindica\u00e7\u00e3o antiga, pois os servidores est\u00e3o h\u00e1 cerca de tr\u00eas anos sem reajuste. Ele destacou que o objetivo \u00e9 preservar o poder de compra diante do aumento de despesas b\u00e1sicas, como alimenta\u00e7\u00e3o e transporte. Categoria chegou a aprovar paralisa\u00e7\u00e3o para o dia 9 de mar\u00e7o, pressionando pela recomposi\u00e7\u00e3o salarial. A mobiliza\u00e7\u00e3o, por\u00e9m, foi suspensa ap\u00f3s o projeto ser encaminhado \u00e0 C\u00e2mara, priorizando o di\u00e1logo e evitando impactos no abastecimento de \u00e1gua, considerado servi\u00e7o essencial \u00e0 popula\u00e7\u00e3o. SAAE \u00e9 respons\u00e1vel pelo abastecimento de \u00e1gua e servi\u00e7os de saneamento em Maca\u00fabas. Executivo refor\u00e7a que valorizar os servidores da autarquia \u00e9 fundamental para garantir continuidade, efici\u00eancia e qualidade nos servi\u00e7os prestados diariamente \u00e0 popula\u00e7\u00e3o local. Agora, o Projeto de Lei n\u00ba 248\/2026 ser\u00e1 analisado e votado pelos vereadores da C\u00e2mara Municipal. Caso aprovado, a recomposi\u00e7\u00e3o salarial passar\u00e1 a valer no m\u00eas seguinte \u00e0 publica\u00e7\u00e3o da lei, mantendo a aten\u00e7\u00e3o de trabalhadores, sindicato e moradores sobre os impactos no or\u00e7amento e no servi\u00e7o essencial da cidade.<\/p>\n","protected":false},"author":2,"featured_media":0,"comment_status":"open","ping_status":"open","sticky":false,"template":"","format":"standard","meta":{"footnotes":""},"categories":[4,46,6],"tags":[],"class_list":["post-10403","post","type-post","status-publish","format-standard","hentry","category-cidades","category-macaubas","category-politica"],"yoast_head":"<!-- This site is optimized with the Yoast SEO plugin v26.5 - https:\/\/yoast.com\/wordpress\/plugins\/seo\/ -->\n<title>Projeto de lei prop\u00f5e recomposi\u00e7\u00e3o salarial para servidores do SAAE de Maca\u00fabas e gera debate na cidade - Sudoesteacontece<\/title>\n<meta name=\"robots\" content=\"index, follow, max-snippet:-1, max-image-preview:large, max-video-preview:-1\" \/>\n<link rel=\"canonical\" href=\"https:\/\/sudoesteacontece.com.br\/?p=10403\" \/>\n<meta property=\"og:locale\" content=\"pt_BR\" \/>\n<meta property=\"og:type\" content=\"article\" \/>\n<meta property=\"og:title\" content=\"Projeto de lei prop\u00f5e recomposi\u00e7\u00e3o salarial para servidores do SAAE de Maca\u00fabas e gera debate na cidade - Sudoesteacontece\" \/>\n<meta property=\"og:description\" content=\"Projeto de lei encaminhado \u00e0 C\u00e2mara Municipal de Maca\u00fabas pelo prefeito Alo\u00edsio Miguel Rebonato prop\u00f5e recomposi\u00e7\u00e3o salarial para servidores do SAAE de Maca\u00fabas. A proposta, enviada no dia 3 de mar\u00e7o de 2026, busca atualizar os sal\u00e1rios com base na infla\u00e7\u00e3o acumulada dos \u00faltimos anos. Texto do projeto prev\u00ea recomposi\u00e7\u00e3o de 9,41% para os servidores, corre\u00e7\u00e3o referente ao per\u00edodo de maio de 2023 a abril de 2025 e aplica\u00e7\u00e3o baseada nos \u00edndices de infla\u00e7\u00e3o medidos pelo INPC\/IBGE. Al\u00e9m disso, cria uma data-base anual em maio para futuras revis\u00f5es salariais, sem representar aumento real, apenas preservando o poder de compra dos trabalhadores. Segundo o Executivo, despesas decorrentes da recomposi\u00e7\u00e3o salarial ser\u00e3o custeadas com recursos pr\u00f3prios do or\u00e7amento do SAAE. A justificativa refor\u00e7a que a medida segue o artigo 37 da Constitui\u00e7\u00e3o Federal e visa manter os trabalhadores valorizados enquanto garantem servi\u00e7os essenciais \u00e0 popula\u00e7\u00e3o. Dirigente sindical Noel Santos afirmou \u00e0 R\u00e1dio Maca\u00fabas FM que a recomposi\u00e7\u00e3o salarial \u00e9 uma reivindica\u00e7\u00e3o antiga, pois os servidores est\u00e3o h\u00e1 cerca de tr\u00eas anos sem reajuste. Ele destacou que o objetivo \u00e9 preservar o poder de compra diante do aumento de despesas b\u00e1sicas, como alimenta\u00e7\u00e3o e transporte. Categoria chegou a aprovar paralisa\u00e7\u00e3o para o dia 9 de mar\u00e7o, pressionando pela recomposi\u00e7\u00e3o salarial. A mobiliza\u00e7\u00e3o, por\u00e9m, foi suspensa ap\u00f3s o projeto ser encaminhado \u00e0 C\u00e2mara, priorizando o di\u00e1logo e evitando impactos no abastecimento de \u00e1gua, considerado servi\u00e7o essencial \u00e0 popula\u00e7\u00e3o. SAAE \u00e9 respons\u00e1vel pelo abastecimento de \u00e1gua e servi\u00e7os de saneamento em Maca\u00fabas. Executivo refor\u00e7a que valorizar os servidores da autarquia \u00e9 fundamental para garantir continuidade, efici\u00eancia e qualidade nos servi\u00e7os prestados diariamente \u00e0 popula\u00e7\u00e3o local. Agora, o Projeto de Lei n\u00ba 248\/2026 ser\u00e1 analisado e votado pelos vereadores da C\u00e2mara Municipal. Caso aprovado, a recomposi\u00e7\u00e3o salarial passar\u00e1 a valer no m\u00eas seguinte \u00e0 publica\u00e7\u00e3o da lei, mantendo a aten\u00e7\u00e3o de trabalhadores, sindicato e moradores sobre os impactos no or\u00e7amento e no servi\u00e7o essencial da cidade.\" \/>\n<meta property=\"og:url\" content=\"https:\/\/sudoesteacontece.com.br\/?p=10403\" \/>\n<meta property=\"og:site_name\" content=\"Sudoesteacontece\" \/>\n<meta property=\"article:publisher\" content=\"https:\/\/www.facebook.com\/sudoesteacontece\/?locale=pt_BR\" \/>\n<meta property=\"article:published_time\" content=\"2026-03-14T16:04:07+00:00\" \/>\n<meta property=\"article:modified_time\" content=\"2026-03-14T16:04:11+00:00\" \/>\n<meta property=\"og:image\" content=\"http:\/\/sudoesteacontece.com.br\/wp-content\/uploads\/2025\/10\/Macaubas-recebe-4a-Copa-Ery-Thai-com-luta-internacional-e-promessa-de-grandes-emocoes-sudoeste-acontece.jpg\" \/>\n<meta name=\"author\" content=\"Washington Tiago\" \/>\n<meta name=\"twitter:card\" content=\"summary_large_image\" \/>\n<meta name=\"twitter:label1\" content=\"Escrito por\" \/>\n\t<meta name=\"twitter:data1\" content=\"Washington Tiago\" \/>\n\t<meta name=\"twitter:label2\" content=\"Est. tempo de leitura\" \/>\n\t<meta name=\"twitter:data2\" content=\"3 minutos\" \/>\n<script type=\"application\/ld+json\" class=\"yoast-schema-graph\">{\"@context\":\"https:\/\/schema.org\",\"@graph\":[{\"@type\":\"Article\",\"@id\":\"https:\/\/sudoesteacontece.com.br\/?p=10403#article\",\"isPartOf\":{\"@id\":\"https:\/\/sudoesteacontece.com.br\/?p=10403\"},\"author\":{\"name\":\"Washington Tiago\",\"@id\":\"https:\/\/sudoesteacontece.com.br\/#\/schema\/person\/3cf2cf009926a9683ebc29d5379fa79c\"},\"headline\":\"Projeto de lei prop\u00f5e recomposi\u00e7\u00e3o salarial para servidores do SAAE de Maca\u00fabas e gera debate na cidade\",\"datePublished\":\"2026-03-14T16:04:07+00:00\",\"dateModified\":\"2026-03-14T16:04:11+00:00\",\"mainEntityOfPage\":{\"@id\":\"https:\/\/sudoesteacontece.com.br\/?p=10403\"},\"wordCount\":378,\"commentCount\":0,\"publisher\":{\"@id\":\"https:\/\/sudoesteacontece.com.br\/#organization\"},\"image\":{\"@id\":\"https:\/\/sudoesteacontece.com.br\/?p=10403#primaryimage\"},\"thumbnailUrl\":\"http:\/\/sudoesteacontece.com.br\/wp-content\/uploads\/2025\/10\/Macaubas-recebe-4a-Copa-Ery-Thai-com-luta-internacional-e-promessa-de-grandes-emocoes-sudoeste-acontece.jpg\",\"articleSection\":[\"Cidades\",\"Maca\u00fabas\",\"Pol\u00edtica\"],\"inLanguage\":\"pt-BR\",\"potentialAction\":[{\"@type\":\"CommentAction\",\"name\":\"Comment\",\"target\":[\"https:\/\/sudoesteacontece.com.br\/?p=10403#respond\"]}]},{\"@type\":\"WebPage\",\"@id\":\"https:\/\/sudoesteacontece.com.br\/?p=10403\",\"url\":\"https:\/\/sudoesteacontece.com.br\/?p=10403\",\"name\":\"Projeto de lei prop\u00f5e recomposi\u00e7\u00e3o salarial para servidores do SAAE de Maca\u00fabas e gera debate na cidade - Sudoesteacontece\",\"isPartOf\":{\"@id\":\"https:\/\/sudoesteacontece.com.br\/#website\"},\"primaryImageOfPage\":{\"@id\":\"https:\/\/sudoesteacontece.com.br\/?p=10403#primaryimage\"},\"image\":{\"@id\":\"https:\/\/sudoesteacontece.com.br\/?p=10403#primaryimage\"},\"thumbnailUrl\":\"http:\/\/sudoesteacontece.com.br\/wp-content\/uploads\/2025\/10\/Macaubas-recebe-4a-Copa-Ery-Thai-com-luta-internacional-e-promessa-de-grandes-emocoes-sudoeste-acontece.jpg\",\"datePublished\":\"2026-03-14T16:04:07+00:00\",\"dateModified\":\"2026-03-14T16:04:11+00:00\",\"breadcrumb\":{\"@id\":\"https:\/\/sudoesteacontece.com.br\/?p=10403#breadcrumb\"},\"inLanguage\":\"pt-BR\",\"potentialAction\":[{\"@type\":\"ReadAction\",\"target\":[\"https:\/\/sudoesteacontece.com.br\/?p=10403\"]}]},{\"@type\":\"ImageObject\",\"inLanguage\":\"pt-BR\",\"@id\":\"https:\/\/sudoesteacontece.com.br\/?p=10403#primaryimage\",\"url\":\"https:\/\/sudoesteacontece.com.br\/wp-content\/uploads\/2025\/10\/Macaubas-recebe-4a-Copa-Ery-Thai-com-luta-internacional-e-promessa-de-grandes-emocoes-sudoeste-acontece.jpg\",\"contentUrl\":\"https:\/\/sudoesteacontece.com.br\/wp-content\/uploads\/2025\/10\/Macaubas-recebe-4a-Copa-Ery-Thai-com-luta-internacional-e-promessa-de-grandes-emocoes-sudoeste-acontece.jpg\",\"width\":1000,\"height\":750},{\"@type\":\"BreadcrumbList\",\"@id\":\"https:\/\/sudoesteacontece.com.br\/?p=10403#breadcrumb\",\"itemListElement\":[{\"@type\":\"ListItem\",\"position\":1,\"name\":\"In\u00edcio\",\"item\":\"https:\/\/sudoesteacontece.com.br\/\"},{\"@type\":\"ListItem\",\"position\":2,\"name\":\"Projeto de lei prop\u00f5e recomposi\u00e7\u00e3o salarial para servidores do SAAE de Maca\u00fabas e gera debate na cidade\"}]},{\"@type\":\"WebSite\",\"@id\":\"https:\/\/sudoesteacontece.com.br\/#website\",\"url\":\"https:\/\/sudoesteacontece.com.br\/\",\"name\":\"Sudoesteacontece\",\"description\":\"\",\"publisher\":{\"@id\":\"https:\/\/sudoesteacontece.com.br\/#organization\"},\"potentialAction\":[{\"@type\":\"SearchAction\",\"target\":{\"@type\":\"EntryPoint\",\"urlTemplate\":\"https:\/\/sudoesteacontece.com.br\/?s={search_term_string}\"},\"query-input\":{\"@type\":\"PropertyValueSpecification\",\"valueRequired\":true,\"valueName\":\"search_term_string\"}}],\"inLanguage\":\"pt-BR\"},{\"@type\":\"Organization\",\"@id\":\"https:\/\/sudoesteacontece.com.br\/#organization\",\"name\":\"Sudoesteacontece\",\"url\":\"https:\/\/sudoesteacontece.com.br\/\",\"logo\":{\"@type\":\"ImageObject\",\"inLanguage\":\"pt-BR\",\"@id\":\"https:\/\/sudoesteacontece.com.br\/#\/schema\/logo\/image\/\",\"url\":\"https:\/\/sudoesteacontece.com.br\/wp-content\/uploads\/2025\/12\/cropped-logo-2-180x180-1.png\",\"contentUrl\":\"https:\/\/sudoesteacontece.com.br\/wp-content\/uploads\/2025\/12\/cropped-logo-2-180x180-1.png\",\"width\":180,\"height\":180,\"caption\":\"Sudoesteacontece\"},\"image\":{\"@id\":\"https:\/\/sudoesteacontece.com.br\/#\/schema\/logo\/image\/\"},\"sameAs\":[\"https:\/\/www.facebook.com\/sudoesteacontece\/?locale=pt_BR\"]},{\"@type\":\"Person\",\"@id\":\"https:\/\/sudoesteacontece.com.br\/#\/schema\/person\/3cf2cf009926a9683ebc29d5379fa79c\",\"name\":\"Washington Tiago\",\"image\":{\"@type\":\"ImageObject\",\"inLanguage\":\"pt-BR\",\"@id\":\"https:\/\/sudoesteacontece.com.br\/#\/schema\/person\/image\/\",\"url\":\"https:\/\/secure.gravatar.com\/avatar\/33c43b8668157e040f9d1fe93c354bf087cbd8ba36270c1163198bd3ddcf2a56?s=96&d=mm&r=g\",\"contentUrl\":\"https:\/\/secure.gravatar.com\/avatar\/33c43b8668157e040f9d1fe93c354bf087cbd8ba36270c1163198bd3ddcf2a56?s=96&d=mm&r=g\",\"caption\":\"Washington Tiago\"},\"url\":\"https:\/\/sudoesteacontece.com.br\/?author=2\"}]}<\/script>\n<!-- \/ Yoast SEO plugin. -->","yoast_head_json":{"title":"Projeto de lei prop\u00f5e recomposi\u00e7\u00e3o salarial para servidores do SAAE de Maca\u00fabas e gera debate na cidade - Sudoesteacontece","robots":{"index":"index","follow":"follow","max-snippet":"max-snippet:-1","max-image-preview":"max-image-preview:large","max-video-preview":"max-video-preview:-1"},"canonical":"https:\/\/sudoesteacontece.com.br\/?p=10403","og_locale":"pt_BR","og_type":"article","og_title":"Projeto de lei prop\u00f5e recomposi\u00e7\u00e3o salarial para servidores do SAAE de Maca\u00fabas e gera debate na cidade - Sudoesteacontece","og_description":"Projeto de lei encaminhado \u00e0 C\u00e2mara Municipal de Maca\u00fabas pelo prefeito Alo\u00edsio Miguel Rebonato prop\u00f5e recomposi\u00e7\u00e3o salarial para servidores do SAAE de Maca\u00fabas. A proposta, enviada no dia 3 de mar\u00e7o de 2026, busca atualizar os sal\u00e1rios com base na infla\u00e7\u00e3o acumulada dos \u00faltimos anos. Texto do projeto prev\u00ea recomposi\u00e7\u00e3o de 9,41% para os servidores, corre\u00e7\u00e3o referente ao per\u00edodo de maio de 2023 a abril de 2025 e aplica\u00e7\u00e3o baseada nos \u00edndices de infla\u00e7\u00e3o medidos pelo INPC\/IBGE. Al\u00e9m disso, cria uma data-base anual em maio para futuras revis\u00f5es salariais, sem representar aumento real, apenas preservando o poder de compra dos trabalhadores. Segundo o Executivo, despesas decorrentes da recomposi\u00e7\u00e3o salarial ser\u00e3o custeadas com recursos pr\u00f3prios do or\u00e7amento do SAAE. A justificativa refor\u00e7a que a medida segue o artigo 37 da Constitui\u00e7\u00e3o Federal e visa manter os trabalhadores valorizados enquanto garantem servi\u00e7os essenciais \u00e0 popula\u00e7\u00e3o. Dirigente sindical Noel Santos afirmou \u00e0 R\u00e1dio Maca\u00fabas FM que a recomposi\u00e7\u00e3o salarial \u00e9 uma reivindica\u00e7\u00e3o antiga, pois os servidores est\u00e3o h\u00e1 cerca de tr\u00eas anos sem reajuste. Ele destacou que o objetivo \u00e9 preservar o poder de compra diante do aumento de despesas b\u00e1sicas, como alimenta\u00e7\u00e3o e transporte. Categoria chegou a aprovar paralisa\u00e7\u00e3o para o dia 9 de mar\u00e7o, pressionando pela recomposi\u00e7\u00e3o salarial. A mobiliza\u00e7\u00e3o, por\u00e9m, foi suspensa ap\u00f3s o projeto ser encaminhado \u00e0 C\u00e2mara, priorizando o di\u00e1logo e evitando impactos no abastecimento de \u00e1gua, considerado servi\u00e7o essencial \u00e0 popula\u00e7\u00e3o. SAAE \u00e9 respons\u00e1vel pelo abastecimento de \u00e1gua e servi\u00e7os de saneamento em Maca\u00fabas. Executivo refor\u00e7a que valorizar os servidores da autarquia \u00e9 fundamental para garantir continuidade, efici\u00eancia e qualidade nos servi\u00e7os prestados diariamente \u00e0 popula\u00e7\u00e3o local. Agora, o Projeto de Lei n\u00ba 248\/2026 ser\u00e1 analisado e votado pelos vereadores da C\u00e2mara Municipal. Caso aprovado, a recomposi\u00e7\u00e3o salarial passar\u00e1 a valer no m\u00eas seguinte \u00e0 publica\u00e7\u00e3o da lei, mantendo a aten\u00e7\u00e3o de trabalhadores, sindicato e moradores sobre os impactos no or\u00e7amento e no servi\u00e7o essencial da cidade.","og_url":"https:\/\/sudoesteacontece.com.br\/?p=10403","og_site_name":"Sudoesteacontece","article_publisher":"https:\/\/www.facebook.com\/sudoesteacontece\/?locale=pt_BR","article_published_time":"2026-03-14T16:04:07+00:00","article_modified_time":"2026-03-14T16:04:11+00:00","og_image":[{"url":"http:\/\/sudoesteacontece.com.br\/wp-content\/uploads\/2025\/10\/Macaubas-recebe-4a-Copa-Ery-Thai-com-luta-internacional-e-promessa-de-grandes-emocoes-sudoeste-acontece.jpg","type":"","width":"","height":""}],"author":"Washington Tiago","twitter_card":"summary_large_image","twitter_misc":{"Escrito por":"Washington Tiago","Est. tempo de leitura":"3 minutos"},"schema":{"@context":"https:\/\/schema.org","@graph":[{"@type":"Article","@id":"https:\/\/sudoesteacontece.com.br\/?p=10403#article","isPartOf":{"@id":"https:\/\/sudoesteacontece.com.br\/?p=10403"},"author":{"name":"Washington Tiago","@id":"https:\/\/sudoesteacontece.com.br\/#\/schema\/person\/3cf2cf009926a9683ebc29d5379fa79c"},"headline":"Projeto de lei prop\u00f5e recomposi\u00e7\u00e3o salarial para servidores do SAAE de Maca\u00fabas e gera debate na cidade","datePublished":"2026-03-14T16:04:07+00:00","dateModified":"2026-03-14T16:04:11+00:00","mainEntityOfPage":{"@id":"https:\/\/sudoesteacontece.com.br\/?p=10403"},"wordCount":378,"commentCount":0,"publisher":{"@id":"https:\/\/sudoesteacontece.com.br\/#organization"},"image":{"@id":"https:\/\/sudoesteacontece.com.br\/?p=10403#primaryimage"},"thumbnailUrl":"http:\/\/sudoesteacontece.com.br\/wp-content\/uploads\/2025\/10\/Macaubas-recebe-4a-Copa-Ery-Thai-com-luta-internacional-e-promessa-de-grandes-emocoes-sudoeste-acontece.jpg","articleSection":["Cidades","Maca\u00fabas","Pol\u00edtica"],"inLanguage":"pt-BR","potentialAction":[{"@type":"CommentAction","name":"Comment","target":["https:\/\/sudoesteacontece.com.br\/?p=10403#respond"]}]},{"@type":"WebPage","@id":"https:\/\/sudoesteacontece.com.br\/?p=10403","url":"https:\/\/sudoesteacontece.com.br\/?p=10403","name":"Projeto de lei prop\u00f5e recomposi\u00e7\u00e3o salarial para servidores do SAAE de Maca\u00fabas e gera debate na cidade - Sudoesteacontece","isPartOf":{"@id":"https:\/\/sudoesteacontece.com.br\/#website"},"primaryImageOfPage":{"@id":"https:\/\/sudoesteacontece.com.br\/?p=10403#primaryimage"},"image":{"@id":"https:\/\/sudoesteacontece.com.br\/?p=10403#primaryimage"},"thumbnailUrl":"http:\/\/sudoesteacontece.com.br\/wp-content\/uploads\/2025\/10\/Macaubas-recebe-4a-Copa-Ery-Thai-com-luta-internacional-e-promessa-de-grandes-emocoes-sudoeste-acontece.jpg","datePublished":"2026-03-14T16:04:07+00:00","dateModified":"2026-03-14T16:04:11+00:00","breadcrumb":{"@id":"https:\/\/sudoesteacontece.com.br\/?p=10403#breadcrumb"},"inLanguage":"pt-BR","potentialAction":[{"@type":"ReadAction","target":["https:\/\/sudoesteacontece.com.br\/?p=10403"]}]},{"@type":"ImageObject","inLanguage":"pt-BR","@id":"https:\/\/sudoesteacontece.com.br\/?p=10403#primaryimage","url":"https:\/\/sudoesteacontece.com.br\/wp-content\/uploads\/2025\/10\/Macaubas-recebe-4a-Copa-Ery-Thai-com-luta-internacional-e-promessa-de-grandes-emocoes-sudoeste-acontece.jpg","contentUrl":"https:\/\/sudoesteacontece.com.br\/wp-content\/uploads\/2025\/10\/Macaubas-recebe-4a-Copa-Ery-Thai-com-luta-internacional-e-promessa-de-grandes-emocoes-sudoeste-acontece.jpg","width":1000,"height":750},{"@type":"BreadcrumbList","@id":"https:\/\/sudoesteacontece.com.br\/?p=10403#breadcrumb","itemListElement":[{"@type":"ListItem","position":1,"name":"In\u00edcio","item":"https:\/\/sudoesteacontece.com.br\/"},{"@type":"ListItem","position":2,"name":"Projeto de lei prop\u00f5e recomposi\u00e7\u00e3o salarial para servidores do SAAE de Maca\u00fabas e gera debate na cidade"}]},{"@type":"WebSite","@id":"https:\/\/sudoesteacontece.com.br\/#website","url":"https:\/\/sudoesteacontece.com.br\/","name":"Sudoesteacontece","description":"","publisher":{"@id":"https:\/\/sudoesteacontece.com.br\/#organization"},"potentialAction":[{"@type":"SearchAction","target":{"@type":"EntryPoint","urlTemplate":"https:\/\/sudoesteacontece.com.br\/?s={search_term_string}"},"query-input":{"@type":"PropertyValueSpecification","valueRequired":true,"valueName":"search_term_string"}}],"inLanguage":"pt-BR"},{"@type":"Organization","@id":"https:\/\/sudoesteacontece.com.br\/#organization","name":"Sudoesteacontece","url":"https:\/\/sudoesteacontece.com.br\/","logo":{"@type":"ImageObject","inLanguage":"pt-BR","@id":"https:\/\/sudoesteacontece.com.br\/#\/schema\/logo\/image\/","url":"https:\/\/sudoesteacontece.com.br\/wp-content\/uploads\/2025\/12\/cropped-logo-2-180x180-1.png","contentUrl":"https:\/\/sudoesteacontece.com.br\/wp-content\/uploads\/2025\/12\/cropped-logo-2-180x180-1.png","width":180,"height":180,"caption":"Sudoesteacontece"},"image":{"@id":"https:\/\/sudoesteacontece.com.br\/#\/schema\/logo\/image\/"},"sameAs":["https:\/\/www.facebook.com\/sudoesteacontece\/?locale=pt_BR"]},{"@type":"Person","@id":"https:\/\/sudoesteacontece.com.br\/#\/schema\/person\/3cf2cf009926a9683ebc29d5379fa79c","name":"Washington Tiago","image":{"@type":"ImageObject","inLanguage":"pt-BR","@id":"https:\/\/sudoesteacontece.com.br\/#\/schema\/person\/image\/","url":"https:\/\/secure.gravatar.com\/avatar\/33c43b8668157e040f9d1fe93c354bf087cbd8ba36270c1163198bd3ddcf2a56?s=96&d=mm&r=g","contentUrl":"https:\/\/secure.gravatar.com\/avatar\/33c43b8668157e040f9d1fe93c354bf087cbd8ba36270c1163198bd3ddcf2a56?s=96&d=mm&r=g","caption":"Washington Tiago"},"url":"https:\/\/sudoesteacontece.com.br\/?author=2"}]}},"_links":{"self":[{"href":"https:\/\/sudoesteacontece.com.br\/index.php?rest_route=\/wp\/v2\/posts\/10403","targetHints":{"allow":["GET"]}}],"collection":[{"href":"https:\/\/sudoesteacontece.com.br\/index.php?rest_route=\/wp\/v2\/posts"}],"about":[{"href":"https:\/\/sudoesteacontece.com.br\/index.php?rest_route=\/wp\/v2\/types\/post"}],"author":[{"embeddable":true,"href":"https:\/\/sudoesteacontece.com.br\/index.php?rest_route=\/wp\/v2\/users\/2"}],"replies":[{"embeddable":true,"href":"https:\/\/sudoesteacontece.com.br\/index.php?rest_route=%2Fwp%2Fv2%2Fcomments&post=10403"}],"version-history":[{"count":0,"href":"https:\/\/sudoesteacontece.com.br\/index.php?rest_route=\/wp\/v2\/posts\/10403\/revisions"}],"wp:attachment":[{"href":"https:\/\/sudoesteacontece.com.br\/index.php?rest_route=%2Fwp%2Fv2%2Fmedia&parent=10403"}],"wp:term":[{"taxonomy":"category","embeddable":true,"href":"https:\/\/sudoesteacontece.com.br\/index.php?rest_route=%2Fwp%2Fv2%2Fcategories&post=10403"},{"taxonomy":"post_tag","embeddable":true,"href":"https:\/\/sudoesteacontece.com.br\/index.php?rest_route=%2Fwp%2Fv2%2Ftags&post=10403"}],"curies":[{"name":"wp","href":"https:\/\/api.w.org\/{rel}","templated":true}]}}