{"id":10409,"date":"2026-03-14T13:10:53","date_gmt":"2026-03-14T16:10:53","guid":{"rendered":"https:\/\/sudoesteacontece.com.br\/?p=10409"},"modified":"2026-03-14T13:10:57","modified_gmt":"2026-03-14T16:10:57","slug":"daniel-vorcaro-tem-surto-na-penitenciaria-da-papuda-e-precisa-de-atendimento-medico","status":"publish","type":"post","link":"https:\/\/sudoesteacontece.com.br\/?p=10409","title":{"rendered":"Daniel Vorcaro tem surto na Penitenci\u00e1ria da Papuda e precisa de atendimento m\u00e9dico"},"content":{"rendered":"<div class=\"wp-block-image\">\n<figure class=\"aligncenter size-full\"><img fetchpriority=\"high\" decoding=\"async\" width=\"900\" height=\"600\" src=\"http:\/\/sudoesteacontece.com.br\/wp-content\/uploads\/2026\/03\/Daniel-Vorcaro-tem-surto-na-Penitenciaria-da-Papuda-e-precisa-de-atendimento-medico.jpg\" alt=\"\" class=\"wp-image-10436\" srcset=\"https:\/\/sudoesteacontece.com.br\/wp-content\/uploads\/2026\/03\/Daniel-Vorcaro-tem-surto-na-Penitenciaria-da-Papuda-e-precisa-de-atendimento-medico.jpg 900w, https:\/\/sudoesteacontece.com.br\/wp-content\/uploads\/2026\/03\/Daniel-Vorcaro-tem-surto-na-Penitenciaria-da-Papuda-e-precisa-de-atendimento-medico-300x200.jpg 300w, https:\/\/sudoesteacontece.com.br\/wp-content\/uploads\/2026\/03\/Daniel-Vorcaro-tem-surto-na-Penitenciaria-da-Papuda-e-precisa-de-atendimento-medico-768x512.jpg 768w\" sizes=\"(max-width: 900px) 100vw, 900px\" \/><\/figure>\n<\/div>\n\n\n<p>Momento de tens\u00e3o marcou a deten\u00e7\u00e3o do banqueiro Daniel Vorcaro nesta sexta-feira (13), na Penitenci\u00e1ria da Papuda. Segundo a coluna Radar, da revista Veja, Vorcaro teve um surto, esmurrando as paredes da cela e precisando de atendimento m\u00e9dico imediato.<\/p>\n\n\n\n<p>Epis\u00f3dio ocorreu no mesmo dia em que a Segunda Turma do Supremo Tribunal Federal manteve a decis\u00e3o do ministro Andr\u00e9 Mendon\u00e7a que determinou a pris\u00e3o do banqueiro. Interlocutores da defesa relataram que, durante o surto, Vorcaro teria gritado nomes de pol\u00edticos e autoridades com quem manteve rela\u00e7\u00f5es financeiras.<\/p>\n\n\n\n<p>Vorcaro foi preso no in\u00edcio de mar\u00e7o e, nesta semana, foi transferido da cela de isolamento para a ala de sa\u00fade da penitenci\u00e1ria. A cela, com cerca de sete a oito metros quadrados, possui monitoramento por c\u00e2meras 24 horas, exceto na \u00e1rea do banheiro, garantindo supervis\u00e3o constante do detento.<\/p>\n\n\n\n<p>Espa\u00e7o destinado \u00e0 sa\u00fade conta com vidro que separa os profissionais do detento, permitindo acompanhamento permanente. Medida visa garantir seguran\u00e7a e controle m\u00e9dico diante de poss\u00edveis epis\u00f3dios de instabilidade emocional, como o surto registrado.<\/p>\n\n\n\n<p>Autoridades seguem monitorando o estado de sa\u00fade de Vorcaro, garantindo atendimento cont\u00ednuo e registro do epis\u00f3dio para fins legais e administrativos dentro da penitenci\u00e1ria. O caso segue sob observa\u00e7\u00e3o, sem previs\u00e3o de altera\u00e7\u00f5es no regime de deten\u00e7\u00e3o.<\/p>\n","protected":false},"excerpt":{"rendered":"<p>Momento de tens\u00e3o marcou a deten\u00e7\u00e3o do banqueiro Daniel Vorcaro nesta sexta-feira (13), na Penitenci\u00e1ria da Papuda. Segundo a coluna Radar, da revista Veja, Vorcaro teve um surto, esmurrando as paredes da cela e precisando de atendimento m\u00e9dico imediato. Epis\u00f3dio ocorreu no mesmo dia em que a Segunda Turma do Supremo Tribunal Federal manteve a decis\u00e3o do ministro Andr\u00e9 Mendon\u00e7a que determinou a pris\u00e3o do banqueiro. Interlocutores da defesa relataram que, durante o surto, Vorcaro teria gritado nomes de pol\u00edticos e autoridades com quem manteve rela\u00e7\u00f5es financeiras. Vorcaro foi preso no in\u00edcio de mar\u00e7o e, nesta semana, foi transferido da cela de isolamento para a ala de sa\u00fade da penitenci\u00e1ria. A cela, com cerca de sete a oito metros quadrados, possui monitoramento por c\u00e2meras 24 horas, exceto na \u00e1rea do banheiro, garantindo supervis\u00e3o constante do detento. Espa\u00e7o destinado \u00e0 sa\u00fade conta com vidro que separa os profissionais do detento, permitindo acompanhamento permanente. Medida visa garantir seguran\u00e7a e controle m\u00e9dico diante de poss\u00edveis epis\u00f3dios de instabilidade emocional, como o surto registrado. Autoridades seguem monitorando o estado de sa\u00fade de Vorcaro, garantindo atendimento cont\u00ednuo e registro do epis\u00f3dio para fins legais e administrativos dentro da penitenci\u00e1ria. O caso segue sob observa\u00e7\u00e3o, sem previs\u00e3o de altera\u00e7\u00f5es no regime de deten\u00e7\u00e3o.<\/p>\n","protected":false},"author":2,"featured_media":0,"comment_status":"open","ping_status":"open","sticky":false,"template":"","format":"standard","meta":{"footnotes":""},"categories":[53,13,3,6],"tags":[],"class_list":["post-10409","post","type-post","status-publish","format-standard","hentry","category-brasil","category-justica","category-policia","category-politica"],"yoast_head":"<!-- This site is optimized with the Yoast SEO plugin v26.5 - https:\/\/yoast.com\/wordpress\/plugins\/seo\/ -->\n<title>Daniel Vorcaro tem surto na Penitenci\u00e1ria da Papuda e precisa de atendimento m\u00e9dico - Sudoesteacontece<\/title>\n<meta name=\"robots\" content=\"index, follow, max-snippet:-1, max-image-preview:large, max-video-preview:-1\" \/>\n<link rel=\"canonical\" href=\"https:\/\/sudoesteacontece.com.br\/?p=10409\" \/>\n<meta property=\"og:locale\" content=\"pt_BR\" \/>\n<meta property=\"og:type\" content=\"article\" \/>\n<meta property=\"og:title\" content=\"Daniel Vorcaro tem surto na Penitenci\u00e1ria da Papuda e precisa de atendimento m\u00e9dico - Sudoesteacontece\" \/>\n<meta property=\"og:description\" content=\"Momento de tens\u00e3o marcou a deten\u00e7\u00e3o do banqueiro Daniel Vorcaro nesta sexta-feira (13), na Penitenci\u00e1ria da Papuda. Segundo a coluna Radar, da revista Veja, Vorcaro teve um surto, esmurrando as paredes da cela e precisando de atendimento m\u00e9dico imediato. Epis\u00f3dio ocorreu no mesmo dia em que a Segunda Turma do Supremo Tribunal Federal manteve a decis\u00e3o do ministro Andr\u00e9 Mendon\u00e7a que determinou a pris\u00e3o do banqueiro. Interlocutores da defesa relataram que, durante o surto, Vorcaro teria gritado nomes de pol\u00edticos e autoridades com quem manteve rela\u00e7\u00f5es financeiras. Vorcaro foi preso no in\u00edcio de mar\u00e7o e, nesta semana, foi transferido da cela de isolamento para a ala de sa\u00fade da penitenci\u00e1ria. A cela, com cerca de sete a oito metros quadrados, possui monitoramento por c\u00e2meras 24 horas, exceto na \u00e1rea do banheiro, garantindo supervis\u00e3o constante do detento. Espa\u00e7o destinado \u00e0 sa\u00fade conta com vidro que separa os profissionais do detento, permitindo acompanhamento permanente. Medida visa garantir seguran\u00e7a e controle m\u00e9dico diante de poss\u00edveis epis\u00f3dios de instabilidade emocional, como o surto registrado. Autoridades seguem monitorando o estado de sa\u00fade de Vorcaro, garantindo atendimento cont\u00ednuo e registro do epis\u00f3dio para fins legais e administrativos dentro da penitenci\u00e1ria. O caso segue sob observa\u00e7\u00e3o, sem previs\u00e3o de altera\u00e7\u00f5es no regime de deten\u00e7\u00e3o.\" \/>\n<meta property=\"og:url\" content=\"https:\/\/sudoesteacontece.com.br\/?p=10409\" \/>\n<meta property=\"og:site_name\" content=\"Sudoesteacontece\" \/>\n<meta property=\"article:publisher\" content=\"https:\/\/www.facebook.com\/sudoesteacontece\/?locale=pt_BR\" \/>\n<meta property=\"article:published_time\" content=\"2026-03-14T16:10:53+00:00\" \/>\n<meta property=\"article:modified_time\" content=\"2026-03-14T16:10:57+00:00\" \/>\n<meta property=\"og:image\" content=\"http:\/\/sudoesteacontece.com.br\/wp-content\/uploads\/2026\/03\/Daniel-Vorcaro-tem-surto-na-Penitenciaria-da-Papuda-e-precisa-de-atendimento-medico.jpg\" \/>\n<meta name=\"author\" content=\"Washington Tiago\" \/>\n<meta name=\"twitter:card\" content=\"summary_large_image\" \/>\n<meta name=\"twitter:label1\" content=\"Escrito por\" \/>\n\t<meta name=\"twitter:data1\" content=\"Washington Tiago\" \/>\n\t<meta name=\"twitter:label2\" content=\"Est. tempo de leitura\" \/>\n\t<meta name=\"twitter:data2\" content=\"2 minutos\" \/>\n<script type=\"application\/ld+json\" class=\"yoast-schema-graph\">{\"@context\":\"https:\/\/schema.org\",\"@graph\":[{\"@type\":\"Article\",\"@id\":\"https:\/\/sudoesteacontece.com.br\/?p=10409#article\",\"isPartOf\":{\"@id\":\"https:\/\/sudoesteacontece.com.br\/?p=10409\"},\"author\":{\"name\":\"Washington Tiago\",\"@id\":\"https:\/\/sudoesteacontece.com.br\/#\/schema\/person\/3cf2cf009926a9683ebc29d5379fa79c\"},\"headline\":\"Daniel Vorcaro tem surto na Penitenci\u00e1ria da Papuda e precisa de atendimento m\u00e9dico\",\"datePublished\":\"2026-03-14T16:10:53+00:00\",\"dateModified\":\"2026-03-14T16:10:57+00:00\",\"mainEntityOfPage\":{\"@id\":\"https:\/\/sudoesteacontece.com.br\/?p=10409\"},\"wordCount\":249,\"commentCount\":0,\"publisher\":{\"@id\":\"https:\/\/sudoesteacontece.com.br\/#organization\"},\"image\":{\"@id\":\"https:\/\/sudoesteacontece.com.br\/?p=10409#primaryimage\"},\"thumbnailUrl\":\"http:\/\/sudoesteacontece.com.br\/wp-content\/uploads\/2026\/03\/Daniel-Vorcaro-tem-surto-na-Penitenciaria-da-Papuda-e-precisa-de-atendimento-medico.jpg\",\"articleSection\":[\"Brasil\",\"Justi\u00e7a\",\"Pol\u00edcia\",\"Pol\u00edtica\"],\"inLanguage\":\"pt-BR\",\"potentialAction\":[{\"@type\":\"CommentAction\",\"name\":\"Comment\",\"target\":[\"https:\/\/sudoesteacontece.com.br\/?p=10409#respond\"]}]},{\"@type\":\"WebPage\",\"@id\":\"https:\/\/sudoesteacontece.com.br\/?p=10409\",\"url\":\"https:\/\/sudoesteacontece.com.br\/?p=10409\",\"name\":\"Daniel Vorcaro tem surto na Penitenci\u00e1ria da Papuda e precisa de atendimento m\u00e9dico - Sudoesteacontece\",\"isPartOf\":{\"@id\":\"https:\/\/sudoesteacontece.com.br\/#website\"},\"primaryImageOfPage\":{\"@id\":\"https:\/\/sudoesteacontece.com.br\/?p=10409#primaryimage\"},\"image\":{\"@id\":\"https:\/\/sudoesteacontece.com.br\/?p=10409#primaryimage\"},\"thumbnailUrl\":\"http:\/\/sudoesteacontece.com.br\/wp-content\/uploads\/2026\/03\/Daniel-Vorcaro-tem-surto-na-Penitenciaria-da-Papuda-e-precisa-de-atendimento-medico.jpg\",\"datePublished\":\"2026-03-14T16:10:53+00:00\",\"dateModified\":\"2026-03-14T16:10:57+00:00\",\"breadcrumb\":{\"@id\":\"https:\/\/sudoesteacontece.com.br\/?p=10409#breadcrumb\"},\"inLanguage\":\"pt-BR\",\"potentialAction\":[{\"@type\":\"ReadAction\",\"target\":[\"https:\/\/sudoesteacontece.com.br\/?p=10409\"]}]},{\"@type\":\"ImageObject\",\"inLanguage\":\"pt-BR\",\"@id\":\"https:\/\/sudoesteacontece.com.br\/?p=10409#primaryimage\",\"url\":\"https:\/\/sudoesteacontece.com.br\/wp-content\/uploads\/2026\/03\/Daniel-Vorcaro-tem-surto-na-Penitenciaria-da-Papuda-e-precisa-de-atendimento-medico.jpg\",\"contentUrl\":\"https:\/\/sudoesteacontece.com.br\/wp-content\/uploads\/2026\/03\/Daniel-Vorcaro-tem-surto-na-Penitenciaria-da-Papuda-e-precisa-de-atendimento-medico.jpg\",\"width\":900,\"height\":600},{\"@type\":\"BreadcrumbList\",\"@id\":\"https:\/\/sudoesteacontece.com.br\/?p=10409#breadcrumb\",\"itemListElement\":[{\"@type\":\"ListItem\",\"position\":1,\"name\":\"In\u00edcio\",\"item\":\"https:\/\/sudoesteacontece.com.br\/\"},{\"@type\":\"ListItem\",\"position\":2,\"name\":\"Daniel Vorcaro tem surto na Penitenci\u00e1ria da Papuda e precisa de atendimento m\u00e9dico\"}]},{\"@type\":\"WebSite\",\"@id\":\"https:\/\/sudoesteacontece.com.br\/#website\",\"url\":\"https:\/\/sudoesteacontece.com.br\/\",\"name\":\"Sudoesteacontece\",\"description\":\"\",\"publisher\":{\"@id\":\"https:\/\/sudoesteacontece.com.br\/#organization\"},\"potentialAction\":[{\"@type\":\"SearchAction\",\"target\":{\"@type\":\"EntryPoint\",\"urlTemplate\":\"https:\/\/sudoesteacontece.com.br\/?s={search_term_string}\"},\"query-input\":{\"@type\":\"PropertyValueSpecification\",\"valueRequired\":true,\"valueName\":\"search_term_string\"}}],\"inLanguage\":\"pt-BR\"},{\"@type\":\"Organization\",\"@id\":\"https:\/\/sudoesteacontece.com.br\/#organization\",\"name\":\"Sudoesteacontece\",\"url\":\"https:\/\/sudoesteacontece.com.br\/\",\"logo\":{\"@type\":\"ImageObject\",\"inLanguage\":\"pt-BR\",\"@id\":\"https:\/\/sudoesteacontece.com.br\/#\/schema\/logo\/image\/\",\"url\":\"https:\/\/sudoesteacontece.com.br\/wp-content\/uploads\/2025\/12\/cropped-logo-2-180x180-1.png\",\"contentUrl\":\"https:\/\/sudoesteacontece.com.br\/wp-content\/uploads\/2025\/12\/cropped-logo-2-180x180-1.png\",\"width\":180,\"height\":180,\"caption\":\"Sudoesteacontece\"},\"image\":{\"@id\":\"https:\/\/sudoesteacontece.com.br\/#\/schema\/logo\/image\/\"},\"sameAs\":[\"https:\/\/www.facebook.com\/sudoesteacontece\/?locale=pt_BR\"]},{\"@type\":\"Person\",\"@id\":\"https:\/\/sudoesteacontece.com.br\/#\/schema\/person\/3cf2cf009926a9683ebc29d5379fa79c\",\"name\":\"Washington Tiago\",\"image\":{\"@type\":\"ImageObject\",\"inLanguage\":\"pt-BR\",\"@id\":\"https:\/\/sudoesteacontece.com.br\/#\/schema\/person\/image\/\",\"url\":\"https:\/\/secure.gravatar.com\/avatar\/33c43b8668157e040f9d1fe93c354bf087cbd8ba36270c1163198bd3ddcf2a56?s=96&d=mm&r=g\",\"contentUrl\":\"https:\/\/secure.gravatar.com\/avatar\/33c43b8668157e040f9d1fe93c354bf087cbd8ba36270c1163198bd3ddcf2a56?s=96&d=mm&r=g\",\"caption\":\"Washington Tiago\"},\"url\":\"https:\/\/sudoesteacontece.com.br\/?author=2\"}]}<\/script>\n<!-- \/ Yoast SEO plugin. -->","yoast_head_json":{"title":"Daniel Vorcaro tem surto na Penitenci\u00e1ria da Papuda e precisa de atendimento m\u00e9dico - Sudoesteacontece","robots":{"index":"index","follow":"follow","max-snippet":"max-snippet:-1","max-image-preview":"max-image-preview:large","max-video-preview":"max-video-preview:-1"},"canonical":"https:\/\/sudoesteacontece.com.br\/?p=10409","og_locale":"pt_BR","og_type":"article","og_title":"Daniel Vorcaro tem surto na Penitenci\u00e1ria da Papuda e precisa de atendimento m\u00e9dico - Sudoesteacontece","og_description":"Momento de tens\u00e3o marcou a deten\u00e7\u00e3o do banqueiro Daniel Vorcaro nesta sexta-feira (13), na Penitenci\u00e1ria da Papuda. Segundo a coluna Radar, da revista Veja, Vorcaro teve um surto, esmurrando as paredes da cela e precisando de atendimento m\u00e9dico imediato. Epis\u00f3dio ocorreu no mesmo dia em que a Segunda Turma do Supremo Tribunal Federal manteve a decis\u00e3o do ministro Andr\u00e9 Mendon\u00e7a que determinou a pris\u00e3o do banqueiro. Interlocutores da defesa relataram que, durante o surto, Vorcaro teria gritado nomes de pol\u00edticos e autoridades com quem manteve rela\u00e7\u00f5es financeiras. Vorcaro foi preso no in\u00edcio de mar\u00e7o e, nesta semana, foi transferido da cela de isolamento para a ala de sa\u00fade da penitenci\u00e1ria. A cela, com cerca de sete a oito metros quadrados, possui monitoramento por c\u00e2meras 24 horas, exceto na \u00e1rea do banheiro, garantindo supervis\u00e3o constante do detento. Espa\u00e7o destinado \u00e0 sa\u00fade conta com vidro que separa os profissionais do detento, permitindo acompanhamento permanente. Medida visa garantir seguran\u00e7a e controle m\u00e9dico diante de poss\u00edveis epis\u00f3dios de instabilidade emocional, como o surto registrado. Autoridades seguem monitorando o estado de sa\u00fade de Vorcaro, garantindo atendimento cont\u00ednuo e registro do epis\u00f3dio para fins legais e administrativos dentro da penitenci\u00e1ria. O caso segue sob observa\u00e7\u00e3o, sem previs\u00e3o de altera\u00e7\u00f5es no regime de deten\u00e7\u00e3o.","og_url":"https:\/\/sudoesteacontece.com.br\/?p=10409","og_site_name":"Sudoesteacontece","article_publisher":"https:\/\/www.facebook.com\/sudoesteacontece\/?locale=pt_BR","article_published_time":"2026-03-14T16:10:53+00:00","article_modified_time":"2026-03-14T16:10:57+00:00","og_image":[{"url":"http:\/\/sudoesteacontece.com.br\/wp-content\/uploads\/2026\/03\/Daniel-Vorcaro-tem-surto-na-Penitenciaria-da-Papuda-e-precisa-de-atendimento-medico.jpg","type":"","width":"","height":""}],"author":"Washington Tiago","twitter_card":"summary_large_image","twitter_misc":{"Escrito por":"Washington Tiago","Est. tempo de leitura":"2 minutos"},"schema":{"@context":"https:\/\/schema.org","@graph":[{"@type":"Article","@id":"https:\/\/sudoesteacontece.com.br\/?p=10409#article","isPartOf":{"@id":"https:\/\/sudoesteacontece.com.br\/?p=10409"},"author":{"name":"Washington Tiago","@id":"https:\/\/sudoesteacontece.com.br\/#\/schema\/person\/3cf2cf009926a9683ebc29d5379fa79c"},"headline":"Daniel Vorcaro tem surto na Penitenci\u00e1ria da Papuda e precisa de atendimento m\u00e9dico","datePublished":"2026-03-14T16:10:53+00:00","dateModified":"2026-03-14T16:10:57+00:00","mainEntityOfPage":{"@id":"https:\/\/sudoesteacontece.com.br\/?p=10409"},"wordCount":249,"commentCount":0,"publisher":{"@id":"https:\/\/sudoesteacontece.com.br\/#organization"},"image":{"@id":"https:\/\/sudoesteacontece.com.br\/?p=10409#primaryimage"},"thumbnailUrl":"http:\/\/sudoesteacontece.com.br\/wp-content\/uploads\/2026\/03\/Daniel-Vorcaro-tem-surto-na-Penitenciaria-da-Papuda-e-precisa-de-atendimento-medico.jpg","articleSection":["Brasil","Justi\u00e7a","Pol\u00edcia","Pol\u00edtica"],"inLanguage":"pt-BR","potentialAction":[{"@type":"CommentAction","name":"Comment","target":["https:\/\/sudoesteacontece.com.br\/?p=10409#respond"]}]},{"@type":"WebPage","@id":"https:\/\/sudoesteacontece.com.br\/?p=10409","url":"https:\/\/sudoesteacontece.com.br\/?p=10409","name":"Daniel Vorcaro tem surto na Penitenci\u00e1ria da Papuda e precisa de atendimento m\u00e9dico - Sudoesteacontece","isPartOf":{"@id":"https:\/\/sudoesteacontece.com.br\/#website"},"primaryImageOfPage":{"@id":"https:\/\/sudoesteacontece.com.br\/?p=10409#primaryimage"},"image":{"@id":"https:\/\/sudoesteacontece.com.br\/?p=10409#primaryimage"},"thumbnailUrl":"http:\/\/sudoesteacontece.com.br\/wp-content\/uploads\/2026\/03\/Daniel-Vorcaro-tem-surto-na-Penitenciaria-da-Papuda-e-precisa-de-atendimento-medico.jpg","datePublished":"2026-03-14T16:10:53+00:00","dateModified":"2026-03-14T16:10:57+00:00","breadcrumb":{"@id":"https:\/\/sudoesteacontece.com.br\/?p=10409#breadcrumb"},"inLanguage":"pt-BR","potentialAction":[{"@type":"ReadAction","target":["https:\/\/sudoesteacontece.com.br\/?p=10409"]}]},{"@type":"ImageObject","inLanguage":"pt-BR","@id":"https:\/\/sudoesteacontece.com.br\/?p=10409#primaryimage","url":"https:\/\/sudoesteacontece.com.br\/wp-content\/uploads\/2026\/03\/Daniel-Vorcaro-tem-surto-na-Penitenciaria-da-Papuda-e-precisa-de-atendimento-medico.jpg","contentUrl":"https:\/\/sudoesteacontece.com.br\/wp-content\/uploads\/2026\/03\/Daniel-Vorcaro-tem-surto-na-Penitenciaria-da-Papuda-e-precisa-de-atendimento-medico.jpg","width":900,"height":600},{"@type":"BreadcrumbList","@id":"https:\/\/sudoesteacontece.com.br\/?p=10409#breadcrumb","itemListElement":[{"@type":"ListItem","position":1,"name":"In\u00edcio","item":"https:\/\/sudoesteacontece.com.br\/"},{"@type":"ListItem","position":2,"name":"Daniel Vorcaro tem surto na Penitenci\u00e1ria da Papuda e precisa de atendimento m\u00e9dico"}]},{"@type":"WebSite","@id":"https:\/\/sudoesteacontece.com.br\/#website","url":"https:\/\/sudoesteacontece.com.br\/","name":"Sudoesteacontece","description":"","publisher":{"@id":"https:\/\/sudoesteacontece.com.br\/#organization"},"potentialAction":[{"@type":"SearchAction","target":{"@type":"EntryPoint","urlTemplate":"https:\/\/sudoesteacontece.com.br\/?s={search_term_string}"},"query-input":{"@type":"PropertyValueSpecification","valueRequired":true,"valueName":"search_term_string"}}],"inLanguage":"pt-BR"},{"@type":"Organization","@id":"https:\/\/sudoesteacontece.com.br\/#organization","name":"Sudoesteacontece","url":"https:\/\/sudoesteacontece.com.br\/","logo":{"@type":"ImageObject","inLanguage":"pt-BR","@id":"https:\/\/sudoesteacontece.com.br\/#\/schema\/logo\/image\/","url":"https:\/\/sudoesteacontece.com.br\/wp-content\/uploads\/2025\/12\/cropped-logo-2-180x180-1.png","contentUrl":"https:\/\/sudoesteacontece.com.br\/wp-content\/uploads\/2025\/12\/cropped-logo-2-180x180-1.png","width":180,"height":180,"caption":"Sudoesteacontece"},"image":{"@id":"https:\/\/sudoesteacontece.com.br\/#\/schema\/logo\/image\/"},"sameAs":["https:\/\/www.facebook.com\/sudoesteacontece\/?locale=pt_BR"]},{"@type":"Person","@id":"https:\/\/sudoesteacontece.com.br\/#\/schema\/person\/3cf2cf009926a9683ebc29d5379fa79c","name":"Washington Tiago","image":{"@type":"ImageObject","inLanguage":"pt-BR","@id":"https:\/\/sudoesteacontece.com.br\/#\/schema\/person\/image\/","url":"https:\/\/secure.gravatar.com\/avatar\/33c43b8668157e040f9d1fe93c354bf087cbd8ba36270c1163198bd3ddcf2a56?s=96&d=mm&r=g","contentUrl":"https:\/\/secure.gravatar.com\/avatar\/33c43b8668157e040f9d1fe93c354bf087cbd8ba36270c1163198bd3ddcf2a56?s=96&d=mm&r=g","caption":"Washington Tiago"},"url":"https:\/\/sudoesteacontece.com.br\/?author=2"}]}},"_links":{"self":[{"href":"https:\/\/sudoesteacontece.com.br\/index.php?rest_route=\/wp\/v2\/posts\/10409","targetHints":{"allow":["GET"]}}],"collection":[{"href":"https:\/\/sudoesteacontece.com.br\/index.php?rest_route=\/wp\/v2\/posts"}],"about":[{"href":"https:\/\/sudoesteacontece.com.br\/index.php?rest_route=\/wp\/v2\/types\/post"}],"author":[{"embeddable":true,"href":"https:\/\/sudoesteacontece.com.br\/index.php?rest_route=\/wp\/v2\/users\/2"}],"replies":[{"embeddable":true,"href":"https:\/\/sudoesteacontece.com.br\/index.php?rest_route=%2Fwp%2Fv2%2Fcomments&post=10409"}],"version-history":[{"count":0,"href":"https:\/\/sudoesteacontece.com.br\/index.php?rest_route=\/wp\/v2\/posts\/10409\/revisions"}],"wp:attachment":[{"href":"https:\/\/sudoesteacontece.com.br\/index.php?rest_route=%2Fwp%2Fv2%2Fmedia&parent=10409"}],"wp:term":[{"taxonomy":"category","embeddable":true,"href":"https:\/\/sudoesteacontece.com.br\/index.php?rest_route=%2Fwp%2Fv2%2Fcategories&post=10409"},{"taxonomy":"post_tag","embeddable":true,"href":"https:\/\/sudoesteacontece.com.br\/index.php?rest_route=%2Fwp%2Fv2%2Ftags&post=10409"}],"curies":[{"name":"wp","href":"https:\/\/api.w.org\/{rel}","templated":true}]}}