{"id":10410,"date":"2026-03-14T13:28:55","date_gmt":"2026-03-14T16:28:55","guid":{"rendered":"https:\/\/sudoesteacontece.com.br\/?p=10410"},"modified":"2026-03-14T13:30:12","modified_gmt":"2026-03-14T16:30:12","slug":"carro-perde-controle-sobe-calcada-e-bate-em-poste-na-avenida-em-vitoria-da-conquista","status":"publish","type":"post","link":"https:\/\/sudoesteacontece.com.br\/?p=10410","title":{"rendered":"Carro perde controle, sobe cal\u00e7ada e bate em poste na Avenida em Vit\u00f3ria da Conquista"},"content":{"rendered":"<div class=\"wp-block-image\">\n<figure class=\"aligncenter size-full\"><img fetchpriority=\"high\" decoding=\"async\" width=\"900\" height=\"600\" src=\"http:\/\/sudoesteacontece.com.br\/wp-content\/uploads\/2026\/03\/Carro-perde-controle-sobe-calcada-e-bate-em-poste-na-Avenida-em-Vitoria-da-Conquista.jpg\" alt=\"\" class=\"wp-image-10444\" srcset=\"https:\/\/sudoesteacontece.com.br\/wp-content\/uploads\/2026\/03\/Carro-perde-controle-sobe-calcada-e-bate-em-poste-na-Avenida-em-Vitoria-da-Conquista.jpg 900w, https:\/\/sudoesteacontece.com.br\/wp-content\/uploads\/2026\/03\/Carro-perde-controle-sobe-calcada-e-bate-em-poste-na-Avenida-em-Vitoria-da-Conquista-300x200.jpg 300w, https:\/\/sudoesteacontece.com.br\/wp-content\/uploads\/2026\/03\/Carro-perde-controle-sobe-calcada-e-bate-em-poste-na-Avenida-em-Vitoria-da-Conquista-768x512.jpg 768w\" sizes=\"(max-width: 900px) 100vw, 900px\" \/><\/figure>\n<\/div>\n\n\n<p>Motorista perdeu o controle da dire\u00e7\u00e3o e colidiu contra um poste na tarde deste s\u00e1bado (12), na Avenida Siqueira Campos, em Vit\u00f3ria da Conquista, no sudoeste da Bahia. O impacto chamou a aten\u00e7\u00e3o de quem passava pela regi\u00e3o e deixou a estrutura de energia inclinada, aumentando o risco de novos acidentes no local.<\/p>\n\n\n\n<p>Acidente aconteceu em um trecho bastante movimentado da avenida, conhecida pelo intenso fluxo de ve\u00edculos ao longo do dia. Ap\u00f3s perder o controle do carro, o ve\u00edculo subiu no passeio e atingiu diretamente o poste, provocando danos na estrutura e assustando pedestres e motoristas que estavam nas proximidades.<\/p>\n\n\n\n<p>Impacto foi forte o suficiente para deixar o poste torto, sustentado praticamente apenas pela fia\u00e7\u00e3o el\u00e9trica. A cena gerou preocupa\u00e7\u00e3o entre moradores e comerciantes da regi\u00e3o, j\u00e1 que a queda da estrutura poderia provocar transtornos ainda maiores, incluindo interrup\u00e7\u00e3o no fornecimento de energia.<\/p>\n\n\n\n<p>Equipes da concession\u00e1ria de energia foram acionadas para avaliar a situa\u00e7\u00e3o e realizar os reparos necess\u00e1rios na rede el\u00e9trica. T\u00e9cnicos trabalharam para estabilizar o poste e garantir a seguran\u00e7a do local, evitando riscos para quem circulava pela avenida.<\/p>\n\n\n\n<p>Apesar do susto e dos danos causados pela colis\u00e3o, n\u00e3o houve registro de feridos at\u00e9 o momento. Circunst\u00e2ncias que levaram o motorista a perder o controle do ve\u00edculo ainda n\u00e3o foram detalhadas, e o caso deve ser acompanhado pelas autoridades de tr\u00e2nsito da cidade.<\/p>\n\n\n\n<p>Situa\u00e7\u00f5es como essa reacendem o alerta sobre a import\u00e2ncia da aten\u00e7\u00e3o redobrada ao volante, especialmente em vias movimentadas como a Siqueira Campos, onde qualquer descuido pode resultar em acidentes e colocar em risco a vida de motoristas, pedestres e moradores da regi\u00e3o.<\/p>\n","protected":false},"excerpt":{"rendered":"<p>Motorista perdeu o controle da dire\u00e7\u00e3o e colidiu contra um poste na tarde deste s\u00e1bado (12), na Avenida Siqueira Campos, em Vit\u00f3ria da Conquista, no sudoeste da Bahia. O impacto chamou a aten\u00e7\u00e3o de quem passava pela regi\u00e3o e deixou a estrutura de energia inclinada, aumentando o risco de novos acidentes no local. Acidente aconteceu em um trecho bastante movimentado da avenida, conhecida pelo intenso fluxo de ve\u00edculos ao longo do dia. Ap\u00f3s perder o controle do carro, o ve\u00edculo subiu no passeio e atingiu diretamente o poste, provocando danos na estrutura e assustando pedestres e motoristas que estavam nas proximidades. Impacto foi forte o suficiente para deixar o poste torto, sustentado praticamente apenas pela fia\u00e7\u00e3o el\u00e9trica. A cena gerou preocupa\u00e7\u00e3o entre moradores e comerciantes da regi\u00e3o, j\u00e1 que a queda da estrutura poderia provocar transtornos ainda maiores, incluindo interrup\u00e7\u00e3o no fornecimento de energia. Equipes da concession\u00e1ria de energia foram acionadas para avaliar a situa\u00e7\u00e3o e realizar os reparos necess\u00e1rios na rede el\u00e9trica. T\u00e9cnicos trabalharam para estabilizar o poste e garantir a seguran\u00e7a do local, evitando riscos para quem circulava pela avenida. Apesar do susto e dos danos causados pela colis\u00e3o, n\u00e3o houve registro de feridos at\u00e9 o momento. Circunst\u00e2ncias que levaram o motorista a perder o controle do ve\u00edculo ainda n\u00e3o foram detalhadas, e o caso deve ser acompanhado pelas autoridades de tr\u00e2nsito da cidade. Situa\u00e7\u00f5es como essa reacendem o alerta sobre a import\u00e2ncia da aten\u00e7\u00e3o redobrada ao volante, especialmente em vias movimentadas como a Siqueira Campos, onde qualquer descuido pode resultar em acidentes e colocar em risco a vida de motoristas, pedestres e moradores da regi\u00e3o.<\/p>\n","protected":false},"author":2,"featured_media":10444,"comment_status":"open","ping_status":"open","sticky":false,"template":"","format":"standard","meta":{"footnotes":""},"categories":[5,4],"tags":[],"class_list":["post-10410","post","type-post","status-publish","format-standard","has-post-thumbnail","hentry","category-acidente","category-cidades"],"yoast_head":"<!-- This site is optimized with the Yoast SEO plugin v26.5 - https:\/\/yoast.com\/wordpress\/plugins\/seo\/ -->\n<title>Carro perde controle, sobe cal\u00e7ada e bate em poste na Avenida em Vit\u00f3ria da Conquista - Sudoesteacontece<\/title>\n<meta name=\"robots\" content=\"index, follow, max-snippet:-1, max-image-preview:large, max-video-preview:-1\" \/>\n<link rel=\"canonical\" href=\"http:\/\/sudoesteacontece.com.br\/?p=10410\" \/>\n<meta property=\"og:locale\" content=\"pt_BR\" \/>\n<meta property=\"og:type\" content=\"article\" \/>\n<meta property=\"og:title\" content=\"Carro perde controle, sobe cal\u00e7ada e bate em poste na Avenida em Vit\u00f3ria da Conquista - Sudoesteacontece\" \/>\n<meta property=\"og:description\" content=\"Motorista perdeu o controle da dire\u00e7\u00e3o e colidiu contra um poste na tarde deste s\u00e1bado (12), na Avenida Siqueira Campos, em Vit\u00f3ria da Conquista, no sudoeste da Bahia. O impacto chamou a aten\u00e7\u00e3o de quem passava pela regi\u00e3o e deixou a estrutura de energia inclinada, aumentando o risco de novos acidentes no local. Acidente aconteceu em um trecho bastante movimentado da avenida, conhecida pelo intenso fluxo de ve\u00edculos ao longo do dia. Ap\u00f3s perder o controle do carro, o ve\u00edculo subiu no passeio e atingiu diretamente o poste, provocando danos na estrutura e assustando pedestres e motoristas que estavam nas proximidades. Impacto foi forte o suficiente para deixar o poste torto, sustentado praticamente apenas pela fia\u00e7\u00e3o el\u00e9trica. A cena gerou preocupa\u00e7\u00e3o entre moradores e comerciantes da regi\u00e3o, j\u00e1 que a queda da estrutura poderia provocar transtornos ainda maiores, incluindo interrup\u00e7\u00e3o no fornecimento de energia. Equipes da concession\u00e1ria de energia foram acionadas para avaliar a situa\u00e7\u00e3o e realizar os reparos necess\u00e1rios na rede el\u00e9trica. T\u00e9cnicos trabalharam para estabilizar o poste e garantir a seguran\u00e7a do local, evitando riscos para quem circulava pela avenida. Apesar do susto e dos danos causados pela colis\u00e3o, n\u00e3o houve registro de feridos at\u00e9 o momento. Circunst\u00e2ncias que levaram o motorista a perder o controle do ve\u00edculo ainda n\u00e3o foram detalhadas, e o caso deve ser acompanhado pelas autoridades de tr\u00e2nsito da cidade. Situa\u00e7\u00f5es como essa reacendem o alerta sobre a import\u00e2ncia da aten\u00e7\u00e3o redobrada ao volante, especialmente em vias movimentadas como a Siqueira Campos, onde qualquer descuido pode resultar em acidentes e colocar em risco a vida de motoristas, pedestres e moradores da regi\u00e3o.\" \/>\n<meta property=\"og:url\" content=\"http:\/\/sudoesteacontece.com.br\/?p=10410\" \/>\n<meta property=\"og:site_name\" content=\"Sudoesteacontece\" \/>\n<meta property=\"article:publisher\" content=\"https:\/\/www.facebook.com\/sudoesteacontece\/?locale=pt_BR\" \/>\n<meta property=\"article:published_time\" content=\"2026-03-14T16:28:55+00:00\" \/>\n<meta property=\"article:modified_time\" content=\"2026-03-14T16:30:12+00:00\" \/>\n<meta property=\"og:image\" content=\"http:\/\/sudoesteacontece.com.br\/wp-content\/uploads\/2026\/03\/Carro-perde-controle-sobe-calcada-e-bate-em-poste-na-Avenida-em-Vitoria-da-Conquista.jpg\" \/>\n\t<meta property=\"og:image:width\" content=\"900\" \/>\n\t<meta property=\"og:image:height\" content=\"600\" \/>\n\t<meta property=\"og:image:type\" content=\"image\/jpeg\" \/>\n<meta name=\"author\" content=\"Washington Tiago\" \/>\n<meta name=\"twitter:card\" content=\"summary_large_image\" \/>\n<meta name=\"twitter:label1\" content=\"Escrito por\" \/>\n\t<meta name=\"twitter:data1\" content=\"Washington Tiago\" \/>\n\t<meta name=\"twitter:label2\" content=\"Est. tempo de leitura\" \/>\n\t<meta name=\"twitter:data2\" content=\"2 minutos\" \/>\n<script type=\"application\/ld+json\" class=\"yoast-schema-graph\">{\"@context\":\"https:\/\/schema.org\",\"@graph\":[{\"@type\":\"Article\",\"@id\":\"http:\/\/sudoesteacontece.com.br\/?p=10410#article\",\"isPartOf\":{\"@id\":\"http:\/\/sudoesteacontece.com.br\/?p=10410\"},\"author\":{\"name\":\"Washington Tiago\",\"@id\":\"https:\/\/sudoesteacontece.com.br\/#\/schema\/person\/3cf2cf009926a9683ebc29d5379fa79c\"},\"headline\":\"Carro perde controle, sobe cal\u00e7ada e bate em poste na Avenida em Vit\u00f3ria da Conquista\",\"datePublished\":\"2026-03-14T16:28:55+00:00\",\"dateModified\":\"2026-03-14T16:30:12+00:00\",\"mainEntityOfPage\":{\"@id\":\"http:\/\/sudoesteacontece.com.br\/?p=10410\"},\"wordCount\":313,\"commentCount\":0,\"publisher\":{\"@id\":\"https:\/\/sudoesteacontece.com.br\/#organization\"},\"image\":{\"@id\":\"http:\/\/sudoesteacontece.com.br\/?p=10410#primaryimage\"},\"thumbnailUrl\":\"https:\/\/sudoesteacontece.com.br\/wp-content\/uploads\/2026\/03\/Carro-perde-controle-sobe-calcada-e-bate-em-poste-na-Avenida-em-Vitoria-da-Conquista.jpg\",\"articleSection\":[\"Acidente\",\"Cidades\"],\"inLanguage\":\"pt-BR\",\"potentialAction\":[{\"@type\":\"CommentAction\",\"name\":\"Comment\",\"target\":[\"http:\/\/sudoesteacontece.com.br\/?p=10410#respond\"]}]},{\"@type\":\"WebPage\",\"@id\":\"http:\/\/sudoesteacontece.com.br\/?p=10410\",\"url\":\"http:\/\/sudoesteacontece.com.br\/?p=10410\",\"name\":\"Carro perde controle, sobe cal\u00e7ada e bate em poste na Avenida em Vit\u00f3ria da Conquista - Sudoesteacontece\",\"isPartOf\":{\"@id\":\"https:\/\/sudoesteacontece.com.br\/#website\"},\"primaryImageOfPage\":{\"@id\":\"http:\/\/sudoesteacontece.com.br\/?p=10410#primaryimage\"},\"image\":{\"@id\":\"http:\/\/sudoesteacontece.com.br\/?p=10410#primaryimage\"},\"thumbnailUrl\":\"https:\/\/sudoesteacontece.com.br\/wp-content\/uploads\/2026\/03\/Carro-perde-controle-sobe-calcada-e-bate-em-poste-na-Avenida-em-Vitoria-da-Conquista.jpg\",\"datePublished\":\"2026-03-14T16:28:55+00:00\",\"dateModified\":\"2026-03-14T16:30:12+00:00\",\"breadcrumb\":{\"@id\":\"http:\/\/sudoesteacontece.com.br\/?p=10410#breadcrumb\"},\"inLanguage\":\"pt-BR\",\"potentialAction\":[{\"@type\":\"ReadAction\",\"target\":[\"http:\/\/sudoesteacontece.com.br\/?p=10410\"]}]},{\"@type\":\"ImageObject\",\"inLanguage\":\"pt-BR\",\"@id\":\"http:\/\/sudoesteacontece.com.br\/?p=10410#primaryimage\",\"url\":\"https:\/\/sudoesteacontece.com.br\/wp-content\/uploads\/2026\/03\/Carro-perde-controle-sobe-calcada-e-bate-em-poste-na-Avenida-em-Vitoria-da-Conquista.jpg\",\"contentUrl\":\"https:\/\/sudoesteacontece.com.br\/wp-content\/uploads\/2026\/03\/Carro-perde-controle-sobe-calcada-e-bate-em-poste-na-Avenida-em-Vitoria-da-Conquista.jpg\",\"width\":900,\"height\":600},{\"@type\":\"BreadcrumbList\",\"@id\":\"http:\/\/sudoesteacontece.com.br\/?p=10410#breadcrumb\",\"itemListElement\":[{\"@type\":\"ListItem\",\"position\":1,\"name\":\"In\u00edcio\",\"item\":\"https:\/\/sudoesteacontece.com.br\/\"},{\"@type\":\"ListItem\",\"position\":2,\"name\":\"Carro perde controle, sobe cal\u00e7ada e bate em poste na Avenida em Vit\u00f3ria da Conquista\"}]},{\"@type\":\"WebSite\",\"@id\":\"https:\/\/sudoesteacontece.com.br\/#website\",\"url\":\"https:\/\/sudoesteacontece.com.br\/\",\"name\":\"Sudoesteacontece\",\"description\":\"\",\"publisher\":{\"@id\":\"https:\/\/sudoesteacontece.com.br\/#organization\"},\"potentialAction\":[{\"@type\":\"SearchAction\",\"target\":{\"@type\":\"EntryPoint\",\"urlTemplate\":\"https:\/\/sudoesteacontece.com.br\/?s={search_term_string}\"},\"query-input\":{\"@type\":\"PropertyValueSpecification\",\"valueRequired\":true,\"valueName\":\"search_term_string\"}}],\"inLanguage\":\"pt-BR\"},{\"@type\":\"Organization\",\"@id\":\"https:\/\/sudoesteacontece.com.br\/#organization\",\"name\":\"Sudoesteacontece\",\"url\":\"https:\/\/sudoesteacontece.com.br\/\",\"logo\":{\"@type\":\"ImageObject\",\"inLanguage\":\"pt-BR\",\"@id\":\"https:\/\/sudoesteacontece.com.br\/#\/schema\/logo\/image\/\",\"url\":\"https:\/\/sudoesteacontece.com.br\/wp-content\/uploads\/2025\/12\/cropped-logo-2-180x180-1.png\",\"contentUrl\":\"https:\/\/sudoesteacontece.com.br\/wp-content\/uploads\/2025\/12\/cropped-logo-2-180x180-1.png\",\"width\":180,\"height\":180,\"caption\":\"Sudoesteacontece\"},\"image\":{\"@id\":\"https:\/\/sudoesteacontece.com.br\/#\/schema\/logo\/image\/\"},\"sameAs\":[\"https:\/\/www.facebook.com\/sudoesteacontece\/?locale=pt_BR\"]},{\"@type\":\"Person\",\"@id\":\"https:\/\/sudoesteacontece.com.br\/#\/schema\/person\/3cf2cf009926a9683ebc29d5379fa79c\",\"name\":\"Washington Tiago\",\"image\":{\"@type\":\"ImageObject\",\"inLanguage\":\"pt-BR\",\"@id\":\"https:\/\/sudoesteacontece.com.br\/#\/schema\/person\/image\/\",\"url\":\"https:\/\/secure.gravatar.com\/avatar\/33c43b8668157e040f9d1fe93c354bf087cbd8ba36270c1163198bd3ddcf2a56?s=96&d=mm&r=g\",\"contentUrl\":\"https:\/\/secure.gravatar.com\/avatar\/33c43b8668157e040f9d1fe93c354bf087cbd8ba36270c1163198bd3ddcf2a56?s=96&d=mm&r=g\",\"caption\":\"Washington Tiago\"},\"url\":\"https:\/\/sudoesteacontece.com.br\/?author=2\"}]}<\/script>\n<!-- \/ Yoast SEO plugin. -->","yoast_head_json":{"title":"Carro perde controle, sobe cal\u00e7ada e bate em poste na Avenida em Vit\u00f3ria da Conquista - Sudoesteacontece","robots":{"index":"index","follow":"follow","max-snippet":"max-snippet:-1","max-image-preview":"max-image-preview:large","max-video-preview":"max-video-preview:-1"},"canonical":"http:\/\/sudoesteacontece.com.br\/?p=10410","og_locale":"pt_BR","og_type":"article","og_title":"Carro perde controle, sobe cal\u00e7ada e bate em poste na Avenida em Vit\u00f3ria da Conquista - Sudoesteacontece","og_description":"Motorista perdeu o controle da dire\u00e7\u00e3o e colidiu contra um poste na tarde deste s\u00e1bado (12), na Avenida Siqueira Campos, em Vit\u00f3ria da Conquista, no sudoeste da Bahia. O impacto chamou a aten\u00e7\u00e3o de quem passava pela regi\u00e3o e deixou a estrutura de energia inclinada, aumentando o risco de novos acidentes no local. Acidente aconteceu em um trecho bastante movimentado da avenida, conhecida pelo intenso fluxo de ve\u00edculos ao longo do dia. Ap\u00f3s perder o controle do carro, o ve\u00edculo subiu no passeio e atingiu diretamente o poste, provocando danos na estrutura e assustando pedestres e motoristas que estavam nas proximidades. Impacto foi forte o suficiente para deixar o poste torto, sustentado praticamente apenas pela fia\u00e7\u00e3o el\u00e9trica. A cena gerou preocupa\u00e7\u00e3o entre moradores e comerciantes da regi\u00e3o, j\u00e1 que a queda da estrutura poderia provocar transtornos ainda maiores, incluindo interrup\u00e7\u00e3o no fornecimento de energia. Equipes da concession\u00e1ria de energia foram acionadas para avaliar a situa\u00e7\u00e3o e realizar os reparos necess\u00e1rios na rede el\u00e9trica. T\u00e9cnicos trabalharam para estabilizar o poste e garantir a seguran\u00e7a do local, evitando riscos para quem circulava pela avenida. Apesar do susto e dos danos causados pela colis\u00e3o, n\u00e3o houve registro de feridos at\u00e9 o momento. Circunst\u00e2ncias que levaram o motorista a perder o controle do ve\u00edculo ainda n\u00e3o foram detalhadas, e o caso deve ser acompanhado pelas autoridades de tr\u00e2nsito da cidade. Situa\u00e7\u00f5es como essa reacendem o alerta sobre a import\u00e2ncia da aten\u00e7\u00e3o redobrada ao volante, especialmente em vias movimentadas como a Siqueira Campos, onde qualquer descuido pode resultar em acidentes e colocar em risco a vida de motoristas, pedestres e moradores da regi\u00e3o.","og_url":"http:\/\/sudoesteacontece.com.br\/?p=10410","og_site_name":"Sudoesteacontece","article_publisher":"https:\/\/www.facebook.com\/sudoesteacontece\/?locale=pt_BR","article_published_time":"2026-03-14T16:28:55+00:00","article_modified_time":"2026-03-14T16:30:12+00:00","og_image":[{"width":900,"height":600,"url":"http:\/\/sudoesteacontece.com.br\/wp-content\/uploads\/2026\/03\/Carro-perde-controle-sobe-calcada-e-bate-em-poste-na-Avenida-em-Vitoria-da-Conquista.jpg","type":"image\/jpeg"}],"author":"Washington Tiago","twitter_card":"summary_large_image","twitter_misc":{"Escrito por":"Washington Tiago","Est. tempo de leitura":"2 minutos"},"schema":{"@context":"https:\/\/schema.org","@graph":[{"@type":"Article","@id":"http:\/\/sudoesteacontece.com.br\/?p=10410#article","isPartOf":{"@id":"http:\/\/sudoesteacontece.com.br\/?p=10410"},"author":{"name":"Washington Tiago","@id":"https:\/\/sudoesteacontece.com.br\/#\/schema\/person\/3cf2cf009926a9683ebc29d5379fa79c"},"headline":"Carro perde controle, sobe cal\u00e7ada e bate em poste na Avenida em Vit\u00f3ria da Conquista","datePublished":"2026-03-14T16:28:55+00:00","dateModified":"2026-03-14T16:30:12+00:00","mainEntityOfPage":{"@id":"http:\/\/sudoesteacontece.com.br\/?p=10410"},"wordCount":313,"commentCount":0,"publisher":{"@id":"https:\/\/sudoesteacontece.com.br\/#organization"},"image":{"@id":"http:\/\/sudoesteacontece.com.br\/?p=10410#primaryimage"},"thumbnailUrl":"https:\/\/sudoesteacontece.com.br\/wp-content\/uploads\/2026\/03\/Carro-perde-controle-sobe-calcada-e-bate-em-poste-na-Avenida-em-Vitoria-da-Conquista.jpg","articleSection":["Acidente","Cidades"],"inLanguage":"pt-BR","potentialAction":[{"@type":"CommentAction","name":"Comment","target":["http:\/\/sudoesteacontece.com.br\/?p=10410#respond"]}]},{"@type":"WebPage","@id":"http:\/\/sudoesteacontece.com.br\/?p=10410","url":"http:\/\/sudoesteacontece.com.br\/?p=10410","name":"Carro perde controle, sobe cal\u00e7ada e bate em poste na Avenida em Vit\u00f3ria da Conquista - Sudoesteacontece","isPartOf":{"@id":"https:\/\/sudoesteacontece.com.br\/#website"},"primaryImageOfPage":{"@id":"http:\/\/sudoesteacontece.com.br\/?p=10410#primaryimage"},"image":{"@id":"http:\/\/sudoesteacontece.com.br\/?p=10410#primaryimage"},"thumbnailUrl":"https:\/\/sudoesteacontece.com.br\/wp-content\/uploads\/2026\/03\/Carro-perde-controle-sobe-calcada-e-bate-em-poste-na-Avenida-em-Vitoria-da-Conquista.jpg","datePublished":"2026-03-14T16:28:55+00:00","dateModified":"2026-03-14T16:30:12+00:00","breadcrumb":{"@id":"http:\/\/sudoesteacontece.com.br\/?p=10410#breadcrumb"},"inLanguage":"pt-BR","potentialAction":[{"@type":"ReadAction","target":["http:\/\/sudoesteacontece.com.br\/?p=10410"]}]},{"@type":"ImageObject","inLanguage":"pt-BR","@id":"http:\/\/sudoesteacontece.com.br\/?p=10410#primaryimage","url":"https:\/\/sudoesteacontece.com.br\/wp-content\/uploads\/2026\/03\/Carro-perde-controle-sobe-calcada-e-bate-em-poste-na-Avenida-em-Vitoria-da-Conquista.jpg","contentUrl":"https:\/\/sudoesteacontece.com.br\/wp-content\/uploads\/2026\/03\/Carro-perde-controle-sobe-calcada-e-bate-em-poste-na-Avenida-em-Vitoria-da-Conquista.jpg","width":900,"height":600},{"@type":"BreadcrumbList","@id":"http:\/\/sudoesteacontece.com.br\/?p=10410#breadcrumb","itemListElement":[{"@type":"ListItem","position":1,"name":"In\u00edcio","item":"https:\/\/sudoesteacontece.com.br\/"},{"@type":"ListItem","position":2,"name":"Carro perde controle, sobe cal\u00e7ada e bate em poste na Avenida em Vit\u00f3ria da Conquista"}]},{"@type":"WebSite","@id":"https:\/\/sudoesteacontece.com.br\/#website","url":"https:\/\/sudoesteacontece.com.br\/","name":"Sudoesteacontece","description":"","publisher":{"@id":"https:\/\/sudoesteacontece.com.br\/#organization"},"potentialAction":[{"@type":"SearchAction","target":{"@type":"EntryPoint","urlTemplate":"https:\/\/sudoesteacontece.com.br\/?s={search_term_string}"},"query-input":{"@type":"PropertyValueSpecification","valueRequired":true,"valueName":"search_term_string"}}],"inLanguage":"pt-BR"},{"@type":"Organization","@id":"https:\/\/sudoesteacontece.com.br\/#organization","name":"Sudoesteacontece","url":"https:\/\/sudoesteacontece.com.br\/","logo":{"@type":"ImageObject","inLanguage":"pt-BR","@id":"https:\/\/sudoesteacontece.com.br\/#\/schema\/logo\/image\/","url":"https:\/\/sudoesteacontece.com.br\/wp-content\/uploads\/2025\/12\/cropped-logo-2-180x180-1.png","contentUrl":"https:\/\/sudoesteacontece.com.br\/wp-content\/uploads\/2025\/12\/cropped-logo-2-180x180-1.png","width":180,"height":180,"caption":"Sudoesteacontece"},"image":{"@id":"https:\/\/sudoesteacontece.com.br\/#\/schema\/logo\/image\/"},"sameAs":["https:\/\/www.facebook.com\/sudoesteacontece\/?locale=pt_BR"]},{"@type":"Person","@id":"https:\/\/sudoesteacontece.com.br\/#\/schema\/person\/3cf2cf009926a9683ebc29d5379fa79c","name":"Washington Tiago","image":{"@type":"ImageObject","inLanguage":"pt-BR","@id":"https:\/\/sudoesteacontece.com.br\/#\/schema\/person\/image\/","url":"https:\/\/secure.gravatar.com\/avatar\/33c43b8668157e040f9d1fe93c354bf087cbd8ba36270c1163198bd3ddcf2a56?s=96&d=mm&r=g","contentUrl":"https:\/\/secure.gravatar.com\/avatar\/33c43b8668157e040f9d1fe93c354bf087cbd8ba36270c1163198bd3ddcf2a56?s=96&d=mm&r=g","caption":"Washington Tiago"},"url":"https:\/\/sudoesteacontece.com.br\/?author=2"}]}},"_links":{"self":[{"href":"https:\/\/sudoesteacontece.com.br\/index.php?rest_route=\/wp\/v2\/posts\/10410","targetHints":{"allow":["GET"]}}],"collection":[{"href":"https:\/\/sudoesteacontece.com.br\/index.php?rest_route=\/wp\/v2\/posts"}],"about":[{"href":"https:\/\/sudoesteacontece.com.br\/index.php?rest_route=\/wp\/v2\/types\/post"}],"author":[{"embeddable":true,"href":"https:\/\/sudoesteacontece.com.br\/index.php?rest_route=\/wp\/v2\/users\/2"}],"replies":[{"embeddable":true,"href":"https:\/\/sudoesteacontece.com.br\/index.php?rest_route=%2Fwp%2Fv2%2Fcomments&post=10410"}],"version-history":[{"count":0,"href":"https:\/\/sudoesteacontece.com.br\/index.php?rest_route=\/wp\/v2\/posts\/10410\/revisions"}],"wp:featuredmedia":[{"embeddable":true,"href":"https:\/\/sudoesteacontece.com.br\/index.php?rest_route=\/wp\/v2\/media\/10444"}],"wp:attachment":[{"href":"https:\/\/sudoesteacontece.com.br\/index.php?rest_route=%2Fwp%2Fv2%2Fmedia&parent=10410"}],"wp:term":[{"taxonomy":"category","embeddable":true,"href":"https:\/\/sudoesteacontece.com.br\/index.php?rest_route=%2Fwp%2Fv2%2Fcategories&post=10410"},{"taxonomy":"post_tag","embeddable":true,"href":"https:\/\/sudoesteacontece.com.br\/index.php?rest_route=%2Fwp%2Fv2%2Ftags&post=10410"}],"curies":[{"name":"wp","href":"https:\/\/api.w.org\/{rel}","templated":true}]}}